{"id":166347,"date":"2026-01-09T10:20:43","date_gmt":"2026-01-09T09:20:43","guid":{"rendered":"https:\/\/www.bellunopress.it\/?p=166347"},"modified":"2026-01-09T10:20:43","modified_gmt":"2026-01-09T09:20:43","slug":"lega-attacco-da-destra-sforzini-dal-castello-di-castellar-ponzano-zaia-rappresenta-una-lega-addomesticata-il-futuro-e-vannacci","status":"publish","type":"post","link":"https:\/\/www.bellunopress.it\/fr\/2026\/01\/09\/lega-attacco-da-destra-sforzini-dal-castello-di-castellar-ponzano-zaia-rappresenta-una-lega-addomesticata-il-futuro-e-vannacci\/","title":{"rendered":"Lega, attacco da destra. Sforzini dal Castello di Castellar Ponzano: &#8220;Zaia rappresenta una Lega addomesticata. Il futuro \u00e8 Vannacci&#8221;"},"content":{"rendered":"<figure id=\"attachment_165487\" aria-describedby=\"caption-attachment-165487\" style=\"width: 800px\" class=\"wp-caption aligncenter\"><img loading=\"lazy\" decoding=\"async\" class=\"size-full wp-image-165487\" src=\"https:\/\/www.bellunopress.it\/wp-content\/uploads\/2025\/12\/Castello-Sforzini-Tortona.jpg\" alt=\"\" width=\"800\" height=\"600\" srcset=\"https:\/\/www.bellunopress.it\/wp-content\/uploads\/2025\/12\/Castello-Sforzini-Tortona.jpg 800w, https:\/\/www.bellunopress.it\/wp-content\/uploads\/2025\/12\/Castello-Sforzini-Tortona-500x375.jpg 500w, https:\/\/www.bellunopress.it\/wp-content\/uploads\/2025\/12\/Castello-Sforzini-Tortona-560x420.jpg 560w, https:\/\/www.bellunopress.it\/wp-content\/uploads\/2025\/12\/Castello-Sforzini-Tortona-80x60.jpg 80w, https:\/\/www.bellunopress.it\/wp-content\/uploads\/2025\/12\/Castello-Sforzini-Tortona-696x522.jpg 696w\" sizes=\"auto, (max-width: 800px) 100vw, 800px\" \/><figcaption id=\"caption-attachment-165487\" class=\"wp-caption-text\">Castello Sforzini &#8211; Tortona<\/figcaption><\/figure>\n<p>\u00abLuca Zaia propone una destra moderata, docile, addomesticata. Scodinzolante. Per questo non \u00e8 il futuro\u00bb, attacca Luca Sforzini dal suo Castello di Castellar Ponzano, sede del Centro Studi Rinascimento Nazionale, think tank de Il Mondo al Contrario.<br \/>\n\u00abHa invece ragione Roberto Vannacci: l\u2019Italia ha bisogno di una destra che ami la Nazione e la difenda\u00bb.<\/p>\n<figure id=\"attachment_165722\" aria-describedby=\"caption-attachment-165722\" style=\"width: 800px\" class=\"wp-caption aligncenter\"><img loading=\"lazy\" decoding=\"async\" class=\"size-full wp-image-165722\" src=\"https:\/\/www.bellunopress.it\/wp-content\/uploads\/2025\/12\/rinascimento-nazionaleRoberto-Vannacci-Luca-Sforzini.jpg\" alt=\"\" width=\"800\" height=\"791\" srcset=\"https:\/\/www.bellunopress.it\/wp-content\/uploads\/2025\/12\/rinascimento-nazionaleRoberto-Vannacci-Luca-Sforzini.jpg 800w, https:\/\/www.bellunopress.it\/wp-content\/uploads\/2025\/12\/rinascimento-nazionaleRoberto-Vannacci-Luca-Sforzini-500x494.jpg 500w, https:\/\/www.bellunopress.it\/wp-content\/uploads\/2025\/12\/rinascimento-nazionaleRoberto-Vannacci-Luca-Sforzini-425x420.jpg 425w, https:\/\/www.bellunopress.it\/wp-content\/uploads\/2025\/12\/rinascimento-nazionaleRoberto-Vannacci-Luca-Sforzini-696x688.jpg 696w\" sizes=\"auto, (max-width: 800px) 100vw, 800px\" \/><figcaption id=\"caption-attachment-165722\" class=\"wp-caption-text\">Roberto Vannacci e Luca Sforzini<\/figcaption><\/figure>\n<p>Secondo Sforzini, \u00absenza identit\u00e0 non esiste comunit\u00e0, senza sicurezza non esiste libert\u00e0, senza merito non esiste futuro\u00bb.<br \/>\n\u00abZaia evita i nodi veri: identit\u00e0, ordine sociale, sicurezza\u00bb.<br \/>\n\u00abVannacci li affronta senza paura\u00bb.<br \/>\n\u00abL\u2019Italia non deve moderarsi, deve ritrovarsi\u00bb.<\/p>\n<p>\u00abDa Roma al Rinascimento siamo stati grandi quando non abbiamo chiesto permesso\u00bb.<br \/>\n\u00abOggi serve una destra forte, indomita\u00bb.<br \/>\n\u00abIl futuro non \u00e8 l\u2019addomesticamento, n\u00e9 scodinzolare al centro\u00bb.<br \/>\n\u00abIl futuro \u00e8 difendere l\u2019Italia\u00bb.<\/p>","protected":false},"excerpt":{"rendered":"<p>\u00abLuca Zaia propone una destra moderata, docile, addomesticata. Scodinzolante. Per questo non \u00e8 il futuro\u00bb, attacca Luca Sforzini dal suo Castello di Castellar Ponzano, sede del Centro Studi Rinascimento Nazionale, think tank de Il Mondo al Contrario. \u00abHa invece ragione Roberto Vannacci: l\u2019Italia ha bisogno di una destra che ami la Nazione e la difenda\u00bb. [&hellip;]<\/p>\n","protected":false},"author":2,"featured_media":165487,"comment_status":"closed","ping_status":"open","sticky":false,"template":"","format":"standard","meta":{"footnotes":""},"categories":[5],"tags":[],"class_list":["post-166347","post","type-post","status-publish","format-standard","has-post-thumbnail","category-cronaca"],"yoast_head":"<!-- This site is optimized with the Yoast SEO plugin v28.4 - https:\/\/yoast.com\/product\/yoast-seo-wordpress\/ -->\n<title>Lega, attacco da destra. Sforzini dal Castello di Castellar Ponzano: &quot;Zaia rappresenta una Lega addomesticata. Il futuro \u00e8 Vannacci&quot; - Bellunopress - Dolomiti<\/title>\n<meta name=\"robots\" content=\"index, follow, max-snippet:-1, max-image-preview:large, max-video-preview:-1\" \/>\n<link rel=\"canonical\" href=\"https:\/\/www.bellunopress.it\/fr\/2026\/01\/09\/lega-attacco-da-destra-sforzini-dal-castello-di-castellar-ponzano-zaia-rappresenta-una-lega-addomesticata-il-futuro-e-vannacci\/\" \/>\n<meta property=\"og:locale\" content=\"fr_FR\" \/>\n<meta property=\"og:type\" content=\"article\" \/>\n<meta property=\"og:title\" content=\"Lega, attacco da destra. Sforzini dal Castello di Castellar Ponzano: &quot;Zaia rappresenta una Lega addomesticata. Il futuro \u00e8 Vannacci&quot; - Bellunopress - Dolomiti\" \/>\n<meta property=\"og:description\" content=\"\u00abLuca Zaia propone una destra moderata, docile, addomesticata. Scodinzolante. Per questo non \u00e8 il futuro\u00bb, attacca Luca Sforzini dal suo Castello di Castellar Ponzano, sede del Centro Studi Rinascimento Nazionale, think tank de Il Mondo al Contrario. \u00abHa invece ragione Roberto Vannacci: l\u2019Italia ha bisogno di una destra che ami la Nazione e la difenda\u00bb. [&hellip;]\" \/>\n<meta property=\"og:url\" content=\"https:\/\/www.bellunopress.it\/fr\/2026\/01\/09\/lega-attacco-da-destra-sforzini-dal-castello-di-castellar-ponzano-zaia-rappresenta-una-lega-addomesticata-il-futuro-e-vannacci\/\" \/>\n<meta property=\"og:site_name\" content=\"Bellunopress - Dolomiti\" \/>\n<meta property=\"article:publisher\" content=\"https:\/\/www.facebook.com\/profile.php?id=100008943462799\" \/>\n<meta property=\"article:published_time\" content=\"2026-01-09T09:20:43+00:00\" \/>\n<meta property=\"og:image\" content=\"https:\/\/www.bellunopress.it\/wp-content\/uploads\/2025\/12\/Castello-Sforzini-Tortona.jpg\" \/>\n\t<meta property=\"og:image:width\" content=\"800\" \/>\n\t<meta property=\"og:image:height\" content=\"600\" \/>\n\t<meta property=\"og:image:type\" content=\"image\/jpeg\" \/>\n<meta name=\"author\" content=\"redazione\" \/>\n<meta name=\"twitter:card\" content=\"summary_large_image\" \/>\n<meta name=\"twitter:creator\" content=\"@bellunopress\" \/>\n<meta name=\"twitter:site\" content=\"@bellunopress\" \/>\n<meta name=\"twitter:label1\" content=\"\u00c9crit par\" \/>\n\t<meta name=\"twitter:data1\" content=\"redazione\" \/>\n\t<meta name=\"twitter:label2\" content=\"Dur\u00e9e de lecture estim\u00e9e\" \/>\n\t<meta name=\"twitter:data2\" content=\"1 minute\" \/>\n<script type=\"application\/ld+json\" class=\"yoast-schema-graph\">{\"@context\":\"https:\\\/\\\/schema.org\",\"@graph\":[{\"@type\":\"Article\",\"@id\":\"https:\\\/\\\/www.bellunopress.it\\\/2026\\\/01\\\/09\\\/lega-attacco-da-destra-sforzini-dal-castello-di-castellar-ponzano-zaia-rappresenta-una-lega-addomesticata-il-futuro-e-vannacci\\\/#article\",\"isPartOf\":{\"@id\":\"https:\\\/\\\/www.bellunopress.it\\\/2026\\\/01\\\/09\\\/lega-attacco-da-destra-sforzini-dal-castello-di-castellar-ponzano-zaia-rappresenta-una-lega-addomesticata-il-futuro-e-vannacci\\\/\"},\"author\":{\"name\":\"redazione\",\"@id\":\"https:\\\/\\\/www.bellunopress.it\\\/#\\\/schema\\\/person\\\/79bb06722b37ece1c03d3e94beb30d73\"},\"headline\":\"Lega, attacco da destra. Sforzini dal Castello di Castellar Ponzano: &#8220;Zaia rappresenta una Lega addomesticata. Il futuro \u00e8 Vannacci&#8221;\",\"datePublished\":\"2026-01-09T09:20:43+00:00\",\"mainEntityOfPage\":{\"@id\":\"https:\\\/\\\/www.bellunopress.it\\\/2026\\\/01\\\/09\\\/lega-attacco-da-destra-sforzini-dal-castello-di-castellar-ponzano-zaia-rappresenta-una-lega-addomesticata-il-futuro-e-vannacci\\\/\"},\"wordCount\":166,\"publisher\":{\"@id\":\"https:\\\/\\\/www.bellunopress.it\\\/#organization\"},\"image\":{\"@id\":\"https:\\\/\\\/www.bellunopress.it\\\/2026\\\/01\\\/09\\\/lega-attacco-da-destra-sforzini-dal-castello-di-castellar-ponzano-zaia-rappresenta-una-lega-addomesticata-il-futuro-e-vannacci\\\/#primaryimage\"},\"thumbnailUrl\":\"https:\\\/\\\/www.bellunopress.it\\\/wp-content\\\/uploads\\\/2025\\\/12\\\/Castello-Sforzini-Tortona.jpg\",\"articleSection\":[\"Cronaca\\\/Politica\"],\"inLanguage\":\"fr-FR\"},{\"@type\":\"WebPage\",\"@id\":\"https:\\\/\\\/www.bellunopress.it\\\/2026\\\/01\\\/09\\\/lega-attacco-da-destra-sforzini-dal-castello-di-castellar-ponzano-zaia-rappresenta-una-lega-addomesticata-il-futuro-e-vannacci\\\/\",\"url\":\"https:\\\/\\\/www.bellunopress.it\\\/2026\\\/01\\\/09\\\/lega-attacco-da-destra-sforzini-dal-castello-di-castellar-ponzano-zaia-rappresenta-una-lega-addomesticata-il-futuro-e-vannacci\\\/\",\"name\":\"Lega, attacco da destra. Sforzini dal Castello di Castellar Ponzano: \\\"Zaia rappresenta una Lega addomesticata. Il futuro \u00e8 Vannacci\\\" - Bellunopress - Dolomiti\",\"isPartOf\":{\"@id\":\"https:\\\/\\\/www.bellunopress.it\\\/#website\"},\"primaryImageOfPage\":{\"@id\":\"https:\\\/\\\/www.bellunopress.it\\\/2026\\\/01\\\/09\\\/lega-attacco-da-destra-sforzini-dal-castello-di-castellar-ponzano-zaia-rappresenta-una-lega-addomesticata-il-futuro-e-vannacci\\\/#primaryimage\"},\"image\":{\"@id\":\"https:\\\/\\\/www.bellunopress.it\\\/2026\\\/01\\\/09\\\/lega-attacco-da-destra-sforzini-dal-castello-di-castellar-ponzano-zaia-rappresenta-una-lega-addomesticata-il-futuro-e-vannacci\\\/#primaryimage\"},\"thumbnailUrl\":\"https:\\\/\\\/www.bellunopress.it\\\/wp-content\\\/uploads\\\/2025\\\/12\\\/Castello-Sforzini-Tortona.jpg\",\"datePublished\":\"2026-01-09T09:20:43+00:00\",\"breadcrumb\":{\"@id\":\"https:\\\/\\\/www.bellunopress.it\\\/2026\\\/01\\\/09\\\/lega-attacco-da-destra-sforzini-dal-castello-di-castellar-ponzano-zaia-rappresenta-una-lega-addomesticata-il-futuro-e-vannacci\\\/#breadcrumb\"},\"inLanguage\":\"fr-FR\",\"potentialAction\":[{\"@type\":\"ReadAction\",\"target\":[\"https:\\\/\\\/www.bellunopress.it\\\/2026\\\/01\\\/09\\\/lega-attacco-da-destra-sforzini-dal-castello-di-castellar-ponzano-zaia-rappresenta-una-lega-addomesticata-il-futuro-e-vannacci\\\/\"]}]},{\"@type\":\"ImageObject\",\"inLanguage\":\"fr-FR\",\"@id\":\"https:\\\/\\\/www.bellunopress.it\\\/2026\\\/01\\\/09\\\/lega-attacco-da-destra-sforzini-dal-castello-di-castellar-ponzano-zaia-rappresenta-una-lega-addomesticata-il-futuro-e-vannacci\\\/#primaryimage\",\"url\":\"https:\\\/\\\/www.bellunopress.it\\\/wp-content\\\/uploads\\\/2025\\\/12\\\/Castello-Sforzini-Tortona.jpg\",\"contentUrl\":\"https:\\\/\\\/www.bellunopress.it\\\/wp-content\\\/uploads\\\/2025\\\/12\\\/Castello-Sforzini-Tortona.jpg\",\"width\":800,\"height\":600,\"caption\":\"Castello Sforzini - Tortona\"},{\"@type\":\"BreadcrumbList\",\"@id\":\"https:\\\/\\\/www.bellunopress.it\\\/2026\\\/01\\\/09\\\/lega-attacco-da-destra-sforzini-dal-castello-di-castellar-ponzano-zaia-rappresenta-una-lega-addomesticata-il-futuro-e-vannacci\\\/#breadcrumb\",\"itemListElement\":[{\"@type\":\"ListItem\",\"position\":1,\"name\":\"Home\",\"item\":\"https:\\\/\\\/www.bellunopress.it\\\/\"},{\"@type\":\"ListItem\",\"position\":2,\"name\":\"Lega, attacco da destra. Sforzini dal Castello di Castellar Ponzano: &#8220;Zaia rappresenta una Lega addomesticata. Il futuro \u00e8 Vannacci&#8221;\"}]},{\"@type\":\"WebSite\",\"@id\":\"https:\\\/\\\/www.bellunopress.it\\\/#website\",\"url\":\"https:\\\/\\\/www.bellunopress.it\\\/\",\"name\":\"Bellunopress - Dolomiti\",\"description\":\"e-mail: redazione@bellunopress.it\",\"publisher\":{\"@id\":\"https:\\\/\\\/www.bellunopress.it\\\/#organization\"},\"potentialAction\":[{\"@type\":\"SearchAction\",\"target\":{\"@type\":\"EntryPoint\",\"urlTemplate\":\"https:\\\/\\\/www.bellunopress.it\\\/?s={search_term_string}\"},\"query-input\":{\"@type\":\"PropertyValueSpecification\",\"valueRequired\":true,\"valueName\":\"search_term_string\"}}],\"inLanguage\":\"fr-FR\"},{\"@type\":\"Organization\",\"@id\":\"https:\\\/\\\/www.bellunopress.it\\\/#organization\",\"name\":\"Bellunopress\",\"url\":\"https:\\\/\\\/www.bellunopress.it\\\/\",\"logo\":{\"@type\":\"ImageObject\",\"inLanguage\":\"fr-FR\",\"@id\":\"https:\\\/\\\/www.bellunopress.it\\\/#\\\/schema\\\/logo\\\/image\\\/\",\"url\":\"https:\\\/\\\/www.bellunopress.it\\\/wp-content\\\/uploads\\\/2011\\\/05\\\/cropped-logo-bellunopress-.jpg\",\"contentUrl\":\"https:\\\/\\\/www.bellunopress.it\\\/wp-content\\\/uploads\\\/2011\\\/05\\\/cropped-logo-bellunopress-.jpg\",\"width\":512,\"height\":512,\"caption\":\"Bellunopress\"},\"image\":{\"@id\":\"https:\\\/\\\/www.bellunopress.it\\\/#\\\/schema\\\/logo\\\/image\\\/\"},\"sameAs\":[\"https:\\\/\\\/www.facebook.com\\\/profile.php?id=100008943462799\",\"https:\\\/\\\/x.com\\\/bellunopress\",\"https:\\\/\\\/www.linkedin.com\\\/hp\\\/?dnr=JBzUWaJfMUw8vbXJJ2tVW5-I3jZKvC4wsoxE&amp;amp;amp;amp;amp;amp;trk=nav_responsive_tab_home\",\"https:\\\/\\\/www.youtube.com\\\/channel\\\/UCxL0wu1uN0_3_7hGG0306cw\"]},{\"@type\":\"Person\",\"@id\":\"https:\\\/\\\/www.bellunopress.it\\\/#\\\/schema\\\/person\\\/79bb06722b37ece1c03d3e94beb30d73\",\"name\":\"redazione\",\"image\":{\"@type\":\"ImageObject\",\"inLanguage\":\"fr-FR\",\"@id\":\"https:\\\/\\\/secure.gravatar.com\\\/avatar\\\/37d968a2e67a6fd04c169c4bdef102d0bc5d31b2546345219e348575eb80e9a0?s=96&d=mm&r=g\",\"url\":\"https:\\\/\\\/secure.gravatar.com\\\/avatar\\\/37d968a2e67a6fd04c169c4bdef102d0bc5d31b2546345219e348575eb80e9a0?s=96&d=mm&r=g\",\"contentUrl\":\"https:\\\/\\\/secure.gravatar.com\\\/avatar\\\/37d968a2e67a6fd04c169c4bdef102d0bc5d31b2546345219e348575eb80e9a0?s=96&d=mm&r=g\",\"caption\":\"redazione\"},\"sameAs\":[\"http:\\\/\\\/www.bellunopress.it\",\"https:\\\/\\\/x.com\\\/bellunopress\"],\"url\":\"https:\\\/\\\/www.bellunopress.it\\\/fr\\\/author\\\/redazione\\\/\"}]}<\/script>\n<!-- \/ Yoast SEO plugin. -->","yoast_head_json":{"title":"Lega, attacco da destra. Sforzini dal Castello di Castellar Ponzano: \"Zaia rappresenta una Lega addomesticata. Il futuro \u00e8 Vannacci\" - Bellunopress - Dolomiti","robots":{"index":"index","follow":"follow","max-snippet":"max-snippet:-1","max-image-preview":"max-image-preview:large","max-video-preview":"max-video-preview:-1"},"canonical":"https:\/\/www.bellunopress.it\/fr\/2026\/01\/09\/lega-attacco-da-destra-sforzini-dal-castello-di-castellar-ponzano-zaia-rappresenta-una-lega-addomesticata-il-futuro-e-vannacci\/","og_locale":"fr_FR","og_type":"article","og_title":"Lega, attacco da destra. Sforzini dal Castello di Castellar Ponzano: \"Zaia rappresenta una Lega addomesticata. Il futuro \u00e8 Vannacci\" - Bellunopress - Dolomiti","og_description":"\u00abLuca Zaia propone una destra moderata, docile, addomesticata. Scodinzolante. Per questo non \u00e8 il futuro\u00bb, attacca Luca Sforzini dal suo Castello di Castellar Ponzano, sede del Centro Studi Rinascimento Nazionale, think tank de Il Mondo al Contrario. \u00abHa invece ragione Roberto Vannacci: l\u2019Italia ha bisogno di una destra che ami la Nazione e la difenda\u00bb. [&hellip;]","og_url":"https:\/\/www.bellunopress.it\/fr\/2026\/01\/09\/lega-attacco-da-destra-sforzini-dal-castello-di-castellar-ponzano-zaia-rappresenta-una-lega-addomesticata-il-futuro-e-vannacci\/","og_site_name":"Bellunopress - Dolomiti","article_publisher":"https:\/\/www.facebook.com\/profile.php?id=100008943462799","article_published_time":"2026-01-09T09:20:43+00:00","og_image":[{"width":800,"height":600,"url":"https:\/\/www.bellunopress.it\/wp-content\/uploads\/2025\/12\/Castello-Sforzini-Tortona.jpg","type":"image\/jpeg"}],"author":"redazione","twitter_card":"summary_large_image","twitter_creator":"@bellunopress","twitter_site":"@bellunopress","twitter_misc":{"\u00c9crit par":"redazione","Dur\u00e9e de lecture estim\u00e9e":"1 minute"},"schema":{"@context":"https:\/\/schema.org","@graph":[{"@type":"Article","@id":"https:\/\/www.bellunopress.it\/2026\/01\/09\/lega-attacco-da-destra-sforzini-dal-castello-di-castellar-ponzano-zaia-rappresenta-una-lega-addomesticata-il-futuro-e-vannacci\/#article","isPartOf":{"@id":"https:\/\/www.bellunopress.it\/2026\/01\/09\/lega-attacco-da-destra-sforzini-dal-castello-di-castellar-ponzano-zaia-rappresenta-una-lega-addomesticata-il-futuro-e-vannacci\/"},"author":{"name":"redazione","@id":"https:\/\/www.bellunopress.it\/#\/schema\/person\/79bb06722b37ece1c03d3e94beb30d73"},"headline":"Lega, attacco da destra. Sforzini dal Castello di Castellar Ponzano: &#8220;Zaia rappresenta una Lega addomesticata. Il futuro \u00e8 Vannacci&#8221;","datePublished":"2026-01-09T09:20:43+00:00","mainEntityOfPage":{"@id":"https:\/\/www.bellunopress.it\/2026\/01\/09\/lega-attacco-da-destra-sforzini-dal-castello-di-castellar-ponzano-zaia-rappresenta-una-lega-addomesticata-il-futuro-e-vannacci\/"},"wordCount":166,"publisher":{"@id":"https:\/\/www.bellunopress.it\/#organization"},"image":{"@id":"https:\/\/www.bellunopress.it\/2026\/01\/09\/lega-attacco-da-destra-sforzini-dal-castello-di-castellar-ponzano-zaia-rappresenta-una-lega-addomesticata-il-futuro-e-vannacci\/#primaryimage"},"thumbnailUrl":"https:\/\/www.bellunopress.it\/wp-content\/uploads\/2025\/12\/Castello-Sforzini-Tortona.jpg","articleSection":["Cronaca\/Politica"],"inLanguage":"fr-FR"},{"@type":"WebPage","@id":"https:\/\/www.bellunopress.it\/2026\/01\/09\/lega-attacco-da-destra-sforzini-dal-castello-di-castellar-ponzano-zaia-rappresenta-una-lega-addomesticata-il-futuro-e-vannacci\/","url":"https:\/\/www.bellunopress.it\/2026\/01\/09\/lega-attacco-da-destra-sforzini-dal-castello-di-castellar-ponzano-zaia-rappresenta-una-lega-addomesticata-il-futuro-e-vannacci\/","name":"Lega, attacco da destra. Sforzini dal Castello di Castellar Ponzano: \"Zaia rappresenta una Lega addomesticata. Il futuro \u00e8 Vannacci\" - Bellunopress - Dolomiti","isPartOf":{"@id":"https:\/\/www.bellunopress.it\/#website"},"primaryImageOfPage":{"@id":"https:\/\/www.bellunopress.it\/2026\/01\/09\/lega-attacco-da-destra-sforzini-dal-castello-di-castellar-ponzano-zaia-rappresenta-una-lega-addomesticata-il-futuro-e-vannacci\/#primaryimage"},"image":{"@id":"https:\/\/www.bellunopress.it\/2026\/01\/09\/lega-attacco-da-destra-sforzini-dal-castello-di-castellar-ponzano-zaia-rappresenta-una-lega-addomesticata-il-futuro-e-vannacci\/#primaryimage"},"thumbnailUrl":"https:\/\/www.bellunopress.it\/wp-content\/uploads\/2025\/12\/Castello-Sforzini-Tortona.jpg","datePublished":"2026-01-09T09:20:43+00:00","breadcrumb":{"@id":"https:\/\/www.bellunopress.it\/2026\/01\/09\/lega-attacco-da-destra-sforzini-dal-castello-di-castellar-ponzano-zaia-rappresenta-una-lega-addomesticata-il-futuro-e-vannacci\/#breadcrumb"},"inLanguage":"fr-FR","potentialAction":[{"@type":"ReadAction","target":["https:\/\/www.bellunopress.it\/2026\/01\/09\/lega-attacco-da-destra-sforzini-dal-castello-di-castellar-ponzano-zaia-rappresenta-una-lega-addomesticata-il-futuro-e-vannacci\/"]}]},{"@type":"ImageObject","inLanguage":"fr-FR","@id":"https:\/\/www.bellunopress.it\/2026\/01\/09\/lega-attacco-da-destra-sforzini-dal-castello-di-castellar-ponzano-zaia-rappresenta-una-lega-addomesticata-il-futuro-e-vannacci\/#primaryimage","url":"https:\/\/www.bellunopress.it\/wp-content\/uploads\/2025\/12\/Castello-Sforzini-Tortona.jpg","contentUrl":"https:\/\/www.bellunopress.it\/wp-content\/uploads\/2025\/12\/Castello-Sforzini-Tortona.jpg","width":800,"height":600,"caption":"Castello Sforzini - Tortona"},{"@type":"BreadcrumbList","@id":"https:\/\/www.bellunopress.it\/2026\/01\/09\/lega-attacco-da-destra-sforzini-dal-castello-di-castellar-ponzano-zaia-rappresenta-una-lega-addomesticata-il-futuro-e-vannacci\/#breadcrumb","itemListElement":[{"@type":"ListItem","position":1,"name":"Home","item":"https:\/\/www.bellunopress.it\/"},{"@type":"ListItem","position":2,"name":"Lega, attacco da destra. Sforzini dal Castello di Castellar Ponzano: &#8220;Zaia rappresenta una Lega addomesticata. Il futuro \u00e8 Vannacci&#8221;"}]},{"@type":"WebSite","@id":"https:\/\/www.bellunopress.it\/#website","url":"https:\/\/www.bellunopress.it\/","name":"Bellunopress - Dolomiti","description":"e-mail: redazione@bellunopress.it","publisher":{"@id":"https:\/\/www.bellunopress.it\/#organization"},"potentialAction":[{"@type":"SearchAction","target":{"@type":"EntryPoint","urlTemplate":"https:\/\/www.bellunopress.it\/?s={search_term_string}"},"query-input":{"@type":"PropertyValueSpecification","valueRequired":true,"valueName":"search_term_string"}}],"inLanguage":"fr-FR"},{"@type":"Organization","@id":"https:\/\/www.bellunopress.it\/#organization","name":"Bellunopress","url":"https:\/\/www.bellunopress.it\/","logo":{"@type":"ImageObject","inLanguage":"fr-FR","@id":"https:\/\/www.bellunopress.it\/#\/schema\/logo\/image\/","url":"https:\/\/www.bellunopress.it\/wp-content\/uploads\/2011\/05\/cropped-logo-bellunopress-.jpg","contentUrl":"https:\/\/www.bellunopress.it\/wp-content\/uploads\/2011\/05\/cropped-logo-bellunopress-.jpg","width":512,"height":512,"caption":"Bellunopress"},"image":{"@id":"https:\/\/www.bellunopress.it\/#\/schema\/logo\/image\/"},"sameAs":["https:\/\/www.facebook.com\/profile.php?id=100008943462799","https:\/\/x.com\/bellunopress","https:\/\/www.linkedin.com\/hp\/?dnr=JBzUWaJfMUw8vbXJJ2tVW5-I3jZKvC4wsoxE&amp;amp;amp;amp;amp;amp;trk=nav_responsive_tab_home","https:\/\/www.youtube.com\/channel\/UCxL0wu1uN0_3_7hGG0306cw"]},{"@type":"Person","@id":"https:\/\/www.bellunopress.it\/#\/schema\/person\/79bb06722b37ece1c03d3e94beb30d73","name":"r\u00e9daction","image":{"@type":"ImageObject","inLanguage":"fr-FR","@id":"https:\/\/secure.gravatar.com\/avatar\/37d968a2e67a6fd04c169c4bdef102d0bc5d31b2546345219e348575eb80e9a0?s=96&d=mm&r=g","url":"https:\/\/secure.gravatar.com\/avatar\/37d968a2e67a6fd04c169c4bdef102d0bc5d31b2546345219e348575eb80e9a0?s=96&d=mm&r=g","contentUrl":"https:\/\/secure.gravatar.com\/avatar\/37d968a2e67a6fd04c169c4bdef102d0bc5d31b2546345219e348575eb80e9a0?s=96&d=mm&r=g","caption":"redazione"},"sameAs":["http:\/\/www.bellunopress.it","https:\/\/x.com\/bellunopress"],"url":"https:\/\/www.bellunopress.it\/fr\/author\/redazione\/"}]}},"_links":{"self":[{"href":"https:\/\/www.bellunopress.it\/fr\/wp-json\/wp\/v2\/posts\/166347","targetHints":{"allow":["GET"]}}],"collection":[{"href":"https:\/\/www.bellunopress.it\/fr\/wp-json\/wp\/v2\/posts"}],"about":[{"href":"https:\/\/www.bellunopress.it\/fr\/wp-json\/wp\/v2\/types\/post"}],"author":[{"embeddable":true,"href":"https:\/\/www.bellunopress.it\/fr\/wp-json\/wp\/v2\/users\/2"}],"replies":[{"embeddable":true,"href":"https:\/\/www.bellunopress.it\/fr\/wp-json\/wp\/v2\/comments?post=166347"}],"version-history":[{"count":1,"href":"https:\/\/www.bellunopress.it\/fr\/wp-json\/wp\/v2\/posts\/166347\/revisions"}],"predecessor-version":[{"id":166348,"href":"https:\/\/www.bellunopress.it\/fr\/wp-json\/wp\/v2\/posts\/166347\/revisions\/166348"}],"wp:featuredmedia":[{"embeddable":true,"href":"https:\/\/www.bellunopress.it\/fr\/wp-json\/wp\/v2\/media\/165487"}],"wp:attachment":[{"href":"https:\/\/www.bellunopress.it\/fr\/wp-json\/wp\/v2\/media?parent=166347"}],"wp:term":[{"taxonomy":"category","embeddable":true,"href":"https:\/\/www.bellunopress.it\/fr\/wp-json\/wp\/v2\/categories?post=166347"},{"taxonomy":"post_tag","embeddable":true,"href":"https:\/\/www.bellunopress.it\/fr\/wp-json\/wp\/v2\/tags?post=166347"}],"curies":[{"name":"wp","href":"https:\/\/api.w.org\/{rel}","templated":true}]}}