{"id":166343,"date":"2026-01-09T10:15:00","date_gmt":"2026-01-09T09:15:00","guid":{"rendered":"https:\/\/www.bellunopress.it\/?p=166343"},"modified":"2026-01-09T10:15:00","modified_gmt":"2026-01-09T09:15:00","slug":"feltre-galleria-darte-moderna-carlo-rizzarda-e-teatro-de-la-sena","status":"publish","type":"post","link":"https:\/\/www.bellunopress.it\/fr\/2026\/01\/09\/feltre-galleria-darte-moderna-carlo-rizzarda-e-teatro-de-la-sena\/","title":{"rendered":"Feltre. Galleria d&#8217;Arte moderna Carlo Rizzarda e Teatro de La Sena"},"content":{"rendered":"<p><strong>GALLERIA D&#8217;ARTE MODERNA &#8220;CARLO RIZZARDA&#8221;<\/strong><\/p>\n<p><strong>TEATRO DE LA SENA<\/strong><\/p>\n<p><strong>ORARI<\/strong><strong>\u00a0FINO AL 31 MARZO 2026<\/strong><\/p>\n<p>\u200bNel periodo invernale gli orari di apertura dei Musei Civici di Feltre e del Teatro de la Sena sono i seguenti:<\/p>\n<figure id=\"attachment_166344\" aria-describedby=\"caption-attachment-166344\" style=\"width: 600px\" class=\"wp-caption aligncenter\"><img loading=\"lazy\" decoding=\"async\" class=\"size-full wp-image-166344\" src=\"https:\/\/www.bellunopress.it\/wp-content\/uploads\/2026\/01\/Galleria-darte-moderna-Cartlo-Rizzarda.jpg\" alt=\"\" width=\"600\" height=\"400\" srcset=\"https:\/\/www.bellunopress.it\/wp-content\/uploads\/2026\/01\/Galleria-darte-moderna-Cartlo-Rizzarda.jpg 600w, https:\/\/www.bellunopress.it\/wp-content\/uploads\/2026\/01\/Galleria-darte-moderna-Cartlo-Rizzarda-500x333.jpg 500w\" sizes=\"auto, (max-width: 600px) 100vw, 600px\" \/><figcaption id=\"caption-attachment-166344\" class=\"wp-caption-text\">Galleria d&#8217;arte moderna &#8220;Carlo Rizzarda&#8221; &#8211; Feltre (Foto: Lorenzo Kleinschmidt)<\/figcaption><\/figure>\n<p><strong><em>Galleria d&#8217;arte moderna &#8220;Carlo Rizzarda&#8221;<\/em><\/strong><strong>\u00a0<\/strong><br \/>\nDa mercoled\u00ec a domenica e festivi<br \/>\n10:00-13:00\u00a0 |\u00a0 15:00-18:00<\/p>\n<figure id=\"attachment_166345\" aria-describedby=\"caption-attachment-166345\" style=\"width: 600px\" class=\"wp-caption aligncenter\"><img loading=\"lazy\" decoding=\"async\" class=\"size-full wp-image-166345\" src=\"https:\/\/www.bellunopress.it\/wp-content\/uploads\/2026\/01\/Teatro-de-La-Sena.jpg\" alt=\"\" width=\"600\" height=\"400\" srcset=\"https:\/\/www.bellunopress.it\/wp-content\/uploads\/2026\/01\/Teatro-de-La-Sena.jpg 600w, https:\/\/www.bellunopress.it\/wp-content\/uploads\/2026\/01\/Teatro-de-La-Sena-500x333.jpg 500w\" sizes=\"auto, (max-width: 600px) 100vw, 600px\" \/><figcaption id=\"caption-attachment-166345\" class=\"wp-caption-text\">Teatro de La Sena &#8211; Feltre (Foto: Lorenzo Kleinschmidt)<\/figcaption><\/figure>\n<p><em><strong>Teatro de La Sena<\/strong><\/em><em><strong>\u00a0<\/strong><\/em><br \/>\nDa venerd\u00ec a domenica e festivi<br \/>\n10:00-13:00\u00a0 |\u00a0 15:00-18:00<\/p>\n<p><span class=\"v1x13faqbe v1x193iq5w v1x1943h6x v1x1cpjm7i v1x1fgarty v1x1gmr53x v1x1lliihq v1x1s928wv v1x1vvkbs v1x1xmvt09 v1x3x7a5m v1x6prxxf v1xeuugli v1xhkezso v1xo1l8bm v1xudqn12 v1xvq8zen v1xzsf02u\" dir=\"auto\">Per informazioni su eventuali visite guidate e ingressi:<\/span><br \/>\n\u200b<span class=\"v1x13faqbe v1x193iq5w v1x1943h6x v1x1cpjm7i v1x1fgarty v1x1gmr53x v1x1lliihq v1x1s928wv v1x1vvkbs v1x1xmvt09 v1x3x7a5m v1x6prxxf v1xeuugli v1xhkezso v1xo1l8bm v1xudqn12 v1xvq8zen v1xzsf02u\" dir=\"auto\">\u00a00439 885234 o 327 2562682<\/span><br \/>\n\u200b <a href=\"mailto:info.feltre@aqualab.it\" rel=\"noreferrer\">info.feltre@aqualab.it<\/a><\/p>\n<p>\u200b<br \/>\n\u200b Per maggiori informazioni<\/p>\n<p><a href=\"https:\/\/visitfeltre.us19.list-manage.com\/track\/click?u=897af03e03fee5f1d290564ba&amp;id=b06c9c9334&amp;e=1beb9bc191\" target=\"_blank\" rel=\"noopener noreferrer\">https:\/\/www.visitfeltre.info\/luoghi\/galleria-darte-moderna-carlo-rizzarda\/<\/a><\/p>\n<p><a href=\"https:\/\/visitfeltre.us19.list-manage.com\/track\/click?u=897af03e03fee5f1d290564ba&amp;id=f98aa68dc6&amp;e=1beb9bc191\" target=\"_blank\" rel=\"noopener noreferrer\">https:\/\/www.visitfeltre.info\/luoghi\/teatro-de-la-sena\/<\/a><\/p>","protected":false},"excerpt":{"rendered":"<p>GALLERIA D&#8217;ARTE MODERNA &#8220;CARLO RIZZARDA&#8221; TEATRO DE LA SENA ORARI\u00a0FINO AL 31 MARZO 2026 \u200bNel periodo invernale gli orari di apertura dei Musei Civici di Feltre e del Teatro de la Sena sono i seguenti: Galleria d&#8217;arte moderna &#8220;Carlo Rizzarda&#8221;\u00a0 Da mercoled\u00ec a domenica e festivi 10:00-13:00\u00a0 |\u00a0 15:00-18:00 Teatro de La Sena\u00a0 Da venerd\u00ec [&hellip;]<\/p>\n","protected":false},"author":2,"featured_media":166344,"comment_status":"closed","ping_status":"open","sticky":false,"template":"","format":"standard","meta":{"footnotes":""},"categories":[3],"tags":[],"class_list":["post-166343","post","type-post","status-publish","format-standard","has-post-thumbnail","category-arte-cultura-spettacoli-scienza-archivi"],"yoast_head":"<!-- This site is optimized with the Yoast SEO plugin v28.4 - https:\/\/yoast.com\/product\/yoast-seo-wordpress\/ -->\n<title>Feltre. Galleria d&#039;Arte moderna Carlo Rizzarda e Teatro de La Sena - Bellunopress - Dolomiti<\/title>\n<meta name=\"robots\" content=\"index, follow, max-snippet:-1, max-image-preview:large, max-video-preview:-1\" \/>\n<link rel=\"canonical\" href=\"https:\/\/www.bellunopress.it\/fr\/2026\/01\/09\/feltre-galleria-darte-moderna-carlo-rizzarda-e-teatro-de-la-sena\/\" \/>\n<meta property=\"og:locale\" content=\"fr_FR\" \/>\n<meta property=\"og:type\" content=\"article\" \/>\n<meta property=\"og:title\" content=\"Feltre. Galleria d&#039;Arte moderna Carlo Rizzarda e Teatro de La Sena - Bellunopress - Dolomiti\" \/>\n<meta property=\"og:description\" content=\"GALLERIA D&#8217;ARTE MODERNA &#8220;CARLO RIZZARDA&#8221; TEATRO DE LA SENA ORARI\u00a0FINO AL 31 MARZO 2026 \u200bNel periodo invernale gli orari di apertura dei Musei Civici di Feltre e del Teatro de la Sena sono i seguenti: Galleria d&#8217;arte moderna &#8220;Carlo Rizzarda&#8221;\u00a0 Da mercoled\u00ec a domenica e festivi 10:00-13:00\u00a0 |\u00a0 15:00-18:00 Teatro de La Sena\u00a0 Da venerd\u00ec [&hellip;]\" \/>\n<meta property=\"og:url\" content=\"https:\/\/www.bellunopress.it\/fr\/2026\/01\/09\/feltre-galleria-darte-moderna-carlo-rizzarda-e-teatro-de-la-sena\/\" \/>\n<meta property=\"og:site_name\" content=\"Bellunopress - Dolomiti\" \/>\n<meta property=\"article:publisher\" content=\"https:\/\/www.facebook.com\/profile.php?id=100008943462799\" \/>\n<meta property=\"article:published_time\" content=\"2026-01-09T09:15:00+00:00\" \/>\n<meta property=\"og:image\" content=\"https:\/\/www.bellunopress.it\/wp-content\/uploads\/2026\/01\/Galleria-darte-moderna-Cartlo-Rizzarda.jpg\" \/>\n\t<meta property=\"og:image:width\" content=\"600\" \/>\n\t<meta property=\"og:image:height\" content=\"400\" \/>\n\t<meta property=\"og:image:type\" content=\"image\/jpeg\" \/>\n<meta name=\"author\" content=\"redazione\" \/>\n<meta name=\"twitter:card\" content=\"summary_large_image\" \/>\n<meta name=\"twitter:creator\" content=\"@bellunopress\" \/>\n<meta name=\"twitter:site\" content=\"@bellunopress\" \/>\n<meta name=\"twitter:label1\" content=\"\u00c9crit par\" \/>\n\t<meta name=\"twitter:data1\" content=\"redazione\" \/>\n\t<meta name=\"twitter:label2\" content=\"Dur\u00e9e de lecture estim\u00e9e\" \/>\n\t<meta name=\"twitter:data2\" content=\"1 minute\" \/>\n<script type=\"application\/ld+json\" class=\"yoast-schema-graph\">{\"@context\":\"https:\\\/\\\/schema.org\",\"@graph\":[{\"@type\":\"Article\",\"@id\":\"https:\\\/\\\/www.bellunopress.it\\\/2026\\\/01\\\/09\\\/feltre-galleria-darte-moderna-carlo-rizzarda-e-teatro-de-la-sena\\\/#article\",\"isPartOf\":{\"@id\":\"https:\\\/\\\/www.bellunopress.it\\\/2026\\\/01\\\/09\\\/feltre-galleria-darte-moderna-carlo-rizzarda-e-teatro-de-la-sena\\\/\"},\"author\":{\"name\":\"redazione\",\"@id\":\"https:\\\/\\\/www.bellunopress.it\\\/#\\\/schema\\\/person\\\/79bb06722b37ece1c03d3e94beb30d73\"},\"headline\":\"Feltre. Galleria d&#8217;Arte moderna Carlo Rizzarda e Teatro de La Sena\",\"datePublished\":\"2026-01-09T09:15:00+00:00\",\"mainEntityOfPage\":{\"@id\":\"https:\\\/\\\/www.bellunopress.it\\\/2026\\\/01\\\/09\\\/feltre-galleria-darte-moderna-carlo-rizzarda-e-teatro-de-la-sena\\\/\"},\"wordCount\":135,\"publisher\":{\"@id\":\"https:\\\/\\\/www.bellunopress.it\\\/#organization\"},\"image\":{\"@id\":\"https:\\\/\\\/www.bellunopress.it\\\/2026\\\/01\\\/09\\\/feltre-galleria-darte-moderna-carlo-rizzarda-e-teatro-de-la-sena\\\/#primaryimage\"},\"thumbnailUrl\":\"https:\\\/\\\/www.bellunopress.it\\\/wp-content\\\/uploads\\\/2026\\\/01\\\/Galleria-darte-moderna-Cartlo-Rizzarda.jpg\",\"articleSection\":[\"Arte, Cultura, Spettacoli, Scienza\"],\"inLanguage\":\"fr-FR\"},{\"@type\":\"WebPage\",\"@id\":\"https:\\\/\\\/www.bellunopress.it\\\/2026\\\/01\\\/09\\\/feltre-galleria-darte-moderna-carlo-rizzarda-e-teatro-de-la-sena\\\/\",\"url\":\"https:\\\/\\\/www.bellunopress.it\\\/2026\\\/01\\\/09\\\/feltre-galleria-darte-moderna-carlo-rizzarda-e-teatro-de-la-sena\\\/\",\"name\":\"Feltre. Galleria d'Arte moderna Carlo Rizzarda e Teatro de La Sena - Bellunopress - Dolomiti\",\"isPartOf\":{\"@id\":\"https:\\\/\\\/www.bellunopress.it\\\/#website\"},\"primaryImageOfPage\":{\"@id\":\"https:\\\/\\\/www.bellunopress.it\\\/2026\\\/01\\\/09\\\/feltre-galleria-darte-moderna-carlo-rizzarda-e-teatro-de-la-sena\\\/#primaryimage\"},\"image\":{\"@id\":\"https:\\\/\\\/www.bellunopress.it\\\/2026\\\/01\\\/09\\\/feltre-galleria-darte-moderna-carlo-rizzarda-e-teatro-de-la-sena\\\/#primaryimage\"},\"thumbnailUrl\":\"https:\\\/\\\/www.bellunopress.it\\\/wp-content\\\/uploads\\\/2026\\\/01\\\/Galleria-darte-moderna-Cartlo-Rizzarda.jpg\",\"datePublished\":\"2026-01-09T09:15:00+00:00\",\"breadcrumb\":{\"@id\":\"https:\\\/\\\/www.bellunopress.it\\\/2026\\\/01\\\/09\\\/feltre-galleria-darte-moderna-carlo-rizzarda-e-teatro-de-la-sena\\\/#breadcrumb\"},\"inLanguage\":\"fr-FR\",\"potentialAction\":[{\"@type\":\"ReadAction\",\"target\":[\"https:\\\/\\\/www.bellunopress.it\\\/2026\\\/01\\\/09\\\/feltre-galleria-darte-moderna-carlo-rizzarda-e-teatro-de-la-sena\\\/\"]}]},{\"@type\":\"ImageObject\",\"inLanguage\":\"fr-FR\",\"@id\":\"https:\\\/\\\/www.bellunopress.it\\\/2026\\\/01\\\/09\\\/feltre-galleria-darte-moderna-carlo-rizzarda-e-teatro-de-la-sena\\\/#primaryimage\",\"url\":\"https:\\\/\\\/www.bellunopress.it\\\/wp-content\\\/uploads\\\/2026\\\/01\\\/Galleria-darte-moderna-Cartlo-Rizzarda.jpg\",\"contentUrl\":\"https:\\\/\\\/www.bellunopress.it\\\/wp-content\\\/uploads\\\/2026\\\/01\\\/Galleria-darte-moderna-Cartlo-Rizzarda.jpg\",\"width\":600,\"height\":400,\"caption\":\"Galleria d'arte moderna \\\"Carlo Rizzarda\\\" - Feltre (Foto: Lorenzo Kleinschmidt)\"},{\"@type\":\"BreadcrumbList\",\"@id\":\"https:\\\/\\\/www.bellunopress.it\\\/2026\\\/01\\\/09\\\/feltre-galleria-darte-moderna-carlo-rizzarda-e-teatro-de-la-sena\\\/#breadcrumb\",\"itemListElement\":[{\"@type\":\"ListItem\",\"position\":1,\"name\":\"Home\",\"item\":\"https:\\\/\\\/www.bellunopress.it\\\/\"},{\"@type\":\"ListItem\",\"position\":2,\"name\":\"Feltre. Galleria d&#8217;Arte moderna Carlo Rizzarda e Teatro de La Sena\"}]},{\"@type\":\"WebSite\",\"@id\":\"https:\\\/\\\/www.bellunopress.it\\\/#website\",\"url\":\"https:\\\/\\\/www.bellunopress.it\\\/\",\"name\":\"Bellunopress - Dolomiti\",\"description\":\"e-mail: redazione@bellunopress.it\",\"publisher\":{\"@id\":\"https:\\\/\\\/www.bellunopress.it\\\/#organization\"},\"potentialAction\":[{\"@type\":\"SearchAction\",\"target\":{\"@type\":\"EntryPoint\",\"urlTemplate\":\"https:\\\/\\\/www.bellunopress.it\\\/?s={search_term_string}\"},\"query-input\":{\"@type\":\"PropertyValueSpecification\",\"valueRequired\":true,\"valueName\":\"search_term_string\"}}],\"inLanguage\":\"fr-FR\"},{\"@type\":\"Organization\",\"@id\":\"https:\\\/\\\/www.bellunopress.it\\\/#organization\",\"name\":\"Bellunopress\",\"url\":\"https:\\\/\\\/www.bellunopress.it\\\/\",\"logo\":{\"@type\":\"ImageObject\",\"inLanguage\":\"fr-FR\",\"@id\":\"https:\\\/\\\/www.bellunopress.it\\\/#\\\/schema\\\/logo\\\/image\\\/\",\"url\":\"https:\\\/\\\/www.bellunopress.it\\\/wp-content\\\/uploads\\\/2011\\\/05\\\/cropped-logo-bellunopress-.jpg\",\"contentUrl\":\"https:\\\/\\\/www.bellunopress.it\\\/wp-content\\\/uploads\\\/2011\\\/05\\\/cropped-logo-bellunopress-.jpg\",\"width\":512,\"height\":512,\"caption\":\"Bellunopress\"},\"image\":{\"@id\":\"https:\\\/\\\/www.bellunopress.it\\\/#\\\/schema\\\/logo\\\/image\\\/\"},\"sameAs\":[\"https:\\\/\\\/www.facebook.com\\\/profile.php?id=100008943462799\",\"https:\\\/\\\/x.com\\\/bellunopress\",\"https:\\\/\\\/www.linkedin.com\\\/hp\\\/?dnr=JBzUWaJfMUw8vbXJJ2tVW5-I3jZKvC4wsoxE&amp;amp;amp;amp;amp;amp;trk=nav_responsive_tab_home\",\"https:\\\/\\\/www.youtube.com\\\/channel\\\/UCxL0wu1uN0_3_7hGG0306cw\"]},{\"@type\":\"Person\",\"@id\":\"https:\\\/\\\/www.bellunopress.it\\\/#\\\/schema\\\/person\\\/79bb06722b37ece1c03d3e94beb30d73\",\"name\":\"redazione\",\"image\":{\"@type\":\"ImageObject\",\"inLanguage\":\"fr-FR\",\"@id\":\"https:\\\/\\\/secure.gravatar.com\\\/avatar\\\/37d968a2e67a6fd04c169c4bdef102d0bc5d31b2546345219e348575eb80e9a0?s=96&d=mm&r=g\",\"url\":\"https:\\\/\\\/secure.gravatar.com\\\/avatar\\\/37d968a2e67a6fd04c169c4bdef102d0bc5d31b2546345219e348575eb80e9a0?s=96&d=mm&r=g\",\"contentUrl\":\"https:\\\/\\\/secure.gravatar.com\\\/avatar\\\/37d968a2e67a6fd04c169c4bdef102d0bc5d31b2546345219e348575eb80e9a0?s=96&d=mm&r=g\",\"caption\":\"redazione\"},\"sameAs\":[\"http:\\\/\\\/www.bellunopress.it\",\"https:\\\/\\\/x.com\\\/bellunopress\"],\"url\":\"https:\\\/\\\/www.bellunopress.it\\\/fr\\\/author\\\/redazione\\\/\"}]}<\/script>\n<!-- \/ Yoast SEO plugin. -->","yoast_head_json":{"title":"Feltre. Galleria d'Arte moderna Carlo Rizzarda e Teatro de La Sena - Bellunopress - Dolomiti","robots":{"index":"index","follow":"follow","max-snippet":"max-snippet:-1","max-image-preview":"max-image-preview:large","max-video-preview":"max-video-preview:-1"},"canonical":"https:\/\/www.bellunopress.it\/fr\/2026\/01\/09\/feltre-galleria-darte-moderna-carlo-rizzarda-e-teatro-de-la-sena\/","og_locale":"fr_FR","og_type":"article","og_title":"Feltre. Galleria d'Arte moderna Carlo Rizzarda e Teatro de La Sena - Bellunopress - Dolomiti","og_description":"GALLERIA D&#8217;ARTE MODERNA &#8220;CARLO RIZZARDA&#8221; TEATRO DE LA SENA ORARI\u00a0FINO AL 31 MARZO 2026 \u200bNel periodo invernale gli orari di apertura dei Musei Civici di Feltre e del Teatro de la Sena sono i seguenti: Galleria d&#8217;arte moderna &#8220;Carlo Rizzarda&#8221;\u00a0 Da mercoled\u00ec a domenica e festivi 10:00-13:00\u00a0 |\u00a0 15:00-18:00 Teatro de La Sena\u00a0 Da venerd\u00ec [&hellip;]","og_url":"https:\/\/www.bellunopress.it\/fr\/2026\/01\/09\/feltre-galleria-darte-moderna-carlo-rizzarda-e-teatro-de-la-sena\/","og_site_name":"Bellunopress - Dolomiti","article_publisher":"https:\/\/www.facebook.com\/profile.php?id=100008943462799","article_published_time":"2026-01-09T09:15:00+00:00","og_image":[{"width":600,"height":400,"url":"https:\/\/www.bellunopress.it\/wp-content\/uploads\/2026\/01\/Galleria-darte-moderna-Cartlo-Rizzarda.jpg","type":"image\/jpeg"}],"author":"redazione","twitter_card":"summary_large_image","twitter_creator":"@bellunopress","twitter_site":"@bellunopress","twitter_misc":{"\u00c9crit par":"redazione","Dur\u00e9e de lecture estim\u00e9e":"1 minute"},"schema":{"@context":"https:\/\/schema.org","@graph":[{"@type":"Article","@id":"https:\/\/www.bellunopress.it\/2026\/01\/09\/feltre-galleria-darte-moderna-carlo-rizzarda-e-teatro-de-la-sena\/#article","isPartOf":{"@id":"https:\/\/www.bellunopress.it\/2026\/01\/09\/feltre-galleria-darte-moderna-carlo-rizzarda-e-teatro-de-la-sena\/"},"author":{"name":"redazione","@id":"https:\/\/www.bellunopress.it\/#\/schema\/person\/79bb06722b37ece1c03d3e94beb30d73"},"headline":"Feltre. Galleria d&#8217;Arte moderna Carlo Rizzarda e Teatro de La Sena","datePublished":"2026-01-09T09:15:00+00:00","mainEntityOfPage":{"@id":"https:\/\/www.bellunopress.it\/2026\/01\/09\/feltre-galleria-darte-moderna-carlo-rizzarda-e-teatro-de-la-sena\/"},"wordCount":135,"publisher":{"@id":"https:\/\/www.bellunopress.it\/#organization"},"image":{"@id":"https:\/\/www.bellunopress.it\/2026\/01\/09\/feltre-galleria-darte-moderna-carlo-rizzarda-e-teatro-de-la-sena\/#primaryimage"},"thumbnailUrl":"https:\/\/www.bellunopress.it\/wp-content\/uploads\/2026\/01\/Galleria-darte-moderna-Cartlo-Rizzarda.jpg","articleSection":["Arte, Cultura, Spettacoli, Scienza"],"inLanguage":"fr-FR"},{"@type":"WebPage","@id":"https:\/\/www.bellunopress.it\/2026\/01\/09\/feltre-galleria-darte-moderna-carlo-rizzarda-e-teatro-de-la-sena\/","url":"https:\/\/www.bellunopress.it\/2026\/01\/09\/feltre-galleria-darte-moderna-carlo-rizzarda-e-teatro-de-la-sena\/","name":"Feltre. Galleria d'Arte moderna Carlo Rizzarda e Teatro de La Sena - Bellunopress - Dolomiti","isPartOf":{"@id":"https:\/\/www.bellunopress.it\/#website"},"primaryImageOfPage":{"@id":"https:\/\/www.bellunopress.it\/2026\/01\/09\/feltre-galleria-darte-moderna-carlo-rizzarda-e-teatro-de-la-sena\/#primaryimage"},"image":{"@id":"https:\/\/www.bellunopress.it\/2026\/01\/09\/feltre-galleria-darte-moderna-carlo-rizzarda-e-teatro-de-la-sena\/#primaryimage"},"thumbnailUrl":"https:\/\/www.bellunopress.it\/wp-content\/uploads\/2026\/01\/Galleria-darte-moderna-Cartlo-Rizzarda.jpg","datePublished":"2026-01-09T09:15:00+00:00","breadcrumb":{"@id":"https:\/\/www.bellunopress.it\/2026\/01\/09\/feltre-galleria-darte-moderna-carlo-rizzarda-e-teatro-de-la-sena\/#breadcrumb"},"inLanguage":"fr-FR","potentialAction":[{"@type":"ReadAction","target":["https:\/\/www.bellunopress.it\/2026\/01\/09\/feltre-galleria-darte-moderna-carlo-rizzarda-e-teatro-de-la-sena\/"]}]},{"@type":"ImageObject","inLanguage":"fr-FR","@id":"https:\/\/www.bellunopress.it\/2026\/01\/09\/feltre-galleria-darte-moderna-carlo-rizzarda-e-teatro-de-la-sena\/#primaryimage","url":"https:\/\/www.bellunopress.it\/wp-content\/uploads\/2026\/01\/Galleria-darte-moderna-Cartlo-Rizzarda.jpg","contentUrl":"https:\/\/www.bellunopress.it\/wp-content\/uploads\/2026\/01\/Galleria-darte-moderna-Cartlo-Rizzarda.jpg","width":600,"height":400,"caption":"Galleria d'arte moderna \"Carlo Rizzarda\" - Feltre (Foto: Lorenzo Kleinschmidt)"},{"@type":"BreadcrumbList","@id":"https:\/\/www.bellunopress.it\/2026\/01\/09\/feltre-galleria-darte-moderna-carlo-rizzarda-e-teatro-de-la-sena\/#breadcrumb","itemListElement":[{"@type":"ListItem","position":1,"name":"Home","item":"https:\/\/www.bellunopress.it\/"},{"@type":"ListItem","position":2,"name":"Feltre. Galleria d&#8217;Arte moderna Carlo Rizzarda e Teatro de La Sena"}]},{"@type":"WebSite","@id":"https:\/\/www.bellunopress.it\/#website","url":"https:\/\/www.bellunopress.it\/","name":"Bellunopress - Dolomiti","description":"e-mail: redazione@bellunopress.it","publisher":{"@id":"https:\/\/www.bellunopress.it\/#organization"},"potentialAction":[{"@type":"SearchAction","target":{"@type":"EntryPoint","urlTemplate":"https:\/\/www.bellunopress.it\/?s={search_term_string}"},"query-input":{"@type":"PropertyValueSpecification","valueRequired":true,"valueName":"search_term_string"}}],"inLanguage":"fr-FR"},{"@type":"Organization","@id":"https:\/\/www.bellunopress.it\/#organization","name":"Bellunopress","url":"https:\/\/www.bellunopress.it\/","logo":{"@type":"ImageObject","inLanguage":"fr-FR","@id":"https:\/\/www.bellunopress.it\/#\/schema\/logo\/image\/","url":"https:\/\/www.bellunopress.it\/wp-content\/uploads\/2011\/05\/cropped-logo-bellunopress-.jpg","contentUrl":"https:\/\/www.bellunopress.it\/wp-content\/uploads\/2011\/05\/cropped-logo-bellunopress-.jpg","width":512,"height":512,"caption":"Bellunopress"},"image":{"@id":"https:\/\/www.bellunopress.it\/#\/schema\/logo\/image\/"},"sameAs":["https:\/\/www.facebook.com\/profile.php?id=100008943462799","https:\/\/x.com\/bellunopress","https:\/\/www.linkedin.com\/hp\/?dnr=JBzUWaJfMUw8vbXJJ2tVW5-I3jZKvC4wsoxE&amp;amp;amp;amp;amp;amp;trk=nav_responsive_tab_home","https:\/\/www.youtube.com\/channel\/UCxL0wu1uN0_3_7hGG0306cw"]},{"@type":"Person","@id":"https:\/\/www.bellunopress.it\/#\/schema\/person\/79bb06722b37ece1c03d3e94beb30d73","name":"r\u00e9daction","image":{"@type":"ImageObject","inLanguage":"fr-FR","@id":"https:\/\/secure.gravatar.com\/avatar\/37d968a2e67a6fd04c169c4bdef102d0bc5d31b2546345219e348575eb80e9a0?s=96&d=mm&r=g","url":"https:\/\/secure.gravatar.com\/avatar\/37d968a2e67a6fd04c169c4bdef102d0bc5d31b2546345219e348575eb80e9a0?s=96&d=mm&r=g","contentUrl":"https:\/\/secure.gravatar.com\/avatar\/37d968a2e67a6fd04c169c4bdef102d0bc5d31b2546345219e348575eb80e9a0?s=96&d=mm&r=g","caption":"redazione"},"sameAs":["http:\/\/www.bellunopress.it","https:\/\/x.com\/bellunopress"],"url":"https:\/\/www.bellunopress.it\/fr\/author\/redazione\/"}]}},"_links":{"self":[{"href":"https:\/\/www.bellunopress.it\/fr\/wp-json\/wp\/v2\/posts\/166343","targetHints":{"allow":["GET"]}}],"collection":[{"href":"https:\/\/www.bellunopress.it\/fr\/wp-json\/wp\/v2\/posts"}],"about":[{"href":"https:\/\/www.bellunopress.it\/fr\/wp-json\/wp\/v2\/types\/post"}],"author":[{"embeddable":true,"href":"https:\/\/www.bellunopress.it\/fr\/wp-json\/wp\/v2\/users\/2"}],"replies":[{"embeddable":true,"href":"https:\/\/www.bellunopress.it\/fr\/wp-json\/wp\/v2\/comments?post=166343"}],"version-history":[{"count":1,"href":"https:\/\/www.bellunopress.it\/fr\/wp-json\/wp\/v2\/posts\/166343\/revisions"}],"predecessor-version":[{"id":166346,"href":"https:\/\/www.bellunopress.it\/fr\/wp-json\/wp\/v2\/posts\/166343\/revisions\/166346"}],"wp:featuredmedia":[{"embeddable":true,"href":"https:\/\/www.bellunopress.it\/fr\/wp-json\/wp\/v2\/media\/166344"}],"wp:attachment":[{"href":"https:\/\/www.bellunopress.it\/fr\/wp-json\/wp\/v2\/media?parent=166343"}],"wp:term":[{"taxonomy":"category","embeddable":true,"href":"https:\/\/www.bellunopress.it\/fr\/wp-json\/wp\/v2\/categories?post=166343"},{"taxonomy":"post_tag","embeddable":true,"href":"https:\/\/www.bellunopress.it\/fr\/wp-json\/wp\/v2\/tags?post=166343"}],"curies":[{"name":"wp","href":"https:\/\/api.w.org\/{rel}","templated":true}]}}