{"id":166339,"date":"2026-01-09T08:37:58","date_gmt":"2026-01-09T07:37:58","guid":{"rendered":"https:\/\/www.bellunopress.it\/?p=166339"},"modified":"2026-01-09T08:37:58","modified_gmt":"2026-01-09T07:37:58","slug":"regione-veneto-sostegno-allinternazionalizzazione-bando-pif-scadenza-31-marzo-2026","status":"publish","type":"post","link":"https:\/\/www.bellunopress.it\/fr\/2026\/01\/09\/regione-veneto-sostegno-allinternazionalizzazione-bando-pif-scadenza-31-marzo-2026\/","title":{"rendered":"Regione Veneto &#8211; Sostegno all&#8217;internazionalizzazione &#8211; Bando PIF &#8211; Scadenza 31 marzo 2026"},"content":{"rendered":"<p><img loading=\"lazy\" decoding=\"async\" class=\"aligncenter size-full wp-image-166341\" src=\"https:\/\/www.bellunopress.it\/wp-content\/uploads\/2026\/01\/bando-Pif-Regione.jpg\" alt=\"\" width=\"600\" height=\"362\" srcset=\"https:\/\/www.bellunopress.it\/wp-content\/uploads\/2026\/01\/bando-Pif-Regione.jpg 600w, https:\/\/www.bellunopress.it\/wp-content\/uploads\/2026\/01\/bando-Pif-Regione-500x302.jpg 500w\" sizes=\"auto, (max-width: 600px) 100vw, 600px\" \/>Bando della Regione del Veneto che persegue l&#8217;obiettivo di accrescere la vocazione all&#8217;esportazione delle micro, piccole e medie imprese (PMI) venete e la loro capacit\u00e0 di interagire con una customer base sempre pi\u00f9 internazionale, per inquadrare efficacemente la propria competitivit\u00e0 globale, e capire quale sia il contesto pi\u00f9 adatto per la propria crescita e per l&#8217;ampliamento dei propri orizzonti commerciali.<\/p>\n<p><strong>Presentazione domande<\/strong><\/p>\n<p>Presenta la tua domanda dalle ore 10.00 del 13 gennaio 2026 alle ore 12.00 del 31 marzo 2026<\/p>\n<p><strong>Soggetti beneficiari<\/strong><\/p>\n<p>Micro, PMI e Liberi professionisti \/ Lavoratori autonomi con sede operativa nel territorio della Regione del Veneto e appartenenti alle filiere Automotive, Macchine agricole e Subfornitura meccanica.<\/p>\n<p><strong>Tipologia del contributo<\/strong><br \/>\nContributo concedibile nell&#8217;ambito del regolamento de minimis:<\/p>\n<p>FASE I Crescere insieme &#8211; attivit\u00e0 &#8211; Erogazione di servizi di Assessment, Informazione, Matchmaking, Incoming, Coaching, Strategia, per un importo per impresa di \u20ac 9.519,46<\/p>\n<p>FASE II Erogazione di contributo a fondo perduto dell&#8217;80% delle spese ammissibili per un importo massimo per impresa di \u20ac 23.813,88 (Spesa rendicontata ammissibile pari o superiore a \u20ac 29.767,35)<\/p>\n<p>Spese ammissibile nella Fase II<br \/>\nConsulenze specialistiche;<br \/>\nConsulenze e servizi finalizzati all&#8217;ottenimento di certificazioni e standard internazionali o di paesi specifici;<br \/>\nRegistrazione all&#8217;estero di marchi, licenze, know-how esclusivi, disegni e modelli di utilit\u00e0;<br \/>\nSiti web e sistemi di ecommerce;<br \/>\nPromozione e commercializzazione su mercati esteri;<br \/>\nFiere di rilievo internazionale;<br \/>\nEventi di promozione collettiva;<br \/>\nShowroom all&#8217;estero;<br \/>\nIncoming di soggetti esteri;<br \/>\nSpese generali<br \/>\nPresentazione domande<br \/>\nDalle ore 10.00 del 13.01.2026 alle ore 12.00 del 31.03.2026<\/p>\n<p><strong>Per informazioni<\/strong><br \/>\n<strong>Regione Veneto<\/strong><\/p>\n<p><strong>Direzione Industria Artigianato Commercio e Servizi e Internazionalizzazione delle Imprese<\/strong><br \/>\n<strong>tel. +39 041 279 4250 &#8211; 4251 <\/strong><br \/>\n<strong>e-mail industriartigianatocommercioservizi@regione.veneto.it<\/strong><br \/>\n<strong>web www.pifveneto.it<\/strong><\/p>\n<p><strong>Scadenza: 31\/03\/2026<\/strong><\/p>\n<p>&nbsp;<\/p>","protected":false},"excerpt":{"rendered":"<p>Bando della Regione del Veneto che persegue l&#8217;obiettivo di accrescere la vocazione all&#8217;esportazione delle micro, piccole e medie imprese (PMI) venete e la loro capacit\u00e0 di interagire con una customer base sempre pi\u00f9 internazionale, per inquadrare efficacemente la propria competitivit\u00e0 globale, e capire quale sia il contesto pi\u00f9 adatto per la propria crescita e per [&hellip;]<\/p>\n","protected":false},"author":2,"featured_media":166341,"comment_status":"closed","ping_status":"open","sticky":false,"template":"","format":"standard","meta":{"footnotes":""},"categories":[36],"tags":[],"class_list":["post-166339","post","type-post","status-publish","format-standard","has-post-thumbnail","category-lavoro-economia"],"yoast_head":"<!-- This site is optimized with the Yoast SEO plugin v28.4 - https:\/\/yoast.com\/product\/yoast-seo-wordpress\/ -->\n<title>Regione Veneto - Sostegno all&#039;internazionalizzazione - Bando PIF - Scadenza 31 marzo 2026 - Bellunopress - Dolomiti<\/title>\n<meta name=\"robots\" content=\"index, follow, max-snippet:-1, max-image-preview:large, max-video-preview:-1\" \/>\n<link rel=\"canonical\" href=\"https:\/\/www.bellunopress.it\/fr\/2026\/01\/09\/regione-veneto-sostegno-allinternazionalizzazione-bando-pif-scadenza-31-marzo-2026\/\" \/>\n<meta property=\"og:locale\" content=\"fr_FR\" \/>\n<meta property=\"og:type\" content=\"article\" \/>\n<meta property=\"og:title\" content=\"Regione Veneto - Sostegno all&#039;internazionalizzazione - Bando PIF - Scadenza 31 marzo 2026 - Bellunopress - Dolomiti\" \/>\n<meta property=\"og:description\" content=\"Bando della Regione del Veneto che persegue l&#8217;obiettivo di accrescere la vocazione all&#8217;esportazione delle micro, piccole e medie imprese (PMI) venete e la loro capacit\u00e0 di interagire con una customer base sempre pi\u00f9 internazionale, per inquadrare efficacemente la propria competitivit\u00e0 globale, e capire quale sia il contesto pi\u00f9 adatto per la propria crescita e per [&hellip;]\" \/>\n<meta property=\"og:url\" content=\"https:\/\/www.bellunopress.it\/fr\/2026\/01\/09\/regione-veneto-sostegno-allinternazionalizzazione-bando-pif-scadenza-31-marzo-2026\/\" \/>\n<meta property=\"og:site_name\" content=\"Bellunopress - Dolomiti\" \/>\n<meta property=\"article:publisher\" content=\"https:\/\/www.facebook.com\/profile.php?id=100008943462799\" \/>\n<meta property=\"article:published_time\" content=\"2026-01-09T07:37:58+00:00\" \/>\n<meta property=\"og:image\" content=\"https:\/\/www.bellunopress.it\/wp-content\/uploads\/2026\/01\/bando-Pif-Regione.jpg\" \/>\n\t<meta property=\"og:image:width\" content=\"600\" \/>\n\t<meta property=\"og:image:height\" content=\"362\" \/>\n\t<meta property=\"og:image:type\" content=\"image\/jpeg\" \/>\n<meta name=\"author\" content=\"redazione\" \/>\n<meta name=\"twitter:card\" content=\"summary_large_image\" \/>\n<meta name=\"twitter:creator\" content=\"@bellunopress\" \/>\n<meta name=\"twitter:site\" content=\"@bellunopress\" \/>\n<meta name=\"twitter:label1\" content=\"\u00c9crit par\" \/>\n\t<meta name=\"twitter:data1\" content=\"redazione\" \/>\n\t<meta name=\"twitter:label2\" content=\"Dur\u00e9e de lecture estim\u00e9e\" \/>\n\t<meta name=\"twitter:data2\" content=\"1 minute\" \/>\n<script type=\"application\/ld+json\" class=\"yoast-schema-graph\">{\"@context\":\"https:\\\/\\\/schema.org\",\"@graph\":[{\"@type\":\"Article\",\"@id\":\"https:\\\/\\\/www.bellunopress.it\\\/2026\\\/01\\\/09\\\/regione-veneto-sostegno-allinternazionalizzazione-bando-pif-scadenza-31-marzo-2026\\\/#article\",\"isPartOf\":{\"@id\":\"https:\\\/\\\/www.bellunopress.it\\\/2026\\\/01\\\/09\\\/regione-veneto-sostegno-allinternazionalizzazione-bando-pif-scadenza-31-marzo-2026\\\/\"},\"author\":{\"name\":\"redazione\",\"@id\":\"https:\\\/\\\/www.bellunopress.it\\\/#\\\/schema\\\/person\\\/79bb06722b37ece1c03d3e94beb30d73\"},\"headline\":\"Regione Veneto &#8211; Sostegno all&#8217;internazionalizzazione &#8211; Bando PIF &#8211; Scadenza 31 marzo 2026\",\"datePublished\":\"2026-01-09T07:37:58+00:00\",\"mainEntityOfPage\":{\"@id\":\"https:\\\/\\\/www.bellunopress.it\\\/2026\\\/01\\\/09\\\/regione-veneto-sostegno-allinternazionalizzazione-bando-pif-scadenza-31-marzo-2026\\\/\"},\"wordCount\":276,\"publisher\":{\"@id\":\"https:\\\/\\\/www.bellunopress.it\\\/#organization\"},\"image\":{\"@id\":\"https:\\\/\\\/www.bellunopress.it\\\/2026\\\/01\\\/09\\\/regione-veneto-sostegno-allinternazionalizzazione-bando-pif-scadenza-31-marzo-2026\\\/#primaryimage\"},\"thumbnailUrl\":\"https:\\\/\\\/www.bellunopress.it\\\/wp-content\\\/uploads\\\/2026\\\/01\\\/bando-Pif-Regione.jpg\",\"articleSection\":[\"Lavoro, Economia, Turismo\"],\"inLanguage\":\"fr-FR\"},{\"@type\":\"WebPage\",\"@id\":\"https:\\\/\\\/www.bellunopress.it\\\/2026\\\/01\\\/09\\\/regione-veneto-sostegno-allinternazionalizzazione-bando-pif-scadenza-31-marzo-2026\\\/\",\"url\":\"https:\\\/\\\/www.bellunopress.it\\\/2026\\\/01\\\/09\\\/regione-veneto-sostegno-allinternazionalizzazione-bando-pif-scadenza-31-marzo-2026\\\/\",\"name\":\"Regione Veneto - Sostegno all'internazionalizzazione - Bando PIF - Scadenza 31 marzo 2026 - Bellunopress - Dolomiti\",\"isPartOf\":{\"@id\":\"https:\\\/\\\/www.bellunopress.it\\\/#website\"},\"primaryImageOfPage\":{\"@id\":\"https:\\\/\\\/www.bellunopress.it\\\/2026\\\/01\\\/09\\\/regione-veneto-sostegno-allinternazionalizzazione-bando-pif-scadenza-31-marzo-2026\\\/#primaryimage\"},\"image\":{\"@id\":\"https:\\\/\\\/www.bellunopress.it\\\/2026\\\/01\\\/09\\\/regione-veneto-sostegno-allinternazionalizzazione-bando-pif-scadenza-31-marzo-2026\\\/#primaryimage\"},\"thumbnailUrl\":\"https:\\\/\\\/www.bellunopress.it\\\/wp-content\\\/uploads\\\/2026\\\/01\\\/bando-Pif-Regione.jpg\",\"datePublished\":\"2026-01-09T07:37:58+00:00\",\"breadcrumb\":{\"@id\":\"https:\\\/\\\/www.bellunopress.it\\\/2026\\\/01\\\/09\\\/regione-veneto-sostegno-allinternazionalizzazione-bando-pif-scadenza-31-marzo-2026\\\/#breadcrumb\"},\"inLanguage\":\"fr-FR\",\"potentialAction\":[{\"@type\":\"ReadAction\",\"target\":[\"https:\\\/\\\/www.bellunopress.it\\\/2026\\\/01\\\/09\\\/regione-veneto-sostegno-allinternazionalizzazione-bando-pif-scadenza-31-marzo-2026\\\/\"]}]},{\"@type\":\"ImageObject\",\"inLanguage\":\"fr-FR\",\"@id\":\"https:\\\/\\\/www.bellunopress.it\\\/2026\\\/01\\\/09\\\/regione-veneto-sostegno-allinternazionalizzazione-bando-pif-scadenza-31-marzo-2026\\\/#primaryimage\",\"url\":\"https:\\\/\\\/www.bellunopress.it\\\/wp-content\\\/uploads\\\/2026\\\/01\\\/bando-Pif-Regione.jpg\",\"contentUrl\":\"https:\\\/\\\/www.bellunopress.it\\\/wp-content\\\/uploads\\\/2026\\\/01\\\/bando-Pif-Regione.jpg\",\"width\":600,\"height\":362},{\"@type\":\"BreadcrumbList\",\"@id\":\"https:\\\/\\\/www.bellunopress.it\\\/2026\\\/01\\\/09\\\/regione-veneto-sostegno-allinternazionalizzazione-bando-pif-scadenza-31-marzo-2026\\\/#breadcrumb\",\"itemListElement\":[{\"@type\":\"ListItem\",\"position\":1,\"name\":\"Home\",\"item\":\"https:\\\/\\\/www.bellunopress.it\\\/\"},{\"@type\":\"ListItem\",\"position\":2,\"name\":\"Regione Veneto &#8211; Sostegno all&#8217;internazionalizzazione &#8211; Bando PIF &#8211; Scadenza 31 marzo 2026\"}]},{\"@type\":\"WebSite\",\"@id\":\"https:\\\/\\\/www.bellunopress.it\\\/#website\",\"url\":\"https:\\\/\\\/www.bellunopress.it\\\/\",\"name\":\"Bellunopress - Dolomiti\",\"description\":\"e-mail: redazione@bellunopress.it\",\"publisher\":{\"@id\":\"https:\\\/\\\/www.bellunopress.it\\\/#organization\"},\"potentialAction\":[{\"@type\":\"SearchAction\",\"target\":{\"@type\":\"EntryPoint\",\"urlTemplate\":\"https:\\\/\\\/www.bellunopress.it\\\/?s={search_term_string}\"},\"query-input\":{\"@type\":\"PropertyValueSpecification\",\"valueRequired\":true,\"valueName\":\"search_term_string\"}}],\"inLanguage\":\"fr-FR\"},{\"@type\":\"Organization\",\"@id\":\"https:\\\/\\\/www.bellunopress.it\\\/#organization\",\"name\":\"Bellunopress\",\"url\":\"https:\\\/\\\/www.bellunopress.it\\\/\",\"logo\":{\"@type\":\"ImageObject\",\"inLanguage\":\"fr-FR\",\"@id\":\"https:\\\/\\\/www.bellunopress.it\\\/#\\\/schema\\\/logo\\\/image\\\/\",\"url\":\"https:\\\/\\\/www.bellunopress.it\\\/wp-content\\\/uploads\\\/2011\\\/05\\\/cropped-logo-bellunopress-.jpg\",\"contentUrl\":\"https:\\\/\\\/www.bellunopress.it\\\/wp-content\\\/uploads\\\/2011\\\/05\\\/cropped-logo-bellunopress-.jpg\",\"width\":512,\"height\":512,\"caption\":\"Bellunopress\"},\"image\":{\"@id\":\"https:\\\/\\\/www.bellunopress.it\\\/#\\\/schema\\\/logo\\\/image\\\/\"},\"sameAs\":[\"https:\\\/\\\/www.facebook.com\\\/profile.php?id=100008943462799\",\"https:\\\/\\\/x.com\\\/bellunopress\",\"https:\\\/\\\/www.linkedin.com\\\/hp\\\/?dnr=JBzUWaJfMUw8vbXJJ2tVW5-I3jZKvC4wsoxE&amp;amp;amp;amp;amp;amp;trk=nav_responsive_tab_home\",\"https:\\\/\\\/www.youtube.com\\\/channel\\\/UCxL0wu1uN0_3_7hGG0306cw\"]},{\"@type\":\"Person\",\"@id\":\"https:\\\/\\\/www.bellunopress.it\\\/#\\\/schema\\\/person\\\/79bb06722b37ece1c03d3e94beb30d73\",\"name\":\"redazione\",\"image\":{\"@type\":\"ImageObject\",\"inLanguage\":\"fr-FR\",\"@id\":\"https:\\\/\\\/secure.gravatar.com\\\/avatar\\\/37d968a2e67a6fd04c169c4bdef102d0bc5d31b2546345219e348575eb80e9a0?s=96&d=mm&r=g\",\"url\":\"https:\\\/\\\/secure.gravatar.com\\\/avatar\\\/37d968a2e67a6fd04c169c4bdef102d0bc5d31b2546345219e348575eb80e9a0?s=96&d=mm&r=g\",\"contentUrl\":\"https:\\\/\\\/secure.gravatar.com\\\/avatar\\\/37d968a2e67a6fd04c169c4bdef102d0bc5d31b2546345219e348575eb80e9a0?s=96&d=mm&r=g\",\"caption\":\"redazione\"},\"sameAs\":[\"http:\\\/\\\/www.bellunopress.it\",\"https:\\\/\\\/x.com\\\/bellunopress\"],\"url\":\"https:\\\/\\\/www.bellunopress.it\\\/fr\\\/author\\\/redazione\\\/\"}]}<\/script>\n<!-- \/ Yoast SEO plugin. -->","yoast_head_json":{"title":"Regione Veneto - Sostegno all'internazionalizzazione - Bando PIF - Scadenza 31 marzo 2026 - Bellunopress - Dolomiti","robots":{"index":"index","follow":"follow","max-snippet":"max-snippet:-1","max-image-preview":"max-image-preview:large","max-video-preview":"max-video-preview:-1"},"canonical":"https:\/\/www.bellunopress.it\/fr\/2026\/01\/09\/regione-veneto-sostegno-allinternazionalizzazione-bando-pif-scadenza-31-marzo-2026\/","og_locale":"fr_FR","og_type":"article","og_title":"Regione Veneto - Sostegno all'internazionalizzazione - Bando PIF - Scadenza 31 marzo 2026 - Bellunopress - Dolomiti","og_description":"Bando della Regione del Veneto che persegue l&#8217;obiettivo di accrescere la vocazione all&#8217;esportazione delle micro, piccole e medie imprese (PMI) venete e la loro capacit\u00e0 di interagire con una customer base sempre pi\u00f9 internazionale, per inquadrare efficacemente la propria competitivit\u00e0 globale, e capire quale sia il contesto pi\u00f9 adatto per la propria crescita e per [&hellip;]","og_url":"https:\/\/www.bellunopress.it\/fr\/2026\/01\/09\/regione-veneto-sostegno-allinternazionalizzazione-bando-pif-scadenza-31-marzo-2026\/","og_site_name":"Bellunopress - Dolomiti","article_publisher":"https:\/\/www.facebook.com\/profile.php?id=100008943462799","article_published_time":"2026-01-09T07:37:58+00:00","og_image":[{"width":600,"height":362,"url":"https:\/\/www.bellunopress.it\/wp-content\/uploads\/2026\/01\/bando-Pif-Regione.jpg","type":"image\/jpeg"}],"author":"redazione","twitter_card":"summary_large_image","twitter_creator":"@bellunopress","twitter_site":"@bellunopress","twitter_misc":{"\u00c9crit par":"redazione","Dur\u00e9e de lecture estim\u00e9e":"1 minute"},"schema":{"@context":"https:\/\/schema.org","@graph":[{"@type":"Article","@id":"https:\/\/www.bellunopress.it\/2026\/01\/09\/regione-veneto-sostegno-allinternazionalizzazione-bando-pif-scadenza-31-marzo-2026\/#article","isPartOf":{"@id":"https:\/\/www.bellunopress.it\/2026\/01\/09\/regione-veneto-sostegno-allinternazionalizzazione-bando-pif-scadenza-31-marzo-2026\/"},"author":{"name":"redazione","@id":"https:\/\/www.bellunopress.it\/#\/schema\/person\/79bb06722b37ece1c03d3e94beb30d73"},"headline":"Regione Veneto &#8211; Sostegno all&#8217;internazionalizzazione &#8211; Bando PIF &#8211; Scadenza 31 marzo 2026","datePublished":"2026-01-09T07:37:58+00:00","mainEntityOfPage":{"@id":"https:\/\/www.bellunopress.it\/2026\/01\/09\/regione-veneto-sostegno-allinternazionalizzazione-bando-pif-scadenza-31-marzo-2026\/"},"wordCount":276,"publisher":{"@id":"https:\/\/www.bellunopress.it\/#organization"},"image":{"@id":"https:\/\/www.bellunopress.it\/2026\/01\/09\/regione-veneto-sostegno-allinternazionalizzazione-bando-pif-scadenza-31-marzo-2026\/#primaryimage"},"thumbnailUrl":"https:\/\/www.bellunopress.it\/wp-content\/uploads\/2026\/01\/bando-Pif-Regione.jpg","articleSection":["Lavoro, Economia, Turismo"],"inLanguage":"fr-FR"},{"@type":"WebPage","@id":"https:\/\/www.bellunopress.it\/2026\/01\/09\/regione-veneto-sostegno-allinternazionalizzazione-bando-pif-scadenza-31-marzo-2026\/","url":"https:\/\/www.bellunopress.it\/2026\/01\/09\/regione-veneto-sostegno-allinternazionalizzazione-bando-pif-scadenza-31-marzo-2026\/","name":"Regione Veneto - Sostegno all'internazionalizzazione - Bando PIF - Scadenza 31 marzo 2026 - Bellunopress - Dolomiti","isPartOf":{"@id":"https:\/\/www.bellunopress.it\/#website"},"primaryImageOfPage":{"@id":"https:\/\/www.bellunopress.it\/2026\/01\/09\/regione-veneto-sostegno-allinternazionalizzazione-bando-pif-scadenza-31-marzo-2026\/#primaryimage"},"image":{"@id":"https:\/\/www.bellunopress.it\/2026\/01\/09\/regione-veneto-sostegno-allinternazionalizzazione-bando-pif-scadenza-31-marzo-2026\/#primaryimage"},"thumbnailUrl":"https:\/\/www.bellunopress.it\/wp-content\/uploads\/2026\/01\/bando-Pif-Regione.jpg","datePublished":"2026-01-09T07:37:58+00:00","breadcrumb":{"@id":"https:\/\/www.bellunopress.it\/2026\/01\/09\/regione-veneto-sostegno-allinternazionalizzazione-bando-pif-scadenza-31-marzo-2026\/#breadcrumb"},"inLanguage":"fr-FR","potentialAction":[{"@type":"ReadAction","target":["https:\/\/www.bellunopress.it\/2026\/01\/09\/regione-veneto-sostegno-allinternazionalizzazione-bando-pif-scadenza-31-marzo-2026\/"]}]},{"@type":"ImageObject","inLanguage":"fr-FR","@id":"https:\/\/www.bellunopress.it\/2026\/01\/09\/regione-veneto-sostegno-allinternazionalizzazione-bando-pif-scadenza-31-marzo-2026\/#primaryimage","url":"https:\/\/www.bellunopress.it\/wp-content\/uploads\/2026\/01\/bando-Pif-Regione.jpg","contentUrl":"https:\/\/www.bellunopress.it\/wp-content\/uploads\/2026\/01\/bando-Pif-Regione.jpg","width":600,"height":362},{"@type":"BreadcrumbList","@id":"https:\/\/www.bellunopress.it\/2026\/01\/09\/regione-veneto-sostegno-allinternazionalizzazione-bando-pif-scadenza-31-marzo-2026\/#breadcrumb","itemListElement":[{"@type":"ListItem","position":1,"name":"Home","item":"https:\/\/www.bellunopress.it\/"},{"@type":"ListItem","position":2,"name":"Regione Veneto &#8211; Sostegno all&#8217;internazionalizzazione &#8211; Bando PIF &#8211; Scadenza 31 marzo 2026"}]},{"@type":"WebSite","@id":"https:\/\/www.bellunopress.it\/#website","url":"https:\/\/www.bellunopress.it\/","name":"Bellunopress - Dolomiti","description":"e-mail: redazione@bellunopress.it","publisher":{"@id":"https:\/\/www.bellunopress.it\/#organization"},"potentialAction":[{"@type":"SearchAction","target":{"@type":"EntryPoint","urlTemplate":"https:\/\/www.bellunopress.it\/?s={search_term_string}"},"query-input":{"@type":"PropertyValueSpecification","valueRequired":true,"valueName":"search_term_string"}}],"inLanguage":"fr-FR"},{"@type":"Organization","@id":"https:\/\/www.bellunopress.it\/#organization","name":"Bellunopress","url":"https:\/\/www.bellunopress.it\/","logo":{"@type":"ImageObject","inLanguage":"fr-FR","@id":"https:\/\/www.bellunopress.it\/#\/schema\/logo\/image\/","url":"https:\/\/www.bellunopress.it\/wp-content\/uploads\/2011\/05\/cropped-logo-bellunopress-.jpg","contentUrl":"https:\/\/www.bellunopress.it\/wp-content\/uploads\/2011\/05\/cropped-logo-bellunopress-.jpg","width":512,"height":512,"caption":"Bellunopress"},"image":{"@id":"https:\/\/www.bellunopress.it\/#\/schema\/logo\/image\/"},"sameAs":["https:\/\/www.facebook.com\/profile.php?id=100008943462799","https:\/\/x.com\/bellunopress","https:\/\/www.linkedin.com\/hp\/?dnr=JBzUWaJfMUw8vbXJJ2tVW5-I3jZKvC4wsoxE&amp;amp;amp;amp;amp;amp;trk=nav_responsive_tab_home","https:\/\/www.youtube.com\/channel\/UCxL0wu1uN0_3_7hGG0306cw"]},{"@type":"Person","@id":"https:\/\/www.bellunopress.it\/#\/schema\/person\/79bb06722b37ece1c03d3e94beb30d73","name":"r\u00e9daction","image":{"@type":"ImageObject","inLanguage":"fr-FR","@id":"https:\/\/secure.gravatar.com\/avatar\/37d968a2e67a6fd04c169c4bdef102d0bc5d31b2546345219e348575eb80e9a0?s=96&d=mm&r=g","url":"https:\/\/secure.gravatar.com\/avatar\/37d968a2e67a6fd04c169c4bdef102d0bc5d31b2546345219e348575eb80e9a0?s=96&d=mm&r=g","contentUrl":"https:\/\/secure.gravatar.com\/avatar\/37d968a2e67a6fd04c169c4bdef102d0bc5d31b2546345219e348575eb80e9a0?s=96&d=mm&r=g","caption":"redazione"},"sameAs":["http:\/\/www.bellunopress.it","https:\/\/x.com\/bellunopress"],"url":"https:\/\/www.bellunopress.it\/fr\/author\/redazione\/"}]}},"_links":{"self":[{"href":"https:\/\/www.bellunopress.it\/fr\/wp-json\/wp\/v2\/posts\/166339","targetHints":{"allow":["GET"]}}],"collection":[{"href":"https:\/\/www.bellunopress.it\/fr\/wp-json\/wp\/v2\/posts"}],"about":[{"href":"https:\/\/www.bellunopress.it\/fr\/wp-json\/wp\/v2\/types\/post"}],"author":[{"embeddable":true,"href":"https:\/\/www.bellunopress.it\/fr\/wp-json\/wp\/v2\/users\/2"}],"replies":[{"embeddable":true,"href":"https:\/\/www.bellunopress.it\/fr\/wp-json\/wp\/v2\/comments?post=166339"}],"version-history":[{"count":1,"href":"https:\/\/www.bellunopress.it\/fr\/wp-json\/wp\/v2\/posts\/166339\/revisions"}],"predecessor-version":[{"id":166342,"href":"https:\/\/www.bellunopress.it\/fr\/wp-json\/wp\/v2\/posts\/166339\/revisions\/166342"}],"wp:featuredmedia":[{"embeddable":true,"href":"https:\/\/www.bellunopress.it\/fr\/wp-json\/wp\/v2\/media\/166341"}],"wp:attachment":[{"href":"https:\/\/www.bellunopress.it\/fr\/wp-json\/wp\/v2\/media?parent=166339"}],"wp:term":[{"taxonomy":"category","embeddable":true,"href":"https:\/\/www.bellunopress.it\/fr\/wp-json\/wp\/v2\/categories?post=166339"},{"taxonomy":"post_tag","embeddable":true,"href":"https:\/\/www.bellunopress.it\/fr\/wp-json\/wp\/v2\/tags?post=166339"}],"curies":[{"name":"wp","href":"https:\/\/api.w.org\/{rel}","templated":true}]}}