{"id":166318,"date":"2026-01-08T13:07:20","date_gmt":"2026-01-08T12:07:20","guid":{"rendered":"https:\/\/www.bellunopress.it\/?p=166318"},"modified":"2026-01-08T13:07:20","modified_gmt":"2026-01-08T12:07:20","slug":"alla-stazione-di-longarone-due-minorenni-assaltano-il-bar-col-piccone-e-aggrediscono-il-titolare","status":"publish","type":"post","link":"https:\/\/www.bellunopress.it\/fr\/2026\/01\/08\/alla-stazione-di-longarone-due-minorenni-assaltano-il-bar-col-piccone-e-aggrediscono-il-titolare\/","title":{"rendered":"Alla stazione di Longarone due minorenni assaltano il bar col piccone e aggrediscono il titolare"},"content":{"rendered":"<figure id=\"attachment_166319\" aria-describedby=\"caption-attachment-166319\" style=\"width: 600px\" class=\"wp-caption aligncenter\"><img loading=\"lazy\" decoding=\"async\" class=\"size-full wp-image-166319\" src=\"https:\/\/www.bellunopress.it\/wp-content\/uploads\/2026\/01\/Dr-Sofia-Pierini-questore-Roberto-Della-Rocca-agenti-questura.jpg\" alt=\"\" width=\"600\" height=\"475\" srcset=\"https:\/\/www.bellunopress.it\/wp-content\/uploads\/2026\/01\/Dr-Sofia-Pierini-questore-Roberto-Della-Rocca-agenti-questura.jpg 600w, https:\/\/www.bellunopress.it\/wp-content\/uploads\/2026\/01\/Dr-Sofia-Pierini-questore-Roberto-Della-Rocca-agenti-questura-500x396.jpg 500w, https:\/\/www.bellunopress.it\/wp-content\/uploads\/2026\/01\/Dr-Sofia-Pierini-questore-Roberto-Della-Rocca-agenti-questura-531x420.jpg 531w\" sizes=\"auto, (max-width: 600px) 100vw, 600px\" \/><figcaption id=\"caption-attachment-166319\" class=\"wp-caption-text\">Commissario Sofia Pierini, capo Squadra Volanti, Questore Roberto Della Rocca e i due agenti intervenuti a Longarone<\/figcaption><\/figure>\n<p>Perch\u00e9 due ragazzine senza precedenti penali, provenienti da famiglie normali si procurano un piccone e un pugnale, sfondano delle vetrate per rubare delle sigarette e degli alcolici e quando sono sorprese dal proprietario del locale reagiscono aggredendolo? Una bravata o una dimostrazione nei confronti del branco? Se lo stanno chiedendo in queste ore gli inquirenti che non si erano mai trovati prima d\u2019ora di fronte a un fatto del genere.<\/p>\n<p>La serata del 4 gennaio 2026 alla stazione ferroviaria di Longarone due ragazzine minorenni, entrambe di nazionalit\u00e0 italiana, sono state tratte in arresto dagli agenti della Questura di Belluno con l&#8217;accusa di tentata rapina impropria aggravata in concorso.<br \/>\nSecondo la ricostruzione fornita dalle forze dell&#8217;ordine, le due giovani si sono presentate presso lo scalo ferroviario armate di un piccone. Con estrema violenza, hanno sfondato tre vetrate della stazione prima di scagliarsi contro la vetrina del bar interno. Una volta creato un varco, si sono introdotte nel locale con l\u2019obiettivo di depredare il locale. Bottino alcuni pacchetti di sigarette e due bottiglie di liquore per un valore commerciale di circa 60 euro.<\/p>\n<p>Ma non \u00e8 finita. L\u2019attivazione del sistema di allarme ha richiamato sul posto il proprietario del bar, che ha tentato di bloccare la fuga delle due ragazze. Le ragazzine, per guadagnarsi l&#8217;uscita, hanno iniziato a spintonare l&#8217;uomo, colpendolo con il lancio di schegge di vetro e arrivando a spruzzargli del detersivo liquido sul volto nel tentativo di accecarlo e disorientarlo.<\/p>\n<p>Il tempestivo intervento della Squadra Volante (U.P.G.S.P.), allertata da un passante che ha assistito alla scena e chiamato il numero di emergenza, ha permesso di bloccare le due minorenni prima che potessero far perdere le proprie tracce. Durante la perquisizione, gli agenti hanno rinvenuto nello zaino di una delle due anche un pugnale, che \u00e8 stato prontamente sequestrato.<\/p>\n<p>Le ragazze sono state tratte in arresto in flagranza per tentata rapina impropria aggravata in concorso. Su disposizione del P.M. del Tribunale dei Minori di Venezia le due sono state poste in trattenimento presso le rispettive abitazioni in attesa della udienza di convalida. Inoltre, le due sono state denunciate in stato di libert\u00e0 per lesioni aggravate, danneggiamento aggravato e una delle due per il reato di porto abusivo di armi.<\/p>","protected":false},"excerpt":{"rendered":"<p>Perch\u00e9 due ragazzine senza precedenti penali, provenienti da famiglie normali si procurano un piccone e un pugnale, sfondano delle vetrate per rubare delle sigarette e degli alcolici e quando sono sorprese dal proprietario del locale reagiscono aggredendolo? Una bravata o una dimostrazione nei confronti del branco? Se lo stanno chiedendo in queste ore gli inquirenti [&hellip;]<\/p>\n","protected":false},"author":2,"featured_media":166319,"comment_status":"closed","ping_status":"open","sticky":false,"template":"","format":"standard","meta":{"footnotes":""},"categories":[5,26],"tags":[],"class_list":["post-166318","post","type-post","status-publish","format-standard","has-post-thumbnail","category-cronaca","category-prima-pagina"],"yoast_head":"<!-- This site is optimized with the Yoast SEO plugin v28.4 - https:\/\/yoast.com\/product\/yoast-seo-wordpress\/ -->\n<title>Alla stazione di Longarone due minorenni assaltano il bar col piccone e aggrediscono il titolare - Bellunopress - Dolomiti<\/title>\n<meta name=\"robots\" content=\"index, follow, max-snippet:-1, max-image-preview:large, max-video-preview:-1\" \/>\n<link rel=\"canonical\" href=\"https:\/\/www.bellunopress.it\/fr\/2026\/01\/08\/alla-stazione-di-longarone-due-minorenni-assaltano-il-bar-col-piccone-e-aggrediscono-il-titolare\/\" \/>\n<meta property=\"og:locale\" content=\"fr_FR\" \/>\n<meta property=\"og:type\" content=\"article\" \/>\n<meta property=\"og:title\" content=\"Alla stazione di Longarone due minorenni assaltano il bar col piccone e aggrediscono il titolare - Bellunopress - Dolomiti\" \/>\n<meta property=\"og:description\" content=\"Perch\u00e9 due ragazzine senza precedenti penali, provenienti da famiglie normali si procurano un piccone e un pugnale, sfondano delle vetrate per rubare delle sigarette e degli alcolici e quando sono sorprese dal proprietario del locale reagiscono aggredendolo? Una bravata o una dimostrazione nei confronti del branco? Se lo stanno chiedendo in queste ore gli inquirenti [&hellip;]\" \/>\n<meta property=\"og:url\" content=\"https:\/\/www.bellunopress.it\/fr\/2026\/01\/08\/alla-stazione-di-longarone-due-minorenni-assaltano-il-bar-col-piccone-e-aggrediscono-il-titolare\/\" \/>\n<meta property=\"og:site_name\" content=\"Bellunopress - Dolomiti\" \/>\n<meta property=\"article:publisher\" content=\"https:\/\/www.facebook.com\/profile.php?id=100008943462799\" \/>\n<meta property=\"article:published_time\" content=\"2026-01-08T12:07:20+00:00\" \/>\n<meta property=\"og:image\" content=\"https:\/\/www.bellunopress.it\/wp-content\/uploads\/2026\/01\/Dr-Sofia-Pierini-questore-Roberto-Della-Rocca-agenti-questura.jpg\" \/>\n\t<meta property=\"og:image:width\" content=\"600\" \/>\n\t<meta property=\"og:image:height\" content=\"475\" \/>\n\t<meta property=\"og:image:type\" content=\"image\/jpeg\" \/>\n<meta name=\"author\" content=\"redazione\" \/>\n<meta name=\"twitter:card\" content=\"summary_large_image\" \/>\n<meta name=\"twitter:creator\" content=\"@bellunopress\" \/>\n<meta name=\"twitter:site\" content=\"@bellunopress\" \/>\n<meta name=\"twitter:label1\" content=\"\u00c9crit par\" \/>\n\t<meta name=\"twitter:data1\" content=\"redazione\" \/>\n\t<meta name=\"twitter:label2\" content=\"Dur\u00e9e de lecture estim\u00e9e\" \/>\n\t<meta name=\"twitter:data2\" content=\"2 minutes\" \/>\n<script type=\"application\/ld+json\" class=\"yoast-schema-graph\">{\"@context\":\"https:\\\/\\\/schema.org\",\"@graph\":[{\"@type\":\"Article\",\"@id\":\"https:\\\/\\\/www.bellunopress.it\\\/2026\\\/01\\\/08\\\/alla-stazione-di-longarone-due-minorenni-assaltano-il-bar-col-piccone-e-aggrediscono-il-titolare\\\/#article\",\"isPartOf\":{\"@id\":\"https:\\\/\\\/www.bellunopress.it\\\/2026\\\/01\\\/08\\\/alla-stazione-di-longarone-due-minorenni-assaltano-il-bar-col-piccone-e-aggrediscono-il-titolare\\\/\"},\"author\":{\"name\":\"redazione\",\"@id\":\"https:\\\/\\\/www.bellunopress.it\\\/#\\\/schema\\\/person\\\/79bb06722b37ece1c03d3e94beb30d73\"},\"headline\":\"Alla stazione di Longarone due minorenni assaltano il bar col piccone e aggrediscono il titolare\",\"datePublished\":\"2026-01-08T12:07:20+00:00\",\"mainEntityOfPage\":{\"@id\":\"https:\\\/\\\/www.bellunopress.it\\\/2026\\\/01\\\/08\\\/alla-stazione-di-longarone-due-minorenni-assaltano-il-bar-col-piccone-e-aggrediscono-il-titolare\\\/\"},\"wordCount\":415,\"publisher\":{\"@id\":\"https:\\\/\\\/www.bellunopress.it\\\/#organization\"},\"image\":{\"@id\":\"https:\\\/\\\/www.bellunopress.it\\\/2026\\\/01\\\/08\\\/alla-stazione-di-longarone-due-minorenni-assaltano-il-bar-col-piccone-e-aggrediscono-il-titolare\\\/#primaryimage\"},\"thumbnailUrl\":\"https:\\\/\\\/www.bellunopress.it\\\/wp-content\\\/uploads\\\/2026\\\/01\\\/Dr-Sofia-Pierini-questore-Roberto-Della-Rocca-agenti-questura.jpg\",\"articleSection\":[\"Cronaca\\\/Politica\",\"Prima Pagina\"],\"inLanguage\":\"fr-FR\"},{\"@type\":\"WebPage\",\"@id\":\"https:\\\/\\\/www.bellunopress.it\\\/2026\\\/01\\\/08\\\/alla-stazione-di-longarone-due-minorenni-assaltano-il-bar-col-piccone-e-aggrediscono-il-titolare\\\/\",\"url\":\"https:\\\/\\\/www.bellunopress.it\\\/2026\\\/01\\\/08\\\/alla-stazione-di-longarone-due-minorenni-assaltano-il-bar-col-piccone-e-aggrediscono-il-titolare\\\/\",\"name\":\"Alla stazione di Longarone due minorenni assaltano il bar col piccone e aggrediscono il titolare - Bellunopress - Dolomiti\",\"isPartOf\":{\"@id\":\"https:\\\/\\\/www.bellunopress.it\\\/#website\"},\"primaryImageOfPage\":{\"@id\":\"https:\\\/\\\/www.bellunopress.it\\\/2026\\\/01\\\/08\\\/alla-stazione-di-longarone-due-minorenni-assaltano-il-bar-col-piccone-e-aggrediscono-il-titolare\\\/#primaryimage\"},\"image\":{\"@id\":\"https:\\\/\\\/www.bellunopress.it\\\/2026\\\/01\\\/08\\\/alla-stazione-di-longarone-due-minorenni-assaltano-il-bar-col-piccone-e-aggrediscono-il-titolare\\\/#primaryimage\"},\"thumbnailUrl\":\"https:\\\/\\\/www.bellunopress.it\\\/wp-content\\\/uploads\\\/2026\\\/01\\\/Dr-Sofia-Pierini-questore-Roberto-Della-Rocca-agenti-questura.jpg\",\"datePublished\":\"2026-01-08T12:07:20+00:00\",\"breadcrumb\":{\"@id\":\"https:\\\/\\\/www.bellunopress.it\\\/2026\\\/01\\\/08\\\/alla-stazione-di-longarone-due-minorenni-assaltano-il-bar-col-piccone-e-aggrediscono-il-titolare\\\/#breadcrumb\"},\"inLanguage\":\"fr-FR\",\"potentialAction\":[{\"@type\":\"ReadAction\",\"target\":[\"https:\\\/\\\/www.bellunopress.it\\\/2026\\\/01\\\/08\\\/alla-stazione-di-longarone-due-minorenni-assaltano-il-bar-col-piccone-e-aggrediscono-il-titolare\\\/\"]}]},{\"@type\":\"ImageObject\",\"inLanguage\":\"fr-FR\",\"@id\":\"https:\\\/\\\/www.bellunopress.it\\\/2026\\\/01\\\/08\\\/alla-stazione-di-longarone-due-minorenni-assaltano-il-bar-col-piccone-e-aggrediscono-il-titolare\\\/#primaryimage\",\"url\":\"https:\\\/\\\/www.bellunopress.it\\\/wp-content\\\/uploads\\\/2026\\\/01\\\/Dr-Sofia-Pierini-questore-Roberto-Della-Rocca-agenti-questura.jpg\",\"contentUrl\":\"https:\\\/\\\/www.bellunopress.it\\\/wp-content\\\/uploads\\\/2026\\\/01\\\/Dr-Sofia-Pierini-questore-Roberto-Della-Rocca-agenti-questura.jpg\",\"width\":600,\"height\":475,\"caption\":\"Commissario Sofia Pierini, capo Squadra Volanti, Questore Roberto Della Rocca con i due agenti intervenuti a Longarone\"},{\"@type\":\"BreadcrumbList\",\"@id\":\"https:\\\/\\\/www.bellunopress.it\\\/2026\\\/01\\\/08\\\/alla-stazione-di-longarone-due-minorenni-assaltano-il-bar-col-piccone-e-aggrediscono-il-titolare\\\/#breadcrumb\",\"itemListElement\":[{\"@type\":\"ListItem\",\"position\":1,\"name\":\"Home\",\"item\":\"https:\\\/\\\/www.bellunopress.it\\\/\"},{\"@type\":\"ListItem\",\"position\":2,\"name\":\"Alla stazione di Longarone due minorenni assaltano il bar col piccone e aggrediscono il titolare\"}]},{\"@type\":\"WebSite\",\"@id\":\"https:\\\/\\\/www.bellunopress.it\\\/#website\",\"url\":\"https:\\\/\\\/www.bellunopress.it\\\/\",\"name\":\"Bellunopress - Dolomiti\",\"description\":\"e-mail: redazione@bellunopress.it\",\"publisher\":{\"@id\":\"https:\\\/\\\/www.bellunopress.it\\\/#organization\"},\"potentialAction\":[{\"@type\":\"SearchAction\",\"target\":{\"@type\":\"EntryPoint\",\"urlTemplate\":\"https:\\\/\\\/www.bellunopress.it\\\/?s={search_term_string}\"},\"query-input\":{\"@type\":\"PropertyValueSpecification\",\"valueRequired\":true,\"valueName\":\"search_term_string\"}}],\"inLanguage\":\"fr-FR\"},{\"@type\":\"Organization\",\"@id\":\"https:\\\/\\\/www.bellunopress.it\\\/#organization\",\"name\":\"Bellunopress\",\"url\":\"https:\\\/\\\/www.bellunopress.it\\\/\",\"logo\":{\"@type\":\"ImageObject\",\"inLanguage\":\"fr-FR\",\"@id\":\"https:\\\/\\\/www.bellunopress.it\\\/#\\\/schema\\\/logo\\\/image\\\/\",\"url\":\"https:\\\/\\\/www.bellunopress.it\\\/wp-content\\\/uploads\\\/2011\\\/05\\\/cropped-logo-bellunopress-.jpg\",\"contentUrl\":\"https:\\\/\\\/www.bellunopress.it\\\/wp-content\\\/uploads\\\/2011\\\/05\\\/cropped-logo-bellunopress-.jpg\",\"width\":512,\"height\":512,\"caption\":\"Bellunopress\"},\"image\":{\"@id\":\"https:\\\/\\\/www.bellunopress.it\\\/#\\\/schema\\\/logo\\\/image\\\/\"},\"sameAs\":[\"https:\\\/\\\/www.facebook.com\\\/profile.php?id=100008943462799\",\"https:\\\/\\\/x.com\\\/bellunopress\",\"https:\\\/\\\/www.linkedin.com\\\/hp\\\/?dnr=JBzUWaJfMUw8vbXJJ2tVW5-I3jZKvC4wsoxE&amp;amp;amp;amp;amp;amp;trk=nav_responsive_tab_home\",\"https:\\\/\\\/www.youtube.com\\\/channel\\\/UCxL0wu1uN0_3_7hGG0306cw\"]},{\"@type\":\"Person\",\"@id\":\"https:\\\/\\\/www.bellunopress.it\\\/#\\\/schema\\\/person\\\/79bb06722b37ece1c03d3e94beb30d73\",\"name\":\"redazione\",\"image\":{\"@type\":\"ImageObject\",\"inLanguage\":\"fr-FR\",\"@id\":\"https:\\\/\\\/secure.gravatar.com\\\/avatar\\\/37d968a2e67a6fd04c169c4bdef102d0bc5d31b2546345219e348575eb80e9a0?s=96&d=mm&r=g\",\"url\":\"https:\\\/\\\/secure.gravatar.com\\\/avatar\\\/37d968a2e67a6fd04c169c4bdef102d0bc5d31b2546345219e348575eb80e9a0?s=96&d=mm&r=g\",\"contentUrl\":\"https:\\\/\\\/secure.gravatar.com\\\/avatar\\\/37d968a2e67a6fd04c169c4bdef102d0bc5d31b2546345219e348575eb80e9a0?s=96&d=mm&r=g\",\"caption\":\"redazione\"},\"sameAs\":[\"http:\\\/\\\/www.bellunopress.it\",\"https:\\\/\\\/x.com\\\/bellunopress\"],\"url\":\"https:\\\/\\\/www.bellunopress.it\\\/fr\\\/author\\\/redazione\\\/\"}]}<\/script>\n<!-- \/ Yoast SEO plugin. -->","yoast_head_json":{"title":"Alla stazione di Longarone due minorenni assaltano il bar col piccone e aggrediscono il titolare - Bellunopress - Dolomiti","robots":{"index":"index","follow":"follow","max-snippet":"max-snippet:-1","max-image-preview":"max-image-preview:large","max-video-preview":"max-video-preview:-1"},"canonical":"https:\/\/www.bellunopress.it\/fr\/2026\/01\/08\/alla-stazione-di-longarone-due-minorenni-assaltano-il-bar-col-piccone-e-aggrediscono-il-titolare\/","og_locale":"fr_FR","og_type":"article","og_title":"Alla stazione di Longarone due minorenni assaltano il bar col piccone e aggrediscono il titolare - Bellunopress - Dolomiti","og_description":"Perch\u00e9 due ragazzine senza precedenti penali, provenienti da famiglie normali si procurano un piccone e un pugnale, sfondano delle vetrate per rubare delle sigarette e degli alcolici e quando sono sorprese dal proprietario del locale reagiscono aggredendolo? Una bravata o una dimostrazione nei confronti del branco? Se lo stanno chiedendo in queste ore gli inquirenti [&hellip;]","og_url":"https:\/\/www.bellunopress.it\/fr\/2026\/01\/08\/alla-stazione-di-longarone-due-minorenni-assaltano-il-bar-col-piccone-e-aggrediscono-il-titolare\/","og_site_name":"Bellunopress - Dolomiti","article_publisher":"https:\/\/www.facebook.com\/profile.php?id=100008943462799","article_published_time":"2026-01-08T12:07:20+00:00","og_image":[{"width":600,"height":475,"url":"https:\/\/www.bellunopress.it\/wp-content\/uploads\/2026\/01\/Dr-Sofia-Pierini-questore-Roberto-Della-Rocca-agenti-questura.jpg","type":"image\/jpeg"}],"author":"redazione","twitter_card":"summary_large_image","twitter_creator":"@bellunopress","twitter_site":"@bellunopress","twitter_misc":{"\u00c9crit par":"redazione","Dur\u00e9e de lecture estim\u00e9e":"2 minutes"},"schema":{"@context":"https:\/\/schema.org","@graph":[{"@type":"Article","@id":"https:\/\/www.bellunopress.it\/2026\/01\/08\/alla-stazione-di-longarone-due-minorenni-assaltano-il-bar-col-piccone-e-aggrediscono-il-titolare\/#article","isPartOf":{"@id":"https:\/\/www.bellunopress.it\/2026\/01\/08\/alla-stazione-di-longarone-due-minorenni-assaltano-il-bar-col-piccone-e-aggrediscono-il-titolare\/"},"author":{"name":"redazione","@id":"https:\/\/www.bellunopress.it\/#\/schema\/person\/79bb06722b37ece1c03d3e94beb30d73"},"headline":"Alla stazione di Longarone due minorenni assaltano il bar col piccone e aggrediscono il titolare","datePublished":"2026-01-08T12:07:20+00:00","mainEntityOfPage":{"@id":"https:\/\/www.bellunopress.it\/2026\/01\/08\/alla-stazione-di-longarone-due-minorenni-assaltano-il-bar-col-piccone-e-aggrediscono-il-titolare\/"},"wordCount":415,"publisher":{"@id":"https:\/\/www.bellunopress.it\/#organization"},"image":{"@id":"https:\/\/www.bellunopress.it\/2026\/01\/08\/alla-stazione-di-longarone-due-minorenni-assaltano-il-bar-col-piccone-e-aggrediscono-il-titolare\/#primaryimage"},"thumbnailUrl":"https:\/\/www.bellunopress.it\/wp-content\/uploads\/2026\/01\/Dr-Sofia-Pierini-questore-Roberto-Della-Rocca-agenti-questura.jpg","articleSection":["Cronaca\/Politica","Prima Pagina"],"inLanguage":"fr-FR"},{"@type":"WebPage","@id":"https:\/\/www.bellunopress.it\/2026\/01\/08\/alla-stazione-di-longarone-due-minorenni-assaltano-il-bar-col-piccone-e-aggrediscono-il-titolare\/","url":"https:\/\/www.bellunopress.it\/2026\/01\/08\/alla-stazione-di-longarone-due-minorenni-assaltano-il-bar-col-piccone-e-aggrediscono-il-titolare\/","name":"Alla stazione di Longarone due minorenni assaltano il bar col piccone e aggrediscono il titolare - Bellunopress - Dolomiti","isPartOf":{"@id":"https:\/\/www.bellunopress.it\/#website"},"primaryImageOfPage":{"@id":"https:\/\/www.bellunopress.it\/2026\/01\/08\/alla-stazione-di-longarone-due-minorenni-assaltano-il-bar-col-piccone-e-aggrediscono-il-titolare\/#primaryimage"},"image":{"@id":"https:\/\/www.bellunopress.it\/2026\/01\/08\/alla-stazione-di-longarone-due-minorenni-assaltano-il-bar-col-piccone-e-aggrediscono-il-titolare\/#primaryimage"},"thumbnailUrl":"https:\/\/www.bellunopress.it\/wp-content\/uploads\/2026\/01\/Dr-Sofia-Pierini-questore-Roberto-Della-Rocca-agenti-questura.jpg","datePublished":"2026-01-08T12:07:20+00:00","breadcrumb":{"@id":"https:\/\/www.bellunopress.it\/2026\/01\/08\/alla-stazione-di-longarone-due-minorenni-assaltano-il-bar-col-piccone-e-aggrediscono-il-titolare\/#breadcrumb"},"inLanguage":"fr-FR","potentialAction":[{"@type":"ReadAction","target":["https:\/\/www.bellunopress.it\/2026\/01\/08\/alla-stazione-di-longarone-due-minorenni-assaltano-il-bar-col-piccone-e-aggrediscono-il-titolare\/"]}]},{"@type":"ImageObject","inLanguage":"fr-FR","@id":"https:\/\/www.bellunopress.it\/2026\/01\/08\/alla-stazione-di-longarone-due-minorenni-assaltano-il-bar-col-piccone-e-aggrediscono-il-titolare\/#primaryimage","url":"https:\/\/www.bellunopress.it\/wp-content\/uploads\/2026\/01\/Dr-Sofia-Pierini-questore-Roberto-Della-Rocca-agenti-questura.jpg","contentUrl":"https:\/\/www.bellunopress.it\/wp-content\/uploads\/2026\/01\/Dr-Sofia-Pierini-questore-Roberto-Della-Rocca-agenti-questura.jpg","width":600,"height":475,"caption":"Commissario Sofia Pierini, capo Squadra Volanti, Questore Roberto Della Rocca con i due agenti intervenuti a Longarone"},{"@type":"BreadcrumbList","@id":"https:\/\/www.bellunopress.it\/2026\/01\/08\/alla-stazione-di-longarone-due-minorenni-assaltano-il-bar-col-piccone-e-aggrediscono-il-titolare\/#breadcrumb","itemListElement":[{"@type":"ListItem","position":1,"name":"Home","item":"https:\/\/www.bellunopress.it\/"},{"@type":"ListItem","position":2,"name":"Alla stazione di Longarone due minorenni assaltano il bar col piccone e aggrediscono il titolare"}]},{"@type":"WebSite","@id":"https:\/\/www.bellunopress.it\/#website","url":"https:\/\/www.bellunopress.it\/","name":"Bellunopress - Dolomiti","description":"e-mail: redazione@bellunopress.it","publisher":{"@id":"https:\/\/www.bellunopress.it\/#organization"},"potentialAction":[{"@type":"SearchAction","target":{"@type":"EntryPoint","urlTemplate":"https:\/\/www.bellunopress.it\/?s={search_term_string}"},"query-input":{"@type":"PropertyValueSpecification","valueRequired":true,"valueName":"search_term_string"}}],"inLanguage":"fr-FR"},{"@type":"Organization","@id":"https:\/\/www.bellunopress.it\/#organization","name":"Bellunopress","url":"https:\/\/www.bellunopress.it\/","logo":{"@type":"ImageObject","inLanguage":"fr-FR","@id":"https:\/\/www.bellunopress.it\/#\/schema\/logo\/image\/","url":"https:\/\/www.bellunopress.it\/wp-content\/uploads\/2011\/05\/cropped-logo-bellunopress-.jpg","contentUrl":"https:\/\/www.bellunopress.it\/wp-content\/uploads\/2011\/05\/cropped-logo-bellunopress-.jpg","width":512,"height":512,"caption":"Bellunopress"},"image":{"@id":"https:\/\/www.bellunopress.it\/#\/schema\/logo\/image\/"},"sameAs":["https:\/\/www.facebook.com\/profile.php?id=100008943462799","https:\/\/x.com\/bellunopress","https:\/\/www.linkedin.com\/hp\/?dnr=JBzUWaJfMUw8vbXJJ2tVW5-I3jZKvC4wsoxE&amp;amp;amp;amp;amp;amp;trk=nav_responsive_tab_home","https:\/\/www.youtube.com\/channel\/UCxL0wu1uN0_3_7hGG0306cw"]},{"@type":"Person","@id":"https:\/\/www.bellunopress.it\/#\/schema\/person\/79bb06722b37ece1c03d3e94beb30d73","name":"r\u00e9daction","image":{"@type":"ImageObject","inLanguage":"fr-FR","@id":"https:\/\/secure.gravatar.com\/avatar\/37d968a2e67a6fd04c169c4bdef102d0bc5d31b2546345219e348575eb80e9a0?s=96&d=mm&r=g","url":"https:\/\/secure.gravatar.com\/avatar\/37d968a2e67a6fd04c169c4bdef102d0bc5d31b2546345219e348575eb80e9a0?s=96&d=mm&r=g","contentUrl":"https:\/\/secure.gravatar.com\/avatar\/37d968a2e67a6fd04c169c4bdef102d0bc5d31b2546345219e348575eb80e9a0?s=96&d=mm&r=g","caption":"redazione"},"sameAs":["http:\/\/www.bellunopress.it","https:\/\/x.com\/bellunopress"],"url":"https:\/\/www.bellunopress.it\/fr\/author\/redazione\/"}]}},"_links":{"self":[{"href":"https:\/\/www.bellunopress.it\/fr\/wp-json\/wp\/v2\/posts\/166318","targetHints":{"allow":["GET"]}}],"collection":[{"href":"https:\/\/www.bellunopress.it\/fr\/wp-json\/wp\/v2\/posts"}],"about":[{"href":"https:\/\/www.bellunopress.it\/fr\/wp-json\/wp\/v2\/types\/post"}],"author":[{"embeddable":true,"href":"https:\/\/www.bellunopress.it\/fr\/wp-json\/wp\/v2\/users\/2"}],"replies":[{"embeddable":true,"href":"https:\/\/www.bellunopress.it\/fr\/wp-json\/wp\/v2\/comments?post=166318"}],"version-history":[{"count":1,"href":"https:\/\/www.bellunopress.it\/fr\/wp-json\/wp\/v2\/posts\/166318\/revisions"}],"predecessor-version":[{"id":166320,"href":"https:\/\/www.bellunopress.it\/fr\/wp-json\/wp\/v2\/posts\/166318\/revisions\/166320"}],"wp:featuredmedia":[{"embeddable":true,"href":"https:\/\/www.bellunopress.it\/fr\/wp-json\/wp\/v2\/media\/166319"}],"wp:attachment":[{"href":"https:\/\/www.bellunopress.it\/fr\/wp-json\/wp\/v2\/media?parent=166318"}],"wp:term":[{"taxonomy":"category","embeddable":true,"href":"https:\/\/www.bellunopress.it\/fr\/wp-json\/wp\/v2\/categories?post=166318"},{"taxonomy":"post_tag","embeddable":true,"href":"https:\/\/www.bellunopress.it\/fr\/wp-json\/wp\/v2\/tags?post=166318"}],"curies":[{"name":"wp","href":"https:\/\/api.w.org\/{rel}","templated":true}]}}