{"id":166312,"date":"2026-01-07T18:44:11","date_gmt":"2026-01-07T17:44:11","guid":{"rendered":"https:\/\/www.bellunopress.it\/?p=166312"},"modified":"2026-01-07T18:44:11","modified_gmt":"2026-01-07T17:44:11","slug":"manifesto-zaia-cunegato-solo-retorica-senza-coerenza","status":"publish","type":"post","link":"https:\/\/www.bellunopress.it\/fr\/2026\/01\/07\/manifesto-zaia-cunegato-solo-retorica-senza-coerenza\/","title":{"rendered":"Manifesto Zaia. Cunegato: &#8220;Solo retorica senza coerenza&#8221;"},"content":{"rendered":"<figure id=\"attachment_166313\" aria-describedby=\"caption-attachment-166313\" style=\"width: 255px\" class=\"wp-caption aligncenter\"><img loading=\"lazy\" decoding=\"async\" class=\"size-full wp-image-166313\" src=\"https:\/\/www.bellunopress.it\/wp-content\/uploads\/2026\/01\/Carlo-Cunegato-consigliere-regionale.jpg\" alt=\"Carlo Cunegato Gruppo Alleanza Verdi e SinistraConsiglio regionale del Veneto\" width=\"255\" height=\"351\" \/><figcaption id=\"caption-attachment-166313\" class=\"wp-caption-text\">Carlo Cunegato &#8211;<br \/>Gruppo Alleanza Verdi e Sinistra<br \/>Consiglio regionale del Veneto<\/figcaption><\/figure>\n<p>Venezia, 7 gennaio 2026 &#8211; &#8220;Zaia prova a ritagliarsi un ruolo nazionale dopo essere stato marginalizzato in Veneto nella sua stessa coalizione. Il suo nuovo \u2018manifesto\u2019 appare come un\u2019operazione di immagine, non certo come una proposta politica credibile&#8221;.<\/p>\n<p>Lo dichiara Carlo Cunegato, capogruppo di Alleanza Verdi e Sinistra nel consiglio regionale del Veneto.<\/p>\n<p>&#8220;L\u2019autonomia resta il mito irraggiungibile che la Lega promette (e non realizza) da 35 anni, pur essendo stata al governo quasi ininterrottamente. In politica estera, Zaia parla di mediazione tra Europa e Usa mentre i governi sostenuti dalla Lega hanno accettato dazi, costi energetici insostenibili e un aumento della spesa militare che sottrae risorse ai servizi pubblici. Altro che equilibrio: \u00e8 subalternit\u00e0,&#8221; prosegue.<\/p>\n<p>&#8220;Sulla sicurezza, Zaia critica ci\u00f2 che la destra non ha fatto pur avendo guidato il Viminale per un quarto di secolo: tra il dire e il fare c&#8217;\u00e8 di mezzo la Lega. E sui giovani, dopo 15 anni di governo regionale, scopre oggi che servono casa, lavoro e formazione, mentre il Veneto perde under 35 e non riesce ad attrarne. Le vicine Lombardia ed Emilia-Romagna hanno saldi migratori giovanili positivi, +114 mila e +82 mila ragazzi. Il Veneto ne perde 12 mila: un confronto impietoso,&#8221; aggiunge.<\/p>\n<p>&#8220;Infine, i diritti civili: Zaia si dice liberale, ma resta in un partito che ospita dirigenti misogini e omofobi e che osteggia sistematicamente ogni avanzamento sui temi etici. Non si pu\u00f2 essere per i diritti e restare nella Lega,&#8221; conclude Cunegato.<\/p>\n<p>&nbsp;<\/p>","protected":false},"excerpt":{"rendered":"<p>Venezia, 7 gennaio 2026 &#8211; &#8220;Zaia prova a ritagliarsi un ruolo nazionale dopo essere stato marginalizzato in Veneto nella sua stessa coalizione. Il suo nuovo \u2018manifesto\u2019 appare come un\u2019operazione di immagine, non certo come una proposta politica credibile&#8221;. Lo dichiara Carlo Cunegato, capogruppo di Alleanza Verdi e Sinistra nel consiglio regionale del Veneto. &#8220;L\u2019autonomia resta [&hellip;]<\/p>\n","protected":false},"author":2,"featured_media":166313,"comment_status":"closed","ping_status":"open","sticky":false,"template":"","format":"standard","meta":{"footnotes":""},"categories":[5,26],"tags":[],"class_list":["post-166312","post","type-post","status-publish","format-standard","has-post-thumbnail","category-cronaca","category-prima-pagina"],"yoast_head":"<!-- This site is optimized with the Yoast SEO plugin v28.4 - https:\/\/yoast.com\/product\/yoast-seo-wordpress\/ -->\n<title>Manifesto Zaia. Cunegato: &quot;Solo retorica senza coerenza&quot; - Bellunopress - Dolomiti<\/title>\n<meta name=\"robots\" content=\"index, follow, max-snippet:-1, max-image-preview:large, max-video-preview:-1\" \/>\n<link rel=\"canonical\" href=\"https:\/\/www.bellunopress.it\/fr\/2026\/01\/07\/manifesto-zaia-cunegato-solo-retorica-senza-coerenza\/\" \/>\n<meta property=\"og:locale\" content=\"fr_FR\" \/>\n<meta property=\"og:type\" content=\"article\" \/>\n<meta property=\"og:title\" content=\"Manifesto Zaia. Cunegato: &quot;Solo retorica senza coerenza&quot; - Bellunopress - Dolomiti\" \/>\n<meta property=\"og:description\" content=\"Venezia, 7 gennaio 2026 &#8211; &#8220;Zaia prova a ritagliarsi un ruolo nazionale dopo essere stato marginalizzato in Veneto nella sua stessa coalizione. Il suo nuovo \u2018manifesto\u2019 appare come un\u2019operazione di immagine, non certo come una proposta politica credibile&#8221;. Lo dichiara Carlo Cunegato, capogruppo di Alleanza Verdi e Sinistra nel consiglio regionale del Veneto. &#8220;L\u2019autonomia resta [&hellip;]\" \/>\n<meta property=\"og:url\" content=\"https:\/\/www.bellunopress.it\/fr\/2026\/01\/07\/manifesto-zaia-cunegato-solo-retorica-senza-coerenza\/\" \/>\n<meta property=\"og:site_name\" content=\"Bellunopress - Dolomiti\" \/>\n<meta property=\"article:publisher\" content=\"https:\/\/www.facebook.com\/profile.php?id=100008943462799\" \/>\n<meta property=\"article:published_time\" content=\"2026-01-07T17:44:11+00:00\" \/>\n<meta property=\"og:image\" content=\"https:\/\/www.bellunopress.it\/wp-content\/uploads\/2026\/01\/Carlo-Cunegato-consigliere-regionale.jpg\" \/>\n\t<meta property=\"og:image:width\" content=\"255\" \/>\n\t<meta property=\"og:image:height\" content=\"351\" \/>\n\t<meta property=\"og:image:type\" content=\"image\/jpeg\" \/>\n<meta name=\"author\" content=\"redazione\" \/>\n<meta name=\"twitter:card\" content=\"summary_large_image\" \/>\n<meta name=\"twitter:creator\" content=\"@bellunopress\" \/>\n<meta name=\"twitter:site\" content=\"@bellunopress\" \/>\n<meta name=\"twitter:label1\" content=\"\u00c9crit par\" \/>\n\t<meta name=\"twitter:data1\" content=\"redazione\" \/>\n\t<meta name=\"twitter:label2\" content=\"Dur\u00e9e de lecture estim\u00e9e\" \/>\n\t<meta name=\"twitter:data2\" content=\"1 minute\" \/>\n<script type=\"application\/ld+json\" class=\"yoast-schema-graph\">{\"@context\":\"https:\\\/\\\/schema.org\",\"@graph\":[{\"@type\":\"Article\",\"@id\":\"https:\\\/\\\/www.bellunopress.it\\\/2026\\\/01\\\/07\\\/manifesto-zaia-cunegato-solo-retorica-senza-coerenza\\\/#article\",\"isPartOf\":{\"@id\":\"https:\\\/\\\/www.bellunopress.it\\\/2026\\\/01\\\/07\\\/manifesto-zaia-cunegato-solo-retorica-senza-coerenza\\\/\"},\"author\":{\"name\":\"redazione\",\"@id\":\"https:\\\/\\\/www.bellunopress.it\\\/#\\\/schema\\\/person\\\/79bb06722b37ece1c03d3e94beb30d73\"},\"headline\":\"Manifesto Zaia. Cunegato: &#8220;Solo retorica senza coerenza&#8221;\",\"datePublished\":\"2026-01-07T17:44:11+00:00\",\"mainEntityOfPage\":{\"@id\":\"https:\\\/\\\/www.bellunopress.it\\\/2026\\\/01\\\/07\\\/manifesto-zaia-cunegato-solo-retorica-senza-coerenza\\\/\"},\"wordCount\":261,\"publisher\":{\"@id\":\"https:\\\/\\\/www.bellunopress.it\\\/#organization\"},\"image\":{\"@id\":\"https:\\\/\\\/www.bellunopress.it\\\/2026\\\/01\\\/07\\\/manifesto-zaia-cunegato-solo-retorica-senza-coerenza\\\/#primaryimage\"},\"thumbnailUrl\":\"https:\\\/\\\/www.bellunopress.it\\\/wp-content\\\/uploads\\\/2026\\\/01\\\/Carlo-Cunegato-consigliere-regionale.jpg\",\"articleSection\":[\"Cronaca\\\/Politica\",\"Prima Pagina\"],\"inLanguage\":\"fr-FR\"},{\"@type\":\"WebPage\",\"@id\":\"https:\\\/\\\/www.bellunopress.it\\\/2026\\\/01\\\/07\\\/manifesto-zaia-cunegato-solo-retorica-senza-coerenza\\\/\",\"url\":\"https:\\\/\\\/www.bellunopress.it\\\/2026\\\/01\\\/07\\\/manifesto-zaia-cunegato-solo-retorica-senza-coerenza\\\/\",\"name\":\"Manifesto Zaia. Cunegato: \\\"Solo retorica senza coerenza\\\" - Bellunopress - Dolomiti\",\"isPartOf\":{\"@id\":\"https:\\\/\\\/www.bellunopress.it\\\/#website\"},\"primaryImageOfPage\":{\"@id\":\"https:\\\/\\\/www.bellunopress.it\\\/2026\\\/01\\\/07\\\/manifesto-zaia-cunegato-solo-retorica-senza-coerenza\\\/#primaryimage\"},\"image\":{\"@id\":\"https:\\\/\\\/www.bellunopress.it\\\/2026\\\/01\\\/07\\\/manifesto-zaia-cunegato-solo-retorica-senza-coerenza\\\/#primaryimage\"},\"thumbnailUrl\":\"https:\\\/\\\/www.bellunopress.it\\\/wp-content\\\/uploads\\\/2026\\\/01\\\/Carlo-Cunegato-consigliere-regionale.jpg\",\"datePublished\":\"2026-01-07T17:44:11+00:00\",\"breadcrumb\":{\"@id\":\"https:\\\/\\\/www.bellunopress.it\\\/2026\\\/01\\\/07\\\/manifesto-zaia-cunegato-solo-retorica-senza-coerenza\\\/#breadcrumb\"},\"inLanguage\":\"fr-FR\",\"potentialAction\":[{\"@type\":\"ReadAction\",\"target\":[\"https:\\\/\\\/www.bellunopress.it\\\/2026\\\/01\\\/07\\\/manifesto-zaia-cunegato-solo-retorica-senza-coerenza\\\/\"]}]},{\"@type\":\"ImageObject\",\"inLanguage\":\"fr-FR\",\"@id\":\"https:\\\/\\\/www.bellunopress.it\\\/2026\\\/01\\\/07\\\/manifesto-zaia-cunegato-solo-retorica-senza-coerenza\\\/#primaryimage\",\"url\":\"https:\\\/\\\/www.bellunopress.it\\\/wp-content\\\/uploads\\\/2026\\\/01\\\/Carlo-Cunegato-consigliere-regionale.jpg\",\"contentUrl\":\"https:\\\/\\\/www.bellunopress.it\\\/wp-content\\\/uploads\\\/2026\\\/01\\\/Carlo-Cunegato-consigliere-regionale.jpg\",\"width\":255,\"height\":351,\"caption\":\"Carlo Cunegato - Gruppo Alleanza Verdi e Sinistra Consiglio regionale del Veneto\"},{\"@type\":\"BreadcrumbList\",\"@id\":\"https:\\\/\\\/www.bellunopress.it\\\/2026\\\/01\\\/07\\\/manifesto-zaia-cunegato-solo-retorica-senza-coerenza\\\/#breadcrumb\",\"itemListElement\":[{\"@type\":\"ListItem\",\"position\":1,\"name\":\"Home\",\"item\":\"https:\\\/\\\/www.bellunopress.it\\\/\"},{\"@type\":\"ListItem\",\"position\":2,\"name\":\"Manifesto Zaia. Cunegato: &#8220;Solo retorica senza coerenza&#8221;\"}]},{\"@type\":\"WebSite\",\"@id\":\"https:\\\/\\\/www.bellunopress.it\\\/#website\",\"url\":\"https:\\\/\\\/www.bellunopress.it\\\/\",\"name\":\"Bellunopress - Dolomiti\",\"description\":\"e-mail: redazione@bellunopress.it\",\"publisher\":{\"@id\":\"https:\\\/\\\/www.bellunopress.it\\\/#organization\"},\"potentialAction\":[{\"@type\":\"SearchAction\",\"target\":{\"@type\":\"EntryPoint\",\"urlTemplate\":\"https:\\\/\\\/www.bellunopress.it\\\/?s={search_term_string}\"},\"query-input\":{\"@type\":\"PropertyValueSpecification\",\"valueRequired\":true,\"valueName\":\"search_term_string\"}}],\"inLanguage\":\"fr-FR\"},{\"@type\":\"Organization\",\"@id\":\"https:\\\/\\\/www.bellunopress.it\\\/#organization\",\"name\":\"Bellunopress\",\"url\":\"https:\\\/\\\/www.bellunopress.it\\\/\",\"logo\":{\"@type\":\"ImageObject\",\"inLanguage\":\"fr-FR\",\"@id\":\"https:\\\/\\\/www.bellunopress.it\\\/#\\\/schema\\\/logo\\\/image\\\/\",\"url\":\"https:\\\/\\\/www.bellunopress.it\\\/wp-content\\\/uploads\\\/2011\\\/05\\\/cropped-logo-bellunopress-.jpg\",\"contentUrl\":\"https:\\\/\\\/www.bellunopress.it\\\/wp-content\\\/uploads\\\/2011\\\/05\\\/cropped-logo-bellunopress-.jpg\",\"width\":512,\"height\":512,\"caption\":\"Bellunopress\"},\"image\":{\"@id\":\"https:\\\/\\\/www.bellunopress.it\\\/#\\\/schema\\\/logo\\\/image\\\/\"},\"sameAs\":[\"https:\\\/\\\/www.facebook.com\\\/profile.php?id=100008943462799\",\"https:\\\/\\\/x.com\\\/bellunopress\",\"https:\\\/\\\/www.linkedin.com\\\/hp\\\/?dnr=JBzUWaJfMUw8vbXJJ2tVW5-I3jZKvC4wsoxE&amp;amp;amp;amp;amp;amp;trk=nav_responsive_tab_home\",\"https:\\\/\\\/www.youtube.com\\\/channel\\\/UCxL0wu1uN0_3_7hGG0306cw\"]},{\"@type\":\"Person\",\"@id\":\"https:\\\/\\\/www.bellunopress.it\\\/#\\\/schema\\\/person\\\/79bb06722b37ece1c03d3e94beb30d73\",\"name\":\"redazione\",\"image\":{\"@type\":\"ImageObject\",\"inLanguage\":\"fr-FR\",\"@id\":\"https:\\\/\\\/secure.gravatar.com\\\/avatar\\\/37d968a2e67a6fd04c169c4bdef102d0bc5d31b2546345219e348575eb80e9a0?s=96&d=mm&r=g\",\"url\":\"https:\\\/\\\/secure.gravatar.com\\\/avatar\\\/37d968a2e67a6fd04c169c4bdef102d0bc5d31b2546345219e348575eb80e9a0?s=96&d=mm&r=g\",\"contentUrl\":\"https:\\\/\\\/secure.gravatar.com\\\/avatar\\\/37d968a2e67a6fd04c169c4bdef102d0bc5d31b2546345219e348575eb80e9a0?s=96&d=mm&r=g\",\"caption\":\"redazione\"},\"sameAs\":[\"http:\\\/\\\/www.bellunopress.it\",\"https:\\\/\\\/x.com\\\/bellunopress\"],\"url\":\"https:\\\/\\\/www.bellunopress.it\\\/fr\\\/author\\\/redazione\\\/\"}]}<\/script>\n<!-- \/ Yoast SEO plugin. -->","yoast_head_json":{"title":"Manifesto Zaia. Cunegato: \"Solo retorica senza coerenza\" - Bellunopress - Dolomiti","robots":{"index":"index","follow":"follow","max-snippet":"max-snippet:-1","max-image-preview":"max-image-preview:large","max-video-preview":"max-video-preview:-1"},"canonical":"https:\/\/www.bellunopress.it\/fr\/2026\/01\/07\/manifesto-zaia-cunegato-solo-retorica-senza-coerenza\/","og_locale":"fr_FR","og_type":"article","og_title":"Manifesto Zaia. Cunegato: \"Solo retorica senza coerenza\" - Bellunopress - Dolomiti","og_description":"Venezia, 7 gennaio 2026 &#8211; &#8220;Zaia prova a ritagliarsi un ruolo nazionale dopo essere stato marginalizzato in Veneto nella sua stessa coalizione. Il suo nuovo \u2018manifesto\u2019 appare come un\u2019operazione di immagine, non certo come una proposta politica credibile&#8221;. Lo dichiara Carlo Cunegato, capogruppo di Alleanza Verdi e Sinistra nel consiglio regionale del Veneto. &#8220;L\u2019autonomia resta [&hellip;]","og_url":"https:\/\/www.bellunopress.it\/fr\/2026\/01\/07\/manifesto-zaia-cunegato-solo-retorica-senza-coerenza\/","og_site_name":"Bellunopress - Dolomiti","article_publisher":"https:\/\/www.facebook.com\/profile.php?id=100008943462799","article_published_time":"2026-01-07T17:44:11+00:00","og_image":[{"width":255,"height":351,"url":"https:\/\/www.bellunopress.it\/wp-content\/uploads\/2026\/01\/Carlo-Cunegato-consigliere-regionale.jpg","type":"image\/jpeg"}],"author":"redazione","twitter_card":"summary_large_image","twitter_creator":"@bellunopress","twitter_site":"@bellunopress","twitter_misc":{"\u00c9crit par":"redazione","Dur\u00e9e de lecture estim\u00e9e":"1 minute"},"schema":{"@context":"https:\/\/schema.org","@graph":[{"@type":"Article","@id":"https:\/\/www.bellunopress.it\/2026\/01\/07\/manifesto-zaia-cunegato-solo-retorica-senza-coerenza\/#article","isPartOf":{"@id":"https:\/\/www.bellunopress.it\/2026\/01\/07\/manifesto-zaia-cunegato-solo-retorica-senza-coerenza\/"},"author":{"name":"redazione","@id":"https:\/\/www.bellunopress.it\/#\/schema\/person\/79bb06722b37ece1c03d3e94beb30d73"},"headline":"Manifesto Zaia. Cunegato: &#8220;Solo retorica senza coerenza&#8221;","datePublished":"2026-01-07T17:44:11+00:00","mainEntityOfPage":{"@id":"https:\/\/www.bellunopress.it\/2026\/01\/07\/manifesto-zaia-cunegato-solo-retorica-senza-coerenza\/"},"wordCount":261,"publisher":{"@id":"https:\/\/www.bellunopress.it\/#organization"},"image":{"@id":"https:\/\/www.bellunopress.it\/2026\/01\/07\/manifesto-zaia-cunegato-solo-retorica-senza-coerenza\/#primaryimage"},"thumbnailUrl":"https:\/\/www.bellunopress.it\/wp-content\/uploads\/2026\/01\/Carlo-Cunegato-consigliere-regionale.jpg","articleSection":["Cronaca\/Politica","Prima Pagina"],"inLanguage":"fr-FR"},{"@type":"WebPage","@id":"https:\/\/www.bellunopress.it\/2026\/01\/07\/manifesto-zaia-cunegato-solo-retorica-senza-coerenza\/","url":"https:\/\/www.bellunopress.it\/2026\/01\/07\/manifesto-zaia-cunegato-solo-retorica-senza-coerenza\/","name":"Manifesto Zaia. Cunegato: \"Solo retorica senza coerenza\" - Bellunopress - Dolomiti","isPartOf":{"@id":"https:\/\/www.bellunopress.it\/#website"},"primaryImageOfPage":{"@id":"https:\/\/www.bellunopress.it\/2026\/01\/07\/manifesto-zaia-cunegato-solo-retorica-senza-coerenza\/#primaryimage"},"image":{"@id":"https:\/\/www.bellunopress.it\/2026\/01\/07\/manifesto-zaia-cunegato-solo-retorica-senza-coerenza\/#primaryimage"},"thumbnailUrl":"https:\/\/www.bellunopress.it\/wp-content\/uploads\/2026\/01\/Carlo-Cunegato-consigliere-regionale.jpg","datePublished":"2026-01-07T17:44:11+00:00","breadcrumb":{"@id":"https:\/\/www.bellunopress.it\/2026\/01\/07\/manifesto-zaia-cunegato-solo-retorica-senza-coerenza\/#breadcrumb"},"inLanguage":"fr-FR","potentialAction":[{"@type":"ReadAction","target":["https:\/\/www.bellunopress.it\/2026\/01\/07\/manifesto-zaia-cunegato-solo-retorica-senza-coerenza\/"]}]},{"@type":"ImageObject","inLanguage":"fr-FR","@id":"https:\/\/www.bellunopress.it\/2026\/01\/07\/manifesto-zaia-cunegato-solo-retorica-senza-coerenza\/#primaryimage","url":"https:\/\/www.bellunopress.it\/wp-content\/uploads\/2026\/01\/Carlo-Cunegato-consigliere-regionale.jpg","contentUrl":"https:\/\/www.bellunopress.it\/wp-content\/uploads\/2026\/01\/Carlo-Cunegato-consigliere-regionale.jpg","width":255,"height":351,"caption":"Carlo Cunegato - Gruppo Alleanza Verdi e Sinistra Consiglio regionale del Veneto"},{"@type":"BreadcrumbList","@id":"https:\/\/www.bellunopress.it\/2026\/01\/07\/manifesto-zaia-cunegato-solo-retorica-senza-coerenza\/#breadcrumb","itemListElement":[{"@type":"ListItem","position":1,"name":"Home","item":"https:\/\/www.bellunopress.it\/"},{"@type":"ListItem","position":2,"name":"Manifesto Zaia. Cunegato: &#8220;Solo retorica senza coerenza&#8221;"}]},{"@type":"WebSite","@id":"https:\/\/www.bellunopress.it\/#website","url":"https:\/\/www.bellunopress.it\/","name":"Bellunopress - Dolomiti","description":"e-mail: redazione@bellunopress.it","publisher":{"@id":"https:\/\/www.bellunopress.it\/#organization"},"potentialAction":[{"@type":"SearchAction","target":{"@type":"EntryPoint","urlTemplate":"https:\/\/www.bellunopress.it\/?s={search_term_string}"},"query-input":{"@type":"PropertyValueSpecification","valueRequired":true,"valueName":"search_term_string"}}],"inLanguage":"fr-FR"},{"@type":"Organization","@id":"https:\/\/www.bellunopress.it\/#organization","name":"Bellunopress","url":"https:\/\/www.bellunopress.it\/","logo":{"@type":"ImageObject","inLanguage":"fr-FR","@id":"https:\/\/www.bellunopress.it\/#\/schema\/logo\/image\/","url":"https:\/\/www.bellunopress.it\/wp-content\/uploads\/2011\/05\/cropped-logo-bellunopress-.jpg","contentUrl":"https:\/\/www.bellunopress.it\/wp-content\/uploads\/2011\/05\/cropped-logo-bellunopress-.jpg","width":512,"height":512,"caption":"Bellunopress"},"image":{"@id":"https:\/\/www.bellunopress.it\/#\/schema\/logo\/image\/"},"sameAs":["https:\/\/www.facebook.com\/profile.php?id=100008943462799","https:\/\/x.com\/bellunopress","https:\/\/www.linkedin.com\/hp\/?dnr=JBzUWaJfMUw8vbXJJ2tVW5-I3jZKvC4wsoxE&amp;amp;amp;amp;amp;amp;trk=nav_responsive_tab_home","https:\/\/www.youtube.com\/channel\/UCxL0wu1uN0_3_7hGG0306cw"]},{"@type":"Person","@id":"https:\/\/www.bellunopress.it\/#\/schema\/person\/79bb06722b37ece1c03d3e94beb30d73","name":"r\u00e9daction","image":{"@type":"ImageObject","inLanguage":"fr-FR","@id":"https:\/\/secure.gravatar.com\/avatar\/37d968a2e67a6fd04c169c4bdef102d0bc5d31b2546345219e348575eb80e9a0?s=96&d=mm&r=g","url":"https:\/\/secure.gravatar.com\/avatar\/37d968a2e67a6fd04c169c4bdef102d0bc5d31b2546345219e348575eb80e9a0?s=96&d=mm&r=g","contentUrl":"https:\/\/secure.gravatar.com\/avatar\/37d968a2e67a6fd04c169c4bdef102d0bc5d31b2546345219e348575eb80e9a0?s=96&d=mm&r=g","caption":"redazione"},"sameAs":["http:\/\/www.bellunopress.it","https:\/\/x.com\/bellunopress"],"url":"https:\/\/www.bellunopress.it\/fr\/author\/redazione\/"}]}},"_links":{"self":[{"href":"https:\/\/www.bellunopress.it\/fr\/wp-json\/wp\/v2\/posts\/166312","targetHints":{"allow":["GET"]}}],"collection":[{"href":"https:\/\/www.bellunopress.it\/fr\/wp-json\/wp\/v2\/posts"}],"about":[{"href":"https:\/\/www.bellunopress.it\/fr\/wp-json\/wp\/v2\/types\/post"}],"author":[{"embeddable":true,"href":"https:\/\/www.bellunopress.it\/fr\/wp-json\/wp\/v2\/users\/2"}],"replies":[{"embeddable":true,"href":"https:\/\/www.bellunopress.it\/fr\/wp-json\/wp\/v2\/comments?post=166312"}],"version-history":[{"count":1,"href":"https:\/\/www.bellunopress.it\/fr\/wp-json\/wp\/v2\/posts\/166312\/revisions"}],"predecessor-version":[{"id":166314,"href":"https:\/\/www.bellunopress.it\/fr\/wp-json\/wp\/v2\/posts\/166312\/revisions\/166314"}],"wp:featuredmedia":[{"embeddable":true,"href":"https:\/\/www.bellunopress.it\/fr\/wp-json\/wp\/v2\/media\/166313"}],"wp:attachment":[{"href":"https:\/\/www.bellunopress.it\/fr\/wp-json\/wp\/v2\/media?parent=166312"}],"wp:term":[{"taxonomy":"category","embeddable":true,"href":"https:\/\/www.bellunopress.it\/fr\/wp-json\/wp\/v2\/categories?post=166312"},{"taxonomy":"post_tag","embeddable":true,"href":"https:\/\/www.bellunopress.it\/fr\/wp-json\/wp\/v2\/tags?post=166312"}],"curies":[{"name":"wp","href":"https:\/\/api.w.org\/{rel}","templated":true}]}}