{"id":166306,"date":"2026-01-07T18:05:13","date_gmt":"2026-01-07T17:05:13","guid":{"rendered":"https:\/\/www.bellunopress.it\/?p=166306"},"modified":"2026-01-07T18:05:13","modified_gmt":"2026-01-07T17:05:13","slug":"pac-e-mercosur-guarda-verdi-nessun-euro-in-piu-meloni-accetta-promesse-vuote-per-sbloccare-laccordo","status":"publish","type":"post","link":"https:\/\/www.bellunopress.it\/fr\/2026\/01\/07\/pac-e-mercosur-guarda-verdi-nessun-euro-in-piu-meloni-accetta-promesse-vuote-per-sbloccare-laccordo\/","title":{"rendered":"PAC e Mercosur, Guarda (Verdi): \u201cNessun euro in pi\u00f9, Meloni accetta promesse vuote per sbloccare l\u2019accordo\u201d"},"content":{"rendered":"<figure id=\"attachment_149752\" aria-describedby=\"caption-attachment-149752\" style=\"width: 699px\" class=\"wp-caption aligncenter\"><img loading=\"lazy\" decoding=\"async\" class=\"size-full wp-image-149752\" src=\"https:\/\/www.bellunopress.it\/wp-content\/uploads\/2024\/04\/Cristina-Guarda_edited.jpg\" alt=\"\" width=\"699\" height=\"937\" srcset=\"https:\/\/www.bellunopress.it\/wp-content\/uploads\/2024\/04\/Cristina-Guarda_edited.jpg 699w, https:\/\/www.bellunopress.it\/wp-content\/uploads\/2024\/04\/Cristina-Guarda_edited-373x500.jpg 373w, https:\/\/www.bellunopress.it\/wp-content\/uploads\/2024\/04\/Cristina-Guarda_edited-313x420.jpg 313w, https:\/\/www.bellunopress.it\/wp-content\/uploads\/2024\/04\/Cristina-Guarda_edited-696x933.jpg 696w\" sizes=\"auto, (max-width: 699px) 100vw, 699px\" \/><figcaption id=\"caption-attachment-149752\" class=\"wp-caption-text\">Cristina Guarda, eurodeputata<\/figcaption><\/figure>\n<p>Bruxelles, \u2014 &#8220;Il governo Meloni accetta promesse vuote da Von der Leyen e cede alla pressione per sbloccare l\u2019accordo UE-Mercosur. Altro che nuove risorse per l\u2019agricoltura: siamo davanti a un\u2019operazione di pura cosmetica politica&#8221;.<\/p>\n<p>Lo dichiara Cristina Guarda, eurodeputata dei Verdi\/ALE, commentando la lettera inviata dalla Presidente della Commissione europea Ursula von der Leyen alla presidenza del Consiglio UE e alla Presidente del Parlamento europeo Roberta Metsola, discussa oggi dai Ministri dell&#8217;agricoltura europei.<\/p>\n<p>Nella lettera, la Commissione parla di un accesso anticipato fino a 45 miliardi di euro in pi\u00f9 per l\u2019agricoltura rispetto a quanto previsto nel prossimo bilancio pluriennale dell\u2019Unione europea. &#8220;Ma \u00e8 bene essere chiari: non si tratta di soldi in pi\u00f9. \u00c8 solo un\u2019anticipazione di risorse gi\u00e0 previste dalle proposte per il bilancio 2028-2034&#8221;.<\/p>\n<p>&#8220;Inoltre la formula fino a 45 miliardi dice tutto: nessuna garanzia, nessun automatismo&#8221;, prosegue Guarda. Ancora una volta tutto \u00e8 rimesso alla discrezionalit\u00e0 degli Stati membri. Gli agricoltori non ottengono certezze, solo annunci&#8221;.<\/p>\n<p>L&#8217;eurodeputata sottolinea inoltre che &#8220;non siamo davanti a una proposta di legge, ma ad indicazioni informali che seguono le proposte ufficiali di luglio scorso. I negoziati sul nuovo bilancio pluriannuale europeo non sono ancora iniziati formalmente e nei prossimi due anni molte cose possono ancora cambiare&#8221;.<\/p>\n<p>&#8220;Spacciare queste lettere per soluzioni strutturali \u00e8 scorretto&#8221;, continua Guarda. &#8220;Non vincolano nessuno, non creano diritti, non garantiscono risorse. E soprattutto aggirano il Parlamento europeo, che dovrebbe essere il luogo centrale del confronto democratico su bilancio e priorit\u00e0 politiche&#8221;.<\/p>\n<p>Questa mossa arriva mentre la Commissione tenta di blindare il sostegno politico all\u2019accordo con il Mercosur, in vista del voto sulle presunte \u201csalvaguardie\u201d e della firma formale dell\u2019intesa. &#8220;Ma questa lettera non cambia nulla sul Mercosur: nessuna clausola di reciprocit\u00e0 in pi\u00f9, nessuna protezione reale dalle importazioni come richiesto dagli agricoltori e nessuna risposta ai rischi sanitari e ambientali&#8221;.<\/p>\n<p>&#8220;\u00c8 un gioco di palazzo&#8221;, conclude Guarda. &#8220;Il Parlamento europeo \u00e8 escluso, la legittimit\u00e0 democratica \u00e8 zero e il governo italiano accetta una messa in scena pur di far passare l\u2019accordo senza assumersene la responsabilit\u00e0 politica. L\u2019Italia aveva il potere di fermare tutto. Ha scelto di non usarlo&#8221;.<\/p>","protected":false},"excerpt":{"rendered":"<p>Bruxelles, \u2014 &#8220;Il governo Meloni accetta promesse vuote da Von der Leyen e cede alla pressione per sbloccare l\u2019accordo UE-Mercosur. Altro che nuove risorse per l\u2019agricoltura: siamo davanti a un\u2019operazione di pura cosmetica politica&#8221;. Lo dichiara Cristina Guarda, eurodeputata dei Verdi\/ALE, commentando la lettera inviata dalla Presidente della Commissione europea Ursula von der Leyen alla [&hellip;]<\/p>\n","protected":false},"author":2,"featured_media":149752,"comment_status":"closed","ping_status":"open","sticky":false,"template":"","format":"standard","meta":{"footnotes":""},"categories":[5,26],"tags":[],"class_list":["post-166306","post","type-post","status-publish","format-standard","has-post-thumbnail","category-cronaca","category-prima-pagina"],"yoast_head":"<!-- This site is optimized with the Yoast SEO plugin v28.4 - https:\/\/yoast.com\/product\/yoast-seo-wordpress\/ -->\n<title>PAC e Mercosur, Guarda (Verdi): \u201cNessun euro in pi\u00f9, Meloni accetta promesse vuote per sbloccare l\u2019accordo\u201d - Bellunopress - Dolomiti<\/title>\n<meta name=\"robots\" content=\"index, follow, max-snippet:-1, max-image-preview:large, max-video-preview:-1\" \/>\n<link rel=\"canonical\" href=\"https:\/\/www.bellunopress.it\/fr\/2026\/01\/07\/pac-e-mercosur-guarda-verdi-nessun-euro-in-piu-meloni-accetta-promesse-vuote-per-sbloccare-laccordo\/\" \/>\n<meta property=\"og:locale\" content=\"fr_FR\" \/>\n<meta property=\"og:type\" content=\"article\" \/>\n<meta property=\"og:title\" content=\"PAC e Mercosur, Guarda (Verdi): \u201cNessun euro in pi\u00f9, Meloni accetta promesse vuote per sbloccare l\u2019accordo\u201d - Bellunopress - Dolomiti\" \/>\n<meta property=\"og:description\" content=\"Bruxelles, \u2014 &#8220;Il governo Meloni accetta promesse vuote da Von der Leyen e cede alla pressione per sbloccare l\u2019accordo UE-Mercosur. Altro che nuove risorse per l\u2019agricoltura: siamo davanti a un\u2019operazione di pura cosmetica politica&#8221;. Lo dichiara Cristina Guarda, eurodeputata dei Verdi\/ALE, commentando la lettera inviata dalla Presidente della Commissione europea Ursula von der Leyen alla [&hellip;]\" \/>\n<meta property=\"og:url\" content=\"https:\/\/www.bellunopress.it\/fr\/2026\/01\/07\/pac-e-mercosur-guarda-verdi-nessun-euro-in-piu-meloni-accetta-promesse-vuote-per-sbloccare-laccordo\/\" \/>\n<meta property=\"og:site_name\" content=\"Bellunopress - Dolomiti\" \/>\n<meta property=\"article:publisher\" content=\"https:\/\/www.facebook.com\/profile.php?id=100008943462799\" \/>\n<meta property=\"article:published_time\" content=\"2026-01-07T17:05:13+00:00\" \/>\n<meta property=\"og:image\" content=\"https:\/\/www.bellunopress.it\/wp-content\/uploads\/2024\/04\/Cristina-Guarda_edited.jpg\" \/>\n\t<meta property=\"og:image:width\" content=\"699\" \/>\n\t<meta property=\"og:image:height\" content=\"937\" \/>\n\t<meta property=\"og:image:type\" content=\"image\/jpeg\" \/>\n<meta name=\"author\" content=\"redazione\" \/>\n<meta name=\"twitter:card\" content=\"summary_large_image\" \/>\n<meta name=\"twitter:creator\" content=\"@bellunopress\" \/>\n<meta name=\"twitter:site\" content=\"@bellunopress\" \/>\n<meta name=\"twitter:label1\" content=\"\u00c9crit par\" \/>\n\t<meta name=\"twitter:data1\" content=\"redazione\" \/>\n\t<meta name=\"twitter:label2\" content=\"Dur\u00e9e de lecture estim\u00e9e\" \/>\n\t<meta name=\"twitter:data2\" content=\"2 minutes\" \/>\n<script type=\"application\/ld+json\" class=\"yoast-schema-graph\">{\"@context\":\"https:\\\/\\\/schema.org\",\"@graph\":[{\"@type\":\"Article\",\"@id\":\"https:\\\/\\\/www.bellunopress.it\\\/2026\\\/01\\\/07\\\/pac-e-mercosur-guarda-verdi-nessun-euro-in-piu-meloni-accetta-promesse-vuote-per-sbloccare-laccordo\\\/#article\",\"isPartOf\":{\"@id\":\"https:\\\/\\\/www.bellunopress.it\\\/2026\\\/01\\\/07\\\/pac-e-mercosur-guarda-verdi-nessun-euro-in-piu-meloni-accetta-promesse-vuote-per-sbloccare-laccordo\\\/\"},\"author\":{\"name\":\"redazione\",\"@id\":\"https:\\\/\\\/www.bellunopress.it\\\/#\\\/schema\\\/person\\\/79bb06722b37ece1c03d3e94beb30d73\"},\"headline\":\"PAC e Mercosur, Guarda (Verdi): \u201cNessun euro in pi\u00f9, Meloni accetta promesse vuote per sbloccare l\u2019accordo\u201d\",\"datePublished\":\"2026-01-07T17:05:13+00:00\",\"mainEntityOfPage\":{\"@id\":\"https:\\\/\\\/www.bellunopress.it\\\/2026\\\/01\\\/07\\\/pac-e-mercosur-guarda-verdi-nessun-euro-in-piu-meloni-accetta-promesse-vuote-per-sbloccare-laccordo\\\/\"},\"wordCount\":382,\"publisher\":{\"@id\":\"https:\\\/\\\/www.bellunopress.it\\\/#organization\"},\"image\":{\"@id\":\"https:\\\/\\\/www.bellunopress.it\\\/2026\\\/01\\\/07\\\/pac-e-mercosur-guarda-verdi-nessun-euro-in-piu-meloni-accetta-promesse-vuote-per-sbloccare-laccordo\\\/#primaryimage\"},\"thumbnailUrl\":\"https:\\\/\\\/www.bellunopress.it\\\/wp-content\\\/uploads\\\/2024\\\/04\\\/Cristina-Guarda_edited.jpg\",\"articleSection\":[\"Cronaca\\\/Politica\",\"Prima Pagina\"],\"inLanguage\":\"fr-FR\"},{\"@type\":\"WebPage\",\"@id\":\"https:\\\/\\\/www.bellunopress.it\\\/2026\\\/01\\\/07\\\/pac-e-mercosur-guarda-verdi-nessun-euro-in-piu-meloni-accetta-promesse-vuote-per-sbloccare-laccordo\\\/\",\"url\":\"https:\\\/\\\/www.bellunopress.it\\\/2026\\\/01\\\/07\\\/pac-e-mercosur-guarda-verdi-nessun-euro-in-piu-meloni-accetta-promesse-vuote-per-sbloccare-laccordo\\\/\",\"name\":\"PAC e Mercosur, Guarda (Verdi): \u201cNessun euro in pi\u00f9, Meloni accetta promesse vuote per sbloccare l\u2019accordo\u201d - Bellunopress - Dolomiti\",\"isPartOf\":{\"@id\":\"https:\\\/\\\/www.bellunopress.it\\\/#website\"},\"primaryImageOfPage\":{\"@id\":\"https:\\\/\\\/www.bellunopress.it\\\/2026\\\/01\\\/07\\\/pac-e-mercosur-guarda-verdi-nessun-euro-in-piu-meloni-accetta-promesse-vuote-per-sbloccare-laccordo\\\/#primaryimage\"},\"image\":{\"@id\":\"https:\\\/\\\/www.bellunopress.it\\\/2026\\\/01\\\/07\\\/pac-e-mercosur-guarda-verdi-nessun-euro-in-piu-meloni-accetta-promesse-vuote-per-sbloccare-laccordo\\\/#primaryimage\"},\"thumbnailUrl\":\"https:\\\/\\\/www.bellunopress.it\\\/wp-content\\\/uploads\\\/2024\\\/04\\\/Cristina-Guarda_edited.jpg\",\"datePublished\":\"2026-01-07T17:05:13+00:00\",\"breadcrumb\":{\"@id\":\"https:\\\/\\\/www.bellunopress.it\\\/2026\\\/01\\\/07\\\/pac-e-mercosur-guarda-verdi-nessun-euro-in-piu-meloni-accetta-promesse-vuote-per-sbloccare-laccordo\\\/#breadcrumb\"},\"inLanguage\":\"fr-FR\",\"potentialAction\":[{\"@type\":\"ReadAction\",\"target\":[\"https:\\\/\\\/www.bellunopress.it\\\/2026\\\/01\\\/07\\\/pac-e-mercosur-guarda-verdi-nessun-euro-in-piu-meloni-accetta-promesse-vuote-per-sbloccare-laccordo\\\/\"]}]},{\"@type\":\"ImageObject\",\"inLanguage\":\"fr-FR\",\"@id\":\"https:\\\/\\\/www.bellunopress.it\\\/2026\\\/01\\\/07\\\/pac-e-mercosur-guarda-verdi-nessun-euro-in-piu-meloni-accetta-promesse-vuote-per-sbloccare-laccordo\\\/#primaryimage\",\"url\":\"https:\\\/\\\/www.bellunopress.it\\\/wp-content\\\/uploads\\\/2024\\\/04\\\/Cristina-Guarda_edited.jpg\",\"contentUrl\":\"https:\\\/\\\/www.bellunopress.it\\\/wp-content\\\/uploads\\\/2024\\\/04\\\/Cristina-Guarda_edited.jpg\",\"width\":699,\"height\":937,\"caption\":\"Cristina Guarda, eurodeputata\"},{\"@type\":\"BreadcrumbList\",\"@id\":\"https:\\\/\\\/www.bellunopress.it\\\/2026\\\/01\\\/07\\\/pac-e-mercosur-guarda-verdi-nessun-euro-in-piu-meloni-accetta-promesse-vuote-per-sbloccare-laccordo\\\/#breadcrumb\",\"itemListElement\":[{\"@type\":\"ListItem\",\"position\":1,\"name\":\"Home\",\"item\":\"https:\\\/\\\/www.bellunopress.it\\\/\"},{\"@type\":\"ListItem\",\"position\":2,\"name\":\"PAC e Mercosur, Guarda (Verdi): \u201cNessun euro in pi\u00f9, Meloni accetta promesse vuote per sbloccare l\u2019accordo\u201d\"}]},{\"@type\":\"WebSite\",\"@id\":\"https:\\\/\\\/www.bellunopress.it\\\/#website\",\"url\":\"https:\\\/\\\/www.bellunopress.it\\\/\",\"name\":\"Bellunopress - Dolomiti\",\"description\":\"e-mail: redazione@bellunopress.it\",\"publisher\":{\"@id\":\"https:\\\/\\\/www.bellunopress.it\\\/#organization\"},\"potentialAction\":[{\"@type\":\"SearchAction\",\"target\":{\"@type\":\"EntryPoint\",\"urlTemplate\":\"https:\\\/\\\/www.bellunopress.it\\\/?s={search_term_string}\"},\"query-input\":{\"@type\":\"PropertyValueSpecification\",\"valueRequired\":true,\"valueName\":\"search_term_string\"}}],\"inLanguage\":\"fr-FR\"},{\"@type\":\"Organization\",\"@id\":\"https:\\\/\\\/www.bellunopress.it\\\/#organization\",\"name\":\"Bellunopress\",\"url\":\"https:\\\/\\\/www.bellunopress.it\\\/\",\"logo\":{\"@type\":\"ImageObject\",\"inLanguage\":\"fr-FR\",\"@id\":\"https:\\\/\\\/www.bellunopress.it\\\/#\\\/schema\\\/logo\\\/image\\\/\",\"url\":\"https:\\\/\\\/www.bellunopress.it\\\/wp-content\\\/uploads\\\/2011\\\/05\\\/cropped-logo-bellunopress-.jpg\",\"contentUrl\":\"https:\\\/\\\/www.bellunopress.it\\\/wp-content\\\/uploads\\\/2011\\\/05\\\/cropped-logo-bellunopress-.jpg\",\"width\":512,\"height\":512,\"caption\":\"Bellunopress\"},\"image\":{\"@id\":\"https:\\\/\\\/www.bellunopress.it\\\/#\\\/schema\\\/logo\\\/image\\\/\"},\"sameAs\":[\"https:\\\/\\\/www.facebook.com\\\/profile.php?id=100008943462799\",\"https:\\\/\\\/x.com\\\/bellunopress\",\"https:\\\/\\\/www.linkedin.com\\\/hp\\\/?dnr=JBzUWaJfMUw8vbXJJ2tVW5-I3jZKvC4wsoxE&amp;amp;amp;amp;amp;amp;trk=nav_responsive_tab_home\",\"https:\\\/\\\/www.youtube.com\\\/channel\\\/UCxL0wu1uN0_3_7hGG0306cw\"]},{\"@type\":\"Person\",\"@id\":\"https:\\\/\\\/www.bellunopress.it\\\/#\\\/schema\\\/person\\\/79bb06722b37ece1c03d3e94beb30d73\",\"name\":\"redazione\",\"image\":{\"@type\":\"ImageObject\",\"inLanguage\":\"fr-FR\",\"@id\":\"https:\\\/\\\/secure.gravatar.com\\\/avatar\\\/37d968a2e67a6fd04c169c4bdef102d0bc5d31b2546345219e348575eb80e9a0?s=96&d=mm&r=g\",\"url\":\"https:\\\/\\\/secure.gravatar.com\\\/avatar\\\/37d968a2e67a6fd04c169c4bdef102d0bc5d31b2546345219e348575eb80e9a0?s=96&d=mm&r=g\",\"contentUrl\":\"https:\\\/\\\/secure.gravatar.com\\\/avatar\\\/37d968a2e67a6fd04c169c4bdef102d0bc5d31b2546345219e348575eb80e9a0?s=96&d=mm&r=g\",\"caption\":\"redazione\"},\"sameAs\":[\"http:\\\/\\\/www.bellunopress.it\",\"https:\\\/\\\/x.com\\\/bellunopress\"],\"url\":\"https:\\\/\\\/www.bellunopress.it\\\/fr\\\/author\\\/redazione\\\/\"}]}<\/script>\n<!-- \/ Yoast SEO plugin. -->","yoast_head_json":{"title":"PAC e Mercosur, Guarda (Verdi): \u201cNessun euro in pi\u00f9, Meloni accetta promesse vuote per sbloccare l\u2019accordo\u201d - Bellunopress - Dolomiti","robots":{"index":"index","follow":"follow","max-snippet":"max-snippet:-1","max-image-preview":"max-image-preview:large","max-video-preview":"max-video-preview:-1"},"canonical":"https:\/\/www.bellunopress.it\/fr\/2026\/01\/07\/pac-e-mercosur-guarda-verdi-nessun-euro-in-piu-meloni-accetta-promesse-vuote-per-sbloccare-laccordo\/","og_locale":"fr_FR","og_type":"article","og_title":"PAC e Mercosur, Guarda (Verdi): \u201cNessun euro in pi\u00f9, Meloni accetta promesse vuote per sbloccare l\u2019accordo\u201d - Bellunopress - Dolomiti","og_description":"Bruxelles, \u2014 &#8220;Il governo Meloni accetta promesse vuote da Von der Leyen e cede alla pressione per sbloccare l\u2019accordo UE-Mercosur. Altro che nuove risorse per l\u2019agricoltura: siamo davanti a un\u2019operazione di pura cosmetica politica&#8221;. Lo dichiara Cristina Guarda, eurodeputata dei Verdi\/ALE, commentando la lettera inviata dalla Presidente della Commissione europea Ursula von der Leyen alla [&hellip;]","og_url":"https:\/\/www.bellunopress.it\/fr\/2026\/01\/07\/pac-e-mercosur-guarda-verdi-nessun-euro-in-piu-meloni-accetta-promesse-vuote-per-sbloccare-laccordo\/","og_site_name":"Bellunopress - Dolomiti","article_publisher":"https:\/\/www.facebook.com\/profile.php?id=100008943462799","article_published_time":"2026-01-07T17:05:13+00:00","og_image":[{"width":699,"height":937,"url":"https:\/\/www.bellunopress.it\/wp-content\/uploads\/2024\/04\/Cristina-Guarda_edited.jpg","type":"image\/jpeg"}],"author":"redazione","twitter_card":"summary_large_image","twitter_creator":"@bellunopress","twitter_site":"@bellunopress","twitter_misc":{"\u00c9crit par":"redazione","Dur\u00e9e de lecture estim\u00e9e":"2 minutes"},"schema":{"@context":"https:\/\/schema.org","@graph":[{"@type":"Article","@id":"https:\/\/www.bellunopress.it\/2026\/01\/07\/pac-e-mercosur-guarda-verdi-nessun-euro-in-piu-meloni-accetta-promesse-vuote-per-sbloccare-laccordo\/#article","isPartOf":{"@id":"https:\/\/www.bellunopress.it\/2026\/01\/07\/pac-e-mercosur-guarda-verdi-nessun-euro-in-piu-meloni-accetta-promesse-vuote-per-sbloccare-laccordo\/"},"author":{"name":"redazione","@id":"https:\/\/www.bellunopress.it\/#\/schema\/person\/79bb06722b37ece1c03d3e94beb30d73"},"headline":"PAC e Mercosur, Guarda (Verdi): \u201cNessun euro in pi\u00f9, Meloni accetta promesse vuote per sbloccare l\u2019accordo\u201d","datePublished":"2026-01-07T17:05:13+00:00","mainEntityOfPage":{"@id":"https:\/\/www.bellunopress.it\/2026\/01\/07\/pac-e-mercosur-guarda-verdi-nessun-euro-in-piu-meloni-accetta-promesse-vuote-per-sbloccare-laccordo\/"},"wordCount":382,"publisher":{"@id":"https:\/\/www.bellunopress.it\/#organization"},"image":{"@id":"https:\/\/www.bellunopress.it\/2026\/01\/07\/pac-e-mercosur-guarda-verdi-nessun-euro-in-piu-meloni-accetta-promesse-vuote-per-sbloccare-laccordo\/#primaryimage"},"thumbnailUrl":"https:\/\/www.bellunopress.it\/wp-content\/uploads\/2024\/04\/Cristina-Guarda_edited.jpg","articleSection":["Cronaca\/Politica","Prima Pagina"],"inLanguage":"fr-FR"},{"@type":"WebPage","@id":"https:\/\/www.bellunopress.it\/2026\/01\/07\/pac-e-mercosur-guarda-verdi-nessun-euro-in-piu-meloni-accetta-promesse-vuote-per-sbloccare-laccordo\/","url":"https:\/\/www.bellunopress.it\/2026\/01\/07\/pac-e-mercosur-guarda-verdi-nessun-euro-in-piu-meloni-accetta-promesse-vuote-per-sbloccare-laccordo\/","name":"PAC e Mercosur, Guarda (Verdi): \u201cNessun euro in pi\u00f9, Meloni accetta promesse vuote per sbloccare l\u2019accordo\u201d - Bellunopress - Dolomiti","isPartOf":{"@id":"https:\/\/www.bellunopress.it\/#website"},"primaryImageOfPage":{"@id":"https:\/\/www.bellunopress.it\/2026\/01\/07\/pac-e-mercosur-guarda-verdi-nessun-euro-in-piu-meloni-accetta-promesse-vuote-per-sbloccare-laccordo\/#primaryimage"},"image":{"@id":"https:\/\/www.bellunopress.it\/2026\/01\/07\/pac-e-mercosur-guarda-verdi-nessun-euro-in-piu-meloni-accetta-promesse-vuote-per-sbloccare-laccordo\/#primaryimage"},"thumbnailUrl":"https:\/\/www.bellunopress.it\/wp-content\/uploads\/2024\/04\/Cristina-Guarda_edited.jpg","datePublished":"2026-01-07T17:05:13+00:00","breadcrumb":{"@id":"https:\/\/www.bellunopress.it\/2026\/01\/07\/pac-e-mercosur-guarda-verdi-nessun-euro-in-piu-meloni-accetta-promesse-vuote-per-sbloccare-laccordo\/#breadcrumb"},"inLanguage":"fr-FR","potentialAction":[{"@type":"ReadAction","target":["https:\/\/www.bellunopress.it\/2026\/01\/07\/pac-e-mercosur-guarda-verdi-nessun-euro-in-piu-meloni-accetta-promesse-vuote-per-sbloccare-laccordo\/"]}]},{"@type":"ImageObject","inLanguage":"fr-FR","@id":"https:\/\/www.bellunopress.it\/2026\/01\/07\/pac-e-mercosur-guarda-verdi-nessun-euro-in-piu-meloni-accetta-promesse-vuote-per-sbloccare-laccordo\/#primaryimage","url":"https:\/\/www.bellunopress.it\/wp-content\/uploads\/2024\/04\/Cristina-Guarda_edited.jpg","contentUrl":"https:\/\/www.bellunopress.it\/wp-content\/uploads\/2024\/04\/Cristina-Guarda_edited.jpg","width":699,"height":937,"caption":"Cristina Guarda, eurodeputata"},{"@type":"BreadcrumbList","@id":"https:\/\/www.bellunopress.it\/2026\/01\/07\/pac-e-mercosur-guarda-verdi-nessun-euro-in-piu-meloni-accetta-promesse-vuote-per-sbloccare-laccordo\/#breadcrumb","itemListElement":[{"@type":"ListItem","position":1,"name":"Home","item":"https:\/\/www.bellunopress.it\/"},{"@type":"ListItem","position":2,"name":"PAC e Mercosur, Guarda (Verdi): \u201cNessun euro in pi\u00f9, Meloni accetta promesse vuote per sbloccare l\u2019accordo\u201d"}]},{"@type":"WebSite","@id":"https:\/\/www.bellunopress.it\/#website","url":"https:\/\/www.bellunopress.it\/","name":"Bellunopress - Dolomiti","description":"e-mail: redazione@bellunopress.it","publisher":{"@id":"https:\/\/www.bellunopress.it\/#organization"},"potentialAction":[{"@type":"SearchAction","target":{"@type":"EntryPoint","urlTemplate":"https:\/\/www.bellunopress.it\/?s={search_term_string}"},"query-input":{"@type":"PropertyValueSpecification","valueRequired":true,"valueName":"search_term_string"}}],"inLanguage":"fr-FR"},{"@type":"Organization","@id":"https:\/\/www.bellunopress.it\/#organization","name":"Bellunopress","url":"https:\/\/www.bellunopress.it\/","logo":{"@type":"ImageObject","inLanguage":"fr-FR","@id":"https:\/\/www.bellunopress.it\/#\/schema\/logo\/image\/","url":"https:\/\/www.bellunopress.it\/wp-content\/uploads\/2011\/05\/cropped-logo-bellunopress-.jpg","contentUrl":"https:\/\/www.bellunopress.it\/wp-content\/uploads\/2011\/05\/cropped-logo-bellunopress-.jpg","width":512,"height":512,"caption":"Bellunopress"},"image":{"@id":"https:\/\/www.bellunopress.it\/#\/schema\/logo\/image\/"},"sameAs":["https:\/\/www.facebook.com\/profile.php?id=100008943462799","https:\/\/x.com\/bellunopress","https:\/\/www.linkedin.com\/hp\/?dnr=JBzUWaJfMUw8vbXJJ2tVW5-I3jZKvC4wsoxE&amp;amp;amp;amp;amp;amp;trk=nav_responsive_tab_home","https:\/\/www.youtube.com\/channel\/UCxL0wu1uN0_3_7hGG0306cw"]},{"@type":"Person","@id":"https:\/\/www.bellunopress.it\/#\/schema\/person\/79bb06722b37ece1c03d3e94beb30d73","name":"r\u00e9daction","image":{"@type":"ImageObject","inLanguage":"fr-FR","@id":"https:\/\/secure.gravatar.com\/avatar\/37d968a2e67a6fd04c169c4bdef102d0bc5d31b2546345219e348575eb80e9a0?s=96&d=mm&r=g","url":"https:\/\/secure.gravatar.com\/avatar\/37d968a2e67a6fd04c169c4bdef102d0bc5d31b2546345219e348575eb80e9a0?s=96&d=mm&r=g","contentUrl":"https:\/\/secure.gravatar.com\/avatar\/37d968a2e67a6fd04c169c4bdef102d0bc5d31b2546345219e348575eb80e9a0?s=96&d=mm&r=g","caption":"redazione"},"sameAs":["http:\/\/www.bellunopress.it","https:\/\/x.com\/bellunopress"],"url":"https:\/\/www.bellunopress.it\/fr\/author\/redazione\/"}]}},"_links":{"self":[{"href":"https:\/\/www.bellunopress.it\/fr\/wp-json\/wp\/v2\/posts\/166306","targetHints":{"allow":["GET"]}}],"collection":[{"href":"https:\/\/www.bellunopress.it\/fr\/wp-json\/wp\/v2\/posts"}],"about":[{"href":"https:\/\/www.bellunopress.it\/fr\/wp-json\/wp\/v2\/types\/post"}],"author":[{"embeddable":true,"href":"https:\/\/www.bellunopress.it\/fr\/wp-json\/wp\/v2\/users\/2"}],"replies":[{"embeddable":true,"href":"https:\/\/www.bellunopress.it\/fr\/wp-json\/wp\/v2\/comments?post=166306"}],"version-history":[{"count":1,"href":"https:\/\/www.bellunopress.it\/fr\/wp-json\/wp\/v2\/posts\/166306\/revisions"}],"predecessor-version":[{"id":166307,"href":"https:\/\/www.bellunopress.it\/fr\/wp-json\/wp\/v2\/posts\/166306\/revisions\/166307"}],"wp:featuredmedia":[{"embeddable":true,"href":"https:\/\/www.bellunopress.it\/fr\/wp-json\/wp\/v2\/media\/149752"}],"wp:attachment":[{"href":"https:\/\/www.bellunopress.it\/fr\/wp-json\/wp\/v2\/media?parent=166306"}],"wp:term":[{"taxonomy":"category","embeddable":true,"href":"https:\/\/www.bellunopress.it\/fr\/wp-json\/wp\/v2\/categories?post=166306"},{"taxonomy":"post_tag","embeddable":true,"href":"https:\/\/www.bellunopress.it\/fr\/wp-json\/wp\/v2\/tags?post=166306"}],"curies":[{"name":"wp","href":"https:\/\/api.w.org\/{rel}","templated":true}]}}