{"id":166221,"date":"2026-01-04T13:11:45","date_gmt":"2026-01-04T12:11:45","guid":{"rendered":"https:\/\/www.bellunopress.it\/?p=166221"},"modified":"2026-01-04T13:11:45","modified_gmt":"2026-01-04T12:11:45","slug":"belluno-amministrazione-de-pellegrin-le-cose-che-hanno-funzionato-si-contano-forse-sulle-dita-di-una-mano","status":"publish","type":"post","link":"https:\/\/www.bellunopress.it\/fr\/2026\/01\/04\/belluno-amministrazione-de-pellegrin-le-cose-che-hanno-funzionato-si-contano-forse-sulle-dita-di-una-mano\/","title":{"rendered":"Belluno, amministrazione De Pellegrin: le cose che hanno funzionato si contano forse sulle dita di una mano"},"content":{"rendered":"<figure id=\"attachment_141968\" aria-describedby=\"caption-attachment-141968\" style=\"width: 847px\" class=\"wp-caption aligncenter\"><img loading=\"lazy\" decoding=\"async\" class=\"size-full wp-image-141968\" src=\"https:\/\/www.bellunopress.it\/wp-content\/uploads\/2023\/06\/Davide-Noro-segretario-Pd-Belluno.jpg\" alt=\"\" width=\"847\" height=\"1000\" srcset=\"https:\/\/www.bellunopress.it\/wp-content\/uploads\/2023\/06\/Davide-Noro-segretario-Pd-Belluno.jpg 847w, https:\/\/www.bellunopress.it\/wp-content\/uploads\/2023\/06\/Davide-Noro-segretario-Pd-Belluno-424x500.jpg 424w, https:\/\/www.bellunopress.it\/wp-content\/uploads\/2023\/06\/Davide-Noro-segretario-Pd-Belluno-696x822.jpg 696w, https:\/\/www.bellunopress.it\/wp-content\/uploads\/2023\/06\/Davide-Noro-segretario-Pd-Belluno-356x420.jpg 356w\" sizes=\"auto, (max-width: 847px) 100vw, 847px\" \/><figcaption id=\"caption-attachment-141968\" class=\"wp-caption-text\">Davide Noro, segretario Unione comunale Partito Democratico Belluno<\/figcaption><\/figure>\n<p>Sergio Mattarella, nel tradizionale discorso di fine anno, come di consueto ha usato parole importanti.<\/p>\n<p>A mio avviso il passaggio pi\u00f9 importante \u00e9 stato quello sull&#8217;impegno delle generazioni future, nel quale il Presidente della Repubblica ha invitato i giovani, in modo piuttosto insolito, ad essere pi\u00f9 &#8220;esigenti&#8221;.<\/p>\n<p>Da cittadino, prima ancora che da segretario della mia comunit\u00e0 politica, non posso negare di essermi sentito toccato perch\u00e9 \u00e8 drammaticamente vero: sempre pi\u00f9 spesso, ci accontentiamo del minimo indispensabile o del meno peggio.<\/p>\n<p>Fatalit\u00e0 nelle stesse ore si stava consumando sui social e in citt\u00e0 l&#8217;ennesimo disastro politico dell&#8217;Amministrazione De Pellegrin, ovvero il non-capodanno saltato all&#8217;ultimo minuto. Possiamo dirlo senza troppi giri di parole: in questi quattro anni, le cose che hanno funzionato si contano forse sulle dita di una mano. La colpa pi\u00f9 grave del centrodestra, ben oltre la manifesta incapacit\u00e0 di gestire la citt\u00e0 capoluogo, \u00e9 quella di aver fatto del &#8220;tanto meglio tanto peggio&#8221; il manifesto del proprio operato, rivendicando l&#8217;immobilismo come visione amministrativa. Troppo poco per un comune capoluogo di provincia che, ovviamente, \u00e9 sempre pi\u00f9 isolato e irrilevante negli equilibri provinciali.<\/p>\n<p>Noi vorremmo nel 2026 una Belluno che riscopra innanzitutto la sua vocazione di capoluogo alpino. Un valore, quello dell&#8217;identit\u00e0, che deve guidare l&#8217;azione politica nelle iniziative culturali ma anche la promozione turistica: insomma, meno Carbonara Festival o street food irlandese e argentino, pi\u00f9 iniziative che valorizzino le reti gi\u00e0 presenti nel territorio che chiedono spazi, apertura e supporto logistico. In questo senso, uscire da reti nazionali come Citt\u00e0slow per risparmiare 3000 euro di quota associativa, dice molto.<\/p>\n<p>Vorremmo poi una Belluno che sia anche citt\u00e0 di servizi. \u00c9 inaccettabile che, in un contesto dove spopolamento ed emigrazione hanno raggiunto livelli drammatici, la citt\u00e0 capoluogo offra molto meno di altri comuni confinanti pi\u00f9 piccoli, con meno risorse e personale. Negli ultimi anni, a fronte di aumento di tutte le addizionali comunali senza alcuna progressivit\u00e0, abbiamo assistito ad un peggioramento dei servizi, soprattutto per le fasce di popolazione pi\u00f9 svantaggiate.<\/p>\n<p>Bisogna invertire la rotta.<\/p>\n<p>Lo chiedono le famiglie con figli, che non trovano disponibilit\u00e0 nell&#8217;unico asilo nido comunale, trovandosi costretti a spendere un sacco di soldi sperando che almeno il privato abbia posto (e non sempre accade): in altri capoluoghi veneti, come Vicenza, non solo si aumentano i posti presenti ma si abbattono le rette fino a renderle gratuite.<\/p>\n<p>Lo chiedono i lavoratori, penalizzati da un servizio di trasporto pubblico inefficace e costoso come Trillo. E mentre, sempre in altri capoluoghi veneti, si investe e si scommette sulla mobilit\u00e0 sostenibile costruendo ciclabili, nuove linee del tram, abbonamenti calmierati per studenti e lavoratori, noi rimaniamo inchiodati all&#8217;utilizzo delle auto private e di conseguenza alla cronica necessit\u00e0 di parcheggi.<\/p>\n<p>Lo chiedono gli studenti e i giovani cittadini, quelli che con la Belluno Youth Map ci hanno mostrato come vedono la loro citt\u00e0: un posto bellissimo, dove per\u00f2 mancano spazi di aggregazione e, soprattutto, una adeguata valorizzazione di quelli che invece gi\u00e0 ci sarebbero, come Palazzo Crepadona, ampliando in modo significativo l&#8217;orario di apertura, o il Parco di Lambioi, uno dei tanti cantieri che sembrano non vedere mai la fine.<\/p>\n<p>D&#8217;altronde, siamo la stessa citt\u00e0 che, all&#8217;interno del suo parco cittadino, ha insediato la sede della polizia locale, consentendo il passaggio di auto e veicoli nell&#8217;unico spazio dove i bambini potevano muoversi liberamente. Ecco, nella citt\u00e0 che vogliamo noi, ci sarebbe stato bene in quello spazio una ludoteca o lo Skate Park. Di sicuro, non la polizia locale.<\/p>\n<p>La nostra comunit\u00e0 politica spender\u00e0 i prossimi mesi proprio per fare questo: riflettere, immaginare e costruire la Belluno di domani, una Belluno per tutti e tutte.<\/p>\n<p><strong>Davide Noro<\/strong><\/p>\n<p><strong>Segretario PD Citt\u00e0 di Belluno<\/strong><\/p>","protected":false},"excerpt":{"rendered":"<p>Sergio Mattarella, nel tradizionale discorso di fine anno, come di consueto ha usato parole importanti. A mio avviso il passaggio pi\u00f9 importante \u00e9 stato quello sull&#8217;impegno delle generazioni future, nel quale il Presidente della Repubblica ha invitato i giovani, in modo piuttosto insolito, ad essere pi\u00f9 &#8220;esigenti&#8221;. Da cittadino, prima ancora che da segretario della [&hellip;]<\/p>\n","protected":false},"author":2,"featured_media":141968,"comment_status":"closed","ping_status":"open","sticky":false,"template":"","format":"standard","meta":{"footnotes":""},"categories":[1],"tags":[],"class_list":["post-166221","post","type-post","status-publish","format-standard","has-post-thumbnail","category-leo"],"yoast_head":"<!-- This site is optimized with the Yoast SEO plugin v28.4 - https:\/\/yoast.com\/product\/yoast-seo-wordpress\/ -->\n<title>Belluno, amministrazione De Pellegrin: le cose che hanno funzionato si contano forse sulle dita di una mano - Bellunopress - Dolomiti<\/title>\n<meta name=\"robots\" content=\"index, follow, max-snippet:-1, max-image-preview:large, max-video-preview:-1\" \/>\n<link rel=\"canonical\" href=\"https:\/\/www.bellunopress.it\/fr\/2026\/01\/04\/belluno-amministrazione-de-pellegrin-le-cose-che-hanno-funzionato-si-contano-forse-sulle-dita-di-una-mano\/\" \/>\n<meta property=\"og:locale\" content=\"fr_FR\" \/>\n<meta property=\"og:type\" content=\"article\" \/>\n<meta property=\"og:title\" content=\"Belluno, amministrazione De Pellegrin: le cose che hanno funzionato si contano forse sulle dita di una mano - Bellunopress - Dolomiti\" \/>\n<meta property=\"og:description\" content=\"Sergio Mattarella, nel tradizionale discorso di fine anno, come di consueto ha usato parole importanti. A mio avviso il passaggio pi\u00f9 importante \u00e9 stato quello sull&#8217;impegno delle generazioni future, nel quale il Presidente della Repubblica ha invitato i giovani, in modo piuttosto insolito, ad essere pi\u00f9 &#8220;esigenti&#8221;. Da cittadino, prima ancora che da segretario della [&hellip;]\" \/>\n<meta property=\"og:url\" content=\"https:\/\/www.bellunopress.it\/fr\/2026\/01\/04\/belluno-amministrazione-de-pellegrin-le-cose-che-hanno-funzionato-si-contano-forse-sulle-dita-di-una-mano\/\" \/>\n<meta property=\"og:site_name\" content=\"Bellunopress - Dolomiti\" \/>\n<meta property=\"article:publisher\" content=\"https:\/\/www.facebook.com\/profile.php?id=100008943462799\" \/>\n<meta property=\"article:published_time\" content=\"2026-01-04T12:11:45+00:00\" \/>\n<meta property=\"og:image\" content=\"https:\/\/www.bellunopress.it\/wp-content\/uploads\/2023\/06\/Davide-Noro-segretario-Pd-Belluno.jpg\" \/>\n\t<meta property=\"og:image:width\" content=\"847\" \/>\n\t<meta property=\"og:image:height\" content=\"1000\" \/>\n\t<meta property=\"og:image:type\" content=\"image\/jpeg\" \/>\n<meta name=\"author\" content=\"redazione\" \/>\n<meta name=\"twitter:card\" content=\"summary_large_image\" \/>\n<meta name=\"twitter:creator\" content=\"@bellunopress\" \/>\n<meta name=\"twitter:site\" content=\"@bellunopress\" \/>\n<meta name=\"twitter:label1\" content=\"\u00c9crit par\" \/>\n\t<meta name=\"twitter:data1\" content=\"redazione\" \/>\n\t<meta name=\"twitter:label2\" content=\"Dur\u00e9e de lecture estim\u00e9e\" \/>\n\t<meta name=\"twitter:data2\" content=\"3 minutes\" \/>\n<script type=\"application\/ld+json\" class=\"yoast-schema-graph\">{\"@context\":\"https:\\\/\\\/schema.org\",\"@graph\":[{\"@type\":\"Article\",\"@id\":\"https:\\\/\\\/www.bellunopress.it\\\/2026\\\/01\\\/04\\\/belluno-amministrazione-de-pellegrin-le-cose-che-hanno-funzionato-si-contano-forse-sulle-dita-di-una-mano\\\/#article\",\"isPartOf\":{\"@id\":\"https:\\\/\\\/www.bellunopress.it\\\/2026\\\/01\\\/04\\\/belluno-amministrazione-de-pellegrin-le-cose-che-hanno-funzionato-si-contano-forse-sulle-dita-di-una-mano\\\/\"},\"author\":{\"name\":\"redazione\",\"@id\":\"https:\\\/\\\/www.bellunopress.it\\\/#\\\/schema\\\/person\\\/79bb06722b37ece1c03d3e94beb30d73\"},\"headline\":\"Belluno, amministrazione De Pellegrin: le cose che hanno funzionato si contano forse sulle dita di una mano\",\"datePublished\":\"2026-01-04T12:11:45+00:00\",\"mainEntityOfPage\":{\"@id\":\"https:\\\/\\\/www.bellunopress.it\\\/2026\\\/01\\\/04\\\/belluno-amministrazione-de-pellegrin-le-cose-che-hanno-funzionato-si-contano-forse-sulle-dita-di-una-mano\\\/\"},\"wordCount\":649,\"publisher\":{\"@id\":\"https:\\\/\\\/www.bellunopress.it\\\/#organization\"},\"image\":{\"@id\":\"https:\\\/\\\/www.bellunopress.it\\\/2026\\\/01\\\/04\\\/belluno-amministrazione-de-pellegrin-le-cose-che-hanno-funzionato-si-contano-forse-sulle-dita-di-una-mano\\\/#primaryimage\"},\"thumbnailUrl\":\"https:\\\/\\\/www.bellunopress.it\\\/wp-content\\\/uploads\\\/2023\\\/06\\\/Davide-Noro-segretario-Pd-Belluno.jpg\",\"articleSection\":[\"Lettere Opinioni\"],\"inLanguage\":\"fr-FR\"},{\"@type\":\"WebPage\",\"@id\":\"https:\\\/\\\/www.bellunopress.it\\\/2026\\\/01\\\/04\\\/belluno-amministrazione-de-pellegrin-le-cose-che-hanno-funzionato-si-contano-forse-sulle-dita-di-una-mano\\\/\",\"url\":\"https:\\\/\\\/www.bellunopress.it\\\/2026\\\/01\\\/04\\\/belluno-amministrazione-de-pellegrin-le-cose-che-hanno-funzionato-si-contano-forse-sulle-dita-di-una-mano\\\/\",\"name\":\"Belluno, amministrazione De Pellegrin: le cose che hanno funzionato si contano forse sulle dita di una mano - Bellunopress - Dolomiti\",\"isPartOf\":{\"@id\":\"https:\\\/\\\/www.bellunopress.it\\\/#website\"},\"primaryImageOfPage\":{\"@id\":\"https:\\\/\\\/www.bellunopress.it\\\/2026\\\/01\\\/04\\\/belluno-amministrazione-de-pellegrin-le-cose-che-hanno-funzionato-si-contano-forse-sulle-dita-di-una-mano\\\/#primaryimage\"},\"image\":{\"@id\":\"https:\\\/\\\/www.bellunopress.it\\\/2026\\\/01\\\/04\\\/belluno-amministrazione-de-pellegrin-le-cose-che-hanno-funzionato-si-contano-forse-sulle-dita-di-una-mano\\\/#primaryimage\"},\"thumbnailUrl\":\"https:\\\/\\\/www.bellunopress.it\\\/wp-content\\\/uploads\\\/2023\\\/06\\\/Davide-Noro-segretario-Pd-Belluno.jpg\",\"datePublished\":\"2026-01-04T12:11:45+00:00\",\"breadcrumb\":{\"@id\":\"https:\\\/\\\/www.bellunopress.it\\\/2026\\\/01\\\/04\\\/belluno-amministrazione-de-pellegrin-le-cose-che-hanno-funzionato-si-contano-forse-sulle-dita-di-una-mano\\\/#breadcrumb\"},\"inLanguage\":\"fr-FR\",\"potentialAction\":[{\"@type\":\"ReadAction\",\"target\":[\"https:\\\/\\\/www.bellunopress.it\\\/2026\\\/01\\\/04\\\/belluno-amministrazione-de-pellegrin-le-cose-che-hanno-funzionato-si-contano-forse-sulle-dita-di-una-mano\\\/\"]}]},{\"@type\":\"ImageObject\",\"inLanguage\":\"fr-FR\",\"@id\":\"https:\\\/\\\/www.bellunopress.it\\\/2026\\\/01\\\/04\\\/belluno-amministrazione-de-pellegrin-le-cose-che-hanno-funzionato-si-contano-forse-sulle-dita-di-una-mano\\\/#primaryimage\",\"url\":\"https:\\\/\\\/www.bellunopress.it\\\/wp-content\\\/uploads\\\/2023\\\/06\\\/Davide-Noro-segretario-Pd-Belluno.jpg\",\"contentUrl\":\"https:\\\/\\\/www.bellunopress.it\\\/wp-content\\\/uploads\\\/2023\\\/06\\\/Davide-Noro-segretario-Pd-Belluno.jpg\",\"width\":847,\"height\":1000,\"caption\":\"Davide Noro, segretario Unione comunale Partito Democratico Belluno\"},{\"@type\":\"BreadcrumbList\",\"@id\":\"https:\\\/\\\/www.bellunopress.it\\\/2026\\\/01\\\/04\\\/belluno-amministrazione-de-pellegrin-le-cose-che-hanno-funzionato-si-contano-forse-sulle-dita-di-una-mano\\\/#breadcrumb\",\"itemListElement\":[{\"@type\":\"ListItem\",\"position\":1,\"name\":\"Home\",\"item\":\"https:\\\/\\\/www.bellunopress.it\\\/\"},{\"@type\":\"ListItem\",\"position\":2,\"name\":\"Belluno, amministrazione De Pellegrin: le cose che hanno funzionato si contano forse sulle dita di una mano\"}]},{\"@type\":\"WebSite\",\"@id\":\"https:\\\/\\\/www.bellunopress.it\\\/#website\",\"url\":\"https:\\\/\\\/www.bellunopress.it\\\/\",\"name\":\"Bellunopress - Dolomiti\",\"description\":\"e-mail: redazione@bellunopress.it\",\"publisher\":{\"@id\":\"https:\\\/\\\/www.bellunopress.it\\\/#organization\"},\"potentialAction\":[{\"@type\":\"SearchAction\",\"target\":{\"@type\":\"EntryPoint\",\"urlTemplate\":\"https:\\\/\\\/www.bellunopress.it\\\/?s={search_term_string}\"},\"query-input\":{\"@type\":\"PropertyValueSpecification\",\"valueRequired\":true,\"valueName\":\"search_term_string\"}}],\"inLanguage\":\"fr-FR\"},{\"@type\":\"Organization\",\"@id\":\"https:\\\/\\\/www.bellunopress.it\\\/#organization\",\"name\":\"Bellunopress\",\"url\":\"https:\\\/\\\/www.bellunopress.it\\\/\",\"logo\":{\"@type\":\"ImageObject\",\"inLanguage\":\"fr-FR\",\"@id\":\"https:\\\/\\\/www.bellunopress.it\\\/#\\\/schema\\\/logo\\\/image\\\/\",\"url\":\"https:\\\/\\\/www.bellunopress.it\\\/wp-content\\\/uploads\\\/2011\\\/05\\\/cropped-logo-bellunopress-.jpg\",\"contentUrl\":\"https:\\\/\\\/www.bellunopress.it\\\/wp-content\\\/uploads\\\/2011\\\/05\\\/cropped-logo-bellunopress-.jpg\",\"width\":512,\"height\":512,\"caption\":\"Bellunopress\"},\"image\":{\"@id\":\"https:\\\/\\\/www.bellunopress.it\\\/#\\\/schema\\\/logo\\\/image\\\/\"},\"sameAs\":[\"https:\\\/\\\/www.facebook.com\\\/profile.php?id=100008943462799\",\"https:\\\/\\\/x.com\\\/bellunopress\",\"https:\\\/\\\/www.linkedin.com\\\/hp\\\/?dnr=JBzUWaJfMUw8vbXJJ2tVW5-I3jZKvC4wsoxE&amp;amp;amp;amp;amp;amp;trk=nav_responsive_tab_home\",\"https:\\\/\\\/www.youtube.com\\\/channel\\\/UCxL0wu1uN0_3_7hGG0306cw\"]},{\"@type\":\"Person\",\"@id\":\"https:\\\/\\\/www.bellunopress.it\\\/#\\\/schema\\\/person\\\/79bb06722b37ece1c03d3e94beb30d73\",\"name\":\"redazione\",\"image\":{\"@type\":\"ImageObject\",\"inLanguage\":\"fr-FR\",\"@id\":\"https:\\\/\\\/secure.gravatar.com\\\/avatar\\\/37d968a2e67a6fd04c169c4bdef102d0bc5d31b2546345219e348575eb80e9a0?s=96&d=mm&r=g\",\"url\":\"https:\\\/\\\/secure.gravatar.com\\\/avatar\\\/37d968a2e67a6fd04c169c4bdef102d0bc5d31b2546345219e348575eb80e9a0?s=96&d=mm&r=g\",\"contentUrl\":\"https:\\\/\\\/secure.gravatar.com\\\/avatar\\\/37d968a2e67a6fd04c169c4bdef102d0bc5d31b2546345219e348575eb80e9a0?s=96&d=mm&r=g\",\"caption\":\"redazione\"},\"sameAs\":[\"http:\\\/\\\/www.bellunopress.it\",\"https:\\\/\\\/x.com\\\/bellunopress\"],\"url\":\"https:\\\/\\\/www.bellunopress.it\\\/fr\\\/author\\\/redazione\\\/\"}]}<\/script>\n<!-- \/ Yoast SEO plugin. -->","yoast_head_json":{"title":"Belluno, amministrazione De Pellegrin: le cose che hanno funzionato si contano forse sulle dita di una mano - Bellunopress - Dolomiti","robots":{"index":"index","follow":"follow","max-snippet":"max-snippet:-1","max-image-preview":"max-image-preview:large","max-video-preview":"max-video-preview:-1"},"canonical":"https:\/\/www.bellunopress.it\/fr\/2026\/01\/04\/belluno-amministrazione-de-pellegrin-le-cose-che-hanno-funzionato-si-contano-forse-sulle-dita-di-una-mano\/","og_locale":"fr_FR","og_type":"article","og_title":"Belluno, amministrazione De Pellegrin: le cose che hanno funzionato si contano forse sulle dita di una mano - Bellunopress - Dolomiti","og_description":"Sergio Mattarella, nel tradizionale discorso di fine anno, come di consueto ha usato parole importanti. A mio avviso il passaggio pi\u00f9 importante \u00e9 stato quello sull&#8217;impegno delle generazioni future, nel quale il Presidente della Repubblica ha invitato i giovani, in modo piuttosto insolito, ad essere pi\u00f9 &#8220;esigenti&#8221;. Da cittadino, prima ancora che da segretario della [&hellip;]","og_url":"https:\/\/www.bellunopress.it\/fr\/2026\/01\/04\/belluno-amministrazione-de-pellegrin-le-cose-che-hanno-funzionato-si-contano-forse-sulle-dita-di-una-mano\/","og_site_name":"Bellunopress - Dolomiti","article_publisher":"https:\/\/www.facebook.com\/profile.php?id=100008943462799","article_published_time":"2026-01-04T12:11:45+00:00","og_image":[{"width":847,"height":1000,"url":"https:\/\/www.bellunopress.it\/wp-content\/uploads\/2023\/06\/Davide-Noro-segretario-Pd-Belluno.jpg","type":"image\/jpeg"}],"author":"redazione","twitter_card":"summary_large_image","twitter_creator":"@bellunopress","twitter_site":"@bellunopress","twitter_misc":{"\u00c9crit par":"redazione","Dur\u00e9e de lecture estim\u00e9e":"3 minutes"},"schema":{"@context":"https:\/\/schema.org","@graph":[{"@type":"Article","@id":"https:\/\/www.bellunopress.it\/2026\/01\/04\/belluno-amministrazione-de-pellegrin-le-cose-che-hanno-funzionato-si-contano-forse-sulle-dita-di-una-mano\/#article","isPartOf":{"@id":"https:\/\/www.bellunopress.it\/2026\/01\/04\/belluno-amministrazione-de-pellegrin-le-cose-che-hanno-funzionato-si-contano-forse-sulle-dita-di-una-mano\/"},"author":{"name":"redazione","@id":"https:\/\/www.bellunopress.it\/#\/schema\/person\/79bb06722b37ece1c03d3e94beb30d73"},"headline":"Belluno, amministrazione De Pellegrin: le cose che hanno funzionato si contano forse sulle dita di una mano","datePublished":"2026-01-04T12:11:45+00:00","mainEntityOfPage":{"@id":"https:\/\/www.bellunopress.it\/2026\/01\/04\/belluno-amministrazione-de-pellegrin-le-cose-che-hanno-funzionato-si-contano-forse-sulle-dita-di-una-mano\/"},"wordCount":649,"publisher":{"@id":"https:\/\/www.bellunopress.it\/#organization"},"image":{"@id":"https:\/\/www.bellunopress.it\/2026\/01\/04\/belluno-amministrazione-de-pellegrin-le-cose-che-hanno-funzionato-si-contano-forse-sulle-dita-di-una-mano\/#primaryimage"},"thumbnailUrl":"https:\/\/www.bellunopress.it\/wp-content\/uploads\/2023\/06\/Davide-Noro-segretario-Pd-Belluno.jpg","articleSection":["Lettere Opinioni"],"inLanguage":"fr-FR"},{"@type":"WebPage","@id":"https:\/\/www.bellunopress.it\/2026\/01\/04\/belluno-amministrazione-de-pellegrin-le-cose-che-hanno-funzionato-si-contano-forse-sulle-dita-di-una-mano\/","url":"https:\/\/www.bellunopress.it\/2026\/01\/04\/belluno-amministrazione-de-pellegrin-le-cose-che-hanno-funzionato-si-contano-forse-sulle-dita-di-una-mano\/","name":"Belluno, amministrazione De Pellegrin: le cose che hanno funzionato si contano forse sulle dita di una mano - Bellunopress - Dolomiti","isPartOf":{"@id":"https:\/\/www.bellunopress.it\/#website"},"primaryImageOfPage":{"@id":"https:\/\/www.bellunopress.it\/2026\/01\/04\/belluno-amministrazione-de-pellegrin-le-cose-che-hanno-funzionato-si-contano-forse-sulle-dita-di-una-mano\/#primaryimage"},"image":{"@id":"https:\/\/www.bellunopress.it\/2026\/01\/04\/belluno-amministrazione-de-pellegrin-le-cose-che-hanno-funzionato-si-contano-forse-sulle-dita-di-una-mano\/#primaryimage"},"thumbnailUrl":"https:\/\/www.bellunopress.it\/wp-content\/uploads\/2023\/06\/Davide-Noro-segretario-Pd-Belluno.jpg","datePublished":"2026-01-04T12:11:45+00:00","breadcrumb":{"@id":"https:\/\/www.bellunopress.it\/2026\/01\/04\/belluno-amministrazione-de-pellegrin-le-cose-che-hanno-funzionato-si-contano-forse-sulle-dita-di-una-mano\/#breadcrumb"},"inLanguage":"fr-FR","potentialAction":[{"@type":"ReadAction","target":["https:\/\/www.bellunopress.it\/2026\/01\/04\/belluno-amministrazione-de-pellegrin-le-cose-che-hanno-funzionato-si-contano-forse-sulle-dita-di-una-mano\/"]}]},{"@type":"ImageObject","inLanguage":"fr-FR","@id":"https:\/\/www.bellunopress.it\/2026\/01\/04\/belluno-amministrazione-de-pellegrin-le-cose-che-hanno-funzionato-si-contano-forse-sulle-dita-di-una-mano\/#primaryimage","url":"https:\/\/www.bellunopress.it\/wp-content\/uploads\/2023\/06\/Davide-Noro-segretario-Pd-Belluno.jpg","contentUrl":"https:\/\/www.bellunopress.it\/wp-content\/uploads\/2023\/06\/Davide-Noro-segretario-Pd-Belluno.jpg","width":847,"height":1000,"caption":"Davide Noro, segretario Unione comunale Partito Democratico Belluno"},{"@type":"BreadcrumbList","@id":"https:\/\/www.bellunopress.it\/2026\/01\/04\/belluno-amministrazione-de-pellegrin-le-cose-che-hanno-funzionato-si-contano-forse-sulle-dita-di-una-mano\/#breadcrumb","itemListElement":[{"@type":"ListItem","position":1,"name":"Home","item":"https:\/\/www.bellunopress.it\/"},{"@type":"ListItem","position":2,"name":"Belluno, amministrazione De Pellegrin: le cose che hanno funzionato si contano forse sulle dita di una mano"}]},{"@type":"WebSite","@id":"https:\/\/www.bellunopress.it\/#website","url":"https:\/\/www.bellunopress.it\/","name":"Bellunopress - Dolomiti","description":"e-mail: redazione@bellunopress.it","publisher":{"@id":"https:\/\/www.bellunopress.it\/#organization"},"potentialAction":[{"@type":"SearchAction","target":{"@type":"EntryPoint","urlTemplate":"https:\/\/www.bellunopress.it\/?s={search_term_string}"},"query-input":{"@type":"PropertyValueSpecification","valueRequired":true,"valueName":"search_term_string"}}],"inLanguage":"fr-FR"},{"@type":"Organization","@id":"https:\/\/www.bellunopress.it\/#organization","name":"Bellunopress","url":"https:\/\/www.bellunopress.it\/","logo":{"@type":"ImageObject","inLanguage":"fr-FR","@id":"https:\/\/www.bellunopress.it\/#\/schema\/logo\/image\/","url":"https:\/\/www.bellunopress.it\/wp-content\/uploads\/2011\/05\/cropped-logo-bellunopress-.jpg","contentUrl":"https:\/\/www.bellunopress.it\/wp-content\/uploads\/2011\/05\/cropped-logo-bellunopress-.jpg","width":512,"height":512,"caption":"Bellunopress"},"image":{"@id":"https:\/\/www.bellunopress.it\/#\/schema\/logo\/image\/"},"sameAs":["https:\/\/www.facebook.com\/profile.php?id=100008943462799","https:\/\/x.com\/bellunopress","https:\/\/www.linkedin.com\/hp\/?dnr=JBzUWaJfMUw8vbXJJ2tVW5-I3jZKvC4wsoxE&amp;amp;amp;amp;amp;amp;trk=nav_responsive_tab_home","https:\/\/www.youtube.com\/channel\/UCxL0wu1uN0_3_7hGG0306cw"]},{"@type":"Person","@id":"https:\/\/www.bellunopress.it\/#\/schema\/person\/79bb06722b37ece1c03d3e94beb30d73","name":"r\u00e9daction","image":{"@type":"ImageObject","inLanguage":"fr-FR","@id":"https:\/\/secure.gravatar.com\/avatar\/37d968a2e67a6fd04c169c4bdef102d0bc5d31b2546345219e348575eb80e9a0?s=96&d=mm&r=g","url":"https:\/\/secure.gravatar.com\/avatar\/37d968a2e67a6fd04c169c4bdef102d0bc5d31b2546345219e348575eb80e9a0?s=96&d=mm&r=g","contentUrl":"https:\/\/secure.gravatar.com\/avatar\/37d968a2e67a6fd04c169c4bdef102d0bc5d31b2546345219e348575eb80e9a0?s=96&d=mm&r=g","caption":"redazione"},"sameAs":["http:\/\/www.bellunopress.it","https:\/\/x.com\/bellunopress"],"url":"https:\/\/www.bellunopress.it\/fr\/author\/redazione\/"}]}},"_links":{"self":[{"href":"https:\/\/www.bellunopress.it\/fr\/wp-json\/wp\/v2\/posts\/166221","targetHints":{"allow":["GET"]}}],"collection":[{"href":"https:\/\/www.bellunopress.it\/fr\/wp-json\/wp\/v2\/posts"}],"about":[{"href":"https:\/\/www.bellunopress.it\/fr\/wp-json\/wp\/v2\/types\/post"}],"author":[{"embeddable":true,"href":"https:\/\/www.bellunopress.it\/fr\/wp-json\/wp\/v2\/users\/2"}],"replies":[{"embeddable":true,"href":"https:\/\/www.bellunopress.it\/fr\/wp-json\/wp\/v2\/comments?post=166221"}],"version-history":[{"count":1,"href":"https:\/\/www.bellunopress.it\/fr\/wp-json\/wp\/v2\/posts\/166221\/revisions"}],"predecessor-version":[{"id":166222,"href":"https:\/\/www.bellunopress.it\/fr\/wp-json\/wp\/v2\/posts\/166221\/revisions\/166222"}],"wp:featuredmedia":[{"embeddable":true,"href":"https:\/\/www.bellunopress.it\/fr\/wp-json\/wp\/v2\/media\/141968"}],"wp:attachment":[{"href":"https:\/\/www.bellunopress.it\/fr\/wp-json\/wp\/v2\/media?parent=166221"}],"wp:term":[{"taxonomy":"category","embeddable":true,"href":"https:\/\/www.bellunopress.it\/fr\/wp-json\/wp\/v2\/categories?post=166221"},{"taxonomy":"post_tag","embeddable":true,"href":"https:\/\/www.bellunopress.it\/fr\/wp-json\/wp\/v2\/tags?post=166221"}],"curies":[{"name":"wp","href":"https:\/\/api.w.org\/{rel}","templated":true}]}}