{"id":166216,"date":"2026-01-04T08:08:22","date_gmt":"2026-01-04T07:08:22","guid":{"rendered":"https:\/\/www.bellunopress.it\/?p=166216"},"modified":"2026-01-04T08:08:22","modified_gmt":"2026-01-04T07:08:22","slug":"i-predatori-della-valle-dellabbondanza","status":"publish","type":"post","link":"https:\/\/www.bellunopress.it\/fr\/2026\/01\/04\/i-predatori-della-valle-dellabbondanza\/","title":{"rendered":"I predatori della Valle dell&#8217;Abbondanza"},"content":{"rendered":"<p><img loading=\"lazy\" decoding=\"async\" class=\"aligncenter size-full wp-image-166217\" src=\"https:\/\/www.bellunopress.it\/wp-content\/uploads\/2026\/01\/fiaba-dei-predatori.jpg\" alt=\"\" width=\"700\" height=\"382\" srcset=\"https:\/\/www.bellunopress.it\/wp-content\/uploads\/2026\/01\/fiaba-dei-predatori.jpg 700w, https:\/\/www.bellunopress.it\/wp-content\/uploads\/2026\/01\/fiaba-dei-predatori-500x273.jpg 500w, https:\/\/www.bellunopress.it\/wp-content\/uploads\/2026\/01\/fiaba-dei-predatori-696x380.jpg 696w\" sizes=\"auto, (max-width: 700px) 100vw, 700px\" \/>C&#8217;era una volta la Valle dell&#8217;Abbondanza, un luogo cos\u00ec ricco di sorgenti e pascoli che nessun animale avrebbe mai dovuto conoscere la fame. Tuttavia, al centro della valle scorreva il Fiume d&#8217;Oro, le cui acque non dissetavano, ma trasportavano pepite luccicanti che i grandi predatori bramavano pi\u00f9 di ogni altra cosa.<\/p>\n<p>A governare la valle erano tre creature feroci, ognuna convinta di avere il diritto assoluto su quel tesoro: il Leone dalle Criniere d&#8217;Acciaio, la Tigre dalle Strisce di Fuoco e il Grande Lupo Grigio.<\/p>\n<p><strong>La guerra del terrore<\/strong><br \/>\nPer anni, i tre non fecero altro che combattersi. Ma non combattevano mai tra loro direttamente. Usavano gli animali pi\u00f9 piccoli \u2014 le volpi, i cervi e i furetti \u2014 convincendoli che la guerra servisse a difendere la loro libert\u00e0 o il loro onore.<\/p>\n<p>In realt\u00e0, ogni volta che un bosco veniva bruciato o una radura insanguinata, i tre Grandi si sedevano a distanza di sicurezza per contare quante pepite potevano raccogliere dalle terre rimaste vuote.<\/p>\n<p><strong>Il patto segreto<\/strong><br \/>\nUn giorno, stanchi di veder diminuire le proprie ricchezze a causa delle troppe spese per armare i piccoli animali, i tre decisero di incontrarsi sulla Roccia del Silenzio.<\/p>\n<p>&#8220;Perch\u00e9 continuare a distruggere ci\u00f2 che possiamo semplicemente spartirci?&#8221; rugg\u00ec il Leone, agitando una zampa carica di anelli dorati. &#8220;Se continuiamo cos\u00ec, non rester\u00e0 pi\u00f9 nessuno a lavorare per noi.&#8221;<\/p>\n<p>La Tigre e il Lupo annuirono. Presero una mappa della valle e, con i loro artigli, tracciarono delle linee profonde nella terra:<\/p>\n<p>Al Leone and\u00f2 il Nord, ricco di miniere e di grandi mandrie da spremere.<\/p>\n<p>Alla Tigre spett\u00f2 l&#8217;Est, dove le rotte del commercio e il Fiume d&#8217;Oro erano pi\u00f9 profondi.<\/p>\n<p>Al Lupo fu dato l&#8217;Ovest, con le sue foreste fitte dove poteva nascondere i suoi traffici e le sue spie.<\/p>\n<p><strong>La sorte delle prede<\/strong><br \/>\nE le prede? Le prede non furono nemmeno consultate, perch\u00e9 erano solo dei servi. Furono divise come se fossero monete di scambio. &#8220;Tu mi darai cento cervi per il mio ferro,&#8221; disse la Tigre al Leone. &#8220;E io ti dar\u00f2 il passaggio attraverso le mie terre in cambio di dieci lupi da usare come guardiani,&#8221; rispose il Lupo.<\/p>\n<p>La guerra non fin\u00ec del tutto, ma cambi\u00f2 forma. I tre Grandi non si attaccavano pi\u00f9, ma alimentavano piccoli incendi qua e l\u00e0, solo per far salire il prezzo delle &#8220;bacche curative&#8221; o per convincere gli animali a comprare nuove &#8220;difese&#8221; dai loro arsenali.<\/p>\n<p><strong>La morale\u00a0<\/strong><br \/>\nLa valle non conobbe mai pi\u00f9 la pace vera, ma solo una lunga tregua d&#8217;oro. Gli animali piccoli continuavano a lavorare e a temersi l&#8217;un l&#8217;altro, convinti che il nemico fosse il vicino di tana, senza accorgersi che i loro fili erano tirati dai tre predatori seduti sulla collina.<\/p>\n<p>Il sangue versato aveva lo stesso identico colore dell&#8217;oro che i tre stavano accumulando.<\/p>","protected":false},"excerpt":{"rendered":"<p>C&#8217;era una volta la Valle dell&#8217;Abbondanza, un luogo cos\u00ec ricco di sorgenti e pascoli che nessun animale avrebbe mai dovuto conoscere la fame. Tuttavia, al centro della valle scorreva il Fiume d&#8217;Oro, le cui acque non dissetavano, ma trasportavano pepite luccicanti che i grandi predatori bramavano pi\u00f9 di ogni altra cosa. A governare la valle [&hellip;]<\/p>\n","protected":false},"author":2,"featured_media":166217,"comment_status":"closed","ping_status":"open","sticky":false,"template":"","format":"standard","meta":{"footnotes":""},"categories":[1,25],"tags":[],"class_list":["post-166216","post","type-post","status-publish","format-standard","has-post-thumbnail","category-leo","category-pausa-caffe"],"yoast_head":"<!-- This site is optimized with the Yoast SEO plugin v28.4 - https:\/\/yoast.com\/product\/yoast-seo-wordpress\/ -->\n<title>I predatori della Valle dell&#039;Abbondanza - Bellunopress - Dolomiti<\/title>\n<meta name=\"robots\" content=\"index, follow, max-snippet:-1, max-image-preview:large, max-video-preview:-1\" \/>\n<link rel=\"canonical\" href=\"https:\/\/www.bellunopress.it\/fr\/2026\/01\/04\/i-predatori-della-valle-dellabbondanza\/\" \/>\n<meta property=\"og:locale\" content=\"fr_FR\" \/>\n<meta property=\"og:type\" content=\"article\" \/>\n<meta property=\"og:title\" content=\"I predatori della Valle dell&#039;Abbondanza - Bellunopress - Dolomiti\" \/>\n<meta property=\"og:description\" content=\"C&#8217;era una volta la Valle dell&#8217;Abbondanza, un luogo cos\u00ec ricco di sorgenti e pascoli che nessun animale avrebbe mai dovuto conoscere la fame. Tuttavia, al centro della valle scorreva il Fiume d&#8217;Oro, le cui acque non dissetavano, ma trasportavano pepite luccicanti che i grandi predatori bramavano pi\u00f9 di ogni altra cosa. A governare la valle [&hellip;]\" \/>\n<meta property=\"og:url\" content=\"https:\/\/www.bellunopress.it\/fr\/2026\/01\/04\/i-predatori-della-valle-dellabbondanza\/\" \/>\n<meta property=\"og:site_name\" content=\"Bellunopress - Dolomiti\" \/>\n<meta property=\"article:publisher\" content=\"https:\/\/www.facebook.com\/profile.php?id=100008943462799\" \/>\n<meta property=\"article:published_time\" content=\"2026-01-04T07:08:22+00:00\" \/>\n<meta property=\"og:image\" content=\"https:\/\/www.bellunopress.it\/wp-content\/uploads\/2026\/01\/fiaba-dei-predatori.jpg\" \/>\n\t<meta property=\"og:image:width\" content=\"700\" \/>\n\t<meta property=\"og:image:height\" content=\"382\" \/>\n\t<meta property=\"og:image:type\" content=\"image\/jpeg\" \/>\n<meta name=\"author\" content=\"redazione\" \/>\n<meta name=\"twitter:card\" content=\"summary_large_image\" \/>\n<meta name=\"twitter:creator\" content=\"@bellunopress\" \/>\n<meta name=\"twitter:site\" content=\"@bellunopress\" \/>\n<meta name=\"twitter:label1\" content=\"\u00c9crit par\" \/>\n\t<meta name=\"twitter:data1\" content=\"redazione\" \/>\n\t<meta name=\"twitter:label2\" content=\"Dur\u00e9e de lecture estim\u00e9e\" \/>\n\t<meta name=\"twitter:data2\" content=\"2 minutes\" \/>\n<script type=\"application\/ld+json\" class=\"yoast-schema-graph\">{\"@context\":\"https:\\\/\\\/schema.org\",\"@graph\":[{\"@type\":\"Article\",\"@id\":\"https:\\\/\\\/www.bellunopress.it\\\/2026\\\/01\\\/04\\\/i-predatori-della-valle-dellabbondanza\\\/#article\",\"isPartOf\":{\"@id\":\"https:\\\/\\\/www.bellunopress.it\\\/2026\\\/01\\\/04\\\/i-predatori-della-valle-dellabbondanza\\\/\"},\"author\":{\"name\":\"redazione\",\"@id\":\"https:\\\/\\\/www.bellunopress.it\\\/#\\\/schema\\\/person\\\/79bb06722b37ece1c03d3e94beb30d73\"},\"headline\":\"I predatori della Valle dell&#8217;Abbondanza\",\"datePublished\":\"2026-01-04T07:08:22+00:00\",\"mainEntityOfPage\":{\"@id\":\"https:\\\/\\\/www.bellunopress.it\\\/2026\\\/01\\\/04\\\/i-predatori-della-valle-dellabbondanza\\\/\"},\"wordCount\":484,\"publisher\":{\"@id\":\"https:\\\/\\\/www.bellunopress.it\\\/#organization\"},\"image\":{\"@id\":\"https:\\\/\\\/www.bellunopress.it\\\/2026\\\/01\\\/04\\\/i-predatori-della-valle-dellabbondanza\\\/#primaryimage\"},\"thumbnailUrl\":\"https:\\\/\\\/www.bellunopress.it\\\/wp-content\\\/uploads\\\/2026\\\/01\\\/fiaba-dei-predatori.jpg\",\"articleSection\":[\"Lettere Opinioni\",\"Pausa Caff\u00e8\"],\"inLanguage\":\"fr-FR\"},{\"@type\":\"WebPage\",\"@id\":\"https:\\\/\\\/www.bellunopress.it\\\/2026\\\/01\\\/04\\\/i-predatori-della-valle-dellabbondanza\\\/\",\"url\":\"https:\\\/\\\/www.bellunopress.it\\\/2026\\\/01\\\/04\\\/i-predatori-della-valle-dellabbondanza\\\/\",\"name\":\"I predatori della Valle dell'Abbondanza - Bellunopress - Dolomiti\",\"isPartOf\":{\"@id\":\"https:\\\/\\\/www.bellunopress.it\\\/#website\"},\"primaryImageOfPage\":{\"@id\":\"https:\\\/\\\/www.bellunopress.it\\\/2026\\\/01\\\/04\\\/i-predatori-della-valle-dellabbondanza\\\/#primaryimage\"},\"image\":{\"@id\":\"https:\\\/\\\/www.bellunopress.it\\\/2026\\\/01\\\/04\\\/i-predatori-della-valle-dellabbondanza\\\/#primaryimage\"},\"thumbnailUrl\":\"https:\\\/\\\/www.bellunopress.it\\\/wp-content\\\/uploads\\\/2026\\\/01\\\/fiaba-dei-predatori.jpg\",\"datePublished\":\"2026-01-04T07:08:22+00:00\",\"breadcrumb\":{\"@id\":\"https:\\\/\\\/www.bellunopress.it\\\/2026\\\/01\\\/04\\\/i-predatori-della-valle-dellabbondanza\\\/#breadcrumb\"},\"inLanguage\":\"fr-FR\",\"potentialAction\":[{\"@type\":\"ReadAction\",\"target\":[\"https:\\\/\\\/www.bellunopress.it\\\/2026\\\/01\\\/04\\\/i-predatori-della-valle-dellabbondanza\\\/\"]}]},{\"@type\":\"ImageObject\",\"inLanguage\":\"fr-FR\",\"@id\":\"https:\\\/\\\/www.bellunopress.it\\\/2026\\\/01\\\/04\\\/i-predatori-della-valle-dellabbondanza\\\/#primaryimage\",\"url\":\"https:\\\/\\\/www.bellunopress.it\\\/wp-content\\\/uploads\\\/2026\\\/01\\\/fiaba-dei-predatori.jpg\",\"contentUrl\":\"https:\\\/\\\/www.bellunopress.it\\\/wp-content\\\/uploads\\\/2026\\\/01\\\/fiaba-dei-predatori.jpg\",\"width\":700,\"height\":382},{\"@type\":\"BreadcrumbList\",\"@id\":\"https:\\\/\\\/www.bellunopress.it\\\/2026\\\/01\\\/04\\\/i-predatori-della-valle-dellabbondanza\\\/#breadcrumb\",\"itemListElement\":[{\"@type\":\"ListItem\",\"position\":1,\"name\":\"Home\",\"item\":\"https:\\\/\\\/www.bellunopress.it\\\/\"},{\"@type\":\"ListItem\",\"position\":2,\"name\":\"I predatori della Valle dell&#8217;Abbondanza\"}]},{\"@type\":\"WebSite\",\"@id\":\"https:\\\/\\\/www.bellunopress.it\\\/#website\",\"url\":\"https:\\\/\\\/www.bellunopress.it\\\/\",\"name\":\"Bellunopress - Dolomiti\",\"description\":\"e-mail: redazione@bellunopress.it\",\"publisher\":{\"@id\":\"https:\\\/\\\/www.bellunopress.it\\\/#organization\"},\"potentialAction\":[{\"@type\":\"SearchAction\",\"target\":{\"@type\":\"EntryPoint\",\"urlTemplate\":\"https:\\\/\\\/www.bellunopress.it\\\/?s={search_term_string}\"},\"query-input\":{\"@type\":\"PropertyValueSpecification\",\"valueRequired\":true,\"valueName\":\"search_term_string\"}}],\"inLanguage\":\"fr-FR\"},{\"@type\":\"Organization\",\"@id\":\"https:\\\/\\\/www.bellunopress.it\\\/#organization\",\"name\":\"Bellunopress\",\"url\":\"https:\\\/\\\/www.bellunopress.it\\\/\",\"logo\":{\"@type\":\"ImageObject\",\"inLanguage\":\"fr-FR\",\"@id\":\"https:\\\/\\\/www.bellunopress.it\\\/#\\\/schema\\\/logo\\\/image\\\/\",\"url\":\"https:\\\/\\\/www.bellunopress.it\\\/wp-content\\\/uploads\\\/2011\\\/05\\\/cropped-logo-bellunopress-.jpg\",\"contentUrl\":\"https:\\\/\\\/www.bellunopress.it\\\/wp-content\\\/uploads\\\/2011\\\/05\\\/cropped-logo-bellunopress-.jpg\",\"width\":512,\"height\":512,\"caption\":\"Bellunopress\"},\"image\":{\"@id\":\"https:\\\/\\\/www.bellunopress.it\\\/#\\\/schema\\\/logo\\\/image\\\/\"},\"sameAs\":[\"https:\\\/\\\/www.facebook.com\\\/profile.php?id=100008943462799\",\"https:\\\/\\\/x.com\\\/bellunopress\",\"https:\\\/\\\/www.linkedin.com\\\/hp\\\/?dnr=JBzUWaJfMUw8vbXJJ2tVW5-I3jZKvC4wsoxE&amp;amp;amp;amp;amp;amp;trk=nav_responsive_tab_home\",\"https:\\\/\\\/www.youtube.com\\\/channel\\\/UCxL0wu1uN0_3_7hGG0306cw\"]},{\"@type\":\"Person\",\"@id\":\"https:\\\/\\\/www.bellunopress.it\\\/#\\\/schema\\\/person\\\/79bb06722b37ece1c03d3e94beb30d73\",\"name\":\"redazione\",\"image\":{\"@type\":\"ImageObject\",\"inLanguage\":\"fr-FR\",\"@id\":\"https:\\\/\\\/secure.gravatar.com\\\/avatar\\\/37d968a2e67a6fd04c169c4bdef102d0bc5d31b2546345219e348575eb80e9a0?s=96&d=mm&r=g\",\"url\":\"https:\\\/\\\/secure.gravatar.com\\\/avatar\\\/37d968a2e67a6fd04c169c4bdef102d0bc5d31b2546345219e348575eb80e9a0?s=96&d=mm&r=g\",\"contentUrl\":\"https:\\\/\\\/secure.gravatar.com\\\/avatar\\\/37d968a2e67a6fd04c169c4bdef102d0bc5d31b2546345219e348575eb80e9a0?s=96&d=mm&r=g\",\"caption\":\"redazione\"},\"sameAs\":[\"http:\\\/\\\/www.bellunopress.it\",\"https:\\\/\\\/x.com\\\/bellunopress\"],\"url\":\"https:\\\/\\\/www.bellunopress.it\\\/fr\\\/author\\\/redazione\\\/\"}]}<\/script>\n<!-- \/ Yoast SEO plugin. -->","yoast_head_json":{"title":"I predatori della Valle dell'Abbondanza - Bellunopress - Dolomiti","robots":{"index":"index","follow":"follow","max-snippet":"max-snippet:-1","max-image-preview":"max-image-preview:large","max-video-preview":"max-video-preview:-1"},"canonical":"https:\/\/www.bellunopress.it\/fr\/2026\/01\/04\/i-predatori-della-valle-dellabbondanza\/","og_locale":"fr_FR","og_type":"article","og_title":"I predatori della Valle dell'Abbondanza - Bellunopress - Dolomiti","og_description":"C&#8217;era una volta la Valle dell&#8217;Abbondanza, un luogo cos\u00ec ricco di sorgenti e pascoli che nessun animale avrebbe mai dovuto conoscere la fame. Tuttavia, al centro della valle scorreva il Fiume d&#8217;Oro, le cui acque non dissetavano, ma trasportavano pepite luccicanti che i grandi predatori bramavano pi\u00f9 di ogni altra cosa. A governare la valle [&hellip;]","og_url":"https:\/\/www.bellunopress.it\/fr\/2026\/01\/04\/i-predatori-della-valle-dellabbondanza\/","og_site_name":"Bellunopress - Dolomiti","article_publisher":"https:\/\/www.facebook.com\/profile.php?id=100008943462799","article_published_time":"2026-01-04T07:08:22+00:00","og_image":[{"width":700,"height":382,"url":"https:\/\/www.bellunopress.it\/wp-content\/uploads\/2026\/01\/fiaba-dei-predatori.jpg","type":"image\/jpeg"}],"author":"redazione","twitter_card":"summary_large_image","twitter_creator":"@bellunopress","twitter_site":"@bellunopress","twitter_misc":{"\u00c9crit par":"redazione","Dur\u00e9e de lecture estim\u00e9e":"2 minutes"},"schema":{"@context":"https:\/\/schema.org","@graph":[{"@type":"Article","@id":"https:\/\/www.bellunopress.it\/2026\/01\/04\/i-predatori-della-valle-dellabbondanza\/#article","isPartOf":{"@id":"https:\/\/www.bellunopress.it\/2026\/01\/04\/i-predatori-della-valle-dellabbondanza\/"},"author":{"name":"redazione","@id":"https:\/\/www.bellunopress.it\/#\/schema\/person\/79bb06722b37ece1c03d3e94beb30d73"},"headline":"I predatori della Valle dell&#8217;Abbondanza","datePublished":"2026-01-04T07:08:22+00:00","mainEntityOfPage":{"@id":"https:\/\/www.bellunopress.it\/2026\/01\/04\/i-predatori-della-valle-dellabbondanza\/"},"wordCount":484,"publisher":{"@id":"https:\/\/www.bellunopress.it\/#organization"},"image":{"@id":"https:\/\/www.bellunopress.it\/2026\/01\/04\/i-predatori-della-valle-dellabbondanza\/#primaryimage"},"thumbnailUrl":"https:\/\/www.bellunopress.it\/wp-content\/uploads\/2026\/01\/fiaba-dei-predatori.jpg","articleSection":["Lettere Opinioni","Pausa Caff\u00e8"],"inLanguage":"fr-FR"},{"@type":"WebPage","@id":"https:\/\/www.bellunopress.it\/2026\/01\/04\/i-predatori-della-valle-dellabbondanza\/","url":"https:\/\/www.bellunopress.it\/2026\/01\/04\/i-predatori-della-valle-dellabbondanza\/","name":"I predatori della Valle dell'Abbondanza - Bellunopress - Dolomiti","isPartOf":{"@id":"https:\/\/www.bellunopress.it\/#website"},"primaryImageOfPage":{"@id":"https:\/\/www.bellunopress.it\/2026\/01\/04\/i-predatori-della-valle-dellabbondanza\/#primaryimage"},"image":{"@id":"https:\/\/www.bellunopress.it\/2026\/01\/04\/i-predatori-della-valle-dellabbondanza\/#primaryimage"},"thumbnailUrl":"https:\/\/www.bellunopress.it\/wp-content\/uploads\/2026\/01\/fiaba-dei-predatori.jpg","datePublished":"2026-01-04T07:08:22+00:00","breadcrumb":{"@id":"https:\/\/www.bellunopress.it\/2026\/01\/04\/i-predatori-della-valle-dellabbondanza\/#breadcrumb"},"inLanguage":"fr-FR","potentialAction":[{"@type":"ReadAction","target":["https:\/\/www.bellunopress.it\/2026\/01\/04\/i-predatori-della-valle-dellabbondanza\/"]}]},{"@type":"ImageObject","inLanguage":"fr-FR","@id":"https:\/\/www.bellunopress.it\/2026\/01\/04\/i-predatori-della-valle-dellabbondanza\/#primaryimage","url":"https:\/\/www.bellunopress.it\/wp-content\/uploads\/2026\/01\/fiaba-dei-predatori.jpg","contentUrl":"https:\/\/www.bellunopress.it\/wp-content\/uploads\/2026\/01\/fiaba-dei-predatori.jpg","width":700,"height":382},{"@type":"BreadcrumbList","@id":"https:\/\/www.bellunopress.it\/2026\/01\/04\/i-predatori-della-valle-dellabbondanza\/#breadcrumb","itemListElement":[{"@type":"ListItem","position":1,"name":"Home","item":"https:\/\/www.bellunopress.it\/"},{"@type":"ListItem","position":2,"name":"I predatori della Valle dell&#8217;Abbondanza"}]},{"@type":"WebSite","@id":"https:\/\/www.bellunopress.it\/#website","url":"https:\/\/www.bellunopress.it\/","name":"Bellunopress - Dolomiti","description":"e-mail: redazione@bellunopress.it","publisher":{"@id":"https:\/\/www.bellunopress.it\/#organization"},"potentialAction":[{"@type":"SearchAction","target":{"@type":"EntryPoint","urlTemplate":"https:\/\/www.bellunopress.it\/?s={search_term_string}"},"query-input":{"@type":"PropertyValueSpecification","valueRequired":true,"valueName":"search_term_string"}}],"inLanguage":"fr-FR"},{"@type":"Organization","@id":"https:\/\/www.bellunopress.it\/#organization","name":"Bellunopress","url":"https:\/\/www.bellunopress.it\/","logo":{"@type":"ImageObject","inLanguage":"fr-FR","@id":"https:\/\/www.bellunopress.it\/#\/schema\/logo\/image\/","url":"https:\/\/www.bellunopress.it\/wp-content\/uploads\/2011\/05\/cropped-logo-bellunopress-.jpg","contentUrl":"https:\/\/www.bellunopress.it\/wp-content\/uploads\/2011\/05\/cropped-logo-bellunopress-.jpg","width":512,"height":512,"caption":"Bellunopress"},"image":{"@id":"https:\/\/www.bellunopress.it\/#\/schema\/logo\/image\/"},"sameAs":["https:\/\/www.facebook.com\/profile.php?id=100008943462799","https:\/\/x.com\/bellunopress","https:\/\/www.linkedin.com\/hp\/?dnr=JBzUWaJfMUw8vbXJJ2tVW5-I3jZKvC4wsoxE&amp;amp;amp;amp;amp;amp;trk=nav_responsive_tab_home","https:\/\/www.youtube.com\/channel\/UCxL0wu1uN0_3_7hGG0306cw"]},{"@type":"Person","@id":"https:\/\/www.bellunopress.it\/#\/schema\/person\/79bb06722b37ece1c03d3e94beb30d73","name":"r\u00e9daction","image":{"@type":"ImageObject","inLanguage":"fr-FR","@id":"https:\/\/secure.gravatar.com\/avatar\/37d968a2e67a6fd04c169c4bdef102d0bc5d31b2546345219e348575eb80e9a0?s=96&d=mm&r=g","url":"https:\/\/secure.gravatar.com\/avatar\/37d968a2e67a6fd04c169c4bdef102d0bc5d31b2546345219e348575eb80e9a0?s=96&d=mm&r=g","contentUrl":"https:\/\/secure.gravatar.com\/avatar\/37d968a2e67a6fd04c169c4bdef102d0bc5d31b2546345219e348575eb80e9a0?s=96&d=mm&r=g","caption":"redazione"},"sameAs":["http:\/\/www.bellunopress.it","https:\/\/x.com\/bellunopress"],"url":"https:\/\/www.bellunopress.it\/fr\/author\/redazione\/"}]}},"_links":{"self":[{"href":"https:\/\/www.bellunopress.it\/fr\/wp-json\/wp\/v2\/posts\/166216","targetHints":{"allow":["GET"]}}],"collection":[{"href":"https:\/\/www.bellunopress.it\/fr\/wp-json\/wp\/v2\/posts"}],"about":[{"href":"https:\/\/www.bellunopress.it\/fr\/wp-json\/wp\/v2\/types\/post"}],"author":[{"embeddable":true,"href":"https:\/\/www.bellunopress.it\/fr\/wp-json\/wp\/v2\/users\/2"}],"replies":[{"embeddable":true,"href":"https:\/\/www.bellunopress.it\/fr\/wp-json\/wp\/v2\/comments?post=166216"}],"version-history":[{"count":1,"href":"https:\/\/www.bellunopress.it\/fr\/wp-json\/wp\/v2\/posts\/166216\/revisions"}],"predecessor-version":[{"id":166218,"href":"https:\/\/www.bellunopress.it\/fr\/wp-json\/wp\/v2\/posts\/166216\/revisions\/166218"}],"wp:featuredmedia":[{"embeddable":true,"href":"https:\/\/www.bellunopress.it\/fr\/wp-json\/wp\/v2\/media\/166217"}],"wp:attachment":[{"href":"https:\/\/www.bellunopress.it\/fr\/wp-json\/wp\/v2\/media?parent=166216"}],"wp:term":[{"taxonomy":"category","embeddable":true,"href":"https:\/\/www.bellunopress.it\/fr\/wp-json\/wp\/v2\/categories?post=166216"},{"taxonomy":"post_tag","embeddable":true,"href":"https:\/\/www.bellunopress.it\/fr\/wp-json\/wp\/v2\/tags?post=166216"}],"curies":[{"name":"wp","href":"https:\/\/api.w.org\/{rel}","templated":true}]}}