{"id":166204,"date":"2026-01-03T21:30:06","date_gmt":"2026-01-03T20:30:06","guid":{"rendered":"https:\/\/www.bellunopress.it\/?p=166204"},"modified":"2026-01-03T21:30:06","modified_gmt":"2026-01-03T20:30:06","slug":"inseguimento-da-film-nel-feltrino-tre-arresti-dopo-la-fuga-tra-auto-rubate-e-biciclette","status":"publish","type":"post","link":"https:\/\/www.bellunopress.it\/fr\/2026\/01\/03\/inseguimento-da-film-nel-feltrino-tre-arresti-dopo-la-fuga-tra-auto-rubate-e-biciclette\/","title":{"rendered":"Inseguimento da film nel Feltrino: tre arresti dopo la fuga tra auto rubate e biciclette"},"content":{"rendered":"<p><strong><img loading=\"lazy\" decoding=\"async\" class=\"aligncenter size-full wp-image-166161\" src=\"https:\/\/www.bellunopress.it\/wp-content\/uploads\/2026\/01\/carabinieri-notte.jpg\" alt=\"\" width=\"600\" height=\"337\" srcset=\"https:\/\/www.bellunopress.it\/wp-content\/uploads\/2026\/01\/carabinieri-notte.jpg 600w, https:\/\/www.bellunopress.it\/wp-content\/uploads\/2026\/01\/carabinieri-notte-500x281.jpg 500w\" sizes=\"auto, (max-width: 600px) 100vw, 600px\" \/>L&#8217;appello dell&#8217;Arma: &#8220;Non lasciate le chiavi inserite nell&#8217;auto&#8221;<\/strong><\/p>\n<p>Feltre, 3 gennaio 2026 \u2013 Si \u00e8 conclusa con un movimentato inseguimento e l\u2019arresto di tre giovani la serata dello scorso 30 dicembre. I Carabinieri della Compagnia di Feltre, nell\u2019ambito di un servizio di prevenzione intensificato proprio per contrastare l\u2019ondata di furti che sta colpendo il territorio, hanno assicurato alla giustizia tre ventenni, gi\u00e0 noti alle forze dell\u2019ordine per reati contro il patrimonio.<\/p>\n<p>Tutto ha avuto inizio intorno alle ore 17:00 di marted\u00ec, quando una segnalazione al 112 ha denunciato il furto di un\u2019autovettura in pieno centro a Feltre. Il veicolo \u00e8 stato intercettato poco dopo da una pattuglia della Stazione di Setteville lungo la SP1 Bis, mentre procedeva a velocit\u00e0 sostenuta da Busche verso Vas.<\/p>\n<p>Alla vista dei militari, il conducente non si \u00e8 fermato all&#8217;alt, dando il via a una fuga spericolata. Per alcuni chilometri, i malviventi hanno tentato di seminare i Carabinieri con manovre pericolose, fino a raggiungere l\u2019abitato di Alano di Piave. Qui, vistisi braccati, hanno abbandonato l\u2019auto per proseguire la fuga a piedi.<\/p>\n<p>Nonostante l\u2019oscurit\u00e0 e il freddo intenso, i tre hanno tentato l\u2019ultima carta: attraversando campi e giardini privati, hanno asportato delle biciclette trovate lungo il percorso nel tentativo di far perdere le proprie tracce. Una strategia che per\u00f2 non \u00e8 bastata a eludere l&#8217;accerchiamento dei militari. Dopo circa due ore di ricerche serrate, il trio \u00e8 stato individuato e bloccato nei pressi della stazione ferroviaria di Fener.<\/p>\n<p>I tre soggetti, tutti di origine straniera e poco pi\u00f9 che ventenni, sono residenti tra il basso Feltrino (due fratelli) e Valdobbiadene. L&#8217;auto rubata \u00e8 stata restituita al legittimo proprietario, mentre i giovani sono stati trasferiti presso la Casa Circondariale di Belluno, a disposizione dell\u2019Autorit\u00e0 Giudiziaria.<\/p>\n<p>Le indagini proseguono ora per accertare se i tre siano responsabili di altri furti analoghi avvenuti nei mesi scorsi. Da settimane, infatti, si erano registrati numerosi episodi di sparizioni di veicoli, spesso sottratti approfittando di una distrazione fatale dei proprietari.<\/p>\n<p>Al termine dell&#8217;operazione, i Carabinieri hanno voluto rivolgere un monito importante alla cittadinanza. Molti dei furti registrati recentemente sono stati agevolati dal fatto che le auto venivano lasciate incustodite con le chiavi inserite nel cruscotto, anche all&#8217;interno di propriet\u00e0 private o nei parcheggi di esercizi pubblici. La raccomandazione \u00e8 quella di prestare massima attenzione e non offrire simili opportunit\u00e0 alla criminalit\u00e0.<\/p>","protected":false},"excerpt":{"rendered":"<p>L&#8217;appello dell&#8217;Arma: &#8220;Non lasciate le chiavi inserite nell&#8217;auto&#8221; Feltre, 3 gennaio 2026 \u2013 Si \u00e8 conclusa con un movimentato inseguimento e l\u2019arresto di tre giovani la serata dello scorso 30 dicembre. I Carabinieri della Compagnia di Feltre, nell\u2019ambito di un servizio di prevenzione intensificato proprio per contrastare l\u2019ondata di furti che sta colpendo il territorio, [&hellip;]<\/p>\n","protected":false},"author":2,"featured_media":166161,"comment_status":"closed","ping_status":"open","sticky":false,"template":"","format":"standard","meta":{"footnotes":""},"categories":[5,26],"tags":[],"class_list":["post-166204","post","type-post","status-publish","format-standard","has-post-thumbnail","category-cronaca","category-prima-pagina"],"yoast_head":"<!-- This site is optimized with the Yoast SEO plugin v28.4 - https:\/\/yoast.com\/product\/yoast-seo-wordpress\/ -->\n<title>Inseguimento da film nel Feltrino: tre arresti dopo la fuga tra auto rubate e biciclette - Bellunopress - Dolomiti<\/title>\n<meta name=\"robots\" content=\"index, follow, max-snippet:-1, max-image-preview:large, max-video-preview:-1\" \/>\n<link rel=\"canonical\" href=\"https:\/\/www.bellunopress.it\/fr\/2026\/01\/03\/inseguimento-da-film-nel-feltrino-tre-arresti-dopo-la-fuga-tra-auto-rubate-e-biciclette\/\" \/>\n<meta property=\"og:locale\" content=\"fr_FR\" \/>\n<meta property=\"og:type\" content=\"article\" \/>\n<meta property=\"og:title\" content=\"Inseguimento da film nel Feltrino: tre arresti dopo la fuga tra auto rubate e biciclette - Bellunopress - Dolomiti\" \/>\n<meta property=\"og:description\" content=\"L&#8217;appello dell&#8217;Arma: &#8220;Non lasciate le chiavi inserite nell&#8217;auto&#8221; Feltre, 3 gennaio 2026 \u2013 Si \u00e8 conclusa con un movimentato inseguimento e l\u2019arresto di tre giovani la serata dello scorso 30 dicembre. I Carabinieri della Compagnia di Feltre, nell\u2019ambito di un servizio di prevenzione intensificato proprio per contrastare l\u2019ondata di furti che sta colpendo il territorio, [&hellip;]\" \/>\n<meta property=\"og:url\" content=\"https:\/\/www.bellunopress.it\/fr\/2026\/01\/03\/inseguimento-da-film-nel-feltrino-tre-arresti-dopo-la-fuga-tra-auto-rubate-e-biciclette\/\" \/>\n<meta property=\"og:site_name\" content=\"Bellunopress - Dolomiti\" \/>\n<meta property=\"article:publisher\" content=\"https:\/\/www.facebook.com\/profile.php?id=100008943462799\" \/>\n<meta property=\"article:published_time\" content=\"2026-01-03T20:30:06+00:00\" \/>\n<meta property=\"og:image\" content=\"https:\/\/www.bellunopress.it\/wp-content\/uploads\/2026\/01\/carabinieri-notte.jpg\" \/>\n\t<meta property=\"og:image:width\" content=\"600\" \/>\n\t<meta property=\"og:image:height\" content=\"337\" \/>\n\t<meta property=\"og:image:type\" content=\"image\/jpeg\" \/>\n<meta name=\"author\" content=\"redazione\" \/>\n<meta name=\"twitter:card\" content=\"summary_large_image\" \/>\n<meta name=\"twitter:creator\" content=\"@bellunopress\" \/>\n<meta name=\"twitter:site\" content=\"@bellunopress\" \/>\n<meta name=\"twitter:label1\" content=\"\u00c9crit par\" \/>\n\t<meta name=\"twitter:data1\" content=\"redazione\" \/>\n\t<meta name=\"twitter:label2\" content=\"Dur\u00e9e de lecture estim\u00e9e\" \/>\n\t<meta name=\"twitter:data2\" content=\"2 minutes\" \/>\n<script type=\"application\/ld+json\" class=\"yoast-schema-graph\">{\"@context\":\"https:\\\/\\\/schema.org\",\"@graph\":[{\"@type\":\"Article\",\"@id\":\"https:\\\/\\\/www.bellunopress.it\\\/2026\\\/01\\\/03\\\/inseguimento-da-film-nel-feltrino-tre-arresti-dopo-la-fuga-tra-auto-rubate-e-biciclette\\\/#article\",\"isPartOf\":{\"@id\":\"https:\\\/\\\/www.bellunopress.it\\\/2026\\\/01\\\/03\\\/inseguimento-da-film-nel-feltrino-tre-arresti-dopo-la-fuga-tra-auto-rubate-e-biciclette\\\/\"},\"author\":{\"name\":\"redazione\",\"@id\":\"https:\\\/\\\/www.bellunopress.it\\\/#\\\/schema\\\/person\\\/79bb06722b37ece1c03d3e94beb30d73\"},\"headline\":\"Inseguimento da film nel Feltrino: tre arresti dopo la fuga tra auto rubate e biciclette\",\"datePublished\":\"2026-01-03T20:30:06+00:00\",\"mainEntityOfPage\":{\"@id\":\"https:\\\/\\\/www.bellunopress.it\\\/2026\\\/01\\\/03\\\/inseguimento-da-film-nel-feltrino-tre-arresti-dopo-la-fuga-tra-auto-rubate-e-biciclette\\\/\"},\"wordCount\":409,\"publisher\":{\"@id\":\"https:\\\/\\\/www.bellunopress.it\\\/#organization\"},\"image\":{\"@id\":\"https:\\\/\\\/www.bellunopress.it\\\/2026\\\/01\\\/03\\\/inseguimento-da-film-nel-feltrino-tre-arresti-dopo-la-fuga-tra-auto-rubate-e-biciclette\\\/#primaryimage\"},\"thumbnailUrl\":\"https:\\\/\\\/www.bellunopress.it\\\/wp-content\\\/uploads\\\/2026\\\/01\\\/carabinieri-notte.jpg\",\"articleSection\":[\"Cronaca\\\/Politica\",\"Prima Pagina\"],\"inLanguage\":\"fr-FR\"},{\"@type\":\"WebPage\",\"@id\":\"https:\\\/\\\/www.bellunopress.it\\\/2026\\\/01\\\/03\\\/inseguimento-da-film-nel-feltrino-tre-arresti-dopo-la-fuga-tra-auto-rubate-e-biciclette\\\/\",\"url\":\"https:\\\/\\\/www.bellunopress.it\\\/2026\\\/01\\\/03\\\/inseguimento-da-film-nel-feltrino-tre-arresti-dopo-la-fuga-tra-auto-rubate-e-biciclette\\\/\",\"name\":\"Inseguimento da film nel Feltrino: tre arresti dopo la fuga tra auto rubate e biciclette - Bellunopress - Dolomiti\",\"isPartOf\":{\"@id\":\"https:\\\/\\\/www.bellunopress.it\\\/#website\"},\"primaryImageOfPage\":{\"@id\":\"https:\\\/\\\/www.bellunopress.it\\\/2026\\\/01\\\/03\\\/inseguimento-da-film-nel-feltrino-tre-arresti-dopo-la-fuga-tra-auto-rubate-e-biciclette\\\/#primaryimage\"},\"image\":{\"@id\":\"https:\\\/\\\/www.bellunopress.it\\\/2026\\\/01\\\/03\\\/inseguimento-da-film-nel-feltrino-tre-arresti-dopo-la-fuga-tra-auto-rubate-e-biciclette\\\/#primaryimage\"},\"thumbnailUrl\":\"https:\\\/\\\/www.bellunopress.it\\\/wp-content\\\/uploads\\\/2026\\\/01\\\/carabinieri-notte.jpg\",\"datePublished\":\"2026-01-03T20:30:06+00:00\",\"breadcrumb\":{\"@id\":\"https:\\\/\\\/www.bellunopress.it\\\/2026\\\/01\\\/03\\\/inseguimento-da-film-nel-feltrino-tre-arresti-dopo-la-fuga-tra-auto-rubate-e-biciclette\\\/#breadcrumb\"},\"inLanguage\":\"fr-FR\",\"potentialAction\":[{\"@type\":\"ReadAction\",\"target\":[\"https:\\\/\\\/www.bellunopress.it\\\/2026\\\/01\\\/03\\\/inseguimento-da-film-nel-feltrino-tre-arresti-dopo-la-fuga-tra-auto-rubate-e-biciclette\\\/\"]}]},{\"@type\":\"ImageObject\",\"inLanguage\":\"fr-FR\",\"@id\":\"https:\\\/\\\/www.bellunopress.it\\\/2026\\\/01\\\/03\\\/inseguimento-da-film-nel-feltrino-tre-arresti-dopo-la-fuga-tra-auto-rubate-e-biciclette\\\/#primaryimage\",\"url\":\"https:\\\/\\\/www.bellunopress.it\\\/wp-content\\\/uploads\\\/2026\\\/01\\\/carabinieri-notte.jpg\",\"contentUrl\":\"https:\\\/\\\/www.bellunopress.it\\\/wp-content\\\/uploads\\\/2026\\\/01\\\/carabinieri-notte.jpg\",\"width\":600,\"height\":337},{\"@type\":\"BreadcrumbList\",\"@id\":\"https:\\\/\\\/www.bellunopress.it\\\/2026\\\/01\\\/03\\\/inseguimento-da-film-nel-feltrino-tre-arresti-dopo-la-fuga-tra-auto-rubate-e-biciclette\\\/#breadcrumb\",\"itemListElement\":[{\"@type\":\"ListItem\",\"position\":1,\"name\":\"Home\",\"item\":\"https:\\\/\\\/www.bellunopress.it\\\/\"},{\"@type\":\"ListItem\",\"position\":2,\"name\":\"Inseguimento da film nel Feltrino: tre arresti dopo la fuga tra auto rubate e biciclette\"}]},{\"@type\":\"WebSite\",\"@id\":\"https:\\\/\\\/www.bellunopress.it\\\/#website\",\"url\":\"https:\\\/\\\/www.bellunopress.it\\\/\",\"name\":\"Bellunopress - Dolomiti\",\"description\":\"e-mail: redazione@bellunopress.it\",\"publisher\":{\"@id\":\"https:\\\/\\\/www.bellunopress.it\\\/#organization\"},\"potentialAction\":[{\"@type\":\"SearchAction\",\"target\":{\"@type\":\"EntryPoint\",\"urlTemplate\":\"https:\\\/\\\/www.bellunopress.it\\\/?s={search_term_string}\"},\"query-input\":{\"@type\":\"PropertyValueSpecification\",\"valueRequired\":true,\"valueName\":\"search_term_string\"}}],\"inLanguage\":\"fr-FR\"},{\"@type\":\"Organization\",\"@id\":\"https:\\\/\\\/www.bellunopress.it\\\/#organization\",\"name\":\"Bellunopress\",\"url\":\"https:\\\/\\\/www.bellunopress.it\\\/\",\"logo\":{\"@type\":\"ImageObject\",\"inLanguage\":\"fr-FR\",\"@id\":\"https:\\\/\\\/www.bellunopress.it\\\/#\\\/schema\\\/logo\\\/image\\\/\",\"url\":\"https:\\\/\\\/www.bellunopress.it\\\/wp-content\\\/uploads\\\/2011\\\/05\\\/cropped-logo-bellunopress-.jpg\",\"contentUrl\":\"https:\\\/\\\/www.bellunopress.it\\\/wp-content\\\/uploads\\\/2011\\\/05\\\/cropped-logo-bellunopress-.jpg\",\"width\":512,\"height\":512,\"caption\":\"Bellunopress\"},\"image\":{\"@id\":\"https:\\\/\\\/www.bellunopress.it\\\/#\\\/schema\\\/logo\\\/image\\\/\"},\"sameAs\":[\"https:\\\/\\\/www.facebook.com\\\/profile.php?id=100008943462799\",\"https:\\\/\\\/x.com\\\/bellunopress\",\"https:\\\/\\\/www.linkedin.com\\\/hp\\\/?dnr=JBzUWaJfMUw8vbXJJ2tVW5-I3jZKvC4wsoxE&amp;amp;amp;amp;amp;amp;trk=nav_responsive_tab_home\",\"https:\\\/\\\/www.youtube.com\\\/channel\\\/UCxL0wu1uN0_3_7hGG0306cw\"]},{\"@type\":\"Person\",\"@id\":\"https:\\\/\\\/www.bellunopress.it\\\/#\\\/schema\\\/person\\\/79bb06722b37ece1c03d3e94beb30d73\",\"name\":\"redazione\",\"image\":{\"@type\":\"ImageObject\",\"inLanguage\":\"fr-FR\",\"@id\":\"https:\\\/\\\/secure.gravatar.com\\\/avatar\\\/37d968a2e67a6fd04c169c4bdef102d0bc5d31b2546345219e348575eb80e9a0?s=96&d=mm&r=g\",\"url\":\"https:\\\/\\\/secure.gravatar.com\\\/avatar\\\/37d968a2e67a6fd04c169c4bdef102d0bc5d31b2546345219e348575eb80e9a0?s=96&d=mm&r=g\",\"contentUrl\":\"https:\\\/\\\/secure.gravatar.com\\\/avatar\\\/37d968a2e67a6fd04c169c4bdef102d0bc5d31b2546345219e348575eb80e9a0?s=96&d=mm&r=g\",\"caption\":\"redazione\"},\"sameAs\":[\"http:\\\/\\\/www.bellunopress.it\",\"https:\\\/\\\/x.com\\\/bellunopress\"],\"url\":\"https:\\\/\\\/www.bellunopress.it\\\/fr\\\/author\\\/redazione\\\/\"}]}<\/script>\n<!-- \/ Yoast SEO plugin. -->","yoast_head_json":{"title":"Inseguimento da film nel Feltrino: tre arresti dopo la fuga tra auto rubate e biciclette - Bellunopress - Dolomiti","robots":{"index":"index","follow":"follow","max-snippet":"max-snippet:-1","max-image-preview":"max-image-preview:large","max-video-preview":"max-video-preview:-1"},"canonical":"https:\/\/www.bellunopress.it\/fr\/2026\/01\/03\/inseguimento-da-film-nel-feltrino-tre-arresti-dopo-la-fuga-tra-auto-rubate-e-biciclette\/","og_locale":"fr_FR","og_type":"article","og_title":"Inseguimento da film nel Feltrino: tre arresti dopo la fuga tra auto rubate e biciclette - Bellunopress - Dolomiti","og_description":"L&#8217;appello dell&#8217;Arma: &#8220;Non lasciate le chiavi inserite nell&#8217;auto&#8221; Feltre, 3 gennaio 2026 \u2013 Si \u00e8 conclusa con un movimentato inseguimento e l\u2019arresto di tre giovani la serata dello scorso 30 dicembre. I Carabinieri della Compagnia di Feltre, nell\u2019ambito di un servizio di prevenzione intensificato proprio per contrastare l\u2019ondata di furti che sta colpendo il territorio, [&hellip;]","og_url":"https:\/\/www.bellunopress.it\/fr\/2026\/01\/03\/inseguimento-da-film-nel-feltrino-tre-arresti-dopo-la-fuga-tra-auto-rubate-e-biciclette\/","og_site_name":"Bellunopress - Dolomiti","article_publisher":"https:\/\/www.facebook.com\/profile.php?id=100008943462799","article_published_time":"2026-01-03T20:30:06+00:00","og_image":[{"width":600,"height":337,"url":"https:\/\/www.bellunopress.it\/wp-content\/uploads\/2026\/01\/carabinieri-notte.jpg","type":"image\/jpeg"}],"author":"redazione","twitter_card":"summary_large_image","twitter_creator":"@bellunopress","twitter_site":"@bellunopress","twitter_misc":{"\u00c9crit par":"redazione","Dur\u00e9e de lecture estim\u00e9e":"2 minutes"},"schema":{"@context":"https:\/\/schema.org","@graph":[{"@type":"Article","@id":"https:\/\/www.bellunopress.it\/2026\/01\/03\/inseguimento-da-film-nel-feltrino-tre-arresti-dopo-la-fuga-tra-auto-rubate-e-biciclette\/#article","isPartOf":{"@id":"https:\/\/www.bellunopress.it\/2026\/01\/03\/inseguimento-da-film-nel-feltrino-tre-arresti-dopo-la-fuga-tra-auto-rubate-e-biciclette\/"},"author":{"name":"redazione","@id":"https:\/\/www.bellunopress.it\/#\/schema\/person\/79bb06722b37ece1c03d3e94beb30d73"},"headline":"Inseguimento da film nel Feltrino: tre arresti dopo la fuga tra auto rubate e biciclette","datePublished":"2026-01-03T20:30:06+00:00","mainEntityOfPage":{"@id":"https:\/\/www.bellunopress.it\/2026\/01\/03\/inseguimento-da-film-nel-feltrino-tre-arresti-dopo-la-fuga-tra-auto-rubate-e-biciclette\/"},"wordCount":409,"publisher":{"@id":"https:\/\/www.bellunopress.it\/#organization"},"image":{"@id":"https:\/\/www.bellunopress.it\/2026\/01\/03\/inseguimento-da-film-nel-feltrino-tre-arresti-dopo-la-fuga-tra-auto-rubate-e-biciclette\/#primaryimage"},"thumbnailUrl":"https:\/\/www.bellunopress.it\/wp-content\/uploads\/2026\/01\/carabinieri-notte.jpg","articleSection":["Cronaca\/Politica","Prima Pagina"],"inLanguage":"fr-FR"},{"@type":"WebPage","@id":"https:\/\/www.bellunopress.it\/2026\/01\/03\/inseguimento-da-film-nel-feltrino-tre-arresti-dopo-la-fuga-tra-auto-rubate-e-biciclette\/","url":"https:\/\/www.bellunopress.it\/2026\/01\/03\/inseguimento-da-film-nel-feltrino-tre-arresti-dopo-la-fuga-tra-auto-rubate-e-biciclette\/","name":"Inseguimento da film nel Feltrino: tre arresti dopo la fuga tra auto rubate e biciclette - Bellunopress - Dolomiti","isPartOf":{"@id":"https:\/\/www.bellunopress.it\/#website"},"primaryImageOfPage":{"@id":"https:\/\/www.bellunopress.it\/2026\/01\/03\/inseguimento-da-film-nel-feltrino-tre-arresti-dopo-la-fuga-tra-auto-rubate-e-biciclette\/#primaryimage"},"image":{"@id":"https:\/\/www.bellunopress.it\/2026\/01\/03\/inseguimento-da-film-nel-feltrino-tre-arresti-dopo-la-fuga-tra-auto-rubate-e-biciclette\/#primaryimage"},"thumbnailUrl":"https:\/\/www.bellunopress.it\/wp-content\/uploads\/2026\/01\/carabinieri-notte.jpg","datePublished":"2026-01-03T20:30:06+00:00","breadcrumb":{"@id":"https:\/\/www.bellunopress.it\/2026\/01\/03\/inseguimento-da-film-nel-feltrino-tre-arresti-dopo-la-fuga-tra-auto-rubate-e-biciclette\/#breadcrumb"},"inLanguage":"fr-FR","potentialAction":[{"@type":"ReadAction","target":["https:\/\/www.bellunopress.it\/2026\/01\/03\/inseguimento-da-film-nel-feltrino-tre-arresti-dopo-la-fuga-tra-auto-rubate-e-biciclette\/"]}]},{"@type":"ImageObject","inLanguage":"fr-FR","@id":"https:\/\/www.bellunopress.it\/2026\/01\/03\/inseguimento-da-film-nel-feltrino-tre-arresti-dopo-la-fuga-tra-auto-rubate-e-biciclette\/#primaryimage","url":"https:\/\/www.bellunopress.it\/wp-content\/uploads\/2026\/01\/carabinieri-notte.jpg","contentUrl":"https:\/\/www.bellunopress.it\/wp-content\/uploads\/2026\/01\/carabinieri-notte.jpg","width":600,"height":337},{"@type":"BreadcrumbList","@id":"https:\/\/www.bellunopress.it\/2026\/01\/03\/inseguimento-da-film-nel-feltrino-tre-arresti-dopo-la-fuga-tra-auto-rubate-e-biciclette\/#breadcrumb","itemListElement":[{"@type":"ListItem","position":1,"name":"Home","item":"https:\/\/www.bellunopress.it\/"},{"@type":"ListItem","position":2,"name":"Inseguimento da film nel Feltrino: tre arresti dopo la fuga tra auto rubate e biciclette"}]},{"@type":"WebSite","@id":"https:\/\/www.bellunopress.it\/#website","url":"https:\/\/www.bellunopress.it\/","name":"Bellunopress - Dolomiti","description":"e-mail: redazione@bellunopress.it","publisher":{"@id":"https:\/\/www.bellunopress.it\/#organization"},"potentialAction":[{"@type":"SearchAction","target":{"@type":"EntryPoint","urlTemplate":"https:\/\/www.bellunopress.it\/?s={search_term_string}"},"query-input":{"@type":"PropertyValueSpecification","valueRequired":true,"valueName":"search_term_string"}}],"inLanguage":"fr-FR"},{"@type":"Organization","@id":"https:\/\/www.bellunopress.it\/#organization","name":"Bellunopress","url":"https:\/\/www.bellunopress.it\/","logo":{"@type":"ImageObject","inLanguage":"fr-FR","@id":"https:\/\/www.bellunopress.it\/#\/schema\/logo\/image\/","url":"https:\/\/www.bellunopress.it\/wp-content\/uploads\/2011\/05\/cropped-logo-bellunopress-.jpg","contentUrl":"https:\/\/www.bellunopress.it\/wp-content\/uploads\/2011\/05\/cropped-logo-bellunopress-.jpg","width":512,"height":512,"caption":"Bellunopress"},"image":{"@id":"https:\/\/www.bellunopress.it\/#\/schema\/logo\/image\/"},"sameAs":["https:\/\/www.facebook.com\/profile.php?id=100008943462799","https:\/\/x.com\/bellunopress","https:\/\/www.linkedin.com\/hp\/?dnr=JBzUWaJfMUw8vbXJJ2tVW5-I3jZKvC4wsoxE&amp;amp;amp;amp;amp;amp;trk=nav_responsive_tab_home","https:\/\/www.youtube.com\/channel\/UCxL0wu1uN0_3_7hGG0306cw"]},{"@type":"Person","@id":"https:\/\/www.bellunopress.it\/#\/schema\/person\/79bb06722b37ece1c03d3e94beb30d73","name":"r\u00e9daction","image":{"@type":"ImageObject","inLanguage":"fr-FR","@id":"https:\/\/secure.gravatar.com\/avatar\/37d968a2e67a6fd04c169c4bdef102d0bc5d31b2546345219e348575eb80e9a0?s=96&d=mm&r=g","url":"https:\/\/secure.gravatar.com\/avatar\/37d968a2e67a6fd04c169c4bdef102d0bc5d31b2546345219e348575eb80e9a0?s=96&d=mm&r=g","contentUrl":"https:\/\/secure.gravatar.com\/avatar\/37d968a2e67a6fd04c169c4bdef102d0bc5d31b2546345219e348575eb80e9a0?s=96&d=mm&r=g","caption":"redazione"},"sameAs":["http:\/\/www.bellunopress.it","https:\/\/x.com\/bellunopress"],"url":"https:\/\/www.bellunopress.it\/fr\/author\/redazione\/"}]}},"_links":{"self":[{"href":"https:\/\/www.bellunopress.it\/fr\/wp-json\/wp\/v2\/posts\/166204","targetHints":{"allow":["GET"]}}],"collection":[{"href":"https:\/\/www.bellunopress.it\/fr\/wp-json\/wp\/v2\/posts"}],"about":[{"href":"https:\/\/www.bellunopress.it\/fr\/wp-json\/wp\/v2\/types\/post"}],"author":[{"embeddable":true,"href":"https:\/\/www.bellunopress.it\/fr\/wp-json\/wp\/v2\/users\/2"}],"replies":[{"embeddable":true,"href":"https:\/\/www.bellunopress.it\/fr\/wp-json\/wp\/v2\/comments?post=166204"}],"version-history":[{"count":1,"href":"https:\/\/www.bellunopress.it\/fr\/wp-json\/wp\/v2\/posts\/166204\/revisions"}],"predecessor-version":[{"id":166205,"href":"https:\/\/www.bellunopress.it\/fr\/wp-json\/wp\/v2\/posts\/166204\/revisions\/166205"}],"wp:featuredmedia":[{"embeddable":true,"href":"https:\/\/www.bellunopress.it\/fr\/wp-json\/wp\/v2\/media\/166161"}],"wp:attachment":[{"href":"https:\/\/www.bellunopress.it\/fr\/wp-json\/wp\/v2\/media?parent=166204"}],"wp:term":[{"taxonomy":"category","embeddable":true,"href":"https:\/\/www.bellunopress.it\/fr\/wp-json\/wp\/v2\/categories?post=166204"},{"taxonomy":"post_tag","embeddable":true,"href":"https:\/\/www.bellunopress.it\/fr\/wp-json\/wp\/v2\/tags?post=166204"}],"curies":[{"name":"wp","href":"https:\/\/api.w.org\/{rel}","templated":true}]}}