{"id":166200,"date":"2026-01-03T21:02:22","date_gmt":"2026-01-03T20:02:22","guid":{"rendered":"https:\/\/www.bellunopress.it\/?p=166200"},"modified":"2026-01-04T10:54:44","modified_gmt":"2026-01-04T09:54:44","slug":"venezuela-crisi-senza-fine-de-bona-bellunesi-nel-mondo-chiede-democrazia-e-vicinanza-alle-comunita-allestero","status":"publish","type":"post","link":"https:\/\/www.bellunopress.it\/fr\/2026\/01\/03\/venezuela-crisi-senza-fine-de-bona-bellunesi-nel-mondo-chiede-democrazia-e-vicinanza-alle-comunita-allestero\/","title":{"rendered":"Venezuela, crisi senza fine. De Bona (Bellunesi nel Mondo) chiede democrazia e vicinanza alle comunit\u00e0 all\u2019estero"},"content":{"rendered":"<figure id=\"attachment_156097\" aria-describedby=\"caption-attachment-156097\" style=\"width: 987px\" class=\"wp-caption aligncenter\"><img loading=\"lazy\" decoding=\"async\" class=\"size-full wp-image-156097\" src=\"https:\/\/www.bellunopress.it\/wp-content\/uploads\/2024\/12\/Fondation-Chanoux_ph-Giuseppe-Geppo-Di-Mauro.jpg\" alt=\"\" width=\"987\" height=\"626\" srcset=\"https:\/\/www.bellunopress.it\/wp-content\/uploads\/2024\/12\/Fondation-Chanoux_ph-Giuseppe-Geppo-Di-Mauro.jpg 987w, https:\/\/www.bellunopress.it\/wp-content\/uploads\/2024\/12\/Fondation-Chanoux_ph-Giuseppe-Geppo-Di-Mauro-500x317.jpg 500w, https:\/\/www.bellunopress.it\/wp-content\/uploads\/2024\/12\/Fondation-Chanoux_ph-Giuseppe-Geppo-Di-Mauro-662x420.jpg 662w, https:\/\/www.bellunopress.it\/wp-content\/uploads\/2024\/12\/Fondation-Chanoux_ph-Giuseppe-Geppo-Di-Mauro-696x441.jpg 696w\" sizes=\"auto, (max-width: 987px) 100vw, 987px\" \/><figcaption id=\"caption-attachment-156097\" class=\"wp-caption-text\">Oscar De Bona, presidente ABM (ph Giuseppe Geppo Di Mauro)<\/figcaption><\/figure>\n<p>3 gennaio 2026 &#8211; I gravi eventi che si sono verificati oggi in Venezuela, in un contesto di persistente instabilit\u00e0 politica e istituzionale, riportano al centro dell\u2019attenzione internazionale una crisi che da anni segna profondamente il Paese sudamericano. Le notizie diffuse dalle principali agenzie parlano di nuovi momenti di tensione e di un clima che continua a impedire una normalizzazione della vita democratica e sociale.<\/p>\n<p>Una situazione che tocca da vicino anche il territorio bellunese, storicamente legato al Venezuela da una lunga e articolata vicenda migratoria.<\/p>\n<p>In questo quadro si inserisce la riflessione di Oscar De Bona, presidente dell\u2019Associazione Bellunesi nel Mondo (Abm), che richiama non solo l\u2019attualit\u00e0 ma anche la memoria collettiva dell\u2019emigrazione.<\/p>\n<p>\u00abSeguiamo con grande attenzione quanto sta accadendo in Venezuela \u2013 afferma De Bona \u2013 un Paese nel quale vivono ancora comunit\u00e0 di origine bellunese con radici profonde\u00bb. Il presidente Abm sottolinea quindi l\u2019auspicio dell\u2019associazione: \u00abCi auguriamo che possa finalmente tornare la democrazia, attraverso il rispetto del voto espresso dagli elettori. \u00c8 una condizione indispensabile per restituire dignit\u00e0 e futuro a un popolo che da troppo tempo vive nella difficolt\u00e0\u00bb.<\/p>\n<p>Un auspicio che si lega anche alla dimensione associativa e umana: \u00ab\u00c8 dai tempi di Ch\u00e1vez che non abbiamo pi\u00f9 potuto incontrare direttamente le comunit\u00e0 bellunesi presenti in Venezuela. Speriamo che si possa tornare a visitarle, ristabilendo relazioni e contatti che per noi sono fondamentali\u00bb.<\/p>\n<p>Il legame tra Belluno e il Venezuela non \u00e8 solo storico, ma ancora vivo nelle testimonianze dei discendenti degli emigrati. Emblematica \u00e8 la storia di Francisc Boyer Sumavila, venezuelano di origine bellunese: il suo bisnonno, Antonio Sommavila, part\u00ec da Belluno nel 1877 e si stabil\u00ec ad Araira, nello Stato di Miranda, insieme a decine di famiglie italiane. Eventi naturali e la perdita dei registri civili hanno cancellato molte tracce ufficiali di quelle origini, lasciando ai discendenti il compito di custodire una memoria fragile ma identitaria. Oggi, come allora, la crisi costringe molti venezuelani a pensare alla partenza.<\/p>\n<p>Non \u00e8 la prima volta che Belluno manifesta pubblicamente la propria vicinanza al popolo venezuelano. Gi\u00e0 nel 2014 (foto in allegato), piazza Martiri ospit\u00f2 una manifestazione di solidariet\u00e0 intitolata \u201cSos Venezuela\u201d, \u201cSiamo la voce del Venezuela\u201d, \u201cItalia-Venezuela uniti per la pace\u201d. L\u2019iniziativa, organizzata dall\u2019Associazione Bellunesi nel Mondo insieme a PopolInsieme e Migrantes &#8211; su impulso di Daniele Marchioro -, port\u00f2 nel cuore della citt\u00e0 una trentina di venezuelani e i colori giallo, blu e rosso della loro bandiera.<\/p>\n<p>In quell\u2019occasione, De Bona sottoline\u00f2 come si trattasse di \u00abuna giornata unica a livello veneto per dimostrare ai venezuelani e ai nostri emigranti in Venezuela la solidariet\u00e0 e la vicinanza di Belluno\u00bb. Parole che oggi tornano di attualit\u00e0, in una provincia dove vivono circa un centinaio di cittadini venezuelani e dove molti ex emigranti bellunesi guardano con apprensione ai figli e ai nipoti rimasti oltreoceano.<\/p>\n<p>Solidariet\u00e0, unit\u00e0 e difesa dei diritti democratici restano, per l\u2019Associazione Bellunesi nel Mondo, valori fondanti e criteri di lettura anche di una crisi che continua a interrogare la coscienza europea e internazionale.<\/p>","protected":false},"excerpt":{"rendered":"<p>3 gennaio 2026 &#8211; I gravi eventi che si sono verificati oggi in Venezuela, in un contesto di persistente instabilit\u00e0 politica e istituzionale, riportano al centro dell\u2019attenzione internazionale una crisi che da anni segna profondamente il Paese sudamericano. Le notizie diffuse dalle principali agenzie parlano di nuovi momenti di tensione e di un clima che [&hellip;]<\/p>\n","protected":false},"author":2,"featured_media":156097,"comment_status":"closed","ping_status":"open","sticky":false,"template":"","format":"standard","meta":{"footnotes":""},"categories":[1],"tags":[],"class_list":["post-166200","post","type-post","status-publish","format-standard","has-post-thumbnail","category-leo"],"yoast_head":"<!-- This site is optimized with the Yoast SEO plugin v28.4 - https:\/\/yoast.com\/product\/yoast-seo-wordpress\/ -->\n<title>Venezuela, crisi senza fine. De Bona (Bellunesi nel Mondo) chiede democrazia e vicinanza alle comunit\u00e0 all\u2019estero - Bellunopress - Dolomiti<\/title>\n<meta name=\"robots\" content=\"index, follow, max-snippet:-1, max-image-preview:large, max-video-preview:-1\" \/>\n<link rel=\"canonical\" href=\"https:\/\/www.bellunopress.it\/fr\/2026\/01\/03\/venezuela-crisi-senza-fine-de-bona-bellunesi-nel-mondo-chiede-democrazia-e-vicinanza-alle-comunita-allestero\/\" \/>\n<meta property=\"og:locale\" content=\"fr_FR\" \/>\n<meta property=\"og:type\" content=\"article\" \/>\n<meta property=\"og:title\" content=\"Venezuela, crisi senza fine. De Bona (Bellunesi nel Mondo) chiede democrazia e vicinanza alle comunit\u00e0 all\u2019estero - Bellunopress - Dolomiti\" \/>\n<meta property=\"og:description\" content=\"3 gennaio 2026 &#8211; I gravi eventi che si sono verificati oggi in Venezuela, in un contesto di persistente instabilit\u00e0 politica e istituzionale, riportano al centro dell\u2019attenzione internazionale una crisi che da anni segna profondamente il Paese sudamericano. Le notizie diffuse dalle principali agenzie parlano di nuovi momenti di tensione e di un clima che [&hellip;]\" \/>\n<meta property=\"og:url\" content=\"https:\/\/www.bellunopress.it\/fr\/2026\/01\/03\/venezuela-crisi-senza-fine-de-bona-bellunesi-nel-mondo-chiede-democrazia-e-vicinanza-alle-comunita-allestero\/\" \/>\n<meta property=\"og:site_name\" content=\"Bellunopress - Dolomiti\" \/>\n<meta property=\"article:publisher\" content=\"https:\/\/www.facebook.com\/profile.php?id=100008943462799\" \/>\n<meta property=\"article:published_time\" content=\"2026-01-03T20:02:22+00:00\" \/>\n<meta property=\"article:modified_time\" content=\"2026-01-04T09:54:44+00:00\" \/>\n<meta property=\"og:image\" content=\"https:\/\/www.bellunopress.it\/wp-content\/uploads\/2024\/12\/Fondation-Chanoux_ph-Giuseppe-Geppo-Di-Mauro.jpg\" \/>\n\t<meta property=\"og:image:width\" content=\"987\" \/>\n\t<meta property=\"og:image:height\" content=\"626\" \/>\n\t<meta property=\"og:image:type\" content=\"image\/jpeg\" \/>\n<meta name=\"author\" content=\"redazione\" \/>\n<meta name=\"twitter:card\" content=\"summary_large_image\" \/>\n<meta name=\"twitter:creator\" content=\"@bellunopress\" \/>\n<meta name=\"twitter:site\" content=\"@bellunopress\" \/>\n<meta name=\"twitter:label1\" content=\"\u00c9crit par\" \/>\n\t<meta name=\"twitter:data1\" content=\"redazione\" \/>\n\t<meta name=\"twitter:label2\" content=\"Dur\u00e9e de lecture estim\u00e9e\" \/>\n\t<meta name=\"twitter:data2\" content=\"3 minutes\" \/>\n<script type=\"application\/ld+json\" class=\"yoast-schema-graph\">{\"@context\":\"https:\\\/\\\/schema.org\",\"@graph\":[{\"@type\":\"Article\",\"@id\":\"https:\\\/\\\/www.bellunopress.it\\\/2026\\\/01\\\/03\\\/venezuela-crisi-senza-fine-de-bona-bellunesi-nel-mondo-chiede-democrazia-e-vicinanza-alle-comunita-allestero\\\/#article\",\"isPartOf\":{\"@id\":\"https:\\\/\\\/www.bellunopress.it\\\/2026\\\/01\\\/03\\\/venezuela-crisi-senza-fine-de-bona-bellunesi-nel-mondo-chiede-democrazia-e-vicinanza-alle-comunita-allestero\\\/\"},\"author\":{\"name\":\"redazione\",\"@id\":\"https:\\\/\\\/www.bellunopress.it\\\/#\\\/schema\\\/person\\\/79bb06722b37ece1c03d3e94beb30d73\"},\"headline\":\"Venezuela, crisi senza fine. De Bona (Bellunesi nel Mondo) chiede democrazia e vicinanza alle comunit\u00e0 all\u2019estero\",\"datePublished\":\"2026-01-03T20:02:22+00:00\",\"dateModified\":\"2026-01-04T09:54:44+00:00\",\"mainEntityOfPage\":{\"@id\":\"https:\\\/\\\/www.bellunopress.it\\\/2026\\\/01\\\/03\\\/venezuela-crisi-senza-fine-de-bona-bellunesi-nel-mondo-chiede-democrazia-e-vicinanza-alle-comunita-allestero\\\/\"},\"wordCount\":534,\"publisher\":{\"@id\":\"https:\\\/\\\/www.bellunopress.it\\\/#organization\"},\"image\":{\"@id\":\"https:\\\/\\\/www.bellunopress.it\\\/2026\\\/01\\\/03\\\/venezuela-crisi-senza-fine-de-bona-bellunesi-nel-mondo-chiede-democrazia-e-vicinanza-alle-comunita-allestero\\\/#primaryimage\"},\"thumbnailUrl\":\"https:\\\/\\\/www.bellunopress.it\\\/wp-content\\\/uploads\\\/2024\\\/12\\\/Fondation-Chanoux_ph-Giuseppe-Geppo-Di-Mauro.jpg\",\"articleSection\":[\"Lettere Opinioni\"],\"inLanguage\":\"fr-FR\"},{\"@type\":\"WebPage\",\"@id\":\"https:\\\/\\\/www.bellunopress.it\\\/2026\\\/01\\\/03\\\/venezuela-crisi-senza-fine-de-bona-bellunesi-nel-mondo-chiede-democrazia-e-vicinanza-alle-comunita-allestero\\\/\",\"url\":\"https:\\\/\\\/www.bellunopress.it\\\/2026\\\/01\\\/03\\\/venezuela-crisi-senza-fine-de-bona-bellunesi-nel-mondo-chiede-democrazia-e-vicinanza-alle-comunita-allestero\\\/\",\"name\":\"Venezuela, crisi senza fine. De Bona (Bellunesi nel Mondo) chiede democrazia e vicinanza alle comunit\u00e0 all\u2019estero - Bellunopress - Dolomiti\",\"isPartOf\":{\"@id\":\"https:\\\/\\\/www.bellunopress.it\\\/#website\"},\"primaryImageOfPage\":{\"@id\":\"https:\\\/\\\/www.bellunopress.it\\\/2026\\\/01\\\/03\\\/venezuela-crisi-senza-fine-de-bona-bellunesi-nel-mondo-chiede-democrazia-e-vicinanza-alle-comunita-allestero\\\/#primaryimage\"},\"image\":{\"@id\":\"https:\\\/\\\/www.bellunopress.it\\\/2026\\\/01\\\/03\\\/venezuela-crisi-senza-fine-de-bona-bellunesi-nel-mondo-chiede-democrazia-e-vicinanza-alle-comunita-allestero\\\/#primaryimage\"},\"thumbnailUrl\":\"https:\\\/\\\/www.bellunopress.it\\\/wp-content\\\/uploads\\\/2024\\\/12\\\/Fondation-Chanoux_ph-Giuseppe-Geppo-Di-Mauro.jpg\",\"datePublished\":\"2026-01-03T20:02:22+00:00\",\"dateModified\":\"2026-01-04T09:54:44+00:00\",\"breadcrumb\":{\"@id\":\"https:\\\/\\\/www.bellunopress.it\\\/2026\\\/01\\\/03\\\/venezuela-crisi-senza-fine-de-bona-bellunesi-nel-mondo-chiede-democrazia-e-vicinanza-alle-comunita-allestero\\\/#breadcrumb\"},\"inLanguage\":\"fr-FR\",\"potentialAction\":[{\"@type\":\"ReadAction\",\"target\":[\"https:\\\/\\\/www.bellunopress.it\\\/2026\\\/01\\\/03\\\/venezuela-crisi-senza-fine-de-bona-bellunesi-nel-mondo-chiede-democrazia-e-vicinanza-alle-comunita-allestero\\\/\"]}]},{\"@type\":\"ImageObject\",\"inLanguage\":\"fr-FR\",\"@id\":\"https:\\\/\\\/www.bellunopress.it\\\/2026\\\/01\\\/03\\\/venezuela-crisi-senza-fine-de-bona-bellunesi-nel-mondo-chiede-democrazia-e-vicinanza-alle-comunita-allestero\\\/#primaryimage\",\"url\":\"https:\\\/\\\/www.bellunopress.it\\\/wp-content\\\/uploads\\\/2024\\\/12\\\/Fondation-Chanoux_ph-Giuseppe-Geppo-Di-Mauro.jpg\",\"contentUrl\":\"https:\\\/\\\/www.bellunopress.it\\\/wp-content\\\/uploads\\\/2024\\\/12\\\/Fondation-Chanoux_ph-Giuseppe-Geppo-Di-Mauro.jpg\",\"width\":987,\"height\":626,\"caption\":\"Intervento di Oscar De Bona al Convegno internazionale Le migrazioni nelle Alpi (ph Giuseppe Geppo Di Mauro)\"},{\"@type\":\"BreadcrumbList\",\"@id\":\"https:\\\/\\\/www.bellunopress.it\\\/2026\\\/01\\\/03\\\/venezuela-crisi-senza-fine-de-bona-bellunesi-nel-mondo-chiede-democrazia-e-vicinanza-alle-comunita-allestero\\\/#breadcrumb\",\"itemListElement\":[{\"@type\":\"ListItem\",\"position\":1,\"name\":\"Home\",\"item\":\"https:\\\/\\\/www.bellunopress.it\\\/\"},{\"@type\":\"ListItem\",\"position\":2,\"name\":\"Venezuela, crisi senza fine. De Bona (Bellunesi nel Mondo) chiede democrazia e vicinanza alle comunit\u00e0 all\u2019estero\"}]},{\"@type\":\"WebSite\",\"@id\":\"https:\\\/\\\/www.bellunopress.it\\\/#website\",\"url\":\"https:\\\/\\\/www.bellunopress.it\\\/\",\"name\":\"Bellunopress - Dolomiti\",\"description\":\"e-mail: redazione@bellunopress.it\",\"publisher\":{\"@id\":\"https:\\\/\\\/www.bellunopress.it\\\/#organization\"},\"potentialAction\":[{\"@type\":\"SearchAction\",\"target\":{\"@type\":\"EntryPoint\",\"urlTemplate\":\"https:\\\/\\\/www.bellunopress.it\\\/?s={search_term_string}\"},\"query-input\":{\"@type\":\"PropertyValueSpecification\",\"valueRequired\":true,\"valueName\":\"search_term_string\"}}],\"inLanguage\":\"fr-FR\"},{\"@type\":\"Organization\",\"@id\":\"https:\\\/\\\/www.bellunopress.it\\\/#organization\",\"name\":\"Bellunopress\",\"url\":\"https:\\\/\\\/www.bellunopress.it\\\/\",\"logo\":{\"@type\":\"ImageObject\",\"inLanguage\":\"fr-FR\",\"@id\":\"https:\\\/\\\/www.bellunopress.it\\\/#\\\/schema\\\/logo\\\/image\\\/\",\"url\":\"https:\\\/\\\/www.bellunopress.it\\\/wp-content\\\/uploads\\\/2011\\\/05\\\/cropped-logo-bellunopress-.jpg\",\"contentUrl\":\"https:\\\/\\\/www.bellunopress.it\\\/wp-content\\\/uploads\\\/2011\\\/05\\\/cropped-logo-bellunopress-.jpg\",\"width\":512,\"height\":512,\"caption\":\"Bellunopress\"},\"image\":{\"@id\":\"https:\\\/\\\/www.bellunopress.it\\\/#\\\/schema\\\/logo\\\/image\\\/\"},\"sameAs\":[\"https:\\\/\\\/www.facebook.com\\\/profile.php?id=100008943462799\",\"https:\\\/\\\/x.com\\\/bellunopress\",\"https:\\\/\\\/www.linkedin.com\\\/hp\\\/?dnr=JBzUWaJfMUw8vbXJJ2tVW5-I3jZKvC4wsoxE&amp;amp;amp;amp;amp;amp;trk=nav_responsive_tab_home\",\"https:\\\/\\\/www.youtube.com\\\/channel\\\/UCxL0wu1uN0_3_7hGG0306cw\"]},{\"@type\":\"Person\",\"@id\":\"https:\\\/\\\/www.bellunopress.it\\\/#\\\/schema\\\/person\\\/79bb06722b37ece1c03d3e94beb30d73\",\"name\":\"redazione\",\"image\":{\"@type\":\"ImageObject\",\"inLanguage\":\"fr-FR\",\"@id\":\"https:\\\/\\\/secure.gravatar.com\\\/avatar\\\/37d968a2e67a6fd04c169c4bdef102d0bc5d31b2546345219e348575eb80e9a0?s=96&d=mm&r=g\",\"url\":\"https:\\\/\\\/secure.gravatar.com\\\/avatar\\\/37d968a2e67a6fd04c169c4bdef102d0bc5d31b2546345219e348575eb80e9a0?s=96&d=mm&r=g\",\"contentUrl\":\"https:\\\/\\\/secure.gravatar.com\\\/avatar\\\/37d968a2e67a6fd04c169c4bdef102d0bc5d31b2546345219e348575eb80e9a0?s=96&d=mm&r=g\",\"caption\":\"redazione\"},\"sameAs\":[\"http:\\\/\\\/www.bellunopress.it\",\"https:\\\/\\\/x.com\\\/bellunopress\"],\"url\":\"https:\\\/\\\/www.bellunopress.it\\\/fr\\\/author\\\/redazione\\\/\"}]}<\/script>\n<!-- \/ Yoast SEO plugin. -->","yoast_head_json":{"title":"Venezuela, crisi senza fine. De Bona (Bellunesi nel Mondo) chiede democrazia e vicinanza alle comunit\u00e0 all\u2019estero - Bellunopress - Dolomiti","robots":{"index":"index","follow":"follow","max-snippet":"max-snippet:-1","max-image-preview":"max-image-preview:large","max-video-preview":"max-video-preview:-1"},"canonical":"https:\/\/www.bellunopress.it\/fr\/2026\/01\/03\/venezuela-crisi-senza-fine-de-bona-bellunesi-nel-mondo-chiede-democrazia-e-vicinanza-alle-comunita-allestero\/","og_locale":"fr_FR","og_type":"article","og_title":"Venezuela, crisi senza fine. De Bona (Bellunesi nel Mondo) chiede democrazia e vicinanza alle comunit\u00e0 all\u2019estero - Bellunopress - Dolomiti","og_description":"3 gennaio 2026 &#8211; I gravi eventi che si sono verificati oggi in Venezuela, in un contesto di persistente instabilit\u00e0 politica e istituzionale, riportano al centro dell\u2019attenzione internazionale una crisi che da anni segna profondamente il Paese sudamericano. Le notizie diffuse dalle principali agenzie parlano di nuovi momenti di tensione e di un clima che [&hellip;]","og_url":"https:\/\/www.bellunopress.it\/fr\/2026\/01\/03\/venezuela-crisi-senza-fine-de-bona-bellunesi-nel-mondo-chiede-democrazia-e-vicinanza-alle-comunita-allestero\/","og_site_name":"Bellunopress - Dolomiti","article_publisher":"https:\/\/www.facebook.com\/profile.php?id=100008943462799","article_published_time":"2026-01-03T20:02:22+00:00","article_modified_time":"2026-01-04T09:54:44+00:00","og_image":[{"width":987,"height":626,"url":"https:\/\/www.bellunopress.it\/wp-content\/uploads\/2024\/12\/Fondation-Chanoux_ph-Giuseppe-Geppo-Di-Mauro.jpg","type":"image\/jpeg"}],"author":"redazione","twitter_card":"summary_large_image","twitter_creator":"@bellunopress","twitter_site":"@bellunopress","twitter_misc":{"\u00c9crit par":"redazione","Dur\u00e9e de lecture estim\u00e9e":"3 minutes"},"schema":{"@context":"https:\/\/schema.org","@graph":[{"@type":"Article","@id":"https:\/\/www.bellunopress.it\/2026\/01\/03\/venezuela-crisi-senza-fine-de-bona-bellunesi-nel-mondo-chiede-democrazia-e-vicinanza-alle-comunita-allestero\/#article","isPartOf":{"@id":"https:\/\/www.bellunopress.it\/2026\/01\/03\/venezuela-crisi-senza-fine-de-bona-bellunesi-nel-mondo-chiede-democrazia-e-vicinanza-alle-comunita-allestero\/"},"author":{"name":"redazione","@id":"https:\/\/www.bellunopress.it\/#\/schema\/person\/79bb06722b37ece1c03d3e94beb30d73"},"headline":"Venezuela, crisi senza fine. De Bona (Bellunesi nel Mondo) chiede democrazia e vicinanza alle comunit\u00e0 all\u2019estero","datePublished":"2026-01-03T20:02:22+00:00","dateModified":"2026-01-04T09:54:44+00:00","mainEntityOfPage":{"@id":"https:\/\/www.bellunopress.it\/2026\/01\/03\/venezuela-crisi-senza-fine-de-bona-bellunesi-nel-mondo-chiede-democrazia-e-vicinanza-alle-comunita-allestero\/"},"wordCount":534,"publisher":{"@id":"https:\/\/www.bellunopress.it\/#organization"},"image":{"@id":"https:\/\/www.bellunopress.it\/2026\/01\/03\/venezuela-crisi-senza-fine-de-bona-bellunesi-nel-mondo-chiede-democrazia-e-vicinanza-alle-comunita-allestero\/#primaryimage"},"thumbnailUrl":"https:\/\/www.bellunopress.it\/wp-content\/uploads\/2024\/12\/Fondation-Chanoux_ph-Giuseppe-Geppo-Di-Mauro.jpg","articleSection":["Lettere Opinioni"],"inLanguage":"fr-FR"},{"@type":"WebPage","@id":"https:\/\/www.bellunopress.it\/2026\/01\/03\/venezuela-crisi-senza-fine-de-bona-bellunesi-nel-mondo-chiede-democrazia-e-vicinanza-alle-comunita-allestero\/","url":"https:\/\/www.bellunopress.it\/2026\/01\/03\/venezuela-crisi-senza-fine-de-bona-bellunesi-nel-mondo-chiede-democrazia-e-vicinanza-alle-comunita-allestero\/","name":"Venezuela, crisi senza fine. De Bona (Bellunesi nel Mondo) chiede democrazia e vicinanza alle comunit\u00e0 all\u2019estero - Bellunopress - Dolomiti","isPartOf":{"@id":"https:\/\/www.bellunopress.it\/#website"},"primaryImageOfPage":{"@id":"https:\/\/www.bellunopress.it\/2026\/01\/03\/venezuela-crisi-senza-fine-de-bona-bellunesi-nel-mondo-chiede-democrazia-e-vicinanza-alle-comunita-allestero\/#primaryimage"},"image":{"@id":"https:\/\/www.bellunopress.it\/2026\/01\/03\/venezuela-crisi-senza-fine-de-bona-bellunesi-nel-mondo-chiede-democrazia-e-vicinanza-alle-comunita-allestero\/#primaryimage"},"thumbnailUrl":"https:\/\/www.bellunopress.it\/wp-content\/uploads\/2024\/12\/Fondation-Chanoux_ph-Giuseppe-Geppo-Di-Mauro.jpg","datePublished":"2026-01-03T20:02:22+00:00","dateModified":"2026-01-04T09:54:44+00:00","breadcrumb":{"@id":"https:\/\/www.bellunopress.it\/2026\/01\/03\/venezuela-crisi-senza-fine-de-bona-bellunesi-nel-mondo-chiede-democrazia-e-vicinanza-alle-comunita-allestero\/#breadcrumb"},"inLanguage":"fr-FR","potentialAction":[{"@type":"ReadAction","target":["https:\/\/www.bellunopress.it\/2026\/01\/03\/venezuela-crisi-senza-fine-de-bona-bellunesi-nel-mondo-chiede-democrazia-e-vicinanza-alle-comunita-allestero\/"]}]},{"@type":"ImageObject","inLanguage":"fr-FR","@id":"https:\/\/www.bellunopress.it\/2026\/01\/03\/venezuela-crisi-senza-fine-de-bona-bellunesi-nel-mondo-chiede-democrazia-e-vicinanza-alle-comunita-allestero\/#primaryimage","url":"https:\/\/www.bellunopress.it\/wp-content\/uploads\/2024\/12\/Fondation-Chanoux_ph-Giuseppe-Geppo-Di-Mauro.jpg","contentUrl":"https:\/\/www.bellunopress.it\/wp-content\/uploads\/2024\/12\/Fondation-Chanoux_ph-Giuseppe-Geppo-Di-Mauro.jpg","width":987,"height":626,"caption":"Intervento di Oscar De Bona al Convegno internazionale Le migrazioni nelle Alpi (ph Giuseppe Geppo Di Mauro)"},{"@type":"BreadcrumbList","@id":"https:\/\/www.bellunopress.it\/2026\/01\/03\/venezuela-crisi-senza-fine-de-bona-bellunesi-nel-mondo-chiede-democrazia-e-vicinanza-alle-comunita-allestero\/#breadcrumb","itemListElement":[{"@type":"ListItem","position":1,"name":"Home","item":"https:\/\/www.bellunopress.it\/"},{"@type":"ListItem","position":2,"name":"Venezuela, crisi senza fine. De Bona (Bellunesi nel Mondo) chiede democrazia e vicinanza alle comunit\u00e0 all\u2019estero"}]},{"@type":"WebSite","@id":"https:\/\/www.bellunopress.it\/#website","url":"https:\/\/www.bellunopress.it\/","name":"Bellunopress - Dolomiti","description":"e-mail: redazione@bellunopress.it","publisher":{"@id":"https:\/\/www.bellunopress.it\/#organization"},"potentialAction":[{"@type":"SearchAction","target":{"@type":"EntryPoint","urlTemplate":"https:\/\/www.bellunopress.it\/?s={search_term_string}"},"query-input":{"@type":"PropertyValueSpecification","valueRequired":true,"valueName":"search_term_string"}}],"inLanguage":"fr-FR"},{"@type":"Organization","@id":"https:\/\/www.bellunopress.it\/#organization","name":"Bellunopress","url":"https:\/\/www.bellunopress.it\/","logo":{"@type":"ImageObject","inLanguage":"fr-FR","@id":"https:\/\/www.bellunopress.it\/#\/schema\/logo\/image\/","url":"https:\/\/www.bellunopress.it\/wp-content\/uploads\/2011\/05\/cropped-logo-bellunopress-.jpg","contentUrl":"https:\/\/www.bellunopress.it\/wp-content\/uploads\/2011\/05\/cropped-logo-bellunopress-.jpg","width":512,"height":512,"caption":"Bellunopress"},"image":{"@id":"https:\/\/www.bellunopress.it\/#\/schema\/logo\/image\/"},"sameAs":["https:\/\/www.facebook.com\/profile.php?id=100008943462799","https:\/\/x.com\/bellunopress","https:\/\/www.linkedin.com\/hp\/?dnr=JBzUWaJfMUw8vbXJJ2tVW5-I3jZKvC4wsoxE&amp;amp;amp;amp;amp;amp;trk=nav_responsive_tab_home","https:\/\/www.youtube.com\/channel\/UCxL0wu1uN0_3_7hGG0306cw"]},{"@type":"Person","@id":"https:\/\/www.bellunopress.it\/#\/schema\/person\/79bb06722b37ece1c03d3e94beb30d73","name":"r\u00e9daction","image":{"@type":"ImageObject","inLanguage":"fr-FR","@id":"https:\/\/secure.gravatar.com\/avatar\/37d968a2e67a6fd04c169c4bdef102d0bc5d31b2546345219e348575eb80e9a0?s=96&d=mm&r=g","url":"https:\/\/secure.gravatar.com\/avatar\/37d968a2e67a6fd04c169c4bdef102d0bc5d31b2546345219e348575eb80e9a0?s=96&d=mm&r=g","contentUrl":"https:\/\/secure.gravatar.com\/avatar\/37d968a2e67a6fd04c169c4bdef102d0bc5d31b2546345219e348575eb80e9a0?s=96&d=mm&r=g","caption":"redazione"},"sameAs":["http:\/\/www.bellunopress.it","https:\/\/x.com\/bellunopress"],"url":"https:\/\/www.bellunopress.it\/fr\/author\/redazione\/"}]}},"_links":{"self":[{"href":"https:\/\/www.bellunopress.it\/fr\/wp-json\/wp\/v2\/posts\/166200","targetHints":{"allow":["GET"]}}],"collection":[{"href":"https:\/\/www.bellunopress.it\/fr\/wp-json\/wp\/v2\/posts"}],"about":[{"href":"https:\/\/www.bellunopress.it\/fr\/wp-json\/wp\/v2\/types\/post"}],"author":[{"embeddable":true,"href":"https:\/\/www.bellunopress.it\/fr\/wp-json\/wp\/v2\/users\/2"}],"replies":[{"embeddable":true,"href":"https:\/\/www.bellunopress.it\/fr\/wp-json\/wp\/v2\/comments?post=166200"}],"version-history":[{"count":2,"href":"https:\/\/www.bellunopress.it\/fr\/wp-json\/wp\/v2\/posts\/166200\/revisions"}],"predecessor-version":[{"id":166219,"href":"https:\/\/www.bellunopress.it\/fr\/wp-json\/wp\/v2\/posts\/166200\/revisions\/166219"}],"wp:featuredmedia":[{"embeddable":true,"href":"https:\/\/www.bellunopress.it\/fr\/wp-json\/wp\/v2\/media\/156097"}],"wp:attachment":[{"href":"https:\/\/www.bellunopress.it\/fr\/wp-json\/wp\/v2\/media?parent=166200"}],"wp:term":[{"taxonomy":"category","embeddable":true,"href":"https:\/\/www.bellunopress.it\/fr\/wp-json\/wp\/v2\/categories?post=166200"},{"taxonomy":"post_tag","embeddable":true,"href":"https:\/\/www.bellunopress.it\/fr\/wp-json\/wp\/v2\/tags?post=166200"}],"curies":[{"name":"wp","href":"https:\/\/api.w.org\/{rel}","templated":true}]}}