{"id":166190,"date":"2026-01-03T08:20:57","date_gmt":"2026-01-03T07:20:57","guid":{"rendered":"https:\/\/www.bellunopress.it\/?p=166190"},"modified":"2026-01-03T08:26:55","modified_gmt":"2026-01-03T07:26:55","slug":"prima-di-noi-alle-2130-in-onda-su-rai-1-domenica-la-prima-fiction-del-2026","status":"publish","type":"post","link":"https:\/\/www.bellunopress.it\/fr\/2026\/01\/03\/prima-di-noi-alle-2130-in-onda-su-rai-1-domenica-la-prima-fiction-del-2026\/","title":{"rendered":"Prima di noi. Alle 21:30 in onda su Rai 1, domenica la prima fiction del 2026"},"content":{"rendered":"<figure id=\"attachment_166191\" aria-describedby=\"caption-attachment-166191\" style=\"width: 700px\" class=\"wp-caption aligncenter\"><img loading=\"lazy\" decoding=\"async\" class=\"size-full wp-image-166191\" src=\"https:\/\/www.bellunopress.it\/wp-content\/uploads\/2026\/01\/fiction-Rai-1-Prima-di-noi-set-di-Sergio-Innocente.jpg\" alt=\"\" width=\"700\" height=\"467\" srcset=\"https:\/\/www.bellunopress.it\/wp-content\/uploads\/2026\/01\/fiction-Rai-1-Prima-di-noi-set-di-Sergio-Innocente.jpg 700w, https:\/\/www.bellunopress.it\/wp-content\/uploads\/2026\/01\/fiction-Rai-1-Prima-di-noi-set-di-Sergio-Innocente-500x334.jpg 500w, https:\/\/www.bellunopress.it\/wp-content\/uploads\/2026\/01\/fiction-Rai-1-Prima-di-noi-set-di-Sergio-Innocente-630x420.jpg 630w, https:\/\/www.bellunopress.it\/wp-content\/uploads\/2026\/01\/fiction-Rai-1-Prima-di-noi-set-di-Sergio-Innocente-696x464.jpg 696w\" sizes=\"auto, (max-width: 700px) 100vw, 700px\" \/><figcaption id=\"caption-attachment-166191\" class=\"wp-caption-text\">Feltre. Fiction Rai 1 &#8220;Prima di noi&#8221; immagine dal set di Sergio Innocente<\/figcaption><\/figure>\n<figure id=\"attachment_166192\" aria-describedby=\"caption-attachment-166192\" style=\"width: 600px\" class=\"wp-caption aligncenter\"><img loading=\"lazy\" decoding=\"async\" class=\"size-full wp-image-166192\" src=\"https:\/\/www.bellunopress.it\/wp-content\/uploads\/2026\/01\/Prima-di-noi-fiction-Rai-1-servizio-fotografico-sul-set-di-Sergio-Innocente.jpg\" alt=\"\" width=\"600\" height=\"400\" srcset=\"https:\/\/www.bellunopress.it\/wp-content\/uploads\/2026\/01\/Prima-di-noi-fiction-Rai-1-servizio-fotografico-sul-set-di-Sergio-Innocente.jpg 600w, https:\/\/www.bellunopress.it\/wp-content\/uploads\/2026\/01\/Prima-di-noi-fiction-Rai-1-servizio-fotografico-sul-set-di-Sergio-Innocente-500x333.jpg 500w\" sizes=\"auto, (max-width: 600px) 100vw, 600px\" \/><figcaption id=\"caption-attachment-166192\" class=\"wp-caption-text\">Feltre. Fiction Rai 1 &#8220;Prima di noi&#8221; immagine dal set di Sergio Innocente<\/figcaption><\/figure>\n<p><strong>&#8221;Prima di noi&#8221;, Fiction di Rai 1, in onda dal 4 gennaio 2026 alle ore 21:30 con alcune scene girate nel centro storico di Feltre, ambientate durante l&#8217;occupazione tedesca della 2a Guerra mondiale.<\/strong><\/p>\n<p>Una saga famigliare, che attraversa la Storia e che diventa romanzo di formazione di una nazione intera: la racconta la serie in cinque serate \u201cPrima di noi\u201d di Giulia Calenda, Daniele Luchetti, Valia Santella &#8211; diretta da Daniele Luchetti e Valia Santella e tratta dall\u2019omonimo romanzo di Giorgio Fontana \u2013 in onda da domenica 4 gennaio in prima serata su Rai 1.<\/p>\n<p>A interpretarla sono Linda Caridi, Andrea Arcangeli, Maurizio Lastrico, Matteo Martari, Diane Fleri, Benedetta Cimatti, Fausto Maria Sciarappa, Romana Maggiora Vergano ed Elena Lietti. La serie \u2013 prodotta da Wildside, societ\u00e0 del gruppo Fremantle, in collaborazione con Rai Fiction e in associazione con Rai Com &#8211; ripercorre quasi tutto il Novecento, dal 1917 al 1978, dal Friuli rurale alla Torino delle fabbriche, passando attraverso le due guerre mondiali, il boom economico, l\u2019urbanizzazione, gli anni di piombo e le contestazioni, fino all\u2019avvento della globalizzazione.<\/p>\n<p>E\u2019 l\u2019affresco di un Paese e di un popolo in eterna lotta con l\u2019eredit\u00e0 del passato che convive con la paura del futuro. A fare da guida sono i Sartori, la grande famiglia composta da tre generazioni di costruttori e distruttori, archetipi eterni che cercano il loro posto nel mondo e il riscatto dalla colpa di chi \u00e8 venuto prima di loro. Un fardello che sembra aver lasciato in eredit\u00e0 solo rabbia e inquietudine, persino nei pi\u00f9 generosi gesti d\u2019amore.<\/p>\n<p>Tutto parte da Maurizio e dalla fuga dal fronte dopo la ritirata di Caporetto durante la prima guerra mondiale. Una scelta che tiene segreta e che lo rende un disertore in ogni aspetto della vita. Trover\u00e0 il coraggio di raccontarla soltanto a Nadia, capostipite e radice indistruttibile del nucleo familiare: una forza femminile capace di tenere insieme la fermezza degli antenati e i tentativi d\u2019evasione dei figli, anticipando gli eventi della Storia. \u201cPrima di Noi\u201d \u00e8 una serie che intreccia passato, cultura e identit\u00e0, seguendo l\u2019evoluzione della famiglia Sartori e dando voce a un Nord Italia inesplorato, affascinante e contraddittorio. Un racconto che ricostruisce un secolo che contiene tutto: la colpa, la vergogna, la rabbia, la frenesia, il viaggio e soprattutto l\u2019amore.<\/p>\n<p>&nbsp;<\/p>","protected":false},"excerpt":{"rendered":"<p>&#8221;Prima di noi&#8221;, Fiction di Rai 1, in onda dal 4 gennaio 2026 alle ore 21:30 con alcune scene girate nel centro storico di Feltre, ambientate durante l&#8217;occupazione tedesca della 2a Guerra mondiale. Una saga famigliare, che attraversa la Storia e che diventa romanzo di formazione di una nazione intera: la racconta la serie in [&hellip;]<\/p>\n","protected":false},"author":2,"featured_media":166192,"comment_status":"closed","ping_status":"open","sticky":false,"template":"","format":"standard","meta":{"footnotes":""},"categories":[27,25],"tags":[],"class_list":["post-166190","post","type-post","status-publish","format-standard","has-post-thumbnail","category-appuntamenti","category-pausa-caffe"],"yoast_head":"<!-- This site is optimized with the Yoast SEO plugin v28.4 - https:\/\/yoast.com\/product\/yoast-seo-wordpress\/ -->\n<title>Prima di noi. Alle 21:30 in onda su Rai 1, domenica la prima fiction del 2026 - Bellunopress - Dolomiti<\/title>\n<meta name=\"robots\" content=\"index, follow, max-snippet:-1, max-image-preview:large, max-video-preview:-1\" \/>\n<link rel=\"canonical\" href=\"https:\/\/www.bellunopress.it\/fr\/2026\/01\/03\/prima-di-noi-alle-2130-in-onda-su-rai-1-domenica-la-prima-fiction-del-2026\/\" \/>\n<meta property=\"og:locale\" content=\"fr_FR\" \/>\n<meta property=\"og:type\" content=\"article\" \/>\n<meta property=\"og:title\" content=\"Prima di noi. Alle 21:30 in onda su Rai 1, domenica la prima fiction del 2026 - Bellunopress - Dolomiti\" \/>\n<meta property=\"og:description\" content=\"&#8221;Prima di noi&#8221;, Fiction di Rai 1, in onda dal 4 gennaio 2026 alle ore 21:30 con alcune scene girate nel centro storico di Feltre, ambientate durante l&#8217;occupazione tedesca della 2a Guerra mondiale. Una saga famigliare, che attraversa la Storia e che diventa romanzo di formazione di una nazione intera: la racconta la serie in [&hellip;]\" \/>\n<meta property=\"og:url\" content=\"https:\/\/www.bellunopress.it\/fr\/2026\/01\/03\/prima-di-noi-alle-2130-in-onda-su-rai-1-domenica-la-prima-fiction-del-2026\/\" \/>\n<meta property=\"og:site_name\" content=\"Bellunopress - Dolomiti\" \/>\n<meta property=\"article:publisher\" content=\"https:\/\/www.facebook.com\/profile.php?id=100008943462799\" \/>\n<meta property=\"article:published_time\" content=\"2026-01-03T07:20:57+00:00\" \/>\n<meta property=\"article:modified_time\" content=\"2026-01-03T07:26:55+00:00\" \/>\n<meta property=\"og:image\" content=\"https:\/\/www.bellunopress.it\/wp-content\/uploads\/2026\/01\/Prima-di-noi-fiction-Rai-1-servizio-fotografico-sul-set-di-Sergio-Innocente.jpg\" \/>\n\t<meta property=\"og:image:width\" content=\"600\" \/>\n\t<meta property=\"og:image:height\" content=\"400\" \/>\n\t<meta property=\"og:image:type\" content=\"image\/jpeg\" \/>\n<meta name=\"author\" content=\"redazione\" \/>\n<meta name=\"twitter:card\" content=\"summary_large_image\" \/>\n<meta name=\"twitter:creator\" content=\"@bellunopress\" \/>\n<meta name=\"twitter:site\" content=\"@bellunopress\" \/>\n<meta name=\"twitter:label1\" content=\"\u00c9crit par\" \/>\n\t<meta name=\"twitter:data1\" content=\"redazione\" \/>\n\t<meta name=\"twitter:label2\" content=\"Dur\u00e9e de lecture estim\u00e9e\" \/>\n\t<meta name=\"twitter:data2\" content=\"2 minutes\" \/>\n<script type=\"application\/ld+json\" class=\"yoast-schema-graph\">{\"@context\":\"https:\\\/\\\/schema.org\",\"@graph\":[{\"@type\":\"Article\",\"@id\":\"https:\\\/\\\/www.bellunopress.it\\\/2026\\\/01\\\/03\\\/prima-di-noi-alle-2130-in-onda-su-rai-1-domenica-la-prima-fiction-del-2026\\\/#article\",\"isPartOf\":{\"@id\":\"https:\\\/\\\/www.bellunopress.it\\\/2026\\\/01\\\/03\\\/prima-di-noi-alle-2130-in-onda-su-rai-1-domenica-la-prima-fiction-del-2026\\\/\"},\"author\":{\"name\":\"redazione\",\"@id\":\"https:\\\/\\\/www.bellunopress.it\\\/#\\\/schema\\\/person\\\/79bb06722b37ece1c03d3e94beb30d73\"},\"headline\":\"Prima di noi. Alle 21:30 in onda su Rai 1, domenica la prima fiction del 2026\",\"datePublished\":\"2026-01-03T07:20:57+00:00\",\"dateModified\":\"2026-01-03T07:26:55+00:00\",\"mainEntityOfPage\":{\"@id\":\"https:\\\/\\\/www.bellunopress.it\\\/2026\\\/01\\\/03\\\/prima-di-noi-alle-2130-in-onda-su-rai-1-domenica-la-prima-fiction-del-2026\\\/\"},\"wordCount\":430,\"publisher\":{\"@id\":\"https:\\\/\\\/www.bellunopress.it\\\/#organization\"},\"image\":{\"@id\":\"https:\\\/\\\/www.bellunopress.it\\\/2026\\\/01\\\/03\\\/prima-di-noi-alle-2130-in-onda-su-rai-1-domenica-la-prima-fiction-del-2026\\\/#primaryimage\"},\"thumbnailUrl\":\"https:\\\/\\\/www.bellunopress.it\\\/wp-content\\\/uploads\\\/2026\\\/01\\\/Prima-di-noi-fiction-Rai-1-servizio-fotografico-sul-set-di-Sergio-Innocente.jpg\",\"articleSection\":[\"Appuntamenti, Eventi\",\"Pausa Caff\u00e8\"],\"inLanguage\":\"fr-FR\"},{\"@type\":\"WebPage\",\"@id\":\"https:\\\/\\\/www.bellunopress.it\\\/2026\\\/01\\\/03\\\/prima-di-noi-alle-2130-in-onda-su-rai-1-domenica-la-prima-fiction-del-2026\\\/\",\"url\":\"https:\\\/\\\/www.bellunopress.it\\\/2026\\\/01\\\/03\\\/prima-di-noi-alle-2130-in-onda-su-rai-1-domenica-la-prima-fiction-del-2026\\\/\",\"name\":\"Prima di noi. Alle 21:30 in onda su Rai 1, domenica la prima fiction del 2026 - Bellunopress - Dolomiti\",\"isPartOf\":{\"@id\":\"https:\\\/\\\/www.bellunopress.it\\\/#website\"},\"primaryImageOfPage\":{\"@id\":\"https:\\\/\\\/www.bellunopress.it\\\/2026\\\/01\\\/03\\\/prima-di-noi-alle-2130-in-onda-su-rai-1-domenica-la-prima-fiction-del-2026\\\/#primaryimage\"},\"image\":{\"@id\":\"https:\\\/\\\/www.bellunopress.it\\\/2026\\\/01\\\/03\\\/prima-di-noi-alle-2130-in-onda-su-rai-1-domenica-la-prima-fiction-del-2026\\\/#primaryimage\"},\"thumbnailUrl\":\"https:\\\/\\\/www.bellunopress.it\\\/wp-content\\\/uploads\\\/2026\\\/01\\\/Prima-di-noi-fiction-Rai-1-servizio-fotografico-sul-set-di-Sergio-Innocente.jpg\",\"datePublished\":\"2026-01-03T07:20:57+00:00\",\"dateModified\":\"2026-01-03T07:26:55+00:00\",\"breadcrumb\":{\"@id\":\"https:\\\/\\\/www.bellunopress.it\\\/2026\\\/01\\\/03\\\/prima-di-noi-alle-2130-in-onda-su-rai-1-domenica-la-prima-fiction-del-2026\\\/#breadcrumb\"},\"inLanguage\":\"fr-FR\",\"potentialAction\":[{\"@type\":\"ReadAction\",\"target\":[\"https:\\\/\\\/www.bellunopress.it\\\/2026\\\/01\\\/03\\\/prima-di-noi-alle-2130-in-onda-su-rai-1-domenica-la-prima-fiction-del-2026\\\/\"]}]},{\"@type\":\"ImageObject\",\"inLanguage\":\"fr-FR\",\"@id\":\"https:\\\/\\\/www.bellunopress.it\\\/2026\\\/01\\\/03\\\/prima-di-noi-alle-2130-in-onda-su-rai-1-domenica-la-prima-fiction-del-2026\\\/#primaryimage\",\"url\":\"https:\\\/\\\/www.bellunopress.it\\\/wp-content\\\/uploads\\\/2026\\\/01\\\/Prima-di-noi-fiction-Rai-1-servizio-fotografico-sul-set-di-Sergio-Innocente.jpg\",\"contentUrl\":\"https:\\\/\\\/www.bellunopress.it\\\/wp-content\\\/uploads\\\/2026\\\/01\\\/Prima-di-noi-fiction-Rai-1-servizio-fotografico-sul-set-di-Sergio-Innocente.jpg\",\"width\":600,\"height\":400,\"caption\":\"Feltre. Fiction Rai 1 \\\"Prima di noi\\\" immagine dal set di Sergio Innocente\"},{\"@type\":\"BreadcrumbList\",\"@id\":\"https:\\\/\\\/www.bellunopress.it\\\/2026\\\/01\\\/03\\\/prima-di-noi-alle-2130-in-onda-su-rai-1-domenica-la-prima-fiction-del-2026\\\/#breadcrumb\",\"itemListElement\":[{\"@type\":\"ListItem\",\"position\":1,\"name\":\"Home\",\"item\":\"https:\\\/\\\/www.bellunopress.it\\\/\"},{\"@type\":\"ListItem\",\"position\":2,\"name\":\"Prima di noi. Alle 21:30 in onda su Rai 1, domenica la prima fiction del 2026\"}]},{\"@type\":\"WebSite\",\"@id\":\"https:\\\/\\\/www.bellunopress.it\\\/#website\",\"url\":\"https:\\\/\\\/www.bellunopress.it\\\/\",\"name\":\"Bellunopress - Dolomiti\",\"description\":\"e-mail: redazione@bellunopress.it\",\"publisher\":{\"@id\":\"https:\\\/\\\/www.bellunopress.it\\\/#organization\"},\"potentialAction\":[{\"@type\":\"SearchAction\",\"target\":{\"@type\":\"EntryPoint\",\"urlTemplate\":\"https:\\\/\\\/www.bellunopress.it\\\/?s={search_term_string}\"},\"query-input\":{\"@type\":\"PropertyValueSpecification\",\"valueRequired\":true,\"valueName\":\"search_term_string\"}}],\"inLanguage\":\"fr-FR\"},{\"@type\":\"Organization\",\"@id\":\"https:\\\/\\\/www.bellunopress.it\\\/#organization\",\"name\":\"Bellunopress\",\"url\":\"https:\\\/\\\/www.bellunopress.it\\\/\",\"logo\":{\"@type\":\"ImageObject\",\"inLanguage\":\"fr-FR\",\"@id\":\"https:\\\/\\\/www.bellunopress.it\\\/#\\\/schema\\\/logo\\\/image\\\/\",\"url\":\"https:\\\/\\\/www.bellunopress.it\\\/wp-content\\\/uploads\\\/2011\\\/05\\\/cropped-logo-bellunopress-.jpg\",\"contentUrl\":\"https:\\\/\\\/www.bellunopress.it\\\/wp-content\\\/uploads\\\/2011\\\/05\\\/cropped-logo-bellunopress-.jpg\",\"width\":512,\"height\":512,\"caption\":\"Bellunopress\"},\"image\":{\"@id\":\"https:\\\/\\\/www.bellunopress.it\\\/#\\\/schema\\\/logo\\\/image\\\/\"},\"sameAs\":[\"https:\\\/\\\/www.facebook.com\\\/profile.php?id=100008943462799\",\"https:\\\/\\\/x.com\\\/bellunopress\",\"https:\\\/\\\/www.linkedin.com\\\/hp\\\/?dnr=JBzUWaJfMUw8vbXJJ2tVW5-I3jZKvC4wsoxE&amp;amp;amp;amp;amp;amp;trk=nav_responsive_tab_home\",\"https:\\\/\\\/www.youtube.com\\\/channel\\\/UCxL0wu1uN0_3_7hGG0306cw\"]},{\"@type\":\"Person\",\"@id\":\"https:\\\/\\\/www.bellunopress.it\\\/#\\\/schema\\\/person\\\/79bb06722b37ece1c03d3e94beb30d73\",\"name\":\"redazione\",\"image\":{\"@type\":\"ImageObject\",\"inLanguage\":\"fr-FR\",\"@id\":\"https:\\\/\\\/secure.gravatar.com\\\/avatar\\\/37d968a2e67a6fd04c169c4bdef102d0bc5d31b2546345219e348575eb80e9a0?s=96&d=mm&r=g\",\"url\":\"https:\\\/\\\/secure.gravatar.com\\\/avatar\\\/37d968a2e67a6fd04c169c4bdef102d0bc5d31b2546345219e348575eb80e9a0?s=96&d=mm&r=g\",\"contentUrl\":\"https:\\\/\\\/secure.gravatar.com\\\/avatar\\\/37d968a2e67a6fd04c169c4bdef102d0bc5d31b2546345219e348575eb80e9a0?s=96&d=mm&r=g\",\"caption\":\"redazione\"},\"sameAs\":[\"http:\\\/\\\/www.bellunopress.it\",\"https:\\\/\\\/x.com\\\/bellunopress\"],\"url\":\"https:\\\/\\\/www.bellunopress.it\\\/fr\\\/author\\\/redazione\\\/\"}]}<\/script>\n<!-- \/ Yoast SEO plugin. -->","yoast_head_json":{"title":"Prima di noi. Alle 21:30 in onda su Rai 1, domenica la prima fiction del 2026 - Bellunopress - Dolomiti","robots":{"index":"index","follow":"follow","max-snippet":"max-snippet:-1","max-image-preview":"max-image-preview:large","max-video-preview":"max-video-preview:-1"},"canonical":"https:\/\/www.bellunopress.it\/fr\/2026\/01\/03\/prima-di-noi-alle-2130-in-onda-su-rai-1-domenica-la-prima-fiction-del-2026\/","og_locale":"fr_FR","og_type":"article","og_title":"Prima di noi. Alle 21:30 in onda su Rai 1, domenica la prima fiction del 2026 - Bellunopress - Dolomiti","og_description":"&#8221;Prima di noi&#8221;, Fiction di Rai 1, in onda dal 4 gennaio 2026 alle ore 21:30 con alcune scene girate nel centro storico di Feltre, ambientate durante l&#8217;occupazione tedesca della 2a Guerra mondiale. Una saga famigliare, che attraversa la Storia e che diventa romanzo di formazione di una nazione intera: la racconta la serie in [&hellip;]","og_url":"https:\/\/www.bellunopress.it\/fr\/2026\/01\/03\/prima-di-noi-alle-2130-in-onda-su-rai-1-domenica-la-prima-fiction-del-2026\/","og_site_name":"Bellunopress - Dolomiti","article_publisher":"https:\/\/www.facebook.com\/profile.php?id=100008943462799","article_published_time":"2026-01-03T07:20:57+00:00","article_modified_time":"2026-01-03T07:26:55+00:00","og_image":[{"width":600,"height":400,"url":"https:\/\/www.bellunopress.it\/wp-content\/uploads\/2026\/01\/Prima-di-noi-fiction-Rai-1-servizio-fotografico-sul-set-di-Sergio-Innocente.jpg","type":"image\/jpeg"}],"author":"redazione","twitter_card":"summary_large_image","twitter_creator":"@bellunopress","twitter_site":"@bellunopress","twitter_misc":{"\u00c9crit par":"redazione","Dur\u00e9e de lecture estim\u00e9e":"2 minutes"},"schema":{"@context":"https:\/\/schema.org","@graph":[{"@type":"Article","@id":"https:\/\/www.bellunopress.it\/2026\/01\/03\/prima-di-noi-alle-2130-in-onda-su-rai-1-domenica-la-prima-fiction-del-2026\/#article","isPartOf":{"@id":"https:\/\/www.bellunopress.it\/2026\/01\/03\/prima-di-noi-alle-2130-in-onda-su-rai-1-domenica-la-prima-fiction-del-2026\/"},"author":{"name":"redazione","@id":"https:\/\/www.bellunopress.it\/#\/schema\/person\/79bb06722b37ece1c03d3e94beb30d73"},"headline":"Prima di noi. Alle 21:30 in onda su Rai 1, domenica la prima fiction del 2026","datePublished":"2026-01-03T07:20:57+00:00","dateModified":"2026-01-03T07:26:55+00:00","mainEntityOfPage":{"@id":"https:\/\/www.bellunopress.it\/2026\/01\/03\/prima-di-noi-alle-2130-in-onda-su-rai-1-domenica-la-prima-fiction-del-2026\/"},"wordCount":430,"publisher":{"@id":"https:\/\/www.bellunopress.it\/#organization"},"image":{"@id":"https:\/\/www.bellunopress.it\/2026\/01\/03\/prima-di-noi-alle-2130-in-onda-su-rai-1-domenica-la-prima-fiction-del-2026\/#primaryimage"},"thumbnailUrl":"https:\/\/www.bellunopress.it\/wp-content\/uploads\/2026\/01\/Prima-di-noi-fiction-Rai-1-servizio-fotografico-sul-set-di-Sergio-Innocente.jpg","articleSection":["Appuntamenti, Eventi","Pausa Caff\u00e8"],"inLanguage":"fr-FR"},{"@type":"WebPage","@id":"https:\/\/www.bellunopress.it\/2026\/01\/03\/prima-di-noi-alle-2130-in-onda-su-rai-1-domenica-la-prima-fiction-del-2026\/","url":"https:\/\/www.bellunopress.it\/2026\/01\/03\/prima-di-noi-alle-2130-in-onda-su-rai-1-domenica-la-prima-fiction-del-2026\/","name":"Prima di noi. Alle 21:30 in onda su Rai 1, domenica la prima fiction del 2026 - Bellunopress - Dolomiti","isPartOf":{"@id":"https:\/\/www.bellunopress.it\/#website"},"primaryImageOfPage":{"@id":"https:\/\/www.bellunopress.it\/2026\/01\/03\/prima-di-noi-alle-2130-in-onda-su-rai-1-domenica-la-prima-fiction-del-2026\/#primaryimage"},"image":{"@id":"https:\/\/www.bellunopress.it\/2026\/01\/03\/prima-di-noi-alle-2130-in-onda-su-rai-1-domenica-la-prima-fiction-del-2026\/#primaryimage"},"thumbnailUrl":"https:\/\/www.bellunopress.it\/wp-content\/uploads\/2026\/01\/Prima-di-noi-fiction-Rai-1-servizio-fotografico-sul-set-di-Sergio-Innocente.jpg","datePublished":"2026-01-03T07:20:57+00:00","dateModified":"2026-01-03T07:26:55+00:00","breadcrumb":{"@id":"https:\/\/www.bellunopress.it\/2026\/01\/03\/prima-di-noi-alle-2130-in-onda-su-rai-1-domenica-la-prima-fiction-del-2026\/#breadcrumb"},"inLanguage":"fr-FR","potentialAction":[{"@type":"ReadAction","target":["https:\/\/www.bellunopress.it\/2026\/01\/03\/prima-di-noi-alle-2130-in-onda-su-rai-1-domenica-la-prima-fiction-del-2026\/"]}]},{"@type":"ImageObject","inLanguage":"fr-FR","@id":"https:\/\/www.bellunopress.it\/2026\/01\/03\/prima-di-noi-alle-2130-in-onda-su-rai-1-domenica-la-prima-fiction-del-2026\/#primaryimage","url":"https:\/\/www.bellunopress.it\/wp-content\/uploads\/2026\/01\/Prima-di-noi-fiction-Rai-1-servizio-fotografico-sul-set-di-Sergio-Innocente.jpg","contentUrl":"https:\/\/www.bellunopress.it\/wp-content\/uploads\/2026\/01\/Prima-di-noi-fiction-Rai-1-servizio-fotografico-sul-set-di-Sergio-Innocente.jpg","width":600,"height":400,"caption":"Feltre. Fiction Rai 1 \"Prima di noi\" immagine dal set di Sergio Innocente"},{"@type":"BreadcrumbList","@id":"https:\/\/www.bellunopress.it\/2026\/01\/03\/prima-di-noi-alle-2130-in-onda-su-rai-1-domenica-la-prima-fiction-del-2026\/#breadcrumb","itemListElement":[{"@type":"ListItem","position":1,"name":"Home","item":"https:\/\/www.bellunopress.it\/"},{"@type":"ListItem","position":2,"name":"Prima di noi. Alle 21:30 in onda su Rai 1, domenica la prima fiction del 2026"}]},{"@type":"WebSite","@id":"https:\/\/www.bellunopress.it\/#website","url":"https:\/\/www.bellunopress.it\/","name":"Bellunopress - Dolomiti","description":"e-mail: redazione@bellunopress.it","publisher":{"@id":"https:\/\/www.bellunopress.it\/#organization"},"potentialAction":[{"@type":"SearchAction","target":{"@type":"EntryPoint","urlTemplate":"https:\/\/www.bellunopress.it\/?s={search_term_string}"},"query-input":{"@type":"PropertyValueSpecification","valueRequired":true,"valueName":"search_term_string"}}],"inLanguage":"fr-FR"},{"@type":"Organization","@id":"https:\/\/www.bellunopress.it\/#organization","name":"Bellunopress","url":"https:\/\/www.bellunopress.it\/","logo":{"@type":"ImageObject","inLanguage":"fr-FR","@id":"https:\/\/www.bellunopress.it\/#\/schema\/logo\/image\/","url":"https:\/\/www.bellunopress.it\/wp-content\/uploads\/2011\/05\/cropped-logo-bellunopress-.jpg","contentUrl":"https:\/\/www.bellunopress.it\/wp-content\/uploads\/2011\/05\/cropped-logo-bellunopress-.jpg","width":512,"height":512,"caption":"Bellunopress"},"image":{"@id":"https:\/\/www.bellunopress.it\/#\/schema\/logo\/image\/"},"sameAs":["https:\/\/www.facebook.com\/profile.php?id=100008943462799","https:\/\/x.com\/bellunopress","https:\/\/www.linkedin.com\/hp\/?dnr=JBzUWaJfMUw8vbXJJ2tVW5-I3jZKvC4wsoxE&amp;amp;amp;amp;amp;amp;trk=nav_responsive_tab_home","https:\/\/www.youtube.com\/channel\/UCxL0wu1uN0_3_7hGG0306cw"]},{"@type":"Person","@id":"https:\/\/www.bellunopress.it\/#\/schema\/person\/79bb06722b37ece1c03d3e94beb30d73","name":"r\u00e9daction","image":{"@type":"ImageObject","inLanguage":"fr-FR","@id":"https:\/\/secure.gravatar.com\/avatar\/37d968a2e67a6fd04c169c4bdef102d0bc5d31b2546345219e348575eb80e9a0?s=96&d=mm&r=g","url":"https:\/\/secure.gravatar.com\/avatar\/37d968a2e67a6fd04c169c4bdef102d0bc5d31b2546345219e348575eb80e9a0?s=96&d=mm&r=g","contentUrl":"https:\/\/secure.gravatar.com\/avatar\/37d968a2e67a6fd04c169c4bdef102d0bc5d31b2546345219e348575eb80e9a0?s=96&d=mm&r=g","caption":"redazione"},"sameAs":["http:\/\/www.bellunopress.it","https:\/\/x.com\/bellunopress"],"url":"https:\/\/www.bellunopress.it\/fr\/author\/redazione\/"}]}},"_links":{"self":[{"href":"https:\/\/www.bellunopress.it\/fr\/wp-json\/wp\/v2\/posts\/166190","targetHints":{"allow":["GET"]}}],"collection":[{"href":"https:\/\/www.bellunopress.it\/fr\/wp-json\/wp\/v2\/posts"}],"about":[{"href":"https:\/\/www.bellunopress.it\/fr\/wp-json\/wp\/v2\/types\/post"}],"author":[{"embeddable":true,"href":"https:\/\/www.bellunopress.it\/fr\/wp-json\/wp\/v2\/users\/2"}],"replies":[{"embeddable":true,"href":"https:\/\/www.bellunopress.it\/fr\/wp-json\/wp\/v2\/comments?post=166190"}],"version-history":[{"count":2,"href":"https:\/\/www.bellunopress.it\/fr\/wp-json\/wp\/v2\/posts\/166190\/revisions"}],"predecessor-version":[{"id":166194,"href":"https:\/\/www.bellunopress.it\/fr\/wp-json\/wp\/v2\/posts\/166190\/revisions\/166194"}],"wp:featuredmedia":[{"embeddable":true,"href":"https:\/\/www.bellunopress.it\/fr\/wp-json\/wp\/v2\/media\/166192"}],"wp:attachment":[{"href":"https:\/\/www.bellunopress.it\/fr\/wp-json\/wp\/v2\/media?parent=166190"}],"wp:term":[{"taxonomy":"category","embeddable":true,"href":"https:\/\/www.bellunopress.it\/fr\/wp-json\/wp\/v2\/categories?post=166190"},{"taxonomy":"post_tag","embeddable":true,"href":"https:\/\/www.bellunopress.it\/fr\/wp-json\/wp\/v2\/tags?post=166190"}],"curies":[{"name":"wp","href":"https:\/\/api.w.org\/{rel}","templated":true}]}}