{"id":166187,"date":"2026-01-03T07:59:14","date_gmt":"2026-01-03T06:59:14","guid":{"rendered":"https:\/\/www.bellunopress.it\/?p=166187"},"modified":"2026-01-03T07:59:14","modified_gmt":"2026-01-03T06:59:14","slug":"ski-area-san-pellegrino-sciare-sulle-piste-delle-top-al-mondo","status":"publish","type":"post","link":"https:\/\/www.bellunopress.it\/fr\/2026\/01\/03\/ski-area-san-pellegrino-sciare-sulle-piste-delle-top-al-mondo\/","title":{"rendered":"Ski Area San Pellegrino. Sciare sulle piste delle top al mondo"},"content":{"rendered":"<figure id=\"attachment_166188\" aria-describedby=\"caption-attachment-166188\" style=\"width: 600px\" class=\"wp-caption aligncenter\"><img loading=\"lazy\" decoding=\"async\" class=\"size-full wp-image-166188\" src=\"https:\/\/www.bellunopress.it\/wp-content\/uploads\/2026\/01\/Pista-La-VolatA-Ski-Area-San-Pellegrino.jpg\" alt=\"\" width=\"600\" height=\"337\" srcset=\"https:\/\/www.bellunopress.it\/wp-content\/uploads\/2026\/01\/Pista-La-VolatA-Ski-Area-San-Pellegrino.jpg 600w, https:\/\/www.bellunopress.it\/wp-content\/uploads\/2026\/01\/Pista-La-VolatA-Ski-Area-San-Pellegrino-500x281.jpg 500w\" sizes=\"auto, (max-width: 600px) 100vw, 600px\" \/><figcaption id=\"caption-attachment-166188\" class=\"wp-caption-text\">Pista La VolatA Ski Area San Pellegrino<\/figcaption><\/figure>\n<p><strong>Allenamenti discesa atlete Coppa del Mondo Femminile Ski Area San Pellegrino \u2013 pista La VolatA domenica 4 gennaio 2026<\/strong><\/p>\n<p>Per la giornata di domenica 4 gennaio 2026, sono previste due sessioni di allenamento delle pi\u00f9 forti atlete al mondo della discesa e discipline veloci, in allenamento in questi giorni in Val di Fassa \u2013 sulla pista La VolatA che \u00e8 una delle otto piste di allenamento comprese nel progetto FISI Piste Azzurre, giunto al suo ventesimo anno di svolgimento.<\/p>\n<p>Per gli appassionati di sci alpino che hanno gi\u00e0 avuto altre occasioni di ammirare le protagoniste della Coppa del Mondo di Sci, questa volta potranno guardare da vicino l\u2019allenamento di discesa delle atlete pi\u00f9 veloci ed iconiche del Circo Bianco tra cui Lindsey Vonn, le nostre velociste e tutte le protagoniste della velocit\u00e0 mondiale.<\/p>\n<p>Gli allenamenti saranno cos\u00ec suddivisi:<br \/>\n1. Prima sessione 7.15-10.30 (Italia velocit\u00e0 )<br \/>\n2. 2. Seconda sessione 10.30-12.15 (USA + top Elite)<\/p>\n<p>Sono ben 14 le nazionalit\u00e0 delle atlete in allenamento su La VolatA in questi giorni tra cui appunto Lindsey Vonn, Alice Robinson, Ester Ledecka, per citarne alcune oltre a tutte le atlete azzurre.<\/p>\n<p>Le Olimpiadi di Milano Cortina 2026 si avvicinano a grandi passi e la Val di Fassa continua a svolgere un ruolo centrale nel percorso di avvicinamento ai grandi eventi dello sci alpino. Lo sguardo \u00e8 anche gi\u00e0 rivolto alla Coppa del Mondo di sci alpino femminile, in programma in Val di Fassa -Ski Area San Pellegrino La VolatA il 7 e 8 marzo 2026, con una discesa libera e un superG, appuntamento che riporter\u00e0 sulle nevi ladine le migliori velociste del panorama internazionale, quelle appunto che saranno gi\u00e0 in pista domani, 4 gennaio.<\/p>","protected":false},"excerpt":{"rendered":"<p>Allenamenti discesa atlete Coppa del Mondo Femminile Ski Area San Pellegrino \u2013 pista La VolatA domenica 4 gennaio 2026 Per la giornata di domenica 4 gennaio 2026, sono previste due sessioni di allenamento delle pi\u00f9 forti atlete al mondo della discesa e discipline veloci, in allenamento in questi giorni in Val di Fassa \u2013 sulla [&hellip;]<\/p>\n","protected":false},"author":2,"featured_media":166188,"comment_status":"closed","ping_status":"open","sticky":false,"template":"","format":"standard","meta":{"footnotes":""},"categories":[25,4],"tags":[],"class_list":["post-166187","post","type-post","status-publish","format-standard","has-post-thumbnail","category-pausa-caffe","category-sport"],"yoast_head":"<!-- This site is optimized with the Yoast SEO plugin v28.4 - https:\/\/yoast.com\/product\/yoast-seo-wordpress\/ -->\n<title>Ski Area San Pellegrino. Sciare sulle piste delle top al mondo - Bellunopress - Dolomiti<\/title>\n<meta name=\"robots\" content=\"index, follow, max-snippet:-1, max-image-preview:large, max-video-preview:-1\" \/>\n<link rel=\"canonical\" href=\"https:\/\/www.bellunopress.it\/fr\/2026\/01\/03\/ski-area-san-pellegrino-sciare-sulle-piste-delle-top-al-mondo\/\" \/>\n<meta property=\"og:locale\" content=\"fr_FR\" \/>\n<meta property=\"og:type\" content=\"article\" \/>\n<meta property=\"og:title\" content=\"Ski Area San Pellegrino. Sciare sulle piste delle top al mondo - Bellunopress - Dolomiti\" \/>\n<meta property=\"og:description\" content=\"Allenamenti discesa atlete Coppa del Mondo Femminile Ski Area San Pellegrino \u2013 pista La VolatA domenica 4 gennaio 2026 Per la giornata di domenica 4 gennaio 2026, sono previste due sessioni di allenamento delle pi\u00f9 forti atlete al mondo della discesa e discipline veloci, in allenamento in questi giorni in Val di Fassa \u2013 sulla [&hellip;]\" \/>\n<meta property=\"og:url\" content=\"https:\/\/www.bellunopress.it\/fr\/2026\/01\/03\/ski-area-san-pellegrino-sciare-sulle-piste-delle-top-al-mondo\/\" \/>\n<meta property=\"og:site_name\" content=\"Bellunopress - Dolomiti\" \/>\n<meta property=\"article:publisher\" content=\"https:\/\/www.facebook.com\/profile.php?id=100008943462799\" \/>\n<meta property=\"article:published_time\" content=\"2026-01-03T06:59:14+00:00\" \/>\n<meta property=\"og:image\" content=\"https:\/\/www.bellunopress.it\/wp-content\/uploads\/2026\/01\/Pista-La-VolatA-Ski-Area-San-Pellegrino.jpg\" \/>\n\t<meta property=\"og:image:width\" content=\"600\" \/>\n\t<meta property=\"og:image:height\" content=\"337\" \/>\n\t<meta property=\"og:image:type\" content=\"image\/jpeg\" \/>\n<meta name=\"author\" content=\"redazione\" \/>\n<meta name=\"twitter:card\" content=\"summary_large_image\" \/>\n<meta name=\"twitter:creator\" content=\"@bellunopress\" \/>\n<meta name=\"twitter:site\" content=\"@bellunopress\" \/>\n<meta name=\"twitter:label1\" content=\"\u00c9crit par\" \/>\n\t<meta name=\"twitter:data1\" content=\"redazione\" \/>\n\t<meta name=\"twitter:label2\" content=\"Dur\u00e9e de lecture estim\u00e9e\" \/>\n\t<meta name=\"twitter:data2\" content=\"1 minute\" \/>\n<script type=\"application\/ld+json\" class=\"yoast-schema-graph\">{\"@context\":\"https:\\\/\\\/schema.org\",\"@graph\":[{\"@type\":\"Article\",\"@id\":\"https:\\\/\\\/www.bellunopress.it\\\/2026\\\/01\\\/03\\\/ski-area-san-pellegrino-sciare-sulle-piste-delle-top-al-mondo\\\/#article\",\"isPartOf\":{\"@id\":\"https:\\\/\\\/www.bellunopress.it\\\/2026\\\/01\\\/03\\\/ski-area-san-pellegrino-sciare-sulle-piste-delle-top-al-mondo\\\/\"},\"author\":{\"name\":\"redazione\",\"@id\":\"https:\\\/\\\/www.bellunopress.it\\\/#\\\/schema\\\/person\\\/79bb06722b37ece1c03d3e94beb30d73\"},\"headline\":\"Ski Area San Pellegrino. Sciare sulle piste delle top al mondo\",\"datePublished\":\"2026-01-03T06:59:14+00:00\",\"mainEntityOfPage\":{\"@id\":\"https:\\\/\\\/www.bellunopress.it\\\/2026\\\/01\\\/03\\\/ski-area-san-pellegrino-sciare-sulle-piste-delle-top-al-mondo\\\/\"},\"wordCount\":287,\"publisher\":{\"@id\":\"https:\\\/\\\/www.bellunopress.it\\\/#organization\"},\"image\":{\"@id\":\"https:\\\/\\\/www.bellunopress.it\\\/2026\\\/01\\\/03\\\/ski-area-san-pellegrino-sciare-sulle-piste-delle-top-al-mondo\\\/#primaryimage\"},\"thumbnailUrl\":\"https:\\\/\\\/www.bellunopress.it\\\/wp-content\\\/uploads\\\/2026\\\/01\\\/Pista-La-VolatA-Ski-Area-San-Pellegrino.jpg\",\"articleSection\":[\"Pausa Caff\u00e8\",\"Sport, tempo libero\"],\"inLanguage\":\"fr-FR\"},{\"@type\":\"WebPage\",\"@id\":\"https:\\\/\\\/www.bellunopress.it\\\/2026\\\/01\\\/03\\\/ski-area-san-pellegrino-sciare-sulle-piste-delle-top-al-mondo\\\/\",\"url\":\"https:\\\/\\\/www.bellunopress.it\\\/2026\\\/01\\\/03\\\/ski-area-san-pellegrino-sciare-sulle-piste-delle-top-al-mondo\\\/\",\"name\":\"Ski Area San Pellegrino. Sciare sulle piste delle top al mondo - Bellunopress - Dolomiti\",\"isPartOf\":{\"@id\":\"https:\\\/\\\/www.bellunopress.it\\\/#website\"},\"primaryImageOfPage\":{\"@id\":\"https:\\\/\\\/www.bellunopress.it\\\/2026\\\/01\\\/03\\\/ski-area-san-pellegrino-sciare-sulle-piste-delle-top-al-mondo\\\/#primaryimage\"},\"image\":{\"@id\":\"https:\\\/\\\/www.bellunopress.it\\\/2026\\\/01\\\/03\\\/ski-area-san-pellegrino-sciare-sulle-piste-delle-top-al-mondo\\\/#primaryimage\"},\"thumbnailUrl\":\"https:\\\/\\\/www.bellunopress.it\\\/wp-content\\\/uploads\\\/2026\\\/01\\\/Pista-La-VolatA-Ski-Area-San-Pellegrino.jpg\",\"datePublished\":\"2026-01-03T06:59:14+00:00\",\"breadcrumb\":{\"@id\":\"https:\\\/\\\/www.bellunopress.it\\\/2026\\\/01\\\/03\\\/ski-area-san-pellegrino-sciare-sulle-piste-delle-top-al-mondo\\\/#breadcrumb\"},\"inLanguage\":\"fr-FR\",\"potentialAction\":[{\"@type\":\"ReadAction\",\"target\":[\"https:\\\/\\\/www.bellunopress.it\\\/2026\\\/01\\\/03\\\/ski-area-san-pellegrino-sciare-sulle-piste-delle-top-al-mondo\\\/\"]}]},{\"@type\":\"ImageObject\",\"inLanguage\":\"fr-FR\",\"@id\":\"https:\\\/\\\/www.bellunopress.it\\\/2026\\\/01\\\/03\\\/ski-area-san-pellegrino-sciare-sulle-piste-delle-top-al-mondo\\\/#primaryimage\",\"url\":\"https:\\\/\\\/www.bellunopress.it\\\/wp-content\\\/uploads\\\/2026\\\/01\\\/Pista-La-VolatA-Ski-Area-San-Pellegrino.jpg\",\"contentUrl\":\"https:\\\/\\\/www.bellunopress.it\\\/wp-content\\\/uploads\\\/2026\\\/01\\\/Pista-La-VolatA-Ski-Area-San-Pellegrino.jpg\",\"width\":600,\"height\":337,\"caption\":\"Pista La VolatA Ski Area San Pellegrino\"},{\"@type\":\"BreadcrumbList\",\"@id\":\"https:\\\/\\\/www.bellunopress.it\\\/2026\\\/01\\\/03\\\/ski-area-san-pellegrino-sciare-sulle-piste-delle-top-al-mondo\\\/#breadcrumb\",\"itemListElement\":[{\"@type\":\"ListItem\",\"position\":1,\"name\":\"Home\",\"item\":\"https:\\\/\\\/www.bellunopress.it\\\/\"},{\"@type\":\"ListItem\",\"position\":2,\"name\":\"Ski Area San Pellegrino. Sciare sulle piste delle top al mondo\"}]},{\"@type\":\"WebSite\",\"@id\":\"https:\\\/\\\/www.bellunopress.it\\\/#website\",\"url\":\"https:\\\/\\\/www.bellunopress.it\\\/\",\"name\":\"Bellunopress - Dolomiti\",\"description\":\"e-mail: redazione@bellunopress.it\",\"publisher\":{\"@id\":\"https:\\\/\\\/www.bellunopress.it\\\/#organization\"},\"potentialAction\":[{\"@type\":\"SearchAction\",\"target\":{\"@type\":\"EntryPoint\",\"urlTemplate\":\"https:\\\/\\\/www.bellunopress.it\\\/?s={search_term_string}\"},\"query-input\":{\"@type\":\"PropertyValueSpecification\",\"valueRequired\":true,\"valueName\":\"search_term_string\"}}],\"inLanguage\":\"fr-FR\"},{\"@type\":\"Organization\",\"@id\":\"https:\\\/\\\/www.bellunopress.it\\\/#organization\",\"name\":\"Bellunopress\",\"url\":\"https:\\\/\\\/www.bellunopress.it\\\/\",\"logo\":{\"@type\":\"ImageObject\",\"inLanguage\":\"fr-FR\",\"@id\":\"https:\\\/\\\/www.bellunopress.it\\\/#\\\/schema\\\/logo\\\/image\\\/\",\"url\":\"https:\\\/\\\/www.bellunopress.it\\\/wp-content\\\/uploads\\\/2011\\\/05\\\/cropped-logo-bellunopress-.jpg\",\"contentUrl\":\"https:\\\/\\\/www.bellunopress.it\\\/wp-content\\\/uploads\\\/2011\\\/05\\\/cropped-logo-bellunopress-.jpg\",\"width\":512,\"height\":512,\"caption\":\"Bellunopress\"},\"image\":{\"@id\":\"https:\\\/\\\/www.bellunopress.it\\\/#\\\/schema\\\/logo\\\/image\\\/\"},\"sameAs\":[\"https:\\\/\\\/www.facebook.com\\\/profile.php?id=100008943462799\",\"https:\\\/\\\/x.com\\\/bellunopress\",\"https:\\\/\\\/www.linkedin.com\\\/hp\\\/?dnr=JBzUWaJfMUw8vbXJJ2tVW5-I3jZKvC4wsoxE&amp;amp;amp;amp;amp;amp;trk=nav_responsive_tab_home\",\"https:\\\/\\\/www.youtube.com\\\/channel\\\/UCxL0wu1uN0_3_7hGG0306cw\"]},{\"@type\":\"Person\",\"@id\":\"https:\\\/\\\/www.bellunopress.it\\\/#\\\/schema\\\/person\\\/79bb06722b37ece1c03d3e94beb30d73\",\"name\":\"redazione\",\"image\":{\"@type\":\"ImageObject\",\"inLanguage\":\"fr-FR\",\"@id\":\"https:\\\/\\\/secure.gravatar.com\\\/avatar\\\/37d968a2e67a6fd04c169c4bdef102d0bc5d31b2546345219e348575eb80e9a0?s=96&d=mm&r=g\",\"url\":\"https:\\\/\\\/secure.gravatar.com\\\/avatar\\\/37d968a2e67a6fd04c169c4bdef102d0bc5d31b2546345219e348575eb80e9a0?s=96&d=mm&r=g\",\"contentUrl\":\"https:\\\/\\\/secure.gravatar.com\\\/avatar\\\/37d968a2e67a6fd04c169c4bdef102d0bc5d31b2546345219e348575eb80e9a0?s=96&d=mm&r=g\",\"caption\":\"redazione\"},\"sameAs\":[\"http:\\\/\\\/www.bellunopress.it\",\"https:\\\/\\\/x.com\\\/bellunopress\"],\"url\":\"https:\\\/\\\/www.bellunopress.it\\\/fr\\\/author\\\/redazione\\\/\"}]}<\/script>\n<!-- \/ Yoast SEO plugin. -->","yoast_head_json":{"title":"Ski Area San Pellegrino. Sciare sulle piste delle top al mondo - Bellunopress - Dolomiti","robots":{"index":"index","follow":"follow","max-snippet":"max-snippet:-1","max-image-preview":"max-image-preview:large","max-video-preview":"max-video-preview:-1"},"canonical":"https:\/\/www.bellunopress.it\/fr\/2026\/01\/03\/ski-area-san-pellegrino-sciare-sulle-piste-delle-top-al-mondo\/","og_locale":"fr_FR","og_type":"article","og_title":"Ski Area San Pellegrino. Sciare sulle piste delle top al mondo - Bellunopress - Dolomiti","og_description":"Allenamenti discesa atlete Coppa del Mondo Femminile Ski Area San Pellegrino \u2013 pista La VolatA domenica 4 gennaio 2026 Per la giornata di domenica 4 gennaio 2026, sono previste due sessioni di allenamento delle pi\u00f9 forti atlete al mondo della discesa e discipline veloci, in allenamento in questi giorni in Val di Fassa \u2013 sulla [&hellip;]","og_url":"https:\/\/www.bellunopress.it\/fr\/2026\/01\/03\/ski-area-san-pellegrino-sciare-sulle-piste-delle-top-al-mondo\/","og_site_name":"Bellunopress - Dolomiti","article_publisher":"https:\/\/www.facebook.com\/profile.php?id=100008943462799","article_published_time":"2026-01-03T06:59:14+00:00","og_image":[{"width":600,"height":337,"url":"https:\/\/www.bellunopress.it\/wp-content\/uploads\/2026\/01\/Pista-La-VolatA-Ski-Area-San-Pellegrino.jpg","type":"image\/jpeg"}],"author":"redazione","twitter_card":"summary_large_image","twitter_creator":"@bellunopress","twitter_site":"@bellunopress","twitter_misc":{"\u00c9crit par":"redazione","Dur\u00e9e de lecture estim\u00e9e":"1 minute"},"schema":{"@context":"https:\/\/schema.org","@graph":[{"@type":"Article","@id":"https:\/\/www.bellunopress.it\/2026\/01\/03\/ski-area-san-pellegrino-sciare-sulle-piste-delle-top-al-mondo\/#article","isPartOf":{"@id":"https:\/\/www.bellunopress.it\/2026\/01\/03\/ski-area-san-pellegrino-sciare-sulle-piste-delle-top-al-mondo\/"},"author":{"name":"redazione","@id":"https:\/\/www.bellunopress.it\/#\/schema\/person\/79bb06722b37ece1c03d3e94beb30d73"},"headline":"Ski Area San Pellegrino. Sciare sulle piste delle top al mondo","datePublished":"2026-01-03T06:59:14+00:00","mainEntityOfPage":{"@id":"https:\/\/www.bellunopress.it\/2026\/01\/03\/ski-area-san-pellegrino-sciare-sulle-piste-delle-top-al-mondo\/"},"wordCount":287,"publisher":{"@id":"https:\/\/www.bellunopress.it\/#organization"},"image":{"@id":"https:\/\/www.bellunopress.it\/2026\/01\/03\/ski-area-san-pellegrino-sciare-sulle-piste-delle-top-al-mondo\/#primaryimage"},"thumbnailUrl":"https:\/\/www.bellunopress.it\/wp-content\/uploads\/2026\/01\/Pista-La-VolatA-Ski-Area-San-Pellegrino.jpg","articleSection":["Pausa Caff\u00e8","Sport, tempo libero"],"inLanguage":"fr-FR"},{"@type":"WebPage","@id":"https:\/\/www.bellunopress.it\/2026\/01\/03\/ski-area-san-pellegrino-sciare-sulle-piste-delle-top-al-mondo\/","url":"https:\/\/www.bellunopress.it\/2026\/01\/03\/ski-area-san-pellegrino-sciare-sulle-piste-delle-top-al-mondo\/","name":"Ski Area San Pellegrino. Sciare sulle piste delle top al mondo - Bellunopress - Dolomiti","isPartOf":{"@id":"https:\/\/www.bellunopress.it\/#website"},"primaryImageOfPage":{"@id":"https:\/\/www.bellunopress.it\/2026\/01\/03\/ski-area-san-pellegrino-sciare-sulle-piste-delle-top-al-mondo\/#primaryimage"},"image":{"@id":"https:\/\/www.bellunopress.it\/2026\/01\/03\/ski-area-san-pellegrino-sciare-sulle-piste-delle-top-al-mondo\/#primaryimage"},"thumbnailUrl":"https:\/\/www.bellunopress.it\/wp-content\/uploads\/2026\/01\/Pista-La-VolatA-Ski-Area-San-Pellegrino.jpg","datePublished":"2026-01-03T06:59:14+00:00","breadcrumb":{"@id":"https:\/\/www.bellunopress.it\/2026\/01\/03\/ski-area-san-pellegrino-sciare-sulle-piste-delle-top-al-mondo\/#breadcrumb"},"inLanguage":"fr-FR","potentialAction":[{"@type":"ReadAction","target":["https:\/\/www.bellunopress.it\/2026\/01\/03\/ski-area-san-pellegrino-sciare-sulle-piste-delle-top-al-mondo\/"]}]},{"@type":"ImageObject","inLanguage":"fr-FR","@id":"https:\/\/www.bellunopress.it\/2026\/01\/03\/ski-area-san-pellegrino-sciare-sulle-piste-delle-top-al-mondo\/#primaryimage","url":"https:\/\/www.bellunopress.it\/wp-content\/uploads\/2026\/01\/Pista-La-VolatA-Ski-Area-San-Pellegrino.jpg","contentUrl":"https:\/\/www.bellunopress.it\/wp-content\/uploads\/2026\/01\/Pista-La-VolatA-Ski-Area-San-Pellegrino.jpg","width":600,"height":337,"caption":"Pista La VolatA Ski Area San Pellegrino"},{"@type":"BreadcrumbList","@id":"https:\/\/www.bellunopress.it\/2026\/01\/03\/ski-area-san-pellegrino-sciare-sulle-piste-delle-top-al-mondo\/#breadcrumb","itemListElement":[{"@type":"ListItem","position":1,"name":"Home","item":"https:\/\/www.bellunopress.it\/"},{"@type":"ListItem","position":2,"name":"Ski Area San Pellegrino. Sciare sulle piste delle top al mondo"}]},{"@type":"WebSite","@id":"https:\/\/www.bellunopress.it\/#website","url":"https:\/\/www.bellunopress.it\/","name":"Bellunopress - Dolomiti","description":"e-mail: redazione@bellunopress.it","publisher":{"@id":"https:\/\/www.bellunopress.it\/#organization"},"potentialAction":[{"@type":"SearchAction","target":{"@type":"EntryPoint","urlTemplate":"https:\/\/www.bellunopress.it\/?s={search_term_string}"},"query-input":{"@type":"PropertyValueSpecification","valueRequired":true,"valueName":"search_term_string"}}],"inLanguage":"fr-FR"},{"@type":"Organization","@id":"https:\/\/www.bellunopress.it\/#organization","name":"Bellunopress","url":"https:\/\/www.bellunopress.it\/","logo":{"@type":"ImageObject","inLanguage":"fr-FR","@id":"https:\/\/www.bellunopress.it\/#\/schema\/logo\/image\/","url":"https:\/\/www.bellunopress.it\/wp-content\/uploads\/2011\/05\/cropped-logo-bellunopress-.jpg","contentUrl":"https:\/\/www.bellunopress.it\/wp-content\/uploads\/2011\/05\/cropped-logo-bellunopress-.jpg","width":512,"height":512,"caption":"Bellunopress"},"image":{"@id":"https:\/\/www.bellunopress.it\/#\/schema\/logo\/image\/"},"sameAs":["https:\/\/www.facebook.com\/profile.php?id=100008943462799","https:\/\/x.com\/bellunopress","https:\/\/www.linkedin.com\/hp\/?dnr=JBzUWaJfMUw8vbXJJ2tVW5-I3jZKvC4wsoxE&amp;amp;amp;amp;amp;amp;trk=nav_responsive_tab_home","https:\/\/www.youtube.com\/channel\/UCxL0wu1uN0_3_7hGG0306cw"]},{"@type":"Person","@id":"https:\/\/www.bellunopress.it\/#\/schema\/person\/79bb06722b37ece1c03d3e94beb30d73","name":"r\u00e9daction","image":{"@type":"ImageObject","inLanguage":"fr-FR","@id":"https:\/\/secure.gravatar.com\/avatar\/37d968a2e67a6fd04c169c4bdef102d0bc5d31b2546345219e348575eb80e9a0?s=96&d=mm&r=g","url":"https:\/\/secure.gravatar.com\/avatar\/37d968a2e67a6fd04c169c4bdef102d0bc5d31b2546345219e348575eb80e9a0?s=96&d=mm&r=g","contentUrl":"https:\/\/secure.gravatar.com\/avatar\/37d968a2e67a6fd04c169c4bdef102d0bc5d31b2546345219e348575eb80e9a0?s=96&d=mm&r=g","caption":"redazione"},"sameAs":["http:\/\/www.bellunopress.it","https:\/\/x.com\/bellunopress"],"url":"https:\/\/www.bellunopress.it\/fr\/author\/redazione\/"}]}},"_links":{"self":[{"href":"https:\/\/www.bellunopress.it\/fr\/wp-json\/wp\/v2\/posts\/166187","targetHints":{"allow":["GET"]}}],"collection":[{"href":"https:\/\/www.bellunopress.it\/fr\/wp-json\/wp\/v2\/posts"}],"about":[{"href":"https:\/\/www.bellunopress.it\/fr\/wp-json\/wp\/v2\/types\/post"}],"author":[{"embeddable":true,"href":"https:\/\/www.bellunopress.it\/fr\/wp-json\/wp\/v2\/users\/2"}],"replies":[{"embeddable":true,"href":"https:\/\/www.bellunopress.it\/fr\/wp-json\/wp\/v2\/comments?post=166187"}],"version-history":[{"count":1,"href":"https:\/\/www.bellunopress.it\/fr\/wp-json\/wp\/v2\/posts\/166187\/revisions"}],"predecessor-version":[{"id":166189,"href":"https:\/\/www.bellunopress.it\/fr\/wp-json\/wp\/v2\/posts\/166187\/revisions\/166189"}],"wp:featuredmedia":[{"embeddable":true,"href":"https:\/\/www.bellunopress.it\/fr\/wp-json\/wp\/v2\/media\/166188"}],"wp:attachment":[{"href":"https:\/\/www.bellunopress.it\/fr\/wp-json\/wp\/v2\/media?parent=166187"}],"wp:term":[{"taxonomy":"category","embeddable":true,"href":"https:\/\/www.bellunopress.it\/fr\/wp-json\/wp\/v2\/categories?post=166187"},{"taxonomy":"post_tag","embeddable":true,"href":"https:\/\/www.bellunopress.it\/fr\/wp-json\/wp\/v2\/tags?post=166187"}],"curies":[{"name":"wp","href":"https:\/\/api.w.org\/{rel}","templated":true}]}}