{"id":166182,"date":"2026-01-03T07:34:53","date_gmt":"2026-01-03T06:34:53","guid":{"rendered":"https:\/\/www.bellunopress.it\/?p=166182"},"modified":"2026-01-03T07:34:53","modified_gmt":"2026-01-03T06:34:53","slug":"borgo-valbelluna-aperte-le-iscrizioni-alle-scuole-dinfanzia-di-carve-e-villa-di-villa","status":"publish","type":"post","link":"https:\/\/www.bellunopress.it\/fr\/2026\/01\/03\/borgo-valbelluna-aperte-le-iscrizioni-alle-scuole-dinfanzia-di-carve-e-villa-di-villa\/","title":{"rendered":"Borgo Valbelluna. Aperte le iscrizioni alle scuole d&#8217;infanzia di Carve e Villa di Villa"},"content":{"rendered":"<figure id=\"attachment_151707\" aria-describedby=\"caption-attachment-151707\" style=\"width: 902px\" class=\"wp-caption aligncenter\"><img loading=\"lazy\" decoding=\"async\" class=\"size-full wp-image-151707\" src=\"https:\/\/www.bellunopress.it\/wp-content\/uploads\/2024\/06\/Chiara_Cesa-assessore.jpg\" alt=\"\" width=\"902\" height=\"1000\" srcset=\"https:\/\/www.bellunopress.it\/wp-content\/uploads\/2024\/06\/Chiara_Cesa-assessore.jpg 902w, https:\/\/www.bellunopress.it\/wp-content\/uploads\/2024\/06\/Chiara_Cesa-assessore-451x500.jpg 451w, https:\/\/www.bellunopress.it\/wp-content\/uploads\/2024\/06\/Chiara_Cesa-assessore-379x420.jpg 379w, https:\/\/www.bellunopress.it\/wp-content\/uploads\/2024\/06\/Chiara_Cesa-assessore-696x772.jpg 696w\" sizes=\"auto, (max-width: 902px) 100vw, 902px\" \/><figcaption id=\"caption-attachment-151707\" class=\"wp-caption-text\">Chiara Cesa, assessora al Sociale e alle Politiche educative del Comune di Borgo Valbelluna<\/figcaption><\/figure>\n<p><strong>L\u2019Amministrazione comunale potenzia trasporti ed orari per mantenere vive le sue scuole dell\u2019infanzia<\/strong><\/p>\n<p>Per l\u2019anno scolastico 26\/27 importanti sono le novit\u00e0 proposte dall\u2019Amministrazione di Borgo Valbelluna e che riguarderanno le due scuole dell\u2019infanzia del territorio di Mel.<\/p>\n<p>&#8220;L\u2019amministrazione comunale -spiega Chiara Cesa assessora al Sociale e alle politiche educative del Comune di Borgo Valbelluna &#8211; si propone da sempre lo scopo che entrambe le scuole dell\u2019infanzia dell\u2019ex comune di Mel restino aperte rappresentando un importante patrimonio per le comunit\u00e0 che le accolgono e collaborano con esse.<br \/>\nLe novit\u00e0 per l\u2019anno scolastico 26\/27 &#8211; continua Cesa &#8211; riguardano sia gli edifici, sia il tempo scuola e i trasporti. Riguardo gli edifici c\u2019\u00e8 grande attesa per l\u2019inaugurazione della nuova sede della Scuola dell\u2019Infanzia di Villa di Villa, situata in via Mastellotto in un ampio spazio prativo con vista sulle Dolomiti. Il nuovo edificio potr\u00e0 accogliere due sezioni, mentre al momento a Villa di Villa ne esiste una sola, e soprattutto, novit\u00e0 assoluta, in tale sede sar\u00e0 presente anche l\u2019asilo nido, la cui gestione sar\u00e0 comunale come nel caso di Sant\u2019Antonio Tortal. La scelta di ubicare il nuovo edificio sulla piana dell\u2019ex cimitero \u00e8 in sintonia con l\u2019idea di offrire ai bambini spazi immersi nel verde per educarli al piacere e al rispetto della natura.<br \/>\nPer l\u2019Infanzia di Villa di Villa sar\u00e0 istituita anche una nuova linea di trasporto che partir\u00e0 da Lentiai offrendo una grande opportunit\u00e0 ai genitori che vorranno far frequentare ai propri figli un istituto scolastico pubblico.<\/p>\n<p>Nella scuola dell\u2019Infanzia di Carve, &#8211; continua Cesa &#8211; la novit\u00e0 sar\u00e0 che i bambini anticipatari, che compiono quindi i 3 anni entro il 30 aprile 2027, verranno accolti per l\u2019intera giornata fin dall\u2019inizio del tempo scuola completo. Inoltre, sempre riguardo i trasporti, sar\u00e0 istituita una linea diretta con partenza dalle scuole di Mel alle ore 7:30 per agevolare i genitori che per esigenze lavorative hanno bisogno di affidare presto i bambini alla scuola e magari sono in difficolt\u00e0 nell\u2019accompagnarli. Questo servizio sar\u00e0 per\u00f2 attivato qualora fosse richiesto da un congruo numero di famiglie (dalle 6\/7 unit\u00e0) e comunque non cambia le linee di trasporto gi\u00e0 esistenti. Gli orari di funzionamento delle due scuole saranno: Carve: 7:30-16:20 e Villa di Villa: 7:30-16:00.<br \/>\nLa questione trasporti e il loro costo tocca particolarmente tanto le famiglie che le amministrazioni&#8221;.<\/p>\n<p>L\u2019assessora Cesa spiega come avviene la gestione in Borgo Valbelluna:<br \/>\n&#8220;Per l\u2019anno scolastico 25\/26 le spese che il comune dovr\u00e0 sostenere per il trasporto scolastico saranno di 478.301,34 \u20ac (con iva al 10%) mentre le entrate ipotizzate provenienti dagli utenti ammonteranno a 107.940,00 \u20ac, questo significa che le famiglie contribuiscono pi\u00f9 o meno a un quinto della spesa totale. Attualmente il comune conta 452 iscrizioni al trasporto, senza tenere conto della navetta gratuita della materna di Trichiana e le spese per i trasporti personalizzati per gli studenti con esigenze particolari; quindi la spesa per ogni bambino supera i 1000 \u20ac. \u00c8 comunque volont\u00e0 dell\u2019amministrazione -conclude Chiara Cesa- quella di continuare a mantenere bassa la tariffa del trasporto per le famiglie, facendosi carico della quota maggiore dei costi.<\/p>\n<p>Villa di Villa e Carve offrono due scuole ubicate in posizione tranquilla con spazi esterni caratterizzati da ampi giardini per godere dell\u2019aria fresca e pulita che la zona collinare della Valbelluna sa offrire. Un corpo docenti competente che propone progetti steam e coding, attraverso giochi capaci di sviluppare il pensiero computazionale, la progettazione e la creativit\u00e0; progetti di attivit\u00e0 motoria e di alimentazione, in collaborazione con enti e associazioni di settore, e di apprendimento dell\u2019inglese con esperti di madrelingua, rappresentano un patrimonio scolastico e comunitario che va conservato, sostenuto e protetto a tutti i costi&#8221;.<\/p>","protected":false},"excerpt":{"rendered":"<p>L\u2019Amministrazione comunale potenzia trasporti ed orari per mantenere vive le sue scuole dell\u2019infanzia Per l\u2019anno scolastico 26\/27 importanti sono le novit\u00e0 proposte dall\u2019Amministrazione di Borgo Valbelluna e che riguarderanno le due scuole dell\u2019infanzia del territorio di Mel. &#8220;L\u2019amministrazione comunale -spiega Chiara Cesa assessora al Sociale e alle politiche educative del Comune di Borgo Valbelluna &#8211; [&hellip;]<\/p>\n","protected":false},"author":2,"featured_media":151707,"comment_status":"closed","ping_status":"open","sticky":false,"template":"","format":"standard","meta":{"footnotes":""},"categories":[15,8],"tags":[],"class_list":["post-166182","post","type-post","status-publish","format-standard","has-post-thumbnail","category-scuola","category-societa-istituzioni"],"yoast_head":"<!-- This site is optimized with the Yoast SEO plugin v28.4 - https:\/\/yoast.com\/product\/yoast-seo-wordpress\/ -->\n<title>Borgo Valbelluna. Aperte le iscrizioni alle scuole d&#039;infanzia di Carve e Villa di Villa - Bellunopress - Dolomiti<\/title>\n<meta name=\"robots\" content=\"index, follow, max-snippet:-1, max-image-preview:large, max-video-preview:-1\" \/>\n<link rel=\"canonical\" href=\"https:\/\/www.bellunopress.it\/fr\/2026\/01\/03\/borgo-valbelluna-aperte-le-iscrizioni-alle-scuole-dinfanzia-di-carve-e-villa-di-villa\/\" \/>\n<meta property=\"og:locale\" content=\"fr_FR\" \/>\n<meta property=\"og:type\" content=\"article\" \/>\n<meta property=\"og:title\" content=\"Borgo Valbelluna. Aperte le iscrizioni alle scuole d&#039;infanzia di Carve e Villa di Villa - Bellunopress - Dolomiti\" \/>\n<meta property=\"og:description\" content=\"L\u2019Amministrazione comunale potenzia trasporti ed orari per mantenere vive le sue scuole dell\u2019infanzia Per l\u2019anno scolastico 26\/27 importanti sono le novit\u00e0 proposte dall\u2019Amministrazione di Borgo Valbelluna e che riguarderanno le due scuole dell\u2019infanzia del territorio di Mel. &#8220;L\u2019amministrazione comunale -spiega Chiara Cesa assessora al Sociale e alle politiche educative del Comune di Borgo Valbelluna &#8211; [&hellip;]\" \/>\n<meta property=\"og:url\" content=\"https:\/\/www.bellunopress.it\/fr\/2026\/01\/03\/borgo-valbelluna-aperte-le-iscrizioni-alle-scuole-dinfanzia-di-carve-e-villa-di-villa\/\" \/>\n<meta property=\"og:site_name\" content=\"Bellunopress - Dolomiti\" \/>\n<meta property=\"article:publisher\" content=\"https:\/\/www.facebook.com\/profile.php?id=100008943462799\" \/>\n<meta property=\"article:published_time\" content=\"2026-01-03T06:34:53+00:00\" \/>\n<meta property=\"og:image\" content=\"https:\/\/www.bellunopress.it\/wp-content\/uploads\/2024\/06\/Chiara_Cesa-assessore.jpg\" \/>\n\t<meta property=\"og:image:width\" content=\"902\" \/>\n\t<meta property=\"og:image:height\" content=\"1000\" \/>\n\t<meta property=\"og:image:type\" content=\"image\/jpeg\" \/>\n<meta name=\"author\" content=\"redazione\" \/>\n<meta name=\"twitter:card\" content=\"summary_large_image\" \/>\n<meta name=\"twitter:creator\" content=\"@bellunopress\" \/>\n<meta name=\"twitter:site\" content=\"@bellunopress\" \/>\n<meta name=\"twitter:label1\" content=\"Written by\" \/>\n\t<meta name=\"twitter:data1\" content=\"redazione\" \/>\n\t<meta name=\"twitter:label2\" content=\"Est. reading time\" \/>\n\t<meta name=\"twitter:data2\" content=\"3 minutes\" \/>\n<script type=\"application\/ld+json\" class=\"yoast-schema-graph\">{\"@context\":\"https:\\\/\\\/schema.org\",\"@graph\":[{\"@type\":\"Article\",\"@id\":\"https:\\\/\\\/www.bellunopress.it\\\/2026\\\/01\\\/03\\\/borgo-valbelluna-aperte-le-iscrizioni-alle-scuole-dinfanzia-di-carve-e-villa-di-villa\\\/#article\",\"isPartOf\":{\"@id\":\"https:\\\/\\\/www.bellunopress.it\\\/2026\\\/01\\\/03\\\/borgo-valbelluna-aperte-le-iscrizioni-alle-scuole-dinfanzia-di-carve-e-villa-di-villa\\\/\"},\"author\":{\"name\":\"redazione\",\"@id\":\"https:\\\/\\\/www.bellunopress.it\\\/#\\\/schema\\\/person\\\/79bb06722b37ece1c03d3e94beb30d73\"},\"headline\":\"Borgo Valbelluna. Aperte le iscrizioni alle scuole d&#8217;infanzia di Carve e Villa di Villa\",\"datePublished\":\"2026-01-03T06:34:53+00:00\",\"mainEntityOfPage\":{\"@id\":\"https:\\\/\\\/www.bellunopress.it\\\/2026\\\/01\\\/03\\\/borgo-valbelluna-aperte-le-iscrizioni-alle-scuole-dinfanzia-di-carve-e-villa-di-villa\\\/\"},\"wordCount\":649,\"publisher\":{\"@id\":\"https:\\\/\\\/www.bellunopress.it\\\/#organization\"},\"image\":{\"@id\":\"https:\\\/\\\/www.bellunopress.it\\\/2026\\\/01\\\/03\\\/borgo-valbelluna-aperte-le-iscrizioni-alle-scuole-dinfanzia-di-carve-e-villa-di-villa\\\/#primaryimage\"},\"thumbnailUrl\":\"https:\\\/\\\/www.bellunopress.it\\\/wp-content\\\/uploads\\\/2024\\\/06\\\/Chiara_Cesa-assessore.jpg\",\"articleSection\":[\"Scuola\",\"Societ\u00e0, Associazioni, Istituzioni\"],\"inLanguage\":\"fr-FR\"},{\"@type\":\"WebPage\",\"@id\":\"https:\\\/\\\/www.bellunopress.it\\\/2026\\\/01\\\/03\\\/borgo-valbelluna-aperte-le-iscrizioni-alle-scuole-dinfanzia-di-carve-e-villa-di-villa\\\/\",\"url\":\"https:\\\/\\\/www.bellunopress.it\\\/2026\\\/01\\\/03\\\/borgo-valbelluna-aperte-le-iscrizioni-alle-scuole-dinfanzia-di-carve-e-villa-di-villa\\\/\",\"name\":\"Borgo Valbelluna. Aperte le iscrizioni alle scuole d'infanzia di Carve e Villa di Villa - Bellunopress - Dolomiti\",\"isPartOf\":{\"@id\":\"https:\\\/\\\/www.bellunopress.it\\\/#website\"},\"primaryImageOfPage\":{\"@id\":\"https:\\\/\\\/www.bellunopress.it\\\/2026\\\/01\\\/03\\\/borgo-valbelluna-aperte-le-iscrizioni-alle-scuole-dinfanzia-di-carve-e-villa-di-villa\\\/#primaryimage\"},\"image\":{\"@id\":\"https:\\\/\\\/www.bellunopress.it\\\/2026\\\/01\\\/03\\\/borgo-valbelluna-aperte-le-iscrizioni-alle-scuole-dinfanzia-di-carve-e-villa-di-villa\\\/#primaryimage\"},\"thumbnailUrl\":\"https:\\\/\\\/www.bellunopress.it\\\/wp-content\\\/uploads\\\/2024\\\/06\\\/Chiara_Cesa-assessore.jpg\",\"datePublished\":\"2026-01-03T06:34:53+00:00\",\"breadcrumb\":{\"@id\":\"https:\\\/\\\/www.bellunopress.it\\\/2026\\\/01\\\/03\\\/borgo-valbelluna-aperte-le-iscrizioni-alle-scuole-dinfanzia-di-carve-e-villa-di-villa\\\/#breadcrumb\"},\"inLanguage\":\"fr-FR\",\"potentialAction\":[{\"@type\":\"ReadAction\",\"target\":[\"https:\\\/\\\/www.bellunopress.it\\\/2026\\\/01\\\/03\\\/borgo-valbelluna-aperte-le-iscrizioni-alle-scuole-dinfanzia-di-carve-e-villa-di-villa\\\/\"]}]},{\"@type\":\"ImageObject\",\"inLanguage\":\"fr-FR\",\"@id\":\"https:\\\/\\\/www.bellunopress.it\\\/2026\\\/01\\\/03\\\/borgo-valbelluna-aperte-le-iscrizioni-alle-scuole-dinfanzia-di-carve-e-villa-di-villa\\\/#primaryimage\",\"url\":\"https:\\\/\\\/www.bellunopress.it\\\/wp-content\\\/uploads\\\/2024\\\/06\\\/Chiara_Cesa-assessore.jpg\",\"contentUrl\":\"https:\\\/\\\/www.bellunopress.it\\\/wp-content\\\/uploads\\\/2024\\\/06\\\/Chiara_Cesa-assessore.jpg\",\"width\":902,\"height\":1000,\"caption\":\"Chiara Cesa, assessora al Sociale e alle Politiche educative del Comune di Borgo Valbelluna\"},{\"@type\":\"BreadcrumbList\",\"@id\":\"https:\\\/\\\/www.bellunopress.it\\\/2026\\\/01\\\/03\\\/borgo-valbelluna-aperte-le-iscrizioni-alle-scuole-dinfanzia-di-carve-e-villa-di-villa\\\/#breadcrumb\",\"itemListElement\":[{\"@type\":\"ListItem\",\"position\":1,\"name\":\"Home\",\"item\":\"https:\\\/\\\/www.bellunopress.it\\\/\"},{\"@type\":\"ListItem\",\"position\":2,\"name\":\"Borgo Valbelluna. Aperte le iscrizioni alle scuole d&#8217;infanzia di Carve e Villa di Villa\"}]},{\"@type\":\"WebSite\",\"@id\":\"https:\\\/\\\/www.bellunopress.it\\\/#website\",\"url\":\"https:\\\/\\\/www.bellunopress.it\\\/\",\"name\":\"Bellunopress - Dolomiti\",\"description\":\"e-mail: redazione@bellunopress.it\",\"publisher\":{\"@id\":\"https:\\\/\\\/www.bellunopress.it\\\/#organization\"},\"potentialAction\":[{\"@type\":\"SearchAction\",\"target\":{\"@type\":\"EntryPoint\",\"urlTemplate\":\"https:\\\/\\\/www.bellunopress.it\\\/?s={search_term_string}\"},\"query-input\":{\"@type\":\"PropertyValueSpecification\",\"valueRequired\":true,\"valueName\":\"search_term_string\"}}],\"inLanguage\":\"fr-FR\"},{\"@type\":\"Organization\",\"@id\":\"https:\\\/\\\/www.bellunopress.it\\\/#organization\",\"name\":\"Bellunopress\",\"url\":\"https:\\\/\\\/www.bellunopress.it\\\/\",\"logo\":{\"@type\":\"ImageObject\",\"inLanguage\":\"fr-FR\",\"@id\":\"https:\\\/\\\/www.bellunopress.it\\\/#\\\/schema\\\/logo\\\/image\\\/\",\"url\":\"https:\\\/\\\/www.bellunopress.it\\\/wp-content\\\/uploads\\\/2011\\\/05\\\/cropped-logo-bellunopress-.jpg\",\"contentUrl\":\"https:\\\/\\\/www.bellunopress.it\\\/wp-content\\\/uploads\\\/2011\\\/05\\\/cropped-logo-bellunopress-.jpg\",\"width\":512,\"height\":512,\"caption\":\"Bellunopress\"},\"image\":{\"@id\":\"https:\\\/\\\/www.bellunopress.it\\\/#\\\/schema\\\/logo\\\/image\\\/\"},\"sameAs\":[\"https:\\\/\\\/www.facebook.com\\\/profile.php?id=100008943462799\",\"https:\\\/\\\/x.com\\\/bellunopress\",\"https:\\\/\\\/www.linkedin.com\\\/hp\\\/?dnr=JBzUWaJfMUw8vbXJJ2tVW5-I3jZKvC4wsoxE&amp;amp;amp;amp;amp;amp;trk=nav_responsive_tab_home\",\"https:\\\/\\\/www.youtube.com\\\/channel\\\/UCxL0wu1uN0_3_7hGG0306cw\"]},{\"@type\":\"Person\",\"@id\":\"https:\\\/\\\/www.bellunopress.it\\\/#\\\/schema\\\/person\\\/79bb06722b37ece1c03d3e94beb30d73\",\"name\":\"redazione\",\"image\":{\"@type\":\"ImageObject\",\"inLanguage\":\"fr-FR\",\"@id\":\"https:\\\/\\\/secure.gravatar.com\\\/avatar\\\/37d968a2e67a6fd04c169c4bdef102d0bc5d31b2546345219e348575eb80e9a0?s=96&d=mm&r=g\",\"url\":\"https:\\\/\\\/secure.gravatar.com\\\/avatar\\\/37d968a2e67a6fd04c169c4bdef102d0bc5d31b2546345219e348575eb80e9a0?s=96&d=mm&r=g\",\"contentUrl\":\"https:\\\/\\\/secure.gravatar.com\\\/avatar\\\/37d968a2e67a6fd04c169c4bdef102d0bc5d31b2546345219e348575eb80e9a0?s=96&d=mm&r=g\",\"caption\":\"redazione\"},\"sameAs\":[\"http:\\\/\\\/www.bellunopress.it\",\"https:\\\/\\\/x.com\\\/bellunopress\"],\"url\":\"https:\\\/\\\/www.bellunopress.it\\\/fr\\\/author\\\/redazione\\\/\"}]}<\/script>\n<!-- \/ Yoast SEO plugin. -->","yoast_head_json":{"title":"Borgo Valbelluna. Aperte le iscrizioni alle scuole d'infanzia di Carve e Villa di Villa - Bellunopress - Dolomiti","robots":{"index":"index","follow":"follow","max-snippet":"max-snippet:-1","max-image-preview":"max-image-preview:large","max-video-preview":"max-video-preview:-1"},"canonical":"https:\/\/www.bellunopress.it\/fr\/2026\/01\/03\/borgo-valbelluna-aperte-le-iscrizioni-alle-scuole-dinfanzia-di-carve-e-villa-di-villa\/","og_locale":"fr_FR","og_type":"article","og_title":"Borgo Valbelluna. Aperte le iscrizioni alle scuole d'infanzia di Carve e Villa di Villa - Bellunopress - Dolomiti","og_description":"L\u2019Amministrazione comunale potenzia trasporti ed orari per mantenere vive le sue scuole dell\u2019infanzia Per l\u2019anno scolastico 26\/27 importanti sono le novit\u00e0 proposte dall\u2019Amministrazione di Borgo Valbelluna e che riguarderanno le due scuole dell\u2019infanzia del territorio di Mel. &#8220;L\u2019amministrazione comunale -spiega Chiara Cesa assessora al Sociale e alle politiche educative del Comune di Borgo Valbelluna &#8211; [&hellip;]","og_url":"https:\/\/www.bellunopress.it\/fr\/2026\/01\/03\/borgo-valbelluna-aperte-le-iscrizioni-alle-scuole-dinfanzia-di-carve-e-villa-di-villa\/","og_site_name":"Bellunopress - Dolomiti","article_publisher":"https:\/\/www.facebook.com\/profile.php?id=100008943462799","article_published_time":"2026-01-03T06:34:53+00:00","og_image":[{"width":902,"height":1000,"url":"https:\/\/www.bellunopress.it\/wp-content\/uploads\/2024\/06\/Chiara_Cesa-assessore.jpg","type":"image\/jpeg"}],"author":"redazione","twitter_card":"summary_large_image","twitter_creator":"@bellunopress","twitter_site":"@bellunopress","twitter_misc":{"Written by":"redazione","Est. reading time":"3 minutes"},"schema":{"@context":"https:\/\/schema.org","@graph":[{"@type":"Article","@id":"https:\/\/www.bellunopress.it\/2026\/01\/03\/borgo-valbelluna-aperte-le-iscrizioni-alle-scuole-dinfanzia-di-carve-e-villa-di-villa\/#article","isPartOf":{"@id":"https:\/\/www.bellunopress.it\/2026\/01\/03\/borgo-valbelluna-aperte-le-iscrizioni-alle-scuole-dinfanzia-di-carve-e-villa-di-villa\/"},"author":{"name":"redazione","@id":"https:\/\/www.bellunopress.it\/#\/schema\/person\/79bb06722b37ece1c03d3e94beb30d73"},"headline":"Borgo Valbelluna. Aperte le iscrizioni alle scuole d&#8217;infanzia di Carve e Villa di Villa","datePublished":"2026-01-03T06:34:53+00:00","mainEntityOfPage":{"@id":"https:\/\/www.bellunopress.it\/2026\/01\/03\/borgo-valbelluna-aperte-le-iscrizioni-alle-scuole-dinfanzia-di-carve-e-villa-di-villa\/"},"wordCount":649,"publisher":{"@id":"https:\/\/www.bellunopress.it\/#organization"},"image":{"@id":"https:\/\/www.bellunopress.it\/2026\/01\/03\/borgo-valbelluna-aperte-le-iscrizioni-alle-scuole-dinfanzia-di-carve-e-villa-di-villa\/#primaryimage"},"thumbnailUrl":"https:\/\/www.bellunopress.it\/wp-content\/uploads\/2024\/06\/Chiara_Cesa-assessore.jpg","articleSection":["Scuola","Societ\u00e0, Associazioni, Istituzioni"],"inLanguage":"fr-FR"},{"@type":"WebPage","@id":"https:\/\/www.bellunopress.it\/2026\/01\/03\/borgo-valbelluna-aperte-le-iscrizioni-alle-scuole-dinfanzia-di-carve-e-villa-di-villa\/","url":"https:\/\/www.bellunopress.it\/2026\/01\/03\/borgo-valbelluna-aperte-le-iscrizioni-alle-scuole-dinfanzia-di-carve-e-villa-di-villa\/","name":"Borgo Valbelluna. Aperte le iscrizioni alle scuole d'infanzia di Carve e Villa di Villa - Bellunopress - Dolomiti","isPartOf":{"@id":"https:\/\/www.bellunopress.it\/#website"},"primaryImageOfPage":{"@id":"https:\/\/www.bellunopress.it\/2026\/01\/03\/borgo-valbelluna-aperte-le-iscrizioni-alle-scuole-dinfanzia-di-carve-e-villa-di-villa\/#primaryimage"},"image":{"@id":"https:\/\/www.bellunopress.it\/2026\/01\/03\/borgo-valbelluna-aperte-le-iscrizioni-alle-scuole-dinfanzia-di-carve-e-villa-di-villa\/#primaryimage"},"thumbnailUrl":"https:\/\/www.bellunopress.it\/wp-content\/uploads\/2024\/06\/Chiara_Cesa-assessore.jpg","datePublished":"2026-01-03T06:34:53+00:00","breadcrumb":{"@id":"https:\/\/www.bellunopress.it\/2026\/01\/03\/borgo-valbelluna-aperte-le-iscrizioni-alle-scuole-dinfanzia-di-carve-e-villa-di-villa\/#breadcrumb"},"inLanguage":"fr-FR","potentialAction":[{"@type":"ReadAction","target":["https:\/\/www.bellunopress.it\/2026\/01\/03\/borgo-valbelluna-aperte-le-iscrizioni-alle-scuole-dinfanzia-di-carve-e-villa-di-villa\/"]}]},{"@type":"ImageObject","inLanguage":"fr-FR","@id":"https:\/\/www.bellunopress.it\/2026\/01\/03\/borgo-valbelluna-aperte-le-iscrizioni-alle-scuole-dinfanzia-di-carve-e-villa-di-villa\/#primaryimage","url":"https:\/\/www.bellunopress.it\/wp-content\/uploads\/2024\/06\/Chiara_Cesa-assessore.jpg","contentUrl":"https:\/\/www.bellunopress.it\/wp-content\/uploads\/2024\/06\/Chiara_Cesa-assessore.jpg","width":902,"height":1000,"caption":"Chiara Cesa, assessora al Sociale e alle Politiche educative del Comune di Borgo Valbelluna"},{"@type":"BreadcrumbList","@id":"https:\/\/www.bellunopress.it\/2026\/01\/03\/borgo-valbelluna-aperte-le-iscrizioni-alle-scuole-dinfanzia-di-carve-e-villa-di-villa\/#breadcrumb","itemListElement":[{"@type":"ListItem","position":1,"name":"Home","item":"https:\/\/www.bellunopress.it\/"},{"@type":"ListItem","position":2,"name":"Borgo Valbelluna. Aperte le iscrizioni alle scuole d&#8217;infanzia di Carve e Villa di Villa"}]},{"@type":"WebSite","@id":"https:\/\/www.bellunopress.it\/#website","url":"https:\/\/www.bellunopress.it\/","name":"Bellunopress - Dolomiti","description":"e-mail: redazione@bellunopress.it","publisher":{"@id":"https:\/\/www.bellunopress.it\/#organization"},"potentialAction":[{"@type":"SearchAction","target":{"@type":"EntryPoint","urlTemplate":"https:\/\/www.bellunopress.it\/?s={search_term_string}"},"query-input":{"@type":"PropertyValueSpecification","valueRequired":true,"valueName":"search_term_string"}}],"inLanguage":"fr-FR"},{"@type":"Organization","@id":"https:\/\/www.bellunopress.it\/#organization","name":"Bellunopress","url":"https:\/\/www.bellunopress.it\/","logo":{"@type":"ImageObject","inLanguage":"fr-FR","@id":"https:\/\/www.bellunopress.it\/#\/schema\/logo\/image\/","url":"https:\/\/www.bellunopress.it\/wp-content\/uploads\/2011\/05\/cropped-logo-bellunopress-.jpg","contentUrl":"https:\/\/www.bellunopress.it\/wp-content\/uploads\/2011\/05\/cropped-logo-bellunopress-.jpg","width":512,"height":512,"caption":"Bellunopress"},"image":{"@id":"https:\/\/www.bellunopress.it\/#\/schema\/logo\/image\/"},"sameAs":["https:\/\/www.facebook.com\/profile.php?id=100008943462799","https:\/\/x.com\/bellunopress","https:\/\/www.linkedin.com\/hp\/?dnr=JBzUWaJfMUw8vbXJJ2tVW5-I3jZKvC4wsoxE&amp;amp;amp;amp;amp;amp;trk=nav_responsive_tab_home","https:\/\/www.youtube.com\/channel\/UCxL0wu1uN0_3_7hGG0306cw"]},{"@type":"Person","@id":"https:\/\/www.bellunopress.it\/#\/schema\/person\/79bb06722b37ece1c03d3e94beb30d73","name":"r\u00e9daction","image":{"@type":"ImageObject","inLanguage":"fr-FR","@id":"https:\/\/secure.gravatar.com\/avatar\/37d968a2e67a6fd04c169c4bdef102d0bc5d31b2546345219e348575eb80e9a0?s=96&d=mm&r=g","url":"https:\/\/secure.gravatar.com\/avatar\/37d968a2e67a6fd04c169c4bdef102d0bc5d31b2546345219e348575eb80e9a0?s=96&d=mm&r=g","contentUrl":"https:\/\/secure.gravatar.com\/avatar\/37d968a2e67a6fd04c169c4bdef102d0bc5d31b2546345219e348575eb80e9a0?s=96&d=mm&r=g","caption":"redazione"},"sameAs":["http:\/\/www.bellunopress.it","https:\/\/x.com\/bellunopress"],"url":"https:\/\/www.bellunopress.it\/fr\/author\/redazione\/"}]}},"_links":{"self":[{"href":"https:\/\/www.bellunopress.it\/fr\/wp-json\/wp\/v2\/posts\/166182","targetHints":{"allow":["GET"]}}],"collection":[{"href":"https:\/\/www.bellunopress.it\/fr\/wp-json\/wp\/v2\/posts"}],"about":[{"href":"https:\/\/www.bellunopress.it\/fr\/wp-json\/wp\/v2\/types\/post"}],"author":[{"embeddable":true,"href":"https:\/\/www.bellunopress.it\/fr\/wp-json\/wp\/v2\/users\/2"}],"replies":[{"embeddable":true,"href":"https:\/\/www.bellunopress.it\/fr\/wp-json\/wp\/v2\/comments?post=166182"}],"version-history":[{"count":1,"href":"https:\/\/www.bellunopress.it\/fr\/wp-json\/wp\/v2\/posts\/166182\/revisions"}],"predecessor-version":[{"id":166183,"href":"https:\/\/www.bellunopress.it\/fr\/wp-json\/wp\/v2\/posts\/166182\/revisions\/166183"}],"wp:featuredmedia":[{"embeddable":true,"href":"https:\/\/www.bellunopress.it\/fr\/wp-json\/wp\/v2\/media\/151707"}],"wp:attachment":[{"href":"https:\/\/www.bellunopress.it\/fr\/wp-json\/wp\/v2\/media?parent=166182"}],"wp:term":[{"taxonomy":"category","embeddable":true,"href":"https:\/\/www.bellunopress.it\/fr\/wp-json\/wp\/v2\/categories?post=166182"},{"taxonomy":"post_tag","embeddable":true,"href":"https:\/\/www.bellunopress.it\/fr\/wp-json\/wp\/v2\/tags?post=166182"}],"curies":[{"name":"wp","href":"https:\/\/api.w.org\/{rel}","templated":true}]}}