{"id":166166,"date":"2026-01-02T13:40:53","date_gmt":"2026-01-02T12:40:53","guid":{"rendered":"https:\/\/www.bellunopress.it\/?p=166166"},"modified":"2026-01-02T13:40:53","modified_gmt":"2026-01-02T12:40:53","slug":"laura-pausini-testimonial-allapertura-dei-giochi-olimpici-invernali-milano-cortina-2026","status":"publish","type":"post","link":"https:\/\/www.bellunopress.it\/fr\/2026\/01\/02\/laura-pausini-testimonial-allapertura-dei-giochi-olimpici-invernali-milano-cortina-2026\/","title":{"rendered":"Laura Pausini testimonial all&#8217;apertura dei Giochi Olimpici invernali Milano-Cortina 2026"},"content":{"rendered":"<p><strong><img loading=\"lazy\" decoding=\"async\" class=\"aligncenter size-full wp-image-127993\" src=\"https:\/\/www.bellunopress.it\/wp-content\/uploads\/2021\/09\/Olimpiadi-invernali-2026-Milano-Cortina_edited.jpg\" alt=\"\" width=\"768\" height=\"388\" srcset=\"https:\/\/www.bellunopress.it\/wp-content\/uploads\/2021\/09\/Olimpiadi-invernali-2026-Milano-Cortina_edited.jpg 768w, https:\/\/www.bellunopress.it\/wp-content\/uploads\/2021\/09\/Olimpiadi-invernali-2026-Milano-Cortina_edited-500x253.jpg 500w, https:\/\/www.bellunopress.it\/wp-content\/uploads\/2021\/09\/Olimpiadi-invernali-2026-Milano-Cortina_edited-696x352.jpg 696w\" sizes=\"auto, (max-width: 768px) 100vw, 768px\" \/>Icona della musica globale, sar\u00e0 protagonista di un momento speciale allo Stadio San Siro, con una performance unica che celebrer\u00e0 lo Spirito Italiano<\/strong><\/p>\n<p>Milano, 2 gennaio 2026 \u2013 Icona della musica mondiale, Laura Pausini sar\u00e0 una dei superospiti della Cerimonia di Apertura dei Giochi Olimpici Invernali di Milano Cortina 2026 che si terr\u00e0 il 6 febbraio 2026 allo Stadio San Siro di Milano.<\/p>\n<p>Unica artista italiana riconosciuta e premiata a livello mondiale con un Grammy Award, 5 Latin Grammy Awards, un Golden Globe e una nomination agli Oscar\u00ae nel corso di una carriera di successo lunga pi\u00f9 di 30 anni, Laura Pausini ha saputo portare la musica italiana oltre i confini nazionali, diventando ambasciatrice di un linguaggio universale che unisce ed emoziona.<\/p>\n<p>Laura Pausini incarna in modo autentico il concetto di Armonia, elemento centrale della Cerimonia di Apertura dei Giochi Olimpici Invernali di Milano Cortina 2026. La sua musica, capace di attraversare generazioni, culture e lingue diverse, rappresenta un punto di incontro tra tradizione e contemporaneit\u00e0, tra radici italiane e respiro internazionale.<\/p>\n<p>Il suo coinvolgimento durante la Cerimonia di Apertura sar\u00e0 espressione autentica dell&#8217;italianit\u00e0 e della sua tradizione. Laura Pausini sar\u00e0 protagonista di un momento fortemente iconico e dal grande coinvolgimento emotivo offrendo al pubblico un&#8217;emozione collettiva spettacolare.<\/p>\n<p>Con la sua partecipazione, la Cerimonia di Apertura dei Giochi Olimpici Invernali di Milano Cortina 2026, realizzata da Balich Wonder Studio, si conferma un evento ancora pi\u00f9 imperdibile, destinato a rimanere nella storia.<\/p>\n<p>&nbsp;<\/p>","protected":false},"excerpt":{"rendered":"<p>Icona della musica globale, sar\u00e0 protagonista di un momento speciale allo Stadio San Siro, con una performance unica che celebrer\u00e0 lo Spirito Italiano Milano, 2 gennaio 2026 \u2013 Icona della musica mondiale, Laura Pausini sar\u00e0 una dei superospiti della Cerimonia di Apertura dei Giochi Olimpici Invernali di Milano Cortina 2026 che si terr\u00e0 il 6 [&hellip;]<\/p>\n","protected":false},"author":2,"featured_media":127993,"comment_status":"closed","ping_status":"open","sticky":false,"template":"","format":"standard","meta":{"footnotes":""},"categories":[5,26],"tags":[],"class_list":["post-166166","post","type-post","status-publish","format-standard","has-post-thumbnail","category-cronaca","category-prima-pagina"],"yoast_head":"<!-- This site is optimized with the Yoast SEO plugin v28.4 - https:\/\/yoast.com\/product\/yoast-seo-wordpress\/ -->\n<title>Laura Pausini testimonial all&#039;apertura dei Giochi Olimpici invernali Milano-Cortina 2026 - Bellunopress - Dolomiti<\/title>\n<meta name=\"robots\" content=\"index, follow, max-snippet:-1, max-image-preview:large, max-video-preview:-1\" \/>\n<link rel=\"canonical\" href=\"https:\/\/www.bellunopress.it\/fr\/2026\/01\/02\/laura-pausini-testimonial-allapertura-dei-giochi-olimpici-invernali-milano-cortina-2026\/\" \/>\n<meta property=\"og:locale\" content=\"fr_FR\" \/>\n<meta property=\"og:type\" content=\"article\" \/>\n<meta property=\"og:title\" content=\"Laura Pausini testimonial all&#039;apertura dei Giochi Olimpici invernali Milano-Cortina 2026 - Bellunopress - Dolomiti\" \/>\n<meta property=\"og:description\" content=\"Icona della musica globale, sar\u00e0 protagonista di un momento speciale allo Stadio San Siro, con una performance unica che celebrer\u00e0 lo Spirito Italiano Milano, 2 gennaio 2026 \u2013 Icona della musica mondiale, Laura Pausini sar\u00e0 una dei superospiti della Cerimonia di Apertura dei Giochi Olimpici Invernali di Milano Cortina 2026 che si terr\u00e0 il 6 [&hellip;]\" \/>\n<meta property=\"og:url\" content=\"https:\/\/www.bellunopress.it\/fr\/2026\/01\/02\/laura-pausini-testimonial-allapertura-dei-giochi-olimpici-invernali-milano-cortina-2026\/\" \/>\n<meta property=\"og:site_name\" content=\"Bellunopress - Dolomiti\" \/>\n<meta property=\"article:publisher\" content=\"https:\/\/www.facebook.com\/profile.php?id=100008943462799\" \/>\n<meta property=\"article:published_time\" content=\"2026-01-02T12:40:53+00:00\" \/>\n<meta property=\"og:image\" content=\"https:\/\/www.bellunopress.it\/wp-content\/uploads\/2021\/09\/Olimpiadi-invernali-2026-Milano-Cortina_edited.jpg\" \/>\n\t<meta property=\"og:image:width\" content=\"768\" \/>\n\t<meta property=\"og:image:height\" content=\"388\" \/>\n\t<meta property=\"og:image:type\" content=\"image\/jpeg\" \/>\n<meta name=\"author\" content=\"redazione\" \/>\n<meta name=\"twitter:card\" content=\"summary_large_image\" \/>\n<meta name=\"twitter:creator\" content=\"@bellunopress\" \/>\n<meta name=\"twitter:site\" content=\"@bellunopress\" \/>\n<meta name=\"twitter:label1\" content=\"\u00c9crit par\" \/>\n\t<meta name=\"twitter:data1\" content=\"redazione\" \/>\n\t<meta name=\"twitter:label2\" content=\"Dur\u00e9e de lecture estim\u00e9e\" \/>\n\t<meta name=\"twitter:data2\" content=\"1 minute\" \/>\n<script type=\"application\/ld+json\" class=\"yoast-schema-graph\">{\"@context\":\"https:\\\/\\\/schema.org\",\"@graph\":[{\"@type\":\"Article\",\"@id\":\"https:\\\/\\\/www.bellunopress.it\\\/2026\\\/01\\\/02\\\/laura-pausini-testimonial-allapertura-dei-giochi-olimpici-invernali-milano-cortina-2026\\\/#article\",\"isPartOf\":{\"@id\":\"https:\\\/\\\/www.bellunopress.it\\\/2026\\\/01\\\/02\\\/laura-pausini-testimonial-allapertura-dei-giochi-olimpici-invernali-milano-cortina-2026\\\/\"},\"author\":{\"name\":\"redazione\",\"@id\":\"https:\\\/\\\/www.bellunopress.it\\\/#\\\/schema\\\/person\\\/79bb06722b37ece1c03d3e94beb30d73\"},\"headline\":\"Laura Pausini testimonial all&#8217;apertura dei Giochi Olimpici invernali Milano-Cortina 2026\",\"datePublished\":\"2026-01-02T12:40:53+00:00\",\"mainEntityOfPage\":{\"@id\":\"https:\\\/\\\/www.bellunopress.it\\\/2026\\\/01\\\/02\\\/laura-pausini-testimonial-allapertura-dei-giochi-olimpici-invernali-milano-cortina-2026\\\/\"},\"wordCount\":244,\"publisher\":{\"@id\":\"https:\\\/\\\/www.bellunopress.it\\\/#organization\"},\"image\":{\"@id\":\"https:\\\/\\\/www.bellunopress.it\\\/2026\\\/01\\\/02\\\/laura-pausini-testimonial-allapertura-dei-giochi-olimpici-invernali-milano-cortina-2026\\\/#primaryimage\"},\"thumbnailUrl\":\"https:\\\/\\\/www.bellunopress.it\\\/wp-content\\\/uploads\\\/2021\\\/09\\\/Olimpiadi-invernali-2026-Milano-Cortina_edited.jpg\",\"articleSection\":[\"Cronaca\\\/Politica\",\"Prima Pagina\"],\"inLanguage\":\"fr-FR\"},{\"@type\":\"WebPage\",\"@id\":\"https:\\\/\\\/www.bellunopress.it\\\/2026\\\/01\\\/02\\\/laura-pausini-testimonial-allapertura-dei-giochi-olimpici-invernali-milano-cortina-2026\\\/\",\"url\":\"https:\\\/\\\/www.bellunopress.it\\\/2026\\\/01\\\/02\\\/laura-pausini-testimonial-allapertura-dei-giochi-olimpici-invernali-milano-cortina-2026\\\/\",\"name\":\"Laura Pausini testimonial all'apertura dei Giochi Olimpici invernali Milano-Cortina 2026 - Bellunopress - Dolomiti\",\"isPartOf\":{\"@id\":\"https:\\\/\\\/www.bellunopress.it\\\/#website\"},\"primaryImageOfPage\":{\"@id\":\"https:\\\/\\\/www.bellunopress.it\\\/2026\\\/01\\\/02\\\/laura-pausini-testimonial-allapertura-dei-giochi-olimpici-invernali-milano-cortina-2026\\\/#primaryimage\"},\"image\":{\"@id\":\"https:\\\/\\\/www.bellunopress.it\\\/2026\\\/01\\\/02\\\/laura-pausini-testimonial-allapertura-dei-giochi-olimpici-invernali-milano-cortina-2026\\\/#primaryimage\"},\"thumbnailUrl\":\"https:\\\/\\\/www.bellunopress.it\\\/wp-content\\\/uploads\\\/2021\\\/09\\\/Olimpiadi-invernali-2026-Milano-Cortina_edited.jpg\",\"datePublished\":\"2026-01-02T12:40:53+00:00\",\"breadcrumb\":{\"@id\":\"https:\\\/\\\/www.bellunopress.it\\\/2026\\\/01\\\/02\\\/laura-pausini-testimonial-allapertura-dei-giochi-olimpici-invernali-milano-cortina-2026\\\/#breadcrumb\"},\"inLanguage\":\"fr-FR\",\"potentialAction\":[{\"@type\":\"ReadAction\",\"target\":[\"https:\\\/\\\/www.bellunopress.it\\\/2026\\\/01\\\/02\\\/laura-pausini-testimonial-allapertura-dei-giochi-olimpici-invernali-milano-cortina-2026\\\/\"]}]},{\"@type\":\"ImageObject\",\"inLanguage\":\"fr-FR\",\"@id\":\"https:\\\/\\\/www.bellunopress.it\\\/2026\\\/01\\\/02\\\/laura-pausini-testimonial-allapertura-dei-giochi-olimpici-invernali-milano-cortina-2026\\\/#primaryimage\",\"url\":\"https:\\\/\\\/www.bellunopress.it\\\/wp-content\\\/uploads\\\/2021\\\/09\\\/Olimpiadi-invernali-2026-Milano-Cortina_edited.jpg\",\"contentUrl\":\"https:\\\/\\\/www.bellunopress.it\\\/wp-content\\\/uploads\\\/2021\\\/09\\\/Olimpiadi-invernali-2026-Milano-Cortina_edited.jpg\",\"width\":768,\"height\":388},{\"@type\":\"BreadcrumbList\",\"@id\":\"https:\\\/\\\/www.bellunopress.it\\\/2026\\\/01\\\/02\\\/laura-pausini-testimonial-allapertura-dei-giochi-olimpici-invernali-milano-cortina-2026\\\/#breadcrumb\",\"itemListElement\":[{\"@type\":\"ListItem\",\"position\":1,\"name\":\"Home\",\"item\":\"https:\\\/\\\/www.bellunopress.it\\\/\"},{\"@type\":\"ListItem\",\"position\":2,\"name\":\"Laura Pausini testimonial all&#8217;apertura dei Giochi Olimpici invernali Milano-Cortina 2026\"}]},{\"@type\":\"WebSite\",\"@id\":\"https:\\\/\\\/www.bellunopress.it\\\/#website\",\"url\":\"https:\\\/\\\/www.bellunopress.it\\\/\",\"name\":\"Bellunopress - Dolomiti\",\"description\":\"e-mail: redazione@bellunopress.it\",\"publisher\":{\"@id\":\"https:\\\/\\\/www.bellunopress.it\\\/#organization\"},\"potentialAction\":[{\"@type\":\"SearchAction\",\"target\":{\"@type\":\"EntryPoint\",\"urlTemplate\":\"https:\\\/\\\/www.bellunopress.it\\\/?s={search_term_string}\"},\"query-input\":{\"@type\":\"PropertyValueSpecification\",\"valueRequired\":true,\"valueName\":\"search_term_string\"}}],\"inLanguage\":\"fr-FR\"},{\"@type\":\"Organization\",\"@id\":\"https:\\\/\\\/www.bellunopress.it\\\/#organization\",\"name\":\"Bellunopress\",\"url\":\"https:\\\/\\\/www.bellunopress.it\\\/\",\"logo\":{\"@type\":\"ImageObject\",\"inLanguage\":\"fr-FR\",\"@id\":\"https:\\\/\\\/www.bellunopress.it\\\/#\\\/schema\\\/logo\\\/image\\\/\",\"url\":\"https:\\\/\\\/www.bellunopress.it\\\/wp-content\\\/uploads\\\/2011\\\/05\\\/cropped-logo-bellunopress-.jpg\",\"contentUrl\":\"https:\\\/\\\/www.bellunopress.it\\\/wp-content\\\/uploads\\\/2011\\\/05\\\/cropped-logo-bellunopress-.jpg\",\"width\":512,\"height\":512,\"caption\":\"Bellunopress\"},\"image\":{\"@id\":\"https:\\\/\\\/www.bellunopress.it\\\/#\\\/schema\\\/logo\\\/image\\\/\"},\"sameAs\":[\"https:\\\/\\\/www.facebook.com\\\/profile.php?id=100008943462799\",\"https:\\\/\\\/x.com\\\/bellunopress\",\"https:\\\/\\\/www.linkedin.com\\\/hp\\\/?dnr=JBzUWaJfMUw8vbXJJ2tVW5-I3jZKvC4wsoxE&amp;amp;amp;amp;amp;amp;trk=nav_responsive_tab_home\",\"https:\\\/\\\/www.youtube.com\\\/channel\\\/UCxL0wu1uN0_3_7hGG0306cw\"]},{\"@type\":\"Person\",\"@id\":\"https:\\\/\\\/www.bellunopress.it\\\/#\\\/schema\\\/person\\\/79bb06722b37ece1c03d3e94beb30d73\",\"name\":\"redazione\",\"image\":{\"@type\":\"ImageObject\",\"inLanguage\":\"fr-FR\",\"@id\":\"https:\\\/\\\/secure.gravatar.com\\\/avatar\\\/37d968a2e67a6fd04c169c4bdef102d0bc5d31b2546345219e348575eb80e9a0?s=96&d=mm&r=g\",\"url\":\"https:\\\/\\\/secure.gravatar.com\\\/avatar\\\/37d968a2e67a6fd04c169c4bdef102d0bc5d31b2546345219e348575eb80e9a0?s=96&d=mm&r=g\",\"contentUrl\":\"https:\\\/\\\/secure.gravatar.com\\\/avatar\\\/37d968a2e67a6fd04c169c4bdef102d0bc5d31b2546345219e348575eb80e9a0?s=96&d=mm&r=g\",\"caption\":\"redazione\"},\"sameAs\":[\"http:\\\/\\\/www.bellunopress.it\",\"https:\\\/\\\/x.com\\\/bellunopress\"],\"url\":\"https:\\\/\\\/www.bellunopress.it\\\/fr\\\/author\\\/redazione\\\/\"}]}<\/script>\n<!-- \/ Yoast SEO plugin. -->","yoast_head_json":{"title":"Laura Pausini testimonial all'apertura dei Giochi Olimpici invernali Milano-Cortina 2026 - Bellunopress - Dolomiti","robots":{"index":"index","follow":"follow","max-snippet":"max-snippet:-1","max-image-preview":"max-image-preview:large","max-video-preview":"max-video-preview:-1"},"canonical":"https:\/\/www.bellunopress.it\/fr\/2026\/01\/02\/laura-pausini-testimonial-allapertura-dei-giochi-olimpici-invernali-milano-cortina-2026\/","og_locale":"fr_FR","og_type":"article","og_title":"Laura Pausini testimonial all'apertura dei Giochi Olimpici invernali Milano-Cortina 2026 - Bellunopress - Dolomiti","og_description":"Icona della musica globale, sar\u00e0 protagonista di un momento speciale allo Stadio San Siro, con una performance unica che celebrer\u00e0 lo Spirito Italiano Milano, 2 gennaio 2026 \u2013 Icona della musica mondiale, Laura Pausini sar\u00e0 una dei superospiti della Cerimonia di Apertura dei Giochi Olimpici Invernali di Milano Cortina 2026 che si terr\u00e0 il 6 [&hellip;]","og_url":"https:\/\/www.bellunopress.it\/fr\/2026\/01\/02\/laura-pausini-testimonial-allapertura-dei-giochi-olimpici-invernali-milano-cortina-2026\/","og_site_name":"Bellunopress - Dolomiti","article_publisher":"https:\/\/www.facebook.com\/profile.php?id=100008943462799","article_published_time":"2026-01-02T12:40:53+00:00","og_image":[{"width":768,"height":388,"url":"https:\/\/www.bellunopress.it\/wp-content\/uploads\/2021\/09\/Olimpiadi-invernali-2026-Milano-Cortina_edited.jpg","type":"image\/jpeg"}],"author":"redazione","twitter_card":"summary_large_image","twitter_creator":"@bellunopress","twitter_site":"@bellunopress","twitter_misc":{"\u00c9crit par":"redazione","Dur\u00e9e de lecture estim\u00e9e":"1 minute"},"schema":{"@context":"https:\/\/schema.org","@graph":[{"@type":"Article","@id":"https:\/\/www.bellunopress.it\/2026\/01\/02\/laura-pausini-testimonial-allapertura-dei-giochi-olimpici-invernali-milano-cortina-2026\/#article","isPartOf":{"@id":"https:\/\/www.bellunopress.it\/2026\/01\/02\/laura-pausini-testimonial-allapertura-dei-giochi-olimpici-invernali-milano-cortina-2026\/"},"author":{"name":"redazione","@id":"https:\/\/www.bellunopress.it\/#\/schema\/person\/79bb06722b37ece1c03d3e94beb30d73"},"headline":"Laura Pausini testimonial all&#8217;apertura dei Giochi Olimpici invernali Milano-Cortina 2026","datePublished":"2026-01-02T12:40:53+00:00","mainEntityOfPage":{"@id":"https:\/\/www.bellunopress.it\/2026\/01\/02\/laura-pausini-testimonial-allapertura-dei-giochi-olimpici-invernali-milano-cortina-2026\/"},"wordCount":244,"publisher":{"@id":"https:\/\/www.bellunopress.it\/#organization"},"image":{"@id":"https:\/\/www.bellunopress.it\/2026\/01\/02\/laura-pausini-testimonial-allapertura-dei-giochi-olimpici-invernali-milano-cortina-2026\/#primaryimage"},"thumbnailUrl":"https:\/\/www.bellunopress.it\/wp-content\/uploads\/2021\/09\/Olimpiadi-invernali-2026-Milano-Cortina_edited.jpg","articleSection":["Cronaca\/Politica","Prima Pagina"],"inLanguage":"fr-FR"},{"@type":"WebPage","@id":"https:\/\/www.bellunopress.it\/2026\/01\/02\/laura-pausini-testimonial-allapertura-dei-giochi-olimpici-invernali-milano-cortina-2026\/","url":"https:\/\/www.bellunopress.it\/2026\/01\/02\/laura-pausini-testimonial-allapertura-dei-giochi-olimpici-invernali-milano-cortina-2026\/","name":"Laura Pausini testimonial all'apertura dei Giochi Olimpici invernali Milano-Cortina 2026 - Bellunopress - Dolomiti","isPartOf":{"@id":"https:\/\/www.bellunopress.it\/#website"},"primaryImageOfPage":{"@id":"https:\/\/www.bellunopress.it\/2026\/01\/02\/laura-pausini-testimonial-allapertura-dei-giochi-olimpici-invernali-milano-cortina-2026\/#primaryimage"},"image":{"@id":"https:\/\/www.bellunopress.it\/2026\/01\/02\/laura-pausini-testimonial-allapertura-dei-giochi-olimpici-invernali-milano-cortina-2026\/#primaryimage"},"thumbnailUrl":"https:\/\/www.bellunopress.it\/wp-content\/uploads\/2021\/09\/Olimpiadi-invernali-2026-Milano-Cortina_edited.jpg","datePublished":"2026-01-02T12:40:53+00:00","breadcrumb":{"@id":"https:\/\/www.bellunopress.it\/2026\/01\/02\/laura-pausini-testimonial-allapertura-dei-giochi-olimpici-invernali-milano-cortina-2026\/#breadcrumb"},"inLanguage":"fr-FR","potentialAction":[{"@type":"ReadAction","target":["https:\/\/www.bellunopress.it\/2026\/01\/02\/laura-pausini-testimonial-allapertura-dei-giochi-olimpici-invernali-milano-cortina-2026\/"]}]},{"@type":"ImageObject","inLanguage":"fr-FR","@id":"https:\/\/www.bellunopress.it\/2026\/01\/02\/laura-pausini-testimonial-allapertura-dei-giochi-olimpici-invernali-milano-cortina-2026\/#primaryimage","url":"https:\/\/www.bellunopress.it\/wp-content\/uploads\/2021\/09\/Olimpiadi-invernali-2026-Milano-Cortina_edited.jpg","contentUrl":"https:\/\/www.bellunopress.it\/wp-content\/uploads\/2021\/09\/Olimpiadi-invernali-2026-Milano-Cortina_edited.jpg","width":768,"height":388},{"@type":"BreadcrumbList","@id":"https:\/\/www.bellunopress.it\/2026\/01\/02\/laura-pausini-testimonial-allapertura-dei-giochi-olimpici-invernali-milano-cortina-2026\/#breadcrumb","itemListElement":[{"@type":"ListItem","position":1,"name":"Home","item":"https:\/\/www.bellunopress.it\/"},{"@type":"ListItem","position":2,"name":"Laura Pausini testimonial all&#8217;apertura dei Giochi Olimpici invernali Milano-Cortina 2026"}]},{"@type":"WebSite","@id":"https:\/\/www.bellunopress.it\/#website","url":"https:\/\/www.bellunopress.it\/","name":"Bellunopress - Dolomiti","description":"e-mail: redazione@bellunopress.it","publisher":{"@id":"https:\/\/www.bellunopress.it\/#organization"},"potentialAction":[{"@type":"SearchAction","target":{"@type":"EntryPoint","urlTemplate":"https:\/\/www.bellunopress.it\/?s={search_term_string}"},"query-input":{"@type":"PropertyValueSpecification","valueRequired":true,"valueName":"search_term_string"}}],"inLanguage":"fr-FR"},{"@type":"Organization","@id":"https:\/\/www.bellunopress.it\/#organization","name":"Bellunopress","url":"https:\/\/www.bellunopress.it\/","logo":{"@type":"ImageObject","inLanguage":"fr-FR","@id":"https:\/\/www.bellunopress.it\/#\/schema\/logo\/image\/","url":"https:\/\/www.bellunopress.it\/wp-content\/uploads\/2011\/05\/cropped-logo-bellunopress-.jpg","contentUrl":"https:\/\/www.bellunopress.it\/wp-content\/uploads\/2011\/05\/cropped-logo-bellunopress-.jpg","width":512,"height":512,"caption":"Bellunopress"},"image":{"@id":"https:\/\/www.bellunopress.it\/#\/schema\/logo\/image\/"},"sameAs":["https:\/\/www.facebook.com\/profile.php?id=100008943462799","https:\/\/x.com\/bellunopress","https:\/\/www.linkedin.com\/hp\/?dnr=JBzUWaJfMUw8vbXJJ2tVW5-I3jZKvC4wsoxE&amp;amp;amp;amp;amp;amp;trk=nav_responsive_tab_home","https:\/\/www.youtube.com\/channel\/UCxL0wu1uN0_3_7hGG0306cw"]},{"@type":"Person","@id":"https:\/\/www.bellunopress.it\/#\/schema\/person\/79bb06722b37ece1c03d3e94beb30d73","name":"r\u00e9daction","image":{"@type":"ImageObject","inLanguage":"fr-FR","@id":"https:\/\/secure.gravatar.com\/avatar\/37d968a2e67a6fd04c169c4bdef102d0bc5d31b2546345219e348575eb80e9a0?s=96&d=mm&r=g","url":"https:\/\/secure.gravatar.com\/avatar\/37d968a2e67a6fd04c169c4bdef102d0bc5d31b2546345219e348575eb80e9a0?s=96&d=mm&r=g","contentUrl":"https:\/\/secure.gravatar.com\/avatar\/37d968a2e67a6fd04c169c4bdef102d0bc5d31b2546345219e348575eb80e9a0?s=96&d=mm&r=g","caption":"redazione"},"sameAs":["http:\/\/www.bellunopress.it","https:\/\/x.com\/bellunopress"],"url":"https:\/\/www.bellunopress.it\/fr\/author\/redazione\/"}]}},"_links":{"self":[{"href":"https:\/\/www.bellunopress.it\/fr\/wp-json\/wp\/v2\/posts\/166166","targetHints":{"allow":["GET"]}}],"collection":[{"href":"https:\/\/www.bellunopress.it\/fr\/wp-json\/wp\/v2\/posts"}],"about":[{"href":"https:\/\/www.bellunopress.it\/fr\/wp-json\/wp\/v2\/types\/post"}],"author":[{"embeddable":true,"href":"https:\/\/www.bellunopress.it\/fr\/wp-json\/wp\/v2\/users\/2"}],"replies":[{"embeddable":true,"href":"https:\/\/www.bellunopress.it\/fr\/wp-json\/wp\/v2\/comments?post=166166"}],"version-history":[{"count":1,"href":"https:\/\/www.bellunopress.it\/fr\/wp-json\/wp\/v2\/posts\/166166\/revisions"}],"predecessor-version":[{"id":166167,"href":"https:\/\/www.bellunopress.it\/fr\/wp-json\/wp\/v2\/posts\/166166\/revisions\/166167"}],"wp:featuredmedia":[{"embeddable":true,"href":"https:\/\/www.bellunopress.it\/fr\/wp-json\/wp\/v2\/media\/127993"}],"wp:attachment":[{"href":"https:\/\/www.bellunopress.it\/fr\/wp-json\/wp\/v2\/media?parent=166166"}],"wp:term":[{"taxonomy":"category","embeddable":true,"href":"https:\/\/www.bellunopress.it\/fr\/wp-json\/wp\/v2\/categories?post=166166"},{"taxonomy":"post_tag","embeddable":true,"href":"https:\/\/www.bellunopress.it\/fr\/wp-json\/wp\/v2\/tags?post=166166"}],"curies":[{"name":"wp","href":"https:\/\/api.w.org\/{rel}","templated":true}]}}