{"id":166163,"date":"2026-01-02T11:04:49","date_gmt":"2026-01-02T10:04:49","guid":{"rendered":"https:\/\/www.bellunopress.it\/?p=166163"},"modified":"2026-01-02T11:04:49","modified_gmt":"2026-01-02T10:04:49","slug":"assegnati-5187-milioni-del-fondo-nazionale-trasporti-a-sostegno-del-trasporto-pubblico-locale-automobilistico-tramviario-di-navigazione-lagunare","status":"publish","type":"post","link":"https:\/\/www.bellunopress.it\/fr\/2026\/01\/02\/assegnati-5187-milioni-del-fondo-nazionale-trasporti-a-sostegno-del-trasporto-pubblico-locale-automobilistico-tramviario-di-navigazione-lagunare\/","title":{"rendered":"Assegnati 51,87 milioni del Fondo Nazionale Trasporti a sostegno del trasporto pubblico locale automobilistico, tramviario, di navigazione lagunare"},"content":{"rendered":"<figure id=\"attachment_166164\" aria-describedby=\"caption-attachment-166164\" style=\"width: 522px\" class=\"wp-caption aligncenter\"><img loading=\"lazy\" decoding=\"async\" class=\"size-full wp-image-166164\" src=\"https:\/\/www.bellunopress.it\/wp-content\/uploads\/2026\/01\/Diego-Ruzza-assessore-regionale.jpg\" alt=\"\" width=\"522\" height=\"591\" srcset=\"https:\/\/www.bellunopress.it\/wp-content\/uploads\/2026\/01\/Diego-Ruzza-assessore-regionale.jpg 522w, https:\/\/www.bellunopress.it\/wp-content\/uploads\/2026\/01\/Diego-Ruzza-assessore-regionale-442x500.jpg 442w, https:\/\/www.bellunopress.it\/wp-content\/uploads\/2026\/01\/Diego-Ruzza-assessore-regionale-371x420.jpg 371w\" sizes=\"auto, (max-width: 522px) 100vw, 522px\" \/><figcaption id=\"caption-attachment-166164\" class=\"wp-caption-text\">Diego Ruzza, assessore regionale ai Trasporti<\/figcaption><\/figure>\n<p class=\"v1MsoNormal\"><em>Venezia, 2 gennaio 2026\u00a0 &#8211;\u00a0<\/em>\u201cCon lo stanziamento di ulteriori 51,87 milioni di euro dal Fondo Nazionale Trasporti, la Regione del Veneto conferma il forte impegno nel garantire la qualit\u00e0 e continuit\u00e0 del servizio di trasporto pubblico locale automobilistico, tramviario e di navigazione lagunare. Queste risorse andranno ad integrare i fondi gi\u00e0 erogati nel corso dell&#8217;anno, portando l&#8217;investimento complessivo per il 2025 a 311,52 milioni di euro. Si tratta di un&#8217;importante dotazione di risorse a sostegno delle 29 aziende affidatarie dei servizi del tpl. Il nostro obiettivo resta tutelare il diritto alla mobilit\u00e0 dei cittadini veneti e rispondere con puntualit\u00e0 alle esigenze di collegamento del territorio\u201d.<\/p>\n<p>Lo ha detto l\u2019assessore regionale ai Trasporti e mobilit\u00e0, Diego Ruzza, con riferimento al provvedimento con il quale sono state ripartite ed impegnate le risorse del Fondo Nazionale per il trasporto pubblico locale trasferite al Veneto dal Ministero delle Infrastrutture e dei Trasporti a titolo di saldo per l\u2019esercizio 2025.<\/p>\n<p data-path-to-node=\"0\">Circa un anno fa, a dicembre del 2024, la Regione Veneto aveva definito il riparto delle risorse per il Trasporto Pubblico Locale (TPL) automobilistico, tramviario e di navigazione, operando in un contesto di transizione normativa per evitare tagli significativi dovuti ai nuovi criteri nazionali. Per l&#8217;esercizio 2024, la Regione Veneto ha gestito complessivamente circa <b data-path-to-node=\"3\" data-index-in-node=\"74\">430 milioni di euro<\/b> derivanti dal Fondo Nazionale Trasporti (FNT).<\/p>\n<ul data-path-to-node=\"4\">\n<li>\n<p data-path-to-node=\"4,0,0\"><b data-path-to-node=\"4,0,0\" data-index-in-node=\"0\">Settore automobilistico, tramviario e navigazione:<\/b> La quota di saldo e le anticipazioni regionali per questi settori ammontavano a circa <b data-path-to-node=\"4,0,0\" data-index-in-node=\"137\">43,27 milioni di euro<\/b> (solo come ultima tranche\/anticipazione di fine anno), parte di un pacchetto pi\u00f9 ampio di <b data-path-to-node=\"4,0,0\" data-index-in-node=\"249\">64,8 milioni<\/b> che includeva anche il ferroviario.<\/p>\n<\/li>\n<li>\n<p data-path-to-node=\"4,1,0\"><b data-path-to-node=\"4,1,0\" data-index-in-node=\"0\">Investimento Complessivo 2025:<\/b> Per l&#8217;anno appena iniziato (2025), la Regione ha gi\u00e0 confermato un investimento complessivo di <b data-path-to-node=\"4,1,0\" data-index-in-node=\"126\">311,52 milioni di euro<\/b> per sostenere le 29 aziende affidatarie dei servizi automobilistici, tramviari e lagunari.<\/p>\n<\/li>\n<\/ul>\n<h3 data-path-to-node=\"5\">Ripartizione per Provincia<\/h3>\n<h3 data-path-to-node=\"5\">Assessore Ruzza: &#8220;Si tratta di 51.877.217,49 euro cos\u00ec ripartiti per provincia.\u00a0 Un\u2019assegnazione capillare di risorse per garantire la migliore operativit\u00e0 possibile dei servizi sull\u2019intero territorio regionale per un sistema di mobilit\u00e0 sempre pi\u00f9 efficiente e connesso\u201d.<\/h3>\n<p data-path-to-node=\"6\">Proprio in questi giorni \u00e8 stato confermato il riparto del saldo 2025 (pari a <b data-path-to-node=\"6\" data-index-in-node=\"78\">51,87 milioni<\/b>) che riflette le proporzioni storiche assegnate l&#8217;anno precedente:<\/p>\n<table data-path-to-node=\"7\">\n<thead>\n<tr>\n<td><strong>Provincia<\/strong><\/td>\n<td><strong>Risorse Assegnate (Saldo)<\/strong><\/td>\n<\/tr>\n<\/thead>\n<tbody>\n<tr>\n<td><span data-path-to-node=\"7,1,0,0\"><b data-path-to-node=\"7,1,0,0\" data-index-in-node=\"0\">Venezia<\/b><\/span><\/td>\n<td><span data-path-to-node=\"7,1,1,0\">\u20ac 21.090.693,60<\/span><\/td>\n<\/tr>\n<tr>\n<td><span data-path-to-node=\"7,2,0,0\"><b data-path-to-node=\"7,2,0,0\" data-index-in-node=\"0\">Padova<\/b><\/span><\/td>\n<td><span data-path-to-node=\"7,2,1,0\">\u20ac 7.849.432,03<\/span><\/td>\n<\/tr>\n<tr>\n<td><span data-path-to-node=\"7,3,0,0\"><b data-path-to-node=\"7,3,0,0\" data-index-in-node=\"0\">Verona<\/b><\/span><\/td>\n<td><span data-path-to-node=\"7,3,1,0\">\u20ac 7.245.063,93<\/span><\/td>\n<\/tr>\n<tr>\n<td><span data-path-to-node=\"7,4,0,0\"><b data-path-to-node=\"7,4,0,0\" data-index-in-node=\"0\">Treviso<\/b><\/span><\/td>\n<td><span data-path-to-node=\"7,4,1,0\">\u20ac 5.517.752,60<\/span><\/td>\n<\/tr>\n<tr>\n<td><span data-path-to-node=\"7,5,0,0\"><b data-path-to-node=\"7,5,0,0\" data-index-in-node=\"0\">Vicenza<\/b><\/span><\/td>\n<td><span data-path-to-node=\"7,5,1,0\">\u20ac 5.397.730,41<\/span><\/td>\n<\/tr>\n<tr>\n<td><span data-path-to-node=\"7,6,0,0\"><b data-path-to-node=\"7,6,0,0\" data-index-in-node=\"0\">Belluno<\/b><\/span><\/td>\n<td><span data-path-to-node=\"7,6,1,0\">\u20ac 2.612.626,97<\/span><\/td>\n<\/tr>\n<tr>\n<td><span data-path-to-node=\"7,7,0,0\"><b data-path-to-node=\"7,7,0,0\" data-index-in-node=\"0\">Rovigo<\/b><\/span><\/td>\n<td><span data-path-to-node=\"7,7,1,0\">\u20ac 2.163.917,95<\/span><\/td>\n<\/tr>\n<\/tbody>\n<\/table>\n<h3 data-path-to-node=\"8\">La clausola di salvaguardia<\/h3>\n<p data-path-to-node=\"9\">A fine 2024, un emendamento fondamentale in Parlamento ha evitato al Veneto un <b data-path-to-node=\"9\" data-index-in-node=\"79\">taglio di 31 milioni di euro<\/b> che sarebbe derivato dall&#8217;applicazione rigida dei nuovi criteri basati sui &#8220;costi standard&#8221;. Questo ha permesso alla Regione di mantenere i finanziamenti stabili rispetto ai livelli del 2023, garantendo la continuit\u00e0 dei servizi.<\/p>\n<blockquote data-path-to-node=\"10\">\n<h6 style=\"text-align: left;\" data-path-to-node=\"10,0\">Oltre ai fondi per l&#8217;esercizio, la Regione ha stanziato circa <b data-path-to-node=\"10,0\" data-index-in-node=\"68\">6,6 milioni di euro<\/b> per il &#8220;Bonus Trasporti Veneto&#8221;, destinato ad aiutare i cittadini nell&#8217;acquisto di abbonamenti annuali.<\/h6>\n<\/blockquote>","protected":false},"excerpt":{"rendered":"<p>Venezia, 2 gennaio 2026\u00a0 &#8211;\u00a0\u201cCon lo stanziamento di ulteriori 51,87 milioni di euro dal Fondo Nazionale Trasporti, la Regione del Veneto conferma il forte impegno nel garantire la qualit\u00e0 e continuit\u00e0 del servizio di trasporto pubblico locale automobilistico, tramviario e di navigazione lagunare. Queste risorse andranno ad integrare i fondi gi\u00e0 erogati nel corso dell&#8217;anno, [&hellip;]<\/p>\n","protected":false},"author":2,"featured_media":166164,"comment_status":"closed","ping_status":"open","sticky":false,"template":"","format":"standard","meta":{"footnotes":""},"categories":[5],"tags":[],"class_list":["post-166163","post","type-post","status-publish","format-standard","has-post-thumbnail","category-cronaca"],"yoast_head":"<!-- This site is optimized with the Yoast SEO plugin v28.4 - https:\/\/yoast.com\/product\/yoast-seo-wordpress\/ -->\n<title>Assegnati 51,87 milioni del Fondo Nazionale Trasporti a sostegno del trasporto pubblico locale automobilistico, tramviario, di navigazione lagunare - Bellunopress - Dolomiti<\/title>\n<meta name=\"robots\" content=\"index, follow, max-snippet:-1, max-image-preview:large, max-video-preview:-1\" \/>\n<link rel=\"canonical\" href=\"https:\/\/www.bellunopress.it\/fr\/2026\/01\/02\/assegnati-5187-milioni-del-fondo-nazionale-trasporti-a-sostegno-del-trasporto-pubblico-locale-automobilistico-tramviario-di-navigazione-lagunare\/\" \/>\n<meta property=\"og:locale\" content=\"fr_FR\" \/>\n<meta property=\"og:type\" content=\"article\" \/>\n<meta property=\"og:title\" content=\"Assegnati 51,87 milioni del Fondo Nazionale Trasporti a sostegno del trasporto pubblico locale automobilistico, tramviario, di navigazione lagunare - Bellunopress - Dolomiti\" \/>\n<meta property=\"og:description\" content=\"Venezia, 2 gennaio 2026\u00a0 &#8211;\u00a0\u201cCon lo stanziamento di ulteriori 51,87 milioni di euro dal Fondo Nazionale Trasporti, la Regione del Veneto conferma il forte impegno nel garantire la qualit\u00e0 e continuit\u00e0 del servizio di trasporto pubblico locale automobilistico, tramviario e di navigazione lagunare. Queste risorse andranno ad integrare i fondi gi\u00e0 erogati nel corso dell&#8217;anno, [&hellip;]\" \/>\n<meta property=\"og:url\" content=\"https:\/\/www.bellunopress.it\/fr\/2026\/01\/02\/assegnati-5187-milioni-del-fondo-nazionale-trasporti-a-sostegno-del-trasporto-pubblico-locale-automobilistico-tramviario-di-navigazione-lagunare\/\" \/>\n<meta property=\"og:site_name\" content=\"Bellunopress - Dolomiti\" \/>\n<meta property=\"article:publisher\" content=\"https:\/\/www.facebook.com\/profile.php?id=100008943462799\" \/>\n<meta property=\"article:published_time\" content=\"2026-01-02T10:04:49+00:00\" \/>\n<meta property=\"og:image\" content=\"https:\/\/www.bellunopress.it\/wp-content\/uploads\/2026\/01\/Diego-Ruzza-assessore-regionale.jpg\" \/>\n\t<meta property=\"og:image:width\" content=\"522\" \/>\n\t<meta property=\"og:image:height\" content=\"591\" \/>\n\t<meta property=\"og:image:type\" content=\"image\/jpeg\" \/>\n<meta name=\"author\" content=\"redazione\" \/>\n<meta name=\"twitter:card\" content=\"summary_large_image\" \/>\n<meta name=\"twitter:creator\" content=\"@bellunopress\" \/>\n<meta name=\"twitter:site\" content=\"@bellunopress\" \/>\n<meta name=\"twitter:label1\" content=\"\u00c9crit par\" \/>\n\t<meta name=\"twitter:data1\" content=\"redazione\" \/>\n\t<meta name=\"twitter:label2\" content=\"Dur\u00e9e de lecture estim\u00e9e\" \/>\n\t<meta name=\"twitter:data2\" content=\"2 minutes\" \/>\n<script type=\"application\/ld+json\" class=\"yoast-schema-graph\">{\"@context\":\"https:\\\/\\\/schema.org\",\"@graph\":[{\"@type\":\"Article\",\"@id\":\"https:\\\/\\\/www.bellunopress.it\\\/2026\\\/01\\\/02\\\/assegnati-5187-milioni-del-fondo-nazionale-trasporti-a-sostegno-del-trasporto-pubblico-locale-automobilistico-tramviario-di-navigazione-lagunare\\\/#article\",\"isPartOf\":{\"@id\":\"https:\\\/\\\/www.bellunopress.it\\\/2026\\\/01\\\/02\\\/assegnati-5187-milioni-del-fondo-nazionale-trasporti-a-sostegno-del-trasporto-pubblico-locale-automobilistico-tramviario-di-navigazione-lagunare\\\/\"},\"author\":{\"name\":\"redazione\",\"@id\":\"https:\\\/\\\/www.bellunopress.it\\\/#\\\/schema\\\/person\\\/79bb06722b37ece1c03d3e94beb30d73\"},\"headline\":\"Assegnati 51,87 milioni del Fondo Nazionale Trasporti a sostegno del trasporto pubblico locale automobilistico, tramviario, di navigazione lagunare\",\"datePublished\":\"2026-01-02T10:04:49+00:00\",\"mainEntityOfPage\":{\"@id\":\"https:\\\/\\\/www.bellunopress.it\\\/2026\\\/01\\\/02\\\/assegnati-5187-milioni-del-fondo-nazionale-trasporti-a-sostegno-del-trasporto-pubblico-locale-automobilistico-tramviario-di-navigazione-lagunare\\\/\"},\"wordCount\":474,\"publisher\":{\"@id\":\"https:\\\/\\\/www.bellunopress.it\\\/#organization\"},\"image\":{\"@id\":\"https:\\\/\\\/www.bellunopress.it\\\/2026\\\/01\\\/02\\\/assegnati-5187-milioni-del-fondo-nazionale-trasporti-a-sostegno-del-trasporto-pubblico-locale-automobilistico-tramviario-di-navigazione-lagunare\\\/#primaryimage\"},\"thumbnailUrl\":\"https:\\\/\\\/www.bellunopress.it\\\/wp-content\\\/uploads\\\/2026\\\/01\\\/Diego-Ruzza-assessore-regionale.jpg\",\"articleSection\":[\"Cronaca\\\/Politica\"],\"inLanguage\":\"fr-FR\"},{\"@type\":\"WebPage\",\"@id\":\"https:\\\/\\\/www.bellunopress.it\\\/2026\\\/01\\\/02\\\/assegnati-5187-milioni-del-fondo-nazionale-trasporti-a-sostegno-del-trasporto-pubblico-locale-automobilistico-tramviario-di-navigazione-lagunare\\\/\",\"url\":\"https:\\\/\\\/www.bellunopress.it\\\/2026\\\/01\\\/02\\\/assegnati-5187-milioni-del-fondo-nazionale-trasporti-a-sostegno-del-trasporto-pubblico-locale-automobilistico-tramviario-di-navigazione-lagunare\\\/\",\"name\":\"Assegnati 51,87 milioni del Fondo Nazionale Trasporti a sostegno del trasporto pubblico locale automobilistico, tramviario, di navigazione lagunare - Bellunopress - Dolomiti\",\"isPartOf\":{\"@id\":\"https:\\\/\\\/www.bellunopress.it\\\/#website\"},\"primaryImageOfPage\":{\"@id\":\"https:\\\/\\\/www.bellunopress.it\\\/2026\\\/01\\\/02\\\/assegnati-5187-milioni-del-fondo-nazionale-trasporti-a-sostegno-del-trasporto-pubblico-locale-automobilistico-tramviario-di-navigazione-lagunare\\\/#primaryimage\"},\"image\":{\"@id\":\"https:\\\/\\\/www.bellunopress.it\\\/2026\\\/01\\\/02\\\/assegnati-5187-milioni-del-fondo-nazionale-trasporti-a-sostegno-del-trasporto-pubblico-locale-automobilistico-tramviario-di-navigazione-lagunare\\\/#primaryimage\"},\"thumbnailUrl\":\"https:\\\/\\\/www.bellunopress.it\\\/wp-content\\\/uploads\\\/2026\\\/01\\\/Diego-Ruzza-assessore-regionale.jpg\",\"datePublished\":\"2026-01-02T10:04:49+00:00\",\"breadcrumb\":{\"@id\":\"https:\\\/\\\/www.bellunopress.it\\\/2026\\\/01\\\/02\\\/assegnati-5187-milioni-del-fondo-nazionale-trasporti-a-sostegno-del-trasporto-pubblico-locale-automobilistico-tramviario-di-navigazione-lagunare\\\/#breadcrumb\"},\"inLanguage\":\"fr-FR\",\"potentialAction\":[{\"@type\":\"ReadAction\",\"target\":[\"https:\\\/\\\/www.bellunopress.it\\\/2026\\\/01\\\/02\\\/assegnati-5187-milioni-del-fondo-nazionale-trasporti-a-sostegno-del-trasporto-pubblico-locale-automobilistico-tramviario-di-navigazione-lagunare\\\/\"]}]},{\"@type\":\"ImageObject\",\"inLanguage\":\"fr-FR\",\"@id\":\"https:\\\/\\\/www.bellunopress.it\\\/2026\\\/01\\\/02\\\/assegnati-5187-milioni-del-fondo-nazionale-trasporti-a-sostegno-del-trasporto-pubblico-locale-automobilistico-tramviario-di-navigazione-lagunare\\\/#primaryimage\",\"url\":\"https:\\\/\\\/www.bellunopress.it\\\/wp-content\\\/uploads\\\/2026\\\/01\\\/Diego-Ruzza-assessore-regionale.jpg\",\"contentUrl\":\"https:\\\/\\\/www.bellunopress.it\\\/wp-content\\\/uploads\\\/2026\\\/01\\\/Diego-Ruzza-assessore-regionale.jpg\",\"width\":522,\"height\":591,\"caption\":\"Diego Ruzza, assessore regionale ai Trasporti\"},{\"@type\":\"BreadcrumbList\",\"@id\":\"https:\\\/\\\/www.bellunopress.it\\\/2026\\\/01\\\/02\\\/assegnati-5187-milioni-del-fondo-nazionale-trasporti-a-sostegno-del-trasporto-pubblico-locale-automobilistico-tramviario-di-navigazione-lagunare\\\/#breadcrumb\",\"itemListElement\":[{\"@type\":\"ListItem\",\"position\":1,\"name\":\"Home\",\"item\":\"https:\\\/\\\/www.bellunopress.it\\\/\"},{\"@type\":\"ListItem\",\"position\":2,\"name\":\"Assegnati 51,87 milioni del Fondo Nazionale Trasporti a sostegno del trasporto pubblico locale automobilistico, tramviario, di navigazione lagunare\"}]},{\"@type\":\"WebSite\",\"@id\":\"https:\\\/\\\/www.bellunopress.it\\\/#website\",\"url\":\"https:\\\/\\\/www.bellunopress.it\\\/\",\"name\":\"Bellunopress - Dolomiti\",\"description\":\"e-mail: redazione@bellunopress.it\",\"publisher\":{\"@id\":\"https:\\\/\\\/www.bellunopress.it\\\/#organization\"},\"potentialAction\":[{\"@type\":\"SearchAction\",\"target\":{\"@type\":\"EntryPoint\",\"urlTemplate\":\"https:\\\/\\\/www.bellunopress.it\\\/?s={search_term_string}\"},\"query-input\":{\"@type\":\"PropertyValueSpecification\",\"valueRequired\":true,\"valueName\":\"search_term_string\"}}],\"inLanguage\":\"fr-FR\"},{\"@type\":\"Organization\",\"@id\":\"https:\\\/\\\/www.bellunopress.it\\\/#organization\",\"name\":\"Bellunopress\",\"url\":\"https:\\\/\\\/www.bellunopress.it\\\/\",\"logo\":{\"@type\":\"ImageObject\",\"inLanguage\":\"fr-FR\",\"@id\":\"https:\\\/\\\/www.bellunopress.it\\\/#\\\/schema\\\/logo\\\/image\\\/\",\"url\":\"https:\\\/\\\/www.bellunopress.it\\\/wp-content\\\/uploads\\\/2011\\\/05\\\/cropped-logo-bellunopress-.jpg\",\"contentUrl\":\"https:\\\/\\\/www.bellunopress.it\\\/wp-content\\\/uploads\\\/2011\\\/05\\\/cropped-logo-bellunopress-.jpg\",\"width\":512,\"height\":512,\"caption\":\"Bellunopress\"},\"image\":{\"@id\":\"https:\\\/\\\/www.bellunopress.it\\\/#\\\/schema\\\/logo\\\/image\\\/\"},\"sameAs\":[\"https:\\\/\\\/www.facebook.com\\\/profile.php?id=100008943462799\",\"https:\\\/\\\/x.com\\\/bellunopress\",\"https:\\\/\\\/www.linkedin.com\\\/hp\\\/?dnr=JBzUWaJfMUw8vbXJJ2tVW5-I3jZKvC4wsoxE&amp;amp;amp;amp;amp;amp;trk=nav_responsive_tab_home\",\"https:\\\/\\\/www.youtube.com\\\/channel\\\/UCxL0wu1uN0_3_7hGG0306cw\"]},{\"@type\":\"Person\",\"@id\":\"https:\\\/\\\/www.bellunopress.it\\\/#\\\/schema\\\/person\\\/79bb06722b37ece1c03d3e94beb30d73\",\"name\":\"redazione\",\"image\":{\"@type\":\"ImageObject\",\"inLanguage\":\"fr-FR\",\"@id\":\"https:\\\/\\\/secure.gravatar.com\\\/avatar\\\/37d968a2e67a6fd04c169c4bdef102d0bc5d31b2546345219e348575eb80e9a0?s=96&d=mm&r=g\",\"url\":\"https:\\\/\\\/secure.gravatar.com\\\/avatar\\\/37d968a2e67a6fd04c169c4bdef102d0bc5d31b2546345219e348575eb80e9a0?s=96&d=mm&r=g\",\"contentUrl\":\"https:\\\/\\\/secure.gravatar.com\\\/avatar\\\/37d968a2e67a6fd04c169c4bdef102d0bc5d31b2546345219e348575eb80e9a0?s=96&d=mm&r=g\",\"caption\":\"redazione\"},\"sameAs\":[\"http:\\\/\\\/www.bellunopress.it\",\"https:\\\/\\\/x.com\\\/bellunopress\"],\"url\":\"https:\\\/\\\/www.bellunopress.it\\\/fr\\\/author\\\/redazione\\\/\"}]}<\/script>\n<!-- \/ Yoast SEO plugin. -->","yoast_head_json":{"title":"Assegnati 51,87 milioni del Fondo Nazionale Trasporti a sostegno del trasporto pubblico locale automobilistico, tramviario, di navigazione lagunare - Bellunopress - Dolomiti","robots":{"index":"index","follow":"follow","max-snippet":"max-snippet:-1","max-image-preview":"max-image-preview:large","max-video-preview":"max-video-preview:-1"},"canonical":"https:\/\/www.bellunopress.it\/fr\/2026\/01\/02\/assegnati-5187-milioni-del-fondo-nazionale-trasporti-a-sostegno-del-trasporto-pubblico-locale-automobilistico-tramviario-di-navigazione-lagunare\/","og_locale":"fr_FR","og_type":"article","og_title":"Assegnati 51,87 milioni del Fondo Nazionale Trasporti a sostegno del trasporto pubblico locale automobilistico, tramviario, di navigazione lagunare - Bellunopress - Dolomiti","og_description":"Venezia, 2 gennaio 2026\u00a0 &#8211;\u00a0\u201cCon lo stanziamento di ulteriori 51,87 milioni di euro dal Fondo Nazionale Trasporti, la Regione del Veneto conferma il forte impegno nel garantire la qualit\u00e0 e continuit\u00e0 del servizio di trasporto pubblico locale automobilistico, tramviario e di navigazione lagunare. Queste risorse andranno ad integrare i fondi gi\u00e0 erogati nel corso dell&#8217;anno, [&hellip;]","og_url":"https:\/\/www.bellunopress.it\/fr\/2026\/01\/02\/assegnati-5187-milioni-del-fondo-nazionale-trasporti-a-sostegno-del-trasporto-pubblico-locale-automobilistico-tramviario-di-navigazione-lagunare\/","og_site_name":"Bellunopress - Dolomiti","article_publisher":"https:\/\/www.facebook.com\/profile.php?id=100008943462799","article_published_time":"2026-01-02T10:04:49+00:00","og_image":[{"width":522,"height":591,"url":"https:\/\/www.bellunopress.it\/wp-content\/uploads\/2026\/01\/Diego-Ruzza-assessore-regionale.jpg","type":"image\/jpeg"}],"author":"redazione","twitter_card":"summary_large_image","twitter_creator":"@bellunopress","twitter_site":"@bellunopress","twitter_misc":{"\u00c9crit par":"redazione","Dur\u00e9e de lecture estim\u00e9e":"2 minutes"},"schema":{"@context":"https:\/\/schema.org","@graph":[{"@type":"Article","@id":"https:\/\/www.bellunopress.it\/2026\/01\/02\/assegnati-5187-milioni-del-fondo-nazionale-trasporti-a-sostegno-del-trasporto-pubblico-locale-automobilistico-tramviario-di-navigazione-lagunare\/#article","isPartOf":{"@id":"https:\/\/www.bellunopress.it\/2026\/01\/02\/assegnati-5187-milioni-del-fondo-nazionale-trasporti-a-sostegno-del-trasporto-pubblico-locale-automobilistico-tramviario-di-navigazione-lagunare\/"},"author":{"name":"redazione","@id":"https:\/\/www.bellunopress.it\/#\/schema\/person\/79bb06722b37ece1c03d3e94beb30d73"},"headline":"Assegnati 51,87 milioni del Fondo Nazionale Trasporti a sostegno del trasporto pubblico locale automobilistico, tramviario, di navigazione lagunare","datePublished":"2026-01-02T10:04:49+00:00","mainEntityOfPage":{"@id":"https:\/\/www.bellunopress.it\/2026\/01\/02\/assegnati-5187-milioni-del-fondo-nazionale-trasporti-a-sostegno-del-trasporto-pubblico-locale-automobilistico-tramviario-di-navigazione-lagunare\/"},"wordCount":474,"publisher":{"@id":"https:\/\/www.bellunopress.it\/#organization"},"image":{"@id":"https:\/\/www.bellunopress.it\/2026\/01\/02\/assegnati-5187-milioni-del-fondo-nazionale-trasporti-a-sostegno-del-trasporto-pubblico-locale-automobilistico-tramviario-di-navigazione-lagunare\/#primaryimage"},"thumbnailUrl":"https:\/\/www.bellunopress.it\/wp-content\/uploads\/2026\/01\/Diego-Ruzza-assessore-regionale.jpg","articleSection":["Cronaca\/Politica"],"inLanguage":"fr-FR"},{"@type":"WebPage","@id":"https:\/\/www.bellunopress.it\/2026\/01\/02\/assegnati-5187-milioni-del-fondo-nazionale-trasporti-a-sostegno-del-trasporto-pubblico-locale-automobilistico-tramviario-di-navigazione-lagunare\/","url":"https:\/\/www.bellunopress.it\/2026\/01\/02\/assegnati-5187-milioni-del-fondo-nazionale-trasporti-a-sostegno-del-trasporto-pubblico-locale-automobilistico-tramviario-di-navigazione-lagunare\/","name":"Assegnati 51,87 milioni del Fondo Nazionale Trasporti a sostegno del trasporto pubblico locale automobilistico, tramviario, di navigazione lagunare - Bellunopress - Dolomiti","isPartOf":{"@id":"https:\/\/www.bellunopress.it\/#website"},"primaryImageOfPage":{"@id":"https:\/\/www.bellunopress.it\/2026\/01\/02\/assegnati-5187-milioni-del-fondo-nazionale-trasporti-a-sostegno-del-trasporto-pubblico-locale-automobilistico-tramviario-di-navigazione-lagunare\/#primaryimage"},"image":{"@id":"https:\/\/www.bellunopress.it\/2026\/01\/02\/assegnati-5187-milioni-del-fondo-nazionale-trasporti-a-sostegno-del-trasporto-pubblico-locale-automobilistico-tramviario-di-navigazione-lagunare\/#primaryimage"},"thumbnailUrl":"https:\/\/www.bellunopress.it\/wp-content\/uploads\/2026\/01\/Diego-Ruzza-assessore-regionale.jpg","datePublished":"2026-01-02T10:04:49+00:00","breadcrumb":{"@id":"https:\/\/www.bellunopress.it\/2026\/01\/02\/assegnati-5187-milioni-del-fondo-nazionale-trasporti-a-sostegno-del-trasporto-pubblico-locale-automobilistico-tramviario-di-navigazione-lagunare\/#breadcrumb"},"inLanguage":"fr-FR","potentialAction":[{"@type":"ReadAction","target":["https:\/\/www.bellunopress.it\/2026\/01\/02\/assegnati-5187-milioni-del-fondo-nazionale-trasporti-a-sostegno-del-trasporto-pubblico-locale-automobilistico-tramviario-di-navigazione-lagunare\/"]}]},{"@type":"ImageObject","inLanguage":"fr-FR","@id":"https:\/\/www.bellunopress.it\/2026\/01\/02\/assegnati-5187-milioni-del-fondo-nazionale-trasporti-a-sostegno-del-trasporto-pubblico-locale-automobilistico-tramviario-di-navigazione-lagunare\/#primaryimage","url":"https:\/\/www.bellunopress.it\/wp-content\/uploads\/2026\/01\/Diego-Ruzza-assessore-regionale.jpg","contentUrl":"https:\/\/www.bellunopress.it\/wp-content\/uploads\/2026\/01\/Diego-Ruzza-assessore-regionale.jpg","width":522,"height":591,"caption":"Diego Ruzza, assessore regionale ai Trasporti"},{"@type":"BreadcrumbList","@id":"https:\/\/www.bellunopress.it\/2026\/01\/02\/assegnati-5187-milioni-del-fondo-nazionale-trasporti-a-sostegno-del-trasporto-pubblico-locale-automobilistico-tramviario-di-navigazione-lagunare\/#breadcrumb","itemListElement":[{"@type":"ListItem","position":1,"name":"Home","item":"https:\/\/www.bellunopress.it\/"},{"@type":"ListItem","position":2,"name":"Assegnati 51,87 milioni del Fondo Nazionale Trasporti a sostegno del trasporto pubblico locale automobilistico, tramviario, di navigazione lagunare"}]},{"@type":"WebSite","@id":"https:\/\/www.bellunopress.it\/#website","url":"https:\/\/www.bellunopress.it\/","name":"Bellunopress - Dolomiti","description":"e-mail: redazione@bellunopress.it","publisher":{"@id":"https:\/\/www.bellunopress.it\/#organization"},"potentialAction":[{"@type":"SearchAction","target":{"@type":"EntryPoint","urlTemplate":"https:\/\/www.bellunopress.it\/?s={search_term_string}"},"query-input":{"@type":"PropertyValueSpecification","valueRequired":true,"valueName":"search_term_string"}}],"inLanguage":"fr-FR"},{"@type":"Organization","@id":"https:\/\/www.bellunopress.it\/#organization","name":"Bellunopress","url":"https:\/\/www.bellunopress.it\/","logo":{"@type":"ImageObject","inLanguage":"fr-FR","@id":"https:\/\/www.bellunopress.it\/#\/schema\/logo\/image\/","url":"https:\/\/www.bellunopress.it\/wp-content\/uploads\/2011\/05\/cropped-logo-bellunopress-.jpg","contentUrl":"https:\/\/www.bellunopress.it\/wp-content\/uploads\/2011\/05\/cropped-logo-bellunopress-.jpg","width":512,"height":512,"caption":"Bellunopress"},"image":{"@id":"https:\/\/www.bellunopress.it\/#\/schema\/logo\/image\/"},"sameAs":["https:\/\/www.facebook.com\/profile.php?id=100008943462799","https:\/\/x.com\/bellunopress","https:\/\/www.linkedin.com\/hp\/?dnr=JBzUWaJfMUw8vbXJJ2tVW5-I3jZKvC4wsoxE&amp;amp;amp;amp;amp;amp;trk=nav_responsive_tab_home","https:\/\/www.youtube.com\/channel\/UCxL0wu1uN0_3_7hGG0306cw"]},{"@type":"Person","@id":"https:\/\/www.bellunopress.it\/#\/schema\/person\/79bb06722b37ece1c03d3e94beb30d73","name":"r\u00e9daction","image":{"@type":"ImageObject","inLanguage":"fr-FR","@id":"https:\/\/secure.gravatar.com\/avatar\/37d968a2e67a6fd04c169c4bdef102d0bc5d31b2546345219e348575eb80e9a0?s=96&d=mm&r=g","url":"https:\/\/secure.gravatar.com\/avatar\/37d968a2e67a6fd04c169c4bdef102d0bc5d31b2546345219e348575eb80e9a0?s=96&d=mm&r=g","contentUrl":"https:\/\/secure.gravatar.com\/avatar\/37d968a2e67a6fd04c169c4bdef102d0bc5d31b2546345219e348575eb80e9a0?s=96&d=mm&r=g","caption":"redazione"},"sameAs":["http:\/\/www.bellunopress.it","https:\/\/x.com\/bellunopress"],"url":"https:\/\/www.bellunopress.it\/fr\/author\/redazione\/"}]}},"_links":{"self":[{"href":"https:\/\/www.bellunopress.it\/fr\/wp-json\/wp\/v2\/posts\/166163","targetHints":{"allow":["GET"]}}],"collection":[{"href":"https:\/\/www.bellunopress.it\/fr\/wp-json\/wp\/v2\/posts"}],"about":[{"href":"https:\/\/www.bellunopress.it\/fr\/wp-json\/wp\/v2\/types\/post"}],"author":[{"embeddable":true,"href":"https:\/\/www.bellunopress.it\/fr\/wp-json\/wp\/v2\/users\/2"}],"replies":[{"embeddable":true,"href":"https:\/\/www.bellunopress.it\/fr\/wp-json\/wp\/v2\/comments?post=166163"}],"version-history":[{"count":1,"href":"https:\/\/www.bellunopress.it\/fr\/wp-json\/wp\/v2\/posts\/166163\/revisions"}],"predecessor-version":[{"id":166165,"href":"https:\/\/www.bellunopress.it\/fr\/wp-json\/wp\/v2\/posts\/166163\/revisions\/166165"}],"wp:featuredmedia":[{"embeddable":true,"href":"https:\/\/www.bellunopress.it\/fr\/wp-json\/wp\/v2\/media\/166164"}],"wp:attachment":[{"href":"https:\/\/www.bellunopress.it\/fr\/wp-json\/wp\/v2\/media?parent=166163"}],"wp:term":[{"taxonomy":"category","embeddable":true,"href":"https:\/\/www.bellunopress.it\/fr\/wp-json\/wp\/v2\/categories?post=166163"},{"taxonomy":"post_tag","embeddable":true,"href":"https:\/\/www.bellunopress.it\/fr\/wp-json\/wp\/v2\/tags?post=166163"}],"curies":[{"name":"wp","href":"https:\/\/api.w.org\/{rel}","templated":true}]}}