{"id":166151,"date":"2026-01-02T09:30:33","date_gmt":"2026-01-02T08:30:33","guid":{"rendered":"https:\/\/www.bellunopress.it\/?p=166151"},"modified":"2026-01-02T07:44:56","modified_gmt":"2026-01-02T06:44:56","slug":"aldo-cazzullo-alle-18-allalexander-girardi-hall-di-cortina","status":"publish","type":"post","link":"https:\/\/www.bellunopress.it\/fr\/2026\/01\/02\/aldo-cazzullo-alle-18-allalexander-girardi-hall-di-cortina\/","title":{"rendered":"Due appuntamenti con Aldo Cazzullo a Cortina"},"content":{"rendered":"<figure id=\"attachment_166152\" aria-describedby=\"caption-attachment-166152\" style=\"width: 600px\" class=\"wp-caption aligncenter\"><img loading=\"lazy\" decoding=\"async\" class=\"size-full wp-image-166152\" src=\"https:\/\/www.bellunopress.it\/wp-content\/uploads\/2026\/01\/Aldo_Cazzullo.jpeg\" alt=\"\" width=\"600\" height=\"544\" srcset=\"https:\/\/www.bellunopress.it\/wp-content\/uploads\/2026\/01\/Aldo_Cazzullo.jpeg 600w, https:\/\/www.bellunopress.it\/wp-content\/uploads\/2026\/01\/Aldo_Cazzullo-500x453.jpeg 500w, https:\/\/www.bellunopress.it\/wp-content\/uploads\/2026\/01\/Aldo_Cazzullo-463x420.jpeg 463w\" sizes=\"auto, (max-width: 600px) 100vw, 600px\" \/><figcaption id=\"caption-attachment-166152\" class=\"wp-caption-text\">Aldo Cazzullo, giornalista scrittore<\/figcaption><\/figure>\n<p>Cortina d&#8217;Ampezzo. Venerd\u00ec 2 gennaio alla rassegna culturale Una Montagna di Libri interverr\u00e0 Aldo Cazzullo, giornalista-scrittore, che presenter\u00e0 &#8220;Francesco, il primo italiano&#8221;, con Massimo Mamoli e Francesco Chiamulera.<\/p>\n<p>&#8220;Di uomini cos\u00ec, ne nasce uno ogni mille anni. Duemila anni fa abbiamo avuto Ges\u00f9. Nel millennio precedente avevamo avuto Buddha. Nel millennio successivo abbiamo avuto san Francesco. Vedremo cosa ci attende ora, in questo millennio appena cominciato. Che, se non daremo retta a san Francesco, per l&#8217;umanit\u00e0 potrebbe essere l&#8217;ultimo&#8221;. Comincia cos\u00ec il nuovo libro di Aldo Cazzullo. Francesco \u00e8 il primo italiano perch\u00e9 \u00e8 fondamentale nel costruire l&#8217;identit\u00e0 italiana. Perch\u00e9 scrive la prima, splendida poesia in italiano: il Cantico delle Creature. Perch\u00e9 percorre l&#8217;Italia, dalle grandi citt\u00e0 alla campagna, e inventa il presepe. E perch\u00e9 esprime il meglio \u2013 l&#8217;amore per il prossimo, il rispetto per tutte le creature, la cortesia, il buon umore \u2013 dell&#8217;animo degli italiani. Cazzullo racconta la vita straordinaria di Francesco, la giovinezza piena di ideali cavallereschi, la rottura con il padre, la spoliazione, l&#8217;incontro con il Papa, fino al grande mistero: le stimmate. Miracolo che fa di lui il nuovo Ges\u00f9? O un modo inventato dalla Chiesa per relegarlo nel cielo e allontanarlo dalla terra? Lavorando direttamente sulle fonti medievali, dalla prima biografia del santo, quella di Tommaso da Celano, condannata al rogo, agli studi di Jacques Le Goff e Chiara Frugoni, seguiamo anche i personaggi ispirati dal santo: sant&#8217;Antonio, Giotto, Dante, Cristoforo Colombo, padre Pio. Fino al primo Papa chiamato Francesco.<\/p>\n<p>Si prosegue <strong>sabato 3 Gennaio al Grand Hotel Savoia alle 18<\/strong> con &#8220;UNA SCIATA PARTICOLARE,\u00a0GUSTAV, ALBERTO, KRISTIAN E TUTTI GLI ALTRI&#8221; con Aldo Cazzullo e il grande romanzo delle discese<\/p>\n<p>Aldo Cazzullo ama la montagna, e lo sci. Lo racconta da cronista e da lettore di storie che riconosce nelle piste un teatro di virt\u00f9 italiane e non solo: coraggio, precisione, incanto. A un mese dalle Olimpiadi di Milano Cortina 2026, ci accompagna lungo la traccia luminosa dei grandi dello sci alpino, a partire da alcune figure che ha incontrato e intervistato: Alberto Tomba, personaggio che ha cambiato la percezione dello sport in Italia; Kristian Ghedina, leggenda di Cortina e dominatore delle velocit\u00e0; Gustav Th\u00f6ni, il campione silenzioso della Valanga Azzurra. Accanto a loro, scorrono i profili di altri protagonisti: Piero Gros, lo slancio dei giorni irripetibili degli anni Settanta; la potenza e grazia di Deborah Compagnoni; Ingemar Stenmark, l&#8217;alfiere nordico che trasform\u00f2 lo sci in un&#8217;arte; Lindsey Vonn, icona contemporanea e simbolo di una nuova idea di forza; Bode Miller, il fuoriclasse ribelle che ha reinventato il modo di attaccare la pista. Fino a Goggia, Brignone, Paris&#8230; Un racconto che intreccia epoche, rivalit\u00e0, metamorfosi tecniche, scoperte, cadute e resurrezioni. Cazzullo a Cortina firma un piccolo romanzo dello sci. Un viaggio sentimentale nell&#8217;immaginario che ha fatto dell&#8217;inverno una stagione epica.<\/p>\n<p>Aldo Cazzullo (Alba 1966) da 35 anni racconta i principali eventi italiani e internazionali, prima sulla Stampa poi sul Corriere della Sera, di cui ora \u00e8 vicedirettore e responsabile della pagina delle Lettere. Ha pubblicato trenta libri sulla storia e l&#8217;identit\u00e0 italiana, vendendo due milioni di copie. Con HarperCollins ha pubblicato nel 2023 Quando eravamo i padroni del mondo. Roma: l&#8217;impero infinito, un successo da oltre 200 mila copie vendute e tradotto in numerosi paesi del mondo, e nel 2024 Il Dio dei nostri padri. Conduce su La7 &#8220;Una giornata particolare&#8221;: la prima stagione ha avuto una media di un milione di spettatori a puntata; la seconda parte si svolge nel 2025.<\/p>\n<p>&nbsp;<\/p>\n<p>&nbsp;<\/p>","protected":false},"excerpt":{"rendered":"<p>Cortina d&#8217;Ampezzo. Venerd\u00ec 2 gennaio alla rassegna culturale Una Montagna di Libri interverr\u00e0 Aldo Cazzullo, giornalista-scrittore, che presenter\u00e0 &#8220;Francesco, il primo italiano&#8221;, con Massimo Mamoli e Francesco Chiamulera. &#8220;Di uomini cos\u00ec, ne nasce uno ogni mille anni. Duemila anni fa abbiamo avuto Ges\u00f9. Nel millennio precedente avevamo avuto Buddha. Nel millennio successivo abbiamo avuto san [&hellip;]<\/p>\n","protected":false},"author":2,"featured_media":166152,"comment_status":"closed","ping_status":"open","sticky":false,"template":"","format":"standard","meta":{"footnotes":""},"categories":[27,25],"tags":[],"class_list":["post-166151","post","type-post","status-publish","format-standard","has-post-thumbnail","category-appuntamenti","category-pausa-caffe"],"yoast_head":"<!-- This site is optimized with the Yoast SEO plugin v28.4 - https:\/\/yoast.com\/product\/yoast-seo-wordpress\/ -->\n<title>Due appuntamenti con Aldo Cazzullo a Cortina - Bellunopress - Dolomiti<\/title>\n<meta name=\"robots\" content=\"index, follow, max-snippet:-1, max-image-preview:large, max-video-preview:-1\" \/>\n<link rel=\"canonical\" href=\"https:\/\/www.bellunopress.it\/fr\/2026\/01\/02\/aldo-cazzullo-alle-18-allalexander-girardi-hall-di-cortina\/\" \/>\n<meta property=\"og:locale\" content=\"fr_FR\" \/>\n<meta property=\"og:type\" content=\"article\" \/>\n<meta property=\"og:title\" content=\"Due appuntamenti con Aldo Cazzullo a Cortina - Bellunopress - Dolomiti\" \/>\n<meta property=\"og:description\" content=\"Cortina d&#8217;Ampezzo. Venerd\u00ec 2 gennaio alla rassegna culturale Una Montagna di Libri interverr\u00e0 Aldo Cazzullo, giornalista-scrittore, che presenter\u00e0 &#8220;Francesco, il primo italiano&#8221;, con Massimo Mamoli e Francesco Chiamulera. &#8220;Di uomini cos\u00ec, ne nasce uno ogni mille anni. Duemila anni fa abbiamo avuto Ges\u00f9. Nel millennio precedente avevamo avuto Buddha. Nel millennio successivo abbiamo avuto san [&hellip;]\" \/>\n<meta property=\"og:url\" content=\"https:\/\/www.bellunopress.it\/fr\/2026\/01\/02\/aldo-cazzullo-alle-18-allalexander-girardi-hall-di-cortina\/\" \/>\n<meta property=\"og:site_name\" content=\"Bellunopress - Dolomiti\" \/>\n<meta property=\"article:publisher\" content=\"https:\/\/www.facebook.com\/profile.php?id=100008943462799\" \/>\n<meta property=\"article:published_time\" content=\"2026-01-02T08:30:33+00:00\" \/>\n<meta property=\"og:image\" content=\"https:\/\/www.bellunopress.it\/wp-content\/uploads\/2026\/01\/Aldo_Cazzullo.jpeg\" \/>\n\t<meta property=\"og:image:width\" content=\"600\" \/>\n\t<meta property=\"og:image:height\" content=\"544\" \/>\n\t<meta property=\"og:image:type\" content=\"image\/jpeg\" \/>\n<meta name=\"author\" content=\"redazione\" \/>\n<meta name=\"twitter:card\" content=\"summary_large_image\" \/>\n<meta name=\"twitter:creator\" content=\"@bellunopress\" \/>\n<meta name=\"twitter:site\" content=\"@bellunopress\" \/>\n<meta name=\"twitter:label1\" content=\"\u00c9crit par\" \/>\n\t<meta name=\"twitter:data1\" content=\"redazione\" \/>\n\t<meta name=\"twitter:label2\" content=\"Dur\u00e9e de lecture estim\u00e9e\" \/>\n\t<meta name=\"twitter:data2\" content=\"3 minutes\" \/>\n<script type=\"application\/ld+json\" class=\"yoast-schema-graph\">{\"@context\":\"https:\\\/\\\/schema.org\",\"@graph\":[{\"@type\":\"Article\",\"@id\":\"https:\\\/\\\/www.bellunopress.it\\\/2026\\\/01\\\/02\\\/aldo-cazzullo-alle-18-allalexander-girardi-hall-di-cortina\\\/#article\",\"isPartOf\":{\"@id\":\"https:\\\/\\\/www.bellunopress.it\\\/2026\\\/01\\\/02\\\/aldo-cazzullo-alle-18-allalexander-girardi-hall-di-cortina\\\/\"},\"author\":{\"name\":\"redazione\",\"@id\":\"https:\\\/\\\/www.bellunopress.it\\\/#\\\/schema\\\/person\\\/79bb06722b37ece1c03d3e94beb30d73\"},\"headline\":\"Due appuntamenti con Aldo Cazzullo a Cortina\",\"datePublished\":\"2026-01-02T08:30:33+00:00\",\"mainEntityOfPage\":{\"@id\":\"https:\\\/\\\/www.bellunopress.it\\\/2026\\\/01\\\/02\\\/aldo-cazzullo-alle-18-allalexander-girardi-hall-di-cortina\\\/\"},\"wordCount\":601,\"publisher\":{\"@id\":\"https:\\\/\\\/www.bellunopress.it\\\/#organization\"},\"image\":{\"@id\":\"https:\\\/\\\/www.bellunopress.it\\\/2026\\\/01\\\/02\\\/aldo-cazzullo-alle-18-allalexander-girardi-hall-di-cortina\\\/#primaryimage\"},\"thumbnailUrl\":\"https:\\\/\\\/www.bellunopress.it\\\/wp-content\\\/uploads\\\/2026\\\/01\\\/Aldo_Cazzullo.jpeg\",\"articleSection\":[\"Appuntamenti, Eventi\",\"Pausa Caff\u00e8\"],\"inLanguage\":\"fr-FR\"},{\"@type\":\"WebPage\",\"@id\":\"https:\\\/\\\/www.bellunopress.it\\\/2026\\\/01\\\/02\\\/aldo-cazzullo-alle-18-allalexander-girardi-hall-di-cortina\\\/\",\"url\":\"https:\\\/\\\/www.bellunopress.it\\\/2026\\\/01\\\/02\\\/aldo-cazzullo-alle-18-allalexander-girardi-hall-di-cortina\\\/\",\"name\":\"Due appuntamenti con Aldo Cazzullo a Cortina - Bellunopress - Dolomiti\",\"isPartOf\":{\"@id\":\"https:\\\/\\\/www.bellunopress.it\\\/#website\"},\"primaryImageOfPage\":{\"@id\":\"https:\\\/\\\/www.bellunopress.it\\\/2026\\\/01\\\/02\\\/aldo-cazzullo-alle-18-allalexander-girardi-hall-di-cortina\\\/#primaryimage\"},\"image\":{\"@id\":\"https:\\\/\\\/www.bellunopress.it\\\/2026\\\/01\\\/02\\\/aldo-cazzullo-alle-18-allalexander-girardi-hall-di-cortina\\\/#primaryimage\"},\"thumbnailUrl\":\"https:\\\/\\\/www.bellunopress.it\\\/wp-content\\\/uploads\\\/2026\\\/01\\\/Aldo_Cazzullo.jpeg\",\"datePublished\":\"2026-01-02T08:30:33+00:00\",\"breadcrumb\":{\"@id\":\"https:\\\/\\\/www.bellunopress.it\\\/2026\\\/01\\\/02\\\/aldo-cazzullo-alle-18-allalexander-girardi-hall-di-cortina\\\/#breadcrumb\"},\"inLanguage\":\"fr-FR\",\"potentialAction\":[{\"@type\":\"ReadAction\",\"target\":[\"https:\\\/\\\/www.bellunopress.it\\\/2026\\\/01\\\/02\\\/aldo-cazzullo-alle-18-allalexander-girardi-hall-di-cortina\\\/\"]}]},{\"@type\":\"ImageObject\",\"inLanguage\":\"fr-FR\",\"@id\":\"https:\\\/\\\/www.bellunopress.it\\\/2026\\\/01\\\/02\\\/aldo-cazzullo-alle-18-allalexander-girardi-hall-di-cortina\\\/#primaryimage\",\"url\":\"https:\\\/\\\/www.bellunopress.it\\\/wp-content\\\/uploads\\\/2026\\\/01\\\/Aldo_Cazzullo.jpeg\",\"contentUrl\":\"https:\\\/\\\/www.bellunopress.it\\\/wp-content\\\/uploads\\\/2026\\\/01\\\/Aldo_Cazzullo.jpeg\",\"width\":600,\"height\":544,\"caption\":\"Aldo Cazzullo, giornalista scrittore\"},{\"@type\":\"BreadcrumbList\",\"@id\":\"https:\\\/\\\/www.bellunopress.it\\\/2026\\\/01\\\/02\\\/aldo-cazzullo-alle-18-allalexander-girardi-hall-di-cortina\\\/#breadcrumb\",\"itemListElement\":[{\"@type\":\"ListItem\",\"position\":1,\"name\":\"Home\",\"item\":\"https:\\\/\\\/www.bellunopress.it\\\/\"},{\"@type\":\"ListItem\",\"position\":2,\"name\":\"Due appuntamenti con Aldo Cazzullo a Cortina\"}]},{\"@type\":\"WebSite\",\"@id\":\"https:\\\/\\\/www.bellunopress.it\\\/#website\",\"url\":\"https:\\\/\\\/www.bellunopress.it\\\/\",\"name\":\"Bellunopress - Dolomiti\",\"description\":\"e-mail: redazione@bellunopress.it\",\"publisher\":{\"@id\":\"https:\\\/\\\/www.bellunopress.it\\\/#organization\"},\"potentialAction\":[{\"@type\":\"SearchAction\",\"target\":{\"@type\":\"EntryPoint\",\"urlTemplate\":\"https:\\\/\\\/www.bellunopress.it\\\/?s={search_term_string}\"},\"query-input\":{\"@type\":\"PropertyValueSpecification\",\"valueRequired\":true,\"valueName\":\"search_term_string\"}}],\"inLanguage\":\"fr-FR\"},{\"@type\":\"Organization\",\"@id\":\"https:\\\/\\\/www.bellunopress.it\\\/#organization\",\"name\":\"Bellunopress\",\"url\":\"https:\\\/\\\/www.bellunopress.it\\\/\",\"logo\":{\"@type\":\"ImageObject\",\"inLanguage\":\"fr-FR\",\"@id\":\"https:\\\/\\\/www.bellunopress.it\\\/#\\\/schema\\\/logo\\\/image\\\/\",\"url\":\"https:\\\/\\\/www.bellunopress.it\\\/wp-content\\\/uploads\\\/2011\\\/05\\\/cropped-logo-bellunopress-.jpg\",\"contentUrl\":\"https:\\\/\\\/www.bellunopress.it\\\/wp-content\\\/uploads\\\/2011\\\/05\\\/cropped-logo-bellunopress-.jpg\",\"width\":512,\"height\":512,\"caption\":\"Bellunopress\"},\"image\":{\"@id\":\"https:\\\/\\\/www.bellunopress.it\\\/#\\\/schema\\\/logo\\\/image\\\/\"},\"sameAs\":[\"https:\\\/\\\/www.facebook.com\\\/profile.php?id=100008943462799\",\"https:\\\/\\\/x.com\\\/bellunopress\",\"https:\\\/\\\/www.linkedin.com\\\/hp\\\/?dnr=JBzUWaJfMUw8vbXJJ2tVW5-I3jZKvC4wsoxE&amp;amp;amp;amp;amp;amp;trk=nav_responsive_tab_home\",\"https:\\\/\\\/www.youtube.com\\\/channel\\\/UCxL0wu1uN0_3_7hGG0306cw\"]},{\"@type\":\"Person\",\"@id\":\"https:\\\/\\\/www.bellunopress.it\\\/#\\\/schema\\\/person\\\/79bb06722b37ece1c03d3e94beb30d73\",\"name\":\"redazione\",\"image\":{\"@type\":\"ImageObject\",\"inLanguage\":\"fr-FR\",\"@id\":\"https:\\\/\\\/secure.gravatar.com\\\/avatar\\\/37d968a2e67a6fd04c169c4bdef102d0bc5d31b2546345219e348575eb80e9a0?s=96&d=mm&r=g\",\"url\":\"https:\\\/\\\/secure.gravatar.com\\\/avatar\\\/37d968a2e67a6fd04c169c4bdef102d0bc5d31b2546345219e348575eb80e9a0?s=96&d=mm&r=g\",\"contentUrl\":\"https:\\\/\\\/secure.gravatar.com\\\/avatar\\\/37d968a2e67a6fd04c169c4bdef102d0bc5d31b2546345219e348575eb80e9a0?s=96&d=mm&r=g\",\"caption\":\"redazione\"},\"sameAs\":[\"http:\\\/\\\/www.bellunopress.it\",\"https:\\\/\\\/x.com\\\/bellunopress\"],\"url\":\"https:\\\/\\\/www.bellunopress.it\\\/fr\\\/author\\\/redazione\\\/\"}]}<\/script>\n<!-- \/ Yoast SEO plugin. -->","yoast_head_json":{"title":"Due appuntamenti con Aldo Cazzullo a Cortina - Bellunopress - Dolomiti","robots":{"index":"index","follow":"follow","max-snippet":"max-snippet:-1","max-image-preview":"max-image-preview:large","max-video-preview":"max-video-preview:-1"},"canonical":"https:\/\/www.bellunopress.it\/fr\/2026\/01\/02\/aldo-cazzullo-alle-18-allalexander-girardi-hall-di-cortina\/","og_locale":"fr_FR","og_type":"article","og_title":"Due appuntamenti con Aldo Cazzullo a Cortina - Bellunopress - Dolomiti","og_description":"Cortina d&#8217;Ampezzo. Venerd\u00ec 2 gennaio alla rassegna culturale Una Montagna di Libri interverr\u00e0 Aldo Cazzullo, giornalista-scrittore, che presenter\u00e0 &#8220;Francesco, il primo italiano&#8221;, con Massimo Mamoli e Francesco Chiamulera. &#8220;Di uomini cos\u00ec, ne nasce uno ogni mille anni. Duemila anni fa abbiamo avuto Ges\u00f9. Nel millennio precedente avevamo avuto Buddha. Nel millennio successivo abbiamo avuto san [&hellip;]","og_url":"https:\/\/www.bellunopress.it\/fr\/2026\/01\/02\/aldo-cazzullo-alle-18-allalexander-girardi-hall-di-cortina\/","og_site_name":"Bellunopress - Dolomiti","article_publisher":"https:\/\/www.facebook.com\/profile.php?id=100008943462799","article_published_time":"2026-01-02T08:30:33+00:00","og_image":[{"width":600,"height":544,"url":"https:\/\/www.bellunopress.it\/wp-content\/uploads\/2026\/01\/Aldo_Cazzullo.jpeg","type":"image\/jpeg"}],"author":"redazione","twitter_card":"summary_large_image","twitter_creator":"@bellunopress","twitter_site":"@bellunopress","twitter_misc":{"\u00c9crit par":"redazione","Dur\u00e9e de lecture estim\u00e9e":"3 minutes"},"schema":{"@context":"https:\/\/schema.org","@graph":[{"@type":"Article","@id":"https:\/\/www.bellunopress.it\/2026\/01\/02\/aldo-cazzullo-alle-18-allalexander-girardi-hall-di-cortina\/#article","isPartOf":{"@id":"https:\/\/www.bellunopress.it\/2026\/01\/02\/aldo-cazzullo-alle-18-allalexander-girardi-hall-di-cortina\/"},"author":{"name":"redazione","@id":"https:\/\/www.bellunopress.it\/#\/schema\/person\/79bb06722b37ece1c03d3e94beb30d73"},"headline":"Due appuntamenti con Aldo Cazzullo a Cortina","datePublished":"2026-01-02T08:30:33+00:00","mainEntityOfPage":{"@id":"https:\/\/www.bellunopress.it\/2026\/01\/02\/aldo-cazzullo-alle-18-allalexander-girardi-hall-di-cortina\/"},"wordCount":601,"publisher":{"@id":"https:\/\/www.bellunopress.it\/#organization"},"image":{"@id":"https:\/\/www.bellunopress.it\/2026\/01\/02\/aldo-cazzullo-alle-18-allalexander-girardi-hall-di-cortina\/#primaryimage"},"thumbnailUrl":"https:\/\/www.bellunopress.it\/wp-content\/uploads\/2026\/01\/Aldo_Cazzullo.jpeg","articleSection":["Appuntamenti, Eventi","Pausa Caff\u00e8"],"inLanguage":"fr-FR"},{"@type":"WebPage","@id":"https:\/\/www.bellunopress.it\/2026\/01\/02\/aldo-cazzullo-alle-18-allalexander-girardi-hall-di-cortina\/","url":"https:\/\/www.bellunopress.it\/2026\/01\/02\/aldo-cazzullo-alle-18-allalexander-girardi-hall-di-cortina\/","name":"Due appuntamenti con Aldo Cazzullo a Cortina - Bellunopress - Dolomiti","isPartOf":{"@id":"https:\/\/www.bellunopress.it\/#website"},"primaryImageOfPage":{"@id":"https:\/\/www.bellunopress.it\/2026\/01\/02\/aldo-cazzullo-alle-18-allalexander-girardi-hall-di-cortina\/#primaryimage"},"image":{"@id":"https:\/\/www.bellunopress.it\/2026\/01\/02\/aldo-cazzullo-alle-18-allalexander-girardi-hall-di-cortina\/#primaryimage"},"thumbnailUrl":"https:\/\/www.bellunopress.it\/wp-content\/uploads\/2026\/01\/Aldo_Cazzullo.jpeg","datePublished":"2026-01-02T08:30:33+00:00","breadcrumb":{"@id":"https:\/\/www.bellunopress.it\/2026\/01\/02\/aldo-cazzullo-alle-18-allalexander-girardi-hall-di-cortina\/#breadcrumb"},"inLanguage":"fr-FR","potentialAction":[{"@type":"ReadAction","target":["https:\/\/www.bellunopress.it\/2026\/01\/02\/aldo-cazzullo-alle-18-allalexander-girardi-hall-di-cortina\/"]}]},{"@type":"ImageObject","inLanguage":"fr-FR","@id":"https:\/\/www.bellunopress.it\/2026\/01\/02\/aldo-cazzullo-alle-18-allalexander-girardi-hall-di-cortina\/#primaryimage","url":"https:\/\/www.bellunopress.it\/wp-content\/uploads\/2026\/01\/Aldo_Cazzullo.jpeg","contentUrl":"https:\/\/www.bellunopress.it\/wp-content\/uploads\/2026\/01\/Aldo_Cazzullo.jpeg","width":600,"height":544,"caption":"Aldo Cazzullo, giornalista scrittore"},{"@type":"BreadcrumbList","@id":"https:\/\/www.bellunopress.it\/2026\/01\/02\/aldo-cazzullo-alle-18-allalexander-girardi-hall-di-cortina\/#breadcrumb","itemListElement":[{"@type":"ListItem","position":1,"name":"Home","item":"https:\/\/www.bellunopress.it\/"},{"@type":"ListItem","position":2,"name":"Due appuntamenti con Aldo Cazzullo a Cortina"}]},{"@type":"WebSite","@id":"https:\/\/www.bellunopress.it\/#website","url":"https:\/\/www.bellunopress.it\/","name":"Bellunopress - Dolomiti","description":"e-mail: redazione@bellunopress.it","publisher":{"@id":"https:\/\/www.bellunopress.it\/#organization"},"potentialAction":[{"@type":"SearchAction","target":{"@type":"EntryPoint","urlTemplate":"https:\/\/www.bellunopress.it\/?s={search_term_string}"},"query-input":{"@type":"PropertyValueSpecification","valueRequired":true,"valueName":"search_term_string"}}],"inLanguage":"fr-FR"},{"@type":"Organization","@id":"https:\/\/www.bellunopress.it\/#organization","name":"Bellunopress","url":"https:\/\/www.bellunopress.it\/","logo":{"@type":"ImageObject","inLanguage":"fr-FR","@id":"https:\/\/www.bellunopress.it\/#\/schema\/logo\/image\/","url":"https:\/\/www.bellunopress.it\/wp-content\/uploads\/2011\/05\/cropped-logo-bellunopress-.jpg","contentUrl":"https:\/\/www.bellunopress.it\/wp-content\/uploads\/2011\/05\/cropped-logo-bellunopress-.jpg","width":512,"height":512,"caption":"Bellunopress"},"image":{"@id":"https:\/\/www.bellunopress.it\/#\/schema\/logo\/image\/"},"sameAs":["https:\/\/www.facebook.com\/profile.php?id=100008943462799","https:\/\/x.com\/bellunopress","https:\/\/www.linkedin.com\/hp\/?dnr=JBzUWaJfMUw8vbXJJ2tVW5-I3jZKvC4wsoxE&amp;amp;amp;amp;amp;amp;trk=nav_responsive_tab_home","https:\/\/www.youtube.com\/channel\/UCxL0wu1uN0_3_7hGG0306cw"]},{"@type":"Person","@id":"https:\/\/www.bellunopress.it\/#\/schema\/person\/79bb06722b37ece1c03d3e94beb30d73","name":"r\u00e9daction","image":{"@type":"ImageObject","inLanguage":"fr-FR","@id":"https:\/\/secure.gravatar.com\/avatar\/37d968a2e67a6fd04c169c4bdef102d0bc5d31b2546345219e348575eb80e9a0?s=96&d=mm&r=g","url":"https:\/\/secure.gravatar.com\/avatar\/37d968a2e67a6fd04c169c4bdef102d0bc5d31b2546345219e348575eb80e9a0?s=96&d=mm&r=g","contentUrl":"https:\/\/secure.gravatar.com\/avatar\/37d968a2e67a6fd04c169c4bdef102d0bc5d31b2546345219e348575eb80e9a0?s=96&d=mm&r=g","caption":"redazione"},"sameAs":["http:\/\/www.bellunopress.it","https:\/\/x.com\/bellunopress"],"url":"https:\/\/www.bellunopress.it\/fr\/author\/redazione\/"}]}},"_links":{"self":[{"href":"https:\/\/www.bellunopress.it\/fr\/wp-json\/wp\/v2\/posts\/166151","targetHints":{"allow":["GET"]}}],"collection":[{"href":"https:\/\/www.bellunopress.it\/fr\/wp-json\/wp\/v2\/posts"}],"about":[{"href":"https:\/\/www.bellunopress.it\/fr\/wp-json\/wp\/v2\/types\/post"}],"author":[{"embeddable":true,"href":"https:\/\/www.bellunopress.it\/fr\/wp-json\/wp\/v2\/users\/2"}],"replies":[{"embeddable":true,"href":"https:\/\/www.bellunopress.it\/fr\/wp-json\/wp\/v2\/comments?post=166151"}],"version-history":[{"count":4,"href":"https:\/\/www.bellunopress.it\/fr\/wp-json\/wp\/v2\/posts\/166151\/revisions"}],"predecessor-version":[{"id":166159,"href":"https:\/\/www.bellunopress.it\/fr\/wp-json\/wp\/v2\/posts\/166151\/revisions\/166159"}],"wp:featuredmedia":[{"embeddable":true,"href":"https:\/\/www.bellunopress.it\/fr\/wp-json\/wp\/v2\/media\/166152"}],"wp:attachment":[{"href":"https:\/\/www.bellunopress.it\/fr\/wp-json\/wp\/v2\/media?parent=166151"}],"wp:term":[{"taxonomy":"category","embeddable":true,"href":"https:\/\/www.bellunopress.it\/fr\/wp-json\/wp\/v2\/categories?post=166151"},{"taxonomy":"post_tag","embeddable":true,"href":"https:\/\/www.bellunopress.it\/fr\/wp-json\/wp\/v2\/tags?post=166151"}],"curies":[{"name":"wp","href":"https:\/\/api.w.org\/{rel}","templated":true}]}}