{"id":166147,"date":"2026-01-02T05:40:28","date_gmt":"2026-01-02T04:40:28","guid":{"rendered":"https:\/\/www.bellunopress.it\/?p=166147"},"modified":"2026-01-04T07:23:47","modified_gmt":"2026-01-04T06:23:47","slug":"daniel-e-il-primo-nato-in-ulss-dolomiti","status":"publish","type":"post","link":"https:\/\/www.bellunopress.it\/fr\/2026\/01\/02\/daniel-e-il-primo-nato-in-ulss-dolomiti\/","title":{"rendered":"Daniel \u00e8 il primo nato in Ulss Dolomiti"},"content":{"rendered":"<figure id=\"attachment_166148\" aria-describedby=\"caption-attachment-166148\" style=\"width: 600px\" class=\"wp-caption aligncenter\"><img loading=\"lazy\" decoding=\"async\" class=\"size-full wp-image-166148\" src=\"https:\/\/www.bellunopress.it\/wp-content\/uploads\/2026\/01\/primo-nato-Belluno.jpeg\" alt=\"\" width=\"600\" height=\"508\" srcset=\"https:\/\/www.bellunopress.it\/wp-content\/uploads\/2026\/01\/primo-nato-Belluno.jpeg 600w, https:\/\/www.bellunopress.it\/wp-content\/uploads\/2026\/01\/primo-nato-Belluno-500x423.jpeg 500w, https:\/\/www.bellunopress.it\/wp-content\/uploads\/2026\/01\/primo-nato-Belluno-496x420.jpeg 496w\" sizes=\"auto, (max-width: 600px) 100vw, 600px\" \/><figcaption id=\"caption-attachment-166148\" class=\"wp-caption-text\">Primo nato a Belluno<\/figcaption><\/figure>\n<figure id=\"attachment_166149\" aria-describedby=\"caption-attachment-166149\" style=\"width: 600px\" class=\"wp-caption aligncenter\"><img loading=\"lazy\" decoding=\"async\" class=\"size-full wp-image-166149\" src=\"https:\/\/www.bellunopress.it\/wp-content\/uploads\/2026\/01\/primo-nato-feltre.jpeg\" alt=\"\" width=\"600\" height=\"384\" srcset=\"https:\/\/www.bellunopress.it\/wp-content\/uploads\/2026\/01\/primo-nato-feltre.jpeg 600w, https:\/\/www.bellunopress.it\/wp-content\/uploads\/2026\/01\/primo-nato-feltre-500x320.jpeg 500w\" sizes=\"auto, (max-width: 600px) 100vw, 600px\" \/><figcaption id=\"caption-attachment-166149\" class=\"wp-caption-text\">Primo nato a Feltre<\/figcaption><\/figure>\n<p>Belluno, 1 gennaio 2026 &#8211; Mentre fuori dalla finestra splendevano i fuochi d\u2019artificio, all\u2019ospedale di Feltre, alle 00.10 \u00e8 nato Daniel Scopel. Pesa 3,090 kg ed \u00e8 lungo 51 cm. Una particolarit\u00e0: Daniel, primogenito, \u00e8 nato \u201ccon la camicia\u201d, tradizionalmente segno ben augurale tanto da diventare un detto popolare. A congratularsi con mamma Giada Fantinel e pap\u00e0 Simone di Seren del Grappa, questa mattina, sono stati in primis il commissario Giuseppe Dal Ben e il sindaco di Feltre Vivina Fusaro, accolti dal primario Ilaria Pezzani e dal capo dipartimento Roberto Bertoldin e dall\u2019\u00e9quipe del reparto.<\/p>\n<p>La prima nata dell\u2019ospedale di Belluno \u00e8 Anita Dal Fior, primogenita, venuta alla luce alle 3.29 da mamma Mathilda Colle e pap\u00e0 Francesco di Belluno. Pesa 2,990 kg ed \u00e8 lunga 51 cm. Anche Anita \u00e8 stata simbolicamente accolta dalla comunit\u00e0 dal vicesindaco di Belluno Paolo Gamba accompagnato da Dal Ben e dal primario Tandurella.<\/p>\n<p>Hanno salutato il 2025 due bambine. A Belluno l\u2019ultima nata \u00e8 Arianna Singh \u00a0alle\u00a0 11.57 del 31 dicembre da genitori di origini indiane Parwinder e di Kaur Prabhdeep. A Feltre l\u2019ultima nata \u00e8 Elena Pedrech di Matteo e Silvia Rech di Cornuda nata il 31 dicembre alle 3.19.<\/p>\n<p><strong>Il bilancio del 2025: i numeri della natalit\u00e0 in provincia<\/strong><\/p>\n<p>Nel corso dell&#8217;anno appena concluso, si sono registrati complessivamente <strong>1.180<\/strong> nati. Un dato che, pur segnando una lieve flessione in linea con il trend regionale del Veneto, evidenzia la capacit\u00e0 attrattiva delle strutture bellunesi.<\/p>\n<p><strong>Ottobre<\/strong> \u00e8 stato un mese record di nascite con 122 bimbi venuti alla luce (mese con pi\u00f9 nati in assoluto negli ultimi due anni) nei due punti nascita.<\/p>\n<p>Sono nati pi\u00f9 <strong>maschi<\/strong> (53%) che femmine.<\/p>\n<p>Ai nuovi nati e alle loro famiglie gli auguri di tutta l\u2019Ulss Dolomiti per una lunga vita in salute.<\/p>\n<p>&nbsp;<\/p>\n<p><strong>L\u2019analisi dei Primari<\/strong><\/p>\n<p><strong>Dott. Fabio Tandurella (Direttore Ostetricia e Ginecologia \u2013 Belluno):<\/strong><\/p>\n<p>Il 2025 ha rappresentato per l\u2019UOC di Ostetricia e Ginecologia di Belluno un anno di consolidamento e sviluppo, durante il quale siamo riusciti a mantenere i volumi complessivi di attivit\u00e0 assistenziale, registrando al contempo un incremento delle prestazioni ambulatoriali e interventi chirurgici \u00a0nel rispetto delle liste d\u2019attesa, un aumento dei ricoveri e una riduzione della degenza media, in un\u2019ottica di crescente appropriatezza clinica e organizzativa.<\/p>\n<p>Nel corso dell\u2019anno \u00e8 proseguito con decisione il percorso verso un modello assistenziale integrato e centrato sulla donna, sulla diade madre\u2013neonato e sulla famiglia, in coerenza con gli indirizzi regionali e con i bisogni reali della popolazione. Qualit\u00e0 delle cure, prossimit\u00e0 e umanizzazione dell\u2019assistenza hanno rappresentato il filo conduttore delle principali progettualit\u00e0.<\/p>\n<p>Sul piano clinico-organizzativo si segnalano in particolare:<br \/>\n&#8211; l\u2019implementazione strutturata dell\u2019assistenza al travaglio e al parto in acqua;<br \/>\n&#8211; il rafforzamento di un approccio ostetrico personalizzato finalizzato a favorire la fisiologia del travaglio e a ridurre il ricorso all\u2019induzione farmacologica nelle gravidanze a termine, attraverso relazione di cura, movimento, posture, terapie non farmacologiche e utilizzo terapeutico dell\u2019acqua;<br \/>\n&#8211; il potenziamento dello screening e della presa in carico precoce del disagio psicologico post-partum, in integrazione con la Psicologia Ospedaliera e i servizi territoriali.<\/p>\n<p>\u00c8 stata inoltre consolidata la collaborazione multidisciplinare con Anestesia e Rianimazione, Pediatria e Neonatologia, Consultorio Familiare e servizi territoriali, sia per la gestione delle emergenze ostetriche e dei casi complessi, sia per garantire continuit\u00e0 assistenziale dopo la dimissione. Particolare attenzione \u00e8 stata dedicata alla sicurezza del percorso nascita, all\u2019appropriatezza delle indicazioni al taglio cesareo e alla qualit\u00e0 della documentazione clinica.<\/p>\n<p>Un importante traguardo raggiunto nel 2025 riguarda le pazienti portatrici di mutazioni genetiche associate a un aumentato rischio di tumori ginecologici e mammari. L\u2019accesso a interventi preventivi mirati consente oggi di ridurre significativamente il rischio oncologico, preservando qualit\u00e0 di vita e sicurezza clinica. Questo risultato \u00e8 frutto di un lavoro congiunto tra professionisti sanitari, istituzioni e politiche di advocacy, volto a garantire cure tempestive, personalizzate e multidisciplinari: una vittoria concreta per le donne, nel pieno rispetto della loro centralit\u00e0 e dell\u2019umanizzazione delle cure.<\/p>\n<p>Nel 2025 \u00e8 stata inoltre rilanciata con convinzione la dimensione della promozione della salute e dell\u2019integrazione ospedale\u2013territorio, attraverso il programma dei \u201cPrimi 1000 giorni\u201d e numerose iniziative rivolte alla popolazione. Tra queste si segnalano:<br \/>\n&#8211; il ciclo di incontri territoriali \u201cNascere nelle Dolomiti \u2013 Il percorso salute mamma-bambino\u201d a Cortina, Agordo e Comelico;<br \/>\n&#8211; gli eventi dell\u2019Open Week Salute della Donna;<br \/>\n&#8211; la Giornata Internazionale dell\u2019Ostetrica;<br \/>\n&#8211; il convegno multidisciplinare \u201cNascere nelle Dolomiti \u2013 I primi 1000 giorni\u201d del 20 giugno 2025, momento di sintesi e confronto sui servizi offerti alle donne, alle coppie e ai neonati.<\/p>\n<p>Prosegue inoltre il percorso di umanizzazione delle cure e di allineamento ai principi dell\u2019Ospedale Amico delle Bambine e dei Bambini (UNICEF), con la ripresa e il rilancio del programma Baby Friendly e il consolidamento degli open day mensili \u201cNascere a Belluno\u201d, dedicati alle mamme e ai partner.<\/p>\n<p><strong>Dott.ssa Ilaria Pezzani (Direttore Ostetricia e Ginecologia \u2013 Feltre)<\/strong><\/p>\n<p>Nel 2025 al Punto Nascita di Feltre sono nati\u00a0715 bambini. Il numero dei parti \u00e8 diminuito solo del\u00a02,5% rispetto all\u2019anno precedente, un dato molto positivo se confrontato con il calo delle nascite a livello nazionale. Questo conferma quanto il nostro Punto Nascita sia apprezzato dalle famiglie e riconosce il lavoro quotidiano di tutto il personale.<\/p>\n<p><strong>Un percorso nascita sempre pi\u00f9 vicino alle donne<\/strong><\/p>\n<p>Grande attenzione \u00e8 stata dedicata al\u00a0percorso nascita, che oggi inizia ancora prima. \u00c8 stato infatti introdotto un\u00a0primo incontro in gravidanza con l\u2019ostetrica, pensato per accogliere le future mamme, rispondere alle loro domande e fornire informazioni utili fin dalle prime settimane. In questo modo le donne arrivano alla visita medica pi\u00f9 serene, informate e consapevoli delle proprie scelte.<\/p>\n<p><strong>Ambienti pi\u00f9 accoglienti<\/strong><\/p>\n<p>Per rendere l\u2019esperienza in ospedale pi\u00f9 piacevole e a misura di famiglia, sono stati creati\u00a0nuovi spazi accoglienti:<\/p>\n<ul>\n<li>aree dedicate ai bambini con giochi nella zona ambulatoriale;<\/li>\n<li>un\u00a0baby pit stop\u00a0con fasciatoio e poltrona per l\u2019allattamento;<\/li>\n<li>un nuovo ambiente per i\u00a0corsi di accompagnamento alla nascita, pi\u00f9 caldo e confortevole. I corsi sono organizzati in modo differenziato per le donne alla prima gravidanza e per chi ha gi\u00e0 vissuto l\u2019esperienza del parto.<\/li>\n<\/ul>\n<p><strong>Un parto il pi\u00f9 possibile naturale<\/strong><\/p>\n<p>L\u2019assistenza al parto \u00e8 sempre pi\u00f9 orientata al rispetto della\u00a0fisiologia e dei tempi della donna, con l\u2019obiettivo di rendere questo momento unico e positivo.<br \/>\nA novembre si \u00e8 svolto a Feltre un\u00a0convegno sulla nascita, con la partecipazione di esperti da tutta Italia: un\u2019occasione di confronto e aggiornamento che ha riscosso grande interesse.<\/p>\n<p><strong>Cura dopo la nascita<\/strong><\/p>\n<p>Particolare attenzione \u00e8 stata rivolta anche al\u00a0puerperio, il periodo dopo il parto. Le ostetriche sono oggi il personale dedicato al nido per il neonato fisiologico, garantendo continuit\u00e0 di assistenza alla coppia mamma bambino. Il personale infermieristico continua comunque a offrire supporto, soprattutto nell\u2019assistenza ai neonati con bisogni speciali.<\/p>\n<p><strong>Sostegno all\u2019allattamento<\/strong><\/p>\n<p>\u00c8 stato attivato un\u00a0ambulatorio per l\u2019allattamento complesso, gestito da ostetriche con specifiche certificazioni, per aiutare le mamme che incontrano difficolt\u00e0 e sostenere l\u2019allattamento in modo competente e personalizzato.<\/p>\n<p><strong>Benessere psicologico e lavoro in rete<\/strong><\/p>\n<p>Grande attenzione \u00e8 rivolta anche al\u00a0benessere emotivo delle donne, con l\u2019individuazione precoce di eventuali disagi psicologici nel periodo dopo il parto, in collaborazione con la Psicologia Clinica di Belluno e il CSM di Feltre.<br \/>\nFondamentale \u00e8 inoltre il lavoro di rete con il\u00a0Consultorio Familiare e i servizi del territorio, per far sentire donne e famiglie accompagnate e sostenute lungo tutto il percorso della nascita.<\/p>\n<p>Sono stati infine avviati incontri sul territorio incontri di informazione sul percorso nascita in collaborazione con i rappresentanti dei Comuni. Tali incontri proseguiranno anche nel 2026 con l\u2019obiettivo di favorire una maggiore informazione sul percorso nascita e di facilitare l\u2019accesso ai servizi.<\/p>\n<p>&nbsp;<\/p>\n<p>&nbsp;<\/p>\n<p>&nbsp;<\/p>","protected":false},"excerpt":{"rendered":"<p>Belluno, 1 gennaio 2026 &#8211; Mentre fuori dalla finestra splendevano i fuochi d\u2019artificio, all\u2019ospedale di Feltre, alle 00.10 \u00e8 nato Daniel Scopel. Pesa 3,090 kg ed \u00e8 lungo 51 cm. Una particolarit\u00e0: Daniel, primogenito, \u00e8 nato \u201ccon la camicia\u201d, tradizionalmente segno ben augurale tanto da diventare un detto popolare. A congratularsi con mamma Giada Fantinel [&hellip;]<\/p>\n","protected":false},"author":2,"featured_media":166148,"comment_status":"closed","ping_status":"open","sticky":false,"template":"","format":"standard","meta":{"footnotes":""},"categories":[26,17,8],"tags":[],"class_list":["post-166147","post","type-post","status-publish","format-standard","has-post-thumbnail","category-prima-pagina","category-sanita","category-societa-istituzioni"],"yoast_head":"<!-- This site is optimized with the Yoast SEO plugin v28.4 - https:\/\/yoast.com\/product\/yoast-seo-wordpress\/ -->\n<title>Daniel \u00e8 il primo nato in Ulss Dolomiti - Bellunopress - Dolomiti<\/title>\n<meta name=\"robots\" content=\"index, follow, max-snippet:-1, max-image-preview:large, max-video-preview:-1\" \/>\n<link rel=\"canonical\" href=\"https:\/\/www.bellunopress.it\/fr\/2026\/01\/02\/daniel-e-il-primo-nato-in-ulss-dolomiti\/\" \/>\n<meta property=\"og:locale\" content=\"fr_FR\" \/>\n<meta property=\"og:type\" content=\"article\" \/>\n<meta property=\"og:title\" content=\"Daniel \u00e8 il primo nato in Ulss Dolomiti - Bellunopress - Dolomiti\" \/>\n<meta property=\"og:description\" content=\"Belluno, 1 gennaio 2026 &#8211; Mentre fuori dalla finestra splendevano i fuochi d\u2019artificio, all\u2019ospedale di Feltre, alle 00.10 \u00e8 nato Daniel Scopel. Pesa 3,090 kg ed \u00e8 lungo 51 cm. Una particolarit\u00e0: Daniel, primogenito, \u00e8 nato \u201ccon la camicia\u201d, tradizionalmente segno ben augurale tanto da diventare un detto popolare. A congratularsi con mamma Giada Fantinel [&hellip;]\" \/>\n<meta property=\"og:url\" content=\"https:\/\/www.bellunopress.it\/fr\/2026\/01\/02\/daniel-e-il-primo-nato-in-ulss-dolomiti\/\" \/>\n<meta property=\"og:site_name\" content=\"Bellunopress - Dolomiti\" \/>\n<meta property=\"article:publisher\" content=\"https:\/\/www.facebook.com\/profile.php?id=100008943462799\" \/>\n<meta property=\"article:published_time\" content=\"2026-01-02T04:40:28+00:00\" \/>\n<meta property=\"article:modified_time\" content=\"2026-01-04T06:23:47+00:00\" \/>\n<meta property=\"og:image\" content=\"https:\/\/www.bellunopress.it\/wp-content\/uploads\/2026\/01\/primo-nato-Belluno.jpeg\" \/>\n\t<meta property=\"og:image:width\" content=\"600\" \/>\n\t<meta property=\"og:image:height\" content=\"508\" \/>\n\t<meta property=\"og:image:type\" content=\"image\/jpeg\" \/>\n<meta name=\"author\" content=\"redazione\" \/>\n<meta name=\"twitter:card\" content=\"summary_large_image\" \/>\n<meta name=\"twitter:creator\" content=\"@bellunopress\" \/>\n<meta name=\"twitter:site\" content=\"@bellunopress\" \/>\n<meta name=\"twitter:label1\" content=\"\u00c9crit par\" \/>\n\t<meta name=\"twitter:data1\" content=\"redazione\" \/>\n\t<meta name=\"twitter:label2\" content=\"Dur\u00e9e de lecture estim\u00e9e\" \/>\n\t<meta name=\"twitter:data2\" content=\"6 minutes\" \/>\n<script type=\"application\/ld+json\" class=\"yoast-schema-graph\">{\"@context\":\"https:\\\/\\\/schema.org\",\"@graph\":[{\"@type\":\"Article\",\"@id\":\"https:\\\/\\\/www.bellunopress.it\\\/2026\\\/01\\\/02\\\/daniel-e-il-primo-nato-in-ulss-dolomiti\\\/#article\",\"isPartOf\":{\"@id\":\"https:\\\/\\\/www.bellunopress.it\\\/2026\\\/01\\\/02\\\/daniel-e-il-primo-nato-in-ulss-dolomiti\\\/\"},\"author\":{\"name\":\"redazione\",\"@id\":\"https:\\\/\\\/www.bellunopress.it\\\/#\\\/schema\\\/person\\\/79bb06722b37ece1c03d3e94beb30d73\"},\"headline\":\"Daniel \u00e8 il primo nato in Ulss Dolomiti\",\"datePublished\":\"2026-01-02T04:40:28+00:00\",\"dateModified\":\"2026-01-04T06:23:47+00:00\",\"mainEntityOfPage\":{\"@id\":\"https:\\\/\\\/www.bellunopress.it\\\/2026\\\/01\\\/02\\\/daniel-e-il-primo-nato-in-ulss-dolomiti\\\/\"},\"wordCount\":1282,\"publisher\":{\"@id\":\"https:\\\/\\\/www.bellunopress.it\\\/#organization\"},\"image\":{\"@id\":\"https:\\\/\\\/www.bellunopress.it\\\/2026\\\/01\\\/02\\\/daniel-e-il-primo-nato-in-ulss-dolomiti\\\/#primaryimage\"},\"thumbnailUrl\":\"https:\\\/\\\/www.bellunopress.it\\\/wp-content\\\/uploads\\\/2026\\\/01\\\/primo-nato-Belluno.jpeg\",\"articleSection\":[\"Prima Pagina\",\"Sanit\u00e0 Medicina\",\"Societ\u00e0, Associazioni, Istituzioni\"],\"inLanguage\":\"fr-FR\"},{\"@type\":\"WebPage\",\"@id\":\"https:\\\/\\\/www.bellunopress.it\\\/2026\\\/01\\\/02\\\/daniel-e-il-primo-nato-in-ulss-dolomiti\\\/\",\"url\":\"https:\\\/\\\/www.bellunopress.it\\\/2026\\\/01\\\/02\\\/daniel-e-il-primo-nato-in-ulss-dolomiti\\\/\",\"name\":\"Daniel \u00e8 il primo nato in Ulss Dolomiti - Bellunopress - Dolomiti\",\"isPartOf\":{\"@id\":\"https:\\\/\\\/www.bellunopress.it\\\/#website\"},\"primaryImageOfPage\":{\"@id\":\"https:\\\/\\\/www.bellunopress.it\\\/2026\\\/01\\\/02\\\/daniel-e-il-primo-nato-in-ulss-dolomiti\\\/#primaryimage\"},\"image\":{\"@id\":\"https:\\\/\\\/www.bellunopress.it\\\/2026\\\/01\\\/02\\\/daniel-e-il-primo-nato-in-ulss-dolomiti\\\/#primaryimage\"},\"thumbnailUrl\":\"https:\\\/\\\/www.bellunopress.it\\\/wp-content\\\/uploads\\\/2026\\\/01\\\/primo-nato-Belluno.jpeg\",\"datePublished\":\"2026-01-02T04:40:28+00:00\",\"dateModified\":\"2026-01-04T06:23:47+00:00\",\"breadcrumb\":{\"@id\":\"https:\\\/\\\/www.bellunopress.it\\\/2026\\\/01\\\/02\\\/daniel-e-il-primo-nato-in-ulss-dolomiti\\\/#breadcrumb\"},\"inLanguage\":\"fr-FR\",\"potentialAction\":[{\"@type\":\"ReadAction\",\"target\":[\"https:\\\/\\\/www.bellunopress.it\\\/2026\\\/01\\\/02\\\/daniel-e-il-primo-nato-in-ulss-dolomiti\\\/\"]}]},{\"@type\":\"ImageObject\",\"inLanguage\":\"fr-FR\",\"@id\":\"https:\\\/\\\/www.bellunopress.it\\\/2026\\\/01\\\/02\\\/daniel-e-il-primo-nato-in-ulss-dolomiti\\\/#primaryimage\",\"url\":\"https:\\\/\\\/www.bellunopress.it\\\/wp-content\\\/uploads\\\/2026\\\/01\\\/primo-nato-Belluno.jpeg\",\"contentUrl\":\"https:\\\/\\\/www.bellunopress.it\\\/wp-content\\\/uploads\\\/2026\\\/01\\\/primo-nato-Belluno.jpeg\",\"width\":600,\"height\":508,\"caption\":\"Primo nato a Belluno\"},{\"@type\":\"BreadcrumbList\",\"@id\":\"https:\\\/\\\/www.bellunopress.it\\\/2026\\\/01\\\/02\\\/daniel-e-il-primo-nato-in-ulss-dolomiti\\\/#breadcrumb\",\"itemListElement\":[{\"@type\":\"ListItem\",\"position\":1,\"name\":\"Home\",\"item\":\"https:\\\/\\\/www.bellunopress.it\\\/\"},{\"@type\":\"ListItem\",\"position\":2,\"name\":\"Daniel \u00e8 il primo nato in Ulss Dolomiti\"}]},{\"@type\":\"WebSite\",\"@id\":\"https:\\\/\\\/www.bellunopress.it\\\/#website\",\"url\":\"https:\\\/\\\/www.bellunopress.it\\\/\",\"name\":\"Bellunopress - Dolomiti\",\"description\":\"e-mail: redazione@bellunopress.it\",\"publisher\":{\"@id\":\"https:\\\/\\\/www.bellunopress.it\\\/#organization\"},\"potentialAction\":[{\"@type\":\"SearchAction\",\"target\":{\"@type\":\"EntryPoint\",\"urlTemplate\":\"https:\\\/\\\/www.bellunopress.it\\\/?s={search_term_string}\"},\"query-input\":{\"@type\":\"PropertyValueSpecification\",\"valueRequired\":true,\"valueName\":\"search_term_string\"}}],\"inLanguage\":\"fr-FR\"},{\"@type\":\"Organization\",\"@id\":\"https:\\\/\\\/www.bellunopress.it\\\/#organization\",\"name\":\"Bellunopress\",\"url\":\"https:\\\/\\\/www.bellunopress.it\\\/\",\"logo\":{\"@type\":\"ImageObject\",\"inLanguage\":\"fr-FR\",\"@id\":\"https:\\\/\\\/www.bellunopress.it\\\/#\\\/schema\\\/logo\\\/image\\\/\",\"url\":\"https:\\\/\\\/www.bellunopress.it\\\/wp-content\\\/uploads\\\/2011\\\/05\\\/cropped-logo-bellunopress-.jpg\",\"contentUrl\":\"https:\\\/\\\/www.bellunopress.it\\\/wp-content\\\/uploads\\\/2011\\\/05\\\/cropped-logo-bellunopress-.jpg\",\"width\":512,\"height\":512,\"caption\":\"Bellunopress\"},\"image\":{\"@id\":\"https:\\\/\\\/www.bellunopress.it\\\/#\\\/schema\\\/logo\\\/image\\\/\"},\"sameAs\":[\"https:\\\/\\\/www.facebook.com\\\/profile.php?id=100008943462799\",\"https:\\\/\\\/x.com\\\/bellunopress\",\"https:\\\/\\\/www.linkedin.com\\\/hp\\\/?dnr=JBzUWaJfMUw8vbXJJ2tVW5-I3jZKvC4wsoxE&amp;amp;amp;amp;amp;amp;trk=nav_responsive_tab_home\",\"https:\\\/\\\/www.youtube.com\\\/channel\\\/UCxL0wu1uN0_3_7hGG0306cw\"]},{\"@type\":\"Person\",\"@id\":\"https:\\\/\\\/www.bellunopress.it\\\/#\\\/schema\\\/person\\\/79bb06722b37ece1c03d3e94beb30d73\",\"name\":\"redazione\",\"image\":{\"@type\":\"ImageObject\",\"inLanguage\":\"fr-FR\",\"@id\":\"https:\\\/\\\/secure.gravatar.com\\\/avatar\\\/37d968a2e67a6fd04c169c4bdef102d0bc5d31b2546345219e348575eb80e9a0?s=96&d=mm&r=g\",\"url\":\"https:\\\/\\\/secure.gravatar.com\\\/avatar\\\/37d968a2e67a6fd04c169c4bdef102d0bc5d31b2546345219e348575eb80e9a0?s=96&d=mm&r=g\",\"contentUrl\":\"https:\\\/\\\/secure.gravatar.com\\\/avatar\\\/37d968a2e67a6fd04c169c4bdef102d0bc5d31b2546345219e348575eb80e9a0?s=96&d=mm&r=g\",\"caption\":\"redazione\"},\"sameAs\":[\"http:\\\/\\\/www.bellunopress.it\",\"https:\\\/\\\/x.com\\\/bellunopress\"],\"url\":\"https:\\\/\\\/www.bellunopress.it\\\/fr\\\/author\\\/redazione\\\/\"}]}<\/script>\n<!-- \/ Yoast SEO plugin. -->","yoast_head_json":{"title":"Daniel \u00e8 il primo nato in Ulss Dolomiti - Bellunopress - Dolomiti","robots":{"index":"index","follow":"follow","max-snippet":"max-snippet:-1","max-image-preview":"max-image-preview:large","max-video-preview":"max-video-preview:-1"},"canonical":"https:\/\/www.bellunopress.it\/fr\/2026\/01\/02\/daniel-e-il-primo-nato-in-ulss-dolomiti\/","og_locale":"fr_FR","og_type":"article","og_title":"Daniel \u00e8 il primo nato in Ulss Dolomiti - Bellunopress - Dolomiti","og_description":"Belluno, 1 gennaio 2026 &#8211; Mentre fuori dalla finestra splendevano i fuochi d\u2019artificio, all\u2019ospedale di Feltre, alle 00.10 \u00e8 nato Daniel Scopel. Pesa 3,090 kg ed \u00e8 lungo 51 cm. Una particolarit\u00e0: Daniel, primogenito, \u00e8 nato \u201ccon la camicia\u201d, tradizionalmente segno ben augurale tanto da diventare un detto popolare. A congratularsi con mamma Giada Fantinel [&hellip;]","og_url":"https:\/\/www.bellunopress.it\/fr\/2026\/01\/02\/daniel-e-il-primo-nato-in-ulss-dolomiti\/","og_site_name":"Bellunopress - Dolomiti","article_publisher":"https:\/\/www.facebook.com\/profile.php?id=100008943462799","article_published_time":"2026-01-02T04:40:28+00:00","article_modified_time":"2026-01-04T06:23:47+00:00","og_image":[{"width":600,"height":508,"url":"https:\/\/www.bellunopress.it\/wp-content\/uploads\/2026\/01\/primo-nato-Belluno.jpeg","type":"image\/jpeg"}],"author":"redazione","twitter_card":"summary_large_image","twitter_creator":"@bellunopress","twitter_site":"@bellunopress","twitter_misc":{"\u00c9crit par":"redazione","Dur\u00e9e de lecture estim\u00e9e":"6 minutes"},"schema":{"@context":"https:\/\/schema.org","@graph":[{"@type":"Article","@id":"https:\/\/www.bellunopress.it\/2026\/01\/02\/daniel-e-il-primo-nato-in-ulss-dolomiti\/#article","isPartOf":{"@id":"https:\/\/www.bellunopress.it\/2026\/01\/02\/daniel-e-il-primo-nato-in-ulss-dolomiti\/"},"author":{"name":"redazione","@id":"https:\/\/www.bellunopress.it\/#\/schema\/person\/79bb06722b37ece1c03d3e94beb30d73"},"headline":"Daniel \u00e8 il primo nato in Ulss Dolomiti","datePublished":"2026-01-02T04:40:28+00:00","dateModified":"2026-01-04T06:23:47+00:00","mainEntityOfPage":{"@id":"https:\/\/www.bellunopress.it\/2026\/01\/02\/daniel-e-il-primo-nato-in-ulss-dolomiti\/"},"wordCount":1282,"publisher":{"@id":"https:\/\/www.bellunopress.it\/#organization"},"image":{"@id":"https:\/\/www.bellunopress.it\/2026\/01\/02\/daniel-e-il-primo-nato-in-ulss-dolomiti\/#primaryimage"},"thumbnailUrl":"https:\/\/www.bellunopress.it\/wp-content\/uploads\/2026\/01\/primo-nato-Belluno.jpeg","articleSection":["Prima Pagina","Sanit\u00e0 Medicina","Societ\u00e0, Associazioni, Istituzioni"],"inLanguage":"fr-FR"},{"@type":"WebPage","@id":"https:\/\/www.bellunopress.it\/2026\/01\/02\/daniel-e-il-primo-nato-in-ulss-dolomiti\/","url":"https:\/\/www.bellunopress.it\/2026\/01\/02\/daniel-e-il-primo-nato-in-ulss-dolomiti\/","name":"Daniel \u00e8 il primo nato in Ulss Dolomiti - Bellunopress - Dolomiti","isPartOf":{"@id":"https:\/\/www.bellunopress.it\/#website"},"primaryImageOfPage":{"@id":"https:\/\/www.bellunopress.it\/2026\/01\/02\/daniel-e-il-primo-nato-in-ulss-dolomiti\/#primaryimage"},"image":{"@id":"https:\/\/www.bellunopress.it\/2026\/01\/02\/daniel-e-il-primo-nato-in-ulss-dolomiti\/#primaryimage"},"thumbnailUrl":"https:\/\/www.bellunopress.it\/wp-content\/uploads\/2026\/01\/primo-nato-Belluno.jpeg","datePublished":"2026-01-02T04:40:28+00:00","dateModified":"2026-01-04T06:23:47+00:00","breadcrumb":{"@id":"https:\/\/www.bellunopress.it\/2026\/01\/02\/daniel-e-il-primo-nato-in-ulss-dolomiti\/#breadcrumb"},"inLanguage":"fr-FR","potentialAction":[{"@type":"ReadAction","target":["https:\/\/www.bellunopress.it\/2026\/01\/02\/daniel-e-il-primo-nato-in-ulss-dolomiti\/"]}]},{"@type":"ImageObject","inLanguage":"fr-FR","@id":"https:\/\/www.bellunopress.it\/2026\/01\/02\/daniel-e-il-primo-nato-in-ulss-dolomiti\/#primaryimage","url":"https:\/\/www.bellunopress.it\/wp-content\/uploads\/2026\/01\/primo-nato-Belluno.jpeg","contentUrl":"https:\/\/www.bellunopress.it\/wp-content\/uploads\/2026\/01\/primo-nato-Belluno.jpeg","width":600,"height":508,"caption":"Primo nato a Belluno"},{"@type":"BreadcrumbList","@id":"https:\/\/www.bellunopress.it\/2026\/01\/02\/daniel-e-il-primo-nato-in-ulss-dolomiti\/#breadcrumb","itemListElement":[{"@type":"ListItem","position":1,"name":"Home","item":"https:\/\/www.bellunopress.it\/"},{"@type":"ListItem","position":2,"name":"Daniel \u00e8 il primo nato in Ulss Dolomiti"}]},{"@type":"WebSite","@id":"https:\/\/www.bellunopress.it\/#website","url":"https:\/\/www.bellunopress.it\/","name":"Bellunopress - Dolomiti","description":"e-mail: redazione@bellunopress.it","publisher":{"@id":"https:\/\/www.bellunopress.it\/#organization"},"potentialAction":[{"@type":"SearchAction","target":{"@type":"EntryPoint","urlTemplate":"https:\/\/www.bellunopress.it\/?s={search_term_string}"},"query-input":{"@type":"PropertyValueSpecification","valueRequired":true,"valueName":"search_term_string"}}],"inLanguage":"fr-FR"},{"@type":"Organization","@id":"https:\/\/www.bellunopress.it\/#organization","name":"Bellunopress","url":"https:\/\/www.bellunopress.it\/","logo":{"@type":"ImageObject","inLanguage":"fr-FR","@id":"https:\/\/www.bellunopress.it\/#\/schema\/logo\/image\/","url":"https:\/\/www.bellunopress.it\/wp-content\/uploads\/2011\/05\/cropped-logo-bellunopress-.jpg","contentUrl":"https:\/\/www.bellunopress.it\/wp-content\/uploads\/2011\/05\/cropped-logo-bellunopress-.jpg","width":512,"height":512,"caption":"Bellunopress"},"image":{"@id":"https:\/\/www.bellunopress.it\/#\/schema\/logo\/image\/"},"sameAs":["https:\/\/www.facebook.com\/profile.php?id=100008943462799","https:\/\/x.com\/bellunopress","https:\/\/www.linkedin.com\/hp\/?dnr=JBzUWaJfMUw8vbXJJ2tVW5-I3jZKvC4wsoxE&amp;amp;amp;amp;amp;amp;trk=nav_responsive_tab_home","https:\/\/www.youtube.com\/channel\/UCxL0wu1uN0_3_7hGG0306cw"]},{"@type":"Person","@id":"https:\/\/www.bellunopress.it\/#\/schema\/person\/79bb06722b37ece1c03d3e94beb30d73","name":"r\u00e9daction","image":{"@type":"ImageObject","inLanguage":"fr-FR","@id":"https:\/\/secure.gravatar.com\/avatar\/37d968a2e67a6fd04c169c4bdef102d0bc5d31b2546345219e348575eb80e9a0?s=96&d=mm&r=g","url":"https:\/\/secure.gravatar.com\/avatar\/37d968a2e67a6fd04c169c4bdef102d0bc5d31b2546345219e348575eb80e9a0?s=96&d=mm&r=g","contentUrl":"https:\/\/secure.gravatar.com\/avatar\/37d968a2e67a6fd04c169c4bdef102d0bc5d31b2546345219e348575eb80e9a0?s=96&d=mm&r=g","caption":"redazione"},"sameAs":["http:\/\/www.bellunopress.it","https:\/\/x.com\/bellunopress"],"url":"https:\/\/www.bellunopress.it\/fr\/author\/redazione\/"}]}},"_links":{"self":[{"href":"https:\/\/www.bellunopress.it\/fr\/wp-json\/wp\/v2\/posts\/166147","targetHints":{"allow":["GET"]}}],"collection":[{"href":"https:\/\/www.bellunopress.it\/fr\/wp-json\/wp\/v2\/posts"}],"about":[{"href":"https:\/\/www.bellunopress.it\/fr\/wp-json\/wp\/v2\/types\/post"}],"author":[{"embeddable":true,"href":"https:\/\/www.bellunopress.it\/fr\/wp-json\/wp\/v2\/users\/2"}],"replies":[{"embeddable":true,"href":"https:\/\/www.bellunopress.it\/fr\/wp-json\/wp\/v2\/comments?post=166147"}],"version-history":[{"count":1,"href":"https:\/\/www.bellunopress.it\/fr\/wp-json\/wp\/v2\/posts\/166147\/revisions"}],"predecessor-version":[{"id":166150,"href":"https:\/\/www.bellunopress.it\/fr\/wp-json\/wp\/v2\/posts\/166147\/revisions\/166150"}],"wp:featuredmedia":[{"embeddable":true,"href":"https:\/\/www.bellunopress.it\/fr\/wp-json\/wp\/v2\/media\/166148"}],"wp:attachment":[{"href":"https:\/\/www.bellunopress.it\/fr\/wp-json\/wp\/v2\/media?parent=166147"}],"wp:term":[{"taxonomy":"category","embeddable":true,"href":"https:\/\/www.bellunopress.it\/fr\/wp-json\/wp\/v2\/categories?post=166147"},{"taxonomy":"post_tag","embeddable":true,"href":"https:\/\/www.bellunopress.it\/fr\/wp-json\/wp\/v2\/tags?post=166147"}],"curies":[{"name":"wp","href":"https:\/\/api.w.org\/{rel}","templated":true}]}}