{"id":166136,"date":"2026-01-01T08:00:35","date_gmt":"2026-01-01T07:00:35","guid":{"rendered":"https:\/\/www.bellunopress.it\/?p=166136"},"modified":"2025-12-31T16:53:47","modified_gmt":"2025-12-31T15:53:47","slug":"intervista-a-robert-kearns-il-battito-di-ciglia-che-sfido-i-giganti","status":"publish","type":"post","link":"https:\/\/www.bellunopress.it\/fr\/2026\/01\/01\/intervista-a-robert-kearns-il-battito-di-ciglia-che-sfido-i-giganti\/","title":{"rendered":"Intervista a Robert Kearns: Il battito di ciglia che sfid\u00f2 i giganti"},"content":{"rendered":"<figure id=\"attachment_166138\" aria-describedby=\"caption-attachment-166138\" style=\"width: 250px\" class=\"wp-caption aligncenter\"><img loading=\"lazy\" decoding=\"async\" class=\"size-full wp-image-166138\" src=\"https:\/\/www.bellunopress.it\/wp-content\/uploads\/2025\/12\/Robert_Kearns.jpg\" alt=\"\" width=\"250\" height=\"355\" \/><figcaption id=\"caption-attachment-166138\" class=\"wp-caption-text\">Robert Kearns (Wikipedia)<\/figcaption><\/figure>\n<p><strong>Intervista immaginaria all&#8217;ingegner Robert Kearns, ambientata nel 1990 poco dopo la storica sentenza contro la Ford. L&#8217;uomo che siede davanti a noi \u00e8 segnato dal tempo e dalle aule di tribunale, ma i suoi occhi brillano di una luce ferma. Quando azionate i tergicristalli della vostra auto pensate un po&#8217; a lui, che perse tutto, moglie, famiglia e anche la ragione, per difendere da solo un principio contro i colossi industriali che l\u2019avevano depredato. (rdn)<\/strong><\/p>\n<p><em>Ingegner Kearns, dopo dodici anni di battaglie legali, quattro studi legali cambiati e una vita stravolta, ha finalmente ottenuto la sua vittoria contro la Ford. La domanda che tutti si pongono \u00e8: ne \u00e8 valsa davvero la pena?<\/em><\/p>\n<p>Robert Kearns si aggiusta gli occhiali, lo sguardo \u00e8 stanco ma fiero: \u201cS\u00ec. Se mi avessero dato quei dieci milioni di dollari dodici anni fa in cambio del mio silenzio, oggi sarei un uomo ricco, ma sarei un uomo cancellato. La Ford voleva far credere che la mia idea non valesse nulla, che fosse ovvia. Volevano rubare la storia che avevo scritto e metterci la loro firma. Non potevo permetterlo\u201d.<\/p>\n<p><em>Lei ha usato una metafora molto potente in tribunale per difendere la sua invenzione, paragonandosi a uno scrittore. Ce la pu\u00f2 spiegare?<\/em><\/p>\n<p>\u201cCertamente. Gli avvocati della Ford dicevano: &#8220;Kearns non ha inventato nulla, ha usato resistenze e condensatori che esistevano gi\u00e0&#8221;. Io ho risposto che anche le parole che compongono Il racconto di due citt\u00e0 di Dickens esistevano gi\u00e0 nel dizionario. Ma \u00e8 l&#8217;ordine in cui Dickens le ha messe a creare un capolavoro. Io ho messo insieme componenti comuni per imitare la natura, per far &#8220;battere le ciglia&#8221; a una macchina. Quella sequenza, quel ritmo, era mio\u201d.<\/p>\n<p><em>Tutto \u00e8 iniziato con un incidente drammatico durante la sua prima notte di nozze. Un tappo di champagne la rese quasi cieco da un occhio. Come ha trasformato quel dolore in innovazione?<\/em><\/p>\n<p>\u201cL&#8217;occhio umano \u00e8 perfetto. Quando guidavo sotto la pioggia, i vecchi tergicristalli fissi mi tormentavano. Il mio occhio sinistro, quello danneggiato, faceva fatica a seguire quel ritmo meccanico. Ho pensato: &#8220;Perch\u00e9 l&#8217;occhio batte le palpebre solo quando serve e il tergicristallo no?&#8221;. Ho cercato di dare un po&#8217; di umanit\u00e0 al metallo. La Ford ha visto il genio di questa intuizione, mi ha lusingato, ha preso i miei schemi e poi mi ha sbattuto la porta in faccia\u201d.<\/p>\n<p><em>Lei ha sacrificato se stesso e la sua famiglia ed \u00e8 stato anche ricoverato. Non prova rimpianto per aver messo un brevetto davanti a tutto?<\/em><\/p>\n<p>Robert Kearns rimane in silenzio per un istante, distogliendo lo sguardo e poi dice: \u201cE\u2019 vero, il prezzo \u00e8 stato altissimo. Vedere la propria famiglia sgretolarsi \u00e8 un dolore che nessun risarcimento pu\u00f2 curare. Ma vede, non era un&#8217;ossessione per il denaro. Se fosse stato per i soldi, avrei accettato il primo accordo stragiudiziale. Era una questione di etica. Un brevetto senza etica \u00e8 pericoloso. Ho citato l&#8217;ingegnere che progett\u00f2 le camere a gas: la tecnica senza morale \u00e8 un crimine. Se avessi ceduto, avrei ammesso che una grande azienda ha il diritto di schiacciare un individuo solo perch\u00e9 ha pi\u00f9 avvocati\u201d.<\/p>\n<p><em>Alla fine, ha deciso di rappresentarsi da solo in tribunale, citando persino Dickens davanti ai giudici. Un Davide contro 23 Golia dell&#8217;auto. Cosa provava in quelle aule?<\/em><\/p>\n<p>\u201cMi sentivo come se stessi combattendo per ogni inventore che lavora nel proprio seminterrato. Le case automobilistiche pensavano di potermi seppellire sotto una montagna di scartoffie. Ma non si sono rese conto che un uomo che non ha pi\u00f9 nulla da perdere \u00e8 l&#8217;avversario pi\u00f9 pericoloso. Volevo vederli ammettere il furto. Volevo che il mondo sapesse che quel &#8220;battito di ciglia&#8221; sulle loro auto era figlio del mio lavoro, non dei loro laboratori\u201d.<\/p>\n<p><em>Oggi milioni di persone usano il suo sistema ogni volta che piove, azionando il tergicristallo ad intermittenza. Ma pochi conoscono il nome di Robert Kearns. \u00c8 questo il suo vero trionfo?<\/em><\/p>\n<p>\u201cOgni volta che sento quel clic e vedo le spazzole muoversi dopo una pausa, so di aver vinto. Hanno cercato di cancellarmi, ma ora sono in ogni auto che sfreccia sull&#8217;autostrada. Sono diventato un simbolo: un uomo solo pu\u00f2 vincere. Mi hanno tolto molto, ma non sono riusciti a togliermi la verit\u00e0. E la verit\u00e0, proprio come la pioggia, alla fine viene sempre fuori\u201d.<\/p>\n<p>&nbsp;<\/p>\n<p><strong>Chi era Robert Kearns<\/strong><\/p>\n<p>Nascita: 24 marzo 1927 a Gary, Indiana (USA).<\/p>\n<p>Morte: 9 febbraio 2005 a Baltimore, Maryland (USA), a causa di un tumore e delle complicazioni dell&#8217;Alzheimer.<\/p>\n<p>Professione: ingegnere e professore universitario presso la Wayne State University di Detroit.<\/p>\n<p><strong>La sua storia<\/strong><\/p>\n<p>La vita di Kearns cambi\u00f2 la notte delle nozze (1953), quando un tappo di champagne lo colp\u00ec all&#8217;occhio sinistro, rendendolo quasi cieco. Questa disabilit\u00e0 lo port\u00f2, anni dopo, a notare quanto fossero fastidiosi i tergicristalli a velocit\u00e0 fissa e a ideare un sistema che &#8220;battesse le palpebre&#8221; come l&#8217;occhio umano: il tergicristallo intermittente.<\/p>\n<p>Il furto: Nel 1963 present\u00f2 l&#8217;invenzione alla Ford. L&#8217;azienda, dopo aver visionato i progetti, interruppe i rapporti e lanci\u00f2 la tecnologia sui propri modelli senza pagargli i diritti.<\/p>\n<p>La battaglia: Kearns dedic\u00f2 la vita a una crociata legale durata oltre 20 anni contro 23 case automobilistiche (tra cui Ford e Chrysler).<\/p>\n<p>Il costo umano: L&#8217;ossessione per il processo gli cost\u00f2 il matrimonio, la salute mentale (sub\u00ec un grave esaurimento nervoso) e gran parte dei suoi risparmi.<\/p>\n<p>La vittoria: Nonostante le pressioni per patteggiare, rifiut\u00f2 ogni accordo che non prevedesse l&#8217;ammissione di colpa delle aziende. Alla fine ottenne circa 40 milioni di dollari di risarcimento e il riconoscimento ufficiale della sua paternit\u00e0 intellettuale.<\/p>\n<p>La sua storia \u00e8 raccontata nel film &#8220;Flash of Genius&#8221;, uscito in Italia nel 2008 con la regia di Marc Abraham.<\/p>\n<p>\u00c8 un film consigliato non solo agli appassionati di auto o ingegneria, ma a chiunque sia interessato alle storie di resistenza morale. Il titolo &#8220;Flash of Genius&#8221; (lampo di genio) si riferisce al termine legale utilizzato nei processi sui brevetti per indicare quel momento creativo specifico che rende un&#8217;invenzione degna di protezione. Qui il trailer originale: <a href=\"http:\/\/www.youtube.com\/watch?v=0Biy-okZ0l8\">Flash of Genius Official Trailer<\/a>.<\/p>\n<p>&nbsp;<\/p>","protected":false},"excerpt":{"rendered":"<p>Intervista immaginaria all&#8217;ingegner Robert Kearns, ambientata nel 1990 poco dopo la storica sentenza contro la Ford. L&#8217;uomo che siede davanti a noi \u00e8 segnato dal tempo e dalle aule di tribunale, ma i suoi occhi brillano di una luce ferma. Quando azionate i tergicristalli della vostra auto pensate un po&#8217; a lui, che perse tutto, [&hellip;]<\/p>\n","protected":false},"author":2,"featured_media":166138,"comment_status":"closed","ping_status":"open","sticky":false,"template":"","format":"standard","meta":{"footnotes":""},"categories":[3,3446,25],"tags":[],"class_list":["post-166136","post","type-post","status-publish","format-standard","has-post-thumbnail","category-arte-cultura-spettacoli-scienza-archivi","category-featured","category-pausa-caffe"],"yoast_head":"<!-- This site is optimized with the Yoast SEO plugin v28.4 - https:\/\/yoast.com\/product\/yoast-seo-wordpress\/ -->\n<title>Intervista a Robert Kearns: Il battito di ciglia che sfid\u00f2 i giganti - Bellunopress - Dolomiti<\/title>\n<meta name=\"robots\" content=\"index, follow, max-snippet:-1, max-image-preview:large, max-video-preview:-1\" \/>\n<link rel=\"canonical\" href=\"https:\/\/www.bellunopress.it\/fr\/2026\/01\/01\/intervista-a-robert-kearns-il-battito-di-ciglia-che-sfido-i-giganti\/\" \/>\n<meta property=\"og:locale\" content=\"fr_FR\" \/>\n<meta property=\"og:type\" content=\"article\" \/>\n<meta property=\"og:title\" content=\"Intervista a Robert Kearns: Il battito di ciglia che sfid\u00f2 i giganti - Bellunopress - Dolomiti\" \/>\n<meta property=\"og:description\" content=\"Intervista immaginaria all&#8217;ingegner Robert Kearns, ambientata nel 1990 poco dopo la storica sentenza contro la Ford. L&#8217;uomo che siede davanti a noi \u00e8 segnato dal tempo e dalle aule di tribunale, ma i suoi occhi brillano di una luce ferma. Quando azionate i tergicristalli della vostra auto pensate un po&#8217; a lui, che perse tutto, [&hellip;]\" \/>\n<meta property=\"og:url\" content=\"https:\/\/www.bellunopress.it\/fr\/2026\/01\/01\/intervista-a-robert-kearns-il-battito-di-ciglia-che-sfido-i-giganti\/\" \/>\n<meta property=\"og:site_name\" content=\"Bellunopress - Dolomiti\" \/>\n<meta property=\"article:publisher\" content=\"https:\/\/www.facebook.com\/profile.php?id=100008943462799\" \/>\n<meta property=\"article:published_time\" content=\"2026-01-01T07:00:35+00:00\" \/>\n<meta property=\"og:image\" content=\"https:\/\/www.bellunopress.it\/wp-content\/uploads\/2025\/12\/Robert_Kearns.jpg\" \/>\n\t<meta property=\"og:image:width\" content=\"250\" \/>\n\t<meta property=\"og:image:height\" content=\"355\" \/>\n\t<meta property=\"og:image:type\" content=\"image\/jpeg\" \/>\n<meta name=\"author\" content=\"redazione\" \/>\n<meta name=\"twitter:card\" content=\"summary_large_image\" \/>\n<meta name=\"twitter:creator\" content=\"@bellunopress\" \/>\n<meta name=\"twitter:site\" content=\"@bellunopress\" \/>\n<meta name=\"twitter:label1\" content=\"\u00c9crit par\" \/>\n\t<meta name=\"twitter:data1\" content=\"redazione\" \/>\n\t<meta name=\"twitter:label2\" content=\"Dur\u00e9e de lecture estim\u00e9e\" \/>\n\t<meta name=\"twitter:data2\" content=\"5 minutes\" \/>\n<script type=\"application\/ld+json\" class=\"yoast-schema-graph\">{\"@context\":\"https:\\\/\\\/schema.org\",\"@graph\":[{\"@type\":\"Article\",\"@id\":\"https:\\\/\\\/www.bellunopress.it\\\/2026\\\/01\\\/01\\\/intervista-a-robert-kearns-il-battito-di-ciglia-che-sfido-i-giganti\\\/#article\",\"isPartOf\":{\"@id\":\"https:\\\/\\\/www.bellunopress.it\\\/2026\\\/01\\\/01\\\/intervista-a-robert-kearns-il-battito-di-ciglia-che-sfido-i-giganti\\\/\"},\"author\":{\"name\":\"redazione\",\"@id\":\"https:\\\/\\\/www.bellunopress.it\\\/#\\\/schema\\\/person\\\/79bb06722b37ece1c03d3e94beb30d73\"},\"headline\":\"Intervista a Robert Kearns: Il battito di ciglia che sfid\u00f2 i giganti\",\"datePublished\":\"2026-01-01T07:00:35+00:00\",\"mainEntityOfPage\":{\"@id\":\"https:\\\/\\\/www.bellunopress.it\\\/2026\\\/01\\\/01\\\/intervista-a-robert-kearns-il-battito-di-ciglia-che-sfido-i-giganti\\\/\"},\"wordCount\":1019,\"publisher\":{\"@id\":\"https:\\\/\\\/www.bellunopress.it\\\/#organization\"},\"image\":{\"@id\":\"https:\\\/\\\/www.bellunopress.it\\\/2026\\\/01\\\/01\\\/intervista-a-robert-kearns-il-battito-di-ciglia-che-sfido-i-giganti\\\/#primaryimage\"},\"thumbnailUrl\":\"https:\\\/\\\/www.bellunopress.it\\\/wp-content\\\/uploads\\\/2025\\\/12\\\/Robert_Kearns.jpg\",\"articleSection\":[\"Arte, Cultura, Spettacoli, Scienza\",\"Featured\",\"Pausa Caff\u00e8\"],\"inLanguage\":\"fr-FR\"},{\"@type\":\"WebPage\",\"@id\":\"https:\\\/\\\/www.bellunopress.it\\\/2026\\\/01\\\/01\\\/intervista-a-robert-kearns-il-battito-di-ciglia-che-sfido-i-giganti\\\/\",\"url\":\"https:\\\/\\\/www.bellunopress.it\\\/2026\\\/01\\\/01\\\/intervista-a-robert-kearns-il-battito-di-ciglia-che-sfido-i-giganti\\\/\",\"name\":\"Intervista a Robert Kearns: Il battito di ciglia che sfid\u00f2 i giganti - Bellunopress - Dolomiti\",\"isPartOf\":{\"@id\":\"https:\\\/\\\/www.bellunopress.it\\\/#website\"},\"primaryImageOfPage\":{\"@id\":\"https:\\\/\\\/www.bellunopress.it\\\/2026\\\/01\\\/01\\\/intervista-a-robert-kearns-il-battito-di-ciglia-che-sfido-i-giganti\\\/#primaryimage\"},\"image\":{\"@id\":\"https:\\\/\\\/www.bellunopress.it\\\/2026\\\/01\\\/01\\\/intervista-a-robert-kearns-il-battito-di-ciglia-che-sfido-i-giganti\\\/#primaryimage\"},\"thumbnailUrl\":\"https:\\\/\\\/www.bellunopress.it\\\/wp-content\\\/uploads\\\/2025\\\/12\\\/Robert_Kearns.jpg\",\"datePublished\":\"2026-01-01T07:00:35+00:00\",\"breadcrumb\":{\"@id\":\"https:\\\/\\\/www.bellunopress.it\\\/2026\\\/01\\\/01\\\/intervista-a-robert-kearns-il-battito-di-ciglia-che-sfido-i-giganti\\\/#breadcrumb\"},\"inLanguage\":\"fr-FR\",\"potentialAction\":[{\"@type\":\"ReadAction\",\"target\":[\"https:\\\/\\\/www.bellunopress.it\\\/2026\\\/01\\\/01\\\/intervista-a-robert-kearns-il-battito-di-ciglia-che-sfido-i-giganti\\\/\"]}]},{\"@type\":\"ImageObject\",\"inLanguage\":\"fr-FR\",\"@id\":\"https:\\\/\\\/www.bellunopress.it\\\/2026\\\/01\\\/01\\\/intervista-a-robert-kearns-il-battito-di-ciglia-che-sfido-i-giganti\\\/#primaryimage\",\"url\":\"https:\\\/\\\/www.bellunopress.it\\\/wp-content\\\/uploads\\\/2025\\\/12\\\/Robert_Kearns.jpg\",\"contentUrl\":\"https:\\\/\\\/www.bellunopress.it\\\/wp-content\\\/uploads\\\/2025\\\/12\\\/Robert_Kearns.jpg\",\"width\":250,\"height\":355,\"caption\":\"Robert Kearns (Wikipedia)\"},{\"@type\":\"BreadcrumbList\",\"@id\":\"https:\\\/\\\/www.bellunopress.it\\\/2026\\\/01\\\/01\\\/intervista-a-robert-kearns-il-battito-di-ciglia-che-sfido-i-giganti\\\/#breadcrumb\",\"itemListElement\":[{\"@type\":\"ListItem\",\"position\":1,\"name\":\"Home\",\"item\":\"https:\\\/\\\/www.bellunopress.it\\\/\"},{\"@type\":\"ListItem\",\"position\":2,\"name\":\"Intervista a Robert Kearns: Il battito di ciglia che sfid\u00f2 i giganti\"}]},{\"@type\":\"WebSite\",\"@id\":\"https:\\\/\\\/www.bellunopress.it\\\/#website\",\"url\":\"https:\\\/\\\/www.bellunopress.it\\\/\",\"name\":\"Bellunopress - Dolomiti\",\"description\":\"e-mail: redazione@bellunopress.it\",\"publisher\":{\"@id\":\"https:\\\/\\\/www.bellunopress.it\\\/#organization\"},\"potentialAction\":[{\"@type\":\"SearchAction\",\"target\":{\"@type\":\"EntryPoint\",\"urlTemplate\":\"https:\\\/\\\/www.bellunopress.it\\\/?s={search_term_string}\"},\"query-input\":{\"@type\":\"PropertyValueSpecification\",\"valueRequired\":true,\"valueName\":\"search_term_string\"}}],\"inLanguage\":\"fr-FR\"},{\"@type\":\"Organization\",\"@id\":\"https:\\\/\\\/www.bellunopress.it\\\/#organization\",\"name\":\"Bellunopress\",\"url\":\"https:\\\/\\\/www.bellunopress.it\\\/\",\"logo\":{\"@type\":\"ImageObject\",\"inLanguage\":\"fr-FR\",\"@id\":\"https:\\\/\\\/www.bellunopress.it\\\/#\\\/schema\\\/logo\\\/image\\\/\",\"url\":\"https:\\\/\\\/www.bellunopress.it\\\/wp-content\\\/uploads\\\/2011\\\/05\\\/cropped-logo-bellunopress-.jpg\",\"contentUrl\":\"https:\\\/\\\/www.bellunopress.it\\\/wp-content\\\/uploads\\\/2011\\\/05\\\/cropped-logo-bellunopress-.jpg\",\"width\":512,\"height\":512,\"caption\":\"Bellunopress\"},\"image\":{\"@id\":\"https:\\\/\\\/www.bellunopress.it\\\/#\\\/schema\\\/logo\\\/image\\\/\"},\"sameAs\":[\"https:\\\/\\\/www.facebook.com\\\/profile.php?id=100008943462799\",\"https:\\\/\\\/x.com\\\/bellunopress\",\"https:\\\/\\\/www.linkedin.com\\\/hp\\\/?dnr=JBzUWaJfMUw8vbXJJ2tVW5-I3jZKvC4wsoxE&amp;amp;amp;amp;amp;amp;trk=nav_responsive_tab_home\",\"https:\\\/\\\/www.youtube.com\\\/channel\\\/UCxL0wu1uN0_3_7hGG0306cw\"]},{\"@type\":\"Person\",\"@id\":\"https:\\\/\\\/www.bellunopress.it\\\/#\\\/schema\\\/person\\\/79bb06722b37ece1c03d3e94beb30d73\",\"name\":\"redazione\",\"image\":{\"@type\":\"ImageObject\",\"inLanguage\":\"fr-FR\",\"@id\":\"https:\\\/\\\/secure.gravatar.com\\\/avatar\\\/37d968a2e67a6fd04c169c4bdef102d0bc5d31b2546345219e348575eb80e9a0?s=96&d=mm&r=g\",\"url\":\"https:\\\/\\\/secure.gravatar.com\\\/avatar\\\/37d968a2e67a6fd04c169c4bdef102d0bc5d31b2546345219e348575eb80e9a0?s=96&d=mm&r=g\",\"contentUrl\":\"https:\\\/\\\/secure.gravatar.com\\\/avatar\\\/37d968a2e67a6fd04c169c4bdef102d0bc5d31b2546345219e348575eb80e9a0?s=96&d=mm&r=g\",\"caption\":\"redazione\"},\"sameAs\":[\"http:\\\/\\\/www.bellunopress.it\",\"https:\\\/\\\/x.com\\\/bellunopress\"],\"url\":\"https:\\\/\\\/www.bellunopress.it\\\/fr\\\/author\\\/redazione\\\/\"}]}<\/script>\n<!-- \/ Yoast SEO plugin. -->","yoast_head_json":{"title":"Intervista a Robert Kearns: Il battito di ciglia che sfid\u00f2 i giganti - Bellunopress - Dolomiti","robots":{"index":"index","follow":"follow","max-snippet":"max-snippet:-1","max-image-preview":"max-image-preview:large","max-video-preview":"max-video-preview:-1"},"canonical":"https:\/\/www.bellunopress.it\/fr\/2026\/01\/01\/intervista-a-robert-kearns-il-battito-di-ciglia-che-sfido-i-giganti\/","og_locale":"fr_FR","og_type":"article","og_title":"Intervista a Robert Kearns: Il battito di ciglia che sfid\u00f2 i giganti - Bellunopress - Dolomiti","og_description":"Intervista immaginaria all&#8217;ingegner Robert Kearns, ambientata nel 1990 poco dopo la storica sentenza contro la Ford. L&#8217;uomo che siede davanti a noi \u00e8 segnato dal tempo e dalle aule di tribunale, ma i suoi occhi brillano di una luce ferma. Quando azionate i tergicristalli della vostra auto pensate un po&#8217; a lui, che perse tutto, [&hellip;]","og_url":"https:\/\/www.bellunopress.it\/fr\/2026\/01\/01\/intervista-a-robert-kearns-il-battito-di-ciglia-che-sfido-i-giganti\/","og_site_name":"Bellunopress - Dolomiti","article_publisher":"https:\/\/www.facebook.com\/profile.php?id=100008943462799","article_published_time":"2026-01-01T07:00:35+00:00","og_image":[{"width":250,"height":355,"url":"https:\/\/www.bellunopress.it\/wp-content\/uploads\/2025\/12\/Robert_Kearns.jpg","type":"image\/jpeg"}],"author":"redazione","twitter_card":"summary_large_image","twitter_creator":"@bellunopress","twitter_site":"@bellunopress","twitter_misc":{"\u00c9crit par":"redazione","Dur\u00e9e de lecture estim\u00e9e":"5 minutes"},"schema":{"@context":"https:\/\/schema.org","@graph":[{"@type":"Article","@id":"https:\/\/www.bellunopress.it\/2026\/01\/01\/intervista-a-robert-kearns-il-battito-di-ciglia-che-sfido-i-giganti\/#article","isPartOf":{"@id":"https:\/\/www.bellunopress.it\/2026\/01\/01\/intervista-a-robert-kearns-il-battito-di-ciglia-che-sfido-i-giganti\/"},"author":{"name":"redazione","@id":"https:\/\/www.bellunopress.it\/#\/schema\/person\/79bb06722b37ece1c03d3e94beb30d73"},"headline":"Intervista a Robert Kearns: Il battito di ciglia che sfid\u00f2 i giganti","datePublished":"2026-01-01T07:00:35+00:00","mainEntityOfPage":{"@id":"https:\/\/www.bellunopress.it\/2026\/01\/01\/intervista-a-robert-kearns-il-battito-di-ciglia-che-sfido-i-giganti\/"},"wordCount":1019,"publisher":{"@id":"https:\/\/www.bellunopress.it\/#organization"},"image":{"@id":"https:\/\/www.bellunopress.it\/2026\/01\/01\/intervista-a-robert-kearns-il-battito-di-ciglia-che-sfido-i-giganti\/#primaryimage"},"thumbnailUrl":"https:\/\/www.bellunopress.it\/wp-content\/uploads\/2025\/12\/Robert_Kearns.jpg","articleSection":["Arte, Cultura, Spettacoli, Scienza","Featured","Pausa Caff\u00e8"],"inLanguage":"fr-FR"},{"@type":"WebPage","@id":"https:\/\/www.bellunopress.it\/2026\/01\/01\/intervista-a-robert-kearns-il-battito-di-ciglia-che-sfido-i-giganti\/","url":"https:\/\/www.bellunopress.it\/2026\/01\/01\/intervista-a-robert-kearns-il-battito-di-ciglia-che-sfido-i-giganti\/","name":"Intervista a Robert Kearns: Il battito di ciglia che sfid\u00f2 i giganti - Bellunopress - Dolomiti","isPartOf":{"@id":"https:\/\/www.bellunopress.it\/#website"},"primaryImageOfPage":{"@id":"https:\/\/www.bellunopress.it\/2026\/01\/01\/intervista-a-robert-kearns-il-battito-di-ciglia-che-sfido-i-giganti\/#primaryimage"},"image":{"@id":"https:\/\/www.bellunopress.it\/2026\/01\/01\/intervista-a-robert-kearns-il-battito-di-ciglia-che-sfido-i-giganti\/#primaryimage"},"thumbnailUrl":"https:\/\/www.bellunopress.it\/wp-content\/uploads\/2025\/12\/Robert_Kearns.jpg","datePublished":"2026-01-01T07:00:35+00:00","breadcrumb":{"@id":"https:\/\/www.bellunopress.it\/2026\/01\/01\/intervista-a-robert-kearns-il-battito-di-ciglia-che-sfido-i-giganti\/#breadcrumb"},"inLanguage":"fr-FR","potentialAction":[{"@type":"ReadAction","target":["https:\/\/www.bellunopress.it\/2026\/01\/01\/intervista-a-robert-kearns-il-battito-di-ciglia-che-sfido-i-giganti\/"]}]},{"@type":"ImageObject","inLanguage":"fr-FR","@id":"https:\/\/www.bellunopress.it\/2026\/01\/01\/intervista-a-robert-kearns-il-battito-di-ciglia-che-sfido-i-giganti\/#primaryimage","url":"https:\/\/www.bellunopress.it\/wp-content\/uploads\/2025\/12\/Robert_Kearns.jpg","contentUrl":"https:\/\/www.bellunopress.it\/wp-content\/uploads\/2025\/12\/Robert_Kearns.jpg","width":250,"height":355,"caption":"Robert Kearns (Wikipedia)"},{"@type":"BreadcrumbList","@id":"https:\/\/www.bellunopress.it\/2026\/01\/01\/intervista-a-robert-kearns-il-battito-di-ciglia-che-sfido-i-giganti\/#breadcrumb","itemListElement":[{"@type":"ListItem","position":1,"name":"Home","item":"https:\/\/www.bellunopress.it\/"},{"@type":"ListItem","position":2,"name":"Intervista a Robert Kearns: Il battito di ciglia che sfid\u00f2 i giganti"}]},{"@type":"WebSite","@id":"https:\/\/www.bellunopress.it\/#website","url":"https:\/\/www.bellunopress.it\/","name":"Bellunopress - Dolomiti","description":"e-mail: redazione@bellunopress.it","publisher":{"@id":"https:\/\/www.bellunopress.it\/#organization"},"potentialAction":[{"@type":"SearchAction","target":{"@type":"EntryPoint","urlTemplate":"https:\/\/www.bellunopress.it\/?s={search_term_string}"},"query-input":{"@type":"PropertyValueSpecification","valueRequired":true,"valueName":"search_term_string"}}],"inLanguage":"fr-FR"},{"@type":"Organization","@id":"https:\/\/www.bellunopress.it\/#organization","name":"Bellunopress","url":"https:\/\/www.bellunopress.it\/","logo":{"@type":"ImageObject","inLanguage":"fr-FR","@id":"https:\/\/www.bellunopress.it\/#\/schema\/logo\/image\/","url":"https:\/\/www.bellunopress.it\/wp-content\/uploads\/2011\/05\/cropped-logo-bellunopress-.jpg","contentUrl":"https:\/\/www.bellunopress.it\/wp-content\/uploads\/2011\/05\/cropped-logo-bellunopress-.jpg","width":512,"height":512,"caption":"Bellunopress"},"image":{"@id":"https:\/\/www.bellunopress.it\/#\/schema\/logo\/image\/"},"sameAs":["https:\/\/www.facebook.com\/profile.php?id=100008943462799","https:\/\/x.com\/bellunopress","https:\/\/www.linkedin.com\/hp\/?dnr=JBzUWaJfMUw8vbXJJ2tVW5-I3jZKvC4wsoxE&amp;amp;amp;amp;amp;amp;trk=nav_responsive_tab_home","https:\/\/www.youtube.com\/channel\/UCxL0wu1uN0_3_7hGG0306cw"]},{"@type":"Person","@id":"https:\/\/www.bellunopress.it\/#\/schema\/person\/79bb06722b37ece1c03d3e94beb30d73","name":"r\u00e9daction","image":{"@type":"ImageObject","inLanguage":"fr-FR","@id":"https:\/\/secure.gravatar.com\/avatar\/37d968a2e67a6fd04c169c4bdef102d0bc5d31b2546345219e348575eb80e9a0?s=96&d=mm&r=g","url":"https:\/\/secure.gravatar.com\/avatar\/37d968a2e67a6fd04c169c4bdef102d0bc5d31b2546345219e348575eb80e9a0?s=96&d=mm&r=g","contentUrl":"https:\/\/secure.gravatar.com\/avatar\/37d968a2e67a6fd04c169c4bdef102d0bc5d31b2546345219e348575eb80e9a0?s=96&d=mm&r=g","caption":"redazione"},"sameAs":["http:\/\/www.bellunopress.it","https:\/\/x.com\/bellunopress"],"url":"https:\/\/www.bellunopress.it\/fr\/author\/redazione\/"}]}},"_links":{"self":[{"href":"https:\/\/www.bellunopress.it\/fr\/wp-json\/wp\/v2\/posts\/166136","targetHints":{"allow":["GET"]}}],"collection":[{"href":"https:\/\/www.bellunopress.it\/fr\/wp-json\/wp\/v2\/posts"}],"about":[{"href":"https:\/\/www.bellunopress.it\/fr\/wp-json\/wp\/v2\/types\/post"}],"author":[{"embeddable":true,"href":"https:\/\/www.bellunopress.it\/fr\/wp-json\/wp\/v2\/users\/2"}],"replies":[{"embeddable":true,"href":"https:\/\/www.bellunopress.it\/fr\/wp-json\/wp\/v2\/comments?post=166136"}],"version-history":[{"count":1,"href":"https:\/\/www.bellunopress.it\/fr\/wp-json\/wp\/v2\/posts\/166136\/revisions"}],"predecessor-version":[{"id":166139,"href":"https:\/\/www.bellunopress.it\/fr\/wp-json\/wp\/v2\/posts\/166136\/revisions\/166139"}],"wp:featuredmedia":[{"embeddable":true,"href":"https:\/\/www.bellunopress.it\/fr\/wp-json\/wp\/v2\/media\/166138"}],"wp:attachment":[{"href":"https:\/\/www.bellunopress.it\/fr\/wp-json\/wp\/v2\/media?parent=166136"}],"wp:term":[{"taxonomy":"category","embeddable":true,"href":"https:\/\/www.bellunopress.it\/fr\/wp-json\/wp\/v2\/categories?post=166136"},{"taxonomy":"post_tag","embeddable":true,"href":"https:\/\/www.bellunopress.it\/fr\/wp-json\/wp\/v2\/tags?post=166136"}],"curies":[{"name":"wp","href":"https:\/\/api.w.org\/{rel}","templated":true}]}}