{"id":166129,"date":"2025-12-31T09:44:13","date_gmt":"2025-12-31T08:44:13","guid":{"rendered":"https:\/\/www.bellunopress.it\/?p=166129"},"modified":"2025-12-31T09:44:13","modified_gmt":"2025-12-31T08:44:13","slug":"preparati-al-futuro-studenti-e-genitori-insieme-agli-incontri-di-orientamento-scolastico-della-camera-di-commercio","status":"publish","type":"post","link":"https:\/\/www.bellunopress.it\/fr\/2025\/12\/31\/preparati-al-futuro-studenti-e-genitori-insieme-agli-incontri-di-orientamento-scolastico-della-camera-di-commercio\/","title":{"rendered":"Preparati al futuro. Studenti e genitori insieme agli incontri di orientamento scolastico della Camera di Commercio"},"content":{"rendered":"<p><img loading=\"lazy\" decoding=\"async\" class=\"aligncenter size-full wp-image-166105\" src=\"https:\/\/www.bellunopress.it\/wp-content\/uploads\/2025\/12\/Giornata-dello-sport-Ponte-n-Alpi.jpg\" alt=\"\" width=\"600\" height=\"335\" srcset=\"https:\/\/www.bellunopress.it\/wp-content\/uploads\/2025\/12\/Giornata-dello-sport-Ponte-n-Alpi.jpg 600w, https:\/\/www.bellunopress.it\/wp-content\/uploads\/2025\/12\/Giornata-dello-sport-Ponte-n-Alpi-500x279.jpg 500w\" sizes=\"auto, (max-width: 600px) 100vw, 600px\" \/> <img loading=\"lazy\" decoding=\"async\" class=\"aligncenter size-full wp-image-166130\" src=\"https:\/\/www.bellunopress.it\/wp-content\/uploads\/2025\/12\/Preparati-al-futuro-Camera-commercio.jpeg\" alt=\"\" width=\"600\" height=\"259\" srcset=\"https:\/\/www.bellunopress.it\/wp-content\/uploads\/2025\/12\/Preparati-al-futuro-Camera-commercio.jpeg 600w, https:\/\/www.bellunopress.it\/wp-content\/uploads\/2025\/12\/Preparati-al-futuro-Camera-commercio-500x216.jpeg 500w\" sizes=\"auto, (max-width: 600px) 100vw, 600px\" \/>Treviso, 31 dicembre 2025 &#8211;\u00a0 La Camera di Commercio nel mese di novembre ha realizzato a Treviso e a Belluno due eventi di orientamento scolastico dal format innovativo.<\/p>\n<p>Gli incontri sono stati ideati per le studenti e gli studenti delle scuole medie accompagnati dai loro genitori, considerati presenza indispensabile per il ruolo primario della famiglia nelle decisioni formative.<\/p>\n<p>La frase &#8220;Preparati al futuro&#8221; \u00e8 stata scelta perch\u00e9 pu\u00f2 essere letta con un duplice accento: \u00e8 un invito (prep\u00e0rati!), ma anche un obiettivo (essere prepar\u00e0ti).<\/p>\n<p>Questo il senso dell&#8217;iniziativa realizzata dalla Camera di commercio di Treviso &#8211; Belluno |Dolomiti, con il supporto di &#8220;Lavoro &amp; Persone&#8221; ed in particolare del suo staff di &#8220;Formashow&#8221;, che del fare orientamento tramite il c.d. &#8220;edutainment&#8221; ha costruito una propria caratteristica distintiva.<\/p>\n<p>Il format \u00e8 innovativo proprio perch\u00e9 unisce educazione e intrattenimento.<\/p>\n<p>Il team di psicologi del lavoro e gli attori di Formashow hanno coinvolto i partecipanti in un&#8217;esperienza formativa dinamica ed emotivamente coinvolgente, caratterizzata da un linguaggio semplice e con esempi pratici e interazioni dirette.<\/p>\n<p>In particolare, imprenditori e collaboratori di un pool di aziende trevigiane e bellunesi, rappresentative di diversi settori economici, hanno condiviso testimonianze, esperienze e visioni sul futuro, offrendosi come una guida per i giovani, aiutandoli a riflettere in modo consapevole sulle proprie inclinazioni e a riflettere sulle future scelte formative e professionali.<\/p>\n<p>Straordinarie le imprese che hanno accettato di essere coinvolte in questa avventura.<\/p>\n<p><strong>Per l&#8217;evento di Treviso:<\/strong><\/p>\n<p>\u2022 Db Group SpA \u2013 Montebelluna (distribuzione, logistica, consulenza doganale)<\/p>\n<p>\u2022 Flow Srl \u2013 Conegliano (agenzia di marketing e comunicazione)<\/p>\n<p>\u2022 Granzotto Srl \u2013 Susegana (impianti industriali)<\/p>\n<p>\u2022 Labomar SpA \u2013 Istrana (integratori alimentari, dispositivi medici, cosmetici)<\/p>\n<p>\u2022 Mermec Group Spa \u2013 Morgano (Sistemi di diagnostica ferroviaria)<\/p>\n<p>\u2022 Ohvale Srl \u2013 Quinto di Treviso (moto e minimoto da competizione)<\/p>\n<p>Immagine che contiene vestiti, persona, uomo, donna<\/p>\n<p>Il contenuto generato dall&#8217;IA potrebbe non essere corretto.<\/p>\n<p><strong>Per l&#8217;evento di Belluno:<\/strong><\/p>\n<p>\u2022 Azienda Agricola Moldoi \u2013 Sospirolo (prodotti fitoterapici da piante e frutti delle Dolomiti)<\/p>\n<p>\u2022 Casere Luxury Lodge \u2013 Chies d&#8217;Alpago (turismo nell&#8217;altopiano)<\/p>\n<p>\u2022 Cooperativa Cadore \u2013 Pieve di Cadore (servizi per la comunit\u00e0)<\/p>\n<p>\u2022 Copeland Controls Srl \u2013 Alpago (sistemi di controllo elettronico per la catena del freddo)<\/p>\n<p>\u2022 Imap Srl \u2013 Sedico (frigoriferi industriali e sistemi di crioterapia)<\/p>\n<p>\u2022 Martini Occhiali Srl \u2013 Domegge di Cadore (Occhiali)<\/p>\n<p>Immagine che contiene persona, vestiti, interno, uomo<\/p>\n<p>Il contenuto generato dall&#8217;IA potrebbe non essere corretto.<\/p>\n<p>Il commento del Presidente Mario Pozza<\/p>\n<p>Ringrazio le imprese che hanno dedicato il proprio tempo negli incontri con gli studenti sia a Treviso che a Belluno perch\u00e9 questi eventi, voluti dalla Camera di Commercio, hanno permesso a studenti e genitori di conoscere da vicino e interagire con persone, imprenditori e tecnici che ogni giorno affermano nel mondo l&#8217;eccellenza delle nostre produzioni e dei nostri servizi comprendendo e conoscendo da vicino cosa offre il nostro territorio \u2013 commenta il Presidente della Camera di commercio di Treviso &#8211; Belluno|Dolomiti, Mario Pozza \u2013 .<\/p>\n<p>Siamo convinti che il dialogo diretto e la conoscenza sul campo, siano la via migliore per raccontare le aziende e i loro professionisti. Questo approccio \u00e8 fondamentale per far scoprire ai giovani le nostre imprese e come esse siano veri contesti evoluti, capaci di cogliere le trasformazioni digitali e la spinta alla sostenibilit\u00e0. Ma, soprattutto, investendo sul capitale umano e in particolare sui giovani, fanno crescere le competenze superando cos\u00ec, le vecchie distinzioni tra lavoro intellettuale e operativo.<\/p>\n<p>\u00c8 indispensabile \u2013 conclude Pozza &#8211; raccontare queste realt\u00e0 e coinvolgere le giovani generazioni affinch\u00e9 possano scegliere con assoluta serenit\u00e0 tutte le possibilit\u00e0 che il nostro sistema di formazione e del fare impresa mette in campo.<\/p>","protected":false},"excerpt":{"rendered":"<p>Treviso, 31 dicembre 2025 &#8211;\u00a0 La Camera di Commercio nel mese di novembre ha realizzato a Treviso e a Belluno due eventi di orientamento scolastico dal format innovativo. Gli incontri sono stati ideati per le studenti e gli studenti delle scuole medie accompagnati dai loro genitori, considerati presenza indispensabile per il ruolo primario della famiglia [&hellip;]<\/p>\n","protected":false},"author":2,"featured_media":166130,"comment_status":"closed","ping_status":"open","sticky":false,"template":"","format":"standard","meta":{"footnotes":""},"categories":[36,15],"tags":[],"class_list":["post-166129","post","type-post","status-publish","format-standard","has-post-thumbnail","category-lavoro-economia","category-scuola"],"yoast_head":"<!-- This site is optimized with the Yoast SEO plugin v28.4 - https:\/\/yoast.com\/product\/yoast-seo-wordpress\/ -->\n<title>Preparati al futuro. Studenti e genitori insieme agli incontri di orientamento scolastico della Camera di Commercio - Bellunopress - Dolomiti<\/title>\n<meta name=\"robots\" content=\"index, follow, max-snippet:-1, max-image-preview:large, max-video-preview:-1\" \/>\n<link rel=\"canonical\" href=\"https:\/\/www.bellunopress.it\/fr\/2025\/12\/31\/preparati-al-futuro-studenti-e-genitori-insieme-agli-incontri-di-orientamento-scolastico-della-camera-di-commercio\/\" \/>\n<meta property=\"og:locale\" content=\"fr_FR\" \/>\n<meta property=\"og:type\" content=\"article\" \/>\n<meta property=\"og:title\" content=\"Preparati al futuro. Studenti e genitori insieme agli incontri di orientamento scolastico della Camera di Commercio - Bellunopress - Dolomiti\" \/>\n<meta property=\"og:description\" content=\"Treviso, 31 dicembre 2025 &#8211;\u00a0 La Camera di Commercio nel mese di novembre ha realizzato a Treviso e a Belluno due eventi di orientamento scolastico dal format innovativo. Gli incontri sono stati ideati per le studenti e gli studenti delle scuole medie accompagnati dai loro genitori, considerati presenza indispensabile per il ruolo primario della famiglia [&hellip;]\" \/>\n<meta property=\"og:url\" content=\"https:\/\/www.bellunopress.it\/fr\/2025\/12\/31\/preparati-al-futuro-studenti-e-genitori-insieme-agli-incontri-di-orientamento-scolastico-della-camera-di-commercio\/\" \/>\n<meta property=\"og:site_name\" content=\"Bellunopress - Dolomiti\" \/>\n<meta property=\"article:publisher\" content=\"https:\/\/www.facebook.com\/profile.php?id=100008943462799\" \/>\n<meta property=\"article:published_time\" content=\"2025-12-31T08:44:13+00:00\" \/>\n<meta property=\"og:image\" content=\"https:\/\/www.bellunopress.it\/wp-content\/uploads\/2025\/12\/Preparati-al-futuro-Camera-commercio.jpeg\" \/>\n\t<meta property=\"og:image:width\" content=\"600\" \/>\n\t<meta property=\"og:image:height\" content=\"259\" \/>\n\t<meta property=\"og:image:type\" content=\"image\/jpeg\" \/>\n<meta name=\"author\" content=\"redazione\" \/>\n<meta name=\"twitter:card\" content=\"summary_large_image\" \/>\n<meta name=\"twitter:creator\" content=\"@bellunopress\" \/>\n<meta name=\"twitter:site\" content=\"@bellunopress\" \/>\n<meta name=\"twitter:label1\" content=\"\u00c9crit par\" \/>\n\t<meta name=\"twitter:data1\" content=\"redazione\" \/>\n\t<meta name=\"twitter:label2\" content=\"Dur\u00e9e de lecture estim\u00e9e\" \/>\n\t<meta name=\"twitter:data2\" content=\"3 minutes\" \/>\n<script type=\"application\/ld+json\" class=\"yoast-schema-graph\">{\"@context\":\"https:\\\/\\\/schema.org\",\"@graph\":[{\"@type\":\"Article\",\"@id\":\"https:\\\/\\\/www.bellunopress.it\\\/2025\\\/12\\\/31\\\/preparati-al-futuro-studenti-e-genitori-insieme-agli-incontri-di-orientamento-scolastico-della-camera-di-commercio\\\/#article\",\"isPartOf\":{\"@id\":\"https:\\\/\\\/www.bellunopress.it\\\/2025\\\/12\\\/31\\\/preparati-al-futuro-studenti-e-genitori-insieme-agli-incontri-di-orientamento-scolastico-della-camera-di-commercio\\\/\"},\"author\":{\"name\":\"redazione\",\"@id\":\"https:\\\/\\\/www.bellunopress.it\\\/#\\\/schema\\\/person\\\/79bb06722b37ece1c03d3e94beb30d73\"},\"headline\":\"Preparati al futuro. Studenti e genitori insieme agli incontri di orientamento scolastico della Camera di Commercio\",\"datePublished\":\"2025-12-31T08:44:13+00:00\",\"mainEntityOfPage\":{\"@id\":\"https:\\\/\\\/www.bellunopress.it\\\/2025\\\/12\\\/31\\\/preparati-al-futuro-studenti-e-genitori-insieme-agli-incontri-di-orientamento-scolastico-della-camera-di-commercio\\\/\"},\"wordCount\":599,\"publisher\":{\"@id\":\"https:\\\/\\\/www.bellunopress.it\\\/#organization\"},\"image\":{\"@id\":\"https:\\\/\\\/www.bellunopress.it\\\/2025\\\/12\\\/31\\\/preparati-al-futuro-studenti-e-genitori-insieme-agli-incontri-di-orientamento-scolastico-della-camera-di-commercio\\\/#primaryimage\"},\"thumbnailUrl\":\"https:\\\/\\\/www.bellunopress.it\\\/wp-content\\\/uploads\\\/2025\\\/12\\\/Preparati-al-futuro-Camera-commercio.jpeg\",\"articleSection\":[\"Lavoro, Economia, Turismo\",\"Scuola\"],\"inLanguage\":\"fr-FR\"},{\"@type\":\"WebPage\",\"@id\":\"https:\\\/\\\/www.bellunopress.it\\\/2025\\\/12\\\/31\\\/preparati-al-futuro-studenti-e-genitori-insieme-agli-incontri-di-orientamento-scolastico-della-camera-di-commercio\\\/\",\"url\":\"https:\\\/\\\/www.bellunopress.it\\\/2025\\\/12\\\/31\\\/preparati-al-futuro-studenti-e-genitori-insieme-agli-incontri-di-orientamento-scolastico-della-camera-di-commercio\\\/\",\"name\":\"Preparati al futuro. Studenti e genitori insieme agli incontri di orientamento scolastico della Camera di Commercio - Bellunopress - Dolomiti\",\"isPartOf\":{\"@id\":\"https:\\\/\\\/www.bellunopress.it\\\/#website\"},\"primaryImageOfPage\":{\"@id\":\"https:\\\/\\\/www.bellunopress.it\\\/2025\\\/12\\\/31\\\/preparati-al-futuro-studenti-e-genitori-insieme-agli-incontri-di-orientamento-scolastico-della-camera-di-commercio\\\/#primaryimage\"},\"image\":{\"@id\":\"https:\\\/\\\/www.bellunopress.it\\\/2025\\\/12\\\/31\\\/preparati-al-futuro-studenti-e-genitori-insieme-agli-incontri-di-orientamento-scolastico-della-camera-di-commercio\\\/#primaryimage\"},\"thumbnailUrl\":\"https:\\\/\\\/www.bellunopress.it\\\/wp-content\\\/uploads\\\/2025\\\/12\\\/Preparati-al-futuro-Camera-commercio.jpeg\",\"datePublished\":\"2025-12-31T08:44:13+00:00\",\"breadcrumb\":{\"@id\":\"https:\\\/\\\/www.bellunopress.it\\\/2025\\\/12\\\/31\\\/preparati-al-futuro-studenti-e-genitori-insieme-agli-incontri-di-orientamento-scolastico-della-camera-di-commercio\\\/#breadcrumb\"},\"inLanguage\":\"fr-FR\",\"potentialAction\":[{\"@type\":\"ReadAction\",\"target\":[\"https:\\\/\\\/www.bellunopress.it\\\/2025\\\/12\\\/31\\\/preparati-al-futuro-studenti-e-genitori-insieme-agli-incontri-di-orientamento-scolastico-della-camera-di-commercio\\\/\"]}]},{\"@type\":\"ImageObject\",\"inLanguage\":\"fr-FR\",\"@id\":\"https:\\\/\\\/www.bellunopress.it\\\/2025\\\/12\\\/31\\\/preparati-al-futuro-studenti-e-genitori-insieme-agli-incontri-di-orientamento-scolastico-della-camera-di-commercio\\\/#primaryimage\",\"url\":\"https:\\\/\\\/www.bellunopress.it\\\/wp-content\\\/uploads\\\/2025\\\/12\\\/Preparati-al-futuro-Camera-commercio.jpeg\",\"contentUrl\":\"https:\\\/\\\/www.bellunopress.it\\\/wp-content\\\/uploads\\\/2025\\\/12\\\/Preparati-al-futuro-Camera-commercio.jpeg\",\"width\":600,\"height\":259},{\"@type\":\"BreadcrumbList\",\"@id\":\"https:\\\/\\\/www.bellunopress.it\\\/2025\\\/12\\\/31\\\/preparati-al-futuro-studenti-e-genitori-insieme-agli-incontri-di-orientamento-scolastico-della-camera-di-commercio\\\/#breadcrumb\",\"itemListElement\":[{\"@type\":\"ListItem\",\"position\":1,\"name\":\"Home\",\"item\":\"https:\\\/\\\/www.bellunopress.it\\\/\"},{\"@type\":\"ListItem\",\"position\":2,\"name\":\"Preparati al futuro. Studenti e genitori insieme agli incontri di orientamento scolastico della Camera di Commercio\"}]},{\"@type\":\"WebSite\",\"@id\":\"https:\\\/\\\/www.bellunopress.it\\\/#website\",\"url\":\"https:\\\/\\\/www.bellunopress.it\\\/\",\"name\":\"Bellunopress - Dolomiti\",\"description\":\"e-mail: redazione@bellunopress.it\",\"publisher\":{\"@id\":\"https:\\\/\\\/www.bellunopress.it\\\/#organization\"},\"potentialAction\":[{\"@type\":\"SearchAction\",\"target\":{\"@type\":\"EntryPoint\",\"urlTemplate\":\"https:\\\/\\\/www.bellunopress.it\\\/?s={search_term_string}\"},\"query-input\":{\"@type\":\"PropertyValueSpecification\",\"valueRequired\":true,\"valueName\":\"search_term_string\"}}],\"inLanguage\":\"fr-FR\"},{\"@type\":\"Organization\",\"@id\":\"https:\\\/\\\/www.bellunopress.it\\\/#organization\",\"name\":\"Bellunopress\",\"url\":\"https:\\\/\\\/www.bellunopress.it\\\/\",\"logo\":{\"@type\":\"ImageObject\",\"inLanguage\":\"fr-FR\",\"@id\":\"https:\\\/\\\/www.bellunopress.it\\\/#\\\/schema\\\/logo\\\/image\\\/\",\"url\":\"https:\\\/\\\/www.bellunopress.it\\\/wp-content\\\/uploads\\\/2011\\\/05\\\/cropped-logo-bellunopress-.jpg\",\"contentUrl\":\"https:\\\/\\\/www.bellunopress.it\\\/wp-content\\\/uploads\\\/2011\\\/05\\\/cropped-logo-bellunopress-.jpg\",\"width\":512,\"height\":512,\"caption\":\"Bellunopress\"},\"image\":{\"@id\":\"https:\\\/\\\/www.bellunopress.it\\\/#\\\/schema\\\/logo\\\/image\\\/\"},\"sameAs\":[\"https:\\\/\\\/www.facebook.com\\\/profile.php?id=100008943462799\",\"https:\\\/\\\/x.com\\\/bellunopress\",\"https:\\\/\\\/www.linkedin.com\\\/hp\\\/?dnr=JBzUWaJfMUw8vbXJJ2tVW5-I3jZKvC4wsoxE&amp;amp;amp;amp;amp;amp;trk=nav_responsive_tab_home\",\"https:\\\/\\\/www.youtube.com\\\/channel\\\/UCxL0wu1uN0_3_7hGG0306cw\"]},{\"@type\":\"Person\",\"@id\":\"https:\\\/\\\/www.bellunopress.it\\\/#\\\/schema\\\/person\\\/79bb06722b37ece1c03d3e94beb30d73\",\"name\":\"redazione\",\"image\":{\"@type\":\"ImageObject\",\"inLanguage\":\"fr-FR\",\"@id\":\"https:\\\/\\\/secure.gravatar.com\\\/avatar\\\/37d968a2e67a6fd04c169c4bdef102d0bc5d31b2546345219e348575eb80e9a0?s=96&d=mm&r=g\",\"url\":\"https:\\\/\\\/secure.gravatar.com\\\/avatar\\\/37d968a2e67a6fd04c169c4bdef102d0bc5d31b2546345219e348575eb80e9a0?s=96&d=mm&r=g\",\"contentUrl\":\"https:\\\/\\\/secure.gravatar.com\\\/avatar\\\/37d968a2e67a6fd04c169c4bdef102d0bc5d31b2546345219e348575eb80e9a0?s=96&d=mm&r=g\",\"caption\":\"redazione\"},\"sameAs\":[\"http:\\\/\\\/www.bellunopress.it\",\"https:\\\/\\\/x.com\\\/bellunopress\"],\"url\":\"https:\\\/\\\/www.bellunopress.it\\\/fr\\\/author\\\/redazione\\\/\"}]}<\/script>\n<!-- \/ Yoast SEO plugin. -->","yoast_head_json":{"title":"Preparati al futuro. Studenti e genitori insieme agli incontri di orientamento scolastico della Camera di Commercio - Bellunopress - Dolomiti","robots":{"index":"index","follow":"follow","max-snippet":"max-snippet:-1","max-image-preview":"max-image-preview:large","max-video-preview":"max-video-preview:-1"},"canonical":"https:\/\/www.bellunopress.it\/fr\/2025\/12\/31\/preparati-al-futuro-studenti-e-genitori-insieme-agli-incontri-di-orientamento-scolastico-della-camera-di-commercio\/","og_locale":"fr_FR","og_type":"article","og_title":"Preparati al futuro. Studenti e genitori insieme agli incontri di orientamento scolastico della Camera di Commercio - Bellunopress - Dolomiti","og_description":"Treviso, 31 dicembre 2025 &#8211;\u00a0 La Camera di Commercio nel mese di novembre ha realizzato a Treviso e a Belluno due eventi di orientamento scolastico dal format innovativo. Gli incontri sono stati ideati per le studenti e gli studenti delle scuole medie accompagnati dai loro genitori, considerati presenza indispensabile per il ruolo primario della famiglia [&hellip;]","og_url":"https:\/\/www.bellunopress.it\/fr\/2025\/12\/31\/preparati-al-futuro-studenti-e-genitori-insieme-agli-incontri-di-orientamento-scolastico-della-camera-di-commercio\/","og_site_name":"Bellunopress - Dolomiti","article_publisher":"https:\/\/www.facebook.com\/profile.php?id=100008943462799","article_published_time":"2025-12-31T08:44:13+00:00","og_image":[{"width":600,"height":259,"url":"https:\/\/www.bellunopress.it\/wp-content\/uploads\/2025\/12\/Preparati-al-futuro-Camera-commercio.jpeg","type":"image\/jpeg"}],"author":"redazione","twitter_card":"summary_large_image","twitter_creator":"@bellunopress","twitter_site":"@bellunopress","twitter_misc":{"\u00c9crit par":"redazione","Dur\u00e9e de lecture estim\u00e9e":"3 minutes"},"schema":{"@context":"https:\/\/schema.org","@graph":[{"@type":"Article","@id":"https:\/\/www.bellunopress.it\/2025\/12\/31\/preparati-al-futuro-studenti-e-genitori-insieme-agli-incontri-di-orientamento-scolastico-della-camera-di-commercio\/#article","isPartOf":{"@id":"https:\/\/www.bellunopress.it\/2025\/12\/31\/preparati-al-futuro-studenti-e-genitori-insieme-agli-incontri-di-orientamento-scolastico-della-camera-di-commercio\/"},"author":{"name":"redazione","@id":"https:\/\/www.bellunopress.it\/#\/schema\/person\/79bb06722b37ece1c03d3e94beb30d73"},"headline":"Preparati al futuro. Studenti e genitori insieme agli incontri di orientamento scolastico della Camera di Commercio","datePublished":"2025-12-31T08:44:13+00:00","mainEntityOfPage":{"@id":"https:\/\/www.bellunopress.it\/2025\/12\/31\/preparati-al-futuro-studenti-e-genitori-insieme-agli-incontri-di-orientamento-scolastico-della-camera-di-commercio\/"},"wordCount":599,"publisher":{"@id":"https:\/\/www.bellunopress.it\/#organization"},"image":{"@id":"https:\/\/www.bellunopress.it\/2025\/12\/31\/preparati-al-futuro-studenti-e-genitori-insieme-agli-incontri-di-orientamento-scolastico-della-camera-di-commercio\/#primaryimage"},"thumbnailUrl":"https:\/\/www.bellunopress.it\/wp-content\/uploads\/2025\/12\/Preparati-al-futuro-Camera-commercio.jpeg","articleSection":["Lavoro, Economia, Turismo","Scuola"],"inLanguage":"fr-FR"},{"@type":"WebPage","@id":"https:\/\/www.bellunopress.it\/2025\/12\/31\/preparati-al-futuro-studenti-e-genitori-insieme-agli-incontri-di-orientamento-scolastico-della-camera-di-commercio\/","url":"https:\/\/www.bellunopress.it\/2025\/12\/31\/preparati-al-futuro-studenti-e-genitori-insieme-agli-incontri-di-orientamento-scolastico-della-camera-di-commercio\/","name":"Preparati al futuro. Studenti e genitori insieme agli incontri di orientamento scolastico della Camera di Commercio - Bellunopress - Dolomiti","isPartOf":{"@id":"https:\/\/www.bellunopress.it\/#website"},"primaryImageOfPage":{"@id":"https:\/\/www.bellunopress.it\/2025\/12\/31\/preparati-al-futuro-studenti-e-genitori-insieme-agli-incontri-di-orientamento-scolastico-della-camera-di-commercio\/#primaryimage"},"image":{"@id":"https:\/\/www.bellunopress.it\/2025\/12\/31\/preparati-al-futuro-studenti-e-genitori-insieme-agli-incontri-di-orientamento-scolastico-della-camera-di-commercio\/#primaryimage"},"thumbnailUrl":"https:\/\/www.bellunopress.it\/wp-content\/uploads\/2025\/12\/Preparati-al-futuro-Camera-commercio.jpeg","datePublished":"2025-12-31T08:44:13+00:00","breadcrumb":{"@id":"https:\/\/www.bellunopress.it\/2025\/12\/31\/preparati-al-futuro-studenti-e-genitori-insieme-agli-incontri-di-orientamento-scolastico-della-camera-di-commercio\/#breadcrumb"},"inLanguage":"fr-FR","potentialAction":[{"@type":"ReadAction","target":["https:\/\/www.bellunopress.it\/2025\/12\/31\/preparati-al-futuro-studenti-e-genitori-insieme-agli-incontri-di-orientamento-scolastico-della-camera-di-commercio\/"]}]},{"@type":"ImageObject","inLanguage":"fr-FR","@id":"https:\/\/www.bellunopress.it\/2025\/12\/31\/preparati-al-futuro-studenti-e-genitori-insieme-agli-incontri-di-orientamento-scolastico-della-camera-di-commercio\/#primaryimage","url":"https:\/\/www.bellunopress.it\/wp-content\/uploads\/2025\/12\/Preparati-al-futuro-Camera-commercio.jpeg","contentUrl":"https:\/\/www.bellunopress.it\/wp-content\/uploads\/2025\/12\/Preparati-al-futuro-Camera-commercio.jpeg","width":600,"height":259},{"@type":"BreadcrumbList","@id":"https:\/\/www.bellunopress.it\/2025\/12\/31\/preparati-al-futuro-studenti-e-genitori-insieme-agli-incontri-di-orientamento-scolastico-della-camera-di-commercio\/#breadcrumb","itemListElement":[{"@type":"ListItem","position":1,"name":"Home","item":"https:\/\/www.bellunopress.it\/"},{"@type":"ListItem","position":2,"name":"Preparati al futuro. Studenti e genitori insieme agli incontri di orientamento scolastico della Camera di Commercio"}]},{"@type":"WebSite","@id":"https:\/\/www.bellunopress.it\/#website","url":"https:\/\/www.bellunopress.it\/","name":"Bellunopress - Dolomiti","description":"e-mail: redazione@bellunopress.it","publisher":{"@id":"https:\/\/www.bellunopress.it\/#organization"},"potentialAction":[{"@type":"SearchAction","target":{"@type":"EntryPoint","urlTemplate":"https:\/\/www.bellunopress.it\/?s={search_term_string}"},"query-input":{"@type":"PropertyValueSpecification","valueRequired":true,"valueName":"search_term_string"}}],"inLanguage":"fr-FR"},{"@type":"Organization","@id":"https:\/\/www.bellunopress.it\/#organization","name":"Bellunopress","url":"https:\/\/www.bellunopress.it\/","logo":{"@type":"ImageObject","inLanguage":"fr-FR","@id":"https:\/\/www.bellunopress.it\/#\/schema\/logo\/image\/","url":"https:\/\/www.bellunopress.it\/wp-content\/uploads\/2011\/05\/cropped-logo-bellunopress-.jpg","contentUrl":"https:\/\/www.bellunopress.it\/wp-content\/uploads\/2011\/05\/cropped-logo-bellunopress-.jpg","width":512,"height":512,"caption":"Bellunopress"},"image":{"@id":"https:\/\/www.bellunopress.it\/#\/schema\/logo\/image\/"},"sameAs":["https:\/\/www.facebook.com\/profile.php?id=100008943462799","https:\/\/x.com\/bellunopress","https:\/\/www.linkedin.com\/hp\/?dnr=JBzUWaJfMUw8vbXJJ2tVW5-I3jZKvC4wsoxE&amp;amp;amp;amp;amp;amp;trk=nav_responsive_tab_home","https:\/\/www.youtube.com\/channel\/UCxL0wu1uN0_3_7hGG0306cw"]},{"@type":"Person","@id":"https:\/\/www.bellunopress.it\/#\/schema\/person\/79bb06722b37ece1c03d3e94beb30d73","name":"r\u00e9daction","image":{"@type":"ImageObject","inLanguage":"fr-FR","@id":"https:\/\/secure.gravatar.com\/avatar\/37d968a2e67a6fd04c169c4bdef102d0bc5d31b2546345219e348575eb80e9a0?s=96&d=mm&r=g","url":"https:\/\/secure.gravatar.com\/avatar\/37d968a2e67a6fd04c169c4bdef102d0bc5d31b2546345219e348575eb80e9a0?s=96&d=mm&r=g","contentUrl":"https:\/\/secure.gravatar.com\/avatar\/37d968a2e67a6fd04c169c4bdef102d0bc5d31b2546345219e348575eb80e9a0?s=96&d=mm&r=g","caption":"redazione"},"sameAs":["http:\/\/www.bellunopress.it","https:\/\/x.com\/bellunopress"],"url":"https:\/\/www.bellunopress.it\/fr\/author\/redazione\/"}]}},"_links":{"self":[{"href":"https:\/\/www.bellunopress.it\/fr\/wp-json\/wp\/v2\/posts\/166129","targetHints":{"allow":["GET"]}}],"collection":[{"href":"https:\/\/www.bellunopress.it\/fr\/wp-json\/wp\/v2\/posts"}],"about":[{"href":"https:\/\/www.bellunopress.it\/fr\/wp-json\/wp\/v2\/types\/post"}],"author":[{"embeddable":true,"href":"https:\/\/www.bellunopress.it\/fr\/wp-json\/wp\/v2\/users\/2"}],"replies":[{"embeddable":true,"href":"https:\/\/www.bellunopress.it\/fr\/wp-json\/wp\/v2\/comments?post=166129"}],"version-history":[{"count":1,"href":"https:\/\/www.bellunopress.it\/fr\/wp-json\/wp\/v2\/posts\/166129\/revisions"}],"predecessor-version":[{"id":166131,"href":"https:\/\/www.bellunopress.it\/fr\/wp-json\/wp\/v2\/posts\/166129\/revisions\/166131"}],"wp:featuredmedia":[{"embeddable":true,"href":"https:\/\/www.bellunopress.it\/fr\/wp-json\/wp\/v2\/media\/166130"}],"wp:attachment":[{"href":"https:\/\/www.bellunopress.it\/fr\/wp-json\/wp\/v2\/media?parent=166129"}],"wp:term":[{"taxonomy":"category","embeddable":true,"href":"https:\/\/www.bellunopress.it\/fr\/wp-json\/wp\/v2\/categories?post=166129"},{"taxonomy":"post_tag","embeddable":true,"href":"https:\/\/www.bellunopress.it\/fr\/wp-json\/wp\/v2\/tags?post=166129"}],"curies":[{"name":"wp","href":"https:\/\/api.w.org\/{rel}","templated":true}]}}