{"id":166127,"date":"2025-12-31T09:06:48","date_gmt":"2025-12-31T08:06:48","guid":{"rendered":"https:\/\/www.bellunopress.it\/?p=166127"},"modified":"2025-12-31T09:06:48","modified_gmt":"2025-12-31T08:06:48","slug":"il-gruppo-consiliare-insieme-per-belluno-bene-comune-fa-il-bilancio-della-gestione-de-pellegrin","status":"publish","type":"post","link":"https:\/\/www.bellunopress.it\/fr\/2025\/12\/31\/il-gruppo-consiliare-insieme-per-belluno-bene-comune-fa-il-bilancio-della-gestione-de-pellegrin\/","title":{"rendered":"Il gruppo consiliare Insieme per Belluno Bene Comune fa il bilancio della gestione De Pellegrin"},"content":{"rendered":"<figure id=\"attachment_139515\" aria-describedby=\"caption-attachment-139515\" style=\"width: 1000px\" class=\"wp-caption aligncenter\"><img loading=\"lazy\" decoding=\"async\" class=\"size-full wp-image-139515\" src=\"https:\/\/www.bellunopress.it\/wp-content\/uploads\/2023\/02\/Insieme-per-Belluno-Bene-comune_edited.jpg\" alt=\"Gruppo Insieme per Belluno\" width=\"1000\" height=\"1000\" srcset=\"https:\/\/www.bellunopress.it\/wp-content\/uploads\/2023\/02\/Insieme-per-Belluno-Bene-comune_edited.jpg 1000w, https:\/\/www.bellunopress.it\/wp-content\/uploads\/2023\/02\/Insieme-per-Belluno-Bene-comune_edited-500x500.jpg 500w, https:\/\/www.bellunopress.it\/wp-content\/uploads\/2023\/02\/Insieme-per-Belluno-Bene-comune_edited-300x300.jpg 300w, https:\/\/www.bellunopress.it\/wp-content\/uploads\/2023\/02\/Insieme-per-Belluno-Bene-comune_edited-696x696.jpg 696w, https:\/\/www.bellunopress.it\/wp-content\/uploads\/2023\/02\/Insieme-per-Belluno-Bene-comune_edited-420x420.jpg 420w\" sizes=\"auto, (max-width: 1000px) 100vw, 1000px\" \/><figcaption id=\"caption-attachment-139515\" class=\"wp-caption-text\">Gruppo Insieme per Belluno Bene Comune<\/figcaption><\/figure>\n<p><strong>Voto negativo alla giunta De Pellegrin e i suoi litigiosi consiglieri<\/strong><\/p>\n<p>Belluno, 31 dicembre 2025 &#8211; Fine anno, e campanella dell\u2019ultimo giro, per la giunta De Pellegrin e per la sua maggioranza traballante che inizia il suo ultimo anno prima del rinnovo amministrativo della primavera 2027.<\/p>\n<p>Pezzo dopo pezzo, il sindaco ha licenziato prima il suo presidente della Fondazione Teatri, Massimo Ferigutti, poi ha perso per strada un paio di assessori (Simonetta Buttignon e Franco Roccon) entrambi scaricati senza tante storie, perch\u00e9 tanto gli assessori non contano, al momento del voto in aula, mentre conta il sostegno al Sindaco.<\/p>\n<p>Un fine nobilissimo che pu\u00f2 giustificare un cambio di casacca al volo (De Kunovich passata dalla Lega a Forza Italia), come dimostra platealmente il panorama della tenuta della maggioranza, che dopo aver lasciato per strada Trabucco, dopo aver visto il cambio di nome e di schieramento del \u201cPatto per Belluno\u201d (ex \u201cNoi con Oscar\u201d), dopo aver riacciuffato per un pelo il consigliere Garzotto che ormai siede nel gruppo misto, ha ora la sua spina nel fianco rappresentata dagli ex leghisti La Grua e Ferro, oggi con Forza Italia e fuori dalla giunta, che ogni volta lasciano sindaco e colleghi con il fiato sospeso ad ogni votazione, pur continuando ad essere lasciati ai margini del tavolo che conta.<\/p>\n<p>Sempre meglio che i due \u201cFratelli d\u2019Italia\u201d che, secondo le cronache di stampa e giudiziarie, sarebbero passati alle mani durante una riunione a Palazzo Rosso, finendo prima dal medico e poi in tribunale per una nobilissima vicenda di spartizione delle baracche del pastin.<\/p>\n<p>Il momento pi\u00f9 basso della faticosa rincorsa alla tenuta di una qualsiasi maggioranza lo si \u00e8 visto nell\u2019ultimo Consiglio, quando il vicesindaco Gamba ha portato in aula l\u2019 ordine del giorno voluto e votato all\u2019unanimit\u00e0 dal comune di Feltre (del loro stesso colore) a difesa del polo storico dell\u2019alluminio feltrino, e alla fine di un\u2019imbarazzante sceneggiata, pur di garantirsi i due voti di Forza Italia che aveva chiesto una squalificante modifica del testo, hanno preferito salvare la maggioranza votando un testo che non teneva conto del Comune di Feltre ed era pi\u00f9 preoccupato di non urtare i dirigenti scandinavi dell\u2019azienda in crisi che non i lavoratori che rischiano di perdere lavoro e futuro.<\/p>\n<figure id=\"attachment_133023\" aria-describedby=\"caption-attachment-133023\" style=\"width: 1000px\" class=\"wp-caption aligncenter\"><img loading=\"lazy\" decoding=\"async\" class=\"size-full wp-image-133023\" src=\"https:\/\/www.bellunopress.it\/wp-content\/uploads\/2022\/04\/francesco-rasera-berna-1_edited.jpg\" alt=\"\" width=\"1000\" height=\"849\" srcset=\"https:\/\/www.bellunopress.it\/wp-content\/uploads\/2022\/04\/francesco-rasera-berna-1_edited.jpg 1000w, https:\/\/www.bellunopress.it\/wp-content\/uploads\/2022\/04\/francesco-rasera-berna-1_edited-500x425.jpg 500w, https:\/\/www.bellunopress.it\/wp-content\/uploads\/2022\/04\/francesco-rasera-berna-1_edited-696x591.jpg 696w, https:\/\/www.bellunopress.it\/wp-content\/uploads\/2022\/04\/francesco-rasera-berna-1_edited-495x420.jpg 495w\" sizes=\"auto, (max-width: 1000px) 100vw, 1000px\" \/><figcaption id=\"caption-attachment-133023\" class=\"wp-caption-text\">Francesco Rasera Berna, avvocato<\/figcaption><\/figure>\n<p>Come spiega Francesco Rasera Berna, con l&#8217;anno che sui chiude due sono le cose che ritengo di sottolineare: le frazioni e l\u2019area ex Agip.<\/p>\n<p>Le frazioni erano state presentate come uno dei principali biglietti da visita dell&#8217;amministrazione, un grande passo avanti nella partecipazione dei cittadini, ed invece, purtroppo, grazie ad un regolamento che non garantisce in nulla la effettiva possibilit\u00e0 dei cittadini di incidere sulle scelte amministrative impediscono ogni necessario rapporto e con il consiglio comunale e con i tempi ed i modi delle politiche di bilancio. Gi\u00e0 infatti le istanze di molti cittadini si scontrano con una evidente mancanza di attenzione della Giunta, n\u00e9 lo stanziamento in bilancio -rimasto per il 2026 lo stesso striminzito (da dividersi per 27) del 2025- rende possibili i principali interventi necessari.<br \/>\nL&#8217;esperienza di un anno rende evidente che il capitolo partecipazione va integralmente riscritto e che le comunit\u00e0 territoriali debbono poter intervenire nella fase di predisposizione del bilancio e verificare scelte e comportamenti conseguenti, anche tramite e con il Consiglio Comunale.<\/p>\n<p>Il Pua ex Agip: la novit\u00e0 con cui chiudiamo l&#8217;anno \u00e8 la notizia che viene chiesta una consulenza legale a fronte delle controdeduzioni alle osservazioni presentate dal comitato, da associazioni e da cittadini con cui abbiamo interloquito. Ci\u00f2 che stupisce \u00e8 che dopo oltre 3 anni dall&#8217;apertura di questa pratica e dopo che per la Giunta era gi\u00e0 tutto a posto con la delibera del 24.05.2023 e con le controdeduzioni approvate il 12.10.2023, salvo poi dover procedere con la variante urbanistica di competenza del Consiglio, l&#8217;amministrazione senta ora bisogno di approfondimenti.<br \/>\nCi\u00f2 vuol dire da una parte che le osservazioni non erano (o almeno non tutte) peregrine, dall&#8217;altra che gli approfondimenti anche e soprattutto con il territorio interessato (se alla partecipazione si assegna un ruolo effettivo) vanno fatti all&#8217;inizio del procedimento e non quando il piatto \u00e8 bello e confezionato come nell&#8217;assemblea di Baldenich del luglio scorso.<br \/>\nIn questo senso \u00e8 fondamentale che diventi buona regola la consultazione delle \u201cfrazioni\u201d prima di scelte urbanistiche rilevanti, e non a cose fatte.<\/p>\n<figure id=\"attachment_137613\" aria-describedby=\"caption-attachment-137613\" style=\"width: 1000px\" class=\"wp-caption aligncenter\"><img loading=\"lazy\" decoding=\"async\" class=\"size-full wp-image-137613\" src=\"https:\/\/www.bellunopress.it\/wp-content\/uploads\/2022\/11\/Ilenia-Bavasso_edited.jpg\" alt=\"\" width=\"1000\" height=\"695\" srcset=\"https:\/\/www.bellunopress.it\/wp-content\/uploads\/2022\/11\/Ilenia-Bavasso_edited.jpg 1000w, https:\/\/www.bellunopress.it\/wp-content\/uploads\/2022\/11\/Ilenia-Bavasso_edited-500x348.jpg 500w, https:\/\/www.bellunopress.it\/wp-content\/uploads\/2022\/11\/Ilenia-Bavasso_edited-696x484.jpg 696w, https:\/\/www.bellunopress.it\/wp-content\/uploads\/2022\/11\/Ilenia-Bavasso_edited-604x420.jpg 604w, https:\/\/www.bellunopress.it\/wp-content\/uploads\/2022\/11\/Ilenia-Bavasso_edited-100x70.jpg 100w\" sizes=\"auto, (max-width: 1000px) 100vw, 1000px\" \/><figcaption id=\"caption-attachment-137613\" class=\"wp-caption-text\">Ilenia Bavasso, avvocato<\/figcaption><\/figure>\n<p>La consigliera Ilenia Bavasso sottolinea che, stando a quanto appreso dalle recenti dichiarazioni degli amministratori comunali e in particolare del sindaco facente funzioni, Paolo Gamba, nel 2026 le grandi partite di questa giunta saranno il riordino di viabilit\u00e0 e parcheggi cittadini e l&#8217;ultimazione di alcune opere pubbliche.<br \/>\nRiguardo a quest&#8217;ultima dichiarazione, non volendo ribadire come tutti i cantieri sinora conclusi siano comunque frutto di contributi e progetti della precedente amministrazione, voglio invece ricordare edifici quali la Chiesa dei Gesuiti, utilizzato da questa amministrazione un&#8217;unica volta nel 2023 e poi mai pi\u00f9 riaperto, nonch\u00e9 una mia recente scoperta: a seguito della pulizia del Ponte degli Alpini, effettuata proprio su impulso di Gamba nel 2022 e costata 22.000 euro di soldi pubblici, sono stati fatti danni alla vernice e, a mia precisa interrogazione, proprio Gamba ha risposto che &#8220;Il Comune ha richiesto un preventivo per la di pintura e parti metalliche (parapetti) del ponte e lo stesso ammonta ad \u20ac. 300.000,00: il Comune proceder\u00e0 all&#8217;intervento reperite le risorse economiche necessarie&#8221;. Quindi noi abbiamo speso 22.000 euro per doverne spendere altri 300mila? Non mi sembra una gestione oculata delle finanze pubbliche. Riguardo allo stesso Ponte, \u00e8 opportuno oltretutto ricordare che nel 2022 era stata anche sostituita l&#8217;illuminazione, ad oggi non funzionante per circa la met\u00e0 dei led: ci si augura che i lavori di sostituzione dei corpi illuminanti stradali che verranno effettuati per l&#8217;efficentamento energetico, abbiano durata maggiore, altrimenti dovremo pensare che anche questo sia l&#8217;ennesimo sperpero di denaro dei cittadini.<\/p>\n<p>Non possiamo considerarci soddisfatti per\u00f2 n\u00e9 della mancata attenzione nei confronti di via Feltre (non solo oggetto di nostre interrogazioni ma anche protagonista di una petizione cittadina il cui esito non \u00e8 mai stato comunicato al consiglio comunale ma che possiamo ben intuire dalle condizioni di degrado su cui continua a versare la strada, che potrebbe essere peraltro un simbolo di mobilit\u00e0 sostenibile data l&#8217;utilit\u00e0 della ciclabile ivi contenuta), n\u00e9 delle scelte in tema di Mobilit\u00e0 Sostenibile. Sul PUMS abbiamo gi\u00e0 abbondantemente detto anche in merito alla sua difficile coniugazione con il futuro supermercato sull&#8217;area ex Agip (e siamo incuriositi dal fatto che anche le osservazioni presentate al riguardo siano infine talmente ostiche da richiedere l&#8217;intervento di uno studio legale privato). Ma a riprova del fatto che la mobilit\u00e0 sostenibile sembri non interessare davvero questa amministrazione &#8211; quindi non solo per le scelte inconsulte gi\u00e0 evidenziate nel PUMS &#8211; vi \u00e8 anche il mancato contributo finanziario per eventi e attivit\u00e0 a carattere sociale a FIAB, negato per il secondo anno di seguito nonostante il prezioso lavoro di questa associazione per la nostra citt\u00e0.<br \/>\nIn merito ai parcheggi: stadio, palazzetto dello sport, centro cittadino e non dimentichiamo l&#8217;ospedale. Sull&#8217;area del San Martino sappiamo che \u00e8 stato fatto un gran pasticcio e tuttora assistiamo a cartelli coperti e rimaniamo in attesa di capire se l&#8217;amministrazione avr\u00e0 il coraggio di prendere delle scelte e, come rispostomi ad aprile di quest&#8217;anno, se verranno poi condivise con il consiglio come promesso. Riguardo lo stadio, il 30 luglio 2024 Gamba rispose a mia interrogazione dicendo che sarebbero stati tolti solo 10 parcheggi quindi davvero mi lascia a bocca aperta quello che sta accadendo. Dal momento che anche al De Mas dovranno essere riparametrati i numeri dei parcheggi gratuiti, mi aspetto quindi il peggio. Nella stessa risposta del 2024 l&#8217;assessore mi rassicurava anche circa alcune nuove soste gratuite a disco orario di 30 min nel centro cittadino. Per ora anche questa soluzione rimane fantascienza e sta a noi decidere se crederci o meno.<\/p>\n<figure id=\"attachment_90669\" aria-describedby=\"caption-attachment-90669\" style=\"width: 200px\" class=\"wp-caption aligncenter\"><img loading=\"lazy\" decoding=\"async\" class=\"size-full wp-image-90669\" src=\"https:\/\/www.bellunopress.it\/wp-content\/uploads\/2017\/11\/Marco-Perale.jpg\" alt=\"\" width=\"200\" height=\"256\" \/><figcaption id=\"caption-attachment-90669\" class=\"wp-caption-text\">Marco Perale, giornalista, storico,\u00a0<\/figcaption><\/figure>\n<p>Il consigliere Marco Perale ricorda gli ultimi passaggi in aula dei nuovi confini delle frazioni, un pasticcio che ha richiesto di riportare al voto del Consiglio le decisioni ed i confini frettolosamente decisi un\u2019anno fa e gi\u00e0 dimostratisi inavvettabili per le comunit\u00e0 locali, evidentemente coinvolte in maniera del tutto inefficace al momento del varo delle \u201cnuove\u201d frazioni.<br \/>\nAltrettanto vuoti i capitoli della cultura, dove sembra che l\u2019arrivo del nuovo ministro Giuli, con la sua prosa tanto altisonante quanto inconsistente, offra finalmente un modello con cui confezionare e infiocchettare, in aula e sulla stampa, il \u201cpacco\u201d ahinoi vuoto che alla fine i bellunesi si sono ritrovati anche quest\u2019anno sotto l\u2019albero.<\/p>\n<p>Sintetica ma pungente la conclusione della capogruppo Lucia Olivotto: finita la spinta propulsiva dei progetti PNRR tutti ereditati dalla precedente amministrazione non si vede nulla all\u2019orizzonte.<\/p>\n<p>Cosa trover\u00e0 nei cassetti chi si insedier\u00e0 nel 2027?<\/p>\n<p><strong>Il gruppo consiliare Insieme per Belluno \u2013 Bene Comune<\/strong><\/p>\n<p>&nbsp;<\/p>","protected":false},"excerpt":{"rendered":"<p>Voto negativo alla giunta De Pellegrin e i suoi litigiosi consiglieri Belluno, 31 dicembre 2025 &#8211; Fine anno, e campanella dell\u2019ultimo giro, per la giunta De Pellegrin e per la sua maggioranza traballante che inizia il suo ultimo anno prima del rinnovo amministrativo della primavera 2027. Pezzo dopo pezzo, il sindaco ha licenziato prima il [&hellip;]<\/p>\n","protected":false},"author":2,"featured_media":139515,"comment_status":"closed","ping_status":"open","sticky":false,"template":"","format":"standard","meta":{"footnotes":""},"categories":[5,26],"tags":[],"class_list":["post-166127","post","type-post","status-publish","format-standard","has-post-thumbnail","category-cronaca","category-prima-pagina"],"yoast_head":"<!-- This site is optimized with the Yoast SEO plugin v28.4 - https:\/\/yoast.com\/product\/yoast-seo-wordpress\/ -->\n<title>Il gruppo consiliare Insieme per Belluno Bene Comune fa il bilancio della gestione De Pellegrin - Bellunopress - Dolomiti<\/title>\n<meta name=\"robots\" content=\"index, follow, max-snippet:-1, max-image-preview:large, max-video-preview:-1\" \/>\n<link rel=\"canonical\" href=\"https:\/\/www.bellunopress.it\/fr\/2025\/12\/31\/il-gruppo-consiliare-insieme-per-belluno-bene-comune-fa-il-bilancio-della-gestione-de-pellegrin\/\" \/>\n<meta property=\"og:locale\" content=\"fr_FR\" \/>\n<meta property=\"og:type\" content=\"article\" \/>\n<meta property=\"og:title\" content=\"Il gruppo consiliare Insieme per Belluno Bene Comune fa il bilancio della gestione De Pellegrin - Bellunopress - Dolomiti\" \/>\n<meta property=\"og:description\" content=\"Voto negativo alla giunta De Pellegrin e i suoi litigiosi consiglieri Belluno, 31 dicembre 2025 &#8211; Fine anno, e campanella dell\u2019ultimo giro, per la giunta De Pellegrin e per la sua maggioranza traballante che inizia il suo ultimo anno prima del rinnovo amministrativo della primavera 2027. Pezzo dopo pezzo, il sindaco ha licenziato prima il [&hellip;]\" \/>\n<meta property=\"og:url\" content=\"https:\/\/www.bellunopress.it\/fr\/2025\/12\/31\/il-gruppo-consiliare-insieme-per-belluno-bene-comune-fa-il-bilancio-della-gestione-de-pellegrin\/\" \/>\n<meta property=\"og:site_name\" content=\"Bellunopress - Dolomiti\" \/>\n<meta property=\"article:publisher\" content=\"https:\/\/www.facebook.com\/profile.php?id=100008943462799\" \/>\n<meta property=\"article:published_time\" content=\"2025-12-31T08:06:48+00:00\" \/>\n<meta property=\"og:image\" content=\"https:\/\/www.bellunopress.it\/wp-content\/uploads\/2023\/02\/Insieme-per-Belluno-Bene-comune_edited.jpg\" \/>\n\t<meta property=\"og:image:width\" content=\"1000\" \/>\n\t<meta property=\"og:image:height\" content=\"1000\" \/>\n\t<meta property=\"og:image:type\" content=\"image\/jpeg\" \/>\n<meta name=\"author\" content=\"redazione\" \/>\n<meta name=\"twitter:card\" content=\"summary_large_image\" \/>\n<meta name=\"twitter:creator\" content=\"@bellunopress\" \/>\n<meta name=\"twitter:site\" content=\"@bellunopress\" \/>\n<meta name=\"twitter:label1\" content=\"\u00c9crit par\" \/>\n\t<meta name=\"twitter:data1\" content=\"redazione\" \/>\n\t<meta name=\"twitter:label2\" content=\"Dur\u00e9e de lecture estim\u00e9e\" \/>\n\t<meta name=\"twitter:data2\" content=\"7 minutes\" \/>\n<script type=\"application\/ld+json\" class=\"yoast-schema-graph\">{\"@context\":\"https:\\\/\\\/schema.org\",\"@graph\":[{\"@type\":\"Article\",\"@id\":\"https:\\\/\\\/www.bellunopress.it\\\/2025\\\/12\\\/31\\\/il-gruppo-consiliare-insieme-per-belluno-bene-comune-fa-il-bilancio-della-gestione-de-pellegrin\\\/#article\",\"isPartOf\":{\"@id\":\"https:\\\/\\\/www.bellunopress.it\\\/2025\\\/12\\\/31\\\/il-gruppo-consiliare-insieme-per-belluno-bene-comune-fa-il-bilancio-della-gestione-de-pellegrin\\\/\"},\"author\":{\"name\":\"redazione\",\"@id\":\"https:\\\/\\\/www.bellunopress.it\\\/#\\\/schema\\\/person\\\/79bb06722b37ece1c03d3e94beb30d73\"},\"headline\":\"Il gruppo consiliare Insieme per Belluno Bene Comune fa il bilancio della gestione De Pellegrin\",\"datePublished\":\"2025-12-31T08:06:48+00:00\",\"mainEntityOfPage\":{\"@id\":\"https:\\\/\\\/www.bellunopress.it\\\/2025\\\/12\\\/31\\\/il-gruppo-consiliare-insieme-per-belluno-bene-comune-fa-il-bilancio-della-gestione-de-pellegrin\\\/\"},\"wordCount\":1513,\"publisher\":{\"@id\":\"https:\\\/\\\/www.bellunopress.it\\\/#organization\"},\"image\":{\"@id\":\"https:\\\/\\\/www.bellunopress.it\\\/2025\\\/12\\\/31\\\/il-gruppo-consiliare-insieme-per-belluno-bene-comune-fa-il-bilancio-della-gestione-de-pellegrin\\\/#primaryimage\"},\"thumbnailUrl\":\"https:\\\/\\\/www.bellunopress.it\\\/wp-content\\\/uploads\\\/2023\\\/02\\\/Insieme-per-Belluno-Bene-comune_edited.jpg\",\"articleSection\":[\"Cronaca\\\/Politica\",\"Prima Pagina\"],\"inLanguage\":\"fr-FR\"},{\"@type\":\"WebPage\",\"@id\":\"https:\\\/\\\/www.bellunopress.it\\\/2025\\\/12\\\/31\\\/il-gruppo-consiliare-insieme-per-belluno-bene-comune-fa-il-bilancio-della-gestione-de-pellegrin\\\/\",\"url\":\"https:\\\/\\\/www.bellunopress.it\\\/2025\\\/12\\\/31\\\/il-gruppo-consiliare-insieme-per-belluno-bene-comune-fa-il-bilancio-della-gestione-de-pellegrin\\\/\",\"name\":\"Il gruppo consiliare Insieme per Belluno Bene Comune fa il bilancio della gestione De Pellegrin - Bellunopress - Dolomiti\",\"isPartOf\":{\"@id\":\"https:\\\/\\\/www.bellunopress.it\\\/#website\"},\"primaryImageOfPage\":{\"@id\":\"https:\\\/\\\/www.bellunopress.it\\\/2025\\\/12\\\/31\\\/il-gruppo-consiliare-insieme-per-belluno-bene-comune-fa-il-bilancio-della-gestione-de-pellegrin\\\/#primaryimage\"},\"image\":{\"@id\":\"https:\\\/\\\/www.bellunopress.it\\\/2025\\\/12\\\/31\\\/il-gruppo-consiliare-insieme-per-belluno-bene-comune-fa-il-bilancio-della-gestione-de-pellegrin\\\/#primaryimage\"},\"thumbnailUrl\":\"https:\\\/\\\/www.bellunopress.it\\\/wp-content\\\/uploads\\\/2023\\\/02\\\/Insieme-per-Belluno-Bene-comune_edited.jpg\",\"datePublished\":\"2025-12-31T08:06:48+00:00\",\"breadcrumb\":{\"@id\":\"https:\\\/\\\/www.bellunopress.it\\\/2025\\\/12\\\/31\\\/il-gruppo-consiliare-insieme-per-belluno-bene-comune-fa-il-bilancio-della-gestione-de-pellegrin\\\/#breadcrumb\"},\"inLanguage\":\"fr-FR\",\"potentialAction\":[{\"@type\":\"ReadAction\",\"target\":[\"https:\\\/\\\/www.bellunopress.it\\\/2025\\\/12\\\/31\\\/il-gruppo-consiliare-insieme-per-belluno-bene-comune-fa-il-bilancio-della-gestione-de-pellegrin\\\/\"]}]},{\"@type\":\"ImageObject\",\"inLanguage\":\"fr-FR\",\"@id\":\"https:\\\/\\\/www.bellunopress.it\\\/2025\\\/12\\\/31\\\/il-gruppo-consiliare-insieme-per-belluno-bene-comune-fa-il-bilancio-della-gestione-de-pellegrin\\\/#primaryimage\",\"url\":\"https:\\\/\\\/www.bellunopress.it\\\/wp-content\\\/uploads\\\/2023\\\/02\\\/Insieme-per-Belluno-Bene-comune_edited.jpg\",\"contentUrl\":\"https:\\\/\\\/www.bellunopress.it\\\/wp-content\\\/uploads\\\/2023\\\/02\\\/Insieme-per-Belluno-Bene-comune_edited.jpg\",\"width\":1000,\"height\":1000,\"caption\":\"Gruppo Insieme per Belluno Bene Comune\"},{\"@type\":\"BreadcrumbList\",\"@id\":\"https:\\\/\\\/www.bellunopress.it\\\/2025\\\/12\\\/31\\\/il-gruppo-consiliare-insieme-per-belluno-bene-comune-fa-il-bilancio-della-gestione-de-pellegrin\\\/#breadcrumb\",\"itemListElement\":[{\"@type\":\"ListItem\",\"position\":1,\"name\":\"Home\",\"item\":\"https:\\\/\\\/www.bellunopress.it\\\/\"},{\"@type\":\"ListItem\",\"position\":2,\"name\":\"Il gruppo consiliare Insieme per Belluno Bene Comune fa il bilancio della gestione De Pellegrin\"}]},{\"@type\":\"WebSite\",\"@id\":\"https:\\\/\\\/www.bellunopress.it\\\/#website\",\"url\":\"https:\\\/\\\/www.bellunopress.it\\\/\",\"name\":\"Bellunopress - Dolomiti\",\"description\":\"e-mail: redazione@bellunopress.it\",\"publisher\":{\"@id\":\"https:\\\/\\\/www.bellunopress.it\\\/#organization\"},\"potentialAction\":[{\"@type\":\"SearchAction\",\"target\":{\"@type\":\"EntryPoint\",\"urlTemplate\":\"https:\\\/\\\/www.bellunopress.it\\\/?s={search_term_string}\"},\"query-input\":{\"@type\":\"PropertyValueSpecification\",\"valueRequired\":true,\"valueName\":\"search_term_string\"}}],\"inLanguage\":\"fr-FR\"},{\"@type\":\"Organization\",\"@id\":\"https:\\\/\\\/www.bellunopress.it\\\/#organization\",\"name\":\"Bellunopress\",\"url\":\"https:\\\/\\\/www.bellunopress.it\\\/\",\"logo\":{\"@type\":\"ImageObject\",\"inLanguage\":\"fr-FR\",\"@id\":\"https:\\\/\\\/www.bellunopress.it\\\/#\\\/schema\\\/logo\\\/image\\\/\",\"url\":\"https:\\\/\\\/www.bellunopress.it\\\/wp-content\\\/uploads\\\/2011\\\/05\\\/cropped-logo-bellunopress-.jpg\",\"contentUrl\":\"https:\\\/\\\/www.bellunopress.it\\\/wp-content\\\/uploads\\\/2011\\\/05\\\/cropped-logo-bellunopress-.jpg\",\"width\":512,\"height\":512,\"caption\":\"Bellunopress\"},\"image\":{\"@id\":\"https:\\\/\\\/www.bellunopress.it\\\/#\\\/schema\\\/logo\\\/image\\\/\"},\"sameAs\":[\"https:\\\/\\\/www.facebook.com\\\/profile.php?id=100008943462799\",\"https:\\\/\\\/x.com\\\/bellunopress\",\"https:\\\/\\\/www.linkedin.com\\\/hp\\\/?dnr=JBzUWaJfMUw8vbXJJ2tVW5-I3jZKvC4wsoxE&amp;amp;amp;amp;amp;amp;trk=nav_responsive_tab_home\",\"https:\\\/\\\/www.youtube.com\\\/channel\\\/UCxL0wu1uN0_3_7hGG0306cw\"]},{\"@type\":\"Person\",\"@id\":\"https:\\\/\\\/www.bellunopress.it\\\/#\\\/schema\\\/person\\\/79bb06722b37ece1c03d3e94beb30d73\",\"name\":\"redazione\",\"image\":{\"@type\":\"ImageObject\",\"inLanguage\":\"fr-FR\",\"@id\":\"https:\\\/\\\/secure.gravatar.com\\\/avatar\\\/37d968a2e67a6fd04c169c4bdef102d0bc5d31b2546345219e348575eb80e9a0?s=96&d=mm&r=g\",\"url\":\"https:\\\/\\\/secure.gravatar.com\\\/avatar\\\/37d968a2e67a6fd04c169c4bdef102d0bc5d31b2546345219e348575eb80e9a0?s=96&d=mm&r=g\",\"contentUrl\":\"https:\\\/\\\/secure.gravatar.com\\\/avatar\\\/37d968a2e67a6fd04c169c4bdef102d0bc5d31b2546345219e348575eb80e9a0?s=96&d=mm&r=g\",\"caption\":\"redazione\"},\"sameAs\":[\"http:\\\/\\\/www.bellunopress.it\",\"https:\\\/\\\/x.com\\\/bellunopress\"],\"url\":\"https:\\\/\\\/www.bellunopress.it\\\/fr\\\/author\\\/redazione\\\/\"}]}<\/script>\n<!-- \/ Yoast SEO plugin. -->","yoast_head_json":{"title":"Il gruppo consiliare Insieme per Belluno Bene Comune fa il bilancio della gestione De Pellegrin - Bellunopress - Dolomiti","robots":{"index":"index","follow":"follow","max-snippet":"max-snippet:-1","max-image-preview":"max-image-preview:large","max-video-preview":"max-video-preview:-1"},"canonical":"https:\/\/www.bellunopress.it\/fr\/2025\/12\/31\/il-gruppo-consiliare-insieme-per-belluno-bene-comune-fa-il-bilancio-della-gestione-de-pellegrin\/","og_locale":"fr_FR","og_type":"article","og_title":"Il gruppo consiliare Insieme per Belluno Bene Comune fa il bilancio della gestione De Pellegrin - Bellunopress - Dolomiti","og_description":"Voto negativo alla giunta De Pellegrin e i suoi litigiosi consiglieri Belluno, 31 dicembre 2025 &#8211; Fine anno, e campanella dell\u2019ultimo giro, per la giunta De Pellegrin e per la sua maggioranza traballante che inizia il suo ultimo anno prima del rinnovo amministrativo della primavera 2027. Pezzo dopo pezzo, il sindaco ha licenziato prima il [&hellip;]","og_url":"https:\/\/www.bellunopress.it\/fr\/2025\/12\/31\/il-gruppo-consiliare-insieme-per-belluno-bene-comune-fa-il-bilancio-della-gestione-de-pellegrin\/","og_site_name":"Bellunopress - Dolomiti","article_publisher":"https:\/\/www.facebook.com\/profile.php?id=100008943462799","article_published_time":"2025-12-31T08:06:48+00:00","og_image":[{"width":1000,"height":1000,"url":"https:\/\/www.bellunopress.it\/wp-content\/uploads\/2023\/02\/Insieme-per-Belluno-Bene-comune_edited.jpg","type":"image\/jpeg"}],"author":"redazione","twitter_card":"summary_large_image","twitter_creator":"@bellunopress","twitter_site":"@bellunopress","twitter_misc":{"\u00c9crit par":"redazione","Dur\u00e9e de lecture estim\u00e9e":"7 minutes"},"schema":{"@context":"https:\/\/schema.org","@graph":[{"@type":"Article","@id":"https:\/\/www.bellunopress.it\/2025\/12\/31\/il-gruppo-consiliare-insieme-per-belluno-bene-comune-fa-il-bilancio-della-gestione-de-pellegrin\/#article","isPartOf":{"@id":"https:\/\/www.bellunopress.it\/2025\/12\/31\/il-gruppo-consiliare-insieme-per-belluno-bene-comune-fa-il-bilancio-della-gestione-de-pellegrin\/"},"author":{"name":"redazione","@id":"https:\/\/www.bellunopress.it\/#\/schema\/person\/79bb06722b37ece1c03d3e94beb30d73"},"headline":"Il gruppo consiliare Insieme per Belluno Bene Comune fa il bilancio della gestione De Pellegrin","datePublished":"2025-12-31T08:06:48+00:00","mainEntityOfPage":{"@id":"https:\/\/www.bellunopress.it\/2025\/12\/31\/il-gruppo-consiliare-insieme-per-belluno-bene-comune-fa-il-bilancio-della-gestione-de-pellegrin\/"},"wordCount":1513,"publisher":{"@id":"https:\/\/www.bellunopress.it\/#organization"},"image":{"@id":"https:\/\/www.bellunopress.it\/2025\/12\/31\/il-gruppo-consiliare-insieme-per-belluno-bene-comune-fa-il-bilancio-della-gestione-de-pellegrin\/#primaryimage"},"thumbnailUrl":"https:\/\/www.bellunopress.it\/wp-content\/uploads\/2023\/02\/Insieme-per-Belluno-Bene-comune_edited.jpg","articleSection":["Cronaca\/Politica","Prima Pagina"],"inLanguage":"fr-FR"},{"@type":"WebPage","@id":"https:\/\/www.bellunopress.it\/2025\/12\/31\/il-gruppo-consiliare-insieme-per-belluno-bene-comune-fa-il-bilancio-della-gestione-de-pellegrin\/","url":"https:\/\/www.bellunopress.it\/2025\/12\/31\/il-gruppo-consiliare-insieme-per-belluno-bene-comune-fa-il-bilancio-della-gestione-de-pellegrin\/","name":"Il gruppo consiliare Insieme per Belluno Bene Comune fa il bilancio della gestione De Pellegrin - Bellunopress - Dolomiti","isPartOf":{"@id":"https:\/\/www.bellunopress.it\/#website"},"primaryImageOfPage":{"@id":"https:\/\/www.bellunopress.it\/2025\/12\/31\/il-gruppo-consiliare-insieme-per-belluno-bene-comune-fa-il-bilancio-della-gestione-de-pellegrin\/#primaryimage"},"image":{"@id":"https:\/\/www.bellunopress.it\/2025\/12\/31\/il-gruppo-consiliare-insieme-per-belluno-bene-comune-fa-il-bilancio-della-gestione-de-pellegrin\/#primaryimage"},"thumbnailUrl":"https:\/\/www.bellunopress.it\/wp-content\/uploads\/2023\/02\/Insieme-per-Belluno-Bene-comune_edited.jpg","datePublished":"2025-12-31T08:06:48+00:00","breadcrumb":{"@id":"https:\/\/www.bellunopress.it\/2025\/12\/31\/il-gruppo-consiliare-insieme-per-belluno-bene-comune-fa-il-bilancio-della-gestione-de-pellegrin\/#breadcrumb"},"inLanguage":"fr-FR","potentialAction":[{"@type":"ReadAction","target":["https:\/\/www.bellunopress.it\/2025\/12\/31\/il-gruppo-consiliare-insieme-per-belluno-bene-comune-fa-il-bilancio-della-gestione-de-pellegrin\/"]}]},{"@type":"ImageObject","inLanguage":"fr-FR","@id":"https:\/\/www.bellunopress.it\/2025\/12\/31\/il-gruppo-consiliare-insieme-per-belluno-bene-comune-fa-il-bilancio-della-gestione-de-pellegrin\/#primaryimage","url":"https:\/\/www.bellunopress.it\/wp-content\/uploads\/2023\/02\/Insieme-per-Belluno-Bene-comune_edited.jpg","contentUrl":"https:\/\/www.bellunopress.it\/wp-content\/uploads\/2023\/02\/Insieme-per-Belluno-Bene-comune_edited.jpg","width":1000,"height":1000,"caption":"Gruppo Insieme per Belluno Bene Comune"},{"@type":"BreadcrumbList","@id":"https:\/\/www.bellunopress.it\/2025\/12\/31\/il-gruppo-consiliare-insieme-per-belluno-bene-comune-fa-il-bilancio-della-gestione-de-pellegrin\/#breadcrumb","itemListElement":[{"@type":"ListItem","position":1,"name":"Home","item":"https:\/\/www.bellunopress.it\/"},{"@type":"ListItem","position":2,"name":"Il gruppo consiliare Insieme per Belluno Bene Comune fa il bilancio della gestione De Pellegrin"}]},{"@type":"WebSite","@id":"https:\/\/www.bellunopress.it\/#website","url":"https:\/\/www.bellunopress.it\/","name":"Bellunopress - Dolomiti","description":"e-mail: redazione@bellunopress.it","publisher":{"@id":"https:\/\/www.bellunopress.it\/#organization"},"potentialAction":[{"@type":"SearchAction","target":{"@type":"EntryPoint","urlTemplate":"https:\/\/www.bellunopress.it\/?s={search_term_string}"},"query-input":{"@type":"PropertyValueSpecification","valueRequired":true,"valueName":"search_term_string"}}],"inLanguage":"fr-FR"},{"@type":"Organization","@id":"https:\/\/www.bellunopress.it\/#organization","name":"Bellunopress","url":"https:\/\/www.bellunopress.it\/","logo":{"@type":"ImageObject","inLanguage":"fr-FR","@id":"https:\/\/www.bellunopress.it\/#\/schema\/logo\/image\/","url":"https:\/\/www.bellunopress.it\/wp-content\/uploads\/2011\/05\/cropped-logo-bellunopress-.jpg","contentUrl":"https:\/\/www.bellunopress.it\/wp-content\/uploads\/2011\/05\/cropped-logo-bellunopress-.jpg","width":512,"height":512,"caption":"Bellunopress"},"image":{"@id":"https:\/\/www.bellunopress.it\/#\/schema\/logo\/image\/"},"sameAs":["https:\/\/www.facebook.com\/profile.php?id=100008943462799","https:\/\/x.com\/bellunopress","https:\/\/www.linkedin.com\/hp\/?dnr=JBzUWaJfMUw8vbXJJ2tVW5-I3jZKvC4wsoxE&amp;amp;amp;amp;amp;amp;trk=nav_responsive_tab_home","https:\/\/www.youtube.com\/channel\/UCxL0wu1uN0_3_7hGG0306cw"]},{"@type":"Person","@id":"https:\/\/www.bellunopress.it\/#\/schema\/person\/79bb06722b37ece1c03d3e94beb30d73","name":"r\u00e9daction","image":{"@type":"ImageObject","inLanguage":"fr-FR","@id":"https:\/\/secure.gravatar.com\/avatar\/37d968a2e67a6fd04c169c4bdef102d0bc5d31b2546345219e348575eb80e9a0?s=96&d=mm&r=g","url":"https:\/\/secure.gravatar.com\/avatar\/37d968a2e67a6fd04c169c4bdef102d0bc5d31b2546345219e348575eb80e9a0?s=96&d=mm&r=g","contentUrl":"https:\/\/secure.gravatar.com\/avatar\/37d968a2e67a6fd04c169c4bdef102d0bc5d31b2546345219e348575eb80e9a0?s=96&d=mm&r=g","caption":"redazione"},"sameAs":["http:\/\/www.bellunopress.it","https:\/\/x.com\/bellunopress"],"url":"https:\/\/www.bellunopress.it\/fr\/author\/redazione\/"}]}},"_links":{"self":[{"href":"https:\/\/www.bellunopress.it\/fr\/wp-json\/wp\/v2\/posts\/166127","targetHints":{"allow":["GET"]}}],"collection":[{"href":"https:\/\/www.bellunopress.it\/fr\/wp-json\/wp\/v2\/posts"}],"about":[{"href":"https:\/\/www.bellunopress.it\/fr\/wp-json\/wp\/v2\/types\/post"}],"author":[{"embeddable":true,"href":"https:\/\/www.bellunopress.it\/fr\/wp-json\/wp\/v2\/users\/2"}],"replies":[{"embeddable":true,"href":"https:\/\/www.bellunopress.it\/fr\/wp-json\/wp\/v2\/comments?post=166127"}],"version-history":[{"count":1,"href":"https:\/\/www.bellunopress.it\/fr\/wp-json\/wp\/v2\/posts\/166127\/revisions"}],"predecessor-version":[{"id":166128,"href":"https:\/\/www.bellunopress.it\/fr\/wp-json\/wp\/v2\/posts\/166127\/revisions\/166128"}],"wp:featuredmedia":[{"embeddable":true,"href":"https:\/\/www.bellunopress.it\/fr\/wp-json\/wp\/v2\/media\/139515"}],"wp:attachment":[{"href":"https:\/\/www.bellunopress.it\/fr\/wp-json\/wp\/v2\/media?parent=166127"}],"wp:term":[{"taxonomy":"category","embeddable":true,"href":"https:\/\/www.bellunopress.it\/fr\/wp-json\/wp\/v2\/categories?post=166127"},{"taxonomy":"post_tag","embeddable":true,"href":"https:\/\/www.bellunopress.it\/fr\/wp-json\/wp\/v2\/tags?post=166127"}],"curies":[{"name":"wp","href":"https:\/\/api.w.org\/{rel}","templated":true}]}}