{"id":166124,"date":"2025-12-30T16:06:29","date_gmt":"2025-12-30T15:06:29","guid":{"rendered":"https:\/\/www.bellunopress.it\/?p=166124"},"modified":"2025-12-31T09:07:30","modified_gmt":"2025-12-31T08:07:30","slug":"belluno-tutto-pronto-per-la-festa-in-piazza-duomo-il-31-dicembre","status":"publish","type":"post","link":"https:\/\/www.bellunopress.it\/fr\/2025\/12\/30\/belluno-tutto-pronto-per-la-festa-in-piazza-duomo-il-31-dicembre\/","title":{"rendered":"Belluno: tutto pronto per la festa in piazza Duomo il 31 dicembre"},"content":{"rendered":"<p><img loading=\"lazy\" decoding=\"async\" class=\"aligncenter size-full wp-image-166125\" src=\"https:\/\/www.bellunopress.it\/wp-content\/uploads\/2025\/12\/piazza-duomo-prefettura.jpg\" alt=\"\" width=\"600\" height=\"449\" srcset=\"https:\/\/www.bellunopress.it\/wp-content\/uploads\/2025\/12\/piazza-duomo-prefettura.jpg 600w, https:\/\/www.bellunopress.it\/wp-content\/uploads\/2025\/12\/piazza-duomo-prefettura-500x374.jpg 500w, https:\/\/www.bellunopress.it\/wp-content\/uploads\/2025\/12\/piazza-duomo-prefettura-561x420.jpg 561w, https:\/\/www.bellunopress.it\/wp-content\/uploads\/2025\/12\/piazza-duomo-prefettura-80x60.jpg 80w\" sizes=\"auto, (max-width: 600px) 100vw, 600px\" \/>Belluno, 30 dicembre 2025 &#8211; Fervono i preparativi per la grande festa di Capodanno, l\u2019evento che accompagner\u00e0 la Citt\u00e0 verso il nuovo anno, in programma mercoled\u00ec 31 dicembre, dalle 22 alle 2.<\/p>\n<p>Il programma, messo a punto dall\u2019Amministrazione comunale in collaborazione con Belluno Centro e con il contributo della DMO Dolomiti Bellunesi, prevede una serata di musica, animazione e intrattenimento curata da Radio Company.<br \/>\nLa serata sar\u00e0 scandita dall\u2019animazione sul palco, dalla musica dal vivo e dal tradizionale countdown di mezzanotte, per salutare insieme l\u2019inizio del 2026 e brindare in piazza in un clima di condivisione. Un appuntamento pensato come momento di incontro per la comunit\u00e0 cittadina e per i turisti presenti a Belluno durante le festivit\u00e0.<\/p>\n<p>\u201cIl Capodanno in piazza \u00e8 un momento simbolico e prezioso per la nostra comunit\u00e0: un\u2019occasione per ritrovarsi, condividere un augurio e guardare insieme al nuovo anno che inizia &#8211; le parole del sindaco, Oscar De Pellegrin-. Ringrazio tutti i soggetti coinvolti nell\u2019organizzazione per il lavoro svolto e invito tutti a partecipare con spirito di condivisione e responsabilit\u00e0, per salutare il 2026 nel migliore dei modi. Colgo l\u2019occasione per augurare buon anno a tutta la comunit\u00e0\u201d.<\/p>\n<p>La festa si svolger\u00e0 in Piazza Duomo, individuata per garantire una migliore organizzazione dell\u2019evento nel contesto delle iniziative natalizie in corso. \u201cAbbiamo scelto Piazza Duomo per non sovrapporci ai piani di sicurezza gi\u00e0 attivi nell\u2019area del Villaggio di Natale e in particolare in Piazza dei Martiri \u2013 spiega l\u2019assessore al turismo Paolo Luciani \u2013. L\u2019obiettivo \u00e8 quello di offrire un evento ordinato e accessibile, che permetta di vivere il centro storico in sicurezza. Inoltre la location in piazza Duomo permette di allargare l\u2019area dei festeggiamenti coinvolgendo anche gli esercenti della parte sud. L\u2019idea \u00e8 quella di un grande evento di piazza capace di calamitare persone da fuori e di essere un po\u2019 un punto di riferimento anche per i turisti presenti in provincia in questi giorni\u201d.<br \/>\nAd animare la piazza, dal palco allestito per l\u2019occasione, sar\u00e0 lo spettacolo Wonder Company di Radio Company, con Enrico Sisma, Daniele Belli e la Non Plus Ultra Band.<br \/>\nPer favorire l\u2019accessibilit\u00e0 al centro storico, l\u2019orario di apertura delle scale mobili del parcheggio di Lambioi sar\u00e0 ampliato fino alle 2.30 del 1\u00b0 gennaio.<\/p>\n<p>Durante la serata saranno applicate le misure previste in materia di sicurezza e ordine pubblico. Dalle 22.00 del 31 dicembre alle 2.00 del 1\u00b0 gennaio, in Piazza Duomo e in Piazza dei Martiri, sar\u00e0 vietato introdurre o vendere per asporto bevande e alimenti in contenitori di vetro, cos\u00ec come introdurre spray urticanti. Restano inoltre valide le disposizioni e le campagne di sensibilizzazione relative al divieto di utilizzo dei botti.<\/p>\n<p>&nbsp;<\/p>\n<p>&nbsp;<\/p>","protected":false},"excerpt":{"rendered":"<p>Belluno, 30 dicembre 2025 &#8211; Fervono i preparativi per la grande festa di Capodanno, l\u2019evento che accompagner\u00e0 la Citt\u00e0 verso il nuovo anno, in programma mercoled\u00ec 31 dicembre, dalle 22 alle 2. Il programma, messo a punto dall\u2019Amministrazione comunale in collaborazione con Belluno Centro e con il contributo della DMO Dolomiti Bellunesi, prevede una serata [&hellip;]<\/p>\n","protected":false},"author":2,"featured_media":166125,"comment_status":"closed","ping_status":"open","sticky":false,"template":"","format":"standard","meta":{"footnotes":""},"categories":[27,3446,26,8],"tags":[],"class_list":["post-166124","post","type-post","status-publish","format-standard","has-post-thumbnail","category-appuntamenti","category-featured","category-prima-pagina","category-societa-istituzioni"],"yoast_head":"<!-- This site is optimized with the Yoast SEO plugin v28.4 - https:\/\/yoast.com\/product\/yoast-seo-wordpress\/ -->\n<title>Belluno: tutto pronto per la festa in piazza Duomo il 31 dicembre - Bellunopress - Dolomiti<\/title>\n<meta name=\"robots\" content=\"index, follow, max-snippet:-1, max-image-preview:large, max-video-preview:-1\" \/>\n<link rel=\"canonical\" href=\"https:\/\/www.bellunopress.it\/fr\/2025\/12\/30\/belluno-tutto-pronto-per-la-festa-in-piazza-duomo-il-31-dicembre\/\" \/>\n<meta property=\"og:locale\" content=\"fr_FR\" \/>\n<meta property=\"og:type\" content=\"article\" \/>\n<meta property=\"og:title\" content=\"Belluno: tutto pronto per la festa in piazza Duomo il 31 dicembre - Bellunopress - Dolomiti\" \/>\n<meta property=\"og:description\" content=\"Belluno, 30 dicembre 2025 &#8211; Fervono i preparativi per la grande festa di Capodanno, l\u2019evento che accompagner\u00e0 la Citt\u00e0 verso il nuovo anno, in programma mercoled\u00ec 31 dicembre, dalle 22 alle 2. Il programma, messo a punto dall\u2019Amministrazione comunale in collaborazione con Belluno Centro e con il contributo della DMO Dolomiti Bellunesi, prevede una serata [&hellip;]\" \/>\n<meta property=\"og:url\" content=\"https:\/\/www.bellunopress.it\/fr\/2025\/12\/30\/belluno-tutto-pronto-per-la-festa-in-piazza-duomo-il-31-dicembre\/\" \/>\n<meta property=\"og:site_name\" content=\"Bellunopress - Dolomiti\" \/>\n<meta property=\"article:publisher\" content=\"https:\/\/www.facebook.com\/profile.php?id=100008943462799\" \/>\n<meta property=\"article:published_time\" content=\"2025-12-30T15:06:29+00:00\" \/>\n<meta property=\"article:modified_time\" content=\"2025-12-31T08:07:30+00:00\" \/>\n<meta property=\"og:image\" content=\"https:\/\/www.bellunopress.it\/wp-content\/uploads\/2025\/12\/piazza-duomo-prefettura.jpg\" \/>\n\t<meta property=\"og:image:width\" content=\"600\" \/>\n\t<meta property=\"og:image:height\" content=\"449\" \/>\n\t<meta property=\"og:image:type\" content=\"image\/jpeg\" \/>\n<meta name=\"author\" content=\"redazione\" \/>\n<meta name=\"twitter:card\" content=\"summary_large_image\" \/>\n<meta name=\"twitter:creator\" content=\"@bellunopress\" \/>\n<meta name=\"twitter:site\" content=\"@bellunopress\" \/>\n<meta name=\"twitter:label1\" content=\"\u00c9crit par\" \/>\n\t<meta name=\"twitter:data1\" content=\"redazione\" \/>\n\t<meta name=\"twitter:label2\" content=\"Dur\u00e9e de lecture estim\u00e9e\" \/>\n\t<meta name=\"twitter:data2\" content=\"2 minutes\" \/>\n<script type=\"application\/ld+json\" class=\"yoast-schema-graph\">{\"@context\":\"https:\\\/\\\/schema.org\",\"@graph\":[{\"@type\":\"Article\",\"@id\":\"https:\\\/\\\/www.bellunopress.it\\\/2025\\\/12\\\/30\\\/belluno-tutto-pronto-per-la-festa-in-piazza-duomo-il-31-dicembre\\\/#article\",\"isPartOf\":{\"@id\":\"https:\\\/\\\/www.bellunopress.it\\\/2025\\\/12\\\/30\\\/belluno-tutto-pronto-per-la-festa-in-piazza-duomo-il-31-dicembre\\\/\"},\"author\":{\"name\":\"redazione\",\"@id\":\"https:\\\/\\\/www.bellunopress.it\\\/#\\\/schema\\\/person\\\/79bb06722b37ece1c03d3e94beb30d73\"},\"headline\":\"Belluno: tutto pronto per la festa in piazza Duomo il 31 dicembre\",\"datePublished\":\"2025-12-30T15:06:29+00:00\",\"dateModified\":\"2025-12-31T08:07:30+00:00\",\"mainEntityOfPage\":{\"@id\":\"https:\\\/\\\/www.bellunopress.it\\\/2025\\\/12\\\/30\\\/belluno-tutto-pronto-per-la-festa-in-piazza-duomo-il-31-dicembre\\\/\"},\"wordCount\":450,\"publisher\":{\"@id\":\"https:\\\/\\\/www.bellunopress.it\\\/#organization\"},\"image\":{\"@id\":\"https:\\\/\\\/www.bellunopress.it\\\/2025\\\/12\\\/30\\\/belluno-tutto-pronto-per-la-festa-in-piazza-duomo-il-31-dicembre\\\/#primaryimage\"},\"thumbnailUrl\":\"https:\\\/\\\/www.bellunopress.it\\\/wp-content\\\/uploads\\\/2025\\\/12\\\/piazza-duomo-prefettura.jpg\",\"articleSection\":[\"Appuntamenti, Eventi\",\"Featured\",\"Prima Pagina\",\"Societ\u00e0, Associazioni, Istituzioni\"],\"inLanguage\":\"fr-FR\"},{\"@type\":\"WebPage\",\"@id\":\"https:\\\/\\\/www.bellunopress.it\\\/2025\\\/12\\\/30\\\/belluno-tutto-pronto-per-la-festa-in-piazza-duomo-il-31-dicembre\\\/\",\"url\":\"https:\\\/\\\/www.bellunopress.it\\\/2025\\\/12\\\/30\\\/belluno-tutto-pronto-per-la-festa-in-piazza-duomo-il-31-dicembre\\\/\",\"name\":\"Belluno: tutto pronto per la festa in piazza Duomo il 31 dicembre - Bellunopress - Dolomiti\",\"isPartOf\":{\"@id\":\"https:\\\/\\\/www.bellunopress.it\\\/#website\"},\"primaryImageOfPage\":{\"@id\":\"https:\\\/\\\/www.bellunopress.it\\\/2025\\\/12\\\/30\\\/belluno-tutto-pronto-per-la-festa-in-piazza-duomo-il-31-dicembre\\\/#primaryimage\"},\"image\":{\"@id\":\"https:\\\/\\\/www.bellunopress.it\\\/2025\\\/12\\\/30\\\/belluno-tutto-pronto-per-la-festa-in-piazza-duomo-il-31-dicembre\\\/#primaryimage\"},\"thumbnailUrl\":\"https:\\\/\\\/www.bellunopress.it\\\/wp-content\\\/uploads\\\/2025\\\/12\\\/piazza-duomo-prefettura.jpg\",\"datePublished\":\"2025-12-30T15:06:29+00:00\",\"dateModified\":\"2025-12-31T08:07:30+00:00\",\"breadcrumb\":{\"@id\":\"https:\\\/\\\/www.bellunopress.it\\\/2025\\\/12\\\/30\\\/belluno-tutto-pronto-per-la-festa-in-piazza-duomo-il-31-dicembre\\\/#breadcrumb\"},\"inLanguage\":\"fr-FR\",\"potentialAction\":[{\"@type\":\"ReadAction\",\"target\":[\"https:\\\/\\\/www.bellunopress.it\\\/2025\\\/12\\\/30\\\/belluno-tutto-pronto-per-la-festa-in-piazza-duomo-il-31-dicembre\\\/\"]}]},{\"@type\":\"ImageObject\",\"inLanguage\":\"fr-FR\",\"@id\":\"https:\\\/\\\/www.bellunopress.it\\\/2025\\\/12\\\/30\\\/belluno-tutto-pronto-per-la-festa-in-piazza-duomo-il-31-dicembre\\\/#primaryimage\",\"url\":\"https:\\\/\\\/www.bellunopress.it\\\/wp-content\\\/uploads\\\/2025\\\/12\\\/piazza-duomo-prefettura.jpg\",\"contentUrl\":\"https:\\\/\\\/www.bellunopress.it\\\/wp-content\\\/uploads\\\/2025\\\/12\\\/piazza-duomo-prefettura.jpg\",\"width\":600,\"height\":449},{\"@type\":\"BreadcrumbList\",\"@id\":\"https:\\\/\\\/www.bellunopress.it\\\/2025\\\/12\\\/30\\\/belluno-tutto-pronto-per-la-festa-in-piazza-duomo-il-31-dicembre\\\/#breadcrumb\",\"itemListElement\":[{\"@type\":\"ListItem\",\"position\":1,\"name\":\"Home\",\"item\":\"https:\\\/\\\/www.bellunopress.it\\\/\"},{\"@type\":\"ListItem\",\"position\":2,\"name\":\"Belluno: tutto pronto per la festa in piazza Duomo il 31 dicembre\"}]},{\"@type\":\"WebSite\",\"@id\":\"https:\\\/\\\/www.bellunopress.it\\\/#website\",\"url\":\"https:\\\/\\\/www.bellunopress.it\\\/\",\"name\":\"Bellunopress - Dolomiti\",\"description\":\"e-mail: redazione@bellunopress.it\",\"publisher\":{\"@id\":\"https:\\\/\\\/www.bellunopress.it\\\/#organization\"},\"potentialAction\":[{\"@type\":\"SearchAction\",\"target\":{\"@type\":\"EntryPoint\",\"urlTemplate\":\"https:\\\/\\\/www.bellunopress.it\\\/?s={search_term_string}\"},\"query-input\":{\"@type\":\"PropertyValueSpecification\",\"valueRequired\":true,\"valueName\":\"search_term_string\"}}],\"inLanguage\":\"fr-FR\"},{\"@type\":\"Organization\",\"@id\":\"https:\\\/\\\/www.bellunopress.it\\\/#organization\",\"name\":\"Bellunopress\",\"url\":\"https:\\\/\\\/www.bellunopress.it\\\/\",\"logo\":{\"@type\":\"ImageObject\",\"inLanguage\":\"fr-FR\",\"@id\":\"https:\\\/\\\/www.bellunopress.it\\\/#\\\/schema\\\/logo\\\/image\\\/\",\"url\":\"https:\\\/\\\/www.bellunopress.it\\\/wp-content\\\/uploads\\\/2011\\\/05\\\/cropped-logo-bellunopress-.jpg\",\"contentUrl\":\"https:\\\/\\\/www.bellunopress.it\\\/wp-content\\\/uploads\\\/2011\\\/05\\\/cropped-logo-bellunopress-.jpg\",\"width\":512,\"height\":512,\"caption\":\"Bellunopress\"},\"image\":{\"@id\":\"https:\\\/\\\/www.bellunopress.it\\\/#\\\/schema\\\/logo\\\/image\\\/\"},\"sameAs\":[\"https:\\\/\\\/www.facebook.com\\\/profile.php?id=100008943462799\",\"https:\\\/\\\/x.com\\\/bellunopress\",\"https:\\\/\\\/www.linkedin.com\\\/hp\\\/?dnr=JBzUWaJfMUw8vbXJJ2tVW5-I3jZKvC4wsoxE&amp;amp;amp;amp;amp;amp;trk=nav_responsive_tab_home\",\"https:\\\/\\\/www.youtube.com\\\/channel\\\/UCxL0wu1uN0_3_7hGG0306cw\"]},{\"@type\":\"Person\",\"@id\":\"https:\\\/\\\/www.bellunopress.it\\\/#\\\/schema\\\/person\\\/79bb06722b37ece1c03d3e94beb30d73\",\"name\":\"redazione\",\"image\":{\"@type\":\"ImageObject\",\"inLanguage\":\"fr-FR\",\"@id\":\"https:\\\/\\\/secure.gravatar.com\\\/avatar\\\/37d968a2e67a6fd04c169c4bdef102d0bc5d31b2546345219e348575eb80e9a0?s=96&d=mm&r=g\",\"url\":\"https:\\\/\\\/secure.gravatar.com\\\/avatar\\\/37d968a2e67a6fd04c169c4bdef102d0bc5d31b2546345219e348575eb80e9a0?s=96&d=mm&r=g\",\"contentUrl\":\"https:\\\/\\\/secure.gravatar.com\\\/avatar\\\/37d968a2e67a6fd04c169c4bdef102d0bc5d31b2546345219e348575eb80e9a0?s=96&d=mm&r=g\",\"caption\":\"redazione\"},\"sameAs\":[\"http:\\\/\\\/www.bellunopress.it\",\"https:\\\/\\\/x.com\\\/bellunopress\"],\"url\":\"https:\\\/\\\/www.bellunopress.it\\\/fr\\\/author\\\/redazione\\\/\"}]}<\/script>\n<!-- \/ Yoast SEO plugin. -->","yoast_head_json":{"title":"Belluno: tutto pronto per la festa in piazza Duomo il 31 dicembre - Bellunopress - Dolomiti","robots":{"index":"index","follow":"follow","max-snippet":"max-snippet:-1","max-image-preview":"max-image-preview:large","max-video-preview":"max-video-preview:-1"},"canonical":"https:\/\/www.bellunopress.it\/fr\/2025\/12\/30\/belluno-tutto-pronto-per-la-festa-in-piazza-duomo-il-31-dicembre\/","og_locale":"fr_FR","og_type":"article","og_title":"Belluno: tutto pronto per la festa in piazza Duomo il 31 dicembre - Bellunopress - Dolomiti","og_description":"Belluno, 30 dicembre 2025 &#8211; Fervono i preparativi per la grande festa di Capodanno, l\u2019evento che accompagner\u00e0 la Citt\u00e0 verso il nuovo anno, in programma mercoled\u00ec 31 dicembre, dalle 22 alle 2. Il programma, messo a punto dall\u2019Amministrazione comunale in collaborazione con Belluno Centro e con il contributo della DMO Dolomiti Bellunesi, prevede una serata [&hellip;]","og_url":"https:\/\/www.bellunopress.it\/fr\/2025\/12\/30\/belluno-tutto-pronto-per-la-festa-in-piazza-duomo-il-31-dicembre\/","og_site_name":"Bellunopress - Dolomiti","article_publisher":"https:\/\/www.facebook.com\/profile.php?id=100008943462799","article_published_time":"2025-12-30T15:06:29+00:00","article_modified_time":"2025-12-31T08:07:30+00:00","og_image":[{"width":600,"height":449,"url":"https:\/\/www.bellunopress.it\/wp-content\/uploads\/2025\/12\/piazza-duomo-prefettura.jpg","type":"image\/jpeg"}],"author":"redazione","twitter_card":"summary_large_image","twitter_creator":"@bellunopress","twitter_site":"@bellunopress","twitter_misc":{"\u00c9crit par":"redazione","Dur\u00e9e de lecture estim\u00e9e":"2 minutes"},"schema":{"@context":"https:\/\/schema.org","@graph":[{"@type":"Article","@id":"https:\/\/www.bellunopress.it\/2025\/12\/30\/belluno-tutto-pronto-per-la-festa-in-piazza-duomo-il-31-dicembre\/#article","isPartOf":{"@id":"https:\/\/www.bellunopress.it\/2025\/12\/30\/belluno-tutto-pronto-per-la-festa-in-piazza-duomo-il-31-dicembre\/"},"author":{"name":"redazione","@id":"https:\/\/www.bellunopress.it\/#\/schema\/person\/79bb06722b37ece1c03d3e94beb30d73"},"headline":"Belluno: tutto pronto per la festa in piazza Duomo il 31 dicembre","datePublished":"2025-12-30T15:06:29+00:00","dateModified":"2025-12-31T08:07:30+00:00","mainEntityOfPage":{"@id":"https:\/\/www.bellunopress.it\/2025\/12\/30\/belluno-tutto-pronto-per-la-festa-in-piazza-duomo-il-31-dicembre\/"},"wordCount":450,"publisher":{"@id":"https:\/\/www.bellunopress.it\/#organization"},"image":{"@id":"https:\/\/www.bellunopress.it\/2025\/12\/30\/belluno-tutto-pronto-per-la-festa-in-piazza-duomo-il-31-dicembre\/#primaryimage"},"thumbnailUrl":"https:\/\/www.bellunopress.it\/wp-content\/uploads\/2025\/12\/piazza-duomo-prefettura.jpg","articleSection":["Appuntamenti, Eventi","Featured","Prima Pagina","Societ\u00e0, Associazioni, Istituzioni"],"inLanguage":"fr-FR"},{"@type":"WebPage","@id":"https:\/\/www.bellunopress.it\/2025\/12\/30\/belluno-tutto-pronto-per-la-festa-in-piazza-duomo-il-31-dicembre\/","url":"https:\/\/www.bellunopress.it\/2025\/12\/30\/belluno-tutto-pronto-per-la-festa-in-piazza-duomo-il-31-dicembre\/","name":"Belluno: tutto pronto per la festa in piazza Duomo il 31 dicembre - Bellunopress - Dolomiti","isPartOf":{"@id":"https:\/\/www.bellunopress.it\/#website"},"primaryImageOfPage":{"@id":"https:\/\/www.bellunopress.it\/2025\/12\/30\/belluno-tutto-pronto-per-la-festa-in-piazza-duomo-il-31-dicembre\/#primaryimage"},"image":{"@id":"https:\/\/www.bellunopress.it\/2025\/12\/30\/belluno-tutto-pronto-per-la-festa-in-piazza-duomo-il-31-dicembre\/#primaryimage"},"thumbnailUrl":"https:\/\/www.bellunopress.it\/wp-content\/uploads\/2025\/12\/piazza-duomo-prefettura.jpg","datePublished":"2025-12-30T15:06:29+00:00","dateModified":"2025-12-31T08:07:30+00:00","breadcrumb":{"@id":"https:\/\/www.bellunopress.it\/2025\/12\/30\/belluno-tutto-pronto-per-la-festa-in-piazza-duomo-il-31-dicembre\/#breadcrumb"},"inLanguage":"fr-FR","potentialAction":[{"@type":"ReadAction","target":["https:\/\/www.bellunopress.it\/2025\/12\/30\/belluno-tutto-pronto-per-la-festa-in-piazza-duomo-il-31-dicembre\/"]}]},{"@type":"ImageObject","inLanguage":"fr-FR","@id":"https:\/\/www.bellunopress.it\/2025\/12\/30\/belluno-tutto-pronto-per-la-festa-in-piazza-duomo-il-31-dicembre\/#primaryimage","url":"https:\/\/www.bellunopress.it\/wp-content\/uploads\/2025\/12\/piazza-duomo-prefettura.jpg","contentUrl":"https:\/\/www.bellunopress.it\/wp-content\/uploads\/2025\/12\/piazza-duomo-prefettura.jpg","width":600,"height":449},{"@type":"BreadcrumbList","@id":"https:\/\/www.bellunopress.it\/2025\/12\/30\/belluno-tutto-pronto-per-la-festa-in-piazza-duomo-il-31-dicembre\/#breadcrumb","itemListElement":[{"@type":"ListItem","position":1,"name":"Home","item":"https:\/\/www.bellunopress.it\/"},{"@type":"ListItem","position":2,"name":"Belluno: tutto pronto per la festa in piazza Duomo il 31 dicembre"}]},{"@type":"WebSite","@id":"https:\/\/www.bellunopress.it\/#website","url":"https:\/\/www.bellunopress.it\/","name":"Bellunopress - Dolomiti","description":"e-mail: redazione@bellunopress.it","publisher":{"@id":"https:\/\/www.bellunopress.it\/#organization"},"potentialAction":[{"@type":"SearchAction","target":{"@type":"EntryPoint","urlTemplate":"https:\/\/www.bellunopress.it\/?s={search_term_string}"},"query-input":{"@type":"PropertyValueSpecification","valueRequired":true,"valueName":"search_term_string"}}],"inLanguage":"fr-FR"},{"@type":"Organization","@id":"https:\/\/www.bellunopress.it\/#organization","name":"Bellunopress","url":"https:\/\/www.bellunopress.it\/","logo":{"@type":"ImageObject","inLanguage":"fr-FR","@id":"https:\/\/www.bellunopress.it\/#\/schema\/logo\/image\/","url":"https:\/\/www.bellunopress.it\/wp-content\/uploads\/2011\/05\/cropped-logo-bellunopress-.jpg","contentUrl":"https:\/\/www.bellunopress.it\/wp-content\/uploads\/2011\/05\/cropped-logo-bellunopress-.jpg","width":512,"height":512,"caption":"Bellunopress"},"image":{"@id":"https:\/\/www.bellunopress.it\/#\/schema\/logo\/image\/"},"sameAs":["https:\/\/www.facebook.com\/profile.php?id=100008943462799","https:\/\/x.com\/bellunopress","https:\/\/www.linkedin.com\/hp\/?dnr=JBzUWaJfMUw8vbXJJ2tVW5-I3jZKvC4wsoxE&amp;amp;amp;amp;amp;amp;trk=nav_responsive_tab_home","https:\/\/www.youtube.com\/channel\/UCxL0wu1uN0_3_7hGG0306cw"]},{"@type":"Person","@id":"https:\/\/www.bellunopress.it\/#\/schema\/person\/79bb06722b37ece1c03d3e94beb30d73","name":"r\u00e9daction","image":{"@type":"ImageObject","inLanguage":"fr-FR","@id":"https:\/\/secure.gravatar.com\/avatar\/37d968a2e67a6fd04c169c4bdef102d0bc5d31b2546345219e348575eb80e9a0?s=96&d=mm&r=g","url":"https:\/\/secure.gravatar.com\/avatar\/37d968a2e67a6fd04c169c4bdef102d0bc5d31b2546345219e348575eb80e9a0?s=96&d=mm&r=g","contentUrl":"https:\/\/secure.gravatar.com\/avatar\/37d968a2e67a6fd04c169c4bdef102d0bc5d31b2546345219e348575eb80e9a0?s=96&d=mm&r=g","caption":"redazione"},"sameAs":["http:\/\/www.bellunopress.it","https:\/\/x.com\/bellunopress"],"url":"https:\/\/www.bellunopress.it\/fr\/author\/redazione\/"}]}},"_links":{"self":[{"href":"https:\/\/www.bellunopress.it\/fr\/wp-json\/wp\/v2\/posts\/166124","targetHints":{"allow":["GET"]}}],"collection":[{"href":"https:\/\/www.bellunopress.it\/fr\/wp-json\/wp\/v2\/posts"}],"about":[{"href":"https:\/\/www.bellunopress.it\/fr\/wp-json\/wp\/v2\/types\/post"}],"author":[{"embeddable":true,"href":"https:\/\/www.bellunopress.it\/fr\/wp-json\/wp\/v2\/users\/2"}],"replies":[{"embeddable":true,"href":"https:\/\/www.bellunopress.it\/fr\/wp-json\/wp\/v2\/comments?post=166124"}],"version-history":[{"count":1,"href":"https:\/\/www.bellunopress.it\/fr\/wp-json\/wp\/v2\/posts\/166124\/revisions"}],"predecessor-version":[{"id":166126,"href":"https:\/\/www.bellunopress.it\/fr\/wp-json\/wp\/v2\/posts\/166124\/revisions\/166126"}],"wp:featuredmedia":[{"embeddable":true,"href":"https:\/\/www.bellunopress.it\/fr\/wp-json\/wp\/v2\/media\/166125"}],"wp:attachment":[{"href":"https:\/\/www.bellunopress.it\/fr\/wp-json\/wp\/v2\/media?parent=166124"}],"wp:term":[{"taxonomy":"category","embeddable":true,"href":"https:\/\/www.bellunopress.it\/fr\/wp-json\/wp\/v2\/categories?post=166124"},{"taxonomy":"post_tag","embeddable":true,"href":"https:\/\/www.bellunopress.it\/fr\/wp-json\/wp\/v2\/tags?post=166124"}],"curies":[{"name":"wp","href":"https:\/\/api.w.org\/{rel}","templated":true}]}}