{"id":166118,"date":"2025-12-30T15:47:58","date_gmt":"2025-12-30T14:47:58","guid":{"rendered":"https:\/\/www.bellunopress.it\/?p=166118"},"modified":"2025-12-30T15:47:58","modified_gmt":"2025-12-30T14:47:58","slug":"vigo-di-cadore-luca-frescura-scende-in-campo-e-promette-la-riduzione-delle-tasse","status":"publish","type":"post","link":"https:\/\/www.bellunopress.it\/fr\/2025\/12\/30\/vigo-di-cadore-luca-frescura-scende-in-campo-e-promette-la-riduzione-delle-tasse\/","title":{"rendered":"Vigo di Cadore, Luca Frescura scende in campo e promette la riduzione delle tasse"},"content":{"rendered":"<figure id=\"attachment_166119\" aria-describedby=\"caption-attachment-166119\" style=\"width: 500px\" class=\"wp-caption aligncenter\"><img loading=\"lazy\" decoding=\"async\" class=\"size-full wp-image-166119\" src=\"https:\/\/www.bellunopress.it\/wp-content\/uploads\/2025\/12\/Luca-Frescura.jpg\" alt=\"\" width=\"500\" height=\"498\" srcset=\"https:\/\/www.bellunopress.it\/wp-content\/uploads\/2025\/12\/Luca-Frescura.jpg 500w, https:\/\/www.bellunopress.it\/wp-content\/uploads\/2025\/12\/Luca-Frescura-300x300.jpg 300w, https:\/\/www.bellunopress.it\/wp-content\/uploads\/2025\/12\/Luca-Frescura-422x420.jpg 422w\" sizes=\"auto, (max-width: 500px) 100vw, 500px\" \/><figcaption id=\"caption-attachment-166119\" class=\"wp-caption-text\">Luca Frescura<\/figcaption><\/figure>\n<p>Vigo di Cadore, 30 dicembre 2025 \u2013 Il panorama politico di Vigo di Cadore si scalda in vista delle prossime consultazioni elettorali. Luca Frescura, presidente nazionale dell&#8217;associazione &#8220;Giovani&amp;Futuro&#8221;, che strizza l&#8217;occhio al centrodestra, ha ufficializzato la propria candidatura alla carica di sindaco. Una discesa in campo che punta tutto sul rinnovamento, ma con un monito preciso ai conti pubblici: la riduzione della pressione fiscale.<\/p>\n<p><strong>La sfida fiscale: \u00abIMU e IRPEF vanno ridotte\u00bb<\/strong><br \/>\nIl cuore della proposta di Frescura nasce da una critica diretta all&#8217;attuale amministrazione. Durante l&#8217;ultimo Consiglio comunale del 2025, la maggioranza ha confermato le aliquote IMU e l&#8217;addizionale IRPEF ai livelli massimi consentiti.<\/p>\n<p>\u00abSe ci darete fiducia, questo sar\u00e0 l\u2019ultimo anno con le tasse al massimo\u00bb, ha dichiarato con fermezza Frescura. Secondo il candidato, i margini di manovra ci sono: \u00abCon un avanzo di amministrazione di quasi 1,5 milioni di euro, \u00e8 possibile e doveroso ridurre il carico fiscale per stare concretamente dalla parte dei cittadini\u00bb.<\/p>\n<p>Non si tratta per\u00f2 solo di numeri. Frescura sottolinea come la sua candidatura nasca da una visione di comunit\u00e0 che mette al centro le persone e il territorio:<\/p>\n<p>Servizi e decoro: maggiore attenzione a manutenzioni e servizi quotidiani.<\/p>\n<p>Frazioni e tradizioni: valorizzazione delle singole realt\u00e0 che compongono il Comune.<\/p>\n<p>Sociale: sostegno attivo alle famiglie, ai giovani e agli anziani.<\/p>\n<p>\u00abIl nostro Paese non \u00e8 solo un bilancio da far quadrare: \u00e8 una comunit\u00e0 da far vivere\u00bb, spiega il leader di Giovani&amp;Futuro, sottolineando come il ruolo di Sindaco debba essere inteso non come un titolo, ma come un \u00abimpegno quotidiano di presenza e ascolto\u00bb.<\/p>\n<p>Per sostenere questo progetto, Frescura sta lavorando alla formazione di una lista che unisca l&#8217;energia delle nuove generazioni all&#8217;esperienza di figure consolidate. L&#8217;obiettivo dichiarato \u00e8 quello di una campagna elettorale \u00abpulita\u00bb, basata esclusivamente su contenuti e proposte concrete.<\/p>\n<p>\u00abSiamo pronti a rilanciare il nostro Comune con passione e onest\u00e0\u00bb, conclude Frescura, dando ufficialmente il via a una corsa elettorale che si preannuncia incentrata sul binomio tra sostenibilit\u00e0 economica e rilancio del patrimonio culturale e sociale di Vigo di Cadore.<\/p>","protected":false},"excerpt":{"rendered":"<p>Vigo di Cadore, 30 dicembre 2025 \u2013 Il panorama politico di Vigo di Cadore si scalda in vista delle prossime consultazioni elettorali. Luca Frescura, presidente nazionale dell&#8217;associazione &#8220;Giovani&amp;Futuro&#8221;, che strizza l&#8217;occhio al centrodestra, ha ufficializzato la propria candidatura alla carica di sindaco. Una discesa in campo che punta tutto sul rinnovamento, ma con un monito [&hellip;]<\/p>\n","protected":false},"author":2,"featured_media":166119,"comment_status":"closed","ping_status":"open","sticky":false,"template":"","format":"standard","meta":{"footnotes":""},"categories":[5,26],"tags":[],"class_list":["post-166118","post","type-post","status-publish","format-standard","has-post-thumbnail","category-cronaca","category-prima-pagina"],"yoast_head":"<!-- This site is optimized with the Yoast SEO plugin v28.4 - https:\/\/yoast.com\/product\/yoast-seo-wordpress\/ -->\n<title>Vigo di Cadore, Luca Frescura scende in campo e promette la riduzione delle tasse - Bellunopress - Dolomiti<\/title>\n<meta name=\"robots\" content=\"index, follow, max-snippet:-1, max-image-preview:large, max-video-preview:-1\" \/>\n<link rel=\"canonical\" href=\"https:\/\/www.bellunopress.it\/fr\/2025\/12\/30\/vigo-di-cadore-luca-frescura-scende-in-campo-e-promette-la-riduzione-delle-tasse\/\" \/>\n<meta property=\"og:locale\" content=\"fr_FR\" \/>\n<meta property=\"og:type\" content=\"article\" \/>\n<meta property=\"og:title\" content=\"Vigo di Cadore, Luca Frescura scende in campo e promette la riduzione delle tasse - Bellunopress - Dolomiti\" \/>\n<meta property=\"og:description\" content=\"Vigo di Cadore, 30 dicembre 2025 \u2013 Il panorama politico di Vigo di Cadore si scalda in vista delle prossime consultazioni elettorali. Luca Frescura, presidente nazionale dell&#8217;associazione &#8220;Giovani&amp;Futuro&#8221;, che strizza l&#8217;occhio al centrodestra, ha ufficializzato la propria candidatura alla carica di sindaco. Una discesa in campo che punta tutto sul rinnovamento, ma con un monito [&hellip;]\" \/>\n<meta property=\"og:url\" content=\"https:\/\/www.bellunopress.it\/fr\/2025\/12\/30\/vigo-di-cadore-luca-frescura-scende-in-campo-e-promette-la-riduzione-delle-tasse\/\" \/>\n<meta property=\"og:site_name\" content=\"Bellunopress - Dolomiti\" \/>\n<meta property=\"article:publisher\" content=\"https:\/\/www.facebook.com\/profile.php?id=100008943462799\" \/>\n<meta property=\"article:published_time\" content=\"2025-12-30T14:47:58+00:00\" \/>\n<meta property=\"og:image\" content=\"https:\/\/www.bellunopress.it\/wp-content\/uploads\/2025\/12\/Luca-Frescura.jpg\" \/>\n\t<meta property=\"og:image:width\" content=\"500\" \/>\n\t<meta property=\"og:image:height\" content=\"498\" \/>\n\t<meta property=\"og:image:type\" content=\"image\/jpeg\" \/>\n<meta name=\"author\" content=\"redazione\" \/>\n<meta name=\"twitter:card\" content=\"summary_large_image\" \/>\n<meta name=\"twitter:creator\" content=\"@bellunopress\" \/>\n<meta name=\"twitter:site\" content=\"@bellunopress\" \/>\n<meta name=\"twitter:label1\" content=\"\u00c9crit par\" \/>\n\t<meta name=\"twitter:data1\" content=\"redazione\" \/>\n\t<meta name=\"twitter:label2\" content=\"Dur\u00e9e de lecture estim\u00e9e\" \/>\n\t<meta name=\"twitter:data2\" content=\"2 minutes\" \/>\n<script type=\"application\/ld+json\" class=\"yoast-schema-graph\">{\"@context\":\"https:\\\/\\\/schema.org\",\"@graph\":[{\"@type\":\"Article\",\"@id\":\"https:\\\/\\\/www.bellunopress.it\\\/2025\\\/12\\\/30\\\/vigo-di-cadore-luca-frescura-scende-in-campo-e-promette-la-riduzione-delle-tasse\\\/#article\",\"isPartOf\":{\"@id\":\"https:\\\/\\\/www.bellunopress.it\\\/2025\\\/12\\\/30\\\/vigo-di-cadore-luca-frescura-scende-in-campo-e-promette-la-riduzione-delle-tasse\\\/\"},\"author\":{\"name\":\"redazione\",\"@id\":\"https:\\\/\\\/www.bellunopress.it\\\/#\\\/schema\\\/person\\\/79bb06722b37ece1c03d3e94beb30d73\"},\"headline\":\"Vigo di Cadore, Luca Frescura scende in campo e promette la riduzione delle tasse\",\"datePublished\":\"2025-12-30T14:47:58+00:00\",\"mainEntityOfPage\":{\"@id\":\"https:\\\/\\\/www.bellunopress.it\\\/2025\\\/12\\\/30\\\/vigo-di-cadore-luca-frescura-scende-in-campo-e-promette-la-riduzione-delle-tasse\\\/\"},\"wordCount\":367,\"publisher\":{\"@id\":\"https:\\\/\\\/www.bellunopress.it\\\/#organization\"},\"image\":{\"@id\":\"https:\\\/\\\/www.bellunopress.it\\\/2025\\\/12\\\/30\\\/vigo-di-cadore-luca-frescura-scende-in-campo-e-promette-la-riduzione-delle-tasse\\\/#primaryimage\"},\"thumbnailUrl\":\"https:\\\/\\\/www.bellunopress.it\\\/wp-content\\\/uploads\\\/2025\\\/12\\\/Luca-Frescura.jpg\",\"articleSection\":[\"Cronaca\\\/Politica\",\"Prima Pagina\"],\"inLanguage\":\"fr-FR\"},{\"@type\":\"WebPage\",\"@id\":\"https:\\\/\\\/www.bellunopress.it\\\/2025\\\/12\\\/30\\\/vigo-di-cadore-luca-frescura-scende-in-campo-e-promette-la-riduzione-delle-tasse\\\/\",\"url\":\"https:\\\/\\\/www.bellunopress.it\\\/2025\\\/12\\\/30\\\/vigo-di-cadore-luca-frescura-scende-in-campo-e-promette-la-riduzione-delle-tasse\\\/\",\"name\":\"Vigo di Cadore, Luca Frescura scende in campo e promette la riduzione delle tasse - Bellunopress - Dolomiti\",\"isPartOf\":{\"@id\":\"https:\\\/\\\/www.bellunopress.it\\\/#website\"},\"primaryImageOfPage\":{\"@id\":\"https:\\\/\\\/www.bellunopress.it\\\/2025\\\/12\\\/30\\\/vigo-di-cadore-luca-frescura-scende-in-campo-e-promette-la-riduzione-delle-tasse\\\/#primaryimage\"},\"image\":{\"@id\":\"https:\\\/\\\/www.bellunopress.it\\\/2025\\\/12\\\/30\\\/vigo-di-cadore-luca-frescura-scende-in-campo-e-promette-la-riduzione-delle-tasse\\\/#primaryimage\"},\"thumbnailUrl\":\"https:\\\/\\\/www.bellunopress.it\\\/wp-content\\\/uploads\\\/2025\\\/12\\\/Luca-Frescura.jpg\",\"datePublished\":\"2025-12-30T14:47:58+00:00\",\"breadcrumb\":{\"@id\":\"https:\\\/\\\/www.bellunopress.it\\\/2025\\\/12\\\/30\\\/vigo-di-cadore-luca-frescura-scende-in-campo-e-promette-la-riduzione-delle-tasse\\\/#breadcrumb\"},\"inLanguage\":\"fr-FR\",\"potentialAction\":[{\"@type\":\"ReadAction\",\"target\":[\"https:\\\/\\\/www.bellunopress.it\\\/2025\\\/12\\\/30\\\/vigo-di-cadore-luca-frescura-scende-in-campo-e-promette-la-riduzione-delle-tasse\\\/\"]}]},{\"@type\":\"ImageObject\",\"inLanguage\":\"fr-FR\",\"@id\":\"https:\\\/\\\/www.bellunopress.it\\\/2025\\\/12\\\/30\\\/vigo-di-cadore-luca-frescura-scende-in-campo-e-promette-la-riduzione-delle-tasse\\\/#primaryimage\",\"url\":\"https:\\\/\\\/www.bellunopress.it\\\/wp-content\\\/uploads\\\/2025\\\/12\\\/Luca-Frescura.jpg\",\"contentUrl\":\"https:\\\/\\\/www.bellunopress.it\\\/wp-content\\\/uploads\\\/2025\\\/12\\\/Luca-Frescura.jpg\",\"width\":500,\"height\":498,\"caption\":\"Luca Frescura\"},{\"@type\":\"BreadcrumbList\",\"@id\":\"https:\\\/\\\/www.bellunopress.it\\\/2025\\\/12\\\/30\\\/vigo-di-cadore-luca-frescura-scende-in-campo-e-promette-la-riduzione-delle-tasse\\\/#breadcrumb\",\"itemListElement\":[{\"@type\":\"ListItem\",\"position\":1,\"name\":\"Home\",\"item\":\"https:\\\/\\\/www.bellunopress.it\\\/\"},{\"@type\":\"ListItem\",\"position\":2,\"name\":\"Vigo di Cadore, Luca Frescura scende in campo e promette la riduzione delle tasse\"}]},{\"@type\":\"WebSite\",\"@id\":\"https:\\\/\\\/www.bellunopress.it\\\/#website\",\"url\":\"https:\\\/\\\/www.bellunopress.it\\\/\",\"name\":\"Bellunopress - Dolomiti\",\"description\":\"e-mail: redazione@bellunopress.it\",\"publisher\":{\"@id\":\"https:\\\/\\\/www.bellunopress.it\\\/#organization\"},\"potentialAction\":[{\"@type\":\"SearchAction\",\"target\":{\"@type\":\"EntryPoint\",\"urlTemplate\":\"https:\\\/\\\/www.bellunopress.it\\\/?s={search_term_string}\"},\"query-input\":{\"@type\":\"PropertyValueSpecification\",\"valueRequired\":true,\"valueName\":\"search_term_string\"}}],\"inLanguage\":\"fr-FR\"},{\"@type\":\"Organization\",\"@id\":\"https:\\\/\\\/www.bellunopress.it\\\/#organization\",\"name\":\"Bellunopress\",\"url\":\"https:\\\/\\\/www.bellunopress.it\\\/\",\"logo\":{\"@type\":\"ImageObject\",\"inLanguage\":\"fr-FR\",\"@id\":\"https:\\\/\\\/www.bellunopress.it\\\/#\\\/schema\\\/logo\\\/image\\\/\",\"url\":\"https:\\\/\\\/www.bellunopress.it\\\/wp-content\\\/uploads\\\/2011\\\/05\\\/cropped-logo-bellunopress-.jpg\",\"contentUrl\":\"https:\\\/\\\/www.bellunopress.it\\\/wp-content\\\/uploads\\\/2011\\\/05\\\/cropped-logo-bellunopress-.jpg\",\"width\":512,\"height\":512,\"caption\":\"Bellunopress\"},\"image\":{\"@id\":\"https:\\\/\\\/www.bellunopress.it\\\/#\\\/schema\\\/logo\\\/image\\\/\"},\"sameAs\":[\"https:\\\/\\\/www.facebook.com\\\/profile.php?id=100008943462799\",\"https:\\\/\\\/x.com\\\/bellunopress\",\"https:\\\/\\\/www.linkedin.com\\\/hp\\\/?dnr=JBzUWaJfMUw8vbXJJ2tVW5-I3jZKvC4wsoxE&amp;amp;amp;amp;amp;amp;trk=nav_responsive_tab_home\",\"https:\\\/\\\/www.youtube.com\\\/channel\\\/UCxL0wu1uN0_3_7hGG0306cw\"]},{\"@type\":\"Person\",\"@id\":\"https:\\\/\\\/www.bellunopress.it\\\/#\\\/schema\\\/person\\\/79bb06722b37ece1c03d3e94beb30d73\",\"name\":\"redazione\",\"image\":{\"@type\":\"ImageObject\",\"inLanguage\":\"fr-FR\",\"@id\":\"https:\\\/\\\/secure.gravatar.com\\\/avatar\\\/37d968a2e67a6fd04c169c4bdef102d0bc5d31b2546345219e348575eb80e9a0?s=96&d=mm&r=g\",\"url\":\"https:\\\/\\\/secure.gravatar.com\\\/avatar\\\/37d968a2e67a6fd04c169c4bdef102d0bc5d31b2546345219e348575eb80e9a0?s=96&d=mm&r=g\",\"contentUrl\":\"https:\\\/\\\/secure.gravatar.com\\\/avatar\\\/37d968a2e67a6fd04c169c4bdef102d0bc5d31b2546345219e348575eb80e9a0?s=96&d=mm&r=g\",\"caption\":\"redazione\"},\"sameAs\":[\"http:\\\/\\\/www.bellunopress.it\",\"https:\\\/\\\/x.com\\\/bellunopress\"],\"url\":\"https:\\\/\\\/www.bellunopress.it\\\/fr\\\/author\\\/redazione\\\/\"}]}<\/script>\n<!-- \/ Yoast SEO plugin. -->","yoast_head_json":{"title":"Vigo di Cadore, Luca Frescura scende in campo e promette la riduzione delle tasse - Bellunopress - Dolomiti","robots":{"index":"index","follow":"follow","max-snippet":"max-snippet:-1","max-image-preview":"max-image-preview:large","max-video-preview":"max-video-preview:-1"},"canonical":"https:\/\/www.bellunopress.it\/fr\/2025\/12\/30\/vigo-di-cadore-luca-frescura-scende-in-campo-e-promette-la-riduzione-delle-tasse\/","og_locale":"fr_FR","og_type":"article","og_title":"Vigo di Cadore, Luca Frescura scende in campo e promette la riduzione delle tasse - Bellunopress - Dolomiti","og_description":"Vigo di Cadore, 30 dicembre 2025 \u2013 Il panorama politico di Vigo di Cadore si scalda in vista delle prossime consultazioni elettorali. Luca Frescura, presidente nazionale dell&#8217;associazione &#8220;Giovani&amp;Futuro&#8221;, che strizza l&#8217;occhio al centrodestra, ha ufficializzato la propria candidatura alla carica di sindaco. Una discesa in campo che punta tutto sul rinnovamento, ma con un monito [&hellip;]","og_url":"https:\/\/www.bellunopress.it\/fr\/2025\/12\/30\/vigo-di-cadore-luca-frescura-scende-in-campo-e-promette-la-riduzione-delle-tasse\/","og_site_name":"Bellunopress - Dolomiti","article_publisher":"https:\/\/www.facebook.com\/profile.php?id=100008943462799","article_published_time":"2025-12-30T14:47:58+00:00","og_image":[{"width":500,"height":498,"url":"https:\/\/www.bellunopress.it\/wp-content\/uploads\/2025\/12\/Luca-Frescura.jpg","type":"image\/jpeg"}],"author":"redazione","twitter_card":"summary_large_image","twitter_creator":"@bellunopress","twitter_site":"@bellunopress","twitter_misc":{"\u00c9crit par":"redazione","Dur\u00e9e de lecture estim\u00e9e":"2 minutes"},"schema":{"@context":"https:\/\/schema.org","@graph":[{"@type":"Article","@id":"https:\/\/www.bellunopress.it\/2025\/12\/30\/vigo-di-cadore-luca-frescura-scende-in-campo-e-promette-la-riduzione-delle-tasse\/#article","isPartOf":{"@id":"https:\/\/www.bellunopress.it\/2025\/12\/30\/vigo-di-cadore-luca-frescura-scende-in-campo-e-promette-la-riduzione-delle-tasse\/"},"author":{"name":"redazione","@id":"https:\/\/www.bellunopress.it\/#\/schema\/person\/79bb06722b37ece1c03d3e94beb30d73"},"headline":"Vigo di Cadore, Luca Frescura scende in campo e promette la riduzione delle tasse","datePublished":"2025-12-30T14:47:58+00:00","mainEntityOfPage":{"@id":"https:\/\/www.bellunopress.it\/2025\/12\/30\/vigo-di-cadore-luca-frescura-scende-in-campo-e-promette-la-riduzione-delle-tasse\/"},"wordCount":367,"publisher":{"@id":"https:\/\/www.bellunopress.it\/#organization"},"image":{"@id":"https:\/\/www.bellunopress.it\/2025\/12\/30\/vigo-di-cadore-luca-frescura-scende-in-campo-e-promette-la-riduzione-delle-tasse\/#primaryimage"},"thumbnailUrl":"https:\/\/www.bellunopress.it\/wp-content\/uploads\/2025\/12\/Luca-Frescura.jpg","articleSection":["Cronaca\/Politica","Prima Pagina"],"inLanguage":"fr-FR"},{"@type":"WebPage","@id":"https:\/\/www.bellunopress.it\/2025\/12\/30\/vigo-di-cadore-luca-frescura-scende-in-campo-e-promette-la-riduzione-delle-tasse\/","url":"https:\/\/www.bellunopress.it\/2025\/12\/30\/vigo-di-cadore-luca-frescura-scende-in-campo-e-promette-la-riduzione-delle-tasse\/","name":"Vigo di Cadore, Luca Frescura scende in campo e promette la riduzione delle tasse - Bellunopress - Dolomiti","isPartOf":{"@id":"https:\/\/www.bellunopress.it\/#website"},"primaryImageOfPage":{"@id":"https:\/\/www.bellunopress.it\/2025\/12\/30\/vigo-di-cadore-luca-frescura-scende-in-campo-e-promette-la-riduzione-delle-tasse\/#primaryimage"},"image":{"@id":"https:\/\/www.bellunopress.it\/2025\/12\/30\/vigo-di-cadore-luca-frescura-scende-in-campo-e-promette-la-riduzione-delle-tasse\/#primaryimage"},"thumbnailUrl":"https:\/\/www.bellunopress.it\/wp-content\/uploads\/2025\/12\/Luca-Frescura.jpg","datePublished":"2025-12-30T14:47:58+00:00","breadcrumb":{"@id":"https:\/\/www.bellunopress.it\/2025\/12\/30\/vigo-di-cadore-luca-frescura-scende-in-campo-e-promette-la-riduzione-delle-tasse\/#breadcrumb"},"inLanguage":"fr-FR","potentialAction":[{"@type":"ReadAction","target":["https:\/\/www.bellunopress.it\/2025\/12\/30\/vigo-di-cadore-luca-frescura-scende-in-campo-e-promette-la-riduzione-delle-tasse\/"]}]},{"@type":"ImageObject","inLanguage":"fr-FR","@id":"https:\/\/www.bellunopress.it\/2025\/12\/30\/vigo-di-cadore-luca-frescura-scende-in-campo-e-promette-la-riduzione-delle-tasse\/#primaryimage","url":"https:\/\/www.bellunopress.it\/wp-content\/uploads\/2025\/12\/Luca-Frescura.jpg","contentUrl":"https:\/\/www.bellunopress.it\/wp-content\/uploads\/2025\/12\/Luca-Frescura.jpg","width":500,"height":498,"caption":"Luca Frescura"},{"@type":"BreadcrumbList","@id":"https:\/\/www.bellunopress.it\/2025\/12\/30\/vigo-di-cadore-luca-frescura-scende-in-campo-e-promette-la-riduzione-delle-tasse\/#breadcrumb","itemListElement":[{"@type":"ListItem","position":1,"name":"Home","item":"https:\/\/www.bellunopress.it\/"},{"@type":"ListItem","position":2,"name":"Vigo di Cadore, Luca Frescura scende in campo e promette la riduzione delle tasse"}]},{"@type":"WebSite","@id":"https:\/\/www.bellunopress.it\/#website","url":"https:\/\/www.bellunopress.it\/","name":"Bellunopress - Dolomiti","description":"e-mail: redazione@bellunopress.it","publisher":{"@id":"https:\/\/www.bellunopress.it\/#organization"},"potentialAction":[{"@type":"SearchAction","target":{"@type":"EntryPoint","urlTemplate":"https:\/\/www.bellunopress.it\/?s={search_term_string}"},"query-input":{"@type":"PropertyValueSpecification","valueRequired":true,"valueName":"search_term_string"}}],"inLanguage":"fr-FR"},{"@type":"Organization","@id":"https:\/\/www.bellunopress.it\/#organization","name":"Bellunopress","url":"https:\/\/www.bellunopress.it\/","logo":{"@type":"ImageObject","inLanguage":"fr-FR","@id":"https:\/\/www.bellunopress.it\/#\/schema\/logo\/image\/","url":"https:\/\/www.bellunopress.it\/wp-content\/uploads\/2011\/05\/cropped-logo-bellunopress-.jpg","contentUrl":"https:\/\/www.bellunopress.it\/wp-content\/uploads\/2011\/05\/cropped-logo-bellunopress-.jpg","width":512,"height":512,"caption":"Bellunopress"},"image":{"@id":"https:\/\/www.bellunopress.it\/#\/schema\/logo\/image\/"},"sameAs":["https:\/\/www.facebook.com\/profile.php?id=100008943462799","https:\/\/x.com\/bellunopress","https:\/\/www.linkedin.com\/hp\/?dnr=JBzUWaJfMUw8vbXJJ2tVW5-I3jZKvC4wsoxE&amp;amp;amp;amp;amp;amp;trk=nav_responsive_tab_home","https:\/\/www.youtube.com\/channel\/UCxL0wu1uN0_3_7hGG0306cw"]},{"@type":"Person","@id":"https:\/\/www.bellunopress.it\/#\/schema\/person\/79bb06722b37ece1c03d3e94beb30d73","name":"r\u00e9daction","image":{"@type":"ImageObject","inLanguage":"fr-FR","@id":"https:\/\/secure.gravatar.com\/avatar\/37d968a2e67a6fd04c169c4bdef102d0bc5d31b2546345219e348575eb80e9a0?s=96&d=mm&r=g","url":"https:\/\/secure.gravatar.com\/avatar\/37d968a2e67a6fd04c169c4bdef102d0bc5d31b2546345219e348575eb80e9a0?s=96&d=mm&r=g","contentUrl":"https:\/\/secure.gravatar.com\/avatar\/37d968a2e67a6fd04c169c4bdef102d0bc5d31b2546345219e348575eb80e9a0?s=96&d=mm&r=g","caption":"redazione"},"sameAs":["http:\/\/www.bellunopress.it","https:\/\/x.com\/bellunopress"],"url":"https:\/\/www.bellunopress.it\/fr\/author\/redazione\/"}]}},"_links":{"self":[{"href":"https:\/\/www.bellunopress.it\/fr\/wp-json\/wp\/v2\/posts\/166118","targetHints":{"allow":["GET"]}}],"collection":[{"href":"https:\/\/www.bellunopress.it\/fr\/wp-json\/wp\/v2\/posts"}],"about":[{"href":"https:\/\/www.bellunopress.it\/fr\/wp-json\/wp\/v2\/types\/post"}],"author":[{"embeddable":true,"href":"https:\/\/www.bellunopress.it\/fr\/wp-json\/wp\/v2\/users\/2"}],"replies":[{"embeddable":true,"href":"https:\/\/www.bellunopress.it\/fr\/wp-json\/wp\/v2\/comments?post=166118"}],"version-history":[{"count":1,"href":"https:\/\/www.bellunopress.it\/fr\/wp-json\/wp\/v2\/posts\/166118\/revisions"}],"predecessor-version":[{"id":166120,"href":"https:\/\/www.bellunopress.it\/fr\/wp-json\/wp\/v2\/posts\/166118\/revisions\/166120"}],"wp:featuredmedia":[{"embeddable":true,"href":"https:\/\/www.bellunopress.it\/fr\/wp-json\/wp\/v2\/media\/166119"}],"wp:attachment":[{"href":"https:\/\/www.bellunopress.it\/fr\/wp-json\/wp\/v2\/media?parent=166118"}],"wp:term":[{"taxonomy":"category","embeddable":true,"href":"https:\/\/www.bellunopress.it\/fr\/wp-json\/wp\/v2\/categories?post=166118"},{"taxonomy":"post_tag","embeddable":true,"href":"https:\/\/www.bellunopress.it\/fr\/wp-json\/wp\/v2\/tags?post=166118"}],"curies":[{"name":"wp","href":"https:\/\/api.w.org\/{rel}","templated":true}]}}