{"id":166116,"date":"2025-12-30T15:13:50","date_gmt":"2025-12-30T14:13:50","guid":{"rendered":"https:\/\/www.bellunopress.it\/?p=166116"},"modified":"2025-12-30T15:13:50","modified_gmt":"2025-12-30T14:13:50","slug":"nevegal-il-futuro-del-colle-tra-investimenti-e-nodi-da-sciogliere-il-punto-dopo-lassemblea-pubblica-del-29-dicembre","status":"publish","type":"post","link":"https:\/\/www.bellunopress.it\/fr\/2025\/12\/30\/nevegal-il-futuro-del-colle-tra-investimenti-e-nodi-da-sciogliere-il-punto-dopo-lassemblea-pubblica-del-29-dicembre\/","title":{"rendered":"Nevegal, il futuro del Colle tra investimenti e nodi da sciogliere: il punto dopo l&#8217;assemblea pubblica del 29 dicembre"},"content":{"rendered":"<p><strong><img loading=\"lazy\" decoding=\"async\" class=\"aligncenter size-full wp-image-120088\" src=\"https:\/\/www.bellunopress.it\/wp-content\/uploads\/2020\/12\/Nevegal-Piazzale-3.jpg\" alt=\"\" width=\"800\" height=\"600\" srcset=\"https:\/\/www.bellunopress.it\/wp-content\/uploads\/2020\/12\/Nevegal-Piazzale-3.jpg 800w, https:\/\/www.bellunopress.it\/wp-content\/uploads\/2020\/12\/Nevegal-Piazzale-3-500x375.jpg 500w, https:\/\/www.bellunopress.it\/wp-content\/uploads\/2020\/12\/Nevegal-Piazzale-3-696x522.jpg 696w, https:\/\/www.bellunopress.it\/wp-content\/uploads\/2020\/12\/Nevegal-Piazzale-3-560x420.jpg 560w, https:\/\/www.bellunopress.it\/wp-content\/uploads\/2020\/12\/Nevegal-Piazzale-3-80x60.jpg 80w, https:\/\/www.bellunopress.it\/wp-content\/uploads\/2020\/12\/Nevegal-Piazzale-3-265x198.jpg 265w\" sizes=\"auto, (max-width: 800px) 100vw, 800px\" \/>Sala gremita e clima costruttivo per l\u2019attesa serata informativa. Il capofrazione Daniele Libralon: \u00abRichiesta di chiarezza e trasparenza su fondi e tempistiche\u00bb.<\/strong><\/p>\n<p>Belluno, 30 dicembre 2025 \u2013 Una sala affollata, unita da un misto di preoccupazione e speranza, ha fatto da cornice alla serata pubblica dedicata al futuro del Nevegal. A tracciare un bilancio dell\u2019incontro \u00e8 il capofrazione Daniele Libralon, che descrive su Facebook un confronto avvenuto in un clima \u00abcomplessivamente sereno e partecipato\u00bb, nonostante l&#8217;importanza dei temi trattati.<\/p>\n<p>Al centro del dibattito, le dichiarazioni ufficiali dei rappresentanti di We Love Nevegal (WLN) e Dolomiti Ski Line (DSL), chiamati a rispondere ai dubbi di residenti, operatori economici e associazioni.<\/p>\n<p><strong>Il nodo impianti e la promessa dei rimborsi<\/strong><br \/>\nIl tema pi\u00f9 urgente resta quello della stagione sciistica. Come riportato da Libralon nel suo resoconto, la societ\u00e0 ha cercato di rassicurare l&#8217;utenza sul piano economico: \u00abIn caso di mancata apertura degli impianti, la societ\u00e0 provveder\u00e0 al rimborso degli skipass\u00bb, ha confermato la dirigenza, ribadendo la ferma volont\u00e0 di aprire non appena le condizioni meteo lo permetteranno.<\/p>\n<p>Per quanto riguarda le infrastrutture, gli occhi sono puntati al 29 gennaio per la conferenza dei servizi sulle Erte. Sul fronte dello skilift gi\u00e0 acquistato, Libralon riferisce la fiducia dei gestori \u00abdi poter finire l&#8217;iter autorizzativo, ormai in stato avanzato, per l\u2019installazione entro il prossimo inverno\u00bb.<\/p>\n<p><strong>Destagionalizzazione: i fondi del Ministero<\/strong><br \/>\nUna delle note pi\u00f9 concrete riguarda il finanziamento del Ministero del Turismo. \u00c8 stato confermato che il CUP (Codice Unico di Progetto) \u00e8 stato ottenuto ad agosto. Il piano prevede una trasformazione del Colle in ottica estiva con pista sintetica, skiroll, pump track e parco avventura. \u00abSono gi\u00e0 stati studiati i progetti per le opere mancanti \u2014 si legge nella nota di Libralon \u2014 che saranno in parte fruibili gi\u00e0 dall&#8217;estate 2026\u00bb.<\/p>\n<p><strong>Trasparenza e futuro: la voce della comunit\u00e0<\/strong><br \/>\nNonostante le rassicurazioni su investimenti privati e assetti societari (che vedono la partnership tra DSL e Uoffy Italia), la cittadinanza chiede garanzie. Il capofrazione ha evidenziato come, dal pubblico, sia emersa una \u00abforte richiesta di chiarezza, trasparenza e certezze operative\u00bb.<\/p>\n<p>In particolare, i cittadini chiedono scadenze precise su:<\/p>\n<p>Tempistiche reali dei cantieri.<\/p>\n<p>Effettiva apertura degli impianti.<\/p>\n<p>Gestione dei fondi pubblici e pianificazione a lungo termine.<\/p>\n<p>Sulla questione dell\u2019innevamento, Libralon annota che non sono emerse \u00abnovit\u00e0 operative concrete\u00bb, ma resta l&#8217;impegno a risolvere le criticit\u00e0 insieme agli enti pubblici, puntando tutto sulla speranza di avere a disposizione il nuovo bacino idrico per la prossima stagione.<\/p>\n<p>La serata si \u00e8 conclusa con un segnale di apertura, ma la comunit\u00e0 del Nevegal rimane in attesa di vedere i fatti seguire alle parole, con il prossimo appuntamento tecnico fissato a fine gennaio per sbloccare i nodi burocratici ancora pendenti.<\/p>","protected":false},"excerpt":{"rendered":"<p>Sala gremita e clima costruttivo per l\u2019attesa serata informativa. Il capofrazione Daniele Libralon: \u00abRichiesta di chiarezza e trasparenza su fondi e tempistiche\u00bb. Belluno, 30 dicembre 2025 \u2013 Una sala affollata, unita da un misto di preoccupazione e speranza, ha fatto da cornice alla serata pubblica dedicata al futuro del Nevegal. A tracciare un bilancio dell\u2019incontro [&hellip;]<\/p>\n","protected":false},"author":2,"featured_media":131570,"comment_status":"closed","ping_status":"open","sticky":false,"template":"","format":"standard","meta":{"footnotes":""},"categories":[5,26],"tags":[],"class_list":["post-166116","post","type-post","status-publish","format-standard","has-post-thumbnail","category-cronaca","category-prima-pagina"],"yoast_head":"<!-- This site is optimized with the Yoast SEO plugin v28.4 - https:\/\/yoast.com\/product\/yoast-seo-wordpress\/ -->\n<title>Nevegal, il futuro del Colle tra investimenti e nodi da sciogliere: il punto dopo l&#039;assemblea pubblica del 29 dicembre - Bellunopress - Dolomiti<\/title>\n<meta name=\"robots\" content=\"index, follow, max-snippet:-1, max-image-preview:large, max-video-preview:-1\" \/>\n<link rel=\"canonical\" href=\"https:\/\/www.bellunopress.it\/fr\/2025\/12\/30\/nevegal-il-futuro-del-colle-tra-investimenti-e-nodi-da-sciogliere-il-punto-dopo-lassemblea-pubblica-del-29-dicembre\/\" \/>\n<meta property=\"og:locale\" content=\"fr_FR\" \/>\n<meta property=\"og:type\" content=\"article\" \/>\n<meta property=\"og:title\" content=\"Nevegal, il futuro del Colle tra investimenti e nodi da sciogliere: il punto dopo l&#039;assemblea pubblica del 29 dicembre - Bellunopress - Dolomiti\" \/>\n<meta property=\"og:description\" content=\"Sala gremita e clima costruttivo per l\u2019attesa serata informativa. Il capofrazione Daniele Libralon: \u00abRichiesta di chiarezza e trasparenza su fondi e tempistiche\u00bb. Belluno, 30 dicembre 2025 \u2013 Una sala affollata, unita da un misto di preoccupazione e speranza, ha fatto da cornice alla serata pubblica dedicata al futuro del Nevegal. A tracciare un bilancio dell\u2019incontro [&hellip;]\" \/>\n<meta property=\"og:url\" content=\"https:\/\/www.bellunopress.it\/fr\/2025\/12\/30\/nevegal-il-futuro-del-colle-tra-investimenti-e-nodi-da-sciogliere-il-punto-dopo-lassemblea-pubblica-del-29-dicembre\/\" \/>\n<meta property=\"og:site_name\" content=\"Bellunopress - Dolomiti\" \/>\n<meta property=\"article:publisher\" content=\"https:\/\/www.facebook.com\/profile.php?id=100008943462799\" \/>\n<meta property=\"article:published_time\" content=\"2025-12-30T14:13:50+00:00\" \/>\n<meta property=\"og:image\" content=\"https:\/\/www.bellunopress.it\/wp-content\/uploads\/2022\/02\/Visentin-Nevegal_edited.jpg\" \/>\n\t<meta property=\"og:image:width\" content=\"1000\" \/>\n\t<meta property=\"og:image:height\" content=\"469\" \/>\n\t<meta property=\"og:image:type\" content=\"image\/jpeg\" \/>\n<meta name=\"author\" content=\"redazione\" \/>\n<meta name=\"twitter:card\" content=\"summary_large_image\" \/>\n<meta name=\"twitter:creator\" content=\"@bellunopress\" \/>\n<meta name=\"twitter:site\" content=\"@bellunopress\" \/>\n<meta name=\"twitter:label1\" content=\"Written by\" \/>\n\t<meta name=\"twitter:data1\" content=\"redazione\" \/>\n\t<meta name=\"twitter:label2\" content=\"Est. reading time\" \/>\n\t<meta name=\"twitter:data2\" content=\"2 minutes\" \/>\n<script type=\"application\/ld+json\" class=\"yoast-schema-graph\">{\"@context\":\"https:\\\/\\\/schema.org\",\"@graph\":[{\"@type\":\"Article\",\"@id\":\"https:\\\/\\\/www.bellunopress.it\\\/2025\\\/12\\\/30\\\/nevegal-il-futuro-del-colle-tra-investimenti-e-nodi-da-sciogliere-il-punto-dopo-lassemblea-pubblica-del-29-dicembre\\\/#article\",\"isPartOf\":{\"@id\":\"https:\\\/\\\/www.bellunopress.it\\\/2025\\\/12\\\/30\\\/nevegal-il-futuro-del-colle-tra-investimenti-e-nodi-da-sciogliere-il-punto-dopo-lassemblea-pubblica-del-29-dicembre\\\/\"},\"author\":{\"name\":\"redazione\",\"@id\":\"https:\\\/\\\/www.bellunopress.it\\\/#\\\/schema\\\/person\\\/79bb06722b37ece1c03d3e94beb30d73\"},\"headline\":\"Nevegal, il futuro del Colle tra investimenti e nodi da sciogliere: il punto dopo l&#8217;assemblea pubblica del 29 dicembre\",\"datePublished\":\"2025-12-30T14:13:50+00:00\",\"mainEntityOfPage\":{\"@id\":\"https:\\\/\\\/www.bellunopress.it\\\/2025\\\/12\\\/30\\\/nevegal-il-futuro-del-colle-tra-investimenti-e-nodi-da-sciogliere-il-punto-dopo-lassemblea-pubblica-del-29-dicembre\\\/\"},\"wordCount\":466,\"publisher\":{\"@id\":\"https:\\\/\\\/www.bellunopress.it\\\/#organization\"},\"image\":{\"@id\":\"https:\\\/\\\/www.bellunopress.it\\\/2025\\\/12\\\/30\\\/nevegal-il-futuro-del-colle-tra-investimenti-e-nodi-da-sciogliere-il-punto-dopo-lassemblea-pubblica-del-29-dicembre\\\/#primaryimage\"},\"thumbnailUrl\":\"https:\\\/\\\/www.bellunopress.it\\\/wp-content\\\/uploads\\\/2022\\\/02\\\/Visentin-Nevegal_edited.jpg\",\"articleSection\":[\"Cronaca\\\/Politica\",\"Prima Pagina\"],\"inLanguage\":\"fr-FR\"},{\"@type\":\"WebPage\",\"@id\":\"https:\\\/\\\/www.bellunopress.it\\\/2025\\\/12\\\/30\\\/nevegal-il-futuro-del-colle-tra-investimenti-e-nodi-da-sciogliere-il-punto-dopo-lassemblea-pubblica-del-29-dicembre\\\/\",\"url\":\"https:\\\/\\\/www.bellunopress.it\\\/2025\\\/12\\\/30\\\/nevegal-il-futuro-del-colle-tra-investimenti-e-nodi-da-sciogliere-il-punto-dopo-lassemblea-pubblica-del-29-dicembre\\\/\",\"name\":\"Nevegal, il futuro del Colle tra investimenti e nodi da sciogliere: il punto dopo l'assemblea pubblica del 29 dicembre - Bellunopress - Dolomiti\",\"isPartOf\":{\"@id\":\"https:\\\/\\\/www.bellunopress.it\\\/#website\"},\"primaryImageOfPage\":{\"@id\":\"https:\\\/\\\/www.bellunopress.it\\\/2025\\\/12\\\/30\\\/nevegal-il-futuro-del-colle-tra-investimenti-e-nodi-da-sciogliere-il-punto-dopo-lassemblea-pubblica-del-29-dicembre\\\/#primaryimage\"},\"image\":{\"@id\":\"https:\\\/\\\/www.bellunopress.it\\\/2025\\\/12\\\/30\\\/nevegal-il-futuro-del-colle-tra-investimenti-e-nodi-da-sciogliere-il-punto-dopo-lassemblea-pubblica-del-29-dicembre\\\/#primaryimage\"},\"thumbnailUrl\":\"https:\\\/\\\/www.bellunopress.it\\\/wp-content\\\/uploads\\\/2022\\\/02\\\/Visentin-Nevegal_edited.jpg\",\"datePublished\":\"2025-12-30T14:13:50+00:00\",\"breadcrumb\":{\"@id\":\"https:\\\/\\\/www.bellunopress.it\\\/2025\\\/12\\\/30\\\/nevegal-il-futuro-del-colle-tra-investimenti-e-nodi-da-sciogliere-il-punto-dopo-lassemblea-pubblica-del-29-dicembre\\\/#breadcrumb\"},\"inLanguage\":\"fr-FR\",\"potentialAction\":[{\"@type\":\"ReadAction\",\"target\":[\"https:\\\/\\\/www.bellunopress.it\\\/2025\\\/12\\\/30\\\/nevegal-il-futuro-del-colle-tra-investimenti-e-nodi-da-sciogliere-il-punto-dopo-lassemblea-pubblica-del-29-dicembre\\\/\"]}]},{\"@type\":\"ImageObject\",\"inLanguage\":\"fr-FR\",\"@id\":\"https:\\\/\\\/www.bellunopress.it\\\/2025\\\/12\\\/30\\\/nevegal-il-futuro-del-colle-tra-investimenti-e-nodi-da-sciogliere-il-punto-dopo-lassemblea-pubblica-del-29-dicembre\\\/#primaryimage\",\"url\":\"https:\\\/\\\/www.bellunopress.it\\\/wp-content\\\/uploads\\\/2022\\\/02\\\/Visentin-Nevegal_edited.jpg\",\"contentUrl\":\"https:\\\/\\\/www.bellunopress.it\\\/wp-content\\\/uploads\\\/2022\\\/02\\\/Visentin-Nevegal_edited.jpg\",\"width\":1000,\"height\":469},{\"@type\":\"BreadcrumbList\",\"@id\":\"https:\\\/\\\/www.bellunopress.it\\\/2025\\\/12\\\/30\\\/nevegal-il-futuro-del-colle-tra-investimenti-e-nodi-da-sciogliere-il-punto-dopo-lassemblea-pubblica-del-29-dicembre\\\/#breadcrumb\",\"itemListElement\":[{\"@type\":\"ListItem\",\"position\":1,\"name\":\"Home\",\"item\":\"https:\\\/\\\/www.bellunopress.it\\\/\"},{\"@type\":\"ListItem\",\"position\":2,\"name\":\"Nevegal, il futuro del Colle tra investimenti e nodi da sciogliere: il punto dopo l&#8217;assemblea pubblica del 29 dicembre\"}]},{\"@type\":\"WebSite\",\"@id\":\"https:\\\/\\\/www.bellunopress.it\\\/#website\",\"url\":\"https:\\\/\\\/www.bellunopress.it\\\/\",\"name\":\"Bellunopress - Dolomiti\",\"description\":\"e-mail: redazione@bellunopress.it\",\"publisher\":{\"@id\":\"https:\\\/\\\/www.bellunopress.it\\\/#organization\"},\"potentialAction\":[{\"@type\":\"SearchAction\",\"target\":{\"@type\":\"EntryPoint\",\"urlTemplate\":\"https:\\\/\\\/www.bellunopress.it\\\/?s={search_term_string}\"},\"query-input\":{\"@type\":\"PropertyValueSpecification\",\"valueRequired\":true,\"valueName\":\"search_term_string\"}}],\"inLanguage\":\"fr-FR\"},{\"@type\":\"Organization\",\"@id\":\"https:\\\/\\\/www.bellunopress.it\\\/#organization\",\"name\":\"Bellunopress\",\"url\":\"https:\\\/\\\/www.bellunopress.it\\\/\",\"logo\":{\"@type\":\"ImageObject\",\"inLanguage\":\"fr-FR\",\"@id\":\"https:\\\/\\\/www.bellunopress.it\\\/#\\\/schema\\\/logo\\\/image\\\/\",\"url\":\"https:\\\/\\\/www.bellunopress.it\\\/wp-content\\\/uploads\\\/2011\\\/05\\\/cropped-logo-bellunopress-.jpg\",\"contentUrl\":\"https:\\\/\\\/www.bellunopress.it\\\/wp-content\\\/uploads\\\/2011\\\/05\\\/cropped-logo-bellunopress-.jpg\",\"width\":512,\"height\":512,\"caption\":\"Bellunopress\"},\"image\":{\"@id\":\"https:\\\/\\\/www.bellunopress.it\\\/#\\\/schema\\\/logo\\\/image\\\/\"},\"sameAs\":[\"https:\\\/\\\/www.facebook.com\\\/profile.php?id=100008943462799\",\"https:\\\/\\\/x.com\\\/bellunopress\",\"https:\\\/\\\/www.linkedin.com\\\/hp\\\/?dnr=JBzUWaJfMUw8vbXJJ2tVW5-I3jZKvC4wsoxE&amp;amp;amp;amp;amp;amp;trk=nav_responsive_tab_home\",\"https:\\\/\\\/www.youtube.com\\\/channel\\\/UCxL0wu1uN0_3_7hGG0306cw\"]},{\"@type\":\"Person\",\"@id\":\"https:\\\/\\\/www.bellunopress.it\\\/#\\\/schema\\\/person\\\/79bb06722b37ece1c03d3e94beb30d73\",\"name\":\"redazione\",\"image\":{\"@type\":\"ImageObject\",\"inLanguage\":\"fr-FR\",\"@id\":\"https:\\\/\\\/secure.gravatar.com\\\/avatar\\\/37d968a2e67a6fd04c169c4bdef102d0bc5d31b2546345219e348575eb80e9a0?s=96&d=mm&r=g\",\"url\":\"https:\\\/\\\/secure.gravatar.com\\\/avatar\\\/37d968a2e67a6fd04c169c4bdef102d0bc5d31b2546345219e348575eb80e9a0?s=96&d=mm&r=g\",\"contentUrl\":\"https:\\\/\\\/secure.gravatar.com\\\/avatar\\\/37d968a2e67a6fd04c169c4bdef102d0bc5d31b2546345219e348575eb80e9a0?s=96&d=mm&r=g\",\"caption\":\"redazione\"},\"sameAs\":[\"http:\\\/\\\/www.bellunopress.it\",\"https:\\\/\\\/x.com\\\/bellunopress\"],\"url\":\"https:\\\/\\\/www.bellunopress.it\\\/fr\\\/author\\\/redazione\\\/\"}]}<\/script>\n<!-- \/ Yoast SEO plugin. -->","yoast_head_json":{"title":"Nevegal, il futuro del Colle tra investimenti e nodi da sciogliere: il punto dopo l'assemblea pubblica del 29 dicembre - Bellunopress - Dolomiti","robots":{"index":"index","follow":"follow","max-snippet":"max-snippet:-1","max-image-preview":"max-image-preview:large","max-video-preview":"max-video-preview:-1"},"canonical":"https:\/\/www.bellunopress.it\/fr\/2025\/12\/30\/nevegal-il-futuro-del-colle-tra-investimenti-e-nodi-da-sciogliere-il-punto-dopo-lassemblea-pubblica-del-29-dicembre\/","og_locale":"fr_FR","og_type":"article","og_title":"Nevegal, il futuro del Colle tra investimenti e nodi da sciogliere: il punto dopo l'assemblea pubblica del 29 dicembre - Bellunopress - Dolomiti","og_description":"Sala gremita e clima costruttivo per l\u2019attesa serata informativa. Il capofrazione Daniele Libralon: \u00abRichiesta di chiarezza e trasparenza su fondi e tempistiche\u00bb. Belluno, 30 dicembre 2025 \u2013 Una sala affollata, unita da un misto di preoccupazione e speranza, ha fatto da cornice alla serata pubblica dedicata al futuro del Nevegal. A tracciare un bilancio dell\u2019incontro [&hellip;]","og_url":"https:\/\/www.bellunopress.it\/fr\/2025\/12\/30\/nevegal-il-futuro-del-colle-tra-investimenti-e-nodi-da-sciogliere-il-punto-dopo-lassemblea-pubblica-del-29-dicembre\/","og_site_name":"Bellunopress - Dolomiti","article_publisher":"https:\/\/www.facebook.com\/profile.php?id=100008943462799","article_published_time":"2025-12-30T14:13:50+00:00","og_image":[{"width":1000,"height":469,"url":"https:\/\/www.bellunopress.it\/wp-content\/uploads\/2022\/02\/Visentin-Nevegal_edited.jpg","type":"image\/jpeg"}],"author":"redazione","twitter_card":"summary_large_image","twitter_creator":"@bellunopress","twitter_site":"@bellunopress","twitter_misc":{"Written by":"redazione","Est. reading time":"2 minutes"},"schema":{"@context":"https:\/\/schema.org","@graph":[{"@type":"Article","@id":"https:\/\/www.bellunopress.it\/2025\/12\/30\/nevegal-il-futuro-del-colle-tra-investimenti-e-nodi-da-sciogliere-il-punto-dopo-lassemblea-pubblica-del-29-dicembre\/#article","isPartOf":{"@id":"https:\/\/www.bellunopress.it\/2025\/12\/30\/nevegal-il-futuro-del-colle-tra-investimenti-e-nodi-da-sciogliere-il-punto-dopo-lassemblea-pubblica-del-29-dicembre\/"},"author":{"name":"redazione","@id":"https:\/\/www.bellunopress.it\/#\/schema\/person\/79bb06722b37ece1c03d3e94beb30d73"},"headline":"Nevegal, il futuro del Colle tra investimenti e nodi da sciogliere: il punto dopo l&#8217;assemblea pubblica del 29 dicembre","datePublished":"2025-12-30T14:13:50+00:00","mainEntityOfPage":{"@id":"https:\/\/www.bellunopress.it\/2025\/12\/30\/nevegal-il-futuro-del-colle-tra-investimenti-e-nodi-da-sciogliere-il-punto-dopo-lassemblea-pubblica-del-29-dicembre\/"},"wordCount":466,"publisher":{"@id":"https:\/\/www.bellunopress.it\/#organization"},"image":{"@id":"https:\/\/www.bellunopress.it\/2025\/12\/30\/nevegal-il-futuro-del-colle-tra-investimenti-e-nodi-da-sciogliere-il-punto-dopo-lassemblea-pubblica-del-29-dicembre\/#primaryimage"},"thumbnailUrl":"https:\/\/www.bellunopress.it\/wp-content\/uploads\/2022\/02\/Visentin-Nevegal_edited.jpg","articleSection":["Cronaca\/Politica","Prima Pagina"],"inLanguage":"fr-FR"},{"@type":"WebPage","@id":"https:\/\/www.bellunopress.it\/2025\/12\/30\/nevegal-il-futuro-del-colle-tra-investimenti-e-nodi-da-sciogliere-il-punto-dopo-lassemblea-pubblica-del-29-dicembre\/","url":"https:\/\/www.bellunopress.it\/2025\/12\/30\/nevegal-il-futuro-del-colle-tra-investimenti-e-nodi-da-sciogliere-il-punto-dopo-lassemblea-pubblica-del-29-dicembre\/","name":"Nevegal, il futuro del Colle tra investimenti e nodi da sciogliere: il punto dopo l'assemblea pubblica del 29 dicembre - Bellunopress - Dolomiti","isPartOf":{"@id":"https:\/\/www.bellunopress.it\/#website"},"primaryImageOfPage":{"@id":"https:\/\/www.bellunopress.it\/2025\/12\/30\/nevegal-il-futuro-del-colle-tra-investimenti-e-nodi-da-sciogliere-il-punto-dopo-lassemblea-pubblica-del-29-dicembre\/#primaryimage"},"image":{"@id":"https:\/\/www.bellunopress.it\/2025\/12\/30\/nevegal-il-futuro-del-colle-tra-investimenti-e-nodi-da-sciogliere-il-punto-dopo-lassemblea-pubblica-del-29-dicembre\/#primaryimage"},"thumbnailUrl":"https:\/\/www.bellunopress.it\/wp-content\/uploads\/2022\/02\/Visentin-Nevegal_edited.jpg","datePublished":"2025-12-30T14:13:50+00:00","breadcrumb":{"@id":"https:\/\/www.bellunopress.it\/2025\/12\/30\/nevegal-il-futuro-del-colle-tra-investimenti-e-nodi-da-sciogliere-il-punto-dopo-lassemblea-pubblica-del-29-dicembre\/#breadcrumb"},"inLanguage":"fr-FR","potentialAction":[{"@type":"ReadAction","target":["https:\/\/www.bellunopress.it\/2025\/12\/30\/nevegal-il-futuro-del-colle-tra-investimenti-e-nodi-da-sciogliere-il-punto-dopo-lassemblea-pubblica-del-29-dicembre\/"]}]},{"@type":"ImageObject","inLanguage":"fr-FR","@id":"https:\/\/www.bellunopress.it\/2025\/12\/30\/nevegal-il-futuro-del-colle-tra-investimenti-e-nodi-da-sciogliere-il-punto-dopo-lassemblea-pubblica-del-29-dicembre\/#primaryimage","url":"https:\/\/www.bellunopress.it\/wp-content\/uploads\/2022\/02\/Visentin-Nevegal_edited.jpg","contentUrl":"https:\/\/www.bellunopress.it\/wp-content\/uploads\/2022\/02\/Visentin-Nevegal_edited.jpg","width":1000,"height":469},{"@type":"BreadcrumbList","@id":"https:\/\/www.bellunopress.it\/2025\/12\/30\/nevegal-il-futuro-del-colle-tra-investimenti-e-nodi-da-sciogliere-il-punto-dopo-lassemblea-pubblica-del-29-dicembre\/#breadcrumb","itemListElement":[{"@type":"ListItem","position":1,"name":"Home","item":"https:\/\/www.bellunopress.it\/"},{"@type":"ListItem","position":2,"name":"Nevegal, il futuro del Colle tra investimenti e nodi da sciogliere: il punto dopo l&#8217;assemblea pubblica del 29 dicembre"}]},{"@type":"WebSite","@id":"https:\/\/www.bellunopress.it\/#website","url":"https:\/\/www.bellunopress.it\/","name":"Bellunopress - Dolomiti","description":"e-mail: redazione@bellunopress.it","publisher":{"@id":"https:\/\/www.bellunopress.it\/#organization"},"potentialAction":[{"@type":"SearchAction","target":{"@type":"EntryPoint","urlTemplate":"https:\/\/www.bellunopress.it\/?s={search_term_string}"},"query-input":{"@type":"PropertyValueSpecification","valueRequired":true,"valueName":"search_term_string"}}],"inLanguage":"fr-FR"},{"@type":"Organization","@id":"https:\/\/www.bellunopress.it\/#organization","name":"Bellunopress","url":"https:\/\/www.bellunopress.it\/","logo":{"@type":"ImageObject","inLanguage":"fr-FR","@id":"https:\/\/www.bellunopress.it\/#\/schema\/logo\/image\/","url":"https:\/\/www.bellunopress.it\/wp-content\/uploads\/2011\/05\/cropped-logo-bellunopress-.jpg","contentUrl":"https:\/\/www.bellunopress.it\/wp-content\/uploads\/2011\/05\/cropped-logo-bellunopress-.jpg","width":512,"height":512,"caption":"Bellunopress"},"image":{"@id":"https:\/\/www.bellunopress.it\/#\/schema\/logo\/image\/"},"sameAs":["https:\/\/www.facebook.com\/profile.php?id=100008943462799","https:\/\/x.com\/bellunopress","https:\/\/www.linkedin.com\/hp\/?dnr=JBzUWaJfMUw8vbXJJ2tVW5-I3jZKvC4wsoxE&amp;amp;amp;amp;amp;amp;trk=nav_responsive_tab_home","https:\/\/www.youtube.com\/channel\/UCxL0wu1uN0_3_7hGG0306cw"]},{"@type":"Person","@id":"https:\/\/www.bellunopress.it\/#\/schema\/person\/79bb06722b37ece1c03d3e94beb30d73","name":"r\u00e9daction","image":{"@type":"ImageObject","inLanguage":"fr-FR","@id":"https:\/\/secure.gravatar.com\/avatar\/37d968a2e67a6fd04c169c4bdef102d0bc5d31b2546345219e348575eb80e9a0?s=96&d=mm&r=g","url":"https:\/\/secure.gravatar.com\/avatar\/37d968a2e67a6fd04c169c4bdef102d0bc5d31b2546345219e348575eb80e9a0?s=96&d=mm&r=g","contentUrl":"https:\/\/secure.gravatar.com\/avatar\/37d968a2e67a6fd04c169c4bdef102d0bc5d31b2546345219e348575eb80e9a0?s=96&d=mm&r=g","caption":"redazione"},"sameAs":["http:\/\/www.bellunopress.it","https:\/\/x.com\/bellunopress"],"url":"https:\/\/www.bellunopress.it\/fr\/author\/redazione\/"}]}},"_links":{"self":[{"href":"https:\/\/www.bellunopress.it\/fr\/wp-json\/wp\/v2\/posts\/166116","targetHints":{"allow":["GET"]}}],"collection":[{"href":"https:\/\/www.bellunopress.it\/fr\/wp-json\/wp\/v2\/posts"}],"about":[{"href":"https:\/\/www.bellunopress.it\/fr\/wp-json\/wp\/v2\/types\/post"}],"author":[{"embeddable":true,"href":"https:\/\/www.bellunopress.it\/fr\/wp-json\/wp\/v2\/users\/2"}],"replies":[{"embeddable":true,"href":"https:\/\/www.bellunopress.it\/fr\/wp-json\/wp\/v2\/comments?post=166116"}],"version-history":[{"count":1,"href":"https:\/\/www.bellunopress.it\/fr\/wp-json\/wp\/v2\/posts\/166116\/revisions"}],"predecessor-version":[{"id":166117,"href":"https:\/\/www.bellunopress.it\/fr\/wp-json\/wp\/v2\/posts\/166116\/revisions\/166117"}],"wp:featuredmedia":[{"embeddable":true,"href":"https:\/\/www.bellunopress.it\/fr\/wp-json\/wp\/v2\/media\/131570"}],"wp:attachment":[{"href":"https:\/\/www.bellunopress.it\/fr\/wp-json\/wp\/v2\/media?parent=166116"}],"wp:term":[{"taxonomy":"category","embeddable":true,"href":"https:\/\/www.bellunopress.it\/fr\/wp-json\/wp\/v2\/categories?post=166116"},{"taxonomy":"post_tag","embeddable":true,"href":"https:\/\/www.bellunopress.it\/fr\/wp-json\/wp\/v2\/tags?post=166116"}],"curies":[{"name":"wp","href":"https:\/\/api.w.org\/{rel}","templated":true}]}}