{"id":166114,"date":"2025-12-30T13:39:00","date_gmt":"2025-12-30T12:39:00","guid":{"rendered":"https:\/\/www.bellunopress.it\/?p=166114"},"modified":"2025-12-30T13:39:00","modified_gmt":"2025-12-30T12:39:00","slug":"la-fondazione-dmo-dolomiti-cerca-un-direttore-domande-on-line-entro-il-2-febbraio-2026","status":"publish","type":"post","link":"https:\/\/www.bellunopress.it\/fr\/2025\/12\/30\/la-fondazione-dmo-dolomiti-cerca-un-direttore-domande-on-line-entro-il-2-febbraio-2026\/","title":{"rendered":"La Fondazione DMO Dolomiti cerca un direttore. Domande on line entro il 2 febbraio 2026"},"content":{"rendered":"<p><img loading=\"lazy\" decoding=\"async\" class=\"aligncenter size-full wp-image-122830\" src=\"https:\/\/www.bellunopress.it\/wp-content\/uploads\/2021\/03\/DMO-Dolomiti_edited-1.jpg\" alt=\"\" width=\"314\" height=\"79\" \/>La Fondazione DMO Dolomiti ha pubblicato l&#8217;avviso di selezione per l\u2019assunzione del\/della Direttore\/Direttrice con contratto individuale di lavoro a tempo pieno, determinato, della validit\u00e0 di anni 3 (tre), che contempla un periodo di prova di 6 mesi.<br \/>\nIl trattamento economico del\/della Direttore\/Direttrice sar\u00e0 definito a seguito di apposita trattativa privata, nel rispetto della normativa vigente e dei vincoli di bilancio dell\u2019Ente, avendo come base di riferimento il CCNL per i Dirigenti del settore Terziario Confcommercio.<\/p>\n<p>I candidati dovranno essere in possesso di laurea vecchio ordinamento nelle discipline Giuridiche ed Economiche, Linguistico-economiche o della Valorizzazione turistica o dei Beni Artistici e Culturali o Ingegneria Gestionale oppure corrispondente laurea specialistica (LS) e laurea magistrale (LM) del nuovo ordinamento secondo l&#8217;equiparazione del D.M. 509\/99 e del DM 270\/04;<\/p>\n<p>La domanda di candidatura dovr\u00e0 essere presentata esclusivamente a mezzo di posta elettronica certificata entro luned\u00ec 02 febbraio 2026, termine perentorio a pena di esclusione. Il candidato dovr\u00e0 inviare, da casella pec a lui intestata, a quella della Fondazione: consorziodmodolomiti@pec.it la domanda, redatta in base al fac-simile allegato al bando, firmata in formato PDF, con allegata, sempre in formato PDF, la<br \/>\nfotocopia di un documento di identit\u00e0. In alternativa la domanda potr\u00e0 essere sottoscritta con la firma digitale.<\/p>\n<p><a href=\"https:\/\/www.dmodolomiti.it\/dmo-dolomiti\/amministrazione-trasparente\/personale\/avviso-direttore\/Avviso%20selezione%20Direttore_2026_.pdf\">QUI L&#8217;AVVISO COMPLETO DI SELEZIONE<\/a><\/p>","protected":false},"excerpt":{"rendered":"<p>La Fondazione DMO Dolomiti ha pubblicato l&#8217;avviso di selezione per l\u2019assunzione del\/della Direttore\/Direttrice con contratto individuale di lavoro a tempo pieno, determinato, della validit\u00e0 di anni 3 (tre), che contempla un periodo di prova di 6 mesi. Il trattamento economico del\/della Direttore\/Direttrice sar\u00e0 definito a seguito di apposita trattativa privata, nel rispetto della normativa vigente [&hellip;]<\/p>\n","protected":false},"author":2,"featured_media":121387,"comment_status":"closed","ping_status":"open","sticky":false,"template":"","format":"standard","meta":{"footnotes":""},"categories":[36],"tags":[],"class_list":["post-166114","post","type-post","status-publish","format-standard","has-post-thumbnail","category-lavoro-economia"],"yoast_head":"<!-- This site is optimized with the Yoast SEO plugin v28.4 - https:\/\/yoast.com\/product\/yoast-seo-wordpress\/ -->\n<title>La Fondazione DMO Dolomiti cerca un direttore. Domande on line entro il 2 febbraio 2026 - Bellunopress - Dolomiti<\/title>\n<meta name=\"robots\" content=\"index, follow, max-snippet:-1, max-image-preview:large, max-video-preview:-1\" \/>\n<link rel=\"canonical\" href=\"https:\/\/www.bellunopress.it\/fr\/2025\/12\/30\/la-fondazione-dmo-dolomiti-cerca-un-direttore-domande-on-line-entro-il-2-febbraio-2026\/\" \/>\n<meta property=\"og:locale\" content=\"fr_FR\" \/>\n<meta property=\"og:type\" content=\"article\" \/>\n<meta property=\"og:title\" content=\"La Fondazione DMO Dolomiti cerca un direttore. Domande on line entro il 2 febbraio 2026 - Bellunopress - Dolomiti\" \/>\n<meta property=\"og:description\" content=\"La Fondazione DMO Dolomiti ha pubblicato l&#8217;avviso di selezione per l\u2019assunzione del\/della Direttore\/Direttrice con contratto individuale di lavoro a tempo pieno, determinato, della validit\u00e0 di anni 3 (tre), che contempla un periodo di prova di 6 mesi. Il trattamento economico del\/della Direttore\/Direttrice sar\u00e0 definito a seguito di apposita trattativa privata, nel rispetto della normativa vigente [&hellip;]\" \/>\n<meta property=\"og:url\" content=\"https:\/\/www.bellunopress.it\/fr\/2025\/12\/30\/la-fondazione-dmo-dolomiti-cerca-un-direttore-domande-on-line-entro-il-2-febbraio-2026\/\" \/>\n<meta property=\"og:site_name\" content=\"Bellunopress - Dolomiti\" \/>\n<meta property=\"article:publisher\" content=\"https:\/\/www.facebook.com\/profile.php?id=100008943462799\" \/>\n<meta property=\"article:published_time\" content=\"2025-12-30T12:39:00+00:00\" \/>\n<meta property=\"og:image\" content=\"https:\/\/www.bellunopress.it\/wp-content\/uploads\/2021\/02\/Labito-fa-il-monaco-in-un-colloquio-di-lavoro-cosa-fa-la-differenza.jpg\" \/>\n\t<meta property=\"og:image:width\" content=\"1000\" \/>\n\t<meta property=\"og:image:height\" content=\"500\" \/>\n\t<meta property=\"og:image:type\" content=\"image\/jpeg\" \/>\n<meta name=\"author\" content=\"redazione\" \/>\n<meta name=\"twitter:card\" content=\"summary_large_image\" \/>\n<meta name=\"twitter:creator\" content=\"@bellunopress\" \/>\n<meta name=\"twitter:site\" content=\"@bellunopress\" \/>\n<meta name=\"twitter:label1\" content=\"Written by\" \/>\n\t<meta name=\"twitter:data1\" content=\"redazione\" \/>\n\t<meta name=\"twitter:label2\" content=\"Est. reading time\" \/>\n\t<meta name=\"twitter:data2\" content=\"1 minute\" \/>\n<script type=\"application\/ld+json\" class=\"yoast-schema-graph\">{\"@context\":\"https:\\\/\\\/schema.org\",\"@graph\":[{\"@type\":\"Article\",\"@id\":\"https:\\\/\\\/www.bellunopress.it\\\/2025\\\/12\\\/30\\\/la-fondazione-dmo-dolomiti-cerca-un-direttore-domande-on-line-entro-il-2-febbraio-2026\\\/#article\",\"isPartOf\":{\"@id\":\"https:\\\/\\\/www.bellunopress.it\\\/2025\\\/12\\\/30\\\/la-fondazione-dmo-dolomiti-cerca-un-direttore-domande-on-line-entro-il-2-febbraio-2026\\\/\"},\"author\":{\"name\":\"redazione\",\"@id\":\"https:\\\/\\\/www.bellunopress.it\\\/#\\\/schema\\\/person\\\/79bb06722b37ece1c03d3e94beb30d73\"},\"headline\":\"La Fondazione DMO Dolomiti cerca un direttore. Domande on line entro il 2 febbraio 2026\",\"datePublished\":\"2025-12-30T12:39:00+00:00\",\"mainEntityOfPage\":{\"@id\":\"https:\\\/\\\/www.bellunopress.it\\\/2025\\\/12\\\/30\\\/la-fondazione-dmo-dolomiti-cerca-un-direttore-domande-on-line-entro-il-2-febbraio-2026\\\/\"},\"wordCount\":227,\"publisher\":{\"@id\":\"https:\\\/\\\/www.bellunopress.it\\\/#organization\"},\"image\":{\"@id\":\"https:\\\/\\\/www.bellunopress.it\\\/2025\\\/12\\\/30\\\/la-fondazione-dmo-dolomiti-cerca-un-direttore-domande-on-line-entro-il-2-febbraio-2026\\\/#primaryimage\"},\"thumbnailUrl\":\"https:\\\/\\\/www.bellunopress.it\\\/wp-content\\\/uploads\\\/2021\\\/02\\\/Labito-fa-il-monaco-in-un-colloquio-di-lavoro-cosa-fa-la-differenza.jpg\",\"articleSection\":[\"Lavoro, Economia, Turismo\"],\"inLanguage\":\"fr-FR\"},{\"@type\":\"WebPage\",\"@id\":\"https:\\\/\\\/www.bellunopress.it\\\/2025\\\/12\\\/30\\\/la-fondazione-dmo-dolomiti-cerca-un-direttore-domande-on-line-entro-il-2-febbraio-2026\\\/\",\"url\":\"https:\\\/\\\/www.bellunopress.it\\\/2025\\\/12\\\/30\\\/la-fondazione-dmo-dolomiti-cerca-un-direttore-domande-on-line-entro-il-2-febbraio-2026\\\/\",\"name\":\"La Fondazione DMO Dolomiti cerca un direttore. Domande on line entro il 2 febbraio 2026 - Bellunopress - Dolomiti\",\"isPartOf\":{\"@id\":\"https:\\\/\\\/www.bellunopress.it\\\/#website\"},\"primaryImageOfPage\":{\"@id\":\"https:\\\/\\\/www.bellunopress.it\\\/2025\\\/12\\\/30\\\/la-fondazione-dmo-dolomiti-cerca-un-direttore-domande-on-line-entro-il-2-febbraio-2026\\\/#primaryimage\"},\"image\":{\"@id\":\"https:\\\/\\\/www.bellunopress.it\\\/2025\\\/12\\\/30\\\/la-fondazione-dmo-dolomiti-cerca-un-direttore-domande-on-line-entro-il-2-febbraio-2026\\\/#primaryimage\"},\"thumbnailUrl\":\"https:\\\/\\\/www.bellunopress.it\\\/wp-content\\\/uploads\\\/2021\\\/02\\\/Labito-fa-il-monaco-in-un-colloquio-di-lavoro-cosa-fa-la-differenza.jpg\",\"datePublished\":\"2025-12-30T12:39:00+00:00\",\"breadcrumb\":{\"@id\":\"https:\\\/\\\/www.bellunopress.it\\\/2025\\\/12\\\/30\\\/la-fondazione-dmo-dolomiti-cerca-un-direttore-domande-on-line-entro-il-2-febbraio-2026\\\/#breadcrumb\"},\"inLanguage\":\"fr-FR\",\"potentialAction\":[{\"@type\":\"ReadAction\",\"target\":[\"https:\\\/\\\/www.bellunopress.it\\\/2025\\\/12\\\/30\\\/la-fondazione-dmo-dolomiti-cerca-un-direttore-domande-on-line-entro-il-2-febbraio-2026\\\/\"]}]},{\"@type\":\"ImageObject\",\"inLanguage\":\"fr-FR\",\"@id\":\"https:\\\/\\\/www.bellunopress.it\\\/2025\\\/12\\\/30\\\/la-fondazione-dmo-dolomiti-cerca-un-direttore-domande-on-line-entro-il-2-febbraio-2026\\\/#primaryimage\",\"url\":\"https:\\\/\\\/www.bellunopress.it\\\/wp-content\\\/uploads\\\/2021\\\/02\\\/Labito-fa-il-monaco-in-un-colloquio-di-lavoro-cosa-fa-la-differenza.jpg\",\"contentUrl\":\"https:\\\/\\\/www.bellunopress.it\\\/wp-content\\\/uploads\\\/2021\\\/02\\\/Labito-fa-il-monaco-in-un-colloquio-di-lavoro-cosa-fa-la-differenza.jpg\",\"width\":1000,\"height\":500},{\"@type\":\"BreadcrumbList\",\"@id\":\"https:\\\/\\\/www.bellunopress.it\\\/2025\\\/12\\\/30\\\/la-fondazione-dmo-dolomiti-cerca-un-direttore-domande-on-line-entro-il-2-febbraio-2026\\\/#breadcrumb\",\"itemListElement\":[{\"@type\":\"ListItem\",\"position\":1,\"name\":\"Home\",\"item\":\"https:\\\/\\\/www.bellunopress.it\\\/\"},{\"@type\":\"ListItem\",\"position\":2,\"name\":\"La Fondazione DMO Dolomiti cerca un direttore. Domande on line entro il 2 febbraio 2026\"}]},{\"@type\":\"WebSite\",\"@id\":\"https:\\\/\\\/www.bellunopress.it\\\/#website\",\"url\":\"https:\\\/\\\/www.bellunopress.it\\\/\",\"name\":\"Bellunopress - Dolomiti\",\"description\":\"e-mail: redazione@bellunopress.it\",\"publisher\":{\"@id\":\"https:\\\/\\\/www.bellunopress.it\\\/#organization\"},\"potentialAction\":[{\"@type\":\"SearchAction\",\"target\":{\"@type\":\"EntryPoint\",\"urlTemplate\":\"https:\\\/\\\/www.bellunopress.it\\\/?s={search_term_string}\"},\"query-input\":{\"@type\":\"PropertyValueSpecification\",\"valueRequired\":true,\"valueName\":\"search_term_string\"}}],\"inLanguage\":\"fr-FR\"},{\"@type\":\"Organization\",\"@id\":\"https:\\\/\\\/www.bellunopress.it\\\/#organization\",\"name\":\"Bellunopress\",\"url\":\"https:\\\/\\\/www.bellunopress.it\\\/\",\"logo\":{\"@type\":\"ImageObject\",\"inLanguage\":\"fr-FR\",\"@id\":\"https:\\\/\\\/www.bellunopress.it\\\/#\\\/schema\\\/logo\\\/image\\\/\",\"url\":\"https:\\\/\\\/www.bellunopress.it\\\/wp-content\\\/uploads\\\/2011\\\/05\\\/cropped-logo-bellunopress-.jpg\",\"contentUrl\":\"https:\\\/\\\/www.bellunopress.it\\\/wp-content\\\/uploads\\\/2011\\\/05\\\/cropped-logo-bellunopress-.jpg\",\"width\":512,\"height\":512,\"caption\":\"Bellunopress\"},\"image\":{\"@id\":\"https:\\\/\\\/www.bellunopress.it\\\/#\\\/schema\\\/logo\\\/image\\\/\"},\"sameAs\":[\"https:\\\/\\\/www.facebook.com\\\/profile.php?id=100008943462799\",\"https:\\\/\\\/x.com\\\/bellunopress\",\"https:\\\/\\\/www.linkedin.com\\\/hp\\\/?dnr=JBzUWaJfMUw8vbXJJ2tVW5-I3jZKvC4wsoxE&amp;amp;amp;amp;amp;amp;trk=nav_responsive_tab_home\",\"https:\\\/\\\/www.youtube.com\\\/channel\\\/UCxL0wu1uN0_3_7hGG0306cw\"]},{\"@type\":\"Person\",\"@id\":\"https:\\\/\\\/www.bellunopress.it\\\/#\\\/schema\\\/person\\\/79bb06722b37ece1c03d3e94beb30d73\",\"name\":\"redazione\",\"image\":{\"@type\":\"ImageObject\",\"inLanguage\":\"fr-FR\",\"@id\":\"https:\\\/\\\/secure.gravatar.com\\\/avatar\\\/37d968a2e67a6fd04c169c4bdef102d0bc5d31b2546345219e348575eb80e9a0?s=96&d=mm&r=g\",\"url\":\"https:\\\/\\\/secure.gravatar.com\\\/avatar\\\/37d968a2e67a6fd04c169c4bdef102d0bc5d31b2546345219e348575eb80e9a0?s=96&d=mm&r=g\",\"contentUrl\":\"https:\\\/\\\/secure.gravatar.com\\\/avatar\\\/37d968a2e67a6fd04c169c4bdef102d0bc5d31b2546345219e348575eb80e9a0?s=96&d=mm&r=g\",\"caption\":\"redazione\"},\"sameAs\":[\"http:\\\/\\\/www.bellunopress.it\",\"https:\\\/\\\/x.com\\\/bellunopress\"],\"url\":\"https:\\\/\\\/www.bellunopress.it\\\/fr\\\/author\\\/redazione\\\/\"}]}<\/script>\n<!-- \/ Yoast SEO plugin. -->","yoast_head_json":{"title":"La Fondazione DMO Dolomiti cerca un direttore. Domande on line entro il 2 febbraio 2026 - Bellunopress - Dolomiti","robots":{"index":"index","follow":"follow","max-snippet":"max-snippet:-1","max-image-preview":"max-image-preview:large","max-video-preview":"max-video-preview:-1"},"canonical":"https:\/\/www.bellunopress.it\/fr\/2025\/12\/30\/la-fondazione-dmo-dolomiti-cerca-un-direttore-domande-on-line-entro-il-2-febbraio-2026\/","og_locale":"fr_FR","og_type":"article","og_title":"La Fondazione DMO Dolomiti cerca un direttore. Domande on line entro il 2 febbraio 2026 - Bellunopress - Dolomiti","og_description":"La Fondazione DMO Dolomiti ha pubblicato l&#8217;avviso di selezione per l\u2019assunzione del\/della Direttore\/Direttrice con contratto individuale di lavoro a tempo pieno, determinato, della validit\u00e0 di anni 3 (tre), che contempla un periodo di prova di 6 mesi. Il trattamento economico del\/della Direttore\/Direttrice sar\u00e0 definito a seguito di apposita trattativa privata, nel rispetto della normativa vigente [&hellip;]","og_url":"https:\/\/www.bellunopress.it\/fr\/2025\/12\/30\/la-fondazione-dmo-dolomiti-cerca-un-direttore-domande-on-line-entro-il-2-febbraio-2026\/","og_site_name":"Bellunopress - Dolomiti","article_publisher":"https:\/\/www.facebook.com\/profile.php?id=100008943462799","article_published_time":"2025-12-30T12:39:00+00:00","og_image":[{"width":1000,"height":500,"url":"https:\/\/www.bellunopress.it\/wp-content\/uploads\/2021\/02\/Labito-fa-il-monaco-in-un-colloquio-di-lavoro-cosa-fa-la-differenza.jpg","type":"image\/jpeg"}],"author":"redazione","twitter_card":"summary_large_image","twitter_creator":"@bellunopress","twitter_site":"@bellunopress","twitter_misc":{"Written by":"redazione","Est. reading time":"1 minute"},"schema":{"@context":"https:\/\/schema.org","@graph":[{"@type":"Article","@id":"https:\/\/www.bellunopress.it\/2025\/12\/30\/la-fondazione-dmo-dolomiti-cerca-un-direttore-domande-on-line-entro-il-2-febbraio-2026\/#article","isPartOf":{"@id":"https:\/\/www.bellunopress.it\/2025\/12\/30\/la-fondazione-dmo-dolomiti-cerca-un-direttore-domande-on-line-entro-il-2-febbraio-2026\/"},"author":{"name":"redazione","@id":"https:\/\/www.bellunopress.it\/#\/schema\/person\/79bb06722b37ece1c03d3e94beb30d73"},"headline":"La Fondazione DMO Dolomiti cerca un direttore. Domande on line entro il 2 febbraio 2026","datePublished":"2025-12-30T12:39:00+00:00","mainEntityOfPage":{"@id":"https:\/\/www.bellunopress.it\/2025\/12\/30\/la-fondazione-dmo-dolomiti-cerca-un-direttore-domande-on-line-entro-il-2-febbraio-2026\/"},"wordCount":227,"publisher":{"@id":"https:\/\/www.bellunopress.it\/#organization"},"image":{"@id":"https:\/\/www.bellunopress.it\/2025\/12\/30\/la-fondazione-dmo-dolomiti-cerca-un-direttore-domande-on-line-entro-il-2-febbraio-2026\/#primaryimage"},"thumbnailUrl":"https:\/\/www.bellunopress.it\/wp-content\/uploads\/2021\/02\/Labito-fa-il-monaco-in-un-colloquio-di-lavoro-cosa-fa-la-differenza.jpg","articleSection":["Lavoro, Economia, Turismo"],"inLanguage":"fr-FR"},{"@type":"WebPage","@id":"https:\/\/www.bellunopress.it\/2025\/12\/30\/la-fondazione-dmo-dolomiti-cerca-un-direttore-domande-on-line-entro-il-2-febbraio-2026\/","url":"https:\/\/www.bellunopress.it\/2025\/12\/30\/la-fondazione-dmo-dolomiti-cerca-un-direttore-domande-on-line-entro-il-2-febbraio-2026\/","name":"La Fondazione DMO Dolomiti cerca un direttore. Domande on line entro il 2 febbraio 2026 - Bellunopress - Dolomiti","isPartOf":{"@id":"https:\/\/www.bellunopress.it\/#website"},"primaryImageOfPage":{"@id":"https:\/\/www.bellunopress.it\/2025\/12\/30\/la-fondazione-dmo-dolomiti-cerca-un-direttore-domande-on-line-entro-il-2-febbraio-2026\/#primaryimage"},"image":{"@id":"https:\/\/www.bellunopress.it\/2025\/12\/30\/la-fondazione-dmo-dolomiti-cerca-un-direttore-domande-on-line-entro-il-2-febbraio-2026\/#primaryimage"},"thumbnailUrl":"https:\/\/www.bellunopress.it\/wp-content\/uploads\/2021\/02\/Labito-fa-il-monaco-in-un-colloquio-di-lavoro-cosa-fa-la-differenza.jpg","datePublished":"2025-12-30T12:39:00+00:00","breadcrumb":{"@id":"https:\/\/www.bellunopress.it\/2025\/12\/30\/la-fondazione-dmo-dolomiti-cerca-un-direttore-domande-on-line-entro-il-2-febbraio-2026\/#breadcrumb"},"inLanguage":"fr-FR","potentialAction":[{"@type":"ReadAction","target":["https:\/\/www.bellunopress.it\/2025\/12\/30\/la-fondazione-dmo-dolomiti-cerca-un-direttore-domande-on-line-entro-il-2-febbraio-2026\/"]}]},{"@type":"ImageObject","inLanguage":"fr-FR","@id":"https:\/\/www.bellunopress.it\/2025\/12\/30\/la-fondazione-dmo-dolomiti-cerca-un-direttore-domande-on-line-entro-il-2-febbraio-2026\/#primaryimage","url":"https:\/\/www.bellunopress.it\/wp-content\/uploads\/2021\/02\/Labito-fa-il-monaco-in-un-colloquio-di-lavoro-cosa-fa-la-differenza.jpg","contentUrl":"https:\/\/www.bellunopress.it\/wp-content\/uploads\/2021\/02\/Labito-fa-il-monaco-in-un-colloquio-di-lavoro-cosa-fa-la-differenza.jpg","width":1000,"height":500},{"@type":"BreadcrumbList","@id":"https:\/\/www.bellunopress.it\/2025\/12\/30\/la-fondazione-dmo-dolomiti-cerca-un-direttore-domande-on-line-entro-il-2-febbraio-2026\/#breadcrumb","itemListElement":[{"@type":"ListItem","position":1,"name":"Home","item":"https:\/\/www.bellunopress.it\/"},{"@type":"ListItem","position":2,"name":"La Fondazione DMO Dolomiti cerca un direttore. Domande on line entro il 2 febbraio 2026"}]},{"@type":"WebSite","@id":"https:\/\/www.bellunopress.it\/#website","url":"https:\/\/www.bellunopress.it\/","name":"Bellunopress - Dolomiti","description":"e-mail: redazione@bellunopress.it","publisher":{"@id":"https:\/\/www.bellunopress.it\/#organization"},"potentialAction":[{"@type":"SearchAction","target":{"@type":"EntryPoint","urlTemplate":"https:\/\/www.bellunopress.it\/?s={search_term_string}"},"query-input":{"@type":"PropertyValueSpecification","valueRequired":true,"valueName":"search_term_string"}}],"inLanguage":"fr-FR"},{"@type":"Organization","@id":"https:\/\/www.bellunopress.it\/#organization","name":"Bellunopress","url":"https:\/\/www.bellunopress.it\/","logo":{"@type":"ImageObject","inLanguage":"fr-FR","@id":"https:\/\/www.bellunopress.it\/#\/schema\/logo\/image\/","url":"https:\/\/www.bellunopress.it\/wp-content\/uploads\/2011\/05\/cropped-logo-bellunopress-.jpg","contentUrl":"https:\/\/www.bellunopress.it\/wp-content\/uploads\/2011\/05\/cropped-logo-bellunopress-.jpg","width":512,"height":512,"caption":"Bellunopress"},"image":{"@id":"https:\/\/www.bellunopress.it\/#\/schema\/logo\/image\/"},"sameAs":["https:\/\/www.facebook.com\/profile.php?id=100008943462799","https:\/\/x.com\/bellunopress","https:\/\/www.linkedin.com\/hp\/?dnr=JBzUWaJfMUw8vbXJJ2tVW5-I3jZKvC4wsoxE&amp;amp;amp;amp;amp;amp;trk=nav_responsive_tab_home","https:\/\/www.youtube.com\/channel\/UCxL0wu1uN0_3_7hGG0306cw"]},{"@type":"Person","@id":"https:\/\/www.bellunopress.it\/#\/schema\/person\/79bb06722b37ece1c03d3e94beb30d73","name":"r\u00e9daction","image":{"@type":"ImageObject","inLanguage":"fr-FR","@id":"https:\/\/secure.gravatar.com\/avatar\/37d968a2e67a6fd04c169c4bdef102d0bc5d31b2546345219e348575eb80e9a0?s=96&d=mm&r=g","url":"https:\/\/secure.gravatar.com\/avatar\/37d968a2e67a6fd04c169c4bdef102d0bc5d31b2546345219e348575eb80e9a0?s=96&d=mm&r=g","contentUrl":"https:\/\/secure.gravatar.com\/avatar\/37d968a2e67a6fd04c169c4bdef102d0bc5d31b2546345219e348575eb80e9a0?s=96&d=mm&r=g","caption":"redazione"},"sameAs":["http:\/\/www.bellunopress.it","https:\/\/x.com\/bellunopress"],"url":"https:\/\/www.bellunopress.it\/fr\/author\/redazione\/"}]}},"_links":{"self":[{"href":"https:\/\/www.bellunopress.it\/fr\/wp-json\/wp\/v2\/posts\/166114","targetHints":{"allow":["GET"]}}],"collection":[{"href":"https:\/\/www.bellunopress.it\/fr\/wp-json\/wp\/v2\/posts"}],"about":[{"href":"https:\/\/www.bellunopress.it\/fr\/wp-json\/wp\/v2\/types\/post"}],"author":[{"embeddable":true,"href":"https:\/\/www.bellunopress.it\/fr\/wp-json\/wp\/v2\/users\/2"}],"replies":[{"embeddable":true,"href":"https:\/\/www.bellunopress.it\/fr\/wp-json\/wp\/v2\/comments?post=166114"}],"version-history":[{"count":1,"href":"https:\/\/www.bellunopress.it\/fr\/wp-json\/wp\/v2\/posts\/166114\/revisions"}],"predecessor-version":[{"id":166115,"href":"https:\/\/www.bellunopress.it\/fr\/wp-json\/wp\/v2\/posts\/166114\/revisions\/166115"}],"wp:featuredmedia":[{"embeddable":true,"href":"https:\/\/www.bellunopress.it\/fr\/wp-json\/wp\/v2\/media\/121387"}],"wp:attachment":[{"href":"https:\/\/www.bellunopress.it\/fr\/wp-json\/wp\/v2\/media?parent=166114"}],"wp:term":[{"taxonomy":"category","embeddable":true,"href":"https:\/\/www.bellunopress.it\/fr\/wp-json\/wp\/v2\/categories?post=166114"},{"taxonomy":"post_tag","embeddable":true,"href":"https:\/\/www.bellunopress.it\/fr\/wp-json\/wp\/v2\/tags?post=166114"}],"curies":[{"name":"wp","href":"https:\/\/api.w.org\/{rel}","templated":true}]}}