{"id":166109,"date":"2025-12-30T12:25:37","date_gmt":"2025-12-30T11:25:37","guid":{"rendered":"https:\/\/www.bellunopress.it\/?p=166109"},"modified":"2025-12-30T12:25:37","modified_gmt":"2025-12-30T11:25:37","slug":"borgo-valbelluna-lopposizione-fa-la-radiografia-al-dup-documento-unico-di-programmazione-2025-2028","status":"publish","type":"post","link":"https:\/\/www.bellunopress.it\/fr\/2025\/12\/30\/borgo-valbelluna-lopposizione-fa-la-radiografia-al-dup-documento-unico-di-programmazione-2025-2028\/","title":{"rendered":"Borgo Valbelluna. L&#8217;opposizione fa la radiografia al Dup, Documento unico di programmazione 2025-2028"},"content":{"rendered":"<figure id=\"attachment_149482\" aria-describedby=\"caption-attachment-149482\" style=\"width: 1000px\" class=\"wp-caption aligncenter\"><img loading=\"lazy\" decoding=\"async\" class=\"size-full wp-image-149482\" src=\"https:\/\/www.bellunopress.it\/wp-content\/uploads\/2024\/03\/Dario-Dal-Magro-candidato-sindaco-Borgo-Valbelluna-.jpg\" alt=\"\" width=\"1000\" height=\"667\" srcset=\"https:\/\/www.bellunopress.it\/wp-content\/uploads\/2024\/03\/Dario-Dal-Magro-candidato-sindaco-Borgo-Valbelluna-.jpg 1000w, https:\/\/www.bellunopress.it\/wp-content\/uploads\/2024\/03\/Dario-Dal-Magro-candidato-sindaco-Borgo-Valbelluna--500x334.jpg 500w, https:\/\/www.bellunopress.it\/wp-content\/uploads\/2024\/03\/Dario-Dal-Magro-candidato-sindaco-Borgo-Valbelluna--630x420.jpg 630w, https:\/\/www.bellunopress.it\/wp-content\/uploads\/2024\/03\/Dario-Dal-Magro-candidato-sindaco-Borgo-Valbelluna--696x464.jpg 696w\" sizes=\"auto, (max-width: 1000px) 100vw, 1000px\" \/><figcaption id=\"caption-attachment-149482\" class=\"wp-caption-text\">Dario Dal Magro &#8211; Gruppo consiliare Costruiamo Borgo<\/figcaption><\/figure>\n<p>Borgo Valbelluna 30 dicembre 2025 &#8211; Il Gruppo consiliare Costruiamo Borgo ha analizzato con attenzione il Documento Unico di Programmazione 2025\u20132028, un documento di 341 pagine che, ancora una volta, avrebbe dovuto rappresentare la bussola politica e amministrativa per il futuro di Borgo Valbelluna.<\/p>\n<p>Purtroppo dobbiamo constatare che, anche quest\u2019anno, tra ci\u00f2 che viene scritto e la realt\u00e0 del nostro Comune esiste un divario profondo.<br \/>\nNon possiamo che sorridere \u2013 amaramente \u2013 leggendo nel DUP riferimenti a trasporti ferroviari, vie d\u2019acqua e trasporto aereo, elementi totalmente estranei al nostro territorio. \u00c8 evidente che ci troviamo di fronte a un documento costruito in larga parte per copia-incolla, privo di una reale personalizzazione sulle esigenze di Borgo Valbelluna. Questo non \u00e8 un dettaglio formale: \u00e8 il sintomo di una mancanza di attenzione politica verso il territorio che si amministra.<\/p>\n<p>Ma il problema vero non \u00e8 solo ci\u00f2 che \u00e8 scritto male.<br \/>\nIl problema \u00e8 ci\u00f2 che non viene fatto.<\/p>\n<p>Il DUP e il Bilancio si confermano come un esercizio di rinvio sistematico, dove le opere vengono spostate di anno in anno, sempre pi\u00f9 avanti nel tempo, collocate strategicamente nelle annualit\u00e0 2027\u20132028, quando non \u00e8 necessario garantire una reale copertura finanziaria. Una programmazione che esiste solo sulla carta.<\/p>\n<p><strong>Sicurezza stradale: promesse che slittano<\/strong><br \/>\nPrendiamo atto dell\u2019abbandono della faraonica rotatoria di Molin Novo, ma non possiamo ignorare che le nuove soluzioni proposte \u2013 peraltro condivisibili \u2013 vengono rinviate di un anno, con il finanziamento di 600.000 euro che scivola dal 2027 al 2028.<br \/>\nLo stesso accade per Mel centro e Farra di Mel, dove interventi annunciati per il 2026 vengono rimandati al 2028.<br \/>\nQuesta non \u00e8 programmazione: \u00e8 gestione dell\u2019attesa.<br \/>\nManca totalmente il coinvolgimento del Consiglio comunale su interventi concreti e immediati, come i dossi per il rallentamento del traffico. E respingiamo con forza l\u2019affermazione del Sindaco secondo cui la minoranza non fa proposte: la minoranza rappresenta oltre il 46% dei cittadini, ma viene sistematicamente esclusa dal confronto reale.<br \/>\nLe commissioni consiliari, a partire da quella urbanistica, restano di fatto inesistenti. E intanto l\u2019unificazione degli strumenti urbanistici delle tre ex municipalit\u00e0 continua a rimanere solo un annuncio.<\/p>\n<p><strong>Aumento delle imposte: scelta politica, non obbligo<\/strong><br \/>\nL\u2019aumento di IMU e addizionale IRPEF applicate nel 2025 \u00e8 una scelta politica precisa, non un fatto inevitabile.<br \/>\nL\u2019Amministrazione ha deciso di scaricare sui cittadini il peso della fiscalit\u00e0, invece di utilizzare le importante risorse straordinarie che abbiamo grazie ai fondi della fusione o di cercare risparmi interni al bilancio.<br \/>\nSi continua a esternalizzare servizi senza una reale valutazione costi-benefici. Un Comune come Borgo Valbelluna potrebbe gestire direttamente l\u2019ufficio tributi, garantendo efficienza, risparmio e un rapporto diretto con i cittadini. Ma anche qui manca il coraggio di scegliere.<\/p>\n<p><strong>Rifiuti: cittadini sempre pi\u00f9 spremuti<\/strong><br \/>\nNel 2026 verranno finalmente uniformati i costi dello smaltimento dell\u2019umido tra le tre ex municipalit\u00e0. Bene, ma non basta.<br \/>\nL\u2019Amministrazione si limita ad accettare la proposta di ripartizione dei costi da parte di Bellunum, senza affrontare il problema alla radice: il costo del servizio.<br \/>\nIl confronto con Bellunum \u00e8 debole, come pure quello con Dolomiti Ambiente. Le tariffe per lo smaltimento dell\u2019umido restano elevate, mentre si parla di progetti futuristici su idrogeno e metanolo che appaiono pi\u00f9 come slogan che come soluzioni reali.<br \/>\nPreoccupa inoltre il totale silenzio sul futuro della SIB S.p.A. e sull\u2019utilizzo dei quasi 50 milioni di euro derivanti dalla vendita della rete del gas. Per Borgo Valbelluna sono annunciati interventi per 12,2 milioni, ma quelli previsti nel 2024 (1.150.000 \u20ac), non sono ancora stati realizzati.<br \/>\nIl terzo Comune della Provincia dovrebbe avere un peso politico ben diverso.<\/p>\n<p><strong>Edilizia scolastica: tempi lunghi e costi fuori controllo<\/strong><br \/>\nIl nuovo polo scolastico, partito nel 2016, arriva oggi a un costo di 7 milioni di euro, rispetto ai 5 iniziali. E\u2019 vero che \u00e8 finanziato dall\u2019Inail, ma sono pur sempre soldi della collettivit\u00e0. E dovremo pensare anche agli arredi della struttura. Nel frattempo, altri Comuni bellunesi hanno realizzato scuole nuove, efficienti e moderne in meno tempo e con costi drasticamente inferiori. Mentre la palestra adiacente versa in condizioni critiche e necessita di un rifacimento completo.<br \/>\nSiamo rimasti sorpresi dall\u2019ulteriore spesa di circa 77.000 euro per lavori imprevisti sui sottoservizi della mensa scolastica di Trichiana, che portano la spesa complessiva ancora pi\u00f9 in alto.<br \/>\n\u00c8 legittimo chiedersi se vi siano responsabilit\u00e0 e se la programmazione sia stata adeguata.<br \/>\nE mentre si rincorrono emergenze, restano irrisolti problemi noti da anni: frazionamenti bloccati, relitti stradali non venduti, illuminazione del campo sintetico di Lentiai ancora ferma nonostante i fondi disponibili. Per queste incombenze burocratiche si potrebbe avvalersi di liberi professionisti.<\/p>\n<p><strong>Case chiuse, investimenti assenti.<\/strong><br \/>\nIl DUP non contiene nessuna strategia concreta per il recupero delle numerose abitazioni inutilizzate, che potrebbero rispondere all\u2019emergenza abitativa e sostenere il mondo del lavoro.<br \/>\nNon esistono politiche serie per attrarre investimenti e sostenere le imprese locali.<br \/>\nE manca una visione chiara sul futuro delle case di soggiorno per anziani, con il rinvio al 2027\u20132028 dei 5 milioni previsti per Villanova, mentre la popolazione invecchia e i bisogni aumentano.<\/p>\n<p><strong>Servizi sociali<\/strong><br \/>\nAbbiamo sostenuto con responsabilit\u00e0 l\u2019ordine del giorno sugli ATS (Ambiti Territoriali Sociali), perch\u00e9 il nostro obiettivo resta quello di garantire servizi di qualit\u00e0. Ma segnaliamo con preoccupazione la diffusione del gioco d\u2019azzardo compulsivo, tema che meriterebbe maggiore attenzione.<\/p>\n<p><strong>Conclusione<\/strong><br \/>\nIl DUP e il Bilancio di Previsione 2026\u20132028 non offrono una visione, non indicano una direzione, non affrontano le sfide del presente.<br \/>\nSono documenti che rinviano, che spostano, che rimandano, caricando i costi sui cittadini e lasciando irrisolti i problemi strutturali del Comune.<br \/>\nServirebbe il coraggio di investire in opere che producano risparmi, entrate e sviluppo. Invece si sceglie la strada pi\u00f9 facile: tasse oggi, promesse domani.<br \/>\nPer queste ragioni, il Gruppo consiliare Costruiamo Borgo esprime voto contrario, nella convinzione che Borgo Valbelluna meriti un\u2019Amministrazione pi\u00f9 presente, pi\u00f9 concreta e pi\u00f9 responsabile verso il proprio futuro.<\/p>\n<p>&nbsp;<\/p>","protected":false},"excerpt":{"rendered":"<p>Borgo Valbelluna 30 dicembre 2025 &#8211; Il Gruppo consiliare Costruiamo Borgo ha analizzato con attenzione il Documento Unico di Programmazione 2025\u20132028, un documento di 341 pagine che, ancora una volta, avrebbe dovuto rappresentare la bussola politica e amministrativa per il futuro di Borgo Valbelluna. Purtroppo dobbiamo constatare che, anche quest\u2019anno, tra ci\u00f2 che viene scritto [&hellip;]<\/p>\n","protected":false},"author":2,"featured_media":149482,"comment_status":"closed","ping_status":"open","sticky":false,"template":"","format":"standard","meta":{"footnotes":""},"categories":[5,49,26],"tags":[],"class_list":["post-166109","post","type-post","status-publish","format-standard","has-post-thumbnail","category-cronaca","category-speciali","category-prima-pagina"],"yoast_head":"<!-- This site is optimized with the Yoast SEO plugin v28.4 - https:\/\/yoast.com\/product\/yoast-seo-wordpress\/ -->\n<title>Borgo Valbelluna. L&#039;opposizione fa la radiografia al Dup, Documento unico di programmazione 2025-2028 - Bellunopress - Dolomiti<\/title>\n<meta name=\"robots\" content=\"index, follow, max-snippet:-1, max-image-preview:large, max-video-preview:-1\" \/>\n<link rel=\"canonical\" href=\"https:\/\/www.bellunopress.it\/fr\/2025\/12\/30\/borgo-valbelluna-lopposizione-fa-la-radiografia-al-dup-documento-unico-di-programmazione-2025-2028\/\" \/>\n<meta property=\"og:locale\" content=\"fr_FR\" \/>\n<meta property=\"og:type\" content=\"article\" \/>\n<meta property=\"og:title\" content=\"Borgo Valbelluna. L&#039;opposizione fa la radiografia al Dup, Documento unico di programmazione 2025-2028 - Bellunopress - Dolomiti\" \/>\n<meta property=\"og:description\" content=\"Borgo Valbelluna 30 dicembre 2025 &#8211; Il Gruppo consiliare Costruiamo Borgo ha analizzato con attenzione il Documento Unico di Programmazione 2025\u20132028, un documento di 341 pagine che, ancora una volta, avrebbe dovuto rappresentare la bussola politica e amministrativa per il futuro di Borgo Valbelluna. Purtroppo dobbiamo constatare che, anche quest\u2019anno, tra ci\u00f2 che viene scritto [&hellip;]\" \/>\n<meta property=\"og:url\" content=\"https:\/\/www.bellunopress.it\/fr\/2025\/12\/30\/borgo-valbelluna-lopposizione-fa-la-radiografia-al-dup-documento-unico-di-programmazione-2025-2028\/\" \/>\n<meta property=\"og:site_name\" content=\"Bellunopress - Dolomiti\" \/>\n<meta property=\"article:publisher\" content=\"https:\/\/www.facebook.com\/profile.php?id=100008943462799\" \/>\n<meta property=\"article:published_time\" content=\"2025-12-30T11:25:37+00:00\" \/>\n<meta property=\"og:image\" content=\"https:\/\/www.bellunopress.it\/wp-content\/uploads\/2024\/03\/Dario-Dal-Magro-candidato-sindaco-Borgo-Valbelluna-.jpg\" \/>\n\t<meta property=\"og:image:width\" content=\"1000\" \/>\n\t<meta property=\"og:image:height\" content=\"667\" \/>\n\t<meta property=\"og:image:type\" content=\"image\/jpeg\" \/>\n<meta name=\"author\" content=\"redazione\" \/>\n<meta name=\"twitter:card\" content=\"summary_large_image\" \/>\n<meta name=\"twitter:creator\" content=\"@bellunopress\" \/>\n<meta name=\"twitter:site\" content=\"@bellunopress\" \/>\n<meta name=\"twitter:label1\" content=\"Written by\" \/>\n\t<meta name=\"twitter:data1\" content=\"redazione\" \/>\n\t<meta name=\"twitter:label2\" content=\"Est. reading time\" \/>\n\t<meta name=\"twitter:data2\" content=\"5 minutes\" \/>\n<script type=\"application\/ld+json\" class=\"yoast-schema-graph\">{\"@context\":\"https:\\\/\\\/schema.org\",\"@graph\":[{\"@type\":\"Article\",\"@id\":\"https:\\\/\\\/www.bellunopress.it\\\/2025\\\/12\\\/30\\\/borgo-valbelluna-lopposizione-fa-la-radiografia-al-dup-documento-unico-di-programmazione-2025-2028\\\/#article\",\"isPartOf\":{\"@id\":\"https:\\\/\\\/www.bellunopress.it\\\/2025\\\/12\\\/30\\\/borgo-valbelluna-lopposizione-fa-la-radiografia-al-dup-documento-unico-di-programmazione-2025-2028\\\/\"},\"author\":{\"name\":\"redazione\",\"@id\":\"https:\\\/\\\/www.bellunopress.it\\\/#\\\/schema\\\/person\\\/79bb06722b37ece1c03d3e94beb30d73\"},\"headline\":\"Borgo Valbelluna. L&#8217;opposizione fa la radiografia al Dup, Documento unico di programmazione 2025-2028\",\"datePublished\":\"2025-12-30T11:25:37+00:00\",\"mainEntityOfPage\":{\"@id\":\"https:\\\/\\\/www.bellunopress.it\\\/2025\\\/12\\\/30\\\/borgo-valbelluna-lopposizione-fa-la-radiografia-al-dup-documento-unico-di-programmazione-2025-2028\\\/\"},\"wordCount\":978,\"publisher\":{\"@id\":\"https:\\\/\\\/www.bellunopress.it\\\/#organization\"},\"image\":{\"@id\":\"https:\\\/\\\/www.bellunopress.it\\\/2025\\\/12\\\/30\\\/borgo-valbelluna-lopposizione-fa-la-radiografia-al-dup-documento-unico-di-programmazione-2025-2028\\\/#primaryimage\"},\"thumbnailUrl\":\"https:\\\/\\\/www.bellunopress.it\\\/wp-content\\\/uploads\\\/2024\\\/03\\\/Dario-Dal-Magro-candidato-sindaco-Borgo-Valbelluna-.jpg\",\"articleSection\":[\"Cronaca\\\/Politica\",\"Gli speciali di Bellunopress\",\"Prima Pagina\"],\"inLanguage\":\"fr-FR\"},{\"@type\":\"WebPage\",\"@id\":\"https:\\\/\\\/www.bellunopress.it\\\/2025\\\/12\\\/30\\\/borgo-valbelluna-lopposizione-fa-la-radiografia-al-dup-documento-unico-di-programmazione-2025-2028\\\/\",\"url\":\"https:\\\/\\\/www.bellunopress.it\\\/2025\\\/12\\\/30\\\/borgo-valbelluna-lopposizione-fa-la-radiografia-al-dup-documento-unico-di-programmazione-2025-2028\\\/\",\"name\":\"Borgo Valbelluna. L'opposizione fa la radiografia al Dup, Documento unico di programmazione 2025-2028 - Bellunopress - Dolomiti\",\"isPartOf\":{\"@id\":\"https:\\\/\\\/www.bellunopress.it\\\/#website\"},\"primaryImageOfPage\":{\"@id\":\"https:\\\/\\\/www.bellunopress.it\\\/2025\\\/12\\\/30\\\/borgo-valbelluna-lopposizione-fa-la-radiografia-al-dup-documento-unico-di-programmazione-2025-2028\\\/#primaryimage\"},\"image\":{\"@id\":\"https:\\\/\\\/www.bellunopress.it\\\/2025\\\/12\\\/30\\\/borgo-valbelluna-lopposizione-fa-la-radiografia-al-dup-documento-unico-di-programmazione-2025-2028\\\/#primaryimage\"},\"thumbnailUrl\":\"https:\\\/\\\/www.bellunopress.it\\\/wp-content\\\/uploads\\\/2024\\\/03\\\/Dario-Dal-Magro-candidato-sindaco-Borgo-Valbelluna-.jpg\",\"datePublished\":\"2025-12-30T11:25:37+00:00\",\"breadcrumb\":{\"@id\":\"https:\\\/\\\/www.bellunopress.it\\\/2025\\\/12\\\/30\\\/borgo-valbelluna-lopposizione-fa-la-radiografia-al-dup-documento-unico-di-programmazione-2025-2028\\\/#breadcrumb\"},\"inLanguage\":\"fr-FR\",\"potentialAction\":[{\"@type\":\"ReadAction\",\"target\":[\"https:\\\/\\\/www.bellunopress.it\\\/2025\\\/12\\\/30\\\/borgo-valbelluna-lopposizione-fa-la-radiografia-al-dup-documento-unico-di-programmazione-2025-2028\\\/\"]}]},{\"@type\":\"ImageObject\",\"inLanguage\":\"fr-FR\",\"@id\":\"https:\\\/\\\/www.bellunopress.it\\\/2025\\\/12\\\/30\\\/borgo-valbelluna-lopposizione-fa-la-radiografia-al-dup-documento-unico-di-programmazione-2025-2028\\\/#primaryimage\",\"url\":\"https:\\\/\\\/www.bellunopress.it\\\/wp-content\\\/uploads\\\/2024\\\/03\\\/Dario-Dal-Magro-candidato-sindaco-Borgo-Valbelluna-.jpg\",\"contentUrl\":\"https:\\\/\\\/www.bellunopress.it\\\/wp-content\\\/uploads\\\/2024\\\/03\\\/Dario-Dal-Magro-candidato-sindaco-Borgo-Valbelluna-.jpg\",\"width\":1000,\"height\":667,\"caption\":\"Dario Dal Magro - Gruppo consiliare Costruiamo Borgo\"},{\"@type\":\"BreadcrumbList\",\"@id\":\"https:\\\/\\\/www.bellunopress.it\\\/2025\\\/12\\\/30\\\/borgo-valbelluna-lopposizione-fa-la-radiografia-al-dup-documento-unico-di-programmazione-2025-2028\\\/#breadcrumb\",\"itemListElement\":[{\"@type\":\"ListItem\",\"position\":1,\"name\":\"Home\",\"item\":\"https:\\\/\\\/www.bellunopress.it\\\/\"},{\"@type\":\"ListItem\",\"position\":2,\"name\":\"Borgo Valbelluna. L&#8217;opposizione fa la radiografia al Dup, Documento unico di programmazione 2025-2028\"}]},{\"@type\":\"WebSite\",\"@id\":\"https:\\\/\\\/www.bellunopress.it\\\/#website\",\"url\":\"https:\\\/\\\/www.bellunopress.it\\\/\",\"name\":\"Bellunopress - Dolomiti\",\"description\":\"e-mail: redazione@bellunopress.it\",\"publisher\":{\"@id\":\"https:\\\/\\\/www.bellunopress.it\\\/#organization\"},\"potentialAction\":[{\"@type\":\"SearchAction\",\"target\":{\"@type\":\"EntryPoint\",\"urlTemplate\":\"https:\\\/\\\/www.bellunopress.it\\\/?s={search_term_string}\"},\"query-input\":{\"@type\":\"PropertyValueSpecification\",\"valueRequired\":true,\"valueName\":\"search_term_string\"}}],\"inLanguage\":\"fr-FR\"},{\"@type\":\"Organization\",\"@id\":\"https:\\\/\\\/www.bellunopress.it\\\/#organization\",\"name\":\"Bellunopress\",\"url\":\"https:\\\/\\\/www.bellunopress.it\\\/\",\"logo\":{\"@type\":\"ImageObject\",\"inLanguage\":\"fr-FR\",\"@id\":\"https:\\\/\\\/www.bellunopress.it\\\/#\\\/schema\\\/logo\\\/image\\\/\",\"url\":\"https:\\\/\\\/www.bellunopress.it\\\/wp-content\\\/uploads\\\/2011\\\/05\\\/cropped-logo-bellunopress-.jpg\",\"contentUrl\":\"https:\\\/\\\/www.bellunopress.it\\\/wp-content\\\/uploads\\\/2011\\\/05\\\/cropped-logo-bellunopress-.jpg\",\"width\":512,\"height\":512,\"caption\":\"Bellunopress\"},\"image\":{\"@id\":\"https:\\\/\\\/www.bellunopress.it\\\/#\\\/schema\\\/logo\\\/image\\\/\"},\"sameAs\":[\"https:\\\/\\\/www.facebook.com\\\/profile.php?id=100008943462799\",\"https:\\\/\\\/x.com\\\/bellunopress\",\"https:\\\/\\\/www.linkedin.com\\\/hp\\\/?dnr=JBzUWaJfMUw8vbXJJ2tVW5-I3jZKvC4wsoxE&amp;amp;amp;amp;amp;amp;trk=nav_responsive_tab_home\",\"https:\\\/\\\/www.youtube.com\\\/channel\\\/UCxL0wu1uN0_3_7hGG0306cw\"]},{\"@type\":\"Person\",\"@id\":\"https:\\\/\\\/www.bellunopress.it\\\/#\\\/schema\\\/person\\\/79bb06722b37ece1c03d3e94beb30d73\",\"name\":\"redazione\",\"image\":{\"@type\":\"ImageObject\",\"inLanguage\":\"fr-FR\",\"@id\":\"https:\\\/\\\/secure.gravatar.com\\\/avatar\\\/37d968a2e67a6fd04c169c4bdef102d0bc5d31b2546345219e348575eb80e9a0?s=96&d=mm&r=g\",\"url\":\"https:\\\/\\\/secure.gravatar.com\\\/avatar\\\/37d968a2e67a6fd04c169c4bdef102d0bc5d31b2546345219e348575eb80e9a0?s=96&d=mm&r=g\",\"contentUrl\":\"https:\\\/\\\/secure.gravatar.com\\\/avatar\\\/37d968a2e67a6fd04c169c4bdef102d0bc5d31b2546345219e348575eb80e9a0?s=96&d=mm&r=g\",\"caption\":\"redazione\"},\"sameAs\":[\"http:\\\/\\\/www.bellunopress.it\",\"https:\\\/\\\/x.com\\\/bellunopress\"],\"url\":\"https:\\\/\\\/www.bellunopress.it\\\/fr\\\/author\\\/redazione\\\/\"}]}<\/script>\n<!-- \/ Yoast SEO plugin. -->","yoast_head_json":{"title":"Borgo Valbelluna. L'opposizione fa la radiografia al Dup, Documento unico di programmazione 2025-2028 - Bellunopress - Dolomiti","robots":{"index":"index","follow":"follow","max-snippet":"max-snippet:-1","max-image-preview":"max-image-preview:large","max-video-preview":"max-video-preview:-1"},"canonical":"https:\/\/www.bellunopress.it\/fr\/2025\/12\/30\/borgo-valbelluna-lopposizione-fa-la-radiografia-al-dup-documento-unico-di-programmazione-2025-2028\/","og_locale":"fr_FR","og_type":"article","og_title":"Borgo Valbelluna. L'opposizione fa la radiografia al Dup, Documento unico di programmazione 2025-2028 - Bellunopress - Dolomiti","og_description":"Borgo Valbelluna 30 dicembre 2025 &#8211; Il Gruppo consiliare Costruiamo Borgo ha analizzato con attenzione il Documento Unico di Programmazione 2025\u20132028, un documento di 341 pagine che, ancora una volta, avrebbe dovuto rappresentare la bussola politica e amministrativa per il futuro di Borgo Valbelluna. Purtroppo dobbiamo constatare che, anche quest\u2019anno, tra ci\u00f2 che viene scritto [&hellip;]","og_url":"https:\/\/www.bellunopress.it\/fr\/2025\/12\/30\/borgo-valbelluna-lopposizione-fa-la-radiografia-al-dup-documento-unico-di-programmazione-2025-2028\/","og_site_name":"Bellunopress - Dolomiti","article_publisher":"https:\/\/www.facebook.com\/profile.php?id=100008943462799","article_published_time":"2025-12-30T11:25:37+00:00","og_image":[{"width":1000,"height":667,"url":"https:\/\/www.bellunopress.it\/wp-content\/uploads\/2024\/03\/Dario-Dal-Magro-candidato-sindaco-Borgo-Valbelluna-.jpg","type":"image\/jpeg"}],"author":"redazione","twitter_card":"summary_large_image","twitter_creator":"@bellunopress","twitter_site":"@bellunopress","twitter_misc":{"Written by":"redazione","Est. reading time":"5 minutes"},"schema":{"@context":"https:\/\/schema.org","@graph":[{"@type":"Article","@id":"https:\/\/www.bellunopress.it\/2025\/12\/30\/borgo-valbelluna-lopposizione-fa-la-radiografia-al-dup-documento-unico-di-programmazione-2025-2028\/#article","isPartOf":{"@id":"https:\/\/www.bellunopress.it\/2025\/12\/30\/borgo-valbelluna-lopposizione-fa-la-radiografia-al-dup-documento-unico-di-programmazione-2025-2028\/"},"author":{"name":"redazione","@id":"https:\/\/www.bellunopress.it\/#\/schema\/person\/79bb06722b37ece1c03d3e94beb30d73"},"headline":"Borgo Valbelluna. L&#8217;opposizione fa la radiografia al Dup, Documento unico di programmazione 2025-2028","datePublished":"2025-12-30T11:25:37+00:00","mainEntityOfPage":{"@id":"https:\/\/www.bellunopress.it\/2025\/12\/30\/borgo-valbelluna-lopposizione-fa-la-radiografia-al-dup-documento-unico-di-programmazione-2025-2028\/"},"wordCount":978,"publisher":{"@id":"https:\/\/www.bellunopress.it\/#organization"},"image":{"@id":"https:\/\/www.bellunopress.it\/2025\/12\/30\/borgo-valbelluna-lopposizione-fa-la-radiografia-al-dup-documento-unico-di-programmazione-2025-2028\/#primaryimage"},"thumbnailUrl":"https:\/\/www.bellunopress.it\/wp-content\/uploads\/2024\/03\/Dario-Dal-Magro-candidato-sindaco-Borgo-Valbelluna-.jpg","articleSection":["Cronaca\/Politica","Gli speciali di Bellunopress","Prima Pagina"],"inLanguage":"fr-FR"},{"@type":"WebPage","@id":"https:\/\/www.bellunopress.it\/2025\/12\/30\/borgo-valbelluna-lopposizione-fa-la-radiografia-al-dup-documento-unico-di-programmazione-2025-2028\/","url":"https:\/\/www.bellunopress.it\/2025\/12\/30\/borgo-valbelluna-lopposizione-fa-la-radiografia-al-dup-documento-unico-di-programmazione-2025-2028\/","name":"Borgo Valbelluna. L'opposizione fa la radiografia al Dup, Documento unico di programmazione 2025-2028 - Bellunopress - Dolomiti","isPartOf":{"@id":"https:\/\/www.bellunopress.it\/#website"},"primaryImageOfPage":{"@id":"https:\/\/www.bellunopress.it\/2025\/12\/30\/borgo-valbelluna-lopposizione-fa-la-radiografia-al-dup-documento-unico-di-programmazione-2025-2028\/#primaryimage"},"image":{"@id":"https:\/\/www.bellunopress.it\/2025\/12\/30\/borgo-valbelluna-lopposizione-fa-la-radiografia-al-dup-documento-unico-di-programmazione-2025-2028\/#primaryimage"},"thumbnailUrl":"https:\/\/www.bellunopress.it\/wp-content\/uploads\/2024\/03\/Dario-Dal-Magro-candidato-sindaco-Borgo-Valbelluna-.jpg","datePublished":"2025-12-30T11:25:37+00:00","breadcrumb":{"@id":"https:\/\/www.bellunopress.it\/2025\/12\/30\/borgo-valbelluna-lopposizione-fa-la-radiografia-al-dup-documento-unico-di-programmazione-2025-2028\/#breadcrumb"},"inLanguage":"fr-FR","potentialAction":[{"@type":"ReadAction","target":["https:\/\/www.bellunopress.it\/2025\/12\/30\/borgo-valbelluna-lopposizione-fa-la-radiografia-al-dup-documento-unico-di-programmazione-2025-2028\/"]}]},{"@type":"ImageObject","inLanguage":"fr-FR","@id":"https:\/\/www.bellunopress.it\/2025\/12\/30\/borgo-valbelluna-lopposizione-fa-la-radiografia-al-dup-documento-unico-di-programmazione-2025-2028\/#primaryimage","url":"https:\/\/www.bellunopress.it\/wp-content\/uploads\/2024\/03\/Dario-Dal-Magro-candidato-sindaco-Borgo-Valbelluna-.jpg","contentUrl":"https:\/\/www.bellunopress.it\/wp-content\/uploads\/2024\/03\/Dario-Dal-Magro-candidato-sindaco-Borgo-Valbelluna-.jpg","width":1000,"height":667,"caption":"Dario Dal Magro - Gruppo consiliare Costruiamo Borgo"},{"@type":"BreadcrumbList","@id":"https:\/\/www.bellunopress.it\/2025\/12\/30\/borgo-valbelluna-lopposizione-fa-la-radiografia-al-dup-documento-unico-di-programmazione-2025-2028\/#breadcrumb","itemListElement":[{"@type":"ListItem","position":1,"name":"Home","item":"https:\/\/www.bellunopress.it\/"},{"@type":"ListItem","position":2,"name":"Borgo Valbelluna. L&#8217;opposizione fa la radiografia al Dup, Documento unico di programmazione 2025-2028"}]},{"@type":"WebSite","@id":"https:\/\/www.bellunopress.it\/#website","url":"https:\/\/www.bellunopress.it\/","name":"Bellunopress - Dolomiti","description":"e-mail: redazione@bellunopress.it","publisher":{"@id":"https:\/\/www.bellunopress.it\/#organization"},"potentialAction":[{"@type":"SearchAction","target":{"@type":"EntryPoint","urlTemplate":"https:\/\/www.bellunopress.it\/?s={search_term_string}"},"query-input":{"@type":"PropertyValueSpecification","valueRequired":true,"valueName":"search_term_string"}}],"inLanguage":"fr-FR"},{"@type":"Organization","@id":"https:\/\/www.bellunopress.it\/#organization","name":"Bellunopress","url":"https:\/\/www.bellunopress.it\/","logo":{"@type":"ImageObject","inLanguage":"fr-FR","@id":"https:\/\/www.bellunopress.it\/#\/schema\/logo\/image\/","url":"https:\/\/www.bellunopress.it\/wp-content\/uploads\/2011\/05\/cropped-logo-bellunopress-.jpg","contentUrl":"https:\/\/www.bellunopress.it\/wp-content\/uploads\/2011\/05\/cropped-logo-bellunopress-.jpg","width":512,"height":512,"caption":"Bellunopress"},"image":{"@id":"https:\/\/www.bellunopress.it\/#\/schema\/logo\/image\/"},"sameAs":["https:\/\/www.facebook.com\/profile.php?id=100008943462799","https:\/\/x.com\/bellunopress","https:\/\/www.linkedin.com\/hp\/?dnr=JBzUWaJfMUw8vbXJJ2tVW5-I3jZKvC4wsoxE&amp;amp;amp;amp;amp;amp;trk=nav_responsive_tab_home","https:\/\/www.youtube.com\/channel\/UCxL0wu1uN0_3_7hGG0306cw"]},{"@type":"Person","@id":"https:\/\/www.bellunopress.it\/#\/schema\/person\/79bb06722b37ece1c03d3e94beb30d73","name":"r\u00e9daction","image":{"@type":"ImageObject","inLanguage":"fr-FR","@id":"https:\/\/secure.gravatar.com\/avatar\/37d968a2e67a6fd04c169c4bdef102d0bc5d31b2546345219e348575eb80e9a0?s=96&d=mm&r=g","url":"https:\/\/secure.gravatar.com\/avatar\/37d968a2e67a6fd04c169c4bdef102d0bc5d31b2546345219e348575eb80e9a0?s=96&d=mm&r=g","contentUrl":"https:\/\/secure.gravatar.com\/avatar\/37d968a2e67a6fd04c169c4bdef102d0bc5d31b2546345219e348575eb80e9a0?s=96&d=mm&r=g","caption":"redazione"},"sameAs":["http:\/\/www.bellunopress.it","https:\/\/x.com\/bellunopress"],"url":"https:\/\/www.bellunopress.it\/fr\/author\/redazione\/"}]}},"_links":{"self":[{"href":"https:\/\/www.bellunopress.it\/fr\/wp-json\/wp\/v2\/posts\/166109","targetHints":{"allow":["GET"]}}],"collection":[{"href":"https:\/\/www.bellunopress.it\/fr\/wp-json\/wp\/v2\/posts"}],"about":[{"href":"https:\/\/www.bellunopress.it\/fr\/wp-json\/wp\/v2\/types\/post"}],"author":[{"embeddable":true,"href":"https:\/\/www.bellunopress.it\/fr\/wp-json\/wp\/v2\/users\/2"}],"replies":[{"embeddable":true,"href":"https:\/\/www.bellunopress.it\/fr\/wp-json\/wp\/v2\/comments?post=166109"}],"version-history":[{"count":1,"href":"https:\/\/www.bellunopress.it\/fr\/wp-json\/wp\/v2\/posts\/166109\/revisions"}],"predecessor-version":[{"id":166110,"href":"https:\/\/www.bellunopress.it\/fr\/wp-json\/wp\/v2\/posts\/166109\/revisions\/166110"}],"wp:featuredmedia":[{"embeddable":true,"href":"https:\/\/www.bellunopress.it\/fr\/wp-json\/wp\/v2\/media\/149482"}],"wp:attachment":[{"href":"https:\/\/www.bellunopress.it\/fr\/wp-json\/wp\/v2\/media?parent=166109"}],"wp:term":[{"taxonomy":"category","embeddable":true,"href":"https:\/\/www.bellunopress.it\/fr\/wp-json\/wp\/v2\/categories?post=166109"},{"taxonomy":"post_tag","embeddable":true,"href":"https:\/\/www.bellunopress.it\/fr\/wp-json\/wp\/v2\/tags?post=166109"}],"curies":[{"name":"wp","href":"https:\/\/api.w.org\/{rel}","templated":true}]}}