{"id":166107,"date":"2025-12-30T08:15:35","date_gmt":"2025-12-30T07:15:35","guid":{"rendered":"https:\/\/www.bellunopress.it\/?p=166107"},"modified":"2025-12-31T15:48:50","modified_gmt":"2025-12-31T14:48:50","slug":"maxi-blitz-contro-le-e-bike-irregolari-sequestrati-295-mezzi-per-un-valore-di-300mila-euro","status":"publish","type":"post","link":"https:\/\/www.bellunopress.it\/fr\/2025\/12\/30\/maxi-blitz-contro-le-e-bike-irregolari-sequestrati-295-mezzi-per-un-valore-di-300mila-euro\/","title":{"rendered":"Maxi blitz contro le e-bike irregolari: sequestrati 295 mezzi per un valore di 300mila euro"},"content":{"rendered":"<p><strong><img loading=\"lazy\" decoding=\"async\" class=\"aligncenter size-full wp-image-129946\" src=\"https:\/\/www.bellunopress.it\/wp-content\/uploads\/2021\/12\/Guardia-di-Finanza-1_edited.jpg\" alt=\"\" width=\"1000\" height=\"521\" srcset=\"https:\/\/www.bellunopress.it\/wp-content\/uploads\/2021\/12\/Guardia-di-Finanza-1_edited.jpg 1000w, https:\/\/www.bellunopress.it\/wp-content\/uploads\/2021\/12\/Guardia-di-Finanza-1_edited-500x261.jpg 500w, https:\/\/www.bellunopress.it\/wp-content\/uploads\/2021\/12\/Guardia-di-Finanza-1_edited-696x363.jpg 696w, https:\/\/www.bellunopress.it\/wp-content\/uploads\/2021\/12\/Guardia-di-Finanza-1_edited-806x420.jpg 806w\" sizes=\"auto, (max-width: 1000px) 100vw, 1000px\" \/>Operazione congiunta di Guardia di Finanza e Polizia Locale: motori truccati e assenza di certificazioni CE. Denunciati due commercianti per frode<\/strong><\/p>\n<p>Verona, 30 dicembre 2025 \u2013 Una stretta senza precedenti quella messa in atto nelle ultime ore a Verona contro il mercato delle biciclette elettriche illegali. In quella che \u00e8 stata definita la pi\u00f9 imponente operazione a livello nazionale nel settore, i militari del Comando Provinciale della Guardia di Finanza e gli agenti della Polizia Locale hanno messo sotto sequestro ben 295 e-bike a pedalata assistita, pronte per essere immesse sul mercato nonostante gravi irregolarit\u00e0 tecniche e documentali.<\/p>\n<p>L\u2019operazione \u00e8 il culmine di una lunga attivit\u00e0 investigativa volta a monitorare il commercio di prodotti soggetti alla marcatura CE. Gli inquirenti hanno concentrato l&#8217;attenzione su due esercizi commerciali della citt\u00e0, gestiti rispettivamente da un cittadino pakistano e uno indiano.<\/p>\n<p>Al momento del controllo, le forze dell&#8217;ordine hanno riscontrato una situazione allarmante: i mezzi non solo erano privi della documentazione obbligatoria prevista dalla Direttiva Europea 2006\/42\/CE (la cosiddetta &#8220;Direttiva Macchine&#8221;), ma presentavano modifiche strutturali per aumentarne le prestazioni.<\/p>\n<p>Le e-bike sequestrate erano state potenziate artificialmente per superare i limiti di velocit\u00e0 e potenza previsti per la pedalata assistita, trasformandole di fatto in ciclomotori non autorizzati. Questo dettaglio non \u00e8 solo una violazione amministrativa, ma un serio pericolo per la sicurezza stradale: mezzi cos\u00ec veloci, privi di collaudo e assicurazione, rappresentano un rischio elevato sia per chi li guida che per i pedoni.<\/p>\n<p>Il valore complessivo dei mezzi sequestrati si aggira intorno ai 300.000 euro. Oltre al sequestro penale, sono state comminate sanzioni amministrative per oltre 11.400 euro per violazioni al Codice della Strada e alle norme sul commercio.<\/p>\n<p>Il controllo ha fatto emergere uno scenario di illegalit\u00e0 diffusa che andava oltre la vendita dei velocipedi:<\/p>\n<p>Sicurezza sul lavoro: Sono state inviate segnalazioni allo SPISAL e al Comune di Verona per gravi carenze strutturali nei locali commerciali.<\/p>\n<p>Privacy: \u00c8 stato interessato il Garante della Privacy a causa di impianti di videosorveglianza non a norma.<\/p>\n<p>Frode in commercio: I due titolari sono stati denunciati a piede libero per il reato di frode nell\u2019esercizio del commercio.<\/p>\n<p>&#8220;Questa operazione \u2013 spiegano i due comandi in una nota congiunta \u2013 si inquadra nella costante azione rivolta alla salvaguardia della concorrenza leale e alla tutela dei consumatori&#8221;. L&#8217;obiettivo \u00e8 duplice: da un lato proteggere l&#8217;economia sana e il lavoro legale dalle distorsioni causate da chi vende prodotti a basso costo perch\u00e9 non a norma; dall&#8217;altro, evitare che ignari acquirenti si trovino alla guida di mezzi pericolosi e soggetti a pesanti sanzioni pecuniarie.<\/p>\n<p>L&#8217;intervento segue altri sequestri effettuati nelle scorse settimane direttamente su strada, confermando una linea di &#8220;tolleranza zero&#8221; contro la circolazione di veicoli elettrici non conformi sul territorio scaligero.<\/p>","protected":false},"excerpt":{"rendered":"<p>Operazione congiunta di Guardia di Finanza e Polizia Locale: motori truccati e assenza di certificazioni CE. Denunciati due commercianti per frode Verona, 30 dicembre 2025 \u2013 Una stretta senza precedenti quella messa in atto nelle ultime ore a Verona contro il mercato delle biciclette elettriche illegali. In quella che \u00e8 stata definita la pi\u00f9 imponente [&hellip;]<\/p>\n","protected":false},"author":2,"featured_media":129946,"comment_status":"closed","ping_status":"open","sticky":false,"template":"","format":"standard","meta":{"footnotes":""},"categories":[5,26],"tags":[],"class_list":["post-166107","post","type-post","status-publish","format-standard","has-post-thumbnail","category-cronaca","category-prima-pagina"],"yoast_head":"<!-- This site is optimized with the Yoast SEO plugin v28.4 - https:\/\/yoast.com\/product\/yoast-seo-wordpress\/ -->\n<title>Maxi blitz contro le e-bike irregolari: sequestrati 295 mezzi per un valore di 300mila euro - Bellunopress - Dolomiti<\/title>\n<meta name=\"robots\" content=\"index, follow, max-snippet:-1, max-image-preview:large, max-video-preview:-1\" \/>\n<link rel=\"canonical\" href=\"https:\/\/www.bellunopress.it\/fr\/2025\/12\/30\/maxi-blitz-contro-le-e-bike-irregolari-sequestrati-295-mezzi-per-un-valore-di-300mila-euro\/\" \/>\n<meta property=\"og:locale\" content=\"fr_FR\" \/>\n<meta property=\"og:type\" content=\"article\" \/>\n<meta property=\"og:title\" content=\"Maxi blitz contro le e-bike irregolari: sequestrati 295 mezzi per un valore di 300mila euro - Bellunopress - Dolomiti\" \/>\n<meta property=\"og:description\" content=\"Operazione congiunta di Guardia di Finanza e Polizia Locale: motori truccati e assenza di certificazioni CE. Denunciati due commercianti per frode Verona, 30 dicembre 2025 \u2013 Una stretta senza precedenti quella messa in atto nelle ultime ore a Verona contro il mercato delle biciclette elettriche illegali. In quella che \u00e8 stata definita la pi\u00f9 imponente [&hellip;]\" \/>\n<meta property=\"og:url\" content=\"https:\/\/www.bellunopress.it\/fr\/2025\/12\/30\/maxi-blitz-contro-le-e-bike-irregolari-sequestrati-295-mezzi-per-un-valore-di-300mila-euro\/\" \/>\n<meta property=\"og:site_name\" content=\"Bellunopress - Dolomiti\" \/>\n<meta property=\"article:publisher\" content=\"https:\/\/www.facebook.com\/profile.php?id=100008943462799\" \/>\n<meta property=\"article:published_time\" content=\"2025-12-30T07:15:35+00:00\" \/>\n<meta property=\"article:modified_time\" content=\"2025-12-31T14:48:50+00:00\" \/>\n<meta property=\"og:image\" content=\"https:\/\/www.bellunopress.it\/wp-content\/uploads\/2021\/12\/Guardia-di-Finanza-1_edited.jpg\" \/>\n\t<meta property=\"og:image:width\" content=\"1000\" \/>\n\t<meta property=\"og:image:height\" content=\"521\" \/>\n\t<meta property=\"og:image:type\" content=\"image\/jpeg\" \/>\n<meta name=\"author\" content=\"redazione\" \/>\n<meta name=\"twitter:card\" content=\"summary_large_image\" \/>\n<meta name=\"twitter:creator\" content=\"@bellunopress\" \/>\n<meta name=\"twitter:site\" content=\"@bellunopress\" \/>\n<meta name=\"twitter:label1\" content=\"\u00c9crit par\" \/>\n\t<meta name=\"twitter:data1\" content=\"redazione\" \/>\n\t<meta name=\"twitter:label2\" content=\"Dur\u00e9e de lecture estim\u00e9e\" \/>\n\t<meta name=\"twitter:data2\" content=\"2 minutes\" \/>\n<script type=\"application\/ld+json\" class=\"yoast-schema-graph\">{\"@context\":\"https:\\\/\\\/schema.org\",\"@graph\":[{\"@type\":\"Article\",\"@id\":\"https:\\\/\\\/www.bellunopress.it\\\/2025\\\/12\\\/30\\\/maxi-blitz-contro-le-e-bike-irregolari-sequestrati-295-mezzi-per-un-valore-di-300mila-euro\\\/#article\",\"isPartOf\":{\"@id\":\"https:\\\/\\\/www.bellunopress.it\\\/2025\\\/12\\\/30\\\/maxi-blitz-contro-le-e-bike-irregolari-sequestrati-295-mezzi-per-un-valore-di-300mila-euro\\\/\"},\"author\":{\"name\":\"redazione\",\"@id\":\"https:\\\/\\\/www.bellunopress.it\\\/#\\\/schema\\\/person\\\/79bb06722b37ece1c03d3e94beb30d73\"},\"headline\":\"Maxi blitz contro le e-bike irregolari: sequestrati 295 mezzi per un valore di 300mila euro\",\"datePublished\":\"2025-12-30T07:15:35+00:00\",\"dateModified\":\"2025-12-31T14:48:50+00:00\",\"mainEntityOfPage\":{\"@id\":\"https:\\\/\\\/www.bellunopress.it\\\/2025\\\/12\\\/30\\\/maxi-blitz-contro-le-e-bike-irregolari-sequestrati-295-mezzi-per-un-valore-di-300mila-euro\\\/\"},\"wordCount\":461,\"publisher\":{\"@id\":\"https:\\\/\\\/www.bellunopress.it\\\/#organization\"},\"image\":{\"@id\":\"https:\\\/\\\/www.bellunopress.it\\\/2025\\\/12\\\/30\\\/maxi-blitz-contro-le-e-bike-irregolari-sequestrati-295-mezzi-per-un-valore-di-300mila-euro\\\/#primaryimage\"},\"thumbnailUrl\":\"https:\\\/\\\/www.bellunopress.it\\\/wp-content\\\/uploads\\\/2021\\\/12\\\/Guardia-di-Finanza-1_edited.jpg\",\"articleSection\":[\"Cronaca\\\/Politica\",\"Prima Pagina\"],\"inLanguage\":\"fr-FR\"},{\"@type\":\"WebPage\",\"@id\":\"https:\\\/\\\/www.bellunopress.it\\\/2025\\\/12\\\/30\\\/maxi-blitz-contro-le-e-bike-irregolari-sequestrati-295-mezzi-per-un-valore-di-300mila-euro\\\/\",\"url\":\"https:\\\/\\\/www.bellunopress.it\\\/2025\\\/12\\\/30\\\/maxi-blitz-contro-le-e-bike-irregolari-sequestrati-295-mezzi-per-un-valore-di-300mila-euro\\\/\",\"name\":\"Maxi blitz contro le e-bike irregolari: sequestrati 295 mezzi per un valore di 300mila euro - Bellunopress - Dolomiti\",\"isPartOf\":{\"@id\":\"https:\\\/\\\/www.bellunopress.it\\\/#website\"},\"primaryImageOfPage\":{\"@id\":\"https:\\\/\\\/www.bellunopress.it\\\/2025\\\/12\\\/30\\\/maxi-blitz-contro-le-e-bike-irregolari-sequestrati-295-mezzi-per-un-valore-di-300mila-euro\\\/#primaryimage\"},\"image\":{\"@id\":\"https:\\\/\\\/www.bellunopress.it\\\/2025\\\/12\\\/30\\\/maxi-blitz-contro-le-e-bike-irregolari-sequestrati-295-mezzi-per-un-valore-di-300mila-euro\\\/#primaryimage\"},\"thumbnailUrl\":\"https:\\\/\\\/www.bellunopress.it\\\/wp-content\\\/uploads\\\/2021\\\/12\\\/Guardia-di-Finanza-1_edited.jpg\",\"datePublished\":\"2025-12-30T07:15:35+00:00\",\"dateModified\":\"2025-12-31T14:48:50+00:00\",\"breadcrumb\":{\"@id\":\"https:\\\/\\\/www.bellunopress.it\\\/2025\\\/12\\\/30\\\/maxi-blitz-contro-le-e-bike-irregolari-sequestrati-295-mezzi-per-un-valore-di-300mila-euro\\\/#breadcrumb\"},\"inLanguage\":\"fr-FR\",\"potentialAction\":[{\"@type\":\"ReadAction\",\"target\":[\"https:\\\/\\\/www.bellunopress.it\\\/2025\\\/12\\\/30\\\/maxi-blitz-contro-le-e-bike-irregolari-sequestrati-295-mezzi-per-un-valore-di-300mila-euro\\\/\"]}]},{\"@type\":\"ImageObject\",\"inLanguage\":\"fr-FR\",\"@id\":\"https:\\\/\\\/www.bellunopress.it\\\/2025\\\/12\\\/30\\\/maxi-blitz-contro-le-e-bike-irregolari-sequestrati-295-mezzi-per-un-valore-di-300mila-euro\\\/#primaryimage\",\"url\":\"https:\\\/\\\/www.bellunopress.it\\\/wp-content\\\/uploads\\\/2021\\\/12\\\/Guardia-di-Finanza-1_edited.jpg\",\"contentUrl\":\"https:\\\/\\\/www.bellunopress.it\\\/wp-content\\\/uploads\\\/2021\\\/12\\\/Guardia-di-Finanza-1_edited.jpg\",\"width\":1000,\"height\":521},{\"@type\":\"BreadcrumbList\",\"@id\":\"https:\\\/\\\/www.bellunopress.it\\\/2025\\\/12\\\/30\\\/maxi-blitz-contro-le-e-bike-irregolari-sequestrati-295-mezzi-per-un-valore-di-300mila-euro\\\/#breadcrumb\",\"itemListElement\":[{\"@type\":\"ListItem\",\"position\":1,\"name\":\"Home\",\"item\":\"https:\\\/\\\/www.bellunopress.it\\\/\"},{\"@type\":\"ListItem\",\"position\":2,\"name\":\"Maxi blitz contro le e-bike irregolari: sequestrati 295 mezzi per un valore di 300mila euro\"}]},{\"@type\":\"WebSite\",\"@id\":\"https:\\\/\\\/www.bellunopress.it\\\/#website\",\"url\":\"https:\\\/\\\/www.bellunopress.it\\\/\",\"name\":\"Bellunopress - Dolomiti\",\"description\":\"e-mail: redazione@bellunopress.it\",\"publisher\":{\"@id\":\"https:\\\/\\\/www.bellunopress.it\\\/#organization\"},\"potentialAction\":[{\"@type\":\"SearchAction\",\"target\":{\"@type\":\"EntryPoint\",\"urlTemplate\":\"https:\\\/\\\/www.bellunopress.it\\\/?s={search_term_string}\"},\"query-input\":{\"@type\":\"PropertyValueSpecification\",\"valueRequired\":true,\"valueName\":\"search_term_string\"}}],\"inLanguage\":\"fr-FR\"},{\"@type\":\"Organization\",\"@id\":\"https:\\\/\\\/www.bellunopress.it\\\/#organization\",\"name\":\"Bellunopress\",\"url\":\"https:\\\/\\\/www.bellunopress.it\\\/\",\"logo\":{\"@type\":\"ImageObject\",\"inLanguage\":\"fr-FR\",\"@id\":\"https:\\\/\\\/www.bellunopress.it\\\/#\\\/schema\\\/logo\\\/image\\\/\",\"url\":\"https:\\\/\\\/www.bellunopress.it\\\/wp-content\\\/uploads\\\/2011\\\/05\\\/cropped-logo-bellunopress-.jpg\",\"contentUrl\":\"https:\\\/\\\/www.bellunopress.it\\\/wp-content\\\/uploads\\\/2011\\\/05\\\/cropped-logo-bellunopress-.jpg\",\"width\":512,\"height\":512,\"caption\":\"Bellunopress\"},\"image\":{\"@id\":\"https:\\\/\\\/www.bellunopress.it\\\/#\\\/schema\\\/logo\\\/image\\\/\"},\"sameAs\":[\"https:\\\/\\\/www.facebook.com\\\/profile.php?id=100008943462799\",\"https:\\\/\\\/x.com\\\/bellunopress\",\"https:\\\/\\\/www.linkedin.com\\\/hp\\\/?dnr=JBzUWaJfMUw8vbXJJ2tVW5-I3jZKvC4wsoxE&amp;amp;amp;amp;amp;amp;trk=nav_responsive_tab_home\",\"https:\\\/\\\/www.youtube.com\\\/channel\\\/UCxL0wu1uN0_3_7hGG0306cw\"]},{\"@type\":\"Person\",\"@id\":\"https:\\\/\\\/www.bellunopress.it\\\/#\\\/schema\\\/person\\\/79bb06722b37ece1c03d3e94beb30d73\",\"name\":\"redazione\",\"image\":{\"@type\":\"ImageObject\",\"inLanguage\":\"fr-FR\",\"@id\":\"https:\\\/\\\/secure.gravatar.com\\\/avatar\\\/37d968a2e67a6fd04c169c4bdef102d0bc5d31b2546345219e348575eb80e9a0?s=96&d=mm&r=g\",\"url\":\"https:\\\/\\\/secure.gravatar.com\\\/avatar\\\/37d968a2e67a6fd04c169c4bdef102d0bc5d31b2546345219e348575eb80e9a0?s=96&d=mm&r=g\",\"contentUrl\":\"https:\\\/\\\/secure.gravatar.com\\\/avatar\\\/37d968a2e67a6fd04c169c4bdef102d0bc5d31b2546345219e348575eb80e9a0?s=96&d=mm&r=g\",\"caption\":\"redazione\"},\"sameAs\":[\"http:\\\/\\\/www.bellunopress.it\",\"https:\\\/\\\/x.com\\\/bellunopress\"],\"url\":\"https:\\\/\\\/www.bellunopress.it\\\/fr\\\/author\\\/redazione\\\/\"}]}<\/script>\n<!-- \/ Yoast SEO plugin. -->","yoast_head_json":{"title":"Maxi blitz contro le e-bike irregolari: sequestrati 295 mezzi per un valore di 300mila euro - Bellunopress - Dolomiti","robots":{"index":"index","follow":"follow","max-snippet":"max-snippet:-1","max-image-preview":"max-image-preview:large","max-video-preview":"max-video-preview:-1"},"canonical":"https:\/\/www.bellunopress.it\/fr\/2025\/12\/30\/maxi-blitz-contro-le-e-bike-irregolari-sequestrati-295-mezzi-per-un-valore-di-300mila-euro\/","og_locale":"fr_FR","og_type":"article","og_title":"Maxi blitz contro le e-bike irregolari: sequestrati 295 mezzi per un valore di 300mila euro - Bellunopress - Dolomiti","og_description":"Operazione congiunta di Guardia di Finanza e Polizia Locale: motori truccati e assenza di certificazioni CE. Denunciati due commercianti per frode Verona, 30 dicembre 2025 \u2013 Una stretta senza precedenti quella messa in atto nelle ultime ore a Verona contro il mercato delle biciclette elettriche illegali. In quella che \u00e8 stata definita la pi\u00f9 imponente [&hellip;]","og_url":"https:\/\/www.bellunopress.it\/fr\/2025\/12\/30\/maxi-blitz-contro-le-e-bike-irregolari-sequestrati-295-mezzi-per-un-valore-di-300mila-euro\/","og_site_name":"Bellunopress - Dolomiti","article_publisher":"https:\/\/www.facebook.com\/profile.php?id=100008943462799","article_published_time":"2025-12-30T07:15:35+00:00","article_modified_time":"2025-12-31T14:48:50+00:00","og_image":[{"width":1000,"height":521,"url":"https:\/\/www.bellunopress.it\/wp-content\/uploads\/2021\/12\/Guardia-di-Finanza-1_edited.jpg","type":"image\/jpeg"}],"author":"redazione","twitter_card":"summary_large_image","twitter_creator":"@bellunopress","twitter_site":"@bellunopress","twitter_misc":{"\u00c9crit par":"redazione","Dur\u00e9e de lecture estim\u00e9e":"2 minutes"},"schema":{"@context":"https:\/\/schema.org","@graph":[{"@type":"Article","@id":"https:\/\/www.bellunopress.it\/2025\/12\/30\/maxi-blitz-contro-le-e-bike-irregolari-sequestrati-295-mezzi-per-un-valore-di-300mila-euro\/#article","isPartOf":{"@id":"https:\/\/www.bellunopress.it\/2025\/12\/30\/maxi-blitz-contro-le-e-bike-irregolari-sequestrati-295-mezzi-per-un-valore-di-300mila-euro\/"},"author":{"name":"redazione","@id":"https:\/\/www.bellunopress.it\/#\/schema\/person\/79bb06722b37ece1c03d3e94beb30d73"},"headline":"Maxi blitz contro le e-bike irregolari: sequestrati 295 mezzi per un valore di 300mila euro","datePublished":"2025-12-30T07:15:35+00:00","dateModified":"2025-12-31T14:48:50+00:00","mainEntityOfPage":{"@id":"https:\/\/www.bellunopress.it\/2025\/12\/30\/maxi-blitz-contro-le-e-bike-irregolari-sequestrati-295-mezzi-per-un-valore-di-300mila-euro\/"},"wordCount":461,"publisher":{"@id":"https:\/\/www.bellunopress.it\/#organization"},"image":{"@id":"https:\/\/www.bellunopress.it\/2025\/12\/30\/maxi-blitz-contro-le-e-bike-irregolari-sequestrati-295-mezzi-per-un-valore-di-300mila-euro\/#primaryimage"},"thumbnailUrl":"https:\/\/www.bellunopress.it\/wp-content\/uploads\/2021\/12\/Guardia-di-Finanza-1_edited.jpg","articleSection":["Cronaca\/Politica","Prima Pagina"],"inLanguage":"fr-FR"},{"@type":"WebPage","@id":"https:\/\/www.bellunopress.it\/2025\/12\/30\/maxi-blitz-contro-le-e-bike-irregolari-sequestrati-295-mezzi-per-un-valore-di-300mila-euro\/","url":"https:\/\/www.bellunopress.it\/2025\/12\/30\/maxi-blitz-contro-le-e-bike-irregolari-sequestrati-295-mezzi-per-un-valore-di-300mila-euro\/","name":"Maxi blitz contro le e-bike irregolari: sequestrati 295 mezzi per un valore di 300mila euro - Bellunopress - Dolomiti","isPartOf":{"@id":"https:\/\/www.bellunopress.it\/#website"},"primaryImageOfPage":{"@id":"https:\/\/www.bellunopress.it\/2025\/12\/30\/maxi-blitz-contro-le-e-bike-irregolari-sequestrati-295-mezzi-per-un-valore-di-300mila-euro\/#primaryimage"},"image":{"@id":"https:\/\/www.bellunopress.it\/2025\/12\/30\/maxi-blitz-contro-le-e-bike-irregolari-sequestrati-295-mezzi-per-un-valore-di-300mila-euro\/#primaryimage"},"thumbnailUrl":"https:\/\/www.bellunopress.it\/wp-content\/uploads\/2021\/12\/Guardia-di-Finanza-1_edited.jpg","datePublished":"2025-12-30T07:15:35+00:00","dateModified":"2025-12-31T14:48:50+00:00","breadcrumb":{"@id":"https:\/\/www.bellunopress.it\/2025\/12\/30\/maxi-blitz-contro-le-e-bike-irregolari-sequestrati-295-mezzi-per-un-valore-di-300mila-euro\/#breadcrumb"},"inLanguage":"fr-FR","potentialAction":[{"@type":"ReadAction","target":["https:\/\/www.bellunopress.it\/2025\/12\/30\/maxi-blitz-contro-le-e-bike-irregolari-sequestrati-295-mezzi-per-un-valore-di-300mila-euro\/"]}]},{"@type":"ImageObject","inLanguage":"fr-FR","@id":"https:\/\/www.bellunopress.it\/2025\/12\/30\/maxi-blitz-contro-le-e-bike-irregolari-sequestrati-295-mezzi-per-un-valore-di-300mila-euro\/#primaryimage","url":"https:\/\/www.bellunopress.it\/wp-content\/uploads\/2021\/12\/Guardia-di-Finanza-1_edited.jpg","contentUrl":"https:\/\/www.bellunopress.it\/wp-content\/uploads\/2021\/12\/Guardia-di-Finanza-1_edited.jpg","width":1000,"height":521},{"@type":"BreadcrumbList","@id":"https:\/\/www.bellunopress.it\/2025\/12\/30\/maxi-blitz-contro-le-e-bike-irregolari-sequestrati-295-mezzi-per-un-valore-di-300mila-euro\/#breadcrumb","itemListElement":[{"@type":"ListItem","position":1,"name":"Home","item":"https:\/\/www.bellunopress.it\/"},{"@type":"ListItem","position":2,"name":"Maxi blitz contro le e-bike irregolari: sequestrati 295 mezzi per un valore di 300mila euro"}]},{"@type":"WebSite","@id":"https:\/\/www.bellunopress.it\/#website","url":"https:\/\/www.bellunopress.it\/","name":"Bellunopress - Dolomiti","description":"e-mail: redazione@bellunopress.it","publisher":{"@id":"https:\/\/www.bellunopress.it\/#organization"},"potentialAction":[{"@type":"SearchAction","target":{"@type":"EntryPoint","urlTemplate":"https:\/\/www.bellunopress.it\/?s={search_term_string}"},"query-input":{"@type":"PropertyValueSpecification","valueRequired":true,"valueName":"search_term_string"}}],"inLanguage":"fr-FR"},{"@type":"Organization","@id":"https:\/\/www.bellunopress.it\/#organization","name":"Bellunopress","url":"https:\/\/www.bellunopress.it\/","logo":{"@type":"ImageObject","inLanguage":"fr-FR","@id":"https:\/\/www.bellunopress.it\/#\/schema\/logo\/image\/","url":"https:\/\/www.bellunopress.it\/wp-content\/uploads\/2011\/05\/cropped-logo-bellunopress-.jpg","contentUrl":"https:\/\/www.bellunopress.it\/wp-content\/uploads\/2011\/05\/cropped-logo-bellunopress-.jpg","width":512,"height":512,"caption":"Bellunopress"},"image":{"@id":"https:\/\/www.bellunopress.it\/#\/schema\/logo\/image\/"},"sameAs":["https:\/\/www.facebook.com\/profile.php?id=100008943462799","https:\/\/x.com\/bellunopress","https:\/\/www.linkedin.com\/hp\/?dnr=JBzUWaJfMUw8vbXJJ2tVW5-I3jZKvC4wsoxE&amp;amp;amp;amp;amp;amp;trk=nav_responsive_tab_home","https:\/\/www.youtube.com\/channel\/UCxL0wu1uN0_3_7hGG0306cw"]},{"@type":"Person","@id":"https:\/\/www.bellunopress.it\/#\/schema\/person\/79bb06722b37ece1c03d3e94beb30d73","name":"r\u00e9daction","image":{"@type":"ImageObject","inLanguage":"fr-FR","@id":"https:\/\/secure.gravatar.com\/avatar\/37d968a2e67a6fd04c169c4bdef102d0bc5d31b2546345219e348575eb80e9a0?s=96&d=mm&r=g","url":"https:\/\/secure.gravatar.com\/avatar\/37d968a2e67a6fd04c169c4bdef102d0bc5d31b2546345219e348575eb80e9a0?s=96&d=mm&r=g","contentUrl":"https:\/\/secure.gravatar.com\/avatar\/37d968a2e67a6fd04c169c4bdef102d0bc5d31b2546345219e348575eb80e9a0?s=96&d=mm&r=g","caption":"redazione"},"sameAs":["http:\/\/www.bellunopress.it","https:\/\/x.com\/bellunopress"],"url":"https:\/\/www.bellunopress.it\/fr\/author\/redazione\/"}]}},"_links":{"self":[{"href":"https:\/\/www.bellunopress.it\/fr\/wp-json\/wp\/v2\/posts\/166107","targetHints":{"allow":["GET"]}}],"collection":[{"href":"https:\/\/www.bellunopress.it\/fr\/wp-json\/wp\/v2\/posts"}],"about":[{"href":"https:\/\/www.bellunopress.it\/fr\/wp-json\/wp\/v2\/types\/post"}],"author":[{"embeddable":true,"href":"https:\/\/www.bellunopress.it\/fr\/wp-json\/wp\/v2\/users\/2"}],"replies":[{"embeddable":true,"href":"https:\/\/www.bellunopress.it\/fr\/wp-json\/wp\/v2\/comments?post=166107"}],"version-history":[{"count":1,"href":"https:\/\/www.bellunopress.it\/fr\/wp-json\/wp\/v2\/posts\/166107\/revisions"}],"predecessor-version":[{"id":166108,"href":"https:\/\/www.bellunopress.it\/fr\/wp-json\/wp\/v2\/posts\/166107\/revisions\/166108"}],"wp:featuredmedia":[{"embeddable":true,"href":"https:\/\/www.bellunopress.it\/fr\/wp-json\/wp\/v2\/media\/129946"}],"wp:attachment":[{"href":"https:\/\/www.bellunopress.it\/fr\/wp-json\/wp\/v2\/media?parent=166107"}],"wp:term":[{"taxonomy":"category","embeddable":true,"href":"https:\/\/www.bellunopress.it\/fr\/wp-json\/wp\/v2\/categories?post=166107"},{"taxonomy":"post_tag","embeddable":true,"href":"https:\/\/www.bellunopress.it\/fr\/wp-json\/wp\/v2\/tags?post=166107"}],"curies":[{"name":"wp","href":"https:\/\/api.w.org\/{rel}","templated":true}]}}