{"id":166104,"date":"2025-12-30T06:41:00","date_gmt":"2025-12-30T05:41:00","guid":{"rendered":"https:\/\/www.bellunopress.it\/?p=166104"},"modified":"2025-12-30T06:41:00","modified_gmt":"2025-12-30T05:41:00","slug":"ponte-nelle-alpi-celebra-i-suoi-campioni-una-giornata-dedicata-al-valore-dello-sport","status":"publish","type":"post","link":"https:\/\/www.bellunopress.it\/fr\/2025\/12\/30\/ponte-nelle-alpi-celebra-i-suoi-campioni-una-giornata-dedicata-al-valore-dello-sport\/","title":{"rendered":"Ponte nelle Alpi celebra i suoi campioni: una giornata dedicata al valore dello sport"},"content":{"rendered":"<p><img loading=\"lazy\" decoding=\"async\" class=\"aligncenter size-full wp-image-166105\" src=\"https:\/\/www.bellunopress.it\/wp-content\/uploads\/2025\/12\/Giornata-dello-sport-Ponte-n-Alpi.jpg\" alt=\"\" width=\"600\" height=\"335\" srcset=\"https:\/\/www.bellunopress.it\/wp-content\/uploads\/2025\/12\/Giornata-dello-sport-Ponte-n-Alpi.jpg 600w, https:\/\/www.bellunopress.it\/wp-content\/uploads\/2025\/12\/Giornata-dello-sport-Ponte-n-Alpi-500x279.jpg 500w\" sizes=\"auto, (max-width: 600px) 100vw, 600px\" \/>Ponte nelle Alpi, 30 dicembre 2025 &#8211; Una mattinata di celebrazioni e orgoglio quella vissuta ieri in sala consiliare del Comune di Ponte nelle Alpi. L\u2019Amministrazione comunale ha voluto rendere omaggio alle eccellenze sportive del territorio con la consegna ufficiale degli attestati di riconoscimento agli atleti che, nell\u2019ultima stagione, si sono distinti per risultati, impegno e valori etici.<\/p>\n<p>Alla cerimonia erano presenti il sindaco Elena Levorato e l\u2019assessore allo Sport Fabrizio Fontana, i quali hanno sottolineato come lo sport sia, prima ancora che una competizione, un pilastro fondamentale per la crescita della persona e della collettivit\u00e0.<\/p>\n<p>L\u2019assessore Fontana, nel suo intervento, ha posto l&#8217;accento sul percorso che precede il podio: \u00abAttraverso questi attestati vogliamo rendere merito non solo ai successi ottenuti, ma soprattutto alla dedizione, alla costanza e allo spirito di sacrificio che ogni atleta mette quotidianamente nella propria attivit\u00e0. Lo sport rappresenta una vera e propria scuola di vita e i nostri atleti sono un esempio positivo per tutta la comunit\u00e0\u00bb.<\/p>\n<p>La variet\u00e0 delle premiazioni ha messo in luce la vivacit\u00e0 del panorama sportivo pontalpino. Sono stati infatti insigniti del riconoscimento atleti appartenenti a numerose discipline:<\/p>\n<p>Sport individuali e di precisione: scherma, tiro a segno, pistola, ginnastica artistica e sci d\u2019erba.<\/p>\n<p>Motori: motociclismo e motocross.<\/p>\n<p>Resistenza e squadra: tennis, ciclismo, corsa in montagna e su strada, basket.<\/p>\n<p>Non solo atleti sul palco: un momento di particolare rilievo \u00e8 stato dedicato a due figure storiche del dirigente sportivo locale, Salvador Giorgio e Montenero Fabrizio. Entrambi, gi\u00e0 insigniti della Stella di Bronzo dal CONI, sono stati premiati per la lunga dedizione e l\u2019instancabile impegno profuso a favore del movimento sportivo.<\/p>\n<p>L\u2019Amministrazione ha inoltre rivolto un ringraziamento corale alle societ\u00e0 sportive, agli allenatori e alle famiglie, definendo il loro supporto come &#8220;determinante&#8221; nel percorso di formazione umana e tecnica dei giovani.<\/p>\n<p>L&#8217;evento si \u00e8 concluso con la riaffermazione della linea politica dell&#8217;ente: sostenere lo sport non solo come attivit\u00e0 motoria, ma come strumento di inclusione, benessere e promozione dei valori educativi. Un investimento sul futuro del territorio che parte proprio dai giovani e dai loro sani modelli di riferimento.<\/p>","protected":false},"excerpt":{"rendered":"<p>Ponte nelle Alpi, 30 dicembre 2025 &#8211; Una mattinata di celebrazioni e orgoglio quella vissuta ieri in sala consiliare del Comune di Ponte nelle Alpi. L\u2019Amministrazione comunale ha voluto rendere omaggio alle eccellenze sportive del territorio con la consegna ufficiale degli attestati di riconoscimento agli atleti che, nell\u2019ultima stagione, si sono distinti per risultati, impegno [&hellip;]<\/p>\n","protected":false},"author":2,"featured_media":166105,"comment_status":"closed","ping_status":"open","sticky":false,"template":"","format":"standard","meta":{"footnotes":""},"categories":[8],"tags":[],"class_list":["post-166104","post","type-post","status-publish","format-standard","has-post-thumbnail","category-societa-istituzioni"],"yoast_head":"<!-- This site is optimized with the Yoast SEO plugin v28.4 - https:\/\/yoast.com\/product\/yoast-seo-wordpress\/ -->\n<title>Ponte nelle Alpi celebra i suoi campioni: una giornata dedicata al valore dello sport - Bellunopress - Dolomiti<\/title>\n<meta name=\"robots\" content=\"index, follow, max-snippet:-1, max-image-preview:large, max-video-preview:-1\" \/>\n<link rel=\"canonical\" href=\"https:\/\/www.bellunopress.it\/fr\/2025\/12\/30\/ponte-nelle-alpi-celebra-i-suoi-campioni-una-giornata-dedicata-al-valore-dello-sport\/\" \/>\n<meta property=\"og:locale\" content=\"fr_FR\" \/>\n<meta property=\"og:type\" content=\"article\" \/>\n<meta property=\"og:title\" content=\"Ponte nelle Alpi celebra i suoi campioni: una giornata dedicata al valore dello sport - Bellunopress - Dolomiti\" \/>\n<meta property=\"og:description\" content=\"Ponte nelle Alpi, 30 dicembre 2025 &#8211; Una mattinata di celebrazioni e orgoglio quella vissuta ieri in sala consiliare del Comune di Ponte nelle Alpi. L\u2019Amministrazione comunale ha voluto rendere omaggio alle eccellenze sportive del territorio con la consegna ufficiale degli attestati di riconoscimento agli atleti che, nell\u2019ultima stagione, si sono distinti per risultati, impegno [&hellip;]\" \/>\n<meta property=\"og:url\" content=\"https:\/\/www.bellunopress.it\/fr\/2025\/12\/30\/ponte-nelle-alpi-celebra-i-suoi-campioni-una-giornata-dedicata-al-valore-dello-sport\/\" \/>\n<meta property=\"og:site_name\" content=\"Bellunopress - Dolomiti\" \/>\n<meta property=\"article:publisher\" content=\"https:\/\/www.facebook.com\/profile.php?id=100008943462799\" \/>\n<meta property=\"article:published_time\" content=\"2025-12-30T05:41:00+00:00\" \/>\n<meta property=\"og:image\" content=\"https:\/\/www.bellunopress.it\/wp-content\/uploads\/2025\/12\/Giornata-dello-sport-Ponte-n-Alpi.jpg\" \/>\n\t<meta property=\"og:image:width\" content=\"600\" \/>\n\t<meta property=\"og:image:height\" content=\"335\" \/>\n\t<meta property=\"og:image:type\" content=\"image\/jpeg\" \/>\n<meta name=\"author\" content=\"redazione\" \/>\n<meta name=\"twitter:card\" content=\"summary_large_image\" \/>\n<meta name=\"twitter:creator\" content=\"@bellunopress\" \/>\n<meta name=\"twitter:site\" content=\"@bellunopress\" \/>\n<meta name=\"twitter:label1\" content=\"\u00c9crit par\" \/>\n\t<meta name=\"twitter:data1\" content=\"redazione\" \/>\n\t<meta name=\"twitter:label2\" content=\"Dur\u00e9e de lecture estim\u00e9e\" \/>\n\t<meta name=\"twitter:data2\" content=\"2 minutes\" \/>\n<script type=\"application\/ld+json\" class=\"yoast-schema-graph\">{\"@context\":\"https:\\\/\\\/schema.org\",\"@graph\":[{\"@type\":\"Article\",\"@id\":\"https:\\\/\\\/www.bellunopress.it\\\/2025\\\/12\\\/30\\\/ponte-nelle-alpi-celebra-i-suoi-campioni-una-giornata-dedicata-al-valore-dello-sport\\\/#article\",\"isPartOf\":{\"@id\":\"https:\\\/\\\/www.bellunopress.it\\\/2025\\\/12\\\/30\\\/ponte-nelle-alpi-celebra-i-suoi-campioni-una-giornata-dedicata-al-valore-dello-sport\\\/\"},\"author\":{\"name\":\"redazione\",\"@id\":\"https:\\\/\\\/www.bellunopress.it\\\/#\\\/schema\\\/person\\\/79bb06722b37ece1c03d3e94beb30d73\"},\"headline\":\"Ponte nelle Alpi celebra i suoi campioni: una giornata dedicata al valore dello sport\",\"datePublished\":\"2025-12-30T05:41:00+00:00\",\"mainEntityOfPage\":{\"@id\":\"https:\\\/\\\/www.bellunopress.it\\\/2025\\\/12\\\/30\\\/ponte-nelle-alpi-celebra-i-suoi-campioni-una-giornata-dedicata-al-valore-dello-sport\\\/\"},\"wordCount\":367,\"publisher\":{\"@id\":\"https:\\\/\\\/www.bellunopress.it\\\/#organization\"},\"image\":{\"@id\":\"https:\\\/\\\/www.bellunopress.it\\\/2025\\\/12\\\/30\\\/ponte-nelle-alpi-celebra-i-suoi-campioni-una-giornata-dedicata-al-valore-dello-sport\\\/#primaryimage\"},\"thumbnailUrl\":\"https:\\\/\\\/www.bellunopress.it\\\/wp-content\\\/uploads\\\/2025\\\/12\\\/Giornata-dello-sport-Ponte-n-Alpi.jpg\",\"articleSection\":[\"Societ\u00e0, Associazioni, Istituzioni\"],\"inLanguage\":\"fr-FR\"},{\"@type\":\"WebPage\",\"@id\":\"https:\\\/\\\/www.bellunopress.it\\\/2025\\\/12\\\/30\\\/ponte-nelle-alpi-celebra-i-suoi-campioni-una-giornata-dedicata-al-valore-dello-sport\\\/\",\"url\":\"https:\\\/\\\/www.bellunopress.it\\\/2025\\\/12\\\/30\\\/ponte-nelle-alpi-celebra-i-suoi-campioni-una-giornata-dedicata-al-valore-dello-sport\\\/\",\"name\":\"Ponte nelle Alpi celebra i suoi campioni: una giornata dedicata al valore dello sport - Bellunopress - Dolomiti\",\"isPartOf\":{\"@id\":\"https:\\\/\\\/www.bellunopress.it\\\/#website\"},\"primaryImageOfPage\":{\"@id\":\"https:\\\/\\\/www.bellunopress.it\\\/2025\\\/12\\\/30\\\/ponte-nelle-alpi-celebra-i-suoi-campioni-una-giornata-dedicata-al-valore-dello-sport\\\/#primaryimage\"},\"image\":{\"@id\":\"https:\\\/\\\/www.bellunopress.it\\\/2025\\\/12\\\/30\\\/ponte-nelle-alpi-celebra-i-suoi-campioni-una-giornata-dedicata-al-valore-dello-sport\\\/#primaryimage\"},\"thumbnailUrl\":\"https:\\\/\\\/www.bellunopress.it\\\/wp-content\\\/uploads\\\/2025\\\/12\\\/Giornata-dello-sport-Ponte-n-Alpi.jpg\",\"datePublished\":\"2025-12-30T05:41:00+00:00\",\"breadcrumb\":{\"@id\":\"https:\\\/\\\/www.bellunopress.it\\\/2025\\\/12\\\/30\\\/ponte-nelle-alpi-celebra-i-suoi-campioni-una-giornata-dedicata-al-valore-dello-sport\\\/#breadcrumb\"},\"inLanguage\":\"fr-FR\",\"potentialAction\":[{\"@type\":\"ReadAction\",\"target\":[\"https:\\\/\\\/www.bellunopress.it\\\/2025\\\/12\\\/30\\\/ponte-nelle-alpi-celebra-i-suoi-campioni-una-giornata-dedicata-al-valore-dello-sport\\\/\"]}]},{\"@type\":\"ImageObject\",\"inLanguage\":\"fr-FR\",\"@id\":\"https:\\\/\\\/www.bellunopress.it\\\/2025\\\/12\\\/30\\\/ponte-nelle-alpi-celebra-i-suoi-campioni-una-giornata-dedicata-al-valore-dello-sport\\\/#primaryimage\",\"url\":\"https:\\\/\\\/www.bellunopress.it\\\/wp-content\\\/uploads\\\/2025\\\/12\\\/Giornata-dello-sport-Ponte-n-Alpi.jpg\",\"contentUrl\":\"https:\\\/\\\/www.bellunopress.it\\\/wp-content\\\/uploads\\\/2025\\\/12\\\/Giornata-dello-sport-Ponte-n-Alpi.jpg\",\"width\":600,\"height\":335},{\"@type\":\"BreadcrumbList\",\"@id\":\"https:\\\/\\\/www.bellunopress.it\\\/2025\\\/12\\\/30\\\/ponte-nelle-alpi-celebra-i-suoi-campioni-una-giornata-dedicata-al-valore-dello-sport\\\/#breadcrumb\",\"itemListElement\":[{\"@type\":\"ListItem\",\"position\":1,\"name\":\"Home\",\"item\":\"https:\\\/\\\/www.bellunopress.it\\\/\"},{\"@type\":\"ListItem\",\"position\":2,\"name\":\"Ponte nelle Alpi celebra i suoi campioni: una giornata dedicata al valore dello sport\"}]},{\"@type\":\"WebSite\",\"@id\":\"https:\\\/\\\/www.bellunopress.it\\\/#website\",\"url\":\"https:\\\/\\\/www.bellunopress.it\\\/\",\"name\":\"Bellunopress - Dolomiti\",\"description\":\"e-mail: redazione@bellunopress.it\",\"publisher\":{\"@id\":\"https:\\\/\\\/www.bellunopress.it\\\/#organization\"},\"potentialAction\":[{\"@type\":\"SearchAction\",\"target\":{\"@type\":\"EntryPoint\",\"urlTemplate\":\"https:\\\/\\\/www.bellunopress.it\\\/?s={search_term_string}\"},\"query-input\":{\"@type\":\"PropertyValueSpecification\",\"valueRequired\":true,\"valueName\":\"search_term_string\"}}],\"inLanguage\":\"fr-FR\"},{\"@type\":\"Organization\",\"@id\":\"https:\\\/\\\/www.bellunopress.it\\\/#organization\",\"name\":\"Bellunopress\",\"url\":\"https:\\\/\\\/www.bellunopress.it\\\/\",\"logo\":{\"@type\":\"ImageObject\",\"inLanguage\":\"fr-FR\",\"@id\":\"https:\\\/\\\/www.bellunopress.it\\\/#\\\/schema\\\/logo\\\/image\\\/\",\"url\":\"https:\\\/\\\/www.bellunopress.it\\\/wp-content\\\/uploads\\\/2011\\\/05\\\/cropped-logo-bellunopress-.jpg\",\"contentUrl\":\"https:\\\/\\\/www.bellunopress.it\\\/wp-content\\\/uploads\\\/2011\\\/05\\\/cropped-logo-bellunopress-.jpg\",\"width\":512,\"height\":512,\"caption\":\"Bellunopress\"},\"image\":{\"@id\":\"https:\\\/\\\/www.bellunopress.it\\\/#\\\/schema\\\/logo\\\/image\\\/\"},\"sameAs\":[\"https:\\\/\\\/www.facebook.com\\\/profile.php?id=100008943462799\",\"https:\\\/\\\/x.com\\\/bellunopress\",\"https:\\\/\\\/www.linkedin.com\\\/hp\\\/?dnr=JBzUWaJfMUw8vbXJJ2tVW5-I3jZKvC4wsoxE&amp;amp;amp;amp;amp;amp;trk=nav_responsive_tab_home\",\"https:\\\/\\\/www.youtube.com\\\/channel\\\/UCxL0wu1uN0_3_7hGG0306cw\"]},{\"@type\":\"Person\",\"@id\":\"https:\\\/\\\/www.bellunopress.it\\\/#\\\/schema\\\/person\\\/79bb06722b37ece1c03d3e94beb30d73\",\"name\":\"redazione\",\"image\":{\"@type\":\"ImageObject\",\"inLanguage\":\"fr-FR\",\"@id\":\"https:\\\/\\\/secure.gravatar.com\\\/avatar\\\/37d968a2e67a6fd04c169c4bdef102d0bc5d31b2546345219e348575eb80e9a0?s=96&d=mm&r=g\",\"url\":\"https:\\\/\\\/secure.gravatar.com\\\/avatar\\\/37d968a2e67a6fd04c169c4bdef102d0bc5d31b2546345219e348575eb80e9a0?s=96&d=mm&r=g\",\"contentUrl\":\"https:\\\/\\\/secure.gravatar.com\\\/avatar\\\/37d968a2e67a6fd04c169c4bdef102d0bc5d31b2546345219e348575eb80e9a0?s=96&d=mm&r=g\",\"caption\":\"redazione\"},\"sameAs\":[\"http:\\\/\\\/www.bellunopress.it\",\"https:\\\/\\\/x.com\\\/bellunopress\"],\"url\":\"https:\\\/\\\/www.bellunopress.it\\\/fr\\\/author\\\/redazione\\\/\"}]}<\/script>\n<!-- \/ Yoast SEO plugin. -->","yoast_head_json":{"title":"Ponte nelle Alpi celebra i suoi campioni: una giornata dedicata al valore dello sport - Bellunopress - Dolomiti","robots":{"index":"index","follow":"follow","max-snippet":"max-snippet:-1","max-image-preview":"max-image-preview:large","max-video-preview":"max-video-preview:-1"},"canonical":"https:\/\/www.bellunopress.it\/fr\/2025\/12\/30\/ponte-nelle-alpi-celebra-i-suoi-campioni-una-giornata-dedicata-al-valore-dello-sport\/","og_locale":"fr_FR","og_type":"article","og_title":"Ponte nelle Alpi celebra i suoi campioni: una giornata dedicata al valore dello sport - Bellunopress - Dolomiti","og_description":"Ponte nelle Alpi, 30 dicembre 2025 &#8211; Una mattinata di celebrazioni e orgoglio quella vissuta ieri in sala consiliare del Comune di Ponte nelle Alpi. L\u2019Amministrazione comunale ha voluto rendere omaggio alle eccellenze sportive del territorio con la consegna ufficiale degli attestati di riconoscimento agli atleti che, nell\u2019ultima stagione, si sono distinti per risultati, impegno [&hellip;]","og_url":"https:\/\/www.bellunopress.it\/fr\/2025\/12\/30\/ponte-nelle-alpi-celebra-i-suoi-campioni-una-giornata-dedicata-al-valore-dello-sport\/","og_site_name":"Bellunopress - Dolomiti","article_publisher":"https:\/\/www.facebook.com\/profile.php?id=100008943462799","article_published_time":"2025-12-30T05:41:00+00:00","og_image":[{"width":600,"height":335,"url":"https:\/\/www.bellunopress.it\/wp-content\/uploads\/2025\/12\/Giornata-dello-sport-Ponte-n-Alpi.jpg","type":"image\/jpeg"}],"author":"redazione","twitter_card":"summary_large_image","twitter_creator":"@bellunopress","twitter_site":"@bellunopress","twitter_misc":{"\u00c9crit par":"redazione","Dur\u00e9e de lecture estim\u00e9e":"2 minutes"},"schema":{"@context":"https:\/\/schema.org","@graph":[{"@type":"Article","@id":"https:\/\/www.bellunopress.it\/2025\/12\/30\/ponte-nelle-alpi-celebra-i-suoi-campioni-una-giornata-dedicata-al-valore-dello-sport\/#article","isPartOf":{"@id":"https:\/\/www.bellunopress.it\/2025\/12\/30\/ponte-nelle-alpi-celebra-i-suoi-campioni-una-giornata-dedicata-al-valore-dello-sport\/"},"author":{"name":"redazione","@id":"https:\/\/www.bellunopress.it\/#\/schema\/person\/79bb06722b37ece1c03d3e94beb30d73"},"headline":"Ponte nelle Alpi celebra i suoi campioni: una giornata dedicata al valore dello sport","datePublished":"2025-12-30T05:41:00+00:00","mainEntityOfPage":{"@id":"https:\/\/www.bellunopress.it\/2025\/12\/30\/ponte-nelle-alpi-celebra-i-suoi-campioni-una-giornata-dedicata-al-valore-dello-sport\/"},"wordCount":367,"publisher":{"@id":"https:\/\/www.bellunopress.it\/#organization"},"image":{"@id":"https:\/\/www.bellunopress.it\/2025\/12\/30\/ponte-nelle-alpi-celebra-i-suoi-campioni-una-giornata-dedicata-al-valore-dello-sport\/#primaryimage"},"thumbnailUrl":"https:\/\/www.bellunopress.it\/wp-content\/uploads\/2025\/12\/Giornata-dello-sport-Ponte-n-Alpi.jpg","articleSection":["Societ\u00e0, Associazioni, Istituzioni"],"inLanguage":"fr-FR"},{"@type":"WebPage","@id":"https:\/\/www.bellunopress.it\/2025\/12\/30\/ponte-nelle-alpi-celebra-i-suoi-campioni-una-giornata-dedicata-al-valore-dello-sport\/","url":"https:\/\/www.bellunopress.it\/2025\/12\/30\/ponte-nelle-alpi-celebra-i-suoi-campioni-una-giornata-dedicata-al-valore-dello-sport\/","name":"Ponte nelle Alpi celebra i suoi campioni: una giornata dedicata al valore dello sport - Bellunopress - Dolomiti","isPartOf":{"@id":"https:\/\/www.bellunopress.it\/#website"},"primaryImageOfPage":{"@id":"https:\/\/www.bellunopress.it\/2025\/12\/30\/ponte-nelle-alpi-celebra-i-suoi-campioni-una-giornata-dedicata-al-valore-dello-sport\/#primaryimage"},"image":{"@id":"https:\/\/www.bellunopress.it\/2025\/12\/30\/ponte-nelle-alpi-celebra-i-suoi-campioni-una-giornata-dedicata-al-valore-dello-sport\/#primaryimage"},"thumbnailUrl":"https:\/\/www.bellunopress.it\/wp-content\/uploads\/2025\/12\/Giornata-dello-sport-Ponte-n-Alpi.jpg","datePublished":"2025-12-30T05:41:00+00:00","breadcrumb":{"@id":"https:\/\/www.bellunopress.it\/2025\/12\/30\/ponte-nelle-alpi-celebra-i-suoi-campioni-una-giornata-dedicata-al-valore-dello-sport\/#breadcrumb"},"inLanguage":"fr-FR","potentialAction":[{"@type":"ReadAction","target":["https:\/\/www.bellunopress.it\/2025\/12\/30\/ponte-nelle-alpi-celebra-i-suoi-campioni-una-giornata-dedicata-al-valore-dello-sport\/"]}]},{"@type":"ImageObject","inLanguage":"fr-FR","@id":"https:\/\/www.bellunopress.it\/2025\/12\/30\/ponte-nelle-alpi-celebra-i-suoi-campioni-una-giornata-dedicata-al-valore-dello-sport\/#primaryimage","url":"https:\/\/www.bellunopress.it\/wp-content\/uploads\/2025\/12\/Giornata-dello-sport-Ponte-n-Alpi.jpg","contentUrl":"https:\/\/www.bellunopress.it\/wp-content\/uploads\/2025\/12\/Giornata-dello-sport-Ponte-n-Alpi.jpg","width":600,"height":335},{"@type":"BreadcrumbList","@id":"https:\/\/www.bellunopress.it\/2025\/12\/30\/ponte-nelle-alpi-celebra-i-suoi-campioni-una-giornata-dedicata-al-valore-dello-sport\/#breadcrumb","itemListElement":[{"@type":"ListItem","position":1,"name":"Home","item":"https:\/\/www.bellunopress.it\/"},{"@type":"ListItem","position":2,"name":"Ponte nelle Alpi celebra i suoi campioni: una giornata dedicata al valore dello sport"}]},{"@type":"WebSite","@id":"https:\/\/www.bellunopress.it\/#website","url":"https:\/\/www.bellunopress.it\/","name":"Bellunopress - Dolomiti","description":"e-mail: redazione@bellunopress.it","publisher":{"@id":"https:\/\/www.bellunopress.it\/#organization"},"potentialAction":[{"@type":"SearchAction","target":{"@type":"EntryPoint","urlTemplate":"https:\/\/www.bellunopress.it\/?s={search_term_string}"},"query-input":{"@type":"PropertyValueSpecification","valueRequired":true,"valueName":"search_term_string"}}],"inLanguage":"fr-FR"},{"@type":"Organization","@id":"https:\/\/www.bellunopress.it\/#organization","name":"Bellunopress","url":"https:\/\/www.bellunopress.it\/","logo":{"@type":"ImageObject","inLanguage":"fr-FR","@id":"https:\/\/www.bellunopress.it\/#\/schema\/logo\/image\/","url":"https:\/\/www.bellunopress.it\/wp-content\/uploads\/2011\/05\/cropped-logo-bellunopress-.jpg","contentUrl":"https:\/\/www.bellunopress.it\/wp-content\/uploads\/2011\/05\/cropped-logo-bellunopress-.jpg","width":512,"height":512,"caption":"Bellunopress"},"image":{"@id":"https:\/\/www.bellunopress.it\/#\/schema\/logo\/image\/"},"sameAs":["https:\/\/www.facebook.com\/profile.php?id=100008943462799","https:\/\/x.com\/bellunopress","https:\/\/www.linkedin.com\/hp\/?dnr=JBzUWaJfMUw8vbXJJ2tVW5-I3jZKvC4wsoxE&amp;amp;amp;amp;amp;amp;trk=nav_responsive_tab_home","https:\/\/www.youtube.com\/channel\/UCxL0wu1uN0_3_7hGG0306cw"]},{"@type":"Person","@id":"https:\/\/www.bellunopress.it\/#\/schema\/person\/79bb06722b37ece1c03d3e94beb30d73","name":"r\u00e9daction","image":{"@type":"ImageObject","inLanguage":"fr-FR","@id":"https:\/\/secure.gravatar.com\/avatar\/37d968a2e67a6fd04c169c4bdef102d0bc5d31b2546345219e348575eb80e9a0?s=96&d=mm&r=g","url":"https:\/\/secure.gravatar.com\/avatar\/37d968a2e67a6fd04c169c4bdef102d0bc5d31b2546345219e348575eb80e9a0?s=96&d=mm&r=g","contentUrl":"https:\/\/secure.gravatar.com\/avatar\/37d968a2e67a6fd04c169c4bdef102d0bc5d31b2546345219e348575eb80e9a0?s=96&d=mm&r=g","caption":"redazione"},"sameAs":["http:\/\/www.bellunopress.it","https:\/\/x.com\/bellunopress"],"url":"https:\/\/www.bellunopress.it\/fr\/author\/redazione\/"}]}},"_links":{"self":[{"href":"https:\/\/www.bellunopress.it\/fr\/wp-json\/wp\/v2\/posts\/166104","targetHints":{"allow":["GET"]}}],"collection":[{"href":"https:\/\/www.bellunopress.it\/fr\/wp-json\/wp\/v2\/posts"}],"about":[{"href":"https:\/\/www.bellunopress.it\/fr\/wp-json\/wp\/v2\/types\/post"}],"author":[{"embeddable":true,"href":"https:\/\/www.bellunopress.it\/fr\/wp-json\/wp\/v2\/users\/2"}],"replies":[{"embeddable":true,"href":"https:\/\/www.bellunopress.it\/fr\/wp-json\/wp\/v2\/comments?post=166104"}],"version-history":[{"count":1,"href":"https:\/\/www.bellunopress.it\/fr\/wp-json\/wp\/v2\/posts\/166104\/revisions"}],"predecessor-version":[{"id":166106,"href":"https:\/\/www.bellunopress.it\/fr\/wp-json\/wp\/v2\/posts\/166104\/revisions\/166106"}],"wp:featuredmedia":[{"embeddable":true,"href":"https:\/\/www.bellunopress.it\/fr\/wp-json\/wp\/v2\/media\/166105"}],"wp:attachment":[{"href":"https:\/\/www.bellunopress.it\/fr\/wp-json\/wp\/v2\/media?parent=166104"}],"wp:term":[{"taxonomy":"category","embeddable":true,"href":"https:\/\/www.bellunopress.it\/fr\/wp-json\/wp\/v2\/categories?post=166104"},{"taxonomy":"post_tag","embeddable":true,"href":"https:\/\/www.bellunopress.it\/fr\/wp-json\/wp\/v2\/tags?post=166104"}],"curies":[{"name":"wp","href":"https:\/\/api.w.org\/{rel}","templated":true}]}}