{"id":166100,"date":"2025-12-29T18:51:56","date_gmt":"2025-12-29T17:51:56","guid":{"rendered":"https:\/\/www.bellunopress.it\/?p=166100"},"modified":"2025-12-29T18:51:56","modified_gmt":"2025-12-29T17:51:56","slug":"report-federalberghi-veneto-prima-regione-per-presenze-turistiche","status":"publish","type":"post","link":"https:\/\/www.bellunopress.it\/fr\/2025\/12\/29\/report-federalberghi-veneto-prima-regione-per-presenze-turistiche\/","title":{"rendered":"Report Federalberghi: Veneto prima Regione per presenze turistiche"},"content":{"rendered":"<figure id=\"attachment_166101\" aria-describedby=\"caption-attachment-166101\" style=\"width: 500px\" class=\"wp-caption aligncenter\"><img loading=\"lazy\" decoding=\"async\" class=\"size-full wp-image-166101\" src=\"https:\/\/www.bellunopress.it\/wp-content\/uploads\/2025\/12\/Luca-Pavanetto.jpg\" alt=\"\" width=\"500\" height=\"507\" srcset=\"https:\/\/www.bellunopress.it\/wp-content\/uploads\/2025\/12\/Luca-Pavanetto.jpg 500w, https:\/\/www.bellunopress.it\/wp-content\/uploads\/2025\/12\/Luca-Pavanetto-493x500.jpg 493w, https:\/\/www.bellunopress.it\/wp-content\/uploads\/2025\/12\/Luca-Pavanetto-414x420.jpg 414w\" sizes=\"auto, (max-width: 500px) 100vw, 500px\" \/><figcaption id=\"caption-attachment-166101\" class=\"wp-caption-text\">Lucas Pavanetto, vicepresidente Regione del Veneto<\/figcaption><\/figure>\n<p><strong>Vicepresidente Pavanetto, &#8220;Ottimo dato da cui partire, ora facciamo squadra per rispondere a nuova domanda&#8221;<\/strong><\/p>\n<p>Venezia, 29 dicembre 2025 &#8211;\u00a0\u201cI numeri raccontati nel report di Fedealberghi Veneto sono un ottimo punto da cui partire. Il Veneto \u00e8 un territorio attrattivo, che coniuga strutture ricettive di grande qualit\u00e0 con attrazioni artistiche, culturali, paesaggistiche ed enogastronomiche uniche al mondo. Per l\u2019amministrazione regionale questo risultato non vuole essere un punto di arrivo, ma al contrario \u00e8 per noi l\u2019occasione per fare squadra con gli operatori del settore e con tutti i soggetti interessati al fine di studiare nuovi investimenti capaci di intercettare e attrarre quel turismo che in Veneto non \u00e8 ancora passato\u201d.<\/p>\n<p>Il vicepresidente della Regione del Veneto e assessore al Turismo Lucas Pavanetto commenta cos\u00ec i dati sul turismo raccolti nell\u2019analisi di Federalberghi Veneto relativi al periodo 1\u00b0 gennaio \u2013 15 dicembre 2025.<\/p>\n<p>\u201cIl nostro sforzo sar\u00e0 quello di guardare oltre alla semplice programmazione dell\u2019offerta turistica- prosegue Pavanetto-, per proporre un\u2019offerta di qualit\u00e0, capace di intercettare nuovi bisogni e anticipare le ultime tendenze, valorizzando l\u2019intero territorio Veneto, regione che spaziando dal mare alla montagna, dalle terme ai laghi, pu\u00f2 contare su una proposta davvero ricca\u201d.<\/p>\n<p>&nbsp;<\/p>","protected":false},"excerpt":{"rendered":"<p>Vicepresidente Pavanetto, &#8220;Ottimo dato da cui partire, ora facciamo squadra per rispondere a nuova domanda&#8221; Venezia, 29 dicembre 2025 &#8211;\u00a0\u201cI numeri raccontati nel report di Fedealberghi Veneto sono un ottimo punto da cui partire. Il Veneto \u00e8 un territorio attrattivo, che coniuga strutture ricettive di grande qualit\u00e0 con attrazioni artistiche, culturali, paesaggistiche ed enogastronomiche uniche [&hellip;]<\/p>\n","protected":false},"author":2,"featured_media":166101,"comment_status":"closed","ping_status":"open","sticky":false,"template":"","format":"standard","meta":{"footnotes":""},"categories":[36],"tags":[],"class_list":["post-166100","post","type-post","status-publish","format-standard","has-post-thumbnail","category-lavoro-economia"],"yoast_head":"<!-- This site is optimized with the Yoast SEO plugin v28.4 - https:\/\/yoast.com\/product\/yoast-seo-wordpress\/ -->\n<title>Report Federalberghi: Veneto prima Regione per presenze turistiche - Bellunopress - Dolomiti<\/title>\n<meta name=\"robots\" content=\"index, follow, max-snippet:-1, max-image-preview:large, max-video-preview:-1\" \/>\n<link rel=\"canonical\" href=\"https:\/\/www.bellunopress.it\/fr\/2025\/12\/29\/report-federalberghi-veneto-prima-regione-per-presenze-turistiche\/\" \/>\n<meta property=\"og:locale\" content=\"fr_FR\" \/>\n<meta property=\"og:type\" content=\"article\" \/>\n<meta property=\"og:title\" content=\"Report Federalberghi: Veneto prima Regione per presenze turistiche - Bellunopress - Dolomiti\" \/>\n<meta property=\"og:description\" content=\"Vicepresidente Pavanetto, &#8220;Ottimo dato da cui partire, ora facciamo squadra per rispondere a nuova domanda&#8221; Venezia, 29 dicembre 2025 &#8211;\u00a0\u201cI numeri raccontati nel report di Fedealberghi Veneto sono un ottimo punto da cui partire. Il Veneto \u00e8 un territorio attrattivo, che coniuga strutture ricettive di grande qualit\u00e0 con attrazioni artistiche, culturali, paesaggistiche ed enogastronomiche uniche [&hellip;]\" \/>\n<meta property=\"og:url\" content=\"https:\/\/www.bellunopress.it\/fr\/2025\/12\/29\/report-federalberghi-veneto-prima-regione-per-presenze-turistiche\/\" \/>\n<meta property=\"og:site_name\" content=\"Bellunopress - Dolomiti\" \/>\n<meta property=\"article:publisher\" content=\"https:\/\/www.facebook.com\/profile.php?id=100008943462799\" \/>\n<meta property=\"article:published_time\" content=\"2025-12-29T17:51:56+00:00\" \/>\n<meta property=\"og:image\" content=\"https:\/\/www.bellunopress.it\/wp-content\/uploads\/2025\/12\/Luca-Pavanetto.jpg\" \/>\n\t<meta property=\"og:image:width\" content=\"500\" \/>\n\t<meta property=\"og:image:height\" content=\"507\" \/>\n\t<meta property=\"og:image:type\" content=\"image\/jpeg\" \/>\n<meta name=\"author\" content=\"redazione\" \/>\n<meta name=\"twitter:card\" content=\"summary_large_image\" \/>\n<meta name=\"twitter:creator\" content=\"@bellunopress\" \/>\n<meta name=\"twitter:site\" content=\"@bellunopress\" \/>\n<meta name=\"twitter:label1\" content=\"\u00c9crit par\" \/>\n\t<meta name=\"twitter:data1\" content=\"redazione\" \/>\n\t<meta name=\"twitter:label2\" content=\"Dur\u00e9e de lecture estim\u00e9e\" \/>\n\t<meta name=\"twitter:data2\" content=\"1 minute\" \/>\n<script type=\"application\/ld+json\" class=\"yoast-schema-graph\">{\"@context\":\"https:\\\/\\\/schema.org\",\"@graph\":[{\"@type\":\"Article\",\"@id\":\"https:\\\/\\\/www.bellunopress.it\\\/2025\\\/12\\\/29\\\/report-federalberghi-veneto-prima-regione-per-presenze-turistiche\\\/#article\",\"isPartOf\":{\"@id\":\"https:\\\/\\\/www.bellunopress.it\\\/2025\\\/12\\\/29\\\/report-federalberghi-veneto-prima-regione-per-presenze-turistiche\\\/\"},\"author\":{\"name\":\"redazione\",\"@id\":\"https:\\\/\\\/www.bellunopress.it\\\/#\\\/schema\\\/person\\\/79bb06722b37ece1c03d3e94beb30d73\"},\"headline\":\"Report Federalberghi: Veneto prima Regione per presenze turistiche\",\"datePublished\":\"2025-12-29T17:51:56+00:00\",\"mainEntityOfPage\":{\"@id\":\"https:\\\/\\\/www.bellunopress.it\\\/2025\\\/12\\\/29\\\/report-federalberghi-veneto-prima-regione-per-presenze-turistiche\\\/\"},\"wordCount\":214,\"publisher\":{\"@id\":\"https:\\\/\\\/www.bellunopress.it\\\/#organization\"},\"image\":{\"@id\":\"https:\\\/\\\/www.bellunopress.it\\\/2025\\\/12\\\/29\\\/report-federalberghi-veneto-prima-regione-per-presenze-turistiche\\\/#primaryimage\"},\"thumbnailUrl\":\"https:\\\/\\\/www.bellunopress.it\\\/wp-content\\\/uploads\\\/2025\\\/12\\\/Luca-Pavanetto.jpg\",\"articleSection\":[\"Lavoro, Economia, Turismo\"],\"inLanguage\":\"fr-FR\"},{\"@type\":\"WebPage\",\"@id\":\"https:\\\/\\\/www.bellunopress.it\\\/2025\\\/12\\\/29\\\/report-federalberghi-veneto-prima-regione-per-presenze-turistiche\\\/\",\"url\":\"https:\\\/\\\/www.bellunopress.it\\\/2025\\\/12\\\/29\\\/report-federalberghi-veneto-prima-regione-per-presenze-turistiche\\\/\",\"name\":\"Report Federalberghi: Veneto prima Regione per presenze turistiche - Bellunopress - Dolomiti\",\"isPartOf\":{\"@id\":\"https:\\\/\\\/www.bellunopress.it\\\/#website\"},\"primaryImageOfPage\":{\"@id\":\"https:\\\/\\\/www.bellunopress.it\\\/2025\\\/12\\\/29\\\/report-federalberghi-veneto-prima-regione-per-presenze-turistiche\\\/#primaryimage\"},\"image\":{\"@id\":\"https:\\\/\\\/www.bellunopress.it\\\/2025\\\/12\\\/29\\\/report-federalberghi-veneto-prima-regione-per-presenze-turistiche\\\/#primaryimage\"},\"thumbnailUrl\":\"https:\\\/\\\/www.bellunopress.it\\\/wp-content\\\/uploads\\\/2025\\\/12\\\/Luca-Pavanetto.jpg\",\"datePublished\":\"2025-12-29T17:51:56+00:00\",\"breadcrumb\":{\"@id\":\"https:\\\/\\\/www.bellunopress.it\\\/2025\\\/12\\\/29\\\/report-federalberghi-veneto-prima-regione-per-presenze-turistiche\\\/#breadcrumb\"},\"inLanguage\":\"fr-FR\",\"potentialAction\":[{\"@type\":\"ReadAction\",\"target\":[\"https:\\\/\\\/www.bellunopress.it\\\/2025\\\/12\\\/29\\\/report-federalberghi-veneto-prima-regione-per-presenze-turistiche\\\/\"]}]},{\"@type\":\"ImageObject\",\"inLanguage\":\"fr-FR\",\"@id\":\"https:\\\/\\\/www.bellunopress.it\\\/2025\\\/12\\\/29\\\/report-federalberghi-veneto-prima-regione-per-presenze-turistiche\\\/#primaryimage\",\"url\":\"https:\\\/\\\/www.bellunopress.it\\\/wp-content\\\/uploads\\\/2025\\\/12\\\/Luca-Pavanetto.jpg\",\"contentUrl\":\"https:\\\/\\\/www.bellunopress.it\\\/wp-content\\\/uploads\\\/2025\\\/12\\\/Luca-Pavanetto.jpg\",\"width\":500,\"height\":507,\"caption\":\"Luca Pavanetto, vicepresidente Regione del Veneto\"},{\"@type\":\"BreadcrumbList\",\"@id\":\"https:\\\/\\\/www.bellunopress.it\\\/2025\\\/12\\\/29\\\/report-federalberghi-veneto-prima-regione-per-presenze-turistiche\\\/#breadcrumb\",\"itemListElement\":[{\"@type\":\"ListItem\",\"position\":1,\"name\":\"Home\",\"item\":\"https:\\\/\\\/www.bellunopress.it\\\/\"},{\"@type\":\"ListItem\",\"position\":2,\"name\":\"Report Federalberghi: Veneto prima Regione per presenze turistiche\"}]},{\"@type\":\"WebSite\",\"@id\":\"https:\\\/\\\/www.bellunopress.it\\\/#website\",\"url\":\"https:\\\/\\\/www.bellunopress.it\\\/\",\"name\":\"Bellunopress - Dolomiti\",\"description\":\"e-mail: redazione@bellunopress.it\",\"publisher\":{\"@id\":\"https:\\\/\\\/www.bellunopress.it\\\/#organization\"},\"potentialAction\":[{\"@type\":\"SearchAction\",\"target\":{\"@type\":\"EntryPoint\",\"urlTemplate\":\"https:\\\/\\\/www.bellunopress.it\\\/?s={search_term_string}\"},\"query-input\":{\"@type\":\"PropertyValueSpecification\",\"valueRequired\":true,\"valueName\":\"search_term_string\"}}],\"inLanguage\":\"fr-FR\"},{\"@type\":\"Organization\",\"@id\":\"https:\\\/\\\/www.bellunopress.it\\\/#organization\",\"name\":\"Bellunopress\",\"url\":\"https:\\\/\\\/www.bellunopress.it\\\/\",\"logo\":{\"@type\":\"ImageObject\",\"inLanguage\":\"fr-FR\",\"@id\":\"https:\\\/\\\/www.bellunopress.it\\\/#\\\/schema\\\/logo\\\/image\\\/\",\"url\":\"https:\\\/\\\/www.bellunopress.it\\\/wp-content\\\/uploads\\\/2011\\\/05\\\/cropped-logo-bellunopress-.jpg\",\"contentUrl\":\"https:\\\/\\\/www.bellunopress.it\\\/wp-content\\\/uploads\\\/2011\\\/05\\\/cropped-logo-bellunopress-.jpg\",\"width\":512,\"height\":512,\"caption\":\"Bellunopress\"},\"image\":{\"@id\":\"https:\\\/\\\/www.bellunopress.it\\\/#\\\/schema\\\/logo\\\/image\\\/\"},\"sameAs\":[\"https:\\\/\\\/www.facebook.com\\\/profile.php?id=100008943462799\",\"https:\\\/\\\/x.com\\\/bellunopress\",\"https:\\\/\\\/www.linkedin.com\\\/hp\\\/?dnr=JBzUWaJfMUw8vbXJJ2tVW5-I3jZKvC4wsoxE&amp;amp;amp;amp;amp;amp;trk=nav_responsive_tab_home\",\"https:\\\/\\\/www.youtube.com\\\/channel\\\/UCxL0wu1uN0_3_7hGG0306cw\"]},{\"@type\":\"Person\",\"@id\":\"https:\\\/\\\/www.bellunopress.it\\\/#\\\/schema\\\/person\\\/79bb06722b37ece1c03d3e94beb30d73\",\"name\":\"redazione\",\"image\":{\"@type\":\"ImageObject\",\"inLanguage\":\"fr-FR\",\"@id\":\"https:\\\/\\\/secure.gravatar.com\\\/avatar\\\/37d968a2e67a6fd04c169c4bdef102d0bc5d31b2546345219e348575eb80e9a0?s=96&d=mm&r=g\",\"url\":\"https:\\\/\\\/secure.gravatar.com\\\/avatar\\\/37d968a2e67a6fd04c169c4bdef102d0bc5d31b2546345219e348575eb80e9a0?s=96&d=mm&r=g\",\"contentUrl\":\"https:\\\/\\\/secure.gravatar.com\\\/avatar\\\/37d968a2e67a6fd04c169c4bdef102d0bc5d31b2546345219e348575eb80e9a0?s=96&d=mm&r=g\",\"caption\":\"redazione\"},\"sameAs\":[\"http:\\\/\\\/www.bellunopress.it\",\"https:\\\/\\\/x.com\\\/bellunopress\"],\"url\":\"https:\\\/\\\/www.bellunopress.it\\\/fr\\\/author\\\/redazione\\\/\"}]}<\/script>\n<!-- \/ Yoast SEO plugin. -->","yoast_head_json":{"title":"Report Federalberghi: Veneto prima Regione per presenze turistiche - Bellunopress - Dolomiti","robots":{"index":"index","follow":"follow","max-snippet":"max-snippet:-1","max-image-preview":"max-image-preview:large","max-video-preview":"max-video-preview:-1"},"canonical":"https:\/\/www.bellunopress.it\/fr\/2025\/12\/29\/report-federalberghi-veneto-prima-regione-per-presenze-turistiche\/","og_locale":"fr_FR","og_type":"article","og_title":"Report Federalberghi: Veneto prima Regione per presenze turistiche - Bellunopress - Dolomiti","og_description":"Vicepresidente Pavanetto, &#8220;Ottimo dato da cui partire, ora facciamo squadra per rispondere a nuova domanda&#8221; Venezia, 29 dicembre 2025 &#8211;\u00a0\u201cI numeri raccontati nel report di Fedealberghi Veneto sono un ottimo punto da cui partire. Il Veneto \u00e8 un territorio attrattivo, che coniuga strutture ricettive di grande qualit\u00e0 con attrazioni artistiche, culturali, paesaggistiche ed enogastronomiche uniche [&hellip;]","og_url":"https:\/\/www.bellunopress.it\/fr\/2025\/12\/29\/report-federalberghi-veneto-prima-regione-per-presenze-turistiche\/","og_site_name":"Bellunopress - Dolomiti","article_publisher":"https:\/\/www.facebook.com\/profile.php?id=100008943462799","article_published_time":"2025-12-29T17:51:56+00:00","og_image":[{"width":500,"height":507,"url":"https:\/\/www.bellunopress.it\/wp-content\/uploads\/2025\/12\/Luca-Pavanetto.jpg","type":"image\/jpeg"}],"author":"redazione","twitter_card":"summary_large_image","twitter_creator":"@bellunopress","twitter_site":"@bellunopress","twitter_misc":{"\u00c9crit par":"redazione","Dur\u00e9e de lecture estim\u00e9e":"1 minute"},"schema":{"@context":"https:\/\/schema.org","@graph":[{"@type":"Article","@id":"https:\/\/www.bellunopress.it\/2025\/12\/29\/report-federalberghi-veneto-prima-regione-per-presenze-turistiche\/#article","isPartOf":{"@id":"https:\/\/www.bellunopress.it\/2025\/12\/29\/report-federalberghi-veneto-prima-regione-per-presenze-turistiche\/"},"author":{"name":"redazione","@id":"https:\/\/www.bellunopress.it\/#\/schema\/person\/79bb06722b37ece1c03d3e94beb30d73"},"headline":"Report Federalberghi: Veneto prima Regione per presenze turistiche","datePublished":"2025-12-29T17:51:56+00:00","mainEntityOfPage":{"@id":"https:\/\/www.bellunopress.it\/2025\/12\/29\/report-federalberghi-veneto-prima-regione-per-presenze-turistiche\/"},"wordCount":214,"publisher":{"@id":"https:\/\/www.bellunopress.it\/#organization"},"image":{"@id":"https:\/\/www.bellunopress.it\/2025\/12\/29\/report-federalberghi-veneto-prima-regione-per-presenze-turistiche\/#primaryimage"},"thumbnailUrl":"https:\/\/www.bellunopress.it\/wp-content\/uploads\/2025\/12\/Luca-Pavanetto.jpg","articleSection":["Lavoro, Economia, Turismo"],"inLanguage":"fr-FR"},{"@type":"WebPage","@id":"https:\/\/www.bellunopress.it\/2025\/12\/29\/report-federalberghi-veneto-prima-regione-per-presenze-turistiche\/","url":"https:\/\/www.bellunopress.it\/2025\/12\/29\/report-federalberghi-veneto-prima-regione-per-presenze-turistiche\/","name":"Report Federalberghi: Veneto prima Regione per presenze turistiche - Bellunopress - Dolomiti","isPartOf":{"@id":"https:\/\/www.bellunopress.it\/#website"},"primaryImageOfPage":{"@id":"https:\/\/www.bellunopress.it\/2025\/12\/29\/report-federalberghi-veneto-prima-regione-per-presenze-turistiche\/#primaryimage"},"image":{"@id":"https:\/\/www.bellunopress.it\/2025\/12\/29\/report-federalberghi-veneto-prima-regione-per-presenze-turistiche\/#primaryimage"},"thumbnailUrl":"https:\/\/www.bellunopress.it\/wp-content\/uploads\/2025\/12\/Luca-Pavanetto.jpg","datePublished":"2025-12-29T17:51:56+00:00","breadcrumb":{"@id":"https:\/\/www.bellunopress.it\/2025\/12\/29\/report-federalberghi-veneto-prima-regione-per-presenze-turistiche\/#breadcrumb"},"inLanguage":"fr-FR","potentialAction":[{"@type":"ReadAction","target":["https:\/\/www.bellunopress.it\/2025\/12\/29\/report-federalberghi-veneto-prima-regione-per-presenze-turistiche\/"]}]},{"@type":"ImageObject","inLanguage":"fr-FR","@id":"https:\/\/www.bellunopress.it\/2025\/12\/29\/report-federalberghi-veneto-prima-regione-per-presenze-turistiche\/#primaryimage","url":"https:\/\/www.bellunopress.it\/wp-content\/uploads\/2025\/12\/Luca-Pavanetto.jpg","contentUrl":"https:\/\/www.bellunopress.it\/wp-content\/uploads\/2025\/12\/Luca-Pavanetto.jpg","width":500,"height":507,"caption":"Luca Pavanetto, vicepresidente Regione del Veneto"},{"@type":"BreadcrumbList","@id":"https:\/\/www.bellunopress.it\/2025\/12\/29\/report-federalberghi-veneto-prima-regione-per-presenze-turistiche\/#breadcrumb","itemListElement":[{"@type":"ListItem","position":1,"name":"Home","item":"https:\/\/www.bellunopress.it\/"},{"@type":"ListItem","position":2,"name":"Report Federalberghi: Veneto prima Regione per presenze turistiche"}]},{"@type":"WebSite","@id":"https:\/\/www.bellunopress.it\/#website","url":"https:\/\/www.bellunopress.it\/","name":"Bellunopress - Dolomiti","description":"e-mail: redazione@bellunopress.it","publisher":{"@id":"https:\/\/www.bellunopress.it\/#organization"},"potentialAction":[{"@type":"SearchAction","target":{"@type":"EntryPoint","urlTemplate":"https:\/\/www.bellunopress.it\/?s={search_term_string}"},"query-input":{"@type":"PropertyValueSpecification","valueRequired":true,"valueName":"search_term_string"}}],"inLanguage":"fr-FR"},{"@type":"Organization","@id":"https:\/\/www.bellunopress.it\/#organization","name":"Bellunopress","url":"https:\/\/www.bellunopress.it\/","logo":{"@type":"ImageObject","inLanguage":"fr-FR","@id":"https:\/\/www.bellunopress.it\/#\/schema\/logo\/image\/","url":"https:\/\/www.bellunopress.it\/wp-content\/uploads\/2011\/05\/cropped-logo-bellunopress-.jpg","contentUrl":"https:\/\/www.bellunopress.it\/wp-content\/uploads\/2011\/05\/cropped-logo-bellunopress-.jpg","width":512,"height":512,"caption":"Bellunopress"},"image":{"@id":"https:\/\/www.bellunopress.it\/#\/schema\/logo\/image\/"},"sameAs":["https:\/\/www.facebook.com\/profile.php?id=100008943462799","https:\/\/x.com\/bellunopress","https:\/\/www.linkedin.com\/hp\/?dnr=JBzUWaJfMUw8vbXJJ2tVW5-I3jZKvC4wsoxE&amp;amp;amp;amp;amp;amp;trk=nav_responsive_tab_home","https:\/\/www.youtube.com\/channel\/UCxL0wu1uN0_3_7hGG0306cw"]},{"@type":"Person","@id":"https:\/\/www.bellunopress.it\/#\/schema\/person\/79bb06722b37ece1c03d3e94beb30d73","name":"r\u00e9daction","image":{"@type":"ImageObject","inLanguage":"fr-FR","@id":"https:\/\/secure.gravatar.com\/avatar\/37d968a2e67a6fd04c169c4bdef102d0bc5d31b2546345219e348575eb80e9a0?s=96&d=mm&r=g","url":"https:\/\/secure.gravatar.com\/avatar\/37d968a2e67a6fd04c169c4bdef102d0bc5d31b2546345219e348575eb80e9a0?s=96&d=mm&r=g","contentUrl":"https:\/\/secure.gravatar.com\/avatar\/37d968a2e67a6fd04c169c4bdef102d0bc5d31b2546345219e348575eb80e9a0?s=96&d=mm&r=g","caption":"redazione"},"sameAs":["http:\/\/www.bellunopress.it","https:\/\/x.com\/bellunopress"],"url":"https:\/\/www.bellunopress.it\/fr\/author\/redazione\/"}]}},"_links":{"self":[{"href":"https:\/\/www.bellunopress.it\/fr\/wp-json\/wp\/v2\/posts\/166100","targetHints":{"allow":["GET"]}}],"collection":[{"href":"https:\/\/www.bellunopress.it\/fr\/wp-json\/wp\/v2\/posts"}],"about":[{"href":"https:\/\/www.bellunopress.it\/fr\/wp-json\/wp\/v2\/types\/post"}],"author":[{"embeddable":true,"href":"https:\/\/www.bellunopress.it\/fr\/wp-json\/wp\/v2\/users\/2"}],"replies":[{"embeddable":true,"href":"https:\/\/www.bellunopress.it\/fr\/wp-json\/wp\/v2\/comments?post=166100"}],"version-history":[{"count":1,"href":"https:\/\/www.bellunopress.it\/fr\/wp-json\/wp\/v2\/posts\/166100\/revisions"}],"predecessor-version":[{"id":166102,"href":"https:\/\/www.bellunopress.it\/fr\/wp-json\/wp\/v2\/posts\/166100\/revisions\/166102"}],"wp:featuredmedia":[{"embeddable":true,"href":"https:\/\/www.bellunopress.it\/fr\/wp-json\/wp\/v2\/media\/166101"}],"wp:attachment":[{"href":"https:\/\/www.bellunopress.it\/fr\/wp-json\/wp\/v2\/media?parent=166100"}],"wp:term":[{"taxonomy":"category","embeddable":true,"href":"https:\/\/www.bellunopress.it\/fr\/wp-json\/wp\/v2\/categories?post=166100"},{"taxonomy":"post_tag","embeddable":true,"href":"https:\/\/www.bellunopress.it\/fr\/wp-json\/wp\/v2\/tags?post=166100"}],"curies":[{"name":"wp","href":"https:\/\/api.w.org\/{rel}","templated":true}]}}