{"id":166096,"date":"2025-12-29T18:39:17","date_gmt":"2025-12-29T17:39:17","guid":{"rendered":"https:\/\/www.bellunopress.it\/?p=166096"},"modified":"2025-12-29T18:39:17","modified_gmt":"2025-12-29T17:39:17","slug":"belluno-via-col-cavalier-conclusi-i-lavori-di-messa-in-sicurezza-e-ripristino-della-strada","status":"publish","type":"post","link":"https:\/\/www.bellunopress.it\/fr\/2025\/12\/29\/belluno-via-col-cavalier-conclusi-i-lavori-di-messa-in-sicurezza-e-ripristino-della-strada\/","title":{"rendered":"Belluno, via Col Cavalier: conclusi i lavori di messa in sicurezza e ripristino della strada"},"content":{"rendered":"<figure id=\"attachment_166098\" aria-describedby=\"caption-attachment-166098\" style=\"width: 600px\" class=\"wp-caption aligncenter\"><img loading=\"lazy\" decoding=\"async\" class=\"size-full wp-image-166098\" src=\"https:\/\/www.bellunopress.it\/wp-content\/uploads\/2025\/12\/Via-Col-Cavalier.jpg\" alt=\"\" width=\"600\" height=\"280\" srcset=\"https:\/\/www.bellunopress.it\/wp-content\/uploads\/2025\/12\/Via-Col-Cavalier.jpg 600w, https:\/\/www.bellunopress.it\/wp-content\/uploads\/2025\/12\/Via-Col-Cavalier-500x233.jpg 500w\" sizes=\"auto, (max-width: 600px) 100vw, 600px\" \/><figcaption id=\"caption-attachment-166098\" class=\"wp-caption-text\">Belluno via Col Cavalier<\/figcaption><\/figure>\n<p>Belluno, 29 dicembre 2025 &#8211; Si sono conclusi nei giorni scorsi i lavori di consolidamento e ripristino funzionale di un tratto di Via Col Cavalier, in prossimit\u00e0 dell\u2019incrocio con Via Castelet. L\u2019intervento, del valore complessivo di 380 mila euro, ha interessato un tratto di strada lungo circa 70 metri, che negli ultimi anni presentava diverse criticit\u00e0 strutturali: in particolare il cedimento del margine a valle della carreggiata, il parziale ribaltamento del muro di sostegno e problemi legati al malfunzionamento delle opere di smaltimento delle acque piovane, aggravati dalla rottura di una tubazione che attraversava la strada. \u201cSi tratta di un intervento molto atteso, che va a risolvere una criticit\u00e0 annosa di questo tratto di strada \u2013 le parole del sindaco, Oscar De Pellegrin -. Un problema noto da tempo, che creava disagi e preoccupazioni legate alla sicurezza, e che oggi trova finalmente una soluzione strutturale e definitiva. Abbiamo messo in sicurezza la viabilit\u00e0 e sistemato in modo efficace anche il tema dello smaltimento delle acque, restituendo una strada pi\u00f9 sicura e in migliori condizioni. Ringrazio la Provincia che ha interamente coperto il costo dell\u2019intervento\u201d.<\/p>\n<p>L\u2019INTERVENTO<br \/>\nI lavori hanno previsto innanzitutto la messa in sicurezza del tratto pi\u00f9 compromesso, attraverso la realizzazione di una nuova struttura di sostegno in calcestruzzo armato, fondata su elementi profondi, in grado di garantire maggiore stabilit\u00e0 alla sede stradale. \u00c8 stato inoltre demolito e ricostruito un breve tratto di muro ormai instabile e realizzato un nuovo punto di uscita per la tubazione di scarico.<br \/>\nParticolare attenzione \u00e8 stata dedicata al sistema di smaltimento delle acque meteoriche: la vecchia tubazione, danneggiata, \u00e8 stata completamente rimossa e sostituita con una nuova condotta pi\u00f9 resistente e performante, affiancata da opere di drenaggio che consentono di ridurre l\u2019accumulo d\u2019acqua nel terreno, una delle principali cause dei cedimenti precedenti. Nel tratto restante, il muro esistente \u00e8 stato consolidato senza demolizioni, attraverso interventi strutturali che ne aumentano la resistenza e la durata nel tempo, mantenendo l\u2019aspetto estetico originale in calcestruzzo a vista, in coerenza con le opere gi\u00e0 presenti.<br \/>\nA completamento dell\u2019intervento, \u00e8 stato steso nuovo asfalto sull\u2019intera corsia in salita, ed \u00e8 stata installata una nuova barriera stradale di sicurezza lungo tutto il tratto interessato dai lavori.<br \/>\nSono stati inoltre eseguiti interventi di rinverdimento del versante e sistemata l\u2019area dell\u2019incrocio tra Via Col Cavalier e Via Castelet, dove \u00e8 stata realizzata una nuova aiuola spartitraffico, eliminando le precedenti barriere provvisorie in plastica.<\/p>\n<p>&nbsp;<\/p>","protected":false},"excerpt":{"rendered":"<p>Belluno, 29 dicembre 2025 &#8211; Si sono conclusi nei giorni scorsi i lavori di consolidamento e ripristino funzionale di un tratto di Via Col Cavalier, in prossimit\u00e0 dell\u2019incrocio con Via Castelet. L\u2019intervento, del valore complessivo di 380 mila euro, ha interessato un tratto di strada lungo circa 70 metri, che negli ultimi anni presentava diverse [&hellip;]<\/p>\n","protected":false},"author":2,"featured_media":166098,"comment_status":"closed","ping_status":"open","sticky":false,"template":"","format":"standard","meta":{"footnotes":""},"categories":[5,8],"tags":[],"class_list":["post-166096","post","type-post","status-publish","format-standard","has-post-thumbnail","category-cronaca","category-societa-istituzioni"],"yoast_head":"<!-- This site is optimized with the Yoast SEO plugin v28.4 - https:\/\/yoast.com\/product\/yoast-seo-wordpress\/ -->\n<title>Belluno, via Col Cavalier: conclusi i lavori di messa in sicurezza e ripristino della strada - Bellunopress - Dolomiti<\/title>\n<meta name=\"robots\" content=\"index, follow, max-snippet:-1, max-image-preview:large, max-video-preview:-1\" \/>\n<link rel=\"canonical\" href=\"https:\/\/www.bellunopress.it\/fr\/2025\/12\/29\/belluno-via-col-cavalier-conclusi-i-lavori-di-messa-in-sicurezza-e-ripristino-della-strada\/\" \/>\n<meta property=\"og:locale\" content=\"fr_FR\" \/>\n<meta property=\"og:type\" content=\"article\" \/>\n<meta property=\"og:title\" content=\"Belluno, via Col Cavalier: conclusi i lavori di messa in sicurezza e ripristino della strada - Bellunopress - Dolomiti\" \/>\n<meta property=\"og:description\" content=\"Belluno, 29 dicembre 2025 &#8211; Si sono conclusi nei giorni scorsi i lavori di consolidamento e ripristino funzionale di un tratto di Via Col Cavalier, in prossimit\u00e0 dell\u2019incrocio con Via Castelet. L\u2019intervento, del valore complessivo di 380 mila euro, ha interessato un tratto di strada lungo circa 70 metri, che negli ultimi anni presentava diverse [&hellip;]\" \/>\n<meta property=\"og:url\" content=\"https:\/\/www.bellunopress.it\/fr\/2025\/12\/29\/belluno-via-col-cavalier-conclusi-i-lavori-di-messa-in-sicurezza-e-ripristino-della-strada\/\" \/>\n<meta property=\"og:site_name\" content=\"Bellunopress - Dolomiti\" \/>\n<meta property=\"article:publisher\" content=\"https:\/\/www.facebook.com\/profile.php?id=100008943462799\" \/>\n<meta property=\"article:published_time\" content=\"2025-12-29T17:39:17+00:00\" \/>\n<meta property=\"og:image\" content=\"https:\/\/www.bellunopress.it\/wp-content\/uploads\/2025\/12\/Via-Col-Cavalier.jpg\" \/>\n\t<meta property=\"og:image:width\" content=\"600\" \/>\n\t<meta property=\"og:image:height\" content=\"280\" \/>\n\t<meta property=\"og:image:type\" content=\"image\/jpeg\" \/>\n<meta name=\"author\" content=\"redazione\" \/>\n<meta name=\"twitter:card\" content=\"summary_large_image\" \/>\n<meta name=\"twitter:creator\" content=\"@bellunopress\" \/>\n<meta name=\"twitter:site\" content=\"@bellunopress\" \/>\n<meta name=\"twitter:label1\" content=\"\u00c9crit par\" \/>\n\t<meta name=\"twitter:data1\" content=\"redazione\" \/>\n\t<meta name=\"twitter:label2\" content=\"Dur\u00e9e de lecture estim\u00e9e\" \/>\n\t<meta name=\"twitter:data2\" content=\"2 minutes\" \/>\n<script type=\"application\/ld+json\" class=\"yoast-schema-graph\">{\"@context\":\"https:\\\/\\\/schema.org\",\"@graph\":[{\"@type\":\"Article\",\"@id\":\"https:\\\/\\\/www.bellunopress.it\\\/2025\\\/12\\\/29\\\/belluno-via-col-cavalier-conclusi-i-lavori-di-messa-in-sicurezza-e-ripristino-della-strada\\\/#article\",\"isPartOf\":{\"@id\":\"https:\\\/\\\/www.bellunopress.it\\\/2025\\\/12\\\/29\\\/belluno-via-col-cavalier-conclusi-i-lavori-di-messa-in-sicurezza-e-ripristino-della-strada\\\/\"},\"author\":{\"name\":\"redazione\",\"@id\":\"https:\\\/\\\/www.bellunopress.it\\\/#\\\/schema\\\/person\\\/79bb06722b37ece1c03d3e94beb30d73\"},\"headline\":\"Belluno, via Col Cavalier: conclusi i lavori di messa in sicurezza e ripristino della strada\",\"datePublished\":\"2025-12-29T17:39:17+00:00\",\"mainEntityOfPage\":{\"@id\":\"https:\\\/\\\/www.bellunopress.it\\\/2025\\\/12\\\/29\\\/belluno-via-col-cavalier-conclusi-i-lavori-di-messa-in-sicurezza-e-ripristino-della-strada\\\/\"},\"wordCount\":427,\"publisher\":{\"@id\":\"https:\\\/\\\/www.bellunopress.it\\\/#organization\"},\"image\":{\"@id\":\"https:\\\/\\\/www.bellunopress.it\\\/2025\\\/12\\\/29\\\/belluno-via-col-cavalier-conclusi-i-lavori-di-messa-in-sicurezza-e-ripristino-della-strada\\\/#primaryimage\"},\"thumbnailUrl\":\"https:\\\/\\\/www.bellunopress.it\\\/wp-content\\\/uploads\\\/2025\\\/12\\\/Via-Col-Cavalier.jpg\",\"articleSection\":[\"Cronaca\\\/Politica\",\"Societ\u00e0, Associazioni, Istituzioni\"],\"inLanguage\":\"fr-FR\"},{\"@type\":\"WebPage\",\"@id\":\"https:\\\/\\\/www.bellunopress.it\\\/2025\\\/12\\\/29\\\/belluno-via-col-cavalier-conclusi-i-lavori-di-messa-in-sicurezza-e-ripristino-della-strada\\\/\",\"url\":\"https:\\\/\\\/www.bellunopress.it\\\/2025\\\/12\\\/29\\\/belluno-via-col-cavalier-conclusi-i-lavori-di-messa-in-sicurezza-e-ripristino-della-strada\\\/\",\"name\":\"Belluno, via Col Cavalier: conclusi i lavori di messa in sicurezza e ripristino della strada - Bellunopress - Dolomiti\",\"isPartOf\":{\"@id\":\"https:\\\/\\\/www.bellunopress.it\\\/#website\"},\"primaryImageOfPage\":{\"@id\":\"https:\\\/\\\/www.bellunopress.it\\\/2025\\\/12\\\/29\\\/belluno-via-col-cavalier-conclusi-i-lavori-di-messa-in-sicurezza-e-ripristino-della-strada\\\/#primaryimage\"},\"image\":{\"@id\":\"https:\\\/\\\/www.bellunopress.it\\\/2025\\\/12\\\/29\\\/belluno-via-col-cavalier-conclusi-i-lavori-di-messa-in-sicurezza-e-ripristino-della-strada\\\/#primaryimage\"},\"thumbnailUrl\":\"https:\\\/\\\/www.bellunopress.it\\\/wp-content\\\/uploads\\\/2025\\\/12\\\/Via-Col-Cavalier.jpg\",\"datePublished\":\"2025-12-29T17:39:17+00:00\",\"breadcrumb\":{\"@id\":\"https:\\\/\\\/www.bellunopress.it\\\/2025\\\/12\\\/29\\\/belluno-via-col-cavalier-conclusi-i-lavori-di-messa-in-sicurezza-e-ripristino-della-strada\\\/#breadcrumb\"},\"inLanguage\":\"fr-FR\",\"potentialAction\":[{\"@type\":\"ReadAction\",\"target\":[\"https:\\\/\\\/www.bellunopress.it\\\/2025\\\/12\\\/29\\\/belluno-via-col-cavalier-conclusi-i-lavori-di-messa-in-sicurezza-e-ripristino-della-strada\\\/\"]}]},{\"@type\":\"ImageObject\",\"inLanguage\":\"fr-FR\",\"@id\":\"https:\\\/\\\/www.bellunopress.it\\\/2025\\\/12\\\/29\\\/belluno-via-col-cavalier-conclusi-i-lavori-di-messa-in-sicurezza-e-ripristino-della-strada\\\/#primaryimage\",\"url\":\"https:\\\/\\\/www.bellunopress.it\\\/wp-content\\\/uploads\\\/2025\\\/12\\\/Via-Col-Cavalier.jpg\",\"contentUrl\":\"https:\\\/\\\/www.bellunopress.it\\\/wp-content\\\/uploads\\\/2025\\\/12\\\/Via-Col-Cavalier.jpg\",\"width\":600,\"height\":280,\"caption\":\"Belluno via Col Cavalier\"},{\"@type\":\"BreadcrumbList\",\"@id\":\"https:\\\/\\\/www.bellunopress.it\\\/2025\\\/12\\\/29\\\/belluno-via-col-cavalier-conclusi-i-lavori-di-messa-in-sicurezza-e-ripristino-della-strada\\\/#breadcrumb\",\"itemListElement\":[{\"@type\":\"ListItem\",\"position\":1,\"name\":\"Home\",\"item\":\"https:\\\/\\\/www.bellunopress.it\\\/\"},{\"@type\":\"ListItem\",\"position\":2,\"name\":\"Belluno, via Col Cavalier: conclusi i lavori di messa in sicurezza e ripristino della strada\"}]},{\"@type\":\"WebSite\",\"@id\":\"https:\\\/\\\/www.bellunopress.it\\\/#website\",\"url\":\"https:\\\/\\\/www.bellunopress.it\\\/\",\"name\":\"Bellunopress - Dolomiti\",\"description\":\"e-mail: redazione@bellunopress.it\",\"publisher\":{\"@id\":\"https:\\\/\\\/www.bellunopress.it\\\/#organization\"},\"potentialAction\":[{\"@type\":\"SearchAction\",\"target\":{\"@type\":\"EntryPoint\",\"urlTemplate\":\"https:\\\/\\\/www.bellunopress.it\\\/?s={search_term_string}\"},\"query-input\":{\"@type\":\"PropertyValueSpecification\",\"valueRequired\":true,\"valueName\":\"search_term_string\"}}],\"inLanguage\":\"fr-FR\"},{\"@type\":\"Organization\",\"@id\":\"https:\\\/\\\/www.bellunopress.it\\\/#organization\",\"name\":\"Bellunopress\",\"url\":\"https:\\\/\\\/www.bellunopress.it\\\/\",\"logo\":{\"@type\":\"ImageObject\",\"inLanguage\":\"fr-FR\",\"@id\":\"https:\\\/\\\/www.bellunopress.it\\\/#\\\/schema\\\/logo\\\/image\\\/\",\"url\":\"https:\\\/\\\/www.bellunopress.it\\\/wp-content\\\/uploads\\\/2011\\\/05\\\/cropped-logo-bellunopress-.jpg\",\"contentUrl\":\"https:\\\/\\\/www.bellunopress.it\\\/wp-content\\\/uploads\\\/2011\\\/05\\\/cropped-logo-bellunopress-.jpg\",\"width\":512,\"height\":512,\"caption\":\"Bellunopress\"},\"image\":{\"@id\":\"https:\\\/\\\/www.bellunopress.it\\\/#\\\/schema\\\/logo\\\/image\\\/\"},\"sameAs\":[\"https:\\\/\\\/www.facebook.com\\\/profile.php?id=100008943462799\",\"https:\\\/\\\/x.com\\\/bellunopress\",\"https:\\\/\\\/www.linkedin.com\\\/hp\\\/?dnr=JBzUWaJfMUw8vbXJJ2tVW5-I3jZKvC4wsoxE&amp;amp;amp;amp;amp;amp;trk=nav_responsive_tab_home\",\"https:\\\/\\\/www.youtube.com\\\/channel\\\/UCxL0wu1uN0_3_7hGG0306cw\"]},{\"@type\":\"Person\",\"@id\":\"https:\\\/\\\/www.bellunopress.it\\\/#\\\/schema\\\/person\\\/79bb06722b37ece1c03d3e94beb30d73\",\"name\":\"redazione\",\"image\":{\"@type\":\"ImageObject\",\"inLanguage\":\"fr-FR\",\"@id\":\"https:\\\/\\\/secure.gravatar.com\\\/avatar\\\/37d968a2e67a6fd04c169c4bdef102d0bc5d31b2546345219e348575eb80e9a0?s=96&d=mm&r=g\",\"url\":\"https:\\\/\\\/secure.gravatar.com\\\/avatar\\\/37d968a2e67a6fd04c169c4bdef102d0bc5d31b2546345219e348575eb80e9a0?s=96&d=mm&r=g\",\"contentUrl\":\"https:\\\/\\\/secure.gravatar.com\\\/avatar\\\/37d968a2e67a6fd04c169c4bdef102d0bc5d31b2546345219e348575eb80e9a0?s=96&d=mm&r=g\",\"caption\":\"redazione\"},\"sameAs\":[\"http:\\\/\\\/www.bellunopress.it\",\"https:\\\/\\\/x.com\\\/bellunopress\"],\"url\":\"https:\\\/\\\/www.bellunopress.it\\\/fr\\\/author\\\/redazione\\\/\"}]}<\/script>\n<!-- \/ Yoast SEO plugin. -->","yoast_head_json":{"title":"Belluno, via Col Cavalier: conclusi i lavori di messa in sicurezza e ripristino della strada - Bellunopress - Dolomiti","robots":{"index":"index","follow":"follow","max-snippet":"max-snippet:-1","max-image-preview":"max-image-preview:large","max-video-preview":"max-video-preview:-1"},"canonical":"https:\/\/www.bellunopress.it\/fr\/2025\/12\/29\/belluno-via-col-cavalier-conclusi-i-lavori-di-messa-in-sicurezza-e-ripristino-della-strada\/","og_locale":"fr_FR","og_type":"article","og_title":"Belluno, via Col Cavalier: conclusi i lavori di messa in sicurezza e ripristino della strada - Bellunopress - Dolomiti","og_description":"Belluno, 29 dicembre 2025 &#8211; Si sono conclusi nei giorni scorsi i lavori di consolidamento e ripristino funzionale di un tratto di Via Col Cavalier, in prossimit\u00e0 dell\u2019incrocio con Via Castelet. L\u2019intervento, del valore complessivo di 380 mila euro, ha interessato un tratto di strada lungo circa 70 metri, che negli ultimi anni presentava diverse [&hellip;]","og_url":"https:\/\/www.bellunopress.it\/fr\/2025\/12\/29\/belluno-via-col-cavalier-conclusi-i-lavori-di-messa-in-sicurezza-e-ripristino-della-strada\/","og_site_name":"Bellunopress - Dolomiti","article_publisher":"https:\/\/www.facebook.com\/profile.php?id=100008943462799","article_published_time":"2025-12-29T17:39:17+00:00","og_image":[{"width":600,"height":280,"url":"https:\/\/www.bellunopress.it\/wp-content\/uploads\/2025\/12\/Via-Col-Cavalier.jpg","type":"image\/jpeg"}],"author":"redazione","twitter_card":"summary_large_image","twitter_creator":"@bellunopress","twitter_site":"@bellunopress","twitter_misc":{"\u00c9crit par":"redazione","Dur\u00e9e de lecture estim\u00e9e":"2 minutes"},"schema":{"@context":"https:\/\/schema.org","@graph":[{"@type":"Article","@id":"https:\/\/www.bellunopress.it\/2025\/12\/29\/belluno-via-col-cavalier-conclusi-i-lavori-di-messa-in-sicurezza-e-ripristino-della-strada\/#article","isPartOf":{"@id":"https:\/\/www.bellunopress.it\/2025\/12\/29\/belluno-via-col-cavalier-conclusi-i-lavori-di-messa-in-sicurezza-e-ripristino-della-strada\/"},"author":{"name":"redazione","@id":"https:\/\/www.bellunopress.it\/#\/schema\/person\/79bb06722b37ece1c03d3e94beb30d73"},"headline":"Belluno, via Col Cavalier: conclusi i lavori di messa in sicurezza e ripristino della strada","datePublished":"2025-12-29T17:39:17+00:00","mainEntityOfPage":{"@id":"https:\/\/www.bellunopress.it\/2025\/12\/29\/belluno-via-col-cavalier-conclusi-i-lavori-di-messa-in-sicurezza-e-ripristino-della-strada\/"},"wordCount":427,"publisher":{"@id":"https:\/\/www.bellunopress.it\/#organization"},"image":{"@id":"https:\/\/www.bellunopress.it\/2025\/12\/29\/belluno-via-col-cavalier-conclusi-i-lavori-di-messa-in-sicurezza-e-ripristino-della-strada\/#primaryimage"},"thumbnailUrl":"https:\/\/www.bellunopress.it\/wp-content\/uploads\/2025\/12\/Via-Col-Cavalier.jpg","articleSection":["Cronaca\/Politica","Societ\u00e0, Associazioni, Istituzioni"],"inLanguage":"fr-FR"},{"@type":"WebPage","@id":"https:\/\/www.bellunopress.it\/2025\/12\/29\/belluno-via-col-cavalier-conclusi-i-lavori-di-messa-in-sicurezza-e-ripristino-della-strada\/","url":"https:\/\/www.bellunopress.it\/2025\/12\/29\/belluno-via-col-cavalier-conclusi-i-lavori-di-messa-in-sicurezza-e-ripristino-della-strada\/","name":"Belluno, via Col Cavalier: conclusi i lavori di messa in sicurezza e ripristino della strada - Bellunopress - Dolomiti","isPartOf":{"@id":"https:\/\/www.bellunopress.it\/#website"},"primaryImageOfPage":{"@id":"https:\/\/www.bellunopress.it\/2025\/12\/29\/belluno-via-col-cavalier-conclusi-i-lavori-di-messa-in-sicurezza-e-ripristino-della-strada\/#primaryimage"},"image":{"@id":"https:\/\/www.bellunopress.it\/2025\/12\/29\/belluno-via-col-cavalier-conclusi-i-lavori-di-messa-in-sicurezza-e-ripristino-della-strada\/#primaryimage"},"thumbnailUrl":"https:\/\/www.bellunopress.it\/wp-content\/uploads\/2025\/12\/Via-Col-Cavalier.jpg","datePublished":"2025-12-29T17:39:17+00:00","breadcrumb":{"@id":"https:\/\/www.bellunopress.it\/2025\/12\/29\/belluno-via-col-cavalier-conclusi-i-lavori-di-messa-in-sicurezza-e-ripristino-della-strada\/#breadcrumb"},"inLanguage":"fr-FR","potentialAction":[{"@type":"ReadAction","target":["https:\/\/www.bellunopress.it\/2025\/12\/29\/belluno-via-col-cavalier-conclusi-i-lavori-di-messa-in-sicurezza-e-ripristino-della-strada\/"]}]},{"@type":"ImageObject","inLanguage":"fr-FR","@id":"https:\/\/www.bellunopress.it\/2025\/12\/29\/belluno-via-col-cavalier-conclusi-i-lavori-di-messa-in-sicurezza-e-ripristino-della-strada\/#primaryimage","url":"https:\/\/www.bellunopress.it\/wp-content\/uploads\/2025\/12\/Via-Col-Cavalier.jpg","contentUrl":"https:\/\/www.bellunopress.it\/wp-content\/uploads\/2025\/12\/Via-Col-Cavalier.jpg","width":600,"height":280,"caption":"Belluno via Col Cavalier"},{"@type":"BreadcrumbList","@id":"https:\/\/www.bellunopress.it\/2025\/12\/29\/belluno-via-col-cavalier-conclusi-i-lavori-di-messa-in-sicurezza-e-ripristino-della-strada\/#breadcrumb","itemListElement":[{"@type":"ListItem","position":1,"name":"Home","item":"https:\/\/www.bellunopress.it\/"},{"@type":"ListItem","position":2,"name":"Belluno, via Col Cavalier: conclusi i lavori di messa in sicurezza e ripristino della strada"}]},{"@type":"WebSite","@id":"https:\/\/www.bellunopress.it\/#website","url":"https:\/\/www.bellunopress.it\/","name":"Bellunopress - Dolomiti","description":"e-mail: redazione@bellunopress.it","publisher":{"@id":"https:\/\/www.bellunopress.it\/#organization"},"potentialAction":[{"@type":"SearchAction","target":{"@type":"EntryPoint","urlTemplate":"https:\/\/www.bellunopress.it\/?s={search_term_string}"},"query-input":{"@type":"PropertyValueSpecification","valueRequired":true,"valueName":"search_term_string"}}],"inLanguage":"fr-FR"},{"@type":"Organization","@id":"https:\/\/www.bellunopress.it\/#organization","name":"Bellunopress","url":"https:\/\/www.bellunopress.it\/","logo":{"@type":"ImageObject","inLanguage":"fr-FR","@id":"https:\/\/www.bellunopress.it\/#\/schema\/logo\/image\/","url":"https:\/\/www.bellunopress.it\/wp-content\/uploads\/2011\/05\/cropped-logo-bellunopress-.jpg","contentUrl":"https:\/\/www.bellunopress.it\/wp-content\/uploads\/2011\/05\/cropped-logo-bellunopress-.jpg","width":512,"height":512,"caption":"Bellunopress"},"image":{"@id":"https:\/\/www.bellunopress.it\/#\/schema\/logo\/image\/"},"sameAs":["https:\/\/www.facebook.com\/profile.php?id=100008943462799","https:\/\/x.com\/bellunopress","https:\/\/www.linkedin.com\/hp\/?dnr=JBzUWaJfMUw8vbXJJ2tVW5-I3jZKvC4wsoxE&amp;amp;amp;amp;amp;amp;trk=nav_responsive_tab_home","https:\/\/www.youtube.com\/channel\/UCxL0wu1uN0_3_7hGG0306cw"]},{"@type":"Person","@id":"https:\/\/www.bellunopress.it\/#\/schema\/person\/79bb06722b37ece1c03d3e94beb30d73","name":"r\u00e9daction","image":{"@type":"ImageObject","inLanguage":"fr-FR","@id":"https:\/\/secure.gravatar.com\/avatar\/37d968a2e67a6fd04c169c4bdef102d0bc5d31b2546345219e348575eb80e9a0?s=96&d=mm&r=g","url":"https:\/\/secure.gravatar.com\/avatar\/37d968a2e67a6fd04c169c4bdef102d0bc5d31b2546345219e348575eb80e9a0?s=96&d=mm&r=g","contentUrl":"https:\/\/secure.gravatar.com\/avatar\/37d968a2e67a6fd04c169c4bdef102d0bc5d31b2546345219e348575eb80e9a0?s=96&d=mm&r=g","caption":"redazione"},"sameAs":["http:\/\/www.bellunopress.it","https:\/\/x.com\/bellunopress"],"url":"https:\/\/www.bellunopress.it\/fr\/author\/redazione\/"}]}},"_links":{"self":[{"href":"https:\/\/www.bellunopress.it\/fr\/wp-json\/wp\/v2\/posts\/166096","targetHints":{"allow":["GET"]}}],"collection":[{"href":"https:\/\/www.bellunopress.it\/fr\/wp-json\/wp\/v2\/posts"}],"about":[{"href":"https:\/\/www.bellunopress.it\/fr\/wp-json\/wp\/v2\/types\/post"}],"author":[{"embeddable":true,"href":"https:\/\/www.bellunopress.it\/fr\/wp-json\/wp\/v2\/users\/2"}],"replies":[{"embeddable":true,"href":"https:\/\/www.bellunopress.it\/fr\/wp-json\/wp\/v2\/comments?post=166096"}],"version-history":[{"count":1,"href":"https:\/\/www.bellunopress.it\/fr\/wp-json\/wp\/v2\/posts\/166096\/revisions"}],"predecessor-version":[{"id":166099,"href":"https:\/\/www.bellunopress.it\/fr\/wp-json\/wp\/v2\/posts\/166096\/revisions\/166099"}],"wp:featuredmedia":[{"embeddable":true,"href":"https:\/\/www.bellunopress.it\/fr\/wp-json\/wp\/v2\/media\/166098"}],"wp:attachment":[{"href":"https:\/\/www.bellunopress.it\/fr\/wp-json\/wp\/v2\/media?parent=166096"}],"wp:term":[{"taxonomy":"category","embeddable":true,"href":"https:\/\/www.bellunopress.it\/fr\/wp-json\/wp\/v2\/categories?post=166096"},{"taxonomy":"post_tag","embeddable":true,"href":"https:\/\/www.bellunopress.it\/fr\/wp-json\/wp\/v2\/tags?post=166096"}],"curies":[{"name":"wp","href":"https:\/\/api.w.org\/{rel}","templated":true}]}}