{"id":166065,"date":"2025-12-28T16:48:24","date_gmt":"2025-12-28T15:48:24","guid":{"rendered":"https:\/\/www.bellunopress.it\/?p=166065"},"modified":"2025-12-31T09:08:04","modified_gmt":"2025-12-31T08:08:04","slug":"laddio-a-brigitte-bardot-lultima-grande-icona-del-cinema","status":"publish","type":"post","link":"https:\/\/www.bellunopress.it\/fr\/2025\/12\/28\/laddio-a-brigitte-bardot-lultima-grande-icona-del-cinema\/","title":{"rendered":"L&#8217;addio a Brigitte Bardot, l&#8217;ultima grande icona del cinema"},"content":{"rendered":"<figure id=\"attachment_166066\" aria-describedby=\"caption-attachment-166066\" style=\"width: 600px\" class=\"wp-caption aligncenter\"><img loading=\"lazy\" decoding=\"async\" class=\"size-full wp-image-166066\" src=\"https:\/\/www.bellunopress.it\/wp-content\/uploads\/2025\/12\/Brigitte-Bardot-Rolls-Royce-Silver-Cloud-II-Coupe-del-1962-di-H.J.-Mulliner-nel-1966.jpg\" alt=\"\" width=\"600\" height=\"393\" srcset=\"https:\/\/www.bellunopress.it\/wp-content\/uploads\/2025\/12\/Brigitte-Bardot-Rolls-Royce-Silver-Cloud-II-Coupe-del-1962-di-H.J.-Mulliner-nel-1966.jpg 600w, https:\/\/www.bellunopress.it\/wp-content\/uploads\/2025\/12\/Brigitte-Bardot-Rolls-Royce-Silver-Cloud-II-Coupe-del-1962-di-H.J.-Mulliner-nel-1966-500x328.jpg 500w\" sizes=\"auto, (max-width: 600px) 100vw, 600px\" \/><figcaption id=\"caption-attachment-166066\" class=\"wp-caption-text\">Brigitte Bardot nel 1966 con la Rolls Royce Silver Cloud II Coup\u00e9 del 1962 (Ph H.J. Mulliner)<\/figcaption><\/figure>\n<p>Se Parigi \u00e8 stata il suo palcoscenico e Saint-Tropez il suo rifugio dell&#8217;anima, c\u2019\u00e8 un altro luogo che ha segnato profondamente l&#8217;epopea del suo mito: Cortina d\u2019Ampezzo.<\/p>\n<p>Con la scomparsa di Brigitte Bardot, se ne va l&#8217;ultimo baluardo di un\u2019epoca in cui il divismo era fatto di sguardi magnetici, ribellione e una bellezza cos\u00ec naturale da apparire ultraterrena. Sebbene il suo nome sia indissolubilmente legato al sole della Costa Azzurra, B.B. ebbe un rapporto elettivo con l&#8217;Italia, e in particolare con la &#8220;Regina delle Dolomiti&#8221;.<\/p>\n<p>Negli anni &#8217;50 e &#8217;60, Cortina non era solo una stazione sciistica; era il centro del jet-set internazionale. In quel crocevia di nobilt\u00e0 e cinema, l&#8217;arrivo di B.B. rappresentava l&#8217;evento assoluto.<\/p>\n<p>Mentre le altre dive sfoggiavano pellicce ingombranti e gioielli vistosi, Brigitte port\u00f2 a Cortina la sua rivoluzione stilistica:<\/p>\n<p>Il look &#8220;Apr\u00e8s-ski&#8221;: Fu lei a sdoganare i maglioni a collo alto a coste, i pantaloni stretch che risaltavano la silhouette e i celebri pettinoni in finta pelliccia o fasce di lana che tenevano a bada la sua leggendaria chioma bionda.<\/p>\n<p>Semplicit\u00e0 disarmante: Spesso la si vedeva passeggiare in Corso Italia con un trucco minimo, lo sguardo reso profondo solo da un filo di eyeliner, rompendo i canoni della rigidit\u00e0 dell&#8217;epoca.<\/p>\n<p>Cortina non fu solo svago. La Bardot scelse le vette ampezzane anche per il cinema. Molti ricordano ancora le riprese del film &#8220;Il riposo del guerriero&#8221; (1962), diretto da Roger Vadim. Le cronache dell&#8217;epoca raccontano di una Brigitte che, tra un ciak e l&#8217;altro, amava rifugiarsi nei rifugi pi\u00f9 isolati per sfuggire all&#8217;assedio dei paparazzi, cercando quel contatto con la natura e gli animali che sarebbe poi diventato la missione della sua vita.<\/p>\n<p>&#8220;A Cortina ho scoperto che il freddo pu\u00f2 essere caldo quanto il sole, se sei circondata dalla bellezza delle rocce rosa.&#8221; (Attribuito a B.B. durante un soggiorno ampezzano)<\/p>\n<p>Oggi, mentre le campane delle chiese della valle rintoccano idealmente per lei, Cortina la ricorda non solo come la &#8220;venere bionda&#8221; che cenava al Posta o sciava con disinvoltura sulle piste del Cristallo, ma come la donna che ha insegnato al mondo che la libert\u00e0 \u00e8 il lusso pi\u00f9 grande.<\/p>\n<p>Se ne va un&#8217;icona, ma tra le guglie dolomitiche, nelle sere d&#8217;inverno quando la neve riflette la luce della luna, sembrer\u00e0 ancora di scorgere quell&#8217;ombra elegante e ribelle che ha reso Cortina, per un attimo, il centro del mondo.<\/p>","protected":false},"excerpt":{"rendered":"<p>Se Parigi \u00e8 stata il suo palcoscenico e Saint-Tropez il suo rifugio dell&#8217;anima, c\u2019\u00e8 un altro luogo che ha segnato profondamente l&#8217;epopea del suo mito: Cortina d\u2019Ampezzo. Con la scomparsa di Brigitte Bardot, se ne va l&#8217;ultimo baluardo di un\u2019epoca in cui il divismo era fatto di sguardi magnetici, ribellione e una bellezza cos\u00ec naturale [&hellip;]<\/p>\n","protected":false},"author":2,"featured_media":166066,"comment_status":"closed","ping_status":"open","sticky":false,"template":"","format":"standard","meta":{"footnotes":""},"categories":[5,26],"tags":[],"class_list":["post-166065","post","type-post","status-publish","format-standard","has-post-thumbnail","category-cronaca","category-prima-pagina"],"yoast_head":"<!-- This site is optimized with the Yoast SEO plugin v28.4 - https:\/\/yoast.com\/product\/yoast-seo-wordpress\/ -->\n<title>L&#039;addio a Brigitte Bardot, l&#039;ultima grande icona del cinema - Bellunopress - Dolomiti<\/title>\n<meta name=\"robots\" content=\"index, follow, max-snippet:-1, max-image-preview:large, max-video-preview:-1\" \/>\n<link rel=\"canonical\" href=\"https:\/\/www.bellunopress.it\/fr\/2025\/12\/28\/laddio-a-brigitte-bardot-lultima-grande-icona-del-cinema\/\" \/>\n<meta property=\"og:locale\" content=\"fr_FR\" \/>\n<meta property=\"og:type\" content=\"article\" \/>\n<meta property=\"og:title\" content=\"L&#039;addio a Brigitte Bardot, l&#039;ultima grande icona del cinema - Bellunopress - Dolomiti\" \/>\n<meta property=\"og:description\" content=\"Se Parigi \u00e8 stata il suo palcoscenico e Saint-Tropez il suo rifugio dell&#8217;anima, c\u2019\u00e8 un altro luogo che ha segnato profondamente l&#8217;epopea del suo mito: Cortina d\u2019Ampezzo. Con la scomparsa di Brigitte Bardot, se ne va l&#8217;ultimo baluardo di un\u2019epoca in cui il divismo era fatto di sguardi magnetici, ribellione e una bellezza cos\u00ec naturale [&hellip;]\" \/>\n<meta property=\"og:url\" content=\"https:\/\/www.bellunopress.it\/fr\/2025\/12\/28\/laddio-a-brigitte-bardot-lultima-grande-icona-del-cinema\/\" \/>\n<meta property=\"og:site_name\" content=\"Bellunopress - Dolomiti\" \/>\n<meta property=\"article:publisher\" content=\"https:\/\/www.facebook.com\/profile.php?id=100008943462799\" \/>\n<meta property=\"article:published_time\" content=\"2025-12-28T15:48:24+00:00\" \/>\n<meta property=\"article:modified_time\" content=\"2025-12-31T08:08:04+00:00\" \/>\n<meta property=\"og:image\" content=\"https:\/\/www.bellunopress.it\/wp-content\/uploads\/2025\/12\/Brigitte-Bardot-Rolls-Royce-Silver-Cloud-II-Coupe-del-1962-di-H.J.-Mulliner-nel-1966.jpg\" \/>\n\t<meta property=\"og:image:width\" content=\"600\" \/>\n\t<meta property=\"og:image:height\" content=\"393\" \/>\n\t<meta property=\"og:image:type\" content=\"image\/jpeg\" \/>\n<meta name=\"author\" content=\"redazione\" \/>\n<meta name=\"twitter:card\" content=\"summary_large_image\" \/>\n<meta name=\"twitter:creator\" content=\"@bellunopress\" \/>\n<meta name=\"twitter:site\" content=\"@bellunopress\" \/>\n<meta name=\"twitter:label1\" content=\"\u00c9crit par\" \/>\n\t<meta name=\"twitter:data1\" content=\"redazione\" \/>\n\t<meta name=\"twitter:label2\" content=\"Dur\u00e9e de lecture estim\u00e9e\" \/>\n\t<meta name=\"twitter:data2\" content=\"2 minutes\" \/>\n<script type=\"application\/ld+json\" class=\"yoast-schema-graph\">{\"@context\":\"https:\\\/\\\/schema.org\",\"@graph\":[{\"@type\":\"Article\",\"@id\":\"https:\\\/\\\/www.bellunopress.it\\\/2025\\\/12\\\/28\\\/laddio-a-brigitte-bardot-lultima-grande-icona-del-cinema\\\/#article\",\"isPartOf\":{\"@id\":\"https:\\\/\\\/www.bellunopress.it\\\/2025\\\/12\\\/28\\\/laddio-a-brigitte-bardot-lultima-grande-icona-del-cinema\\\/\"},\"author\":{\"name\":\"redazione\",\"@id\":\"https:\\\/\\\/www.bellunopress.it\\\/#\\\/schema\\\/person\\\/79bb06722b37ece1c03d3e94beb30d73\"},\"headline\":\"L&#8217;addio a Brigitte Bardot, l&#8217;ultima grande icona del cinema\",\"datePublished\":\"2025-12-28T15:48:24+00:00\",\"dateModified\":\"2025-12-31T08:08:04+00:00\",\"mainEntityOfPage\":{\"@id\":\"https:\\\/\\\/www.bellunopress.it\\\/2025\\\/12\\\/28\\\/laddio-a-brigitte-bardot-lultima-grande-icona-del-cinema\\\/\"},\"wordCount\":443,\"publisher\":{\"@id\":\"https:\\\/\\\/www.bellunopress.it\\\/#organization\"},\"image\":{\"@id\":\"https:\\\/\\\/www.bellunopress.it\\\/2025\\\/12\\\/28\\\/laddio-a-brigitte-bardot-lultima-grande-icona-del-cinema\\\/#primaryimage\"},\"thumbnailUrl\":\"https:\\\/\\\/www.bellunopress.it\\\/wp-content\\\/uploads\\\/2025\\\/12\\\/Brigitte-Bardot-Rolls-Royce-Silver-Cloud-II-Coupe-del-1962-di-H.J.-Mulliner-nel-1966.jpg\",\"articleSection\":[\"Cronaca\\\/Politica\",\"Prima Pagina\"],\"inLanguage\":\"fr-FR\"},{\"@type\":\"WebPage\",\"@id\":\"https:\\\/\\\/www.bellunopress.it\\\/2025\\\/12\\\/28\\\/laddio-a-brigitte-bardot-lultima-grande-icona-del-cinema\\\/\",\"url\":\"https:\\\/\\\/www.bellunopress.it\\\/2025\\\/12\\\/28\\\/laddio-a-brigitte-bardot-lultima-grande-icona-del-cinema\\\/\",\"name\":\"L'addio a Brigitte Bardot, l'ultima grande icona del cinema - Bellunopress - Dolomiti\",\"isPartOf\":{\"@id\":\"https:\\\/\\\/www.bellunopress.it\\\/#website\"},\"primaryImageOfPage\":{\"@id\":\"https:\\\/\\\/www.bellunopress.it\\\/2025\\\/12\\\/28\\\/laddio-a-brigitte-bardot-lultima-grande-icona-del-cinema\\\/#primaryimage\"},\"image\":{\"@id\":\"https:\\\/\\\/www.bellunopress.it\\\/2025\\\/12\\\/28\\\/laddio-a-brigitte-bardot-lultima-grande-icona-del-cinema\\\/#primaryimage\"},\"thumbnailUrl\":\"https:\\\/\\\/www.bellunopress.it\\\/wp-content\\\/uploads\\\/2025\\\/12\\\/Brigitte-Bardot-Rolls-Royce-Silver-Cloud-II-Coupe-del-1962-di-H.J.-Mulliner-nel-1966.jpg\",\"datePublished\":\"2025-12-28T15:48:24+00:00\",\"dateModified\":\"2025-12-31T08:08:04+00:00\",\"breadcrumb\":{\"@id\":\"https:\\\/\\\/www.bellunopress.it\\\/2025\\\/12\\\/28\\\/laddio-a-brigitte-bardot-lultima-grande-icona-del-cinema\\\/#breadcrumb\"},\"inLanguage\":\"fr-FR\",\"potentialAction\":[{\"@type\":\"ReadAction\",\"target\":[\"https:\\\/\\\/www.bellunopress.it\\\/2025\\\/12\\\/28\\\/laddio-a-brigitte-bardot-lultima-grande-icona-del-cinema\\\/\"]}]},{\"@type\":\"ImageObject\",\"inLanguage\":\"fr-FR\",\"@id\":\"https:\\\/\\\/www.bellunopress.it\\\/2025\\\/12\\\/28\\\/laddio-a-brigitte-bardot-lultima-grande-icona-del-cinema\\\/#primaryimage\",\"url\":\"https:\\\/\\\/www.bellunopress.it\\\/wp-content\\\/uploads\\\/2025\\\/12\\\/Brigitte-Bardot-Rolls-Royce-Silver-Cloud-II-Coupe-del-1962-di-H.J.-Mulliner-nel-1966.jpg\",\"contentUrl\":\"https:\\\/\\\/www.bellunopress.it\\\/wp-content\\\/uploads\\\/2025\\\/12\\\/Brigitte-Bardot-Rolls-Royce-Silver-Cloud-II-Coupe-del-1962-di-H.J.-Mulliner-nel-1966.jpg\",\"width\":600,\"height\":393,\"caption\":\"Brigitte Bardot nel 1966 con la Rolls Royce Silver Cloud II Coup\u00e9 del 1962 (Ph H.J. Mulliner)\"},{\"@type\":\"BreadcrumbList\",\"@id\":\"https:\\\/\\\/www.bellunopress.it\\\/2025\\\/12\\\/28\\\/laddio-a-brigitte-bardot-lultima-grande-icona-del-cinema\\\/#breadcrumb\",\"itemListElement\":[{\"@type\":\"ListItem\",\"position\":1,\"name\":\"Home\",\"item\":\"https:\\\/\\\/www.bellunopress.it\\\/\"},{\"@type\":\"ListItem\",\"position\":2,\"name\":\"L&#8217;addio a Brigitte Bardot, l&#8217;ultima grande icona del cinema\"}]},{\"@type\":\"WebSite\",\"@id\":\"https:\\\/\\\/www.bellunopress.it\\\/#website\",\"url\":\"https:\\\/\\\/www.bellunopress.it\\\/\",\"name\":\"Bellunopress - Dolomiti\",\"description\":\"e-mail: redazione@bellunopress.it\",\"publisher\":{\"@id\":\"https:\\\/\\\/www.bellunopress.it\\\/#organization\"},\"potentialAction\":[{\"@type\":\"SearchAction\",\"target\":{\"@type\":\"EntryPoint\",\"urlTemplate\":\"https:\\\/\\\/www.bellunopress.it\\\/?s={search_term_string}\"},\"query-input\":{\"@type\":\"PropertyValueSpecification\",\"valueRequired\":true,\"valueName\":\"search_term_string\"}}],\"inLanguage\":\"fr-FR\"},{\"@type\":\"Organization\",\"@id\":\"https:\\\/\\\/www.bellunopress.it\\\/#organization\",\"name\":\"Bellunopress\",\"url\":\"https:\\\/\\\/www.bellunopress.it\\\/\",\"logo\":{\"@type\":\"ImageObject\",\"inLanguage\":\"fr-FR\",\"@id\":\"https:\\\/\\\/www.bellunopress.it\\\/#\\\/schema\\\/logo\\\/image\\\/\",\"url\":\"https:\\\/\\\/www.bellunopress.it\\\/wp-content\\\/uploads\\\/2011\\\/05\\\/cropped-logo-bellunopress-.jpg\",\"contentUrl\":\"https:\\\/\\\/www.bellunopress.it\\\/wp-content\\\/uploads\\\/2011\\\/05\\\/cropped-logo-bellunopress-.jpg\",\"width\":512,\"height\":512,\"caption\":\"Bellunopress\"},\"image\":{\"@id\":\"https:\\\/\\\/www.bellunopress.it\\\/#\\\/schema\\\/logo\\\/image\\\/\"},\"sameAs\":[\"https:\\\/\\\/www.facebook.com\\\/profile.php?id=100008943462799\",\"https:\\\/\\\/x.com\\\/bellunopress\",\"https:\\\/\\\/www.linkedin.com\\\/hp\\\/?dnr=JBzUWaJfMUw8vbXJJ2tVW5-I3jZKvC4wsoxE&amp;amp;amp;amp;amp;amp;trk=nav_responsive_tab_home\",\"https:\\\/\\\/www.youtube.com\\\/channel\\\/UCxL0wu1uN0_3_7hGG0306cw\"]},{\"@type\":\"Person\",\"@id\":\"https:\\\/\\\/www.bellunopress.it\\\/#\\\/schema\\\/person\\\/79bb06722b37ece1c03d3e94beb30d73\",\"name\":\"redazione\",\"image\":{\"@type\":\"ImageObject\",\"inLanguage\":\"fr-FR\",\"@id\":\"https:\\\/\\\/secure.gravatar.com\\\/avatar\\\/37d968a2e67a6fd04c169c4bdef102d0bc5d31b2546345219e348575eb80e9a0?s=96&d=mm&r=g\",\"url\":\"https:\\\/\\\/secure.gravatar.com\\\/avatar\\\/37d968a2e67a6fd04c169c4bdef102d0bc5d31b2546345219e348575eb80e9a0?s=96&d=mm&r=g\",\"contentUrl\":\"https:\\\/\\\/secure.gravatar.com\\\/avatar\\\/37d968a2e67a6fd04c169c4bdef102d0bc5d31b2546345219e348575eb80e9a0?s=96&d=mm&r=g\",\"caption\":\"redazione\"},\"sameAs\":[\"http:\\\/\\\/www.bellunopress.it\",\"https:\\\/\\\/x.com\\\/bellunopress\"],\"url\":\"https:\\\/\\\/www.bellunopress.it\\\/fr\\\/author\\\/redazione\\\/\"}]}<\/script>\n<!-- \/ Yoast SEO plugin. -->","yoast_head_json":{"title":"L'addio a Brigitte Bardot, l'ultima grande icona del cinema - Bellunopress - Dolomiti","robots":{"index":"index","follow":"follow","max-snippet":"max-snippet:-1","max-image-preview":"max-image-preview:large","max-video-preview":"max-video-preview:-1"},"canonical":"https:\/\/www.bellunopress.it\/fr\/2025\/12\/28\/laddio-a-brigitte-bardot-lultima-grande-icona-del-cinema\/","og_locale":"fr_FR","og_type":"article","og_title":"L'addio a Brigitte Bardot, l'ultima grande icona del cinema - Bellunopress - Dolomiti","og_description":"Se Parigi \u00e8 stata il suo palcoscenico e Saint-Tropez il suo rifugio dell&#8217;anima, c\u2019\u00e8 un altro luogo che ha segnato profondamente l&#8217;epopea del suo mito: Cortina d\u2019Ampezzo. Con la scomparsa di Brigitte Bardot, se ne va l&#8217;ultimo baluardo di un\u2019epoca in cui il divismo era fatto di sguardi magnetici, ribellione e una bellezza cos\u00ec naturale [&hellip;]","og_url":"https:\/\/www.bellunopress.it\/fr\/2025\/12\/28\/laddio-a-brigitte-bardot-lultima-grande-icona-del-cinema\/","og_site_name":"Bellunopress - Dolomiti","article_publisher":"https:\/\/www.facebook.com\/profile.php?id=100008943462799","article_published_time":"2025-12-28T15:48:24+00:00","article_modified_time":"2025-12-31T08:08:04+00:00","og_image":[{"width":600,"height":393,"url":"https:\/\/www.bellunopress.it\/wp-content\/uploads\/2025\/12\/Brigitte-Bardot-Rolls-Royce-Silver-Cloud-II-Coupe-del-1962-di-H.J.-Mulliner-nel-1966.jpg","type":"image\/jpeg"}],"author":"redazione","twitter_card":"summary_large_image","twitter_creator":"@bellunopress","twitter_site":"@bellunopress","twitter_misc":{"\u00c9crit par":"redazione","Dur\u00e9e de lecture estim\u00e9e":"2 minutes"},"schema":{"@context":"https:\/\/schema.org","@graph":[{"@type":"Article","@id":"https:\/\/www.bellunopress.it\/2025\/12\/28\/laddio-a-brigitte-bardot-lultima-grande-icona-del-cinema\/#article","isPartOf":{"@id":"https:\/\/www.bellunopress.it\/2025\/12\/28\/laddio-a-brigitte-bardot-lultima-grande-icona-del-cinema\/"},"author":{"name":"redazione","@id":"https:\/\/www.bellunopress.it\/#\/schema\/person\/79bb06722b37ece1c03d3e94beb30d73"},"headline":"L&#8217;addio a Brigitte Bardot, l&#8217;ultima grande icona del cinema","datePublished":"2025-12-28T15:48:24+00:00","dateModified":"2025-12-31T08:08:04+00:00","mainEntityOfPage":{"@id":"https:\/\/www.bellunopress.it\/2025\/12\/28\/laddio-a-brigitte-bardot-lultima-grande-icona-del-cinema\/"},"wordCount":443,"publisher":{"@id":"https:\/\/www.bellunopress.it\/#organization"},"image":{"@id":"https:\/\/www.bellunopress.it\/2025\/12\/28\/laddio-a-brigitte-bardot-lultima-grande-icona-del-cinema\/#primaryimage"},"thumbnailUrl":"https:\/\/www.bellunopress.it\/wp-content\/uploads\/2025\/12\/Brigitte-Bardot-Rolls-Royce-Silver-Cloud-II-Coupe-del-1962-di-H.J.-Mulliner-nel-1966.jpg","articleSection":["Cronaca\/Politica","Prima Pagina"],"inLanguage":"fr-FR"},{"@type":"WebPage","@id":"https:\/\/www.bellunopress.it\/2025\/12\/28\/laddio-a-brigitte-bardot-lultima-grande-icona-del-cinema\/","url":"https:\/\/www.bellunopress.it\/2025\/12\/28\/laddio-a-brigitte-bardot-lultima-grande-icona-del-cinema\/","name":"L'addio a Brigitte Bardot, l'ultima grande icona del cinema - Bellunopress - Dolomiti","isPartOf":{"@id":"https:\/\/www.bellunopress.it\/#website"},"primaryImageOfPage":{"@id":"https:\/\/www.bellunopress.it\/2025\/12\/28\/laddio-a-brigitte-bardot-lultima-grande-icona-del-cinema\/#primaryimage"},"image":{"@id":"https:\/\/www.bellunopress.it\/2025\/12\/28\/laddio-a-brigitte-bardot-lultima-grande-icona-del-cinema\/#primaryimage"},"thumbnailUrl":"https:\/\/www.bellunopress.it\/wp-content\/uploads\/2025\/12\/Brigitte-Bardot-Rolls-Royce-Silver-Cloud-II-Coupe-del-1962-di-H.J.-Mulliner-nel-1966.jpg","datePublished":"2025-12-28T15:48:24+00:00","dateModified":"2025-12-31T08:08:04+00:00","breadcrumb":{"@id":"https:\/\/www.bellunopress.it\/2025\/12\/28\/laddio-a-brigitte-bardot-lultima-grande-icona-del-cinema\/#breadcrumb"},"inLanguage":"fr-FR","potentialAction":[{"@type":"ReadAction","target":["https:\/\/www.bellunopress.it\/2025\/12\/28\/laddio-a-brigitte-bardot-lultima-grande-icona-del-cinema\/"]}]},{"@type":"ImageObject","inLanguage":"fr-FR","@id":"https:\/\/www.bellunopress.it\/2025\/12\/28\/laddio-a-brigitte-bardot-lultima-grande-icona-del-cinema\/#primaryimage","url":"https:\/\/www.bellunopress.it\/wp-content\/uploads\/2025\/12\/Brigitte-Bardot-Rolls-Royce-Silver-Cloud-II-Coupe-del-1962-di-H.J.-Mulliner-nel-1966.jpg","contentUrl":"https:\/\/www.bellunopress.it\/wp-content\/uploads\/2025\/12\/Brigitte-Bardot-Rolls-Royce-Silver-Cloud-II-Coupe-del-1962-di-H.J.-Mulliner-nel-1966.jpg","width":600,"height":393,"caption":"Brigitte Bardot nel 1966 con la Rolls Royce Silver Cloud II Coup\u00e9 del 1962 (Ph H.J. Mulliner)"},{"@type":"BreadcrumbList","@id":"https:\/\/www.bellunopress.it\/2025\/12\/28\/laddio-a-brigitte-bardot-lultima-grande-icona-del-cinema\/#breadcrumb","itemListElement":[{"@type":"ListItem","position":1,"name":"Home","item":"https:\/\/www.bellunopress.it\/"},{"@type":"ListItem","position":2,"name":"L&#8217;addio a Brigitte Bardot, l&#8217;ultima grande icona del cinema"}]},{"@type":"WebSite","@id":"https:\/\/www.bellunopress.it\/#website","url":"https:\/\/www.bellunopress.it\/","name":"Bellunopress - Dolomiti","description":"e-mail: redazione@bellunopress.it","publisher":{"@id":"https:\/\/www.bellunopress.it\/#organization"},"potentialAction":[{"@type":"SearchAction","target":{"@type":"EntryPoint","urlTemplate":"https:\/\/www.bellunopress.it\/?s={search_term_string}"},"query-input":{"@type":"PropertyValueSpecification","valueRequired":true,"valueName":"search_term_string"}}],"inLanguage":"fr-FR"},{"@type":"Organization","@id":"https:\/\/www.bellunopress.it\/#organization","name":"Bellunopress","url":"https:\/\/www.bellunopress.it\/","logo":{"@type":"ImageObject","inLanguage":"fr-FR","@id":"https:\/\/www.bellunopress.it\/#\/schema\/logo\/image\/","url":"https:\/\/www.bellunopress.it\/wp-content\/uploads\/2011\/05\/cropped-logo-bellunopress-.jpg","contentUrl":"https:\/\/www.bellunopress.it\/wp-content\/uploads\/2011\/05\/cropped-logo-bellunopress-.jpg","width":512,"height":512,"caption":"Bellunopress"},"image":{"@id":"https:\/\/www.bellunopress.it\/#\/schema\/logo\/image\/"},"sameAs":["https:\/\/www.facebook.com\/profile.php?id=100008943462799","https:\/\/x.com\/bellunopress","https:\/\/www.linkedin.com\/hp\/?dnr=JBzUWaJfMUw8vbXJJ2tVW5-I3jZKvC4wsoxE&amp;amp;amp;amp;amp;amp;trk=nav_responsive_tab_home","https:\/\/www.youtube.com\/channel\/UCxL0wu1uN0_3_7hGG0306cw"]},{"@type":"Person","@id":"https:\/\/www.bellunopress.it\/#\/schema\/person\/79bb06722b37ece1c03d3e94beb30d73","name":"r\u00e9daction","image":{"@type":"ImageObject","inLanguage":"fr-FR","@id":"https:\/\/secure.gravatar.com\/avatar\/37d968a2e67a6fd04c169c4bdef102d0bc5d31b2546345219e348575eb80e9a0?s=96&d=mm&r=g","url":"https:\/\/secure.gravatar.com\/avatar\/37d968a2e67a6fd04c169c4bdef102d0bc5d31b2546345219e348575eb80e9a0?s=96&d=mm&r=g","contentUrl":"https:\/\/secure.gravatar.com\/avatar\/37d968a2e67a6fd04c169c4bdef102d0bc5d31b2546345219e348575eb80e9a0?s=96&d=mm&r=g","caption":"redazione"},"sameAs":["http:\/\/www.bellunopress.it","https:\/\/x.com\/bellunopress"],"url":"https:\/\/www.bellunopress.it\/fr\/author\/redazione\/"}]}},"_links":{"self":[{"href":"https:\/\/www.bellunopress.it\/fr\/wp-json\/wp\/v2\/posts\/166065","targetHints":{"allow":["GET"]}}],"collection":[{"href":"https:\/\/www.bellunopress.it\/fr\/wp-json\/wp\/v2\/posts"}],"about":[{"href":"https:\/\/www.bellunopress.it\/fr\/wp-json\/wp\/v2\/types\/post"}],"author":[{"embeddable":true,"href":"https:\/\/www.bellunopress.it\/fr\/wp-json\/wp\/v2\/users\/2"}],"replies":[{"embeddable":true,"href":"https:\/\/www.bellunopress.it\/fr\/wp-json\/wp\/v2\/comments?post=166065"}],"version-history":[{"count":1,"href":"https:\/\/www.bellunopress.it\/fr\/wp-json\/wp\/v2\/posts\/166065\/revisions"}],"predecessor-version":[{"id":166067,"href":"https:\/\/www.bellunopress.it\/fr\/wp-json\/wp\/v2\/posts\/166065\/revisions\/166067"}],"wp:featuredmedia":[{"embeddable":true,"href":"https:\/\/www.bellunopress.it\/fr\/wp-json\/wp\/v2\/media\/166066"}],"wp:attachment":[{"href":"https:\/\/www.bellunopress.it\/fr\/wp-json\/wp\/v2\/media?parent=166065"}],"wp:term":[{"taxonomy":"category","embeddable":true,"href":"https:\/\/www.bellunopress.it\/fr\/wp-json\/wp\/v2\/categories?post=166065"},{"taxonomy":"post_tag","embeddable":true,"href":"https:\/\/www.bellunopress.it\/fr\/wp-json\/wp\/v2\/tags?post=166065"}],"curies":[{"name":"wp","href":"https:\/\/api.w.org\/{rel}","templated":true}]}}