{"id":166062,"date":"2025-12-28T16:24:45","date_gmt":"2025-12-28T15:24:45","guid":{"rendered":"https:\/\/www.bellunopress.it\/?p=166062"},"modified":"2025-12-28T16:24:45","modified_gmt":"2025-12-28T15:24:45","slug":"no-ai-botti-di-capodanno-le-raccomandazioni-dellamministrazione-comunale-e-della-lipu","status":"publish","type":"post","link":"https:\/\/www.bellunopress.it\/fr\/2025\/12\/28\/no-ai-botti-di-capodanno-le-raccomandazioni-dellamministrazione-comunale-e-della-lipu\/","title":{"rendered":"No ai botti di Capodanno. Le raccomandazioni dell&#8217;amministrazione comunale e della Lipu"},"content":{"rendered":"<p><img loading=\"lazy\" decoding=\"async\" class=\"aligncenter size-full wp-image-147057\" src=\"https:\/\/www.bellunopress.it\/wp-content\/uploads\/2023\/12\/no-botti-campagna-sensibilizzazione_edited.jpg\" alt=\"\" width=\"562\" height=\"779\" srcset=\"https:\/\/www.bellunopress.it\/wp-content\/uploads\/2023\/12\/no-botti-campagna-sensibilizzazione_edited.jpg 562w, https:\/\/www.bellunopress.it\/wp-content\/uploads\/2023\/12\/no-botti-campagna-sensibilizzazione_edited-361x500.jpg 361w\" sizes=\"auto, (max-width: 562px) 100vw, 562px\" \/>Nel pieno delle festivit\u00e0 e con l\u2019avvicinarsi della notte di San Silvestro, l\u2019Amministrazione De Pellegrin coglie l\u2019occasione per ricordare le normative in vigore che, a livello comunale, limitano l\u2019utilizzo di materiale pirotecnico nel rispetto di persone fragili e animali.<\/p>\n<p>Un richiamo che si inserisce nel solco della campagna di sensibilizzazione \u201cBelluNO Botti\u201d e che invita a vivere i momenti di festa con maggiore consapevolezza, ricordando come l\u2019esplosione di botti e petardi possa rappresentare un grave disturbo non solo per gli animali domestici e selvatici, ma anche per bambini, anziani e persone con particolari sensibilit\u00e0 sensoriali. \u201cIl senso di queste norme non \u00e8 quello di limitare il clima di festa, ma di promuovere una cultura del rispetto e della responsabilit\u00e0 \u2013 commenta il sindaco, Oscar De Pellegrin -. I botti non sono solo una tradizione rumorosa: incidono sulla qualit\u00e0 dell\u2019aria, aggravando l\u2019inquinamento, e possono trasformare una notte di festa in un momento di forte disagio per le persone fragili e per gli animali, selvatici e da compagnia. Scegliere di festeggiare senza botti significa compiere un gesto di attenzione verso chi ci sta accanto e contribuire a rendere la comunit\u00e0 pi\u00f9 serena, inclusiva e consapevole\u201d.<\/p>\n<p>\u201cIl quadro normativo \u00e8 chiaro \u2013 commenta il consigliere Lorenzo Bortoluzzi, della commissione Benessere animale -. Da un lato abbiamo il Regolamento comunale per il benessere animale e per una migliore convivenza con la collettivit\u00e0 umana, che all\u2019articolo 9, comma 22, stabilisce il divieto di far esplodere botti, petardi o materiale pirotecnico di qualsiasi tipo entro un raggio di 200 metri da canili, ricoveri per animali e colonie feline. Una disposizione che riconosce l\u2019impatto significativo che i rumori improvvisi hanno sul benessere degli animali, causando paura, stress, disorientamento e, in molti casi, fughe e incidenti\u201d. Dall\u2019altro c\u2019\u00e8 l\u2019Ordinanza n. 444 del 1\u00b0 ottobre 2025, adottata nell\u2019ambito delle misure per il contenimento dell\u2019inquinamento atmosferico. L\u2019ordinanza, infatti, vieta gli spettacoli pirotecnici in caso di allerta arancione o rossa per le polveri sottili e, anche in caso di allerta verde, sottopone l\u2019accensione di fuochi e spettacoli pirotecnici a limiti stringenti e ad eventuale autorizzazione da parte del Comune.<\/p>\n<p>In particolare, la normativa prevede che siano ammessi fuochi d\u2019artificio alle seguenti condizioni: che siano promossi e autorizzati dall\u2019ente comunale nell\u2019ambito dei festeggiamenti tradizionali e nel rispetto del \u201cRegolamento comunale per il benessere degli animali e una migliore convivenza con la collettivit\u00e0 umana\u201d. Eventuali violazioni potranno essere sanzionate dalle autorit\u00e0 competenti.<\/p>\n<p><strong>L&#8217;appello della Delegazione Lipu di Belluno<\/strong><br \/>\nL&#8217;impatto dei fuochi artificiali sulla fauna selvatica e sugli animali domestici \u2013 ci sembra di averlo spiegato con chiarezza \u2013 \u00e8 indiscutibilmente negativo.<\/p>\n<p>Si potrebbe prevenire semplicemente estendendo le zone di protezione, oppure impedendo l&#8217;utilizzo di botti e fuochi nelle vicinanze di aree umide, spesso ricche di biodiversit\u00e0 e specie sensibili, come quelle migratorie. In ambiente urbano la prevenzione dovrebbe essere comunque presa in considerazione: neppure le specie sinantropiche presenti in citt\u00e0 si adatteranno mai a simili fonti di stress.<\/p>\n<p>Ammesso che si faccia tutto ci\u00f2, tuttavia, la vera soluzione resta il rifiuto di articoli pirotecnici rumorosi. Anche la nostra Delegazione, sposando in toto quella che da sempre \u00e8 la posizione della Lipu nazionale, quest&#8217;anno rivolge il proprio appello sia ai cittadini che alle amministrazioni.<\/p>\n<p>Ai primi, chiediamo di boicottare i festeggiamenti che arrechino danno alla natura. Per citare nuovamente il Presidente della nostra associazione Alessandro Polinori: &#8220;No ai botti! Festeggia in modo diverso: ricordati della natura e degli animali. Che gli unici botti siano quelli degli spumanti, naturalmente bio!&#8221;<\/p>\n<p>A chi ci amministra, chiediamo di dare ascolto alle evidenze scientifiche (e al buon senso) e vietare definitivamente il commercio e l&#8217;utilizzo di questi articoli, pericolosi ed inquinanti, promuovendo invece festeggiamenti responsabili che rispettino la natura, l&#8217;ambiente e chi ci abita (animali e umani).<\/p>","protected":false},"excerpt":{"rendered":"<p>Nel pieno delle festivit\u00e0 e con l\u2019avvicinarsi della notte di San Silvestro, l\u2019Amministrazione De Pellegrin coglie l\u2019occasione per ricordare le normative in vigore che, a livello comunale, limitano l\u2019utilizzo di materiale pirotecnico nel rispetto di persone fragili e animali. Un richiamo che si inserisce nel solco della campagna di sensibilizzazione \u201cBelluNO Botti\u201d e che invita [&hellip;]<\/p>\n","protected":false},"author":2,"featured_media":147057,"comment_status":"closed","ping_status":"open","sticky":false,"template":"","format":"standard","meta":{"footnotes":""},"categories":[38,26],"tags":[],"class_list":["post-166062","post","type-post","status-publish","format-standard","has-post-thumbnail","category-natura-ambiente","category-prima-pagina"],"yoast_head":"<!-- This site is optimized with the Yoast SEO plugin v28.4 - https:\/\/yoast.com\/product\/yoast-seo-wordpress\/ -->\n<title>No ai botti di Capodanno. Le raccomandazioni dell&#039;amministrazione comunale e della Lipu - Bellunopress - Dolomiti<\/title>\n<meta name=\"robots\" content=\"index, follow, max-snippet:-1, max-image-preview:large, max-video-preview:-1\" \/>\n<link rel=\"canonical\" href=\"https:\/\/www.bellunopress.it\/fr\/2025\/12\/28\/no-ai-botti-di-capodanno-le-raccomandazioni-dellamministrazione-comunale-e-della-lipu\/\" \/>\n<meta property=\"og:locale\" content=\"fr_FR\" \/>\n<meta property=\"og:type\" content=\"article\" \/>\n<meta property=\"og:title\" content=\"No ai botti di Capodanno. Le raccomandazioni dell&#039;amministrazione comunale e della Lipu - Bellunopress - Dolomiti\" \/>\n<meta property=\"og:description\" content=\"Nel pieno delle festivit\u00e0 e con l\u2019avvicinarsi della notte di San Silvestro, l\u2019Amministrazione De Pellegrin coglie l\u2019occasione per ricordare le normative in vigore che, a livello comunale, limitano l\u2019utilizzo di materiale pirotecnico nel rispetto di persone fragili e animali. Un richiamo che si inserisce nel solco della campagna di sensibilizzazione \u201cBelluNO Botti\u201d e che invita [&hellip;]\" \/>\n<meta property=\"og:url\" content=\"https:\/\/www.bellunopress.it\/fr\/2025\/12\/28\/no-ai-botti-di-capodanno-le-raccomandazioni-dellamministrazione-comunale-e-della-lipu\/\" \/>\n<meta property=\"og:site_name\" content=\"Bellunopress - Dolomiti\" \/>\n<meta property=\"article:publisher\" content=\"https:\/\/www.facebook.com\/profile.php?id=100008943462799\" \/>\n<meta property=\"article:published_time\" content=\"2025-12-28T15:24:45+00:00\" \/>\n<meta property=\"og:image\" content=\"https:\/\/www.bellunopress.it\/wp-content\/uploads\/2023\/12\/no-botti-campagna-sensibilizzazione_edited.jpg\" \/>\n\t<meta property=\"og:image:width\" content=\"562\" \/>\n\t<meta property=\"og:image:height\" content=\"779\" \/>\n\t<meta property=\"og:image:type\" content=\"image\/jpeg\" \/>\n<meta name=\"author\" content=\"redazione\" \/>\n<meta name=\"twitter:card\" content=\"summary_large_image\" \/>\n<meta name=\"twitter:creator\" content=\"@bellunopress\" \/>\n<meta name=\"twitter:site\" content=\"@bellunopress\" \/>\n<meta name=\"twitter:label1\" content=\"\u00c9crit par\" \/>\n\t<meta name=\"twitter:data1\" content=\"redazione\" \/>\n\t<meta name=\"twitter:label2\" content=\"Dur\u00e9e de lecture estim\u00e9e\" \/>\n\t<meta name=\"twitter:data2\" content=\"3 minutes\" \/>\n<script type=\"application\/ld+json\" class=\"yoast-schema-graph\">{\"@context\":\"https:\\\/\\\/schema.org\",\"@graph\":[{\"@type\":\"Article\",\"@id\":\"https:\\\/\\\/www.bellunopress.it\\\/2025\\\/12\\\/28\\\/no-ai-botti-di-capodanno-le-raccomandazioni-dellamministrazione-comunale-e-della-lipu\\\/#article\",\"isPartOf\":{\"@id\":\"https:\\\/\\\/www.bellunopress.it\\\/2025\\\/12\\\/28\\\/no-ai-botti-di-capodanno-le-raccomandazioni-dellamministrazione-comunale-e-della-lipu\\\/\"},\"author\":{\"name\":\"redazione\",\"@id\":\"https:\\\/\\\/www.bellunopress.it\\\/#\\\/schema\\\/person\\\/79bb06722b37ece1c03d3e94beb30d73\"},\"headline\":\"No ai botti di Capodanno. Le raccomandazioni dell&#8217;amministrazione comunale e della Lipu\",\"datePublished\":\"2025-12-28T15:24:45+00:00\",\"mainEntityOfPage\":{\"@id\":\"https:\\\/\\\/www.bellunopress.it\\\/2025\\\/12\\\/28\\\/no-ai-botti-di-capodanno-le-raccomandazioni-dellamministrazione-comunale-e-della-lipu\\\/\"},\"wordCount\":642,\"publisher\":{\"@id\":\"https:\\\/\\\/www.bellunopress.it\\\/#organization\"},\"image\":{\"@id\":\"https:\\\/\\\/www.bellunopress.it\\\/2025\\\/12\\\/28\\\/no-ai-botti-di-capodanno-le-raccomandazioni-dellamministrazione-comunale-e-della-lipu\\\/#primaryimage\"},\"thumbnailUrl\":\"https:\\\/\\\/www.bellunopress.it\\\/wp-content\\\/uploads\\\/2023\\\/12\\\/no-botti-campagna-sensibilizzazione_edited.jpg\",\"articleSection\":[\"Meteo, natura, ambiente, animali\",\"Prima Pagina\"],\"inLanguage\":\"fr-FR\"},{\"@type\":\"WebPage\",\"@id\":\"https:\\\/\\\/www.bellunopress.it\\\/2025\\\/12\\\/28\\\/no-ai-botti-di-capodanno-le-raccomandazioni-dellamministrazione-comunale-e-della-lipu\\\/\",\"url\":\"https:\\\/\\\/www.bellunopress.it\\\/2025\\\/12\\\/28\\\/no-ai-botti-di-capodanno-le-raccomandazioni-dellamministrazione-comunale-e-della-lipu\\\/\",\"name\":\"No ai botti di Capodanno. Le raccomandazioni dell'amministrazione comunale e della Lipu - Bellunopress - Dolomiti\",\"isPartOf\":{\"@id\":\"https:\\\/\\\/www.bellunopress.it\\\/#website\"},\"primaryImageOfPage\":{\"@id\":\"https:\\\/\\\/www.bellunopress.it\\\/2025\\\/12\\\/28\\\/no-ai-botti-di-capodanno-le-raccomandazioni-dellamministrazione-comunale-e-della-lipu\\\/#primaryimage\"},\"image\":{\"@id\":\"https:\\\/\\\/www.bellunopress.it\\\/2025\\\/12\\\/28\\\/no-ai-botti-di-capodanno-le-raccomandazioni-dellamministrazione-comunale-e-della-lipu\\\/#primaryimage\"},\"thumbnailUrl\":\"https:\\\/\\\/www.bellunopress.it\\\/wp-content\\\/uploads\\\/2023\\\/12\\\/no-botti-campagna-sensibilizzazione_edited.jpg\",\"datePublished\":\"2025-12-28T15:24:45+00:00\",\"breadcrumb\":{\"@id\":\"https:\\\/\\\/www.bellunopress.it\\\/2025\\\/12\\\/28\\\/no-ai-botti-di-capodanno-le-raccomandazioni-dellamministrazione-comunale-e-della-lipu\\\/#breadcrumb\"},\"inLanguage\":\"fr-FR\",\"potentialAction\":[{\"@type\":\"ReadAction\",\"target\":[\"https:\\\/\\\/www.bellunopress.it\\\/2025\\\/12\\\/28\\\/no-ai-botti-di-capodanno-le-raccomandazioni-dellamministrazione-comunale-e-della-lipu\\\/\"]}]},{\"@type\":\"ImageObject\",\"inLanguage\":\"fr-FR\",\"@id\":\"https:\\\/\\\/www.bellunopress.it\\\/2025\\\/12\\\/28\\\/no-ai-botti-di-capodanno-le-raccomandazioni-dellamministrazione-comunale-e-della-lipu\\\/#primaryimage\",\"url\":\"https:\\\/\\\/www.bellunopress.it\\\/wp-content\\\/uploads\\\/2023\\\/12\\\/no-botti-campagna-sensibilizzazione_edited.jpg\",\"contentUrl\":\"https:\\\/\\\/www.bellunopress.it\\\/wp-content\\\/uploads\\\/2023\\\/12\\\/no-botti-campagna-sensibilizzazione_edited.jpg\",\"width\":562,\"height\":779},{\"@type\":\"BreadcrumbList\",\"@id\":\"https:\\\/\\\/www.bellunopress.it\\\/2025\\\/12\\\/28\\\/no-ai-botti-di-capodanno-le-raccomandazioni-dellamministrazione-comunale-e-della-lipu\\\/#breadcrumb\",\"itemListElement\":[{\"@type\":\"ListItem\",\"position\":1,\"name\":\"Home\",\"item\":\"https:\\\/\\\/www.bellunopress.it\\\/\"},{\"@type\":\"ListItem\",\"position\":2,\"name\":\"No ai botti di Capodanno. Le raccomandazioni dell&#8217;amministrazione comunale e della Lipu\"}]},{\"@type\":\"WebSite\",\"@id\":\"https:\\\/\\\/www.bellunopress.it\\\/#website\",\"url\":\"https:\\\/\\\/www.bellunopress.it\\\/\",\"name\":\"Bellunopress - Dolomiti\",\"description\":\"e-mail: redazione@bellunopress.it\",\"publisher\":{\"@id\":\"https:\\\/\\\/www.bellunopress.it\\\/#organization\"},\"potentialAction\":[{\"@type\":\"SearchAction\",\"target\":{\"@type\":\"EntryPoint\",\"urlTemplate\":\"https:\\\/\\\/www.bellunopress.it\\\/?s={search_term_string}\"},\"query-input\":{\"@type\":\"PropertyValueSpecification\",\"valueRequired\":true,\"valueName\":\"search_term_string\"}}],\"inLanguage\":\"fr-FR\"},{\"@type\":\"Organization\",\"@id\":\"https:\\\/\\\/www.bellunopress.it\\\/#organization\",\"name\":\"Bellunopress\",\"url\":\"https:\\\/\\\/www.bellunopress.it\\\/\",\"logo\":{\"@type\":\"ImageObject\",\"inLanguage\":\"fr-FR\",\"@id\":\"https:\\\/\\\/www.bellunopress.it\\\/#\\\/schema\\\/logo\\\/image\\\/\",\"url\":\"https:\\\/\\\/www.bellunopress.it\\\/wp-content\\\/uploads\\\/2011\\\/05\\\/cropped-logo-bellunopress-.jpg\",\"contentUrl\":\"https:\\\/\\\/www.bellunopress.it\\\/wp-content\\\/uploads\\\/2011\\\/05\\\/cropped-logo-bellunopress-.jpg\",\"width\":512,\"height\":512,\"caption\":\"Bellunopress\"},\"image\":{\"@id\":\"https:\\\/\\\/www.bellunopress.it\\\/#\\\/schema\\\/logo\\\/image\\\/\"},\"sameAs\":[\"https:\\\/\\\/www.facebook.com\\\/profile.php?id=100008943462799\",\"https:\\\/\\\/x.com\\\/bellunopress\",\"https:\\\/\\\/www.linkedin.com\\\/hp\\\/?dnr=JBzUWaJfMUw8vbXJJ2tVW5-I3jZKvC4wsoxE&amp;amp;amp;amp;amp;amp;trk=nav_responsive_tab_home\",\"https:\\\/\\\/www.youtube.com\\\/channel\\\/UCxL0wu1uN0_3_7hGG0306cw\"]},{\"@type\":\"Person\",\"@id\":\"https:\\\/\\\/www.bellunopress.it\\\/#\\\/schema\\\/person\\\/79bb06722b37ece1c03d3e94beb30d73\",\"name\":\"redazione\",\"image\":{\"@type\":\"ImageObject\",\"inLanguage\":\"fr-FR\",\"@id\":\"https:\\\/\\\/secure.gravatar.com\\\/avatar\\\/37d968a2e67a6fd04c169c4bdef102d0bc5d31b2546345219e348575eb80e9a0?s=96&d=mm&r=g\",\"url\":\"https:\\\/\\\/secure.gravatar.com\\\/avatar\\\/37d968a2e67a6fd04c169c4bdef102d0bc5d31b2546345219e348575eb80e9a0?s=96&d=mm&r=g\",\"contentUrl\":\"https:\\\/\\\/secure.gravatar.com\\\/avatar\\\/37d968a2e67a6fd04c169c4bdef102d0bc5d31b2546345219e348575eb80e9a0?s=96&d=mm&r=g\",\"caption\":\"redazione\"},\"sameAs\":[\"http:\\\/\\\/www.bellunopress.it\",\"https:\\\/\\\/x.com\\\/bellunopress\"],\"url\":\"https:\\\/\\\/www.bellunopress.it\\\/fr\\\/author\\\/redazione\\\/\"}]}<\/script>\n<!-- \/ Yoast SEO plugin. -->","yoast_head_json":{"title":"No ai botti di Capodanno. Le raccomandazioni dell'amministrazione comunale e della Lipu - Bellunopress - Dolomiti","robots":{"index":"index","follow":"follow","max-snippet":"max-snippet:-1","max-image-preview":"max-image-preview:large","max-video-preview":"max-video-preview:-1"},"canonical":"https:\/\/www.bellunopress.it\/fr\/2025\/12\/28\/no-ai-botti-di-capodanno-le-raccomandazioni-dellamministrazione-comunale-e-della-lipu\/","og_locale":"fr_FR","og_type":"article","og_title":"No ai botti di Capodanno. Le raccomandazioni dell'amministrazione comunale e della Lipu - Bellunopress - Dolomiti","og_description":"Nel pieno delle festivit\u00e0 e con l\u2019avvicinarsi della notte di San Silvestro, l\u2019Amministrazione De Pellegrin coglie l\u2019occasione per ricordare le normative in vigore che, a livello comunale, limitano l\u2019utilizzo di materiale pirotecnico nel rispetto di persone fragili e animali. Un richiamo che si inserisce nel solco della campagna di sensibilizzazione \u201cBelluNO Botti\u201d e che invita [&hellip;]","og_url":"https:\/\/www.bellunopress.it\/fr\/2025\/12\/28\/no-ai-botti-di-capodanno-le-raccomandazioni-dellamministrazione-comunale-e-della-lipu\/","og_site_name":"Bellunopress - Dolomiti","article_publisher":"https:\/\/www.facebook.com\/profile.php?id=100008943462799","article_published_time":"2025-12-28T15:24:45+00:00","og_image":[{"width":562,"height":779,"url":"https:\/\/www.bellunopress.it\/wp-content\/uploads\/2023\/12\/no-botti-campagna-sensibilizzazione_edited.jpg","type":"image\/jpeg"}],"author":"redazione","twitter_card":"summary_large_image","twitter_creator":"@bellunopress","twitter_site":"@bellunopress","twitter_misc":{"\u00c9crit par":"redazione","Dur\u00e9e de lecture estim\u00e9e":"3 minutes"},"schema":{"@context":"https:\/\/schema.org","@graph":[{"@type":"Article","@id":"https:\/\/www.bellunopress.it\/2025\/12\/28\/no-ai-botti-di-capodanno-le-raccomandazioni-dellamministrazione-comunale-e-della-lipu\/#article","isPartOf":{"@id":"https:\/\/www.bellunopress.it\/2025\/12\/28\/no-ai-botti-di-capodanno-le-raccomandazioni-dellamministrazione-comunale-e-della-lipu\/"},"author":{"name":"redazione","@id":"https:\/\/www.bellunopress.it\/#\/schema\/person\/79bb06722b37ece1c03d3e94beb30d73"},"headline":"No ai botti di Capodanno. Le raccomandazioni dell&#8217;amministrazione comunale e della Lipu","datePublished":"2025-12-28T15:24:45+00:00","mainEntityOfPage":{"@id":"https:\/\/www.bellunopress.it\/2025\/12\/28\/no-ai-botti-di-capodanno-le-raccomandazioni-dellamministrazione-comunale-e-della-lipu\/"},"wordCount":642,"publisher":{"@id":"https:\/\/www.bellunopress.it\/#organization"},"image":{"@id":"https:\/\/www.bellunopress.it\/2025\/12\/28\/no-ai-botti-di-capodanno-le-raccomandazioni-dellamministrazione-comunale-e-della-lipu\/#primaryimage"},"thumbnailUrl":"https:\/\/www.bellunopress.it\/wp-content\/uploads\/2023\/12\/no-botti-campagna-sensibilizzazione_edited.jpg","articleSection":["Meteo, natura, ambiente, animali","Prima Pagina"],"inLanguage":"fr-FR"},{"@type":"WebPage","@id":"https:\/\/www.bellunopress.it\/2025\/12\/28\/no-ai-botti-di-capodanno-le-raccomandazioni-dellamministrazione-comunale-e-della-lipu\/","url":"https:\/\/www.bellunopress.it\/2025\/12\/28\/no-ai-botti-di-capodanno-le-raccomandazioni-dellamministrazione-comunale-e-della-lipu\/","name":"No ai botti di Capodanno. Le raccomandazioni dell'amministrazione comunale e della Lipu - Bellunopress - Dolomiti","isPartOf":{"@id":"https:\/\/www.bellunopress.it\/#website"},"primaryImageOfPage":{"@id":"https:\/\/www.bellunopress.it\/2025\/12\/28\/no-ai-botti-di-capodanno-le-raccomandazioni-dellamministrazione-comunale-e-della-lipu\/#primaryimage"},"image":{"@id":"https:\/\/www.bellunopress.it\/2025\/12\/28\/no-ai-botti-di-capodanno-le-raccomandazioni-dellamministrazione-comunale-e-della-lipu\/#primaryimage"},"thumbnailUrl":"https:\/\/www.bellunopress.it\/wp-content\/uploads\/2023\/12\/no-botti-campagna-sensibilizzazione_edited.jpg","datePublished":"2025-12-28T15:24:45+00:00","breadcrumb":{"@id":"https:\/\/www.bellunopress.it\/2025\/12\/28\/no-ai-botti-di-capodanno-le-raccomandazioni-dellamministrazione-comunale-e-della-lipu\/#breadcrumb"},"inLanguage":"fr-FR","potentialAction":[{"@type":"ReadAction","target":["https:\/\/www.bellunopress.it\/2025\/12\/28\/no-ai-botti-di-capodanno-le-raccomandazioni-dellamministrazione-comunale-e-della-lipu\/"]}]},{"@type":"ImageObject","inLanguage":"fr-FR","@id":"https:\/\/www.bellunopress.it\/2025\/12\/28\/no-ai-botti-di-capodanno-le-raccomandazioni-dellamministrazione-comunale-e-della-lipu\/#primaryimage","url":"https:\/\/www.bellunopress.it\/wp-content\/uploads\/2023\/12\/no-botti-campagna-sensibilizzazione_edited.jpg","contentUrl":"https:\/\/www.bellunopress.it\/wp-content\/uploads\/2023\/12\/no-botti-campagna-sensibilizzazione_edited.jpg","width":562,"height":779},{"@type":"BreadcrumbList","@id":"https:\/\/www.bellunopress.it\/2025\/12\/28\/no-ai-botti-di-capodanno-le-raccomandazioni-dellamministrazione-comunale-e-della-lipu\/#breadcrumb","itemListElement":[{"@type":"ListItem","position":1,"name":"Home","item":"https:\/\/www.bellunopress.it\/"},{"@type":"ListItem","position":2,"name":"No ai botti di Capodanno. Le raccomandazioni dell&#8217;amministrazione comunale e della Lipu"}]},{"@type":"WebSite","@id":"https:\/\/www.bellunopress.it\/#website","url":"https:\/\/www.bellunopress.it\/","name":"Bellunopress - Dolomiti","description":"e-mail: redazione@bellunopress.it","publisher":{"@id":"https:\/\/www.bellunopress.it\/#organization"},"potentialAction":[{"@type":"SearchAction","target":{"@type":"EntryPoint","urlTemplate":"https:\/\/www.bellunopress.it\/?s={search_term_string}"},"query-input":{"@type":"PropertyValueSpecification","valueRequired":true,"valueName":"search_term_string"}}],"inLanguage":"fr-FR"},{"@type":"Organization","@id":"https:\/\/www.bellunopress.it\/#organization","name":"Bellunopress","url":"https:\/\/www.bellunopress.it\/","logo":{"@type":"ImageObject","inLanguage":"fr-FR","@id":"https:\/\/www.bellunopress.it\/#\/schema\/logo\/image\/","url":"https:\/\/www.bellunopress.it\/wp-content\/uploads\/2011\/05\/cropped-logo-bellunopress-.jpg","contentUrl":"https:\/\/www.bellunopress.it\/wp-content\/uploads\/2011\/05\/cropped-logo-bellunopress-.jpg","width":512,"height":512,"caption":"Bellunopress"},"image":{"@id":"https:\/\/www.bellunopress.it\/#\/schema\/logo\/image\/"},"sameAs":["https:\/\/www.facebook.com\/profile.php?id=100008943462799","https:\/\/x.com\/bellunopress","https:\/\/www.linkedin.com\/hp\/?dnr=JBzUWaJfMUw8vbXJJ2tVW5-I3jZKvC4wsoxE&amp;amp;amp;amp;amp;amp;trk=nav_responsive_tab_home","https:\/\/www.youtube.com\/channel\/UCxL0wu1uN0_3_7hGG0306cw"]},{"@type":"Person","@id":"https:\/\/www.bellunopress.it\/#\/schema\/person\/79bb06722b37ece1c03d3e94beb30d73","name":"r\u00e9daction","image":{"@type":"ImageObject","inLanguage":"fr-FR","@id":"https:\/\/secure.gravatar.com\/avatar\/37d968a2e67a6fd04c169c4bdef102d0bc5d31b2546345219e348575eb80e9a0?s=96&d=mm&r=g","url":"https:\/\/secure.gravatar.com\/avatar\/37d968a2e67a6fd04c169c4bdef102d0bc5d31b2546345219e348575eb80e9a0?s=96&d=mm&r=g","contentUrl":"https:\/\/secure.gravatar.com\/avatar\/37d968a2e67a6fd04c169c4bdef102d0bc5d31b2546345219e348575eb80e9a0?s=96&d=mm&r=g","caption":"redazione"},"sameAs":["http:\/\/www.bellunopress.it","https:\/\/x.com\/bellunopress"],"url":"https:\/\/www.bellunopress.it\/fr\/author\/redazione\/"}]}},"_links":{"self":[{"href":"https:\/\/www.bellunopress.it\/fr\/wp-json\/wp\/v2\/posts\/166062","targetHints":{"allow":["GET"]}}],"collection":[{"href":"https:\/\/www.bellunopress.it\/fr\/wp-json\/wp\/v2\/posts"}],"about":[{"href":"https:\/\/www.bellunopress.it\/fr\/wp-json\/wp\/v2\/types\/post"}],"author":[{"embeddable":true,"href":"https:\/\/www.bellunopress.it\/fr\/wp-json\/wp\/v2\/users\/2"}],"replies":[{"embeddable":true,"href":"https:\/\/www.bellunopress.it\/fr\/wp-json\/wp\/v2\/comments?post=166062"}],"version-history":[{"count":1,"href":"https:\/\/www.bellunopress.it\/fr\/wp-json\/wp\/v2\/posts\/166062\/revisions"}],"predecessor-version":[{"id":166063,"href":"https:\/\/www.bellunopress.it\/fr\/wp-json\/wp\/v2\/posts\/166062\/revisions\/166063"}],"wp:featuredmedia":[{"embeddable":true,"href":"https:\/\/www.bellunopress.it\/fr\/wp-json\/wp\/v2\/media\/147057"}],"wp:attachment":[{"href":"https:\/\/www.bellunopress.it\/fr\/wp-json\/wp\/v2\/media?parent=166062"}],"wp:term":[{"taxonomy":"category","embeddable":true,"href":"https:\/\/www.bellunopress.it\/fr\/wp-json\/wp\/v2\/categories?post=166062"},{"taxonomy":"post_tag","embeddable":true,"href":"https:\/\/www.bellunopress.it\/fr\/wp-json\/wp\/v2\/tags?post=166062"}],"curies":[{"name":"wp","href":"https:\/\/api.w.org\/{rel}","templated":true}]}}