{"id":166060,"date":"2025-12-28T10:28:13","date_gmt":"2025-12-28T09:28:13","guid":{"rendered":"https:\/\/www.bellunopress.it\/?p=166060"},"modified":"2025-12-28T10:28:13","modified_gmt":"2025-12-28T09:28:13","slug":"i-dati-dellinterscambio-con-lestero-nei-primi-nove-mesi-2025-export-trevigiano-in-lieve-diminuzione-e-bellunese-stabile","status":"publish","type":"post","link":"https:\/\/www.bellunopress.it\/fr\/2025\/12\/28\/i-dati-dellinterscambio-con-lestero-nei-primi-nove-mesi-2025-export-trevigiano-in-lieve-diminuzione-e-bellunese-stabile\/","title":{"rendered":"I dati dell&#8217;interscambio con l&#8217;estero nei primi nove mesi 2025.\u00a0Export trevigiano in lieve diminuzione e bellunese stabile"},"content":{"rendered":"<figure id=\"attachment_145120\" aria-describedby=\"caption-attachment-145120\" style=\"width: 1000px\" class=\"wp-caption aligncenter\"><img loading=\"lazy\" decoding=\"async\" class=\"size-full wp-image-145120\" src=\"https:\/\/www.bellunopress.it\/wp-content\/uploads\/2023\/10\/Mario-Pozza_edited.jpg\" alt=\"\" width=\"1000\" height=\"800\" srcset=\"https:\/\/www.bellunopress.it\/wp-content\/uploads\/2023\/10\/Mario-Pozza_edited.jpg 1000w, https:\/\/www.bellunopress.it\/wp-content\/uploads\/2023\/10\/Mario-Pozza_edited-500x400.jpg 500w, https:\/\/www.bellunopress.it\/wp-content\/uploads\/2023\/10\/Mario-Pozza_edited-696x557.jpg 696w\" sizes=\"auto, (max-width: 1000px) 100vw, 1000px\" \/><figcaption id=\"caption-attachment-145120\" class=\"wp-caption-text\">Mario Pozza &#8211; Presidente Camera di Commercio Treviso\/Belluno\/Dolomiti<\/figcaption><\/figure>\n<p><strong>Per Treviso la variazione tendenziale \u00e8 del -1,2%, per Belluno del -0,4%.<\/strong><\/p>\n<p><strong>In entrambe le province export in calo verso gli Stati Uniti, in recupero verso la Germania. Dinamica positiva per i macchinari sia per Treviso (+2,0%) che per Belluno (+14,4%).<\/strong><\/p>\n<p>Treviso, 28 dicembre 2025 &#8211;\u00a0\u00a0&#8220;Nei primi nove mesi del 2025, in base ai dati resi noti dall&#8217;Istat nei giorni scorsi, le esportazioni della provincia di Treviso sono in lieve diminuzione (-1,2% la variazione tendenziale rispetto allo stesso periodo dell&#8217;anno scorso), mentre quelle di Belluno risultano di poco inferiori alla stazionariet\u00e0 (-0,4%) &#8211; commenta Mario Pozza, Presidente della Camera di Commercio di Treviso e Belluno|Dolomiti.<\/p>\n<p>Ad incidere sul segno negativo dell&#8217;export trevigiano \u00e8, in particolare, il mercato statunitense, dove le esportazioni provinciali scendono del -6,9%. L&#8217;effetto-dazi (inteso anche come perturbazione alla continuit\u00e0 di domanda) pesa soprattutto per macchinari e mobili: il primo settore accusa una flessione sul mercato USA del -16,3% ma tiene a livello globale con un +2,0%; il mobile invece accusa flessioni sia verso gli USA (-10,4%) sia a livello mondo (-5,5%). Tiene invece l&#8217;export di bevande verso gli USA (che per noi significa export di Prosecco): la variazione tendenziale \u00e8 un +0,9%, che fa media di un primo trimestre particolarmente positivo, per il pi\u00f9 volte ribadito gioco d&#8217;anticipo sulla domanda per il timore dazi, e del conseguente rallentamento nel terzo trimestre, pi\u00f9 a causa dei magazzini pieni che dei dazi stessi. A livello mondo compare per\u00f2 un segno di flessione (-1,3%).<\/p>\n<p>Le esportazioni verso l&#8217;Unione Europea sono stabili: +0,4% rispetto ai primi nove mesi del 2024. All&#8217;interno dell&#8217;area sono in lieve recupero mercati fondamentali per le nostre imprese come quello tedesco (+1,0%, in aumento macchinari e mobili) e francese (+1,6%) \u2013 continua il Presidente.<\/p>\n<p>Guardando ai settori, trovo importante la tenuta dei macchinari gi\u00e0 sopra accennata, perch\u00e9 ci\u00f2 significa che, nonostante tutte le incertezze del caso, questo nostro importante settore intercetta domanda di nuove tecnologie, processi di sostituzione di impianti industriali obsoleti. Continua a crescere l&#8217;alimentare trevigiano (+10,2%). Per lo Sportsystem le vendite di calzature sono poco al di sotto della stazionariet\u00e0 (-0,4% rispetto ai primi nove mesi del 2024, a fronte di un calo significativo osservato nello stesso periodo dello scorso anno). Sono invece in diminuzione i mobili, come gi\u00e0 detto, il tessile-abbigliamento e la componentistica automotive.<\/p>\n<p>Per Belluno &#8211; prosegue Pozza &#8211; la sostanziale stazionariet\u00e0 delle esportazioni (-0,4%) fa media soprattutto delle differenti dinamiche di due importanti filiere provinciali: l&#8217;occhialeria, che sconta una flessione delle esportazioni del -4,3%; la filiera del freddo, che vede aumenti a due cifre dell&#8217;export: +14,4% per i macchinari e +79,3% per i prodotti di elettronica\/sensoristica.<\/p>\n<p>Per l&#8217;occhialeria, come gi\u00e0 osservato anche negli scorsi approfondimenti, pesa il calo delle esportazioni verso gli Stati Uniti che sono il primo mercato di riferimento, e dove le vendite scendono dai 690 milioni dei primi nove mesi 2024 agli attuali 413 milioni (-40,1%). Ma abbiamo gi\u00e0 ripetuto pi\u00f9 volte che questi numeri celano anche cambiamenti strutturali nell&#8217;organizzazione della filiera, oltre ad essere termometro dell&#8217;andamento del settore. L&#8217;export di occhialeria \u00e8, invece, in aumento verso Messico, Paesi Bassi, Spagna, Germania e in recupero verso Francia.<\/p>\n<p>Queste dinamiche differenziate ci portano a ribadire la necessit\u00e0, per la tenuta delle esportazioni provinciali, &#8211; conclude Pozza \u2013 di proseguire nella diversificazione dei mercati. Processo che le nostre imprese devono portare avanti come risposta all&#8217;incertezza geopolitica, senza tralasciare, ovviamente, il presidio dei mercati consolidati.<\/p>\n<p>Come sistema camerale prosegue il nostro impegno a supportare questo processo di diversificazione, anche con iniziative che favoriscano nuove occasioni di collaborazione e di business. Ad ottobre &#8211; ricorda il Presidente &#8211; abbiamo ospitato il IX Forum Pymes, un appuntamento internazionale che ha portato a Castelbrando delegazioni, ambasciatori e rappresentanti istituzionali provenienti dai Paesi dell&#8217;America Latina, oltre a numerose imprese italiane.<\/p>\n<p>E per il prossimo anno, nel primo semestre del 2026, abbiamo pianificato il Business Forum legato ai Paesi del Sud-Est asiatico &#8211; conclude Pozza anche nel ruolo di Presidente di Assocamerestero.<\/p>\n<p><strong>Il quadro nazionale e regionale<\/strong><\/p>\n<p>Nei primi nove mesi dell&#8217;anno 2025 le esportazioni nazionali sono aumentate su base tendenziale del +3,6%, secondo i dati rilasciati dall&#8217;Istat nei giorni scorsi. Nello stesso periodo sono cresciute anche le importazioni (+3,8%).<\/p>\n<p>L&#8217;analisi combinata dell&#8217;interscambio commerciale (export-import) evidenzia differenze significative nelle relazioni tra l&#8217;Italia e i suoi principali partner economici.<\/p>","protected":false},"excerpt":{"rendered":"<p>Per Treviso la variazione tendenziale \u00e8 del -1,2%, per Belluno del -0,4%. In entrambe le province export in calo verso gli Stati Uniti, in recupero verso la Germania. Dinamica positiva per i macchinari sia per Treviso (+2,0%) che per Belluno (+14,4%). Treviso, 28 dicembre 2025 &#8211;\u00a0\u00a0&#8220;Nei primi nove mesi del 2025, in base ai dati [&hellip;]<\/p>\n","protected":false},"author":2,"featured_media":145120,"comment_status":"closed","ping_status":"open","sticky":false,"template":"","format":"standard","meta":{"footnotes":""},"categories":[36,26],"tags":[],"class_list":["post-166060","post","type-post","status-publish","format-standard","has-post-thumbnail","category-lavoro-economia","category-prima-pagina"],"yoast_head":"<!-- This site is optimized with the Yoast SEO plugin v28.4 - https:\/\/yoast.com\/product\/yoast-seo-wordpress\/ -->\n<title>I dati dell&#039;interscambio con l&#039;estero nei primi nove mesi 2025.\u00a0Export trevigiano in lieve diminuzione e bellunese stabile - Bellunopress - Dolomiti<\/title>\n<meta name=\"robots\" content=\"index, follow, max-snippet:-1, max-image-preview:large, max-video-preview:-1\" \/>\n<link rel=\"canonical\" href=\"https:\/\/www.bellunopress.it\/fr\/2025\/12\/28\/i-dati-dellinterscambio-con-lestero-nei-primi-nove-mesi-2025-export-trevigiano-in-lieve-diminuzione-e-bellunese-stabile\/\" \/>\n<meta property=\"og:locale\" content=\"fr_FR\" \/>\n<meta property=\"og:type\" content=\"article\" \/>\n<meta property=\"og:title\" content=\"I dati dell&#039;interscambio con l&#039;estero nei primi nove mesi 2025.\u00a0Export trevigiano in lieve diminuzione e bellunese stabile - Bellunopress - Dolomiti\" \/>\n<meta property=\"og:description\" content=\"Per Treviso la variazione tendenziale \u00e8 del -1,2%, per Belluno del -0,4%. In entrambe le province export in calo verso gli Stati Uniti, in recupero verso la Germania. Dinamica positiva per i macchinari sia per Treviso (+2,0%) che per Belluno (+14,4%). Treviso, 28 dicembre 2025 &#8211;\u00a0\u00a0&#8220;Nei primi nove mesi del 2025, in base ai dati [&hellip;]\" \/>\n<meta property=\"og:url\" content=\"https:\/\/www.bellunopress.it\/fr\/2025\/12\/28\/i-dati-dellinterscambio-con-lestero-nei-primi-nove-mesi-2025-export-trevigiano-in-lieve-diminuzione-e-bellunese-stabile\/\" \/>\n<meta property=\"og:site_name\" content=\"Bellunopress - Dolomiti\" \/>\n<meta property=\"article:publisher\" content=\"https:\/\/www.facebook.com\/profile.php?id=100008943462799\" \/>\n<meta property=\"article:published_time\" content=\"2025-12-28T09:28:13+00:00\" \/>\n<meta property=\"og:image\" content=\"https:\/\/www.bellunopress.it\/wp-content\/uploads\/2023\/10\/Mario-Pozza_edited.jpg\" \/>\n\t<meta property=\"og:image:width\" content=\"1000\" \/>\n\t<meta property=\"og:image:height\" content=\"800\" \/>\n\t<meta property=\"og:image:type\" content=\"image\/jpeg\" \/>\n<meta name=\"author\" content=\"redazione\" \/>\n<meta name=\"twitter:card\" content=\"summary_large_image\" \/>\n<meta name=\"twitter:creator\" content=\"@bellunopress\" \/>\n<meta name=\"twitter:site\" content=\"@bellunopress\" \/>\n<meta name=\"twitter:label1\" content=\"\u00c9crit par\" \/>\n\t<meta name=\"twitter:data1\" content=\"redazione\" \/>\n\t<meta name=\"twitter:label2\" content=\"Dur\u00e9e de lecture estim\u00e9e\" \/>\n\t<meta name=\"twitter:data2\" content=\"4 minutes\" \/>\n<script type=\"application\/ld+json\" class=\"yoast-schema-graph\">{\"@context\":\"https:\\\/\\\/schema.org\",\"@graph\":[{\"@type\":\"Article\",\"@id\":\"https:\\\/\\\/www.bellunopress.it\\\/2025\\\/12\\\/28\\\/i-dati-dellinterscambio-con-lestero-nei-primi-nove-mesi-2025-export-trevigiano-in-lieve-diminuzione-e-bellunese-stabile\\\/#article\",\"isPartOf\":{\"@id\":\"https:\\\/\\\/www.bellunopress.it\\\/2025\\\/12\\\/28\\\/i-dati-dellinterscambio-con-lestero-nei-primi-nove-mesi-2025-export-trevigiano-in-lieve-diminuzione-e-bellunese-stabile\\\/\"},\"author\":{\"name\":\"redazione\",\"@id\":\"https:\\\/\\\/www.bellunopress.it\\\/#\\\/schema\\\/person\\\/79bb06722b37ece1c03d3e94beb30d73\"},\"headline\":\"I dati dell&#8217;interscambio con l&#8217;estero nei primi nove mesi 2025.\u00a0Export trevigiano in lieve diminuzione e bellunese stabile\",\"datePublished\":\"2025-12-28T09:28:13+00:00\",\"mainEntityOfPage\":{\"@id\":\"https:\\\/\\\/www.bellunopress.it\\\/2025\\\/12\\\/28\\\/i-dati-dellinterscambio-con-lestero-nei-primi-nove-mesi-2025-export-trevigiano-in-lieve-diminuzione-e-bellunese-stabile\\\/\"},\"wordCount\":746,\"publisher\":{\"@id\":\"https:\\\/\\\/www.bellunopress.it\\\/#organization\"},\"image\":{\"@id\":\"https:\\\/\\\/www.bellunopress.it\\\/2025\\\/12\\\/28\\\/i-dati-dellinterscambio-con-lestero-nei-primi-nove-mesi-2025-export-trevigiano-in-lieve-diminuzione-e-bellunese-stabile\\\/#primaryimage\"},\"thumbnailUrl\":\"https:\\\/\\\/www.bellunopress.it\\\/wp-content\\\/uploads\\\/2023\\\/10\\\/Mario-Pozza_edited.jpg\",\"articleSection\":[\"Lavoro, Economia, Turismo\",\"Prima Pagina\"],\"inLanguage\":\"fr-FR\"},{\"@type\":\"WebPage\",\"@id\":\"https:\\\/\\\/www.bellunopress.it\\\/2025\\\/12\\\/28\\\/i-dati-dellinterscambio-con-lestero-nei-primi-nove-mesi-2025-export-trevigiano-in-lieve-diminuzione-e-bellunese-stabile\\\/\",\"url\":\"https:\\\/\\\/www.bellunopress.it\\\/2025\\\/12\\\/28\\\/i-dati-dellinterscambio-con-lestero-nei-primi-nove-mesi-2025-export-trevigiano-in-lieve-diminuzione-e-bellunese-stabile\\\/\",\"name\":\"I dati dell'interscambio con l'estero nei primi nove mesi 2025.\u00a0Export trevigiano in lieve diminuzione e bellunese stabile - Bellunopress - Dolomiti\",\"isPartOf\":{\"@id\":\"https:\\\/\\\/www.bellunopress.it\\\/#website\"},\"primaryImageOfPage\":{\"@id\":\"https:\\\/\\\/www.bellunopress.it\\\/2025\\\/12\\\/28\\\/i-dati-dellinterscambio-con-lestero-nei-primi-nove-mesi-2025-export-trevigiano-in-lieve-diminuzione-e-bellunese-stabile\\\/#primaryimage\"},\"image\":{\"@id\":\"https:\\\/\\\/www.bellunopress.it\\\/2025\\\/12\\\/28\\\/i-dati-dellinterscambio-con-lestero-nei-primi-nove-mesi-2025-export-trevigiano-in-lieve-diminuzione-e-bellunese-stabile\\\/#primaryimage\"},\"thumbnailUrl\":\"https:\\\/\\\/www.bellunopress.it\\\/wp-content\\\/uploads\\\/2023\\\/10\\\/Mario-Pozza_edited.jpg\",\"datePublished\":\"2025-12-28T09:28:13+00:00\",\"breadcrumb\":{\"@id\":\"https:\\\/\\\/www.bellunopress.it\\\/2025\\\/12\\\/28\\\/i-dati-dellinterscambio-con-lestero-nei-primi-nove-mesi-2025-export-trevigiano-in-lieve-diminuzione-e-bellunese-stabile\\\/#breadcrumb\"},\"inLanguage\":\"fr-FR\",\"potentialAction\":[{\"@type\":\"ReadAction\",\"target\":[\"https:\\\/\\\/www.bellunopress.it\\\/2025\\\/12\\\/28\\\/i-dati-dellinterscambio-con-lestero-nei-primi-nove-mesi-2025-export-trevigiano-in-lieve-diminuzione-e-bellunese-stabile\\\/\"]}]},{\"@type\":\"ImageObject\",\"inLanguage\":\"fr-FR\",\"@id\":\"https:\\\/\\\/www.bellunopress.it\\\/2025\\\/12\\\/28\\\/i-dati-dellinterscambio-con-lestero-nei-primi-nove-mesi-2025-export-trevigiano-in-lieve-diminuzione-e-bellunese-stabile\\\/#primaryimage\",\"url\":\"https:\\\/\\\/www.bellunopress.it\\\/wp-content\\\/uploads\\\/2023\\\/10\\\/Mario-Pozza_edited.jpg\",\"contentUrl\":\"https:\\\/\\\/www.bellunopress.it\\\/wp-content\\\/uploads\\\/2023\\\/10\\\/Mario-Pozza_edited.jpg\",\"width\":1000,\"height\":800,\"caption\":\"Mario Pozza - Presidente Camera di Commercio Treviso\\\/Belluno\\\/Dolomiti\"},{\"@type\":\"BreadcrumbList\",\"@id\":\"https:\\\/\\\/www.bellunopress.it\\\/2025\\\/12\\\/28\\\/i-dati-dellinterscambio-con-lestero-nei-primi-nove-mesi-2025-export-trevigiano-in-lieve-diminuzione-e-bellunese-stabile\\\/#breadcrumb\",\"itemListElement\":[{\"@type\":\"ListItem\",\"position\":1,\"name\":\"Home\",\"item\":\"https:\\\/\\\/www.bellunopress.it\\\/\"},{\"@type\":\"ListItem\",\"position\":2,\"name\":\"I dati dell&#8217;interscambio con l&#8217;estero nei primi nove mesi 2025.\u00a0Export trevigiano in lieve diminuzione e bellunese stabile\"}]},{\"@type\":\"WebSite\",\"@id\":\"https:\\\/\\\/www.bellunopress.it\\\/#website\",\"url\":\"https:\\\/\\\/www.bellunopress.it\\\/\",\"name\":\"Bellunopress - Dolomiti\",\"description\":\"e-mail: redazione@bellunopress.it\",\"publisher\":{\"@id\":\"https:\\\/\\\/www.bellunopress.it\\\/#organization\"},\"potentialAction\":[{\"@type\":\"SearchAction\",\"target\":{\"@type\":\"EntryPoint\",\"urlTemplate\":\"https:\\\/\\\/www.bellunopress.it\\\/?s={search_term_string}\"},\"query-input\":{\"@type\":\"PropertyValueSpecification\",\"valueRequired\":true,\"valueName\":\"search_term_string\"}}],\"inLanguage\":\"fr-FR\"},{\"@type\":\"Organization\",\"@id\":\"https:\\\/\\\/www.bellunopress.it\\\/#organization\",\"name\":\"Bellunopress\",\"url\":\"https:\\\/\\\/www.bellunopress.it\\\/\",\"logo\":{\"@type\":\"ImageObject\",\"inLanguage\":\"fr-FR\",\"@id\":\"https:\\\/\\\/www.bellunopress.it\\\/#\\\/schema\\\/logo\\\/image\\\/\",\"url\":\"https:\\\/\\\/www.bellunopress.it\\\/wp-content\\\/uploads\\\/2011\\\/05\\\/cropped-logo-bellunopress-.jpg\",\"contentUrl\":\"https:\\\/\\\/www.bellunopress.it\\\/wp-content\\\/uploads\\\/2011\\\/05\\\/cropped-logo-bellunopress-.jpg\",\"width\":512,\"height\":512,\"caption\":\"Bellunopress\"},\"image\":{\"@id\":\"https:\\\/\\\/www.bellunopress.it\\\/#\\\/schema\\\/logo\\\/image\\\/\"},\"sameAs\":[\"https:\\\/\\\/www.facebook.com\\\/profile.php?id=100008943462799\",\"https:\\\/\\\/x.com\\\/bellunopress\",\"https:\\\/\\\/www.linkedin.com\\\/hp\\\/?dnr=JBzUWaJfMUw8vbXJJ2tVW5-I3jZKvC4wsoxE&amp;amp;amp;amp;amp;amp;trk=nav_responsive_tab_home\",\"https:\\\/\\\/www.youtube.com\\\/channel\\\/UCxL0wu1uN0_3_7hGG0306cw\"]},{\"@type\":\"Person\",\"@id\":\"https:\\\/\\\/www.bellunopress.it\\\/#\\\/schema\\\/person\\\/79bb06722b37ece1c03d3e94beb30d73\",\"name\":\"redazione\",\"image\":{\"@type\":\"ImageObject\",\"inLanguage\":\"fr-FR\",\"@id\":\"https:\\\/\\\/secure.gravatar.com\\\/avatar\\\/37d968a2e67a6fd04c169c4bdef102d0bc5d31b2546345219e348575eb80e9a0?s=96&d=mm&r=g\",\"url\":\"https:\\\/\\\/secure.gravatar.com\\\/avatar\\\/37d968a2e67a6fd04c169c4bdef102d0bc5d31b2546345219e348575eb80e9a0?s=96&d=mm&r=g\",\"contentUrl\":\"https:\\\/\\\/secure.gravatar.com\\\/avatar\\\/37d968a2e67a6fd04c169c4bdef102d0bc5d31b2546345219e348575eb80e9a0?s=96&d=mm&r=g\",\"caption\":\"redazione\"},\"sameAs\":[\"http:\\\/\\\/www.bellunopress.it\",\"https:\\\/\\\/x.com\\\/bellunopress\"],\"url\":\"https:\\\/\\\/www.bellunopress.it\\\/fr\\\/author\\\/redazione\\\/\"}]}<\/script>\n<!-- \/ Yoast SEO plugin. -->","yoast_head_json":{"title":"I dati dell'interscambio con l'estero nei primi nove mesi 2025.\u00a0Export trevigiano in lieve diminuzione e bellunese stabile - Bellunopress - Dolomiti","robots":{"index":"index","follow":"follow","max-snippet":"max-snippet:-1","max-image-preview":"max-image-preview:large","max-video-preview":"max-video-preview:-1"},"canonical":"https:\/\/www.bellunopress.it\/fr\/2025\/12\/28\/i-dati-dellinterscambio-con-lestero-nei-primi-nove-mesi-2025-export-trevigiano-in-lieve-diminuzione-e-bellunese-stabile\/","og_locale":"fr_FR","og_type":"article","og_title":"I dati dell'interscambio con l'estero nei primi nove mesi 2025.\u00a0Export trevigiano in lieve diminuzione e bellunese stabile - Bellunopress - Dolomiti","og_description":"Per Treviso la variazione tendenziale \u00e8 del -1,2%, per Belluno del -0,4%. In entrambe le province export in calo verso gli Stati Uniti, in recupero verso la Germania. Dinamica positiva per i macchinari sia per Treviso (+2,0%) che per Belluno (+14,4%). Treviso, 28 dicembre 2025 &#8211;\u00a0\u00a0&#8220;Nei primi nove mesi del 2025, in base ai dati [&hellip;]","og_url":"https:\/\/www.bellunopress.it\/fr\/2025\/12\/28\/i-dati-dellinterscambio-con-lestero-nei-primi-nove-mesi-2025-export-trevigiano-in-lieve-diminuzione-e-bellunese-stabile\/","og_site_name":"Bellunopress - Dolomiti","article_publisher":"https:\/\/www.facebook.com\/profile.php?id=100008943462799","article_published_time":"2025-12-28T09:28:13+00:00","og_image":[{"width":1000,"height":800,"url":"https:\/\/www.bellunopress.it\/wp-content\/uploads\/2023\/10\/Mario-Pozza_edited.jpg","type":"image\/jpeg"}],"author":"redazione","twitter_card":"summary_large_image","twitter_creator":"@bellunopress","twitter_site":"@bellunopress","twitter_misc":{"\u00c9crit par":"redazione","Dur\u00e9e de lecture estim\u00e9e":"4 minutes"},"schema":{"@context":"https:\/\/schema.org","@graph":[{"@type":"Article","@id":"https:\/\/www.bellunopress.it\/2025\/12\/28\/i-dati-dellinterscambio-con-lestero-nei-primi-nove-mesi-2025-export-trevigiano-in-lieve-diminuzione-e-bellunese-stabile\/#article","isPartOf":{"@id":"https:\/\/www.bellunopress.it\/2025\/12\/28\/i-dati-dellinterscambio-con-lestero-nei-primi-nove-mesi-2025-export-trevigiano-in-lieve-diminuzione-e-bellunese-stabile\/"},"author":{"name":"redazione","@id":"https:\/\/www.bellunopress.it\/#\/schema\/person\/79bb06722b37ece1c03d3e94beb30d73"},"headline":"I dati dell&#8217;interscambio con l&#8217;estero nei primi nove mesi 2025.\u00a0Export trevigiano in lieve diminuzione e bellunese stabile","datePublished":"2025-12-28T09:28:13+00:00","mainEntityOfPage":{"@id":"https:\/\/www.bellunopress.it\/2025\/12\/28\/i-dati-dellinterscambio-con-lestero-nei-primi-nove-mesi-2025-export-trevigiano-in-lieve-diminuzione-e-bellunese-stabile\/"},"wordCount":746,"publisher":{"@id":"https:\/\/www.bellunopress.it\/#organization"},"image":{"@id":"https:\/\/www.bellunopress.it\/2025\/12\/28\/i-dati-dellinterscambio-con-lestero-nei-primi-nove-mesi-2025-export-trevigiano-in-lieve-diminuzione-e-bellunese-stabile\/#primaryimage"},"thumbnailUrl":"https:\/\/www.bellunopress.it\/wp-content\/uploads\/2023\/10\/Mario-Pozza_edited.jpg","articleSection":["Lavoro, Economia, Turismo","Prima Pagina"],"inLanguage":"fr-FR"},{"@type":"WebPage","@id":"https:\/\/www.bellunopress.it\/2025\/12\/28\/i-dati-dellinterscambio-con-lestero-nei-primi-nove-mesi-2025-export-trevigiano-in-lieve-diminuzione-e-bellunese-stabile\/","url":"https:\/\/www.bellunopress.it\/2025\/12\/28\/i-dati-dellinterscambio-con-lestero-nei-primi-nove-mesi-2025-export-trevigiano-in-lieve-diminuzione-e-bellunese-stabile\/","name":"I dati dell'interscambio con l'estero nei primi nove mesi 2025.\u00a0Export trevigiano in lieve diminuzione e bellunese stabile - Bellunopress - Dolomiti","isPartOf":{"@id":"https:\/\/www.bellunopress.it\/#website"},"primaryImageOfPage":{"@id":"https:\/\/www.bellunopress.it\/2025\/12\/28\/i-dati-dellinterscambio-con-lestero-nei-primi-nove-mesi-2025-export-trevigiano-in-lieve-diminuzione-e-bellunese-stabile\/#primaryimage"},"image":{"@id":"https:\/\/www.bellunopress.it\/2025\/12\/28\/i-dati-dellinterscambio-con-lestero-nei-primi-nove-mesi-2025-export-trevigiano-in-lieve-diminuzione-e-bellunese-stabile\/#primaryimage"},"thumbnailUrl":"https:\/\/www.bellunopress.it\/wp-content\/uploads\/2023\/10\/Mario-Pozza_edited.jpg","datePublished":"2025-12-28T09:28:13+00:00","breadcrumb":{"@id":"https:\/\/www.bellunopress.it\/2025\/12\/28\/i-dati-dellinterscambio-con-lestero-nei-primi-nove-mesi-2025-export-trevigiano-in-lieve-diminuzione-e-bellunese-stabile\/#breadcrumb"},"inLanguage":"fr-FR","potentialAction":[{"@type":"ReadAction","target":["https:\/\/www.bellunopress.it\/2025\/12\/28\/i-dati-dellinterscambio-con-lestero-nei-primi-nove-mesi-2025-export-trevigiano-in-lieve-diminuzione-e-bellunese-stabile\/"]}]},{"@type":"ImageObject","inLanguage":"fr-FR","@id":"https:\/\/www.bellunopress.it\/2025\/12\/28\/i-dati-dellinterscambio-con-lestero-nei-primi-nove-mesi-2025-export-trevigiano-in-lieve-diminuzione-e-bellunese-stabile\/#primaryimage","url":"https:\/\/www.bellunopress.it\/wp-content\/uploads\/2023\/10\/Mario-Pozza_edited.jpg","contentUrl":"https:\/\/www.bellunopress.it\/wp-content\/uploads\/2023\/10\/Mario-Pozza_edited.jpg","width":1000,"height":800,"caption":"Mario Pozza - Presidente Camera di Commercio Treviso\/Belluno\/Dolomiti"},{"@type":"BreadcrumbList","@id":"https:\/\/www.bellunopress.it\/2025\/12\/28\/i-dati-dellinterscambio-con-lestero-nei-primi-nove-mesi-2025-export-trevigiano-in-lieve-diminuzione-e-bellunese-stabile\/#breadcrumb","itemListElement":[{"@type":"ListItem","position":1,"name":"Home","item":"https:\/\/www.bellunopress.it\/"},{"@type":"ListItem","position":2,"name":"I dati dell&#8217;interscambio con l&#8217;estero nei primi nove mesi 2025.\u00a0Export trevigiano in lieve diminuzione e bellunese stabile"}]},{"@type":"WebSite","@id":"https:\/\/www.bellunopress.it\/#website","url":"https:\/\/www.bellunopress.it\/","name":"Bellunopress - Dolomiti","description":"e-mail: redazione@bellunopress.it","publisher":{"@id":"https:\/\/www.bellunopress.it\/#organization"},"potentialAction":[{"@type":"SearchAction","target":{"@type":"EntryPoint","urlTemplate":"https:\/\/www.bellunopress.it\/?s={search_term_string}"},"query-input":{"@type":"PropertyValueSpecification","valueRequired":true,"valueName":"search_term_string"}}],"inLanguage":"fr-FR"},{"@type":"Organization","@id":"https:\/\/www.bellunopress.it\/#organization","name":"Bellunopress","url":"https:\/\/www.bellunopress.it\/","logo":{"@type":"ImageObject","inLanguage":"fr-FR","@id":"https:\/\/www.bellunopress.it\/#\/schema\/logo\/image\/","url":"https:\/\/www.bellunopress.it\/wp-content\/uploads\/2011\/05\/cropped-logo-bellunopress-.jpg","contentUrl":"https:\/\/www.bellunopress.it\/wp-content\/uploads\/2011\/05\/cropped-logo-bellunopress-.jpg","width":512,"height":512,"caption":"Bellunopress"},"image":{"@id":"https:\/\/www.bellunopress.it\/#\/schema\/logo\/image\/"},"sameAs":["https:\/\/www.facebook.com\/profile.php?id=100008943462799","https:\/\/x.com\/bellunopress","https:\/\/www.linkedin.com\/hp\/?dnr=JBzUWaJfMUw8vbXJJ2tVW5-I3jZKvC4wsoxE&amp;amp;amp;amp;amp;amp;trk=nav_responsive_tab_home","https:\/\/www.youtube.com\/channel\/UCxL0wu1uN0_3_7hGG0306cw"]},{"@type":"Person","@id":"https:\/\/www.bellunopress.it\/#\/schema\/person\/79bb06722b37ece1c03d3e94beb30d73","name":"r\u00e9daction","image":{"@type":"ImageObject","inLanguage":"fr-FR","@id":"https:\/\/secure.gravatar.com\/avatar\/37d968a2e67a6fd04c169c4bdef102d0bc5d31b2546345219e348575eb80e9a0?s=96&d=mm&r=g","url":"https:\/\/secure.gravatar.com\/avatar\/37d968a2e67a6fd04c169c4bdef102d0bc5d31b2546345219e348575eb80e9a0?s=96&d=mm&r=g","contentUrl":"https:\/\/secure.gravatar.com\/avatar\/37d968a2e67a6fd04c169c4bdef102d0bc5d31b2546345219e348575eb80e9a0?s=96&d=mm&r=g","caption":"redazione"},"sameAs":["http:\/\/www.bellunopress.it","https:\/\/x.com\/bellunopress"],"url":"https:\/\/www.bellunopress.it\/fr\/author\/redazione\/"}]}},"_links":{"self":[{"href":"https:\/\/www.bellunopress.it\/fr\/wp-json\/wp\/v2\/posts\/166060","targetHints":{"allow":["GET"]}}],"collection":[{"href":"https:\/\/www.bellunopress.it\/fr\/wp-json\/wp\/v2\/posts"}],"about":[{"href":"https:\/\/www.bellunopress.it\/fr\/wp-json\/wp\/v2\/types\/post"}],"author":[{"embeddable":true,"href":"https:\/\/www.bellunopress.it\/fr\/wp-json\/wp\/v2\/users\/2"}],"replies":[{"embeddable":true,"href":"https:\/\/www.bellunopress.it\/fr\/wp-json\/wp\/v2\/comments?post=166060"}],"version-history":[{"count":1,"href":"https:\/\/www.bellunopress.it\/fr\/wp-json\/wp\/v2\/posts\/166060\/revisions"}],"predecessor-version":[{"id":166061,"href":"https:\/\/www.bellunopress.it\/fr\/wp-json\/wp\/v2\/posts\/166060\/revisions\/166061"}],"wp:featuredmedia":[{"embeddable":true,"href":"https:\/\/www.bellunopress.it\/fr\/wp-json\/wp\/v2\/media\/145120"}],"wp:attachment":[{"href":"https:\/\/www.bellunopress.it\/fr\/wp-json\/wp\/v2\/media?parent=166060"}],"wp:term":[{"taxonomy":"category","embeddable":true,"href":"https:\/\/www.bellunopress.it\/fr\/wp-json\/wp\/v2\/categories?post=166060"},{"taxonomy":"post_tag","embeddable":true,"href":"https:\/\/www.bellunopress.it\/fr\/wp-json\/wp\/v2\/tags?post=166060"}],"curies":[{"name":"wp","href":"https:\/\/api.w.org\/{rel}","templated":true}]}}