{"id":166044,"date":"2025-12-27T18:57:07","date_gmt":"2025-12-27T17:57:07","guid":{"rendered":"https:\/\/www.bellunopress.it\/?p=166044"},"modified":"2025-12-28T08:11:32","modified_gmt":"2025-12-28T07:11:32","slug":"autonomia-basta-propaganda-servono-i-fatti","status":"publish","type":"post","link":"https:\/\/www.bellunopress.it\/fr\/2025\/12\/27\/autonomia-basta-propaganda-servono-i-fatti\/","title":{"rendered":"Autonomia: basta propaganda, servono i fatti"},"content":{"rendered":"<p><img loading=\"lazy\" decoding=\"async\" class=\"aligncenter size-full wp-image-112601\" src=\"https:\/\/www.bellunopress.it\/wp-content\/uploads\/2020\/03\/lettere-al-direttore-bellunopress.jpg\" alt=\"lettera al direttore\" width=\"677\" height=\"454\" srcset=\"https:\/\/www.bellunopress.it\/wp-content\/uploads\/2020\/03\/lettere-al-direttore-bellunopress.jpg 677w, https:\/\/www.bellunopress.it\/wp-content\/uploads\/2020\/03\/lettere-al-direttore-bellunopress-500x335.jpg 500w, https:\/\/www.bellunopress.it\/wp-content\/uploads\/2020\/03\/lettere-al-direttore-bellunopress-626x420.jpg 626w\" sizes=\"auto, (max-width: 677px) 100vw, 677px\" \/><\/p>\n<p>Caro Direttore,<br \/>\nfacendo seguito all\u2019analisi pubblicata su questa testata lo scorso 25 dicembre, ho ritenuto<br \/>\ndoveroso passare dall&#8217;analisi all&#8217;azione civica. Ho inviato una comunicazione formale a 49<br \/>\nConsiglieri Regionali e a quelli di Centro Destra ( i vincenti) e a quelli di Centro Sinistra (i<br \/>\nperdenti), di modo che ciascun appartenente alla coalizione di riferimento potesse leggere<br \/>\nquanto inviato ai colleghi dello stesso convincimento politico.<\/p>\n<p>A ciascuno ho parlato con estrema chiarezza riguardo alla mia posizione di elettore.<br \/>\nAlla maggioranza di Centro-Destra ho scritto:<br \/>\n&#8220;Al di l\u00e0 delle diverse appartenenze politiche e del fatto che non ho concorso con il mio voto<br \/>\nalla vostra elezione, vi scrivo come cittadino e contribuente che ha a cuore il futuro del<br \/>\nVeneto.&#8221;<\/p>\n<p>Ai Consiglieri di Centro-Sinistra ho invece rivolto parole pi\u00f9 schiette:<br \/>\n&#8220;A voi, che dovreste rappresentare l&#8217;alternativa, parlo con la schiettezza di chi deve<br \/>\ndecidere ogni volta se rifugiarsi nell&#8217;astensione o turarsi il naso e scegliere il meno peggio.&#8221;<\/p>\n<p>A tutti ho ricordato che la firma del 18 novembre scorso non \u00e8 un traguardo, ma un&#8217;incognita irta di ostacoli tecnici e finanziari. Ho evidenziato i tre pilastri della Sentenza 192\/2024 della Consulta che rendono l\u2019attuale iter quasi impraticabile:<br \/>\n\u2022 Dalle Materie alle &#8220;Briciole&#8221;: Non si negoziano pi\u00f9 le 23 materie, ma circa 500 singole<br \/>\nfunzioni. Il rischio \u00e8 uno &#8220;spezzatino&#8221; di competenze ancillari senza reale peso<br \/>\neconomico.<br \/>\n\u2022 Il Muro dei LEP: Senza gli 80 miliardi necessari a finanziare i Livelli Essenziali di<br \/>\nPrestazione a livello nazionale \u2014 fondi inesistenti nel bilancio dello Stato \u2014 il<br \/>\ntrasferimento delle funzioni \u00e8 legalmente bloccato.<br \/>\n\u2022 L\u2019Eclissi di Venezia: Il potere si \u00e8 spostato a Roma. Con il Dipartimento Affari<br \/>\nRegionali sotto l&#8217;egida di Palazzo Chigi e un Parlamento che ha riacquisito il potere di<br \/>\nemendare l\u2019Intesa, l\u2019Autonomia \u00e8 diventata una concessione discrezionale del<br \/>\nGoverno centrale.<\/p>\n<p>Rendo ora pubblica per tutti la documentazione tecnica che ho suggerito alla minoranza,<br \/>\naffinch\u00e9 ogni cittadino possa verificare l&#8217;insostenibilit\u00e0 finanziaria dei LEP: i dossier della<br \/>\nFondazione Astrid (Bassanini-Manzella) e il Rapporto DARA (Dipartimento Affari Regionali)<br \/>\nsui fabbisogni standard.<br \/>\n\u00c8 tempo che il Consiglio Regionale operi per l&#8217;interesse di tutti. Invito i lettori a fare altrettanto utilizzando gli indirizzi e-mail istituzionali dei rappresentanti (reperibili su:<br \/>\nhttps:\/\/www.consiglioveneto.it\/consiglieri\/) per chiedere conto di come intendano superare<br \/>\nquesti ostacoli reali.<\/p>\n<p>In democrazia \u00e8 importante partecipare ognuno come pu\u00f2 e sente necessario di &#8220;dover<br \/>\nfare\u201d per la propria comunit\u00e0.<br \/>\nCordialit\u00e0<\/p>\n<p><strong>Enzo De Biasi<\/strong><br \/>\n27 dicembre 2025<\/p>","protected":false},"excerpt":{"rendered":"<p>Caro Direttore, facendo seguito all\u2019analisi pubblicata su questa testata lo scorso 25 dicembre, ho ritenuto doveroso passare dall&#8217;analisi all&#8217;azione civica. Ho inviato una comunicazione formale a 49 Consiglieri Regionali e a quelli di Centro Destra ( i vincenti) e a quelli di Centro Sinistra (i perdenti), di modo che ciascun appartenente alla coalizione di riferimento [&hellip;]<\/p>\n","protected":false},"author":2,"featured_media":112601,"comment_status":"closed","ping_status":"open","sticky":false,"template":"","format":"standard","meta":{"footnotes":""},"categories":[1],"tags":[],"class_list":["post-166044","post","type-post","status-publish","format-standard","has-post-thumbnail","category-leo"],"yoast_head":"<!-- This site is optimized with the Yoast SEO plugin v28.4 - https:\/\/yoast.com\/product\/yoast-seo-wordpress\/ -->\n<title>Autonomia: basta propaganda, servono i fatti - Bellunopress - Dolomiti<\/title>\n<meta name=\"robots\" content=\"index, follow, max-snippet:-1, max-image-preview:large, max-video-preview:-1\" \/>\n<link rel=\"canonical\" href=\"https:\/\/www.bellunopress.it\/fr\/2025\/12\/27\/autonomia-basta-propaganda-servono-i-fatti\/\" \/>\n<meta property=\"og:locale\" content=\"fr_FR\" \/>\n<meta property=\"og:type\" content=\"article\" \/>\n<meta property=\"og:title\" content=\"Autonomia: basta propaganda, servono i fatti - Bellunopress - Dolomiti\" \/>\n<meta property=\"og:description\" content=\"Caro Direttore, facendo seguito all\u2019analisi pubblicata su questa testata lo scorso 25 dicembre, ho ritenuto doveroso passare dall&#8217;analisi all&#8217;azione civica. Ho inviato una comunicazione formale a 49 Consiglieri Regionali e a quelli di Centro Destra ( i vincenti) e a quelli di Centro Sinistra (i perdenti), di modo che ciascun appartenente alla coalizione di riferimento [&hellip;]\" \/>\n<meta property=\"og:url\" content=\"https:\/\/www.bellunopress.it\/fr\/2025\/12\/27\/autonomia-basta-propaganda-servono-i-fatti\/\" \/>\n<meta property=\"og:site_name\" content=\"Bellunopress - Dolomiti\" \/>\n<meta property=\"article:publisher\" content=\"https:\/\/www.facebook.com\/profile.php?id=100008943462799\" \/>\n<meta property=\"article:published_time\" content=\"2025-12-27T17:57:07+00:00\" \/>\n<meta property=\"article:modified_time\" content=\"2025-12-28T07:11:32+00:00\" \/>\n<meta property=\"og:image\" content=\"https:\/\/www.bellunopress.it\/wp-content\/uploads\/2020\/03\/lettere-al-direttore-bellunopress.jpg\" \/>\n\t<meta property=\"og:image:width\" content=\"677\" \/>\n\t<meta property=\"og:image:height\" content=\"454\" \/>\n\t<meta property=\"og:image:type\" content=\"image\/jpeg\" \/>\n<meta name=\"author\" content=\"redazione\" \/>\n<meta name=\"twitter:card\" content=\"summary_large_image\" \/>\n<meta name=\"twitter:creator\" content=\"@bellunopress\" \/>\n<meta name=\"twitter:site\" content=\"@bellunopress\" \/>\n<meta name=\"twitter:label1\" content=\"\u00c9crit par\" \/>\n\t<meta name=\"twitter:data1\" content=\"redazione\" \/>\n\t<meta name=\"twitter:label2\" content=\"Dur\u00e9e de lecture estim\u00e9e\" \/>\n\t<meta name=\"twitter:data2\" content=\"2 minutes\" \/>\n<script type=\"application\/ld+json\" class=\"yoast-schema-graph\">{\"@context\":\"https:\\\/\\\/schema.org\",\"@graph\":[{\"@type\":\"Article\",\"@id\":\"https:\\\/\\\/www.bellunopress.it\\\/2025\\\/12\\\/27\\\/autonomia-basta-propaganda-servono-i-fatti\\\/#article\",\"isPartOf\":{\"@id\":\"https:\\\/\\\/www.bellunopress.it\\\/2025\\\/12\\\/27\\\/autonomia-basta-propaganda-servono-i-fatti\\\/\"},\"author\":{\"name\":\"redazione\",\"@id\":\"https:\\\/\\\/www.bellunopress.it\\\/#\\\/schema\\\/person\\\/79bb06722b37ece1c03d3e94beb30d73\"},\"headline\":\"Autonomia: basta propaganda, servono i fatti\",\"datePublished\":\"2025-12-27T17:57:07+00:00\",\"dateModified\":\"2025-12-28T07:11:32+00:00\",\"mainEntityOfPage\":{\"@id\":\"https:\\\/\\\/www.bellunopress.it\\\/2025\\\/12\\\/27\\\/autonomia-basta-propaganda-servono-i-fatti\\\/\"},\"wordCount\":402,\"publisher\":{\"@id\":\"https:\\\/\\\/www.bellunopress.it\\\/#organization\"},\"image\":{\"@id\":\"https:\\\/\\\/www.bellunopress.it\\\/2025\\\/12\\\/27\\\/autonomia-basta-propaganda-servono-i-fatti\\\/#primaryimage\"},\"thumbnailUrl\":\"https:\\\/\\\/www.bellunopress.it\\\/wp-content\\\/uploads\\\/2020\\\/03\\\/lettere-al-direttore-bellunopress.jpg\",\"articleSection\":[\"Lettere Opinioni\"],\"inLanguage\":\"fr-FR\"},{\"@type\":\"WebPage\",\"@id\":\"https:\\\/\\\/www.bellunopress.it\\\/2025\\\/12\\\/27\\\/autonomia-basta-propaganda-servono-i-fatti\\\/\",\"url\":\"https:\\\/\\\/www.bellunopress.it\\\/2025\\\/12\\\/27\\\/autonomia-basta-propaganda-servono-i-fatti\\\/\",\"name\":\"Autonomia: basta propaganda, servono i fatti - Bellunopress - Dolomiti\",\"isPartOf\":{\"@id\":\"https:\\\/\\\/www.bellunopress.it\\\/#website\"},\"primaryImageOfPage\":{\"@id\":\"https:\\\/\\\/www.bellunopress.it\\\/2025\\\/12\\\/27\\\/autonomia-basta-propaganda-servono-i-fatti\\\/#primaryimage\"},\"image\":{\"@id\":\"https:\\\/\\\/www.bellunopress.it\\\/2025\\\/12\\\/27\\\/autonomia-basta-propaganda-servono-i-fatti\\\/#primaryimage\"},\"thumbnailUrl\":\"https:\\\/\\\/www.bellunopress.it\\\/wp-content\\\/uploads\\\/2020\\\/03\\\/lettere-al-direttore-bellunopress.jpg\",\"datePublished\":\"2025-12-27T17:57:07+00:00\",\"dateModified\":\"2025-12-28T07:11:32+00:00\",\"breadcrumb\":{\"@id\":\"https:\\\/\\\/www.bellunopress.it\\\/2025\\\/12\\\/27\\\/autonomia-basta-propaganda-servono-i-fatti\\\/#breadcrumb\"},\"inLanguage\":\"fr-FR\",\"potentialAction\":[{\"@type\":\"ReadAction\",\"target\":[\"https:\\\/\\\/www.bellunopress.it\\\/2025\\\/12\\\/27\\\/autonomia-basta-propaganda-servono-i-fatti\\\/\"]}]},{\"@type\":\"ImageObject\",\"inLanguage\":\"fr-FR\",\"@id\":\"https:\\\/\\\/www.bellunopress.it\\\/2025\\\/12\\\/27\\\/autonomia-basta-propaganda-servono-i-fatti\\\/#primaryimage\",\"url\":\"https:\\\/\\\/www.bellunopress.it\\\/wp-content\\\/uploads\\\/2020\\\/03\\\/lettere-al-direttore-bellunopress.jpg\",\"contentUrl\":\"https:\\\/\\\/www.bellunopress.it\\\/wp-content\\\/uploads\\\/2020\\\/03\\\/lettere-al-direttore-bellunopress.jpg\",\"width\":677,\"height\":454,\"caption\":\"lettera al direttore\"},{\"@type\":\"BreadcrumbList\",\"@id\":\"https:\\\/\\\/www.bellunopress.it\\\/2025\\\/12\\\/27\\\/autonomia-basta-propaganda-servono-i-fatti\\\/#breadcrumb\",\"itemListElement\":[{\"@type\":\"ListItem\",\"position\":1,\"name\":\"Home\",\"item\":\"https:\\\/\\\/www.bellunopress.it\\\/\"},{\"@type\":\"ListItem\",\"position\":2,\"name\":\"Autonomia: basta propaganda, servono i fatti\"}]},{\"@type\":\"WebSite\",\"@id\":\"https:\\\/\\\/www.bellunopress.it\\\/#website\",\"url\":\"https:\\\/\\\/www.bellunopress.it\\\/\",\"name\":\"Bellunopress - Dolomiti\",\"description\":\"e-mail: redazione@bellunopress.it\",\"publisher\":{\"@id\":\"https:\\\/\\\/www.bellunopress.it\\\/#organization\"},\"potentialAction\":[{\"@type\":\"SearchAction\",\"target\":{\"@type\":\"EntryPoint\",\"urlTemplate\":\"https:\\\/\\\/www.bellunopress.it\\\/?s={search_term_string}\"},\"query-input\":{\"@type\":\"PropertyValueSpecification\",\"valueRequired\":true,\"valueName\":\"search_term_string\"}}],\"inLanguage\":\"fr-FR\"},{\"@type\":\"Organization\",\"@id\":\"https:\\\/\\\/www.bellunopress.it\\\/#organization\",\"name\":\"Bellunopress\",\"url\":\"https:\\\/\\\/www.bellunopress.it\\\/\",\"logo\":{\"@type\":\"ImageObject\",\"inLanguage\":\"fr-FR\",\"@id\":\"https:\\\/\\\/www.bellunopress.it\\\/#\\\/schema\\\/logo\\\/image\\\/\",\"url\":\"https:\\\/\\\/www.bellunopress.it\\\/wp-content\\\/uploads\\\/2011\\\/05\\\/cropped-logo-bellunopress-.jpg\",\"contentUrl\":\"https:\\\/\\\/www.bellunopress.it\\\/wp-content\\\/uploads\\\/2011\\\/05\\\/cropped-logo-bellunopress-.jpg\",\"width\":512,\"height\":512,\"caption\":\"Bellunopress\"},\"image\":{\"@id\":\"https:\\\/\\\/www.bellunopress.it\\\/#\\\/schema\\\/logo\\\/image\\\/\"},\"sameAs\":[\"https:\\\/\\\/www.facebook.com\\\/profile.php?id=100008943462799\",\"https:\\\/\\\/x.com\\\/bellunopress\",\"https:\\\/\\\/www.linkedin.com\\\/hp\\\/?dnr=JBzUWaJfMUw8vbXJJ2tVW5-I3jZKvC4wsoxE&amp;amp;amp;amp;amp;amp;trk=nav_responsive_tab_home\",\"https:\\\/\\\/www.youtube.com\\\/channel\\\/UCxL0wu1uN0_3_7hGG0306cw\"]},{\"@type\":\"Person\",\"@id\":\"https:\\\/\\\/www.bellunopress.it\\\/#\\\/schema\\\/person\\\/79bb06722b37ece1c03d3e94beb30d73\",\"name\":\"redazione\",\"image\":{\"@type\":\"ImageObject\",\"inLanguage\":\"fr-FR\",\"@id\":\"https:\\\/\\\/secure.gravatar.com\\\/avatar\\\/37d968a2e67a6fd04c169c4bdef102d0bc5d31b2546345219e348575eb80e9a0?s=96&d=mm&r=g\",\"url\":\"https:\\\/\\\/secure.gravatar.com\\\/avatar\\\/37d968a2e67a6fd04c169c4bdef102d0bc5d31b2546345219e348575eb80e9a0?s=96&d=mm&r=g\",\"contentUrl\":\"https:\\\/\\\/secure.gravatar.com\\\/avatar\\\/37d968a2e67a6fd04c169c4bdef102d0bc5d31b2546345219e348575eb80e9a0?s=96&d=mm&r=g\",\"caption\":\"redazione\"},\"sameAs\":[\"http:\\\/\\\/www.bellunopress.it\",\"https:\\\/\\\/x.com\\\/bellunopress\"],\"url\":\"https:\\\/\\\/www.bellunopress.it\\\/fr\\\/author\\\/redazione\\\/\"}]}<\/script>\n<!-- \/ Yoast SEO plugin. -->","yoast_head_json":{"title":"Autonomia: basta propaganda, servono i fatti - Bellunopress - Dolomiti","robots":{"index":"index","follow":"follow","max-snippet":"max-snippet:-1","max-image-preview":"max-image-preview:large","max-video-preview":"max-video-preview:-1"},"canonical":"https:\/\/www.bellunopress.it\/fr\/2025\/12\/27\/autonomia-basta-propaganda-servono-i-fatti\/","og_locale":"fr_FR","og_type":"article","og_title":"Autonomia: basta propaganda, servono i fatti - Bellunopress - Dolomiti","og_description":"Caro Direttore, facendo seguito all\u2019analisi pubblicata su questa testata lo scorso 25 dicembre, ho ritenuto doveroso passare dall&#8217;analisi all&#8217;azione civica. Ho inviato una comunicazione formale a 49 Consiglieri Regionali e a quelli di Centro Destra ( i vincenti) e a quelli di Centro Sinistra (i perdenti), di modo che ciascun appartenente alla coalizione di riferimento [&hellip;]","og_url":"https:\/\/www.bellunopress.it\/fr\/2025\/12\/27\/autonomia-basta-propaganda-servono-i-fatti\/","og_site_name":"Bellunopress - Dolomiti","article_publisher":"https:\/\/www.facebook.com\/profile.php?id=100008943462799","article_published_time":"2025-12-27T17:57:07+00:00","article_modified_time":"2025-12-28T07:11:32+00:00","og_image":[{"width":677,"height":454,"url":"https:\/\/www.bellunopress.it\/wp-content\/uploads\/2020\/03\/lettere-al-direttore-bellunopress.jpg","type":"image\/jpeg"}],"author":"redazione","twitter_card":"summary_large_image","twitter_creator":"@bellunopress","twitter_site":"@bellunopress","twitter_misc":{"\u00c9crit par":"redazione","Dur\u00e9e de lecture estim\u00e9e":"2 minutes"},"schema":{"@context":"https:\/\/schema.org","@graph":[{"@type":"Article","@id":"https:\/\/www.bellunopress.it\/2025\/12\/27\/autonomia-basta-propaganda-servono-i-fatti\/#article","isPartOf":{"@id":"https:\/\/www.bellunopress.it\/2025\/12\/27\/autonomia-basta-propaganda-servono-i-fatti\/"},"author":{"name":"redazione","@id":"https:\/\/www.bellunopress.it\/#\/schema\/person\/79bb06722b37ece1c03d3e94beb30d73"},"headline":"Autonomia: basta propaganda, servono i fatti","datePublished":"2025-12-27T17:57:07+00:00","dateModified":"2025-12-28T07:11:32+00:00","mainEntityOfPage":{"@id":"https:\/\/www.bellunopress.it\/2025\/12\/27\/autonomia-basta-propaganda-servono-i-fatti\/"},"wordCount":402,"publisher":{"@id":"https:\/\/www.bellunopress.it\/#organization"},"image":{"@id":"https:\/\/www.bellunopress.it\/2025\/12\/27\/autonomia-basta-propaganda-servono-i-fatti\/#primaryimage"},"thumbnailUrl":"https:\/\/www.bellunopress.it\/wp-content\/uploads\/2020\/03\/lettere-al-direttore-bellunopress.jpg","articleSection":["Lettere Opinioni"],"inLanguage":"fr-FR"},{"@type":"WebPage","@id":"https:\/\/www.bellunopress.it\/2025\/12\/27\/autonomia-basta-propaganda-servono-i-fatti\/","url":"https:\/\/www.bellunopress.it\/2025\/12\/27\/autonomia-basta-propaganda-servono-i-fatti\/","name":"Autonomia: basta propaganda, servono i fatti - Bellunopress - Dolomiti","isPartOf":{"@id":"https:\/\/www.bellunopress.it\/#website"},"primaryImageOfPage":{"@id":"https:\/\/www.bellunopress.it\/2025\/12\/27\/autonomia-basta-propaganda-servono-i-fatti\/#primaryimage"},"image":{"@id":"https:\/\/www.bellunopress.it\/2025\/12\/27\/autonomia-basta-propaganda-servono-i-fatti\/#primaryimage"},"thumbnailUrl":"https:\/\/www.bellunopress.it\/wp-content\/uploads\/2020\/03\/lettere-al-direttore-bellunopress.jpg","datePublished":"2025-12-27T17:57:07+00:00","dateModified":"2025-12-28T07:11:32+00:00","breadcrumb":{"@id":"https:\/\/www.bellunopress.it\/2025\/12\/27\/autonomia-basta-propaganda-servono-i-fatti\/#breadcrumb"},"inLanguage":"fr-FR","potentialAction":[{"@type":"ReadAction","target":["https:\/\/www.bellunopress.it\/2025\/12\/27\/autonomia-basta-propaganda-servono-i-fatti\/"]}]},{"@type":"ImageObject","inLanguage":"fr-FR","@id":"https:\/\/www.bellunopress.it\/2025\/12\/27\/autonomia-basta-propaganda-servono-i-fatti\/#primaryimage","url":"https:\/\/www.bellunopress.it\/wp-content\/uploads\/2020\/03\/lettere-al-direttore-bellunopress.jpg","contentUrl":"https:\/\/www.bellunopress.it\/wp-content\/uploads\/2020\/03\/lettere-al-direttore-bellunopress.jpg","width":677,"height":454,"caption":"lettera al direttore"},{"@type":"BreadcrumbList","@id":"https:\/\/www.bellunopress.it\/2025\/12\/27\/autonomia-basta-propaganda-servono-i-fatti\/#breadcrumb","itemListElement":[{"@type":"ListItem","position":1,"name":"Home","item":"https:\/\/www.bellunopress.it\/"},{"@type":"ListItem","position":2,"name":"Autonomia: basta propaganda, servono i fatti"}]},{"@type":"WebSite","@id":"https:\/\/www.bellunopress.it\/#website","url":"https:\/\/www.bellunopress.it\/","name":"Bellunopress - Dolomiti","description":"e-mail: redazione@bellunopress.it","publisher":{"@id":"https:\/\/www.bellunopress.it\/#organization"},"potentialAction":[{"@type":"SearchAction","target":{"@type":"EntryPoint","urlTemplate":"https:\/\/www.bellunopress.it\/?s={search_term_string}"},"query-input":{"@type":"PropertyValueSpecification","valueRequired":true,"valueName":"search_term_string"}}],"inLanguage":"fr-FR"},{"@type":"Organization","@id":"https:\/\/www.bellunopress.it\/#organization","name":"Bellunopress","url":"https:\/\/www.bellunopress.it\/","logo":{"@type":"ImageObject","inLanguage":"fr-FR","@id":"https:\/\/www.bellunopress.it\/#\/schema\/logo\/image\/","url":"https:\/\/www.bellunopress.it\/wp-content\/uploads\/2011\/05\/cropped-logo-bellunopress-.jpg","contentUrl":"https:\/\/www.bellunopress.it\/wp-content\/uploads\/2011\/05\/cropped-logo-bellunopress-.jpg","width":512,"height":512,"caption":"Bellunopress"},"image":{"@id":"https:\/\/www.bellunopress.it\/#\/schema\/logo\/image\/"},"sameAs":["https:\/\/www.facebook.com\/profile.php?id=100008943462799","https:\/\/x.com\/bellunopress","https:\/\/www.linkedin.com\/hp\/?dnr=JBzUWaJfMUw8vbXJJ2tVW5-I3jZKvC4wsoxE&amp;amp;amp;amp;amp;amp;trk=nav_responsive_tab_home","https:\/\/www.youtube.com\/channel\/UCxL0wu1uN0_3_7hGG0306cw"]},{"@type":"Person","@id":"https:\/\/www.bellunopress.it\/#\/schema\/person\/79bb06722b37ece1c03d3e94beb30d73","name":"r\u00e9daction","image":{"@type":"ImageObject","inLanguage":"fr-FR","@id":"https:\/\/secure.gravatar.com\/avatar\/37d968a2e67a6fd04c169c4bdef102d0bc5d31b2546345219e348575eb80e9a0?s=96&d=mm&r=g","url":"https:\/\/secure.gravatar.com\/avatar\/37d968a2e67a6fd04c169c4bdef102d0bc5d31b2546345219e348575eb80e9a0?s=96&d=mm&r=g","contentUrl":"https:\/\/secure.gravatar.com\/avatar\/37d968a2e67a6fd04c169c4bdef102d0bc5d31b2546345219e348575eb80e9a0?s=96&d=mm&r=g","caption":"redazione"},"sameAs":["http:\/\/www.bellunopress.it","https:\/\/x.com\/bellunopress"],"url":"https:\/\/www.bellunopress.it\/fr\/author\/redazione\/"}]}},"_links":{"self":[{"href":"https:\/\/www.bellunopress.it\/fr\/wp-json\/wp\/v2\/posts\/166044","targetHints":{"allow":["GET"]}}],"collection":[{"href":"https:\/\/www.bellunopress.it\/fr\/wp-json\/wp\/v2\/posts"}],"about":[{"href":"https:\/\/www.bellunopress.it\/fr\/wp-json\/wp\/v2\/types\/post"}],"author":[{"embeddable":true,"href":"https:\/\/www.bellunopress.it\/fr\/wp-json\/wp\/v2\/users\/2"}],"replies":[{"embeddable":true,"href":"https:\/\/www.bellunopress.it\/fr\/wp-json\/wp\/v2\/comments?post=166044"}],"version-history":[{"count":3,"href":"https:\/\/www.bellunopress.it\/fr\/wp-json\/wp\/v2\/posts\/166044\/revisions"}],"predecessor-version":[{"id":166049,"href":"https:\/\/www.bellunopress.it\/fr\/wp-json\/wp\/v2\/posts\/166044\/revisions\/166049"}],"wp:featuredmedia":[{"embeddable":true,"href":"https:\/\/www.bellunopress.it\/fr\/wp-json\/wp\/v2\/media\/112601"}],"wp:attachment":[{"href":"https:\/\/www.bellunopress.it\/fr\/wp-json\/wp\/v2\/media?parent=166044"}],"wp:term":[{"taxonomy":"category","embeddable":true,"href":"https:\/\/www.bellunopress.it\/fr\/wp-json\/wp\/v2\/categories?post=166044"},{"taxonomy":"post_tag","embeddable":true,"href":"https:\/\/www.bellunopress.it\/fr\/wp-json\/wp\/v2\/tags?post=166044"}],"curies":[{"name":"wp","href":"https:\/\/api.w.org\/{rel}","templated":true}]}}