{"id":166042,"date":"2025-12-27T18:49:39","date_gmt":"2025-12-27T17:49:39","guid":{"rendered":"https:\/\/www.bellunopress.it\/?p=166042"},"modified":"2025-12-27T18:49:39","modified_gmt":"2025-12-27T17:49:39","slug":"sponsorizzazione-olimpiadi-le-precisazioni-della-fondazione-dolomiti-bellunesi-dmo","status":"publish","type":"post","link":"https:\/\/www.bellunopress.it\/fr\/2025\/12\/27\/sponsorizzazione-olimpiadi-le-precisazioni-della-fondazione-dolomiti-bellunesi-dmo\/","title":{"rendered":"Sponsorizzazione Olimpiadi. Le precisazioni della Fondazione Dolomiti Bellunesi DMO"},"content":{"rendered":"<figure id=\"attachment_157640\" aria-describedby=\"caption-attachment-157640\" style=\"width: 474px\" class=\"wp-caption aligncenter\"><img loading=\"lazy\" decoding=\"async\" class=\"size-full wp-image-157640\" src=\"https:\/\/www.bellunopress.it\/wp-content\/uploads\/2025\/02\/Emanuela-De-Zanna_edited.jpg\" alt=\"\" width=\"474\" height=\"473\" srcset=\"https:\/\/www.bellunopress.it\/wp-content\/uploads\/2025\/02\/Emanuela-De-Zanna_edited.jpg 474w, https:\/\/www.bellunopress.it\/wp-content\/uploads\/2025\/02\/Emanuela-De-Zanna_edited-300x300.jpg 300w, https:\/\/www.bellunopress.it\/wp-content\/uploads\/2025\/02\/Emanuela-De-Zanna_edited-421x420.jpg 421w\" sizes=\"auto, (max-width: 474px) 100vw, 474px\" \/><figcaption id=\"caption-attachment-157640\" class=\"wp-caption-text\">Emanuela De Zanna, presidente della Fondazione Dolomiti Bellunesi<\/figcaption><\/figure>\n<p><strong>I numeri confermano la validit\u00e0 della strategia<\/strong><\/p>\n<p><strong>Investimenti mirati per la crescita del territorio e promozione all\u2019estero<\/strong><\/p>\n<p>Belluno, 27 dicembre 2025 &#8211; La Fondazione Dolomiti Bellunesi in merito ai recenti articoli usciti sulla stampa sulla mancata partecipazione del suddetto Ente al progetto di sponsorizzazione dei Giochi Olimpici di Milano Cortina 2026, tiene a precisare quanto segue:<\/p>\n<p>il Cda della Fondazione, composto dalla Presidente Emanuela de Zanna, dalla Vicepresidente Gabriella Faoro, e dai consiglieri Elena Zambelli, Lionello Gorza, Michele Basso, Sergio Pr\u00e0 e Angelo Ennio De Simoi, ha valutato approfonditamente l\u2019azione di sponsorizzazione ritenendo che a tre mesi dall\u2019Olimpiade l\u2019investimento non fosse commisurato ai risultati previsti, con un\u2019evidente erogazione di spesa improduttiva.<\/p>\n<p>La Fondazione, inoltre, ritiene necessario evidenziare che in fase di avvicinamento ai Giochi Olimpici sono state pianificate dal 2024 a oggi azioni mirate e strutturate, inserite all\u2019interno di una chiara strategia e visione, per coordinare, integrare e rafforzare la promozione turistica e territoriale, superando frammentazioni e lavorando in sinergia con imprese, enti e comunit\u00e0 locali.<\/p>\n<p>La Fondazione opera come Destination Management Organization, con un mandato regionale di governance chiaro.<\/p>\n<p>In merito al dibattito pubblico sulle attivit\u00e0 della Fondazione Dolomiti Bellunesi, l\u2019Ente ritiene doveroso condividere i risultati tangibili della gestione operativa 2024-2025. I dati certificano una strategia che non si limita alla promozione, ma costruisce un ecosistema digitale moderno, misurabile e orientato ai risultati.<\/p>\n<p>La Fondazione ha lavorato per internazionalizzare il brand &#8220;Dolomiti Bellunesi&#8221;.<br \/>\nL\u2019Italia rimane il mercato principale, ma oltre la met\u00e0 del budget ADV \u00e8 stata destinata con successo a mercati esteri con strategie mirate sul Regno Unito, la Germania e l\u2019area Benelux\/Slovenia. Mentre sul mercato asiatico e statunitense si sono intraprese due azioni specifiche volte a creare rapporti e sinergie basati su incontri e presentazioni.<br \/>\nLa progettualit\u00e0 sul mercato cinese \u00e8 iniziata la scorsa primavera con la partecipazione alla Fiera di Shanghai, gli incontri con oltre 30 stakeholder asiatici e l\u2019apertura dei canali social cinesi.<\/p>\n<p>In autunno, la missione istituzionale a New York \u2014 organizzata con la Camera di Commercio di Treviso Belluno e la Italy-America Chamber of Commerce \u2014 ha promosso il binomio Treviso-Belluno | Dolomiti sul mercato statunitense. L\u2019evento di presentazione ha coinvolto 43 partner selezionati, tra agenzie di viaggio, tour operator e influencer, con l\u2019obiettivo di avviare nuove collaborazioni commerciali e potenziare l&#8217;attrattivit\u00e0 dei territori presso le controparti estere.<\/p>\n<p><strong>I numeri dell&#8217;efficacia<\/strong>: oltre 35 milioni di contatti<br \/>\nLe attivit\u00e0 di advertising digitale, condotte nel 2025, hanno superato ogni obiettivo prefissato:<br \/>\n\u2022 Awareness Globale: Sono state generate oltre 34 milioni di impression sui canali Meta, raggiungendo 9 milioni di utenti unici.<br \/>\n\u2022 La presenza su YouTube: La campagna video #fuoridailuoghicomuni ha generato ulteriori 1,6 milioni di visualizzazioni.<br \/>\n\u2022 Conversione e Lead: Non solo visibilit\u00e0, ma contatti diretti. Le campagne di Lead Generation hanno raccolto oltre 3.000 nuovi contatti qualificati per il database territoriale.<\/p>\n<p>Il sito www.visitdolomitibellunesi.com ha raggiunto 1ml e mezzo di visualizzazioni con oltre 5,2 milioni di interazioni.<\/p>\n<p><strong>Investimenti e Strumenti per le Imprese<\/strong><br \/>\nIl percorso verso una Smart Destination, finanziato dai bandi regionali, \u00e8 supportato da investimenti concreti per 680.000 euro su bandi dedicati. Ad oggi, l&#8217;operativit\u00e0 include:<br \/>\n\u2022 100 licenze di gestionali alberghieri messe a disposizione delle strutture.<br \/>\n\u2022 Sportello di assistenza digitale e servizi di data analysis avanzata sul sito www.dmodolomiti.it<br \/>\n\u2022 Sensoristica sui cammini e strumenti di intelligenza artificiale per il monitoraggio dei flussi.<\/p>\n<p><strong>Sinergia con il territorio per la costruzione del prodotto turistico<\/strong><br \/>\nLa Fondazione non sostituisce i territori, ma li mette in rete.<br \/>\nNel solo 2025 il lavoro di co-progettazione integrato all\u2019interno dei bandi dedicati alle aree interne, ha coinvolto oltre 150 imprese in tavoli partecipativi.<br \/>\nIl progetto persegue diversi obiettivi strategici: strutturare un\u2019offerta di esperienze turistiche di qualit\u00e0, sviluppate in sinergia con i territori; migliorare la presenza digitale delle esperienze gi\u00e0 esistenti; individuare e valorizzare potenziali nuovi attrattori e rendere acquistabile direttamente dal portale di destinazione l\u2019offerta esperienziale.<br \/>\nRegia e Visione Condivisa<\/p>\n<p>La Fondazione continuer\u00e0 a lavorare con metodo scientifico e trasparenza, restando aperta al confronto costruttivo con tutti gli attori del territorio per creare una destinazione sempre pi\u00f9 solida e riconoscibile a livello globale.<br \/>\nSolo una strategia data driven pu\u00f2 garantire al Bellunese la competitivit\u00e0 necessaria nel mercato turistico globale. Il volano dei Giochi Olimpici e la visibilit\u00e0 garantita da un evento che gode di una visibilit\u00e0 globale enorme. Pechino 2022 ha raggiunto oltre 2 miliardi di spettatori tra TV e digitale, grazie alla copertura mediatica estesa e alla distribuzione su canali sportivi e piattaforme streaming.<\/p>\n<p>L\u2019evento Olimpico dunque promuover\u00e0 le Dolomiti Bellunesi in tutto il mondo ed \u00e8 a questa domanda internazionale che la Fondazione DMO Dolomiti Bellunesi vuole farsi trovare preparata: con un ecosistema digitale moderno, misurabile, orientato ai risultati e che valorizzi il prodotto turistico e l\u2019offerta del territorio 12 mesi l\u2019anno. La strategia di internazionalizzazione unita alla visibilit\u00e0 dell\u2019Olimpiade permetter\u00e0 di intercettare segmenti di pubblico che garantiscono una permanenza media pi\u00f9 lunga e una distribuzione delle presenze durante tutto l\u2019anno, obiettivo fondamentale per una reale destagionalizzazione del territorio.<\/p>\n<p>&nbsp;<\/p>","protected":false},"excerpt":{"rendered":"<p>I numeri confermano la validit\u00e0 della strategia Investimenti mirati per la crescita del territorio e promozione all\u2019estero Belluno, 27 dicembre 2025 &#8211; La Fondazione Dolomiti Bellunesi in merito ai recenti articoli usciti sulla stampa sulla mancata partecipazione del suddetto Ente al progetto di sponsorizzazione dei Giochi Olimpici di Milano Cortina 2026, tiene a precisare quanto [&hellip;]<\/p>\n","protected":false},"author":2,"featured_media":157640,"comment_status":"closed","ping_status":"open","sticky":false,"template":"","format":"standard","meta":{"footnotes":""},"categories":[26,8],"tags":[],"class_list":["post-166042","post","type-post","status-publish","format-standard","has-post-thumbnail","category-prima-pagina","category-societa-istituzioni"],"yoast_head":"<!-- This site is optimized with the Yoast SEO plugin v28.4 - https:\/\/yoast.com\/product\/yoast-seo-wordpress\/ -->\n<title>Sponsorizzazione Olimpiadi. Le precisazioni della Fondazione Dolomiti Bellunesi DMO - Bellunopress - Dolomiti<\/title>\n<meta name=\"robots\" content=\"index, follow, max-snippet:-1, max-image-preview:large, max-video-preview:-1\" \/>\n<link rel=\"canonical\" href=\"https:\/\/www.bellunopress.it\/fr\/2025\/12\/27\/sponsorizzazione-olimpiadi-le-precisazioni-della-fondazione-dolomiti-bellunesi-dmo\/\" \/>\n<meta property=\"og:locale\" content=\"fr_FR\" \/>\n<meta property=\"og:type\" content=\"article\" \/>\n<meta property=\"og:title\" content=\"Sponsorizzazione Olimpiadi. Le precisazioni della Fondazione Dolomiti Bellunesi DMO - Bellunopress - Dolomiti\" \/>\n<meta property=\"og:description\" content=\"I numeri confermano la validit\u00e0 della strategia Investimenti mirati per la crescita del territorio e promozione all\u2019estero Belluno, 27 dicembre 2025 &#8211; La Fondazione Dolomiti Bellunesi in merito ai recenti articoli usciti sulla stampa sulla mancata partecipazione del suddetto Ente al progetto di sponsorizzazione dei Giochi Olimpici di Milano Cortina 2026, tiene a precisare quanto [&hellip;]\" \/>\n<meta property=\"og:url\" content=\"https:\/\/www.bellunopress.it\/fr\/2025\/12\/27\/sponsorizzazione-olimpiadi-le-precisazioni-della-fondazione-dolomiti-bellunesi-dmo\/\" \/>\n<meta property=\"og:site_name\" content=\"Bellunopress - Dolomiti\" \/>\n<meta property=\"article:publisher\" content=\"https:\/\/www.facebook.com\/profile.php?id=100008943462799\" \/>\n<meta property=\"article:published_time\" content=\"2025-12-27T17:49:39+00:00\" \/>\n<meta property=\"og:image\" content=\"https:\/\/www.bellunopress.it\/wp-content\/uploads\/2025\/02\/Emanuela-De-Zanna_edited.jpg\" \/>\n\t<meta property=\"og:image:width\" content=\"474\" \/>\n\t<meta property=\"og:image:height\" content=\"473\" \/>\n\t<meta property=\"og:image:type\" content=\"image\/jpeg\" \/>\n<meta name=\"author\" content=\"redazione\" \/>\n<meta name=\"twitter:card\" content=\"summary_large_image\" \/>\n<meta name=\"twitter:creator\" content=\"@bellunopress\" \/>\n<meta name=\"twitter:site\" content=\"@bellunopress\" \/>\n<meta name=\"twitter:label1\" content=\"\u00c9crit par\" \/>\n\t<meta name=\"twitter:data1\" content=\"redazione\" \/>\n\t<meta name=\"twitter:label2\" content=\"Dur\u00e9e de lecture estim\u00e9e\" \/>\n\t<meta name=\"twitter:data2\" content=\"4 minutes\" \/>\n<script type=\"application\/ld+json\" class=\"yoast-schema-graph\">{\"@context\":\"https:\\\/\\\/schema.org\",\"@graph\":[{\"@type\":\"Article\",\"@id\":\"https:\\\/\\\/www.bellunopress.it\\\/2025\\\/12\\\/27\\\/sponsorizzazione-olimpiadi-le-precisazioni-della-fondazione-dolomiti-bellunesi-dmo\\\/#article\",\"isPartOf\":{\"@id\":\"https:\\\/\\\/www.bellunopress.it\\\/2025\\\/12\\\/27\\\/sponsorizzazione-olimpiadi-le-precisazioni-della-fondazione-dolomiti-bellunesi-dmo\\\/\"},\"author\":{\"name\":\"redazione\",\"@id\":\"https:\\\/\\\/www.bellunopress.it\\\/#\\\/schema\\\/person\\\/79bb06722b37ece1c03d3e94beb30d73\"},\"headline\":\"Sponsorizzazione Olimpiadi. Le precisazioni della Fondazione Dolomiti Bellunesi DMO\",\"datePublished\":\"2025-12-27T17:49:39+00:00\",\"mainEntityOfPage\":{\"@id\":\"https:\\\/\\\/www.bellunopress.it\\\/2025\\\/12\\\/27\\\/sponsorizzazione-olimpiadi-le-precisazioni-della-fondazione-dolomiti-bellunesi-dmo\\\/\"},\"wordCount\":846,\"publisher\":{\"@id\":\"https:\\\/\\\/www.bellunopress.it\\\/#organization\"},\"image\":{\"@id\":\"https:\\\/\\\/www.bellunopress.it\\\/2025\\\/12\\\/27\\\/sponsorizzazione-olimpiadi-le-precisazioni-della-fondazione-dolomiti-bellunesi-dmo\\\/#primaryimage\"},\"thumbnailUrl\":\"https:\\\/\\\/www.bellunopress.it\\\/wp-content\\\/uploads\\\/2025\\\/02\\\/Emanuela-De-Zanna_edited.jpg\",\"articleSection\":[\"Prima Pagina\",\"Societ\u00e0, Associazioni, Istituzioni\"],\"inLanguage\":\"fr-FR\"},{\"@type\":\"WebPage\",\"@id\":\"https:\\\/\\\/www.bellunopress.it\\\/2025\\\/12\\\/27\\\/sponsorizzazione-olimpiadi-le-precisazioni-della-fondazione-dolomiti-bellunesi-dmo\\\/\",\"url\":\"https:\\\/\\\/www.bellunopress.it\\\/2025\\\/12\\\/27\\\/sponsorizzazione-olimpiadi-le-precisazioni-della-fondazione-dolomiti-bellunesi-dmo\\\/\",\"name\":\"Sponsorizzazione Olimpiadi. Le precisazioni della Fondazione Dolomiti Bellunesi DMO - Bellunopress - Dolomiti\",\"isPartOf\":{\"@id\":\"https:\\\/\\\/www.bellunopress.it\\\/#website\"},\"primaryImageOfPage\":{\"@id\":\"https:\\\/\\\/www.bellunopress.it\\\/2025\\\/12\\\/27\\\/sponsorizzazione-olimpiadi-le-precisazioni-della-fondazione-dolomiti-bellunesi-dmo\\\/#primaryimage\"},\"image\":{\"@id\":\"https:\\\/\\\/www.bellunopress.it\\\/2025\\\/12\\\/27\\\/sponsorizzazione-olimpiadi-le-precisazioni-della-fondazione-dolomiti-bellunesi-dmo\\\/#primaryimage\"},\"thumbnailUrl\":\"https:\\\/\\\/www.bellunopress.it\\\/wp-content\\\/uploads\\\/2025\\\/02\\\/Emanuela-De-Zanna_edited.jpg\",\"datePublished\":\"2025-12-27T17:49:39+00:00\",\"breadcrumb\":{\"@id\":\"https:\\\/\\\/www.bellunopress.it\\\/2025\\\/12\\\/27\\\/sponsorizzazione-olimpiadi-le-precisazioni-della-fondazione-dolomiti-bellunesi-dmo\\\/#breadcrumb\"},\"inLanguage\":\"fr-FR\",\"potentialAction\":[{\"@type\":\"ReadAction\",\"target\":[\"https:\\\/\\\/www.bellunopress.it\\\/2025\\\/12\\\/27\\\/sponsorizzazione-olimpiadi-le-precisazioni-della-fondazione-dolomiti-bellunesi-dmo\\\/\"]}]},{\"@type\":\"ImageObject\",\"inLanguage\":\"fr-FR\",\"@id\":\"https:\\\/\\\/www.bellunopress.it\\\/2025\\\/12\\\/27\\\/sponsorizzazione-olimpiadi-le-precisazioni-della-fondazione-dolomiti-bellunesi-dmo\\\/#primaryimage\",\"url\":\"https:\\\/\\\/www.bellunopress.it\\\/wp-content\\\/uploads\\\/2025\\\/02\\\/Emanuela-De-Zanna_edited.jpg\",\"contentUrl\":\"https:\\\/\\\/www.bellunopress.it\\\/wp-content\\\/uploads\\\/2025\\\/02\\\/Emanuela-De-Zanna_edited.jpg\",\"width\":474,\"height\":473,\"caption\":\"Emanuela De Zanna, presidente della Fondazione Dolomiti Bellunesi\"},{\"@type\":\"BreadcrumbList\",\"@id\":\"https:\\\/\\\/www.bellunopress.it\\\/2025\\\/12\\\/27\\\/sponsorizzazione-olimpiadi-le-precisazioni-della-fondazione-dolomiti-bellunesi-dmo\\\/#breadcrumb\",\"itemListElement\":[{\"@type\":\"ListItem\",\"position\":1,\"name\":\"Home\",\"item\":\"https:\\\/\\\/www.bellunopress.it\\\/\"},{\"@type\":\"ListItem\",\"position\":2,\"name\":\"Sponsorizzazione Olimpiadi. Le precisazioni della Fondazione Dolomiti Bellunesi DMO\"}]},{\"@type\":\"WebSite\",\"@id\":\"https:\\\/\\\/www.bellunopress.it\\\/#website\",\"url\":\"https:\\\/\\\/www.bellunopress.it\\\/\",\"name\":\"Bellunopress - Dolomiti\",\"description\":\"e-mail: redazione@bellunopress.it\",\"publisher\":{\"@id\":\"https:\\\/\\\/www.bellunopress.it\\\/#organization\"},\"potentialAction\":[{\"@type\":\"SearchAction\",\"target\":{\"@type\":\"EntryPoint\",\"urlTemplate\":\"https:\\\/\\\/www.bellunopress.it\\\/?s={search_term_string}\"},\"query-input\":{\"@type\":\"PropertyValueSpecification\",\"valueRequired\":true,\"valueName\":\"search_term_string\"}}],\"inLanguage\":\"fr-FR\"},{\"@type\":\"Organization\",\"@id\":\"https:\\\/\\\/www.bellunopress.it\\\/#organization\",\"name\":\"Bellunopress\",\"url\":\"https:\\\/\\\/www.bellunopress.it\\\/\",\"logo\":{\"@type\":\"ImageObject\",\"inLanguage\":\"fr-FR\",\"@id\":\"https:\\\/\\\/www.bellunopress.it\\\/#\\\/schema\\\/logo\\\/image\\\/\",\"url\":\"https:\\\/\\\/www.bellunopress.it\\\/wp-content\\\/uploads\\\/2011\\\/05\\\/cropped-logo-bellunopress-.jpg\",\"contentUrl\":\"https:\\\/\\\/www.bellunopress.it\\\/wp-content\\\/uploads\\\/2011\\\/05\\\/cropped-logo-bellunopress-.jpg\",\"width\":512,\"height\":512,\"caption\":\"Bellunopress\"},\"image\":{\"@id\":\"https:\\\/\\\/www.bellunopress.it\\\/#\\\/schema\\\/logo\\\/image\\\/\"},\"sameAs\":[\"https:\\\/\\\/www.facebook.com\\\/profile.php?id=100008943462799\",\"https:\\\/\\\/x.com\\\/bellunopress\",\"https:\\\/\\\/www.linkedin.com\\\/hp\\\/?dnr=JBzUWaJfMUw8vbXJJ2tVW5-I3jZKvC4wsoxE&amp;amp;amp;amp;amp;amp;trk=nav_responsive_tab_home\",\"https:\\\/\\\/www.youtube.com\\\/channel\\\/UCxL0wu1uN0_3_7hGG0306cw\"]},{\"@type\":\"Person\",\"@id\":\"https:\\\/\\\/www.bellunopress.it\\\/#\\\/schema\\\/person\\\/79bb06722b37ece1c03d3e94beb30d73\",\"name\":\"redazione\",\"image\":{\"@type\":\"ImageObject\",\"inLanguage\":\"fr-FR\",\"@id\":\"https:\\\/\\\/secure.gravatar.com\\\/avatar\\\/37d968a2e67a6fd04c169c4bdef102d0bc5d31b2546345219e348575eb80e9a0?s=96&d=mm&r=g\",\"url\":\"https:\\\/\\\/secure.gravatar.com\\\/avatar\\\/37d968a2e67a6fd04c169c4bdef102d0bc5d31b2546345219e348575eb80e9a0?s=96&d=mm&r=g\",\"contentUrl\":\"https:\\\/\\\/secure.gravatar.com\\\/avatar\\\/37d968a2e67a6fd04c169c4bdef102d0bc5d31b2546345219e348575eb80e9a0?s=96&d=mm&r=g\",\"caption\":\"redazione\"},\"sameAs\":[\"http:\\\/\\\/www.bellunopress.it\",\"https:\\\/\\\/x.com\\\/bellunopress\"],\"url\":\"https:\\\/\\\/www.bellunopress.it\\\/fr\\\/author\\\/redazione\\\/\"}]}<\/script>\n<!-- \/ Yoast SEO plugin. -->","yoast_head_json":{"title":"Sponsorizzazione Olimpiadi. Le precisazioni della Fondazione Dolomiti Bellunesi DMO - Bellunopress - Dolomiti","robots":{"index":"index","follow":"follow","max-snippet":"max-snippet:-1","max-image-preview":"max-image-preview:large","max-video-preview":"max-video-preview:-1"},"canonical":"https:\/\/www.bellunopress.it\/fr\/2025\/12\/27\/sponsorizzazione-olimpiadi-le-precisazioni-della-fondazione-dolomiti-bellunesi-dmo\/","og_locale":"fr_FR","og_type":"article","og_title":"Sponsorizzazione Olimpiadi. Le precisazioni della Fondazione Dolomiti Bellunesi DMO - Bellunopress - Dolomiti","og_description":"I numeri confermano la validit\u00e0 della strategia Investimenti mirati per la crescita del territorio e promozione all\u2019estero Belluno, 27 dicembre 2025 &#8211; La Fondazione Dolomiti Bellunesi in merito ai recenti articoli usciti sulla stampa sulla mancata partecipazione del suddetto Ente al progetto di sponsorizzazione dei Giochi Olimpici di Milano Cortina 2026, tiene a precisare quanto [&hellip;]","og_url":"https:\/\/www.bellunopress.it\/fr\/2025\/12\/27\/sponsorizzazione-olimpiadi-le-precisazioni-della-fondazione-dolomiti-bellunesi-dmo\/","og_site_name":"Bellunopress - Dolomiti","article_publisher":"https:\/\/www.facebook.com\/profile.php?id=100008943462799","article_published_time":"2025-12-27T17:49:39+00:00","og_image":[{"width":474,"height":473,"url":"https:\/\/www.bellunopress.it\/wp-content\/uploads\/2025\/02\/Emanuela-De-Zanna_edited.jpg","type":"image\/jpeg"}],"author":"redazione","twitter_card":"summary_large_image","twitter_creator":"@bellunopress","twitter_site":"@bellunopress","twitter_misc":{"\u00c9crit par":"redazione","Dur\u00e9e de lecture estim\u00e9e":"4 minutes"},"schema":{"@context":"https:\/\/schema.org","@graph":[{"@type":"Article","@id":"https:\/\/www.bellunopress.it\/2025\/12\/27\/sponsorizzazione-olimpiadi-le-precisazioni-della-fondazione-dolomiti-bellunesi-dmo\/#article","isPartOf":{"@id":"https:\/\/www.bellunopress.it\/2025\/12\/27\/sponsorizzazione-olimpiadi-le-precisazioni-della-fondazione-dolomiti-bellunesi-dmo\/"},"author":{"name":"redazione","@id":"https:\/\/www.bellunopress.it\/#\/schema\/person\/79bb06722b37ece1c03d3e94beb30d73"},"headline":"Sponsorizzazione Olimpiadi. Le precisazioni della Fondazione Dolomiti Bellunesi DMO","datePublished":"2025-12-27T17:49:39+00:00","mainEntityOfPage":{"@id":"https:\/\/www.bellunopress.it\/2025\/12\/27\/sponsorizzazione-olimpiadi-le-precisazioni-della-fondazione-dolomiti-bellunesi-dmo\/"},"wordCount":846,"publisher":{"@id":"https:\/\/www.bellunopress.it\/#organization"},"image":{"@id":"https:\/\/www.bellunopress.it\/2025\/12\/27\/sponsorizzazione-olimpiadi-le-precisazioni-della-fondazione-dolomiti-bellunesi-dmo\/#primaryimage"},"thumbnailUrl":"https:\/\/www.bellunopress.it\/wp-content\/uploads\/2025\/02\/Emanuela-De-Zanna_edited.jpg","articleSection":["Prima Pagina","Societ\u00e0, Associazioni, Istituzioni"],"inLanguage":"fr-FR"},{"@type":"WebPage","@id":"https:\/\/www.bellunopress.it\/2025\/12\/27\/sponsorizzazione-olimpiadi-le-precisazioni-della-fondazione-dolomiti-bellunesi-dmo\/","url":"https:\/\/www.bellunopress.it\/2025\/12\/27\/sponsorizzazione-olimpiadi-le-precisazioni-della-fondazione-dolomiti-bellunesi-dmo\/","name":"Sponsorizzazione Olimpiadi. Le precisazioni della Fondazione Dolomiti Bellunesi DMO - Bellunopress - Dolomiti","isPartOf":{"@id":"https:\/\/www.bellunopress.it\/#website"},"primaryImageOfPage":{"@id":"https:\/\/www.bellunopress.it\/2025\/12\/27\/sponsorizzazione-olimpiadi-le-precisazioni-della-fondazione-dolomiti-bellunesi-dmo\/#primaryimage"},"image":{"@id":"https:\/\/www.bellunopress.it\/2025\/12\/27\/sponsorizzazione-olimpiadi-le-precisazioni-della-fondazione-dolomiti-bellunesi-dmo\/#primaryimage"},"thumbnailUrl":"https:\/\/www.bellunopress.it\/wp-content\/uploads\/2025\/02\/Emanuela-De-Zanna_edited.jpg","datePublished":"2025-12-27T17:49:39+00:00","breadcrumb":{"@id":"https:\/\/www.bellunopress.it\/2025\/12\/27\/sponsorizzazione-olimpiadi-le-precisazioni-della-fondazione-dolomiti-bellunesi-dmo\/#breadcrumb"},"inLanguage":"fr-FR","potentialAction":[{"@type":"ReadAction","target":["https:\/\/www.bellunopress.it\/2025\/12\/27\/sponsorizzazione-olimpiadi-le-precisazioni-della-fondazione-dolomiti-bellunesi-dmo\/"]}]},{"@type":"ImageObject","inLanguage":"fr-FR","@id":"https:\/\/www.bellunopress.it\/2025\/12\/27\/sponsorizzazione-olimpiadi-le-precisazioni-della-fondazione-dolomiti-bellunesi-dmo\/#primaryimage","url":"https:\/\/www.bellunopress.it\/wp-content\/uploads\/2025\/02\/Emanuela-De-Zanna_edited.jpg","contentUrl":"https:\/\/www.bellunopress.it\/wp-content\/uploads\/2025\/02\/Emanuela-De-Zanna_edited.jpg","width":474,"height":473,"caption":"Emanuela De Zanna, presidente della Fondazione Dolomiti Bellunesi"},{"@type":"BreadcrumbList","@id":"https:\/\/www.bellunopress.it\/2025\/12\/27\/sponsorizzazione-olimpiadi-le-precisazioni-della-fondazione-dolomiti-bellunesi-dmo\/#breadcrumb","itemListElement":[{"@type":"ListItem","position":1,"name":"Home","item":"https:\/\/www.bellunopress.it\/"},{"@type":"ListItem","position":2,"name":"Sponsorizzazione Olimpiadi. Le precisazioni della Fondazione Dolomiti Bellunesi DMO"}]},{"@type":"WebSite","@id":"https:\/\/www.bellunopress.it\/#website","url":"https:\/\/www.bellunopress.it\/","name":"Bellunopress - Dolomiti","description":"e-mail: redazione@bellunopress.it","publisher":{"@id":"https:\/\/www.bellunopress.it\/#organization"},"potentialAction":[{"@type":"SearchAction","target":{"@type":"EntryPoint","urlTemplate":"https:\/\/www.bellunopress.it\/?s={search_term_string}"},"query-input":{"@type":"PropertyValueSpecification","valueRequired":true,"valueName":"search_term_string"}}],"inLanguage":"fr-FR"},{"@type":"Organization","@id":"https:\/\/www.bellunopress.it\/#organization","name":"Bellunopress","url":"https:\/\/www.bellunopress.it\/","logo":{"@type":"ImageObject","inLanguage":"fr-FR","@id":"https:\/\/www.bellunopress.it\/#\/schema\/logo\/image\/","url":"https:\/\/www.bellunopress.it\/wp-content\/uploads\/2011\/05\/cropped-logo-bellunopress-.jpg","contentUrl":"https:\/\/www.bellunopress.it\/wp-content\/uploads\/2011\/05\/cropped-logo-bellunopress-.jpg","width":512,"height":512,"caption":"Bellunopress"},"image":{"@id":"https:\/\/www.bellunopress.it\/#\/schema\/logo\/image\/"},"sameAs":["https:\/\/www.facebook.com\/profile.php?id=100008943462799","https:\/\/x.com\/bellunopress","https:\/\/www.linkedin.com\/hp\/?dnr=JBzUWaJfMUw8vbXJJ2tVW5-I3jZKvC4wsoxE&amp;amp;amp;amp;amp;amp;trk=nav_responsive_tab_home","https:\/\/www.youtube.com\/channel\/UCxL0wu1uN0_3_7hGG0306cw"]},{"@type":"Person","@id":"https:\/\/www.bellunopress.it\/#\/schema\/person\/79bb06722b37ece1c03d3e94beb30d73","name":"r\u00e9daction","image":{"@type":"ImageObject","inLanguage":"fr-FR","@id":"https:\/\/secure.gravatar.com\/avatar\/37d968a2e67a6fd04c169c4bdef102d0bc5d31b2546345219e348575eb80e9a0?s=96&d=mm&r=g","url":"https:\/\/secure.gravatar.com\/avatar\/37d968a2e67a6fd04c169c4bdef102d0bc5d31b2546345219e348575eb80e9a0?s=96&d=mm&r=g","contentUrl":"https:\/\/secure.gravatar.com\/avatar\/37d968a2e67a6fd04c169c4bdef102d0bc5d31b2546345219e348575eb80e9a0?s=96&d=mm&r=g","caption":"redazione"},"sameAs":["http:\/\/www.bellunopress.it","https:\/\/x.com\/bellunopress"],"url":"https:\/\/www.bellunopress.it\/fr\/author\/redazione\/"}]}},"_links":{"self":[{"href":"https:\/\/www.bellunopress.it\/fr\/wp-json\/wp\/v2\/posts\/166042","targetHints":{"allow":["GET"]}}],"collection":[{"href":"https:\/\/www.bellunopress.it\/fr\/wp-json\/wp\/v2\/posts"}],"about":[{"href":"https:\/\/www.bellunopress.it\/fr\/wp-json\/wp\/v2\/types\/post"}],"author":[{"embeddable":true,"href":"https:\/\/www.bellunopress.it\/fr\/wp-json\/wp\/v2\/users\/2"}],"replies":[{"embeddable":true,"href":"https:\/\/www.bellunopress.it\/fr\/wp-json\/wp\/v2\/comments?post=166042"}],"version-history":[{"count":1,"href":"https:\/\/www.bellunopress.it\/fr\/wp-json\/wp\/v2\/posts\/166042\/revisions"}],"predecessor-version":[{"id":166043,"href":"https:\/\/www.bellunopress.it\/fr\/wp-json\/wp\/v2\/posts\/166042\/revisions\/166043"}],"wp:featuredmedia":[{"embeddable":true,"href":"https:\/\/www.bellunopress.it\/fr\/wp-json\/wp\/v2\/media\/157640"}],"wp:attachment":[{"href":"https:\/\/www.bellunopress.it\/fr\/wp-json\/wp\/v2\/media?parent=166042"}],"wp:term":[{"taxonomy":"category","embeddable":true,"href":"https:\/\/www.bellunopress.it\/fr\/wp-json\/wp\/v2\/categories?post=166042"},{"taxonomy":"post_tag","embeddable":true,"href":"https:\/\/www.bellunopress.it\/fr\/wp-json\/wp\/v2\/tags?post=166042"}],"curies":[{"name":"wp","href":"https:\/\/api.w.org\/{rel}","templated":true}]}}