{"id":166031,"date":"2025-12-27T07:30:48","date_gmt":"2025-12-27T06:30:48","guid":{"rendered":"https:\/\/www.bellunopress.it\/?p=166031"},"modified":"2025-12-27T07:30:48","modified_gmt":"2025-12-27T06:30:48","slug":"perdono-il-sentiero-recuperati-in-val-di-seren","status":"publish","type":"post","link":"https:\/\/www.bellunopress.it\/fr\/2025\/12\/27\/perdono-il-sentiero-recuperati-in-val-di-seren\/","title":{"rendered":"Perdono il sentiero, recuperati in Val di Seren"},"content":{"rendered":"<p><img loading=\"lazy\" decoding=\"async\" class=\"aligncenter size-full wp-image-166032\" src=\"https:\/\/www.bellunopress.it\/wp-content\/uploads\/2025\/12\/soccorso-alpino-neve.jpg\" alt=\"\" width=\"600\" height=\"276\" srcset=\"https:\/\/www.bellunopress.it\/wp-content\/uploads\/2025\/12\/soccorso-alpino-neve.jpg 600w, https:\/\/www.bellunopress.it\/wp-content\/uploads\/2025\/12\/soccorso-alpino-neve-500x230.jpg 500w\" sizes=\"auto, (max-width: 600px) 100vw, 600px\" \/>Seren del Grappa (BL), 26 &#8211; 12 &#8211; 2025 Si \u00e8 concluso verso le 20 l&#8217;intervento in aiuto di una coppia di giovani escursionisti, bloccati nella neve in Valle di Seren.<\/p>\n<p>I due giovani di Castelfranco Veneto (TV), lui di 24 anni, lei di 19, erano saliti verso localit\u00e0 Bocchette dopo aver lasciato la macchina parcheggiata al Pian della Chiesa. Dopo aver proseguito verso il Centro didattico ambientale Valpore, i due avevano deciso di scendere dal versante opposto a quello da cui erano arrivati. Ma si erano attardati e, ormai prossimo il buio, avevano cercato di accorciare la strada, tagliando lungo una traccia che per\u00f2 avevano perso, rimandeno bloccati senza pi\u00f9 orientamento. Attivato verso le 17, il Soccorso alpino di Feltre ha ricevuto dalla Centrale oeprativa le coordinate del punto in cui si trovavano i ragazzi. In contatto telefonico con loro, i soccorritori li hanno guidati nel risalire, dando loro le indicazioni al cellulare per riprendere il percorso corretto e arrivare sulla strada. Una squadra si \u00e8 quindi avvicinata in jeep partendo da localit\u00e0 Segat, finch\u00e9 i soccorritori non li hanno raggiunti in mezzo alla neve. I volontari hanno riscaldato i due giovani escursionisti e li hanno caricati a bordo, per poi scendere a valle e riaccompagnarli alla loro macchina.<\/p>","protected":false},"excerpt":{"rendered":"<p>Seren del Grappa (BL), 26 &#8211; 12 &#8211; 2025 Si \u00e8 concluso verso le 20 l&#8217;intervento in aiuto di una coppia di giovani escursionisti, bloccati nella neve in Valle di Seren. I due giovani di Castelfranco Veneto (TV), lui di 24 anni, lei di 19, erano saliti verso localit\u00e0 Bocchette dopo aver lasciato la macchina [&hellip;]<\/p>\n","protected":false},"author":2,"featured_media":166032,"comment_status":"closed","ping_status":"open","sticky":false,"template":"","format":"standard","meta":{"footnotes":""},"categories":[5],"tags":[],"class_list":["post-166031","post","type-post","status-publish","format-standard","has-post-thumbnail","category-cronaca"],"yoast_head":"<!-- This site is optimized with the Yoast SEO plugin v28.4 - https:\/\/yoast.com\/product\/yoast-seo-wordpress\/ -->\n<title>Perdono il sentiero, recuperati in Val di Seren - Bellunopress - Dolomiti<\/title>\n<meta name=\"robots\" content=\"index, follow, max-snippet:-1, max-image-preview:large, max-video-preview:-1\" \/>\n<link rel=\"canonical\" href=\"https:\/\/www.bellunopress.it\/fr\/2025\/12\/27\/perdono-il-sentiero-recuperati-in-val-di-seren\/\" \/>\n<meta property=\"og:locale\" content=\"fr_FR\" \/>\n<meta property=\"og:type\" content=\"article\" \/>\n<meta property=\"og:title\" content=\"Perdono il sentiero, recuperati in Val di Seren - Bellunopress - Dolomiti\" \/>\n<meta property=\"og:description\" content=\"Seren del Grappa (BL), 26 &#8211; 12 &#8211; 2025 Si \u00e8 concluso verso le 20 l&#8217;intervento in aiuto di una coppia di giovani escursionisti, bloccati nella neve in Valle di Seren. I due giovani di Castelfranco Veneto (TV), lui di 24 anni, lei di 19, erano saliti verso localit\u00e0 Bocchette dopo aver lasciato la macchina [&hellip;]\" \/>\n<meta property=\"og:url\" content=\"https:\/\/www.bellunopress.it\/fr\/2025\/12\/27\/perdono-il-sentiero-recuperati-in-val-di-seren\/\" \/>\n<meta property=\"og:site_name\" content=\"Bellunopress - Dolomiti\" \/>\n<meta property=\"article:publisher\" content=\"https:\/\/www.facebook.com\/profile.php?id=100008943462799\" \/>\n<meta property=\"article:published_time\" content=\"2025-12-27T06:30:48+00:00\" \/>\n<meta property=\"og:image\" content=\"https:\/\/www.bellunopress.it\/wp-content\/uploads\/2025\/12\/soccorso-alpino-neve.jpg\" \/>\n\t<meta property=\"og:image:width\" content=\"600\" \/>\n\t<meta property=\"og:image:height\" content=\"276\" \/>\n\t<meta property=\"og:image:type\" content=\"image\/jpeg\" \/>\n<meta name=\"author\" content=\"redazione\" \/>\n<meta name=\"twitter:card\" content=\"summary_large_image\" \/>\n<meta name=\"twitter:creator\" content=\"@bellunopress\" \/>\n<meta name=\"twitter:site\" content=\"@bellunopress\" \/>\n<meta name=\"twitter:label1\" content=\"Written by\" \/>\n\t<meta name=\"twitter:data1\" content=\"redazione\" \/>\n\t<meta name=\"twitter:label2\" content=\"Est. reading time\" \/>\n\t<meta name=\"twitter:data2\" content=\"1 minute\" \/>\n<script type=\"application\/ld+json\" class=\"yoast-schema-graph\">{\"@context\":\"https:\\\/\\\/schema.org\",\"@graph\":[{\"@type\":\"Article\",\"@id\":\"https:\\\/\\\/www.bellunopress.it\\\/2025\\\/12\\\/27\\\/perdono-il-sentiero-recuperati-in-val-di-seren\\\/#article\",\"isPartOf\":{\"@id\":\"https:\\\/\\\/www.bellunopress.it\\\/2025\\\/12\\\/27\\\/perdono-il-sentiero-recuperati-in-val-di-seren\\\/\"},\"author\":{\"name\":\"redazione\",\"@id\":\"https:\\\/\\\/www.bellunopress.it\\\/#\\\/schema\\\/person\\\/79bb06722b37ece1c03d3e94beb30d73\"},\"headline\":\"Perdono il sentiero, recuperati in Val di Seren\",\"datePublished\":\"2025-12-27T06:30:48+00:00\",\"mainEntityOfPage\":{\"@id\":\"https:\\\/\\\/www.bellunopress.it\\\/2025\\\/12\\\/27\\\/perdono-il-sentiero-recuperati-in-val-di-seren\\\/\"},\"wordCount\":210,\"publisher\":{\"@id\":\"https:\\\/\\\/www.bellunopress.it\\\/#organization\"},\"image\":{\"@id\":\"https:\\\/\\\/www.bellunopress.it\\\/2025\\\/12\\\/27\\\/perdono-il-sentiero-recuperati-in-val-di-seren\\\/#primaryimage\"},\"thumbnailUrl\":\"https:\\\/\\\/www.bellunopress.it\\\/wp-content\\\/uploads\\\/2025\\\/12\\\/soccorso-alpino-neve.jpg\",\"articleSection\":[\"Cronaca\\\/Politica\"],\"inLanguage\":\"fr-FR\"},{\"@type\":\"WebPage\",\"@id\":\"https:\\\/\\\/www.bellunopress.it\\\/2025\\\/12\\\/27\\\/perdono-il-sentiero-recuperati-in-val-di-seren\\\/\",\"url\":\"https:\\\/\\\/www.bellunopress.it\\\/2025\\\/12\\\/27\\\/perdono-il-sentiero-recuperati-in-val-di-seren\\\/\",\"name\":\"Perdono il sentiero, recuperati in Val di Seren - Bellunopress - Dolomiti\",\"isPartOf\":{\"@id\":\"https:\\\/\\\/www.bellunopress.it\\\/#website\"},\"primaryImageOfPage\":{\"@id\":\"https:\\\/\\\/www.bellunopress.it\\\/2025\\\/12\\\/27\\\/perdono-il-sentiero-recuperati-in-val-di-seren\\\/#primaryimage\"},\"image\":{\"@id\":\"https:\\\/\\\/www.bellunopress.it\\\/2025\\\/12\\\/27\\\/perdono-il-sentiero-recuperati-in-val-di-seren\\\/#primaryimage\"},\"thumbnailUrl\":\"https:\\\/\\\/www.bellunopress.it\\\/wp-content\\\/uploads\\\/2025\\\/12\\\/soccorso-alpino-neve.jpg\",\"datePublished\":\"2025-12-27T06:30:48+00:00\",\"breadcrumb\":{\"@id\":\"https:\\\/\\\/www.bellunopress.it\\\/2025\\\/12\\\/27\\\/perdono-il-sentiero-recuperati-in-val-di-seren\\\/#breadcrumb\"},\"inLanguage\":\"fr-FR\",\"potentialAction\":[{\"@type\":\"ReadAction\",\"target\":[\"https:\\\/\\\/www.bellunopress.it\\\/2025\\\/12\\\/27\\\/perdono-il-sentiero-recuperati-in-val-di-seren\\\/\"]}]},{\"@type\":\"ImageObject\",\"inLanguage\":\"fr-FR\",\"@id\":\"https:\\\/\\\/www.bellunopress.it\\\/2025\\\/12\\\/27\\\/perdono-il-sentiero-recuperati-in-val-di-seren\\\/#primaryimage\",\"url\":\"https:\\\/\\\/www.bellunopress.it\\\/wp-content\\\/uploads\\\/2025\\\/12\\\/soccorso-alpino-neve.jpg\",\"contentUrl\":\"https:\\\/\\\/www.bellunopress.it\\\/wp-content\\\/uploads\\\/2025\\\/12\\\/soccorso-alpino-neve.jpg\",\"width\":600,\"height\":276},{\"@type\":\"BreadcrumbList\",\"@id\":\"https:\\\/\\\/www.bellunopress.it\\\/2025\\\/12\\\/27\\\/perdono-il-sentiero-recuperati-in-val-di-seren\\\/#breadcrumb\",\"itemListElement\":[{\"@type\":\"ListItem\",\"position\":1,\"name\":\"Home\",\"item\":\"https:\\\/\\\/www.bellunopress.it\\\/\"},{\"@type\":\"ListItem\",\"position\":2,\"name\":\"Perdono il sentiero, recuperati in Val di Seren\"}]},{\"@type\":\"WebSite\",\"@id\":\"https:\\\/\\\/www.bellunopress.it\\\/#website\",\"url\":\"https:\\\/\\\/www.bellunopress.it\\\/\",\"name\":\"Bellunopress - Dolomiti\",\"description\":\"e-mail: redazione@bellunopress.it\",\"publisher\":{\"@id\":\"https:\\\/\\\/www.bellunopress.it\\\/#organization\"},\"potentialAction\":[{\"@type\":\"SearchAction\",\"target\":{\"@type\":\"EntryPoint\",\"urlTemplate\":\"https:\\\/\\\/www.bellunopress.it\\\/?s={search_term_string}\"},\"query-input\":{\"@type\":\"PropertyValueSpecification\",\"valueRequired\":true,\"valueName\":\"search_term_string\"}}],\"inLanguage\":\"fr-FR\"},{\"@type\":\"Organization\",\"@id\":\"https:\\\/\\\/www.bellunopress.it\\\/#organization\",\"name\":\"Bellunopress\",\"url\":\"https:\\\/\\\/www.bellunopress.it\\\/\",\"logo\":{\"@type\":\"ImageObject\",\"inLanguage\":\"fr-FR\",\"@id\":\"https:\\\/\\\/www.bellunopress.it\\\/#\\\/schema\\\/logo\\\/image\\\/\",\"url\":\"https:\\\/\\\/www.bellunopress.it\\\/wp-content\\\/uploads\\\/2011\\\/05\\\/cropped-logo-bellunopress-.jpg\",\"contentUrl\":\"https:\\\/\\\/www.bellunopress.it\\\/wp-content\\\/uploads\\\/2011\\\/05\\\/cropped-logo-bellunopress-.jpg\",\"width\":512,\"height\":512,\"caption\":\"Bellunopress\"},\"image\":{\"@id\":\"https:\\\/\\\/www.bellunopress.it\\\/#\\\/schema\\\/logo\\\/image\\\/\"},\"sameAs\":[\"https:\\\/\\\/www.facebook.com\\\/profile.php?id=100008943462799\",\"https:\\\/\\\/x.com\\\/bellunopress\",\"https:\\\/\\\/www.linkedin.com\\\/hp\\\/?dnr=JBzUWaJfMUw8vbXJJ2tVW5-I3jZKvC4wsoxE&amp;amp;amp;amp;amp;amp;trk=nav_responsive_tab_home\",\"https:\\\/\\\/www.youtube.com\\\/channel\\\/UCxL0wu1uN0_3_7hGG0306cw\"]},{\"@type\":\"Person\",\"@id\":\"https:\\\/\\\/www.bellunopress.it\\\/#\\\/schema\\\/person\\\/79bb06722b37ece1c03d3e94beb30d73\",\"name\":\"redazione\",\"image\":{\"@type\":\"ImageObject\",\"inLanguage\":\"fr-FR\",\"@id\":\"https:\\\/\\\/secure.gravatar.com\\\/avatar\\\/37d968a2e67a6fd04c169c4bdef102d0bc5d31b2546345219e348575eb80e9a0?s=96&d=mm&r=g\",\"url\":\"https:\\\/\\\/secure.gravatar.com\\\/avatar\\\/37d968a2e67a6fd04c169c4bdef102d0bc5d31b2546345219e348575eb80e9a0?s=96&d=mm&r=g\",\"contentUrl\":\"https:\\\/\\\/secure.gravatar.com\\\/avatar\\\/37d968a2e67a6fd04c169c4bdef102d0bc5d31b2546345219e348575eb80e9a0?s=96&d=mm&r=g\",\"caption\":\"redazione\"},\"sameAs\":[\"http:\\\/\\\/www.bellunopress.it\",\"https:\\\/\\\/x.com\\\/bellunopress\"],\"url\":\"https:\\\/\\\/www.bellunopress.it\\\/fr\\\/author\\\/redazione\\\/\"}]}<\/script>\n<!-- \/ Yoast SEO plugin. -->","yoast_head_json":{"title":"Perdono il sentiero, recuperati in Val di Seren - Bellunopress - Dolomiti","robots":{"index":"index","follow":"follow","max-snippet":"max-snippet:-1","max-image-preview":"max-image-preview:large","max-video-preview":"max-video-preview:-1"},"canonical":"https:\/\/www.bellunopress.it\/fr\/2025\/12\/27\/perdono-il-sentiero-recuperati-in-val-di-seren\/","og_locale":"fr_FR","og_type":"article","og_title":"Perdono il sentiero, recuperati in Val di Seren - Bellunopress - Dolomiti","og_description":"Seren del Grappa (BL), 26 &#8211; 12 &#8211; 2025 Si \u00e8 concluso verso le 20 l&#8217;intervento in aiuto di una coppia di giovani escursionisti, bloccati nella neve in Valle di Seren. I due giovani di Castelfranco Veneto (TV), lui di 24 anni, lei di 19, erano saliti verso localit\u00e0 Bocchette dopo aver lasciato la macchina [&hellip;]","og_url":"https:\/\/www.bellunopress.it\/fr\/2025\/12\/27\/perdono-il-sentiero-recuperati-in-val-di-seren\/","og_site_name":"Bellunopress - Dolomiti","article_publisher":"https:\/\/www.facebook.com\/profile.php?id=100008943462799","article_published_time":"2025-12-27T06:30:48+00:00","og_image":[{"width":600,"height":276,"url":"https:\/\/www.bellunopress.it\/wp-content\/uploads\/2025\/12\/soccorso-alpino-neve.jpg","type":"image\/jpeg"}],"author":"redazione","twitter_card":"summary_large_image","twitter_creator":"@bellunopress","twitter_site":"@bellunopress","twitter_misc":{"Written by":"redazione","Est. reading time":"1 minute"},"schema":{"@context":"https:\/\/schema.org","@graph":[{"@type":"Article","@id":"https:\/\/www.bellunopress.it\/2025\/12\/27\/perdono-il-sentiero-recuperati-in-val-di-seren\/#article","isPartOf":{"@id":"https:\/\/www.bellunopress.it\/2025\/12\/27\/perdono-il-sentiero-recuperati-in-val-di-seren\/"},"author":{"name":"redazione","@id":"https:\/\/www.bellunopress.it\/#\/schema\/person\/79bb06722b37ece1c03d3e94beb30d73"},"headline":"Perdono il sentiero, recuperati in Val di Seren","datePublished":"2025-12-27T06:30:48+00:00","mainEntityOfPage":{"@id":"https:\/\/www.bellunopress.it\/2025\/12\/27\/perdono-il-sentiero-recuperati-in-val-di-seren\/"},"wordCount":210,"publisher":{"@id":"https:\/\/www.bellunopress.it\/#organization"},"image":{"@id":"https:\/\/www.bellunopress.it\/2025\/12\/27\/perdono-il-sentiero-recuperati-in-val-di-seren\/#primaryimage"},"thumbnailUrl":"https:\/\/www.bellunopress.it\/wp-content\/uploads\/2025\/12\/soccorso-alpino-neve.jpg","articleSection":["Cronaca\/Politica"],"inLanguage":"fr-FR"},{"@type":"WebPage","@id":"https:\/\/www.bellunopress.it\/2025\/12\/27\/perdono-il-sentiero-recuperati-in-val-di-seren\/","url":"https:\/\/www.bellunopress.it\/2025\/12\/27\/perdono-il-sentiero-recuperati-in-val-di-seren\/","name":"Perdono il sentiero, recuperati in Val di Seren - Bellunopress - Dolomiti","isPartOf":{"@id":"https:\/\/www.bellunopress.it\/#website"},"primaryImageOfPage":{"@id":"https:\/\/www.bellunopress.it\/2025\/12\/27\/perdono-il-sentiero-recuperati-in-val-di-seren\/#primaryimage"},"image":{"@id":"https:\/\/www.bellunopress.it\/2025\/12\/27\/perdono-il-sentiero-recuperati-in-val-di-seren\/#primaryimage"},"thumbnailUrl":"https:\/\/www.bellunopress.it\/wp-content\/uploads\/2025\/12\/soccorso-alpino-neve.jpg","datePublished":"2025-12-27T06:30:48+00:00","breadcrumb":{"@id":"https:\/\/www.bellunopress.it\/2025\/12\/27\/perdono-il-sentiero-recuperati-in-val-di-seren\/#breadcrumb"},"inLanguage":"fr-FR","potentialAction":[{"@type":"ReadAction","target":["https:\/\/www.bellunopress.it\/2025\/12\/27\/perdono-il-sentiero-recuperati-in-val-di-seren\/"]}]},{"@type":"ImageObject","inLanguage":"fr-FR","@id":"https:\/\/www.bellunopress.it\/2025\/12\/27\/perdono-il-sentiero-recuperati-in-val-di-seren\/#primaryimage","url":"https:\/\/www.bellunopress.it\/wp-content\/uploads\/2025\/12\/soccorso-alpino-neve.jpg","contentUrl":"https:\/\/www.bellunopress.it\/wp-content\/uploads\/2025\/12\/soccorso-alpino-neve.jpg","width":600,"height":276},{"@type":"BreadcrumbList","@id":"https:\/\/www.bellunopress.it\/2025\/12\/27\/perdono-il-sentiero-recuperati-in-val-di-seren\/#breadcrumb","itemListElement":[{"@type":"ListItem","position":1,"name":"Home","item":"https:\/\/www.bellunopress.it\/"},{"@type":"ListItem","position":2,"name":"Perdono il sentiero, recuperati in Val di Seren"}]},{"@type":"WebSite","@id":"https:\/\/www.bellunopress.it\/#website","url":"https:\/\/www.bellunopress.it\/","name":"Bellunopress - Dolomiti","description":"e-mail: redazione@bellunopress.it","publisher":{"@id":"https:\/\/www.bellunopress.it\/#organization"},"potentialAction":[{"@type":"SearchAction","target":{"@type":"EntryPoint","urlTemplate":"https:\/\/www.bellunopress.it\/?s={search_term_string}"},"query-input":{"@type":"PropertyValueSpecification","valueRequired":true,"valueName":"search_term_string"}}],"inLanguage":"fr-FR"},{"@type":"Organization","@id":"https:\/\/www.bellunopress.it\/#organization","name":"Bellunopress","url":"https:\/\/www.bellunopress.it\/","logo":{"@type":"ImageObject","inLanguage":"fr-FR","@id":"https:\/\/www.bellunopress.it\/#\/schema\/logo\/image\/","url":"https:\/\/www.bellunopress.it\/wp-content\/uploads\/2011\/05\/cropped-logo-bellunopress-.jpg","contentUrl":"https:\/\/www.bellunopress.it\/wp-content\/uploads\/2011\/05\/cropped-logo-bellunopress-.jpg","width":512,"height":512,"caption":"Bellunopress"},"image":{"@id":"https:\/\/www.bellunopress.it\/#\/schema\/logo\/image\/"},"sameAs":["https:\/\/www.facebook.com\/profile.php?id=100008943462799","https:\/\/x.com\/bellunopress","https:\/\/www.linkedin.com\/hp\/?dnr=JBzUWaJfMUw8vbXJJ2tVW5-I3jZKvC4wsoxE&amp;amp;amp;amp;amp;amp;trk=nav_responsive_tab_home","https:\/\/www.youtube.com\/channel\/UCxL0wu1uN0_3_7hGG0306cw"]},{"@type":"Person","@id":"https:\/\/www.bellunopress.it\/#\/schema\/person\/79bb06722b37ece1c03d3e94beb30d73","name":"r\u00e9daction","image":{"@type":"ImageObject","inLanguage":"fr-FR","@id":"https:\/\/secure.gravatar.com\/avatar\/37d968a2e67a6fd04c169c4bdef102d0bc5d31b2546345219e348575eb80e9a0?s=96&d=mm&r=g","url":"https:\/\/secure.gravatar.com\/avatar\/37d968a2e67a6fd04c169c4bdef102d0bc5d31b2546345219e348575eb80e9a0?s=96&d=mm&r=g","contentUrl":"https:\/\/secure.gravatar.com\/avatar\/37d968a2e67a6fd04c169c4bdef102d0bc5d31b2546345219e348575eb80e9a0?s=96&d=mm&r=g","caption":"redazione"},"sameAs":["http:\/\/www.bellunopress.it","https:\/\/x.com\/bellunopress"],"url":"https:\/\/www.bellunopress.it\/fr\/author\/redazione\/"}]}},"_links":{"self":[{"href":"https:\/\/www.bellunopress.it\/fr\/wp-json\/wp\/v2\/posts\/166031","targetHints":{"allow":["GET"]}}],"collection":[{"href":"https:\/\/www.bellunopress.it\/fr\/wp-json\/wp\/v2\/posts"}],"about":[{"href":"https:\/\/www.bellunopress.it\/fr\/wp-json\/wp\/v2\/types\/post"}],"author":[{"embeddable":true,"href":"https:\/\/www.bellunopress.it\/fr\/wp-json\/wp\/v2\/users\/2"}],"replies":[{"embeddable":true,"href":"https:\/\/www.bellunopress.it\/fr\/wp-json\/wp\/v2\/comments?post=166031"}],"version-history":[{"count":1,"href":"https:\/\/www.bellunopress.it\/fr\/wp-json\/wp\/v2\/posts\/166031\/revisions"}],"predecessor-version":[{"id":166033,"href":"https:\/\/www.bellunopress.it\/fr\/wp-json\/wp\/v2\/posts\/166031\/revisions\/166033"}],"wp:featuredmedia":[{"embeddable":true,"href":"https:\/\/www.bellunopress.it\/fr\/wp-json\/wp\/v2\/media\/166032"}],"wp:attachment":[{"href":"https:\/\/www.bellunopress.it\/fr\/wp-json\/wp\/v2\/media?parent=166031"}],"wp:term":[{"taxonomy":"category","embeddable":true,"href":"https:\/\/www.bellunopress.it\/fr\/wp-json\/wp\/v2\/categories?post=166031"},{"taxonomy":"post_tag","embeddable":true,"href":"https:\/\/www.bellunopress.it\/fr\/wp-json\/wp\/v2\/tags?post=166031"}],"curies":[{"name":"wp","href":"https:\/\/api.w.org\/{rel}","templated":true}]}}