{"id":166028,"date":"2025-12-26T20:30:37","date_gmt":"2025-12-26T19:30:37","guid":{"rendered":"https:\/\/www.bellunopress.it\/?p=166028"},"modified":"2025-12-26T20:25:46","modified_gmt":"2025-12-26T19:25:46","slug":"addio-alle-pensiline-delle-bacciocche-di-vittorio-veneto-e-belluno","status":"publish","type":"post","link":"https:\/\/www.bellunopress.it\/fr\/2025\/12\/26\/addio-alle-pensiline-delle-bacciocche-di-vittorio-veneto-e-belluno\/","title":{"rendered":"Addio alle pensiline delle &#8220;Bacciocche&#8221; di Vittorio Veneto e Belluno"},"content":{"rendered":"<p><img loading=\"lazy\" decoding=\"async\" class=\"aligncenter size-full wp-image-166029\" src=\"https:\/\/www.bellunopress.it\/wp-content\/uploads\/2025\/12\/agip-V-Veneto-TV-e-Belluno.jpg\" alt=\"\" width=\"800\" height=\"382\" srcset=\"https:\/\/www.bellunopress.it\/wp-content\/uploads\/2025\/12\/agip-V-Veneto-TV-e-Belluno.jpg 800w, https:\/\/www.bellunopress.it\/wp-content\/uploads\/2025\/12\/agip-V-Veneto-TV-e-Belluno-500x239.jpg 500w, https:\/\/www.bellunopress.it\/wp-content\/uploads\/2025\/12\/agip-V-Veneto-TV-e-Belluno-696x332.jpg 696w\" sizes=\"auto, (max-width: 800px) 100vw, 800px\" \/>Dalle pensiline futuristiche di Enrico Mattei ai carrelli dei supermercati. La storia di due stazioni di servizio identiche, progettate da Mario Bacciocchi, che per decenni hanno segnato l\u2019ingresso nelle due citt\u00e0 prima di scomparire sotto i colpi delle ruspe.<\/p>\n<p>C\u2019era un tempo in cui fare rifornimento non era un gesto meccanico, ma un\u2019esperienza di modernit\u00e0, un rito. Un\u2019epoca in cui le stazioni di servizio non erano semplici prefabbricati, ma &#8220;astronavi&#8221; di cemento armato che promettevano il futuro. Tra Vittorio Veneto e Belluno, due di queste astronavi hanno condiviso lo stesso destino, la stessa architettura e, infine, lo stesso epilogo: la demolizione per far spazio a un supermercato.<\/p>\n<p>Le due stazioni erano gemelle, nate dal genio dell&#8217;architetto Mario Bacciocchi, l\u2019uomo a cui Enrico Mattei affid\u00f2 negli anni &#8217;50 il compito di dare un volto all\u2019Agip. Il modello, soprannominato confidenzialmente &#8220;La Bacciocca&#8221;, era uno dei 13 progetti-tipo che punteggiarono l&#8217;Italia del boom economico.<\/p>\n<p>Caratterizzate da una pensilina a sbalzo audace e aerodinamica, queste strutture dovevano comunicare efficienza e dinamismo. Chi arrivava a Vittorio Veneto da sud o entrava a Belluno dal quartiere di Baldenich, veniva accolto da quelle ali di cemento che sembravano pronte a spiccare il volo, sormontate dall&#8217;immancabile cane a sei zampe della Supercortemaggiore.<\/p>\n<p>&nbsp;<\/p>\n<p><strong>Vittorio Veneto: la prima a cadere (2007)<\/strong><\/p>\n<p>A Vittorio Veneto, la stazione sorgeva in viale Matteotti. Per cinquant\u2019anni \u00e8 stata il punto di riferimento per chi risaliva la Statale Alemagna. La sua fine \u00e8 arrivata a met\u00e0 degli anni Duemila. Nonostante il valore storico e architettonico, l\u2019area era diventata troppo ghiotta per lo sviluppo commerciale.<\/p>\n<p>Tra la fine del 2006 e l&#8217;inizio del 2007, la &#8220;Bacciocca&#8221; vittoriese \u00e8 stata smantellata. Al suo posto, dopo una complessa operazione di bonifica dei terreni, \u00e8 sorto l\u2019ipermercato Emisfero, inaugurato ufficialmente il 16 ottobre 2008. Oggi, di quella stazione non resta che il ricordo dei vecchi residenti, sommerso dal viavai quotidiano dei clienti del centro commerciale.<\/p>\n<p>&nbsp;<\/p>\n<p><strong>Belluno: il &#8220;blitz&#8221; di via Vittorio Veneto (2022)<\/strong><\/p>\n<p>Quasi quindici anni dopo, la storia si \u00e8 ripetuta identica a Belluno. La stazione gemella di via Vittorio Veneto a Baldenich, chiusa dal 2014, era rimasta un guscio vuoto, protetta solo dall&#8217;affetto dei cittadini e dai ricorsi di associazioni come Italia Nostra, che ne chiedevano il vincolo culturale.<\/p>\n<p>Ma il destino era gi\u00e0 segnato. Nel luglio 2022, con un\u2019operazione rapida che ha colto molti di sorpresa, le ruspe hanno abbattuto la pensilina e l&#8217;edificio centrale. Anche qui, il motivo \u00e8 il medesimo: l\u2019edificazione di un punto vendita della grande distribuzione (un supermercato Kanguro). Nonostante le proteste e le petizioni, l\u2019architettura di Bacciocchi \u00e8 stata giudicata &#8220;non vincolabile&#8221; in tempo utile, finendo in macerie in una mattina d&#8217;estate.<\/p>\n<p>La scomparsa di queste due stazioni segna la fine di un&#8217;estetica del viaggio. Se a Vittorio Veneto la demolizione \u00e8 stata digerita come un necessario prezzo per il progresso commerciale degli anni 2000, a Belluno il recente abbattimento ha riacceso il dibattito sulla tutela del patrimonio industriale del Novecento.<\/p>","protected":false},"excerpt":{"rendered":"<p>Dalle pensiline futuristiche di Enrico Mattei ai carrelli dei supermercati. La storia di due stazioni di servizio identiche, progettate da Mario Bacciocchi, che per decenni hanno segnato l\u2019ingresso nelle due citt\u00e0 prima di scomparire sotto i colpi delle ruspe. C\u2019era un tempo in cui fare rifornimento non era un gesto meccanico, ma un\u2019esperienza di modernit\u00e0, [&hellip;]<\/p>\n","protected":false},"author":2,"featured_media":166029,"comment_status":"closed","ping_status":"open","sticky":false,"template":"","format":"standard","meta":{"footnotes":""},"categories":[3368,26],"tags":[],"class_list":["post-166028","post","type-post","status-publish","format-standard","has-post-thumbnail","category-cahiers-de-doleances","category-prima-pagina"],"yoast_head":"<!-- This site is optimized with the Yoast SEO plugin v28.4 - https:\/\/yoast.com\/product\/yoast-seo-wordpress\/ -->\n<title>Addio alle pensiline delle &quot;Bacciocche&quot; di Vittorio Veneto e Belluno - Bellunopress - Dolomiti<\/title>\n<meta name=\"robots\" content=\"index, follow, max-snippet:-1, max-image-preview:large, max-video-preview:-1\" \/>\n<link rel=\"canonical\" href=\"https:\/\/www.bellunopress.it\/fr\/2025\/12\/26\/addio-alle-pensiline-delle-bacciocche-di-vittorio-veneto-e-belluno\/\" \/>\n<meta property=\"og:locale\" content=\"fr_FR\" \/>\n<meta property=\"og:type\" content=\"article\" \/>\n<meta property=\"og:title\" content=\"Addio alle pensiline delle &quot;Bacciocche&quot; di Vittorio Veneto e Belluno - Bellunopress - Dolomiti\" \/>\n<meta property=\"og:description\" content=\"Dalle pensiline futuristiche di Enrico Mattei ai carrelli dei supermercati. La storia di due stazioni di servizio identiche, progettate da Mario Bacciocchi, che per decenni hanno segnato l\u2019ingresso nelle due citt\u00e0 prima di scomparire sotto i colpi delle ruspe. C\u2019era un tempo in cui fare rifornimento non era un gesto meccanico, ma un\u2019esperienza di modernit\u00e0, [&hellip;]\" \/>\n<meta property=\"og:url\" content=\"https:\/\/www.bellunopress.it\/fr\/2025\/12\/26\/addio-alle-pensiline-delle-bacciocche-di-vittorio-veneto-e-belluno\/\" \/>\n<meta property=\"og:site_name\" content=\"Bellunopress - Dolomiti\" \/>\n<meta property=\"article:publisher\" content=\"https:\/\/www.facebook.com\/profile.php?id=100008943462799\" \/>\n<meta property=\"article:published_time\" content=\"2025-12-26T19:30:37+00:00\" \/>\n<meta property=\"og:image\" content=\"https:\/\/www.bellunopress.it\/wp-content\/uploads\/2025\/12\/agip-V-Veneto-TV-e-Belluno.jpg\" \/>\n\t<meta property=\"og:image:width\" content=\"800\" \/>\n\t<meta property=\"og:image:height\" content=\"382\" \/>\n\t<meta property=\"og:image:type\" content=\"image\/jpeg\" \/>\n<meta name=\"author\" content=\"redazione\" \/>\n<meta name=\"twitter:card\" content=\"summary_large_image\" \/>\n<meta name=\"twitter:creator\" content=\"@bellunopress\" \/>\n<meta name=\"twitter:site\" content=\"@bellunopress\" \/>\n<meta name=\"twitter:label1\" content=\"Written by\" \/>\n\t<meta name=\"twitter:data1\" content=\"redazione\" \/>\n\t<meta name=\"twitter:label2\" content=\"Est. reading time\" \/>\n\t<meta name=\"twitter:data2\" content=\"2 minutes\" \/>\n<script type=\"application\/ld+json\" class=\"yoast-schema-graph\">{\"@context\":\"https:\\\/\\\/schema.org\",\"@graph\":[{\"@type\":\"Article\",\"@id\":\"https:\\\/\\\/www.bellunopress.it\\\/2025\\\/12\\\/26\\\/addio-alle-pensiline-delle-bacciocche-di-vittorio-veneto-e-belluno\\\/#article\",\"isPartOf\":{\"@id\":\"https:\\\/\\\/www.bellunopress.it\\\/2025\\\/12\\\/26\\\/addio-alle-pensiline-delle-bacciocche-di-vittorio-veneto-e-belluno\\\/\"},\"author\":{\"name\":\"redazione\",\"@id\":\"https:\\\/\\\/www.bellunopress.it\\\/#\\\/schema\\\/person\\\/79bb06722b37ece1c03d3e94beb30d73\"},\"headline\":\"Addio alle pensiline delle &#8220;Bacciocche&#8221; di Vittorio Veneto e Belluno\",\"datePublished\":\"2025-12-26T19:30:37+00:00\",\"mainEntityOfPage\":{\"@id\":\"https:\\\/\\\/www.bellunopress.it\\\/2025\\\/12\\\/26\\\/addio-alle-pensiline-delle-bacciocche-di-vittorio-veneto-e-belluno\\\/\"},\"wordCount\":503,\"publisher\":{\"@id\":\"https:\\\/\\\/www.bellunopress.it\\\/#organization\"},\"image\":{\"@id\":\"https:\\\/\\\/www.bellunopress.it\\\/2025\\\/12\\\/26\\\/addio-alle-pensiline-delle-bacciocche-di-vittorio-veneto-e-belluno\\\/#primaryimage\"},\"thumbnailUrl\":\"https:\\\/\\\/www.bellunopress.it\\\/wp-content\\\/uploads\\\/2025\\\/12\\\/agip-V-Veneto-TV-e-Belluno.jpg\",\"articleSection\":[\"Cahiers de dol\u00e9ances\",\"Prima Pagina\"],\"inLanguage\":\"fr-FR\"},{\"@type\":\"WebPage\",\"@id\":\"https:\\\/\\\/www.bellunopress.it\\\/2025\\\/12\\\/26\\\/addio-alle-pensiline-delle-bacciocche-di-vittorio-veneto-e-belluno\\\/\",\"url\":\"https:\\\/\\\/www.bellunopress.it\\\/2025\\\/12\\\/26\\\/addio-alle-pensiline-delle-bacciocche-di-vittorio-veneto-e-belluno\\\/\",\"name\":\"Addio alle pensiline delle \\\"Bacciocche\\\" di Vittorio Veneto e Belluno - Bellunopress - Dolomiti\",\"isPartOf\":{\"@id\":\"https:\\\/\\\/www.bellunopress.it\\\/#website\"},\"primaryImageOfPage\":{\"@id\":\"https:\\\/\\\/www.bellunopress.it\\\/2025\\\/12\\\/26\\\/addio-alle-pensiline-delle-bacciocche-di-vittorio-veneto-e-belluno\\\/#primaryimage\"},\"image\":{\"@id\":\"https:\\\/\\\/www.bellunopress.it\\\/2025\\\/12\\\/26\\\/addio-alle-pensiline-delle-bacciocche-di-vittorio-veneto-e-belluno\\\/#primaryimage\"},\"thumbnailUrl\":\"https:\\\/\\\/www.bellunopress.it\\\/wp-content\\\/uploads\\\/2025\\\/12\\\/agip-V-Veneto-TV-e-Belluno.jpg\",\"datePublished\":\"2025-12-26T19:30:37+00:00\",\"breadcrumb\":{\"@id\":\"https:\\\/\\\/www.bellunopress.it\\\/2025\\\/12\\\/26\\\/addio-alle-pensiline-delle-bacciocche-di-vittorio-veneto-e-belluno\\\/#breadcrumb\"},\"inLanguage\":\"fr-FR\",\"potentialAction\":[{\"@type\":\"ReadAction\",\"target\":[\"https:\\\/\\\/www.bellunopress.it\\\/2025\\\/12\\\/26\\\/addio-alle-pensiline-delle-bacciocche-di-vittorio-veneto-e-belluno\\\/\"]}]},{\"@type\":\"ImageObject\",\"inLanguage\":\"fr-FR\",\"@id\":\"https:\\\/\\\/www.bellunopress.it\\\/2025\\\/12\\\/26\\\/addio-alle-pensiline-delle-bacciocche-di-vittorio-veneto-e-belluno\\\/#primaryimage\",\"url\":\"https:\\\/\\\/www.bellunopress.it\\\/wp-content\\\/uploads\\\/2025\\\/12\\\/agip-V-Veneto-TV-e-Belluno.jpg\",\"contentUrl\":\"https:\\\/\\\/www.bellunopress.it\\\/wp-content\\\/uploads\\\/2025\\\/12\\\/agip-V-Veneto-TV-e-Belluno.jpg\",\"width\":800,\"height\":382},{\"@type\":\"BreadcrumbList\",\"@id\":\"https:\\\/\\\/www.bellunopress.it\\\/2025\\\/12\\\/26\\\/addio-alle-pensiline-delle-bacciocche-di-vittorio-veneto-e-belluno\\\/#breadcrumb\",\"itemListElement\":[{\"@type\":\"ListItem\",\"position\":1,\"name\":\"Home\",\"item\":\"https:\\\/\\\/www.bellunopress.it\\\/\"},{\"@type\":\"ListItem\",\"position\":2,\"name\":\"Addio alle pensiline delle &#8220;Bacciocche&#8221; di Vittorio Veneto e Belluno\"}]},{\"@type\":\"WebSite\",\"@id\":\"https:\\\/\\\/www.bellunopress.it\\\/#website\",\"url\":\"https:\\\/\\\/www.bellunopress.it\\\/\",\"name\":\"Bellunopress - Dolomiti\",\"description\":\"e-mail: redazione@bellunopress.it\",\"publisher\":{\"@id\":\"https:\\\/\\\/www.bellunopress.it\\\/#organization\"},\"potentialAction\":[{\"@type\":\"SearchAction\",\"target\":{\"@type\":\"EntryPoint\",\"urlTemplate\":\"https:\\\/\\\/www.bellunopress.it\\\/?s={search_term_string}\"},\"query-input\":{\"@type\":\"PropertyValueSpecification\",\"valueRequired\":true,\"valueName\":\"search_term_string\"}}],\"inLanguage\":\"fr-FR\"},{\"@type\":\"Organization\",\"@id\":\"https:\\\/\\\/www.bellunopress.it\\\/#organization\",\"name\":\"Bellunopress\",\"url\":\"https:\\\/\\\/www.bellunopress.it\\\/\",\"logo\":{\"@type\":\"ImageObject\",\"inLanguage\":\"fr-FR\",\"@id\":\"https:\\\/\\\/www.bellunopress.it\\\/#\\\/schema\\\/logo\\\/image\\\/\",\"url\":\"https:\\\/\\\/www.bellunopress.it\\\/wp-content\\\/uploads\\\/2011\\\/05\\\/cropped-logo-bellunopress-.jpg\",\"contentUrl\":\"https:\\\/\\\/www.bellunopress.it\\\/wp-content\\\/uploads\\\/2011\\\/05\\\/cropped-logo-bellunopress-.jpg\",\"width\":512,\"height\":512,\"caption\":\"Bellunopress\"},\"image\":{\"@id\":\"https:\\\/\\\/www.bellunopress.it\\\/#\\\/schema\\\/logo\\\/image\\\/\"},\"sameAs\":[\"https:\\\/\\\/www.facebook.com\\\/profile.php?id=100008943462799\",\"https:\\\/\\\/x.com\\\/bellunopress\",\"https:\\\/\\\/www.linkedin.com\\\/hp\\\/?dnr=JBzUWaJfMUw8vbXJJ2tVW5-I3jZKvC4wsoxE&amp;amp;amp;amp;amp;amp;trk=nav_responsive_tab_home\",\"https:\\\/\\\/www.youtube.com\\\/channel\\\/UCxL0wu1uN0_3_7hGG0306cw\"]},{\"@type\":\"Person\",\"@id\":\"https:\\\/\\\/www.bellunopress.it\\\/#\\\/schema\\\/person\\\/79bb06722b37ece1c03d3e94beb30d73\",\"name\":\"redazione\",\"image\":{\"@type\":\"ImageObject\",\"inLanguage\":\"fr-FR\",\"@id\":\"https:\\\/\\\/secure.gravatar.com\\\/avatar\\\/37d968a2e67a6fd04c169c4bdef102d0bc5d31b2546345219e348575eb80e9a0?s=96&d=mm&r=g\",\"url\":\"https:\\\/\\\/secure.gravatar.com\\\/avatar\\\/37d968a2e67a6fd04c169c4bdef102d0bc5d31b2546345219e348575eb80e9a0?s=96&d=mm&r=g\",\"contentUrl\":\"https:\\\/\\\/secure.gravatar.com\\\/avatar\\\/37d968a2e67a6fd04c169c4bdef102d0bc5d31b2546345219e348575eb80e9a0?s=96&d=mm&r=g\",\"caption\":\"redazione\"},\"sameAs\":[\"http:\\\/\\\/www.bellunopress.it\",\"https:\\\/\\\/x.com\\\/bellunopress\"],\"url\":\"https:\\\/\\\/www.bellunopress.it\\\/fr\\\/author\\\/redazione\\\/\"}]}<\/script>\n<!-- \/ Yoast SEO plugin. -->","yoast_head_json":{"title":"Addio alle pensiline delle \"Bacciocche\" di Vittorio Veneto e Belluno - Bellunopress - Dolomiti","robots":{"index":"index","follow":"follow","max-snippet":"max-snippet:-1","max-image-preview":"max-image-preview:large","max-video-preview":"max-video-preview:-1"},"canonical":"https:\/\/www.bellunopress.it\/fr\/2025\/12\/26\/addio-alle-pensiline-delle-bacciocche-di-vittorio-veneto-e-belluno\/","og_locale":"fr_FR","og_type":"article","og_title":"Addio alle pensiline delle \"Bacciocche\" di Vittorio Veneto e Belluno - Bellunopress - Dolomiti","og_description":"Dalle pensiline futuristiche di Enrico Mattei ai carrelli dei supermercati. La storia di due stazioni di servizio identiche, progettate da Mario Bacciocchi, che per decenni hanno segnato l\u2019ingresso nelle due citt\u00e0 prima di scomparire sotto i colpi delle ruspe. C\u2019era un tempo in cui fare rifornimento non era un gesto meccanico, ma un\u2019esperienza di modernit\u00e0, [&hellip;]","og_url":"https:\/\/www.bellunopress.it\/fr\/2025\/12\/26\/addio-alle-pensiline-delle-bacciocche-di-vittorio-veneto-e-belluno\/","og_site_name":"Bellunopress - Dolomiti","article_publisher":"https:\/\/www.facebook.com\/profile.php?id=100008943462799","article_published_time":"2025-12-26T19:30:37+00:00","og_image":[{"width":800,"height":382,"url":"https:\/\/www.bellunopress.it\/wp-content\/uploads\/2025\/12\/agip-V-Veneto-TV-e-Belluno.jpg","type":"image\/jpeg"}],"author":"redazione","twitter_card":"summary_large_image","twitter_creator":"@bellunopress","twitter_site":"@bellunopress","twitter_misc":{"Written by":"redazione","Est. reading time":"2 minutes"},"schema":{"@context":"https:\/\/schema.org","@graph":[{"@type":"Article","@id":"https:\/\/www.bellunopress.it\/2025\/12\/26\/addio-alle-pensiline-delle-bacciocche-di-vittorio-veneto-e-belluno\/#article","isPartOf":{"@id":"https:\/\/www.bellunopress.it\/2025\/12\/26\/addio-alle-pensiline-delle-bacciocche-di-vittorio-veneto-e-belluno\/"},"author":{"name":"redazione","@id":"https:\/\/www.bellunopress.it\/#\/schema\/person\/79bb06722b37ece1c03d3e94beb30d73"},"headline":"Addio alle pensiline delle &#8220;Bacciocche&#8221; di Vittorio Veneto e Belluno","datePublished":"2025-12-26T19:30:37+00:00","mainEntityOfPage":{"@id":"https:\/\/www.bellunopress.it\/2025\/12\/26\/addio-alle-pensiline-delle-bacciocche-di-vittorio-veneto-e-belluno\/"},"wordCount":503,"publisher":{"@id":"https:\/\/www.bellunopress.it\/#organization"},"image":{"@id":"https:\/\/www.bellunopress.it\/2025\/12\/26\/addio-alle-pensiline-delle-bacciocche-di-vittorio-veneto-e-belluno\/#primaryimage"},"thumbnailUrl":"https:\/\/www.bellunopress.it\/wp-content\/uploads\/2025\/12\/agip-V-Veneto-TV-e-Belluno.jpg","articleSection":["Cahiers de dol\u00e9ances","Prima Pagina"],"inLanguage":"fr-FR"},{"@type":"WebPage","@id":"https:\/\/www.bellunopress.it\/2025\/12\/26\/addio-alle-pensiline-delle-bacciocche-di-vittorio-veneto-e-belluno\/","url":"https:\/\/www.bellunopress.it\/2025\/12\/26\/addio-alle-pensiline-delle-bacciocche-di-vittorio-veneto-e-belluno\/","name":"Addio alle pensiline delle \"Bacciocche\" di Vittorio Veneto e Belluno - Bellunopress - Dolomiti","isPartOf":{"@id":"https:\/\/www.bellunopress.it\/#website"},"primaryImageOfPage":{"@id":"https:\/\/www.bellunopress.it\/2025\/12\/26\/addio-alle-pensiline-delle-bacciocche-di-vittorio-veneto-e-belluno\/#primaryimage"},"image":{"@id":"https:\/\/www.bellunopress.it\/2025\/12\/26\/addio-alle-pensiline-delle-bacciocche-di-vittorio-veneto-e-belluno\/#primaryimage"},"thumbnailUrl":"https:\/\/www.bellunopress.it\/wp-content\/uploads\/2025\/12\/agip-V-Veneto-TV-e-Belluno.jpg","datePublished":"2025-12-26T19:30:37+00:00","breadcrumb":{"@id":"https:\/\/www.bellunopress.it\/2025\/12\/26\/addio-alle-pensiline-delle-bacciocche-di-vittorio-veneto-e-belluno\/#breadcrumb"},"inLanguage":"fr-FR","potentialAction":[{"@type":"ReadAction","target":["https:\/\/www.bellunopress.it\/2025\/12\/26\/addio-alle-pensiline-delle-bacciocche-di-vittorio-veneto-e-belluno\/"]}]},{"@type":"ImageObject","inLanguage":"fr-FR","@id":"https:\/\/www.bellunopress.it\/2025\/12\/26\/addio-alle-pensiline-delle-bacciocche-di-vittorio-veneto-e-belluno\/#primaryimage","url":"https:\/\/www.bellunopress.it\/wp-content\/uploads\/2025\/12\/agip-V-Veneto-TV-e-Belluno.jpg","contentUrl":"https:\/\/www.bellunopress.it\/wp-content\/uploads\/2025\/12\/agip-V-Veneto-TV-e-Belluno.jpg","width":800,"height":382},{"@type":"BreadcrumbList","@id":"https:\/\/www.bellunopress.it\/2025\/12\/26\/addio-alle-pensiline-delle-bacciocche-di-vittorio-veneto-e-belluno\/#breadcrumb","itemListElement":[{"@type":"ListItem","position":1,"name":"Home","item":"https:\/\/www.bellunopress.it\/"},{"@type":"ListItem","position":2,"name":"Addio alle pensiline delle &#8220;Bacciocche&#8221; di Vittorio Veneto e Belluno"}]},{"@type":"WebSite","@id":"https:\/\/www.bellunopress.it\/#website","url":"https:\/\/www.bellunopress.it\/","name":"Bellunopress - Dolomiti","description":"e-mail: redazione@bellunopress.it","publisher":{"@id":"https:\/\/www.bellunopress.it\/#organization"},"potentialAction":[{"@type":"SearchAction","target":{"@type":"EntryPoint","urlTemplate":"https:\/\/www.bellunopress.it\/?s={search_term_string}"},"query-input":{"@type":"PropertyValueSpecification","valueRequired":true,"valueName":"search_term_string"}}],"inLanguage":"fr-FR"},{"@type":"Organization","@id":"https:\/\/www.bellunopress.it\/#organization","name":"Bellunopress","url":"https:\/\/www.bellunopress.it\/","logo":{"@type":"ImageObject","inLanguage":"fr-FR","@id":"https:\/\/www.bellunopress.it\/#\/schema\/logo\/image\/","url":"https:\/\/www.bellunopress.it\/wp-content\/uploads\/2011\/05\/cropped-logo-bellunopress-.jpg","contentUrl":"https:\/\/www.bellunopress.it\/wp-content\/uploads\/2011\/05\/cropped-logo-bellunopress-.jpg","width":512,"height":512,"caption":"Bellunopress"},"image":{"@id":"https:\/\/www.bellunopress.it\/#\/schema\/logo\/image\/"},"sameAs":["https:\/\/www.facebook.com\/profile.php?id=100008943462799","https:\/\/x.com\/bellunopress","https:\/\/www.linkedin.com\/hp\/?dnr=JBzUWaJfMUw8vbXJJ2tVW5-I3jZKvC4wsoxE&amp;amp;amp;amp;amp;amp;trk=nav_responsive_tab_home","https:\/\/www.youtube.com\/channel\/UCxL0wu1uN0_3_7hGG0306cw"]},{"@type":"Person","@id":"https:\/\/www.bellunopress.it\/#\/schema\/person\/79bb06722b37ece1c03d3e94beb30d73","name":"r\u00e9daction","image":{"@type":"ImageObject","inLanguage":"fr-FR","@id":"https:\/\/secure.gravatar.com\/avatar\/37d968a2e67a6fd04c169c4bdef102d0bc5d31b2546345219e348575eb80e9a0?s=96&d=mm&r=g","url":"https:\/\/secure.gravatar.com\/avatar\/37d968a2e67a6fd04c169c4bdef102d0bc5d31b2546345219e348575eb80e9a0?s=96&d=mm&r=g","contentUrl":"https:\/\/secure.gravatar.com\/avatar\/37d968a2e67a6fd04c169c4bdef102d0bc5d31b2546345219e348575eb80e9a0?s=96&d=mm&r=g","caption":"redazione"},"sameAs":["http:\/\/www.bellunopress.it","https:\/\/x.com\/bellunopress"],"url":"https:\/\/www.bellunopress.it\/fr\/author\/redazione\/"}]}},"_links":{"self":[{"href":"https:\/\/www.bellunopress.it\/fr\/wp-json\/wp\/v2\/posts\/166028","targetHints":{"allow":["GET"]}}],"collection":[{"href":"https:\/\/www.bellunopress.it\/fr\/wp-json\/wp\/v2\/posts"}],"about":[{"href":"https:\/\/www.bellunopress.it\/fr\/wp-json\/wp\/v2\/types\/post"}],"author":[{"embeddable":true,"href":"https:\/\/www.bellunopress.it\/fr\/wp-json\/wp\/v2\/users\/2"}],"replies":[{"embeddable":true,"href":"https:\/\/www.bellunopress.it\/fr\/wp-json\/wp\/v2\/comments?post=166028"}],"version-history":[{"count":1,"href":"https:\/\/www.bellunopress.it\/fr\/wp-json\/wp\/v2\/posts\/166028\/revisions"}],"predecessor-version":[{"id":166030,"href":"https:\/\/www.bellunopress.it\/fr\/wp-json\/wp\/v2\/posts\/166028\/revisions\/166030"}],"wp:featuredmedia":[{"embeddable":true,"href":"https:\/\/www.bellunopress.it\/fr\/wp-json\/wp\/v2\/media\/166029"}],"wp:attachment":[{"href":"https:\/\/www.bellunopress.it\/fr\/wp-json\/wp\/v2\/media?parent=166028"}],"wp:term":[{"taxonomy":"category","embeddable":true,"href":"https:\/\/www.bellunopress.it\/fr\/wp-json\/wp\/v2\/categories?post=166028"},{"taxonomy":"post_tag","embeddable":true,"href":"https:\/\/www.bellunopress.it\/fr\/wp-json\/wp\/v2\/tags?post=166028"}],"curies":[{"name":"wp","href":"https:\/\/api.w.org\/{rel}","templated":true}]}}