{"id":166026,"date":"2025-12-26T15:25:04","date_gmt":"2025-12-26T14:25:04","guid":{"rendered":"https:\/\/www.bellunopress.it\/?p=166026"},"modified":"2025-12-26T15:25:04","modified_gmt":"2025-12-26T14:25:04","slug":"belluno-assegnati-i-contributi-alle-associazioni-35-mila-euro-diviso-tra-32-soggetti","status":"publish","type":"post","link":"https:\/\/www.bellunopress.it\/fr\/2025\/12\/26\/belluno-assegnati-i-contributi-alle-associazioni-35-mila-euro-diviso-tra-32-soggetti\/","title":{"rendered":"Belluno, assegnati i contributi alle associazioni: 35 mila euro diviso tra 32 soggetti"},"content":{"rendered":"<figure id=\"attachment_112706\" aria-describedby=\"caption-attachment-112706\" style=\"width: 900px\" class=\"wp-caption aligncenter\"><img loading=\"lazy\" decoding=\"async\" class=\"size-full wp-image-112706\" src=\"https:\/\/www.bellunopress.it\/wp-content\/uploads\/2020\/03\/palazzo-rosso-notte.jpg\" alt=\"\" width=\"900\" height=\"688\" srcset=\"https:\/\/www.bellunopress.it\/wp-content\/uploads\/2020\/03\/palazzo-rosso-notte.jpg 900w, https:\/\/www.bellunopress.it\/wp-content\/uploads\/2020\/03\/palazzo-rosso-notte-500x382.jpg 500w, https:\/\/www.bellunopress.it\/wp-content\/uploads\/2020\/03\/palazzo-rosso-notte-696x532.jpg 696w, https:\/\/www.bellunopress.it\/wp-content\/uploads\/2020\/03\/palazzo-rosso-notte-549x420.jpg 549w, https:\/\/www.bellunopress.it\/wp-content\/uploads\/2020\/03\/palazzo-rosso-notte-80x60.jpg 80w\" sizes=\"auto, (max-width: 900px) 100vw, 900px\" \/><figcaption id=\"caption-attachment-112706\" class=\"wp-caption-text\">Palazzo Rosso, sede dell&#8217;Amministrazione comunale di Belluno<\/figcaption><\/figure>\n<p>Belluno, 26 dicembre 2025 &#8211; Sono stati assegnati nei giorni scorsi, con delibere di giunta, i contributi alle associazioni e agli enti che nel corso del 2025 hanno realizzato in Citt\u00e0 manifestazioni e attivit\u00e0 sportive, turistiche e culturali a beneficio della comunit\u00e0. Il contributo, di complessivi 35 mila euro, \u00e8 stato diviso tra 32 realt\u00e0.<\/p>\n<p><strong>Ecco i destinatari del contributo<\/strong><\/p>\n<p><strong>Ambito sportivo<\/strong><br \/>\n\u2022 Aero Club Paracadutismo ASD per la Dolomiti Cup 2025, 2.650 euro<br \/>\n\u2022 Aero Club Paracadutismo ASD per il 36esimo Trofeo Citt\u00e0 di Belluno, 4mila euro<br \/>\n\u2022 ASD Run &amp; Fun Belluno per Belluno School Run, 1.050 euro<br \/>\n\u2022 ASD Gruppo All Red per 23esimo per Torneo di calcio settori giovanili \u2013 Prima pedonata di San Gualberto e seconda Castagnata in Nevegal, 560 euro<br \/>\n\u2022 APS Nevegallika per 11esimo Trail del Nevegal, 1.700 euro<br \/>\n\u2022 ASD Pallamano Belluno per Circuito unico di tornei amichevoli di pallamano, 1.220 euro<br \/>\n\u2022 ASD Bocce &amp; sport Cavarzano per la Gara nazionale e il libro per i 50 anni di storia dell\u2019Associazione, 700 euro<br \/>\n\u2022 Associazione Atletica Dolomiti Belluno per Belluno Summer Run 2025, 1.450 euro<\/p>\n<p>\u201cSostenere le associazioni sportive significa investire in una rete viva e diffusa che crea occasioni di partecipazione, inclusione e crescita continue \u2013 le dichiarazioni dell\u2019assessore allo sport Monica Mazzoccoli -. Le manifestazioni realizzate nel corso dell\u2019anno dimostrano la capacit\u00e0 del territorio di offrire eventi di qualit\u00e0, rivolti a tutte le fasce d\u2019et\u00e0, con ricadute positive sia sul piano sociale sia su quello della promozione della Citt\u00e0 e del benessere\u201d.<\/p>\n<p><strong>Cultura\/Turismo<\/strong><\/p>\n<p>\u2022 TIB Teatro per Belluno Teatro necessario, 1.500 euro<br \/>\n\u2022 Associazione Amici del Nevegal per Manifestazioni a favore degli ospiti del Nevegal, 1000 euro<br \/>\n\u2022 Fondazione G. Angelini \u2013 Centro Studi sulla Montagna per La montagna bellunese. Il senso di appartenenza attraverso le fonti, 1.000 euro<br \/>\n\u2022 Centro studi vociali Nova Cantica APS per Vox Artis, 1.400 euro<br \/>\n\u2022 Associazione Bellunolanotte per la Lunga notte delle chiese edizione 2025, 500 euro<br \/>\n\u2022 Pro Loco Pieve Castionese per Orti in piazza 2025, 1.250 euro<br \/>\n\u2022 Comitato Genitori scuola primaria Badilet per Laboratorio teatrale, 300 euro<br \/>\n\u2022 APS Dolomiti Synfonia e coro per Manifestazioni per il 40esimo anniversario della Dolomiti Synfonia orchestra e coro, 1300 euro<br \/>\n\u2022 Istituto storico bellunese della Resistenza e dell\u2019et\u00e0 contemporanea per la Gestione e apertura al pubblico di biblioteca e archivio, 1.000 euro<br \/>\n\u2022 Associazione Bellunesi nel mondo APS per il Concorso letterario \u201cRaccontare l\u2019emigrazione veneta\u201d anno 2025, 900 euro<br \/>\n\u2022 Filarmonica di Belluno 1867 APS per i concerti per la Citt\u00e0 di Belluno, 700 euro<br \/>\n\u2022 APS Gruppo sportivo ricreativo Cirvoi per Natale a Cirvoi 2025, 600 euro<br \/>\n\u2022 Coro polifonico CTG per il Sessantesimo anniversario del coro, 500 euro<br \/>\n\u2022 Associazione Amici delle scuole in rete APS per il sostegno alle attivit\u00e0 delle scuole in rete per un mondo di solidariet\u00e0 e di pace, 700 euro<br \/>\n\u2022 Pro Loco Pieve Castionese per Carnevale Castionese 2025, 3mila euro<br \/>\n\u2022 Consorzio Belluno Centro Storico per Belluno Citt\u00e0 del Legno 2025, 4.330 euro<br \/>\n\u2022 ALEATOR aps per serate ludiche per l\u2019aggregazione sociale, 150 euro<br \/>\n\u2022 Atelier Teatro Danza per Belluno Kids Festival, 500 euro<br \/>\n\u2022 APS La compagnia del sorriso di Salce per l\u2019attivit\u00e0 teatrale amatoriale per scopi benefici, 200 euro<br \/>\n\u2022 Istituto Bellunese di ricerche sociali e culturali per \u201cDolomiti \u2013 Rivista bimestrale di cultura e attualit\u00e0 della provincia di Belluno\u201d, 350 euro<br \/>\n\u2022 Istituto Bellunese di ricerche sociali e culturali per la pubblicazione e la presentazione del volume \u201cI quasi racconti nelle Dolomiti Bellunesi\u201d di Giuliano Dal Mas, 350 euro<br \/>\n\u2022 Disegnare nudo APS per il catalogo del corso \u201cDisegnare nudo\u201d anno 2025\/2026, 100 euro<\/p>\n<p>\u201cI progetti culturali e turistici sostenuti dall\u2019Amministrazione rappresentano un elemento centrale per la vitalit\u00e0 della nostra Citt\u00e0 \u2013 commenta l\u2019assessore al turismo Paolo Luciani -. Attraverso il lavoro delle associazioni si costruiscono occasioni di incontro, si valorizzano luoghi e tradizioni e si rafforza il legame tra comunit\u00e0 e territorio. Il contributo comunale \u00e8 un riconoscimento concreto all\u2019impegno di chi, con passione e continuit\u00e0, anima Belluno durante tutto l\u2019anno\u201d.<\/p>\n<p>&#8220;I contributi dati alle varie associazioni culturali del territorio sono un convinto, tangibile segno di gratitudine e di riconoscenza da parte dell&#8217;Amministrazione Comunale di Belluno e, in particolare, dell&#8217;Assessorato alla Cultura, per quanto meritoriamente da esse svolto nel corso dell&#8217;anno che sta finendo sul piano della crescita spirituale individuale e collettiva della nostra comunit\u00e0 \u2013 le parole dell\u2019assessore alla cultura, Raffaele Addamiano -. In altri termini, abbiamo voluto evidenziare quanto preziosa sia la collaborazione di tali realt\u00e0 per la conoscenza e la promozione della Cultura in tutte le sue molteplici, incredibili sfaccettature. Crediamo, infatti, non da ora, nel principio costituzionale di sussidiariet\u00e0 e nel correlato obbligo sia politico che morale di dare il giusto riconoscimento a chi ama e diffonde con passione tutte le arti per l&#8217;Uomo&#8221;<\/p>","protected":false},"excerpt":{"rendered":"<p>Belluno, 26 dicembre 2025 &#8211; Sono stati assegnati nei giorni scorsi, con delibere di giunta, i contributi alle associazioni e agli enti che nel corso del 2025 hanno realizzato in Citt\u00e0 manifestazioni e attivit\u00e0 sportive, turistiche e culturali a beneficio della comunit\u00e0. Il contributo, di complessivi 35 mila euro, \u00e8 stato diviso tra 32 realt\u00e0. [&hellip;]<\/p>\n","protected":false},"author":2,"featured_media":112706,"comment_status":"closed","ping_status":"open","sticky":false,"template":"","format":"standard","meta":{"footnotes":""},"categories":[5,26],"tags":[],"class_list":["post-166026","post","type-post","status-publish","format-standard","has-post-thumbnail","category-cronaca","category-prima-pagina"],"yoast_head":"<!-- This site is optimized with the Yoast SEO plugin v28.4 - https:\/\/yoast.com\/product\/yoast-seo-wordpress\/ -->\n<title>Belluno, assegnati i contributi alle associazioni: 35 mila euro diviso tra 32 soggetti - Bellunopress - Dolomiti<\/title>\n<meta name=\"robots\" content=\"index, follow, max-snippet:-1, max-image-preview:large, max-video-preview:-1\" \/>\n<link rel=\"canonical\" href=\"https:\/\/www.bellunopress.it\/fr\/2025\/12\/26\/belluno-assegnati-i-contributi-alle-associazioni-35-mila-euro-diviso-tra-32-soggetti\/\" \/>\n<meta property=\"og:locale\" content=\"fr_FR\" \/>\n<meta property=\"og:type\" content=\"article\" \/>\n<meta property=\"og:title\" content=\"Belluno, assegnati i contributi alle associazioni: 35 mila euro diviso tra 32 soggetti - Bellunopress - Dolomiti\" \/>\n<meta property=\"og:description\" content=\"Belluno, 26 dicembre 2025 &#8211; Sono stati assegnati nei giorni scorsi, con delibere di giunta, i contributi alle associazioni e agli enti che nel corso del 2025 hanno realizzato in Citt\u00e0 manifestazioni e attivit\u00e0 sportive, turistiche e culturali a beneficio della comunit\u00e0. Il contributo, di complessivi 35 mila euro, \u00e8 stato diviso tra 32 realt\u00e0. [&hellip;]\" \/>\n<meta property=\"og:url\" content=\"https:\/\/www.bellunopress.it\/fr\/2025\/12\/26\/belluno-assegnati-i-contributi-alle-associazioni-35-mila-euro-diviso-tra-32-soggetti\/\" \/>\n<meta property=\"og:site_name\" content=\"Bellunopress - Dolomiti\" \/>\n<meta property=\"article:publisher\" content=\"https:\/\/www.facebook.com\/profile.php?id=100008943462799\" \/>\n<meta property=\"article:published_time\" content=\"2025-12-26T14:25:04+00:00\" \/>\n<meta property=\"og:image\" content=\"https:\/\/www.bellunopress.it\/wp-content\/uploads\/2020\/03\/palazzo-rosso-notte.jpg\" \/>\n\t<meta property=\"og:image:width\" content=\"900\" \/>\n\t<meta property=\"og:image:height\" content=\"688\" \/>\n\t<meta property=\"og:image:type\" content=\"image\/jpeg\" \/>\n<meta name=\"author\" content=\"redazione\" \/>\n<meta name=\"twitter:card\" content=\"summary_large_image\" \/>\n<meta name=\"twitter:creator\" content=\"@bellunopress\" \/>\n<meta name=\"twitter:site\" content=\"@bellunopress\" \/>\n<meta name=\"twitter:label1\" content=\"Written by\" \/>\n\t<meta name=\"twitter:data1\" content=\"redazione\" \/>\n\t<meta name=\"twitter:label2\" content=\"Est. reading time\" \/>\n\t<meta name=\"twitter:data2\" content=\"4 minutes\" \/>\n<script type=\"application\/ld+json\" class=\"yoast-schema-graph\">{\"@context\":\"https:\\\/\\\/schema.org\",\"@graph\":[{\"@type\":\"Article\",\"@id\":\"https:\\\/\\\/www.bellunopress.it\\\/2025\\\/12\\\/26\\\/belluno-assegnati-i-contributi-alle-associazioni-35-mila-euro-diviso-tra-32-soggetti\\\/#article\",\"isPartOf\":{\"@id\":\"https:\\\/\\\/www.bellunopress.it\\\/2025\\\/12\\\/26\\\/belluno-assegnati-i-contributi-alle-associazioni-35-mila-euro-diviso-tra-32-soggetti\\\/\"},\"author\":{\"name\":\"redazione\",\"@id\":\"https:\\\/\\\/www.bellunopress.it\\\/#\\\/schema\\\/person\\\/79bb06722b37ece1c03d3e94beb30d73\"},\"headline\":\"Belluno, assegnati i contributi alle associazioni: 35 mila euro diviso tra 32 soggetti\",\"datePublished\":\"2025-12-26T14:25:04+00:00\",\"mainEntityOfPage\":{\"@id\":\"https:\\\/\\\/www.bellunopress.it\\\/2025\\\/12\\\/26\\\/belluno-assegnati-i-contributi-alle-associazioni-35-mila-euro-diviso-tra-32-soggetti\\\/\"},\"wordCount\":760,\"publisher\":{\"@id\":\"https:\\\/\\\/www.bellunopress.it\\\/#organization\"},\"image\":{\"@id\":\"https:\\\/\\\/www.bellunopress.it\\\/2025\\\/12\\\/26\\\/belluno-assegnati-i-contributi-alle-associazioni-35-mila-euro-diviso-tra-32-soggetti\\\/#primaryimage\"},\"thumbnailUrl\":\"https:\\\/\\\/www.bellunopress.it\\\/wp-content\\\/uploads\\\/2020\\\/03\\\/palazzo-rosso-notte.jpg\",\"articleSection\":[\"Cronaca\\\/Politica\",\"Prima Pagina\"],\"inLanguage\":\"fr-FR\"},{\"@type\":\"WebPage\",\"@id\":\"https:\\\/\\\/www.bellunopress.it\\\/2025\\\/12\\\/26\\\/belluno-assegnati-i-contributi-alle-associazioni-35-mila-euro-diviso-tra-32-soggetti\\\/\",\"url\":\"https:\\\/\\\/www.bellunopress.it\\\/2025\\\/12\\\/26\\\/belluno-assegnati-i-contributi-alle-associazioni-35-mila-euro-diviso-tra-32-soggetti\\\/\",\"name\":\"Belluno, assegnati i contributi alle associazioni: 35 mila euro diviso tra 32 soggetti - Bellunopress - Dolomiti\",\"isPartOf\":{\"@id\":\"https:\\\/\\\/www.bellunopress.it\\\/#website\"},\"primaryImageOfPage\":{\"@id\":\"https:\\\/\\\/www.bellunopress.it\\\/2025\\\/12\\\/26\\\/belluno-assegnati-i-contributi-alle-associazioni-35-mila-euro-diviso-tra-32-soggetti\\\/#primaryimage\"},\"image\":{\"@id\":\"https:\\\/\\\/www.bellunopress.it\\\/2025\\\/12\\\/26\\\/belluno-assegnati-i-contributi-alle-associazioni-35-mila-euro-diviso-tra-32-soggetti\\\/#primaryimage\"},\"thumbnailUrl\":\"https:\\\/\\\/www.bellunopress.it\\\/wp-content\\\/uploads\\\/2020\\\/03\\\/palazzo-rosso-notte.jpg\",\"datePublished\":\"2025-12-26T14:25:04+00:00\",\"breadcrumb\":{\"@id\":\"https:\\\/\\\/www.bellunopress.it\\\/2025\\\/12\\\/26\\\/belluno-assegnati-i-contributi-alle-associazioni-35-mila-euro-diviso-tra-32-soggetti\\\/#breadcrumb\"},\"inLanguage\":\"fr-FR\",\"potentialAction\":[{\"@type\":\"ReadAction\",\"target\":[\"https:\\\/\\\/www.bellunopress.it\\\/2025\\\/12\\\/26\\\/belluno-assegnati-i-contributi-alle-associazioni-35-mila-euro-diviso-tra-32-soggetti\\\/\"]}]},{\"@type\":\"ImageObject\",\"inLanguage\":\"fr-FR\",\"@id\":\"https:\\\/\\\/www.bellunopress.it\\\/2025\\\/12\\\/26\\\/belluno-assegnati-i-contributi-alle-associazioni-35-mila-euro-diviso-tra-32-soggetti\\\/#primaryimage\",\"url\":\"https:\\\/\\\/www.bellunopress.it\\\/wp-content\\\/uploads\\\/2020\\\/03\\\/palazzo-rosso-notte.jpg\",\"contentUrl\":\"https:\\\/\\\/www.bellunopress.it\\\/wp-content\\\/uploads\\\/2020\\\/03\\\/palazzo-rosso-notte.jpg\",\"width\":900,\"height\":688,\"caption\":\"Palazzo Rosso, sede dell'Amministrazione comunale di Belluno\"},{\"@type\":\"BreadcrumbList\",\"@id\":\"https:\\\/\\\/www.bellunopress.it\\\/2025\\\/12\\\/26\\\/belluno-assegnati-i-contributi-alle-associazioni-35-mila-euro-diviso-tra-32-soggetti\\\/#breadcrumb\",\"itemListElement\":[{\"@type\":\"ListItem\",\"position\":1,\"name\":\"Home\",\"item\":\"https:\\\/\\\/www.bellunopress.it\\\/\"},{\"@type\":\"ListItem\",\"position\":2,\"name\":\"Belluno, assegnati i contributi alle associazioni: 35 mila euro diviso tra 32 soggetti\"}]},{\"@type\":\"WebSite\",\"@id\":\"https:\\\/\\\/www.bellunopress.it\\\/#website\",\"url\":\"https:\\\/\\\/www.bellunopress.it\\\/\",\"name\":\"Bellunopress - Dolomiti\",\"description\":\"e-mail: redazione@bellunopress.it\",\"publisher\":{\"@id\":\"https:\\\/\\\/www.bellunopress.it\\\/#organization\"},\"potentialAction\":[{\"@type\":\"SearchAction\",\"target\":{\"@type\":\"EntryPoint\",\"urlTemplate\":\"https:\\\/\\\/www.bellunopress.it\\\/?s={search_term_string}\"},\"query-input\":{\"@type\":\"PropertyValueSpecification\",\"valueRequired\":true,\"valueName\":\"search_term_string\"}}],\"inLanguage\":\"fr-FR\"},{\"@type\":\"Organization\",\"@id\":\"https:\\\/\\\/www.bellunopress.it\\\/#organization\",\"name\":\"Bellunopress\",\"url\":\"https:\\\/\\\/www.bellunopress.it\\\/\",\"logo\":{\"@type\":\"ImageObject\",\"inLanguage\":\"fr-FR\",\"@id\":\"https:\\\/\\\/www.bellunopress.it\\\/#\\\/schema\\\/logo\\\/image\\\/\",\"url\":\"https:\\\/\\\/www.bellunopress.it\\\/wp-content\\\/uploads\\\/2011\\\/05\\\/cropped-logo-bellunopress-.jpg\",\"contentUrl\":\"https:\\\/\\\/www.bellunopress.it\\\/wp-content\\\/uploads\\\/2011\\\/05\\\/cropped-logo-bellunopress-.jpg\",\"width\":512,\"height\":512,\"caption\":\"Bellunopress\"},\"image\":{\"@id\":\"https:\\\/\\\/www.bellunopress.it\\\/#\\\/schema\\\/logo\\\/image\\\/\"},\"sameAs\":[\"https:\\\/\\\/www.facebook.com\\\/profile.php?id=100008943462799\",\"https:\\\/\\\/x.com\\\/bellunopress\",\"https:\\\/\\\/www.linkedin.com\\\/hp\\\/?dnr=JBzUWaJfMUw8vbXJJ2tVW5-I3jZKvC4wsoxE&amp;amp;amp;amp;amp;amp;trk=nav_responsive_tab_home\",\"https:\\\/\\\/www.youtube.com\\\/channel\\\/UCxL0wu1uN0_3_7hGG0306cw\"]},{\"@type\":\"Person\",\"@id\":\"https:\\\/\\\/www.bellunopress.it\\\/#\\\/schema\\\/person\\\/79bb06722b37ece1c03d3e94beb30d73\",\"name\":\"redazione\",\"image\":{\"@type\":\"ImageObject\",\"inLanguage\":\"fr-FR\",\"@id\":\"https:\\\/\\\/secure.gravatar.com\\\/avatar\\\/37d968a2e67a6fd04c169c4bdef102d0bc5d31b2546345219e348575eb80e9a0?s=96&d=mm&r=g\",\"url\":\"https:\\\/\\\/secure.gravatar.com\\\/avatar\\\/37d968a2e67a6fd04c169c4bdef102d0bc5d31b2546345219e348575eb80e9a0?s=96&d=mm&r=g\",\"contentUrl\":\"https:\\\/\\\/secure.gravatar.com\\\/avatar\\\/37d968a2e67a6fd04c169c4bdef102d0bc5d31b2546345219e348575eb80e9a0?s=96&d=mm&r=g\",\"caption\":\"redazione\"},\"sameAs\":[\"http:\\\/\\\/www.bellunopress.it\",\"https:\\\/\\\/x.com\\\/bellunopress\"],\"url\":\"https:\\\/\\\/www.bellunopress.it\\\/fr\\\/author\\\/redazione\\\/\"}]}<\/script>\n<!-- \/ Yoast SEO plugin. -->","yoast_head_json":{"title":"Belluno, assegnati i contributi alle associazioni: 35 mila euro diviso tra 32 soggetti - Bellunopress - Dolomiti","robots":{"index":"index","follow":"follow","max-snippet":"max-snippet:-1","max-image-preview":"max-image-preview:large","max-video-preview":"max-video-preview:-1"},"canonical":"https:\/\/www.bellunopress.it\/fr\/2025\/12\/26\/belluno-assegnati-i-contributi-alle-associazioni-35-mila-euro-diviso-tra-32-soggetti\/","og_locale":"fr_FR","og_type":"article","og_title":"Belluno, assegnati i contributi alle associazioni: 35 mila euro diviso tra 32 soggetti - Bellunopress - Dolomiti","og_description":"Belluno, 26 dicembre 2025 &#8211; Sono stati assegnati nei giorni scorsi, con delibere di giunta, i contributi alle associazioni e agli enti che nel corso del 2025 hanno realizzato in Citt\u00e0 manifestazioni e attivit\u00e0 sportive, turistiche e culturali a beneficio della comunit\u00e0. Il contributo, di complessivi 35 mila euro, \u00e8 stato diviso tra 32 realt\u00e0. [&hellip;]","og_url":"https:\/\/www.bellunopress.it\/fr\/2025\/12\/26\/belluno-assegnati-i-contributi-alle-associazioni-35-mila-euro-diviso-tra-32-soggetti\/","og_site_name":"Bellunopress - Dolomiti","article_publisher":"https:\/\/www.facebook.com\/profile.php?id=100008943462799","article_published_time":"2025-12-26T14:25:04+00:00","og_image":[{"width":900,"height":688,"url":"https:\/\/www.bellunopress.it\/wp-content\/uploads\/2020\/03\/palazzo-rosso-notte.jpg","type":"image\/jpeg"}],"author":"redazione","twitter_card":"summary_large_image","twitter_creator":"@bellunopress","twitter_site":"@bellunopress","twitter_misc":{"Written by":"redazione","Est. reading time":"4 minutes"},"schema":{"@context":"https:\/\/schema.org","@graph":[{"@type":"Article","@id":"https:\/\/www.bellunopress.it\/2025\/12\/26\/belluno-assegnati-i-contributi-alle-associazioni-35-mila-euro-diviso-tra-32-soggetti\/#article","isPartOf":{"@id":"https:\/\/www.bellunopress.it\/2025\/12\/26\/belluno-assegnati-i-contributi-alle-associazioni-35-mila-euro-diviso-tra-32-soggetti\/"},"author":{"name":"redazione","@id":"https:\/\/www.bellunopress.it\/#\/schema\/person\/79bb06722b37ece1c03d3e94beb30d73"},"headline":"Belluno, assegnati i contributi alle associazioni: 35 mila euro diviso tra 32 soggetti","datePublished":"2025-12-26T14:25:04+00:00","mainEntityOfPage":{"@id":"https:\/\/www.bellunopress.it\/2025\/12\/26\/belluno-assegnati-i-contributi-alle-associazioni-35-mila-euro-diviso-tra-32-soggetti\/"},"wordCount":760,"publisher":{"@id":"https:\/\/www.bellunopress.it\/#organization"},"image":{"@id":"https:\/\/www.bellunopress.it\/2025\/12\/26\/belluno-assegnati-i-contributi-alle-associazioni-35-mila-euro-diviso-tra-32-soggetti\/#primaryimage"},"thumbnailUrl":"https:\/\/www.bellunopress.it\/wp-content\/uploads\/2020\/03\/palazzo-rosso-notte.jpg","articleSection":["Cronaca\/Politica","Prima Pagina"],"inLanguage":"fr-FR"},{"@type":"WebPage","@id":"https:\/\/www.bellunopress.it\/2025\/12\/26\/belluno-assegnati-i-contributi-alle-associazioni-35-mila-euro-diviso-tra-32-soggetti\/","url":"https:\/\/www.bellunopress.it\/2025\/12\/26\/belluno-assegnati-i-contributi-alle-associazioni-35-mila-euro-diviso-tra-32-soggetti\/","name":"Belluno, assegnati i contributi alle associazioni: 35 mila euro diviso tra 32 soggetti - Bellunopress - Dolomiti","isPartOf":{"@id":"https:\/\/www.bellunopress.it\/#website"},"primaryImageOfPage":{"@id":"https:\/\/www.bellunopress.it\/2025\/12\/26\/belluno-assegnati-i-contributi-alle-associazioni-35-mila-euro-diviso-tra-32-soggetti\/#primaryimage"},"image":{"@id":"https:\/\/www.bellunopress.it\/2025\/12\/26\/belluno-assegnati-i-contributi-alle-associazioni-35-mila-euro-diviso-tra-32-soggetti\/#primaryimage"},"thumbnailUrl":"https:\/\/www.bellunopress.it\/wp-content\/uploads\/2020\/03\/palazzo-rosso-notte.jpg","datePublished":"2025-12-26T14:25:04+00:00","breadcrumb":{"@id":"https:\/\/www.bellunopress.it\/2025\/12\/26\/belluno-assegnati-i-contributi-alle-associazioni-35-mila-euro-diviso-tra-32-soggetti\/#breadcrumb"},"inLanguage":"fr-FR","potentialAction":[{"@type":"ReadAction","target":["https:\/\/www.bellunopress.it\/2025\/12\/26\/belluno-assegnati-i-contributi-alle-associazioni-35-mila-euro-diviso-tra-32-soggetti\/"]}]},{"@type":"ImageObject","inLanguage":"fr-FR","@id":"https:\/\/www.bellunopress.it\/2025\/12\/26\/belluno-assegnati-i-contributi-alle-associazioni-35-mila-euro-diviso-tra-32-soggetti\/#primaryimage","url":"https:\/\/www.bellunopress.it\/wp-content\/uploads\/2020\/03\/palazzo-rosso-notte.jpg","contentUrl":"https:\/\/www.bellunopress.it\/wp-content\/uploads\/2020\/03\/palazzo-rosso-notte.jpg","width":900,"height":688,"caption":"Palazzo Rosso, sede dell'Amministrazione comunale di Belluno"},{"@type":"BreadcrumbList","@id":"https:\/\/www.bellunopress.it\/2025\/12\/26\/belluno-assegnati-i-contributi-alle-associazioni-35-mila-euro-diviso-tra-32-soggetti\/#breadcrumb","itemListElement":[{"@type":"ListItem","position":1,"name":"Home","item":"https:\/\/www.bellunopress.it\/"},{"@type":"ListItem","position":2,"name":"Belluno, assegnati i contributi alle associazioni: 35 mila euro diviso tra 32 soggetti"}]},{"@type":"WebSite","@id":"https:\/\/www.bellunopress.it\/#website","url":"https:\/\/www.bellunopress.it\/","name":"Bellunopress - Dolomiti","description":"e-mail: redazione@bellunopress.it","publisher":{"@id":"https:\/\/www.bellunopress.it\/#organization"},"potentialAction":[{"@type":"SearchAction","target":{"@type":"EntryPoint","urlTemplate":"https:\/\/www.bellunopress.it\/?s={search_term_string}"},"query-input":{"@type":"PropertyValueSpecification","valueRequired":true,"valueName":"search_term_string"}}],"inLanguage":"fr-FR"},{"@type":"Organization","@id":"https:\/\/www.bellunopress.it\/#organization","name":"Bellunopress","url":"https:\/\/www.bellunopress.it\/","logo":{"@type":"ImageObject","inLanguage":"fr-FR","@id":"https:\/\/www.bellunopress.it\/#\/schema\/logo\/image\/","url":"https:\/\/www.bellunopress.it\/wp-content\/uploads\/2011\/05\/cropped-logo-bellunopress-.jpg","contentUrl":"https:\/\/www.bellunopress.it\/wp-content\/uploads\/2011\/05\/cropped-logo-bellunopress-.jpg","width":512,"height":512,"caption":"Bellunopress"},"image":{"@id":"https:\/\/www.bellunopress.it\/#\/schema\/logo\/image\/"},"sameAs":["https:\/\/www.facebook.com\/profile.php?id=100008943462799","https:\/\/x.com\/bellunopress","https:\/\/www.linkedin.com\/hp\/?dnr=JBzUWaJfMUw8vbXJJ2tVW5-I3jZKvC4wsoxE&amp;amp;amp;amp;amp;amp;trk=nav_responsive_tab_home","https:\/\/www.youtube.com\/channel\/UCxL0wu1uN0_3_7hGG0306cw"]},{"@type":"Person","@id":"https:\/\/www.bellunopress.it\/#\/schema\/person\/79bb06722b37ece1c03d3e94beb30d73","name":"r\u00e9daction","image":{"@type":"ImageObject","inLanguage":"fr-FR","@id":"https:\/\/secure.gravatar.com\/avatar\/37d968a2e67a6fd04c169c4bdef102d0bc5d31b2546345219e348575eb80e9a0?s=96&d=mm&r=g","url":"https:\/\/secure.gravatar.com\/avatar\/37d968a2e67a6fd04c169c4bdef102d0bc5d31b2546345219e348575eb80e9a0?s=96&d=mm&r=g","contentUrl":"https:\/\/secure.gravatar.com\/avatar\/37d968a2e67a6fd04c169c4bdef102d0bc5d31b2546345219e348575eb80e9a0?s=96&d=mm&r=g","caption":"redazione"},"sameAs":["http:\/\/www.bellunopress.it","https:\/\/x.com\/bellunopress"],"url":"https:\/\/www.bellunopress.it\/fr\/author\/redazione\/"}]}},"_links":{"self":[{"href":"https:\/\/www.bellunopress.it\/fr\/wp-json\/wp\/v2\/posts\/166026","targetHints":{"allow":["GET"]}}],"collection":[{"href":"https:\/\/www.bellunopress.it\/fr\/wp-json\/wp\/v2\/posts"}],"about":[{"href":"https:\/\/www.bellunopress.it\/fr\/wp-json\/wp\/v2\/types\/post"}],"author":[{"embeddable":true,"href":"https:\/\/www.bellunopress.it\/fr\/wp-json\/wp\/v2\/users\/2"}],"replies":[{"embeddable":true,"href":"https:\/\/www.bellunopress.it\/fr\/wp-json\/wp\/v2\/comments?post=166026"}],"version-history":[{"count":1,"href":"https:\/\/www.bellunopress.it\/fr\/wp-json\/wp\/v2\/posts\/166026\/revisions"}],"predecessor-version":[{"id":166027,"href":"https:\/\/www.bellunopress.it\/fr\/wp-json\/wp\/v2\/posts\/166026\/revisions\/166027"}],"wp:featuredmedia":[{"embeddable":true,"href":"https:\/\/www.bellunopress.it\/fr\/wp-json\/wp\/v2\/media\/112706"}],"wp:attachment":[{"href":"https:\/\/www.bellunopress.it\/fr\/wp-json\/wp\/v2\/media?parent=166026"}],"wp:term":[{"taxonomy":"category","embeddable":true,"href":"https:\/\/www.bellunopress.it\/fr\/wp-json\/wp\/v2\/categories?post=166026"},{"taxonomy":"post_tag","embeddable":true,"href":"https:\/\/www.bellunopress.it\/fr\/wp-json\/wp\/v2\/tags?post=166026"}],"curies":[{"name":"wp","href":"https:\/\/api.w.org\/{rel}","templated":true}]}}