{"id":166008,"date":"2025-12-26T08:00:27","date_gmt":"2025-12-26T07:00:27","guid":{"rendered":"https:\/\/www.bellunopress.it\/?p=166008"},"modified":"2025-12-26T17:31:34","modified_gmt":"2025-12-26T16:31:34","slug":"il-mito-di-mina-e-battisti-rivive-al-buzzati-una-serata-di-musica-e-solidarieta-con-i-fuori-croma-group","status":"publish","type":"post","link":"https:\/\/www.bellunopress.it\/fr\/2025\/12\/26\/il-mito-di-mina-e-battisti-rivive-al-buzzati-una-serata-di-musica-e-solidarieta-con-i-fuori-croma-group\/","title":{"rendered":"Il mito di Mina e Battisti rivive al \u201cBuzzati\u201d: una serata di musica e solidariet\u00e0 con i Fuori Croma Group"},"content":{"rendered":"<figure id=\"attachment_166010\" aria-describedby=\"caption-attachment-166010\" style=\"width: 559px\" class=\"wp-caption aligncenter\"><img loading=\"lazy\" decoding=\"async\" class=\"size-full wp-image-166010\" src=\"https:\/\/www.bellunopress.it\/wp-content\/uploads\/2025\/12\/Bruno-Ballon.jpg\" alt=\"\" width=\"559\" height=\"564\" srcset=\"https:\/\/www.bellunopress.it\/wp-content\/uploads\/2025\/12\/Bruno-Ballon.jpg 559w, https:\/\/www.bellunopress.it\/wp-content\/uploads\/2025\/12\/Bruno-Ballon-496x500.jpg 496w, https:\/\/www.bellunopress.it\/wp-content\/uploads\/2025\/12\/Bruno-Ballon-416x420.jpg 416w\" sizes=\"auto, (max-width: 559px) 100vw, 559px\" \/><figcaption id=\"caption-attachment-166010\" class=\"wp-caption-text\">Bruno Ballon<\/figcaption><\/figure>\n<h3 data-path-to-node=\"3\">Il progetto, nato da un\u2019idea di Bruno Ballon e Giusy Trifer\u00f2, andr\u00e0 in scena a fine 2026. Il ricavato dell&#8217;evento sar\u00e0 devoluto alla LILT per sostenere la lotta contro i tumori<\/h3>\n<p data-path-to-node=\"4\">Belluno, 26 dicembre 2025\u00a0\u2013 Se il Teatro Comunale \u201cDino Buzzati\u201d rappresenta il palcoscenico pi\u00f9 amb\u00ecto per ogni band bellunese, confrontarsi con il repertorio di Mina \u00e8, per ogni cantante, il definitivo esame di laurea. \u00c8 con questa consapevolezza e una forte spinta ideale che i Fuori Croma Group si preparano a un evento speciale, previsto per i mesi di novembre o dicembre 2026: un grande omaggio alla \u201cTigre di Cremona\u201d e al genio di Battisti e Mogol.<\/p>\n<h3 data-path-to-node=\"5\">Musica per la vita: il sostegno alla LILT<\/h3>\n<p data-path-to-node=\"6\">L\u2019iniziativa nasce da un progetto di lunga data ideato dal musicista Bruno Ballon e dalla cantante Giusy Trifer\u00f2, con la preziosa collaborazione del dottor Spiridione Della Lucia, pneumologo dell\u2019Ulss Dolomiti. Non si tratter\u00e0 solo di un evento artistico, ma di una missione sociale: i proventi della serata saranno infatti interamente devoluti alla LILT (Lega Italiana per la Lotta contro i Tumori), associazione in prima linea nella prevenzione, assistenza e ricerca scientifica.<\/p>\n<h3 data-path-to-node=\"7\">Il programma: dal sodalizio Mina-Battisti ai grandi classici<\/h3>\n<p data-path-to-node=\"8\">La serata sar\u00e0 divisa in due atti distinti. La prima parte si concentrer\u00e0 sul leggendario legame tra Mina e Lucio Battisti, ripercorrendo i brani che l\u2019artista cremonese ha saputo reinterpretare dando loro una dimensione vocale senza precedenti. La seconda parte della serata si trasformer\u00e0 invece in un viaggio nella storia della musica leggera italiana, con omaggi a giganti come Claudio Baglioni, Riccardo Cocciante, Adriano Celentano, Lucio Dalla, Fabrizio De Andr\u00e9, Mia Martini e Marcella Bella.<\/p>\n<p data-path-to-node=\"9\">Sul palco, una formazione solida e affiatata:<\/p>\n<ul data-path-to-node=\"10\">\n<li>\n<p data-path-to-node=\"10,0,0\"><b data-path-to-node=\"10,0,0\" data-index-in-node=\"0\">Voce:<\/b> Giusy Trifer\u00f2<\/p>\n<\/li>\n<li>\n<p data-path-to-node=\"10,1,0\"><b data-path-to-node=\"10,1,0\" data-index-in-node=\"0\">Cori:<\/b> Mara Comel, Nikol Lorenzet, Silvia Mazzorana, Roberto Nogar\u00e8<\/p>\n<\/li>\n<li>\n<p data-path-to-node=\"10,2,0\"><b data-path-to-node=\"10,2,0\" data-index-in-node=\"0\">Strumentisti:<\/b> Bruno Ballon (chitarra), Eros Colle (tastiere), Fausto Dall\u2019Olio (basso), Francesco Paris (batteria), Max Palma (percussioni) e Roberto Scrivani (sax).<\/p>\n<\/li>\n<\/ul>\n<h3 data-path-to-node=\"11\">L\u2019emozione di Giusy Trifer\u00f2: \u00abNon imito, racconto emozioni\u00bb<\/h3>\n<figure id=\"attachment_166009\" aria-describedby=\"caption-attachment-166009\" style=\"width: 450px\" class=\"wp-caption aligncenter\"><img loading=\"lazy\" decoding=\"async\" class=\"size-full wp-image-166009\" src=\"https:\/\/www.bellunopress.it\/wp-content\/uploads\/2025\/12\/GiusY-Trifero.jpeg\" alt=\"\" width=\"450\" height=\"600\" srcset=\"https:\/\/www.bellunopress.it\/wp-content\/uploads\/2025\/12\/GiusY-Trifero.jpeg 450w, https:\/\/www.bellunopress.it\/wp-content\/uploads\/2025\/12\/GiusY-Trifero-375x500.jpeg 375w, https:\/\/www.bellunopress.it\/wp-content\/uploads\/2025\/12\/GiusY-Trifero-315x420.jpeg 315w\" sizes=\"auto, (max-width: 450px) 100vw, 450px\" \/><figcaption id=\"caption-attachment-166009\" class=\"wp-caption-text\">Giusy Trifer\u00f2<\/figcaption><\/figure>\n<p data-path-to-node=\"12\">\u00abVogliamo partire dai brani scritti appositamente per lei\u00bb, spiega Giusy Trifer\u00f2, citando pezzi iconici come <i data-path-to-node=\"12\" data-index-in-node=\"109\">Il corvo<\/i> di Marco Luberti: \u00abUn brano dalla potenza inaudita. Mina non canta le parole, le recita, trasmettendo una fragilit\u00e0 e una solitudine strazianti\u00bb.<\/p>\n<p data-path-to-node=\"13\">Il repertorio spazier\u00e0 dai successi firmati da Mogol e Battisti tra il 1970 e il 1971 (<i data-path-to-node=\"13\" data-index-in-node=\"87\">Insieme, Io e te da soli, Amor mio<\/i>) ai grandi classici nati dalle penne di Malgioglio, Limiti e Ferrer. \u00abMina ha legittimato artisticamente Battisti\u00bb, continua Trifer\u00f2, \u00abdando alla sua sensibilit\u00e0 un\u2019intensit\u00e0 teatrale unica. \u00c8 una donna dal fascino misterioso che, pur non apparendo in pubblico dal 1978, ha un&#8217;identit\u00e0 cos\u00ec forte da abitare il cuore di tutti noi\u00bb.<\/p>\n<p data-path-to-node=\"14\">Alla domanda su come ci si senta ad affrontare un mostro sacro della musica mondiale, Giusy non ha dubbi: \u00abNon salgo sul palco per &#8220;sfidare&#8221; Mina o per imitarla. Il mio rispetto per lei \u00e8 profondo. Cercher\u00f2 semplicemente di far emergere le emozioni che lei ha saputo trasmettermi, interpretando ogni nota a modo mio\u00bb.<\/p>","protected":false},"excerpt":{"rendered":"<p>Il progetto, nato da un\u2019idea di Bruno Ballon e Giusy Trifer\u00f2, andr\u00e0 in scena a fine 2026. Il ricavato dell&#8217;evento sar\u00e0 devoluto alla LILT per sostenere la lotta contro i tumori Belluno, 26 dicembre 2025\u00a0\u2013 Se il Teatro Comunale \u201cDino Buzzati\u201d rappresenta il palcoscenico pi\u00f9 amb\u00ecto per ogni band bellunese, confrontarsi con il repertorio di [&hellip;]<\/p>\n","protected":false},"author":2,"featured_media":166009,"comment_status":"closed","ping_status":"open","sticky":false,"template":"","format":"standard","meta":{"footnotes":""},"categories":[27,3,3446,25],"tags":[139,3745,3743,3744],"class_list":["post-166008","post","type-post","status-publish","format-standard","has-post-thumbnail","category-appuntamenti","category-arte-cultura-spettacoli-scienza-archivi","category-featured","category-pausa-caffe","tag-belluno","tag-bruno-ballon","tag-fuori-croma-group","tag-giusy-trifero"],"yoast_head":"<!-- This site is optimized with the Yoast SEO plugin v28.4 - https:\/\/yoast.com\/product\/yoast-seo-wordpress\/ -->\n<title>Il mito di Mina e Battisti rivive al \u201cBuzzati\u201d: una serata di musica e solidariet\u00e0 con i Fuori Croma Group - Bellunopress - Dolomiti<\/title>\n<meta name=\"robots\" content=\"index, follow, max-snippet:-1, max-image-preview:large, max-video-preview:-1\" \/>\n<link rel=\"canonical\" href=\"https:\/\/www.bellunopress.it\/fr\/2025\/12\/26\/il-mito-di-mina-e-battisti-rivive-al-buzzati-una-serata-di-musica-e-solidarieta-con-i-fuori-croma-group\/\" \/>\n<meta property=\"og:locale\" content=\"fr_FR\" \/>\n<meta property=\"og:type\" content=\"article\" \/>\n<meta property=\"og:title\" content=\"Il mito di Mina e Battisti rivive al \u201cBuzzati\u201d: una serata di musica e solidariet\u00e0 con i Fuori Croma Group - Bellunopress - Dolomiti\" \/>\n<meta property=\"og:description\" content=\"Il progetto, nato da un\u2019idea di Bruno Ballon e Giusy Trifer\u00f2, andr\u00e0 in scena a fine 2026. Il ricavato dell&#8217;evento sar\u00e0 devoluto alla LILT per sostenere la lotta contro i tumori Belluno, 26 dicembre 2025\u00a0\u2013 Se il Teatro Comunale \u201cDino Buzzati\u201d rappresenta il palcoscenico pi\u00f9 amb\u00ecto per ogni band bellunese, confrontarsi con il repertorio di [&hellip;]\" \/>\n<meta property=\"og:url\" content=\"https:\/\/www.bellunopress.it\/fr\/2025\/12\/26\/il-mito-di-mina-e-battisti-rivive-al-buzzati-una-serata-di-musica-e-solidarieta-con-i-fuori-croma-group\/\" \/>\n<meta property=\"og:site_name\" content=\"Bellunopress - Dolomiti\" \/>\n<meta property=\"article:publisher\" content=\"https:\/\/www.facebook.com\/profile.php?id=100008943462799\" \/>\n<meta property=\"article:published_time\" content=\"2025-12-26T07:00:27+00:00\" \/>\n<meta property=\"article:modified_time\" content=\"2025-12-26T16:31:34+00:00\" \/>\n<meta property=\"og:image\" content=\"https:\/\/www.bellunopress.it\/wp-content\/uploads\/2025\/12\/GiusY-Trifero.jpeg\" \/>\n\t<meta property=\"og:image:width\" content=\"450\" \/>\n\t<meta property=\"og:image:height\" content=\"600\" \/>\n\t<meta property=\"og:image:type\" content=\"image\/jpeg\" \/>\n<meta name=\"author\" content=\"redazione\" \/>\n<meta name=\"twitter:card\" content=\"summary_large_image\" \/>\n<meta name=\"twitter:creator\" content=\"@bellunopress\" \/>\n<meta name=\"twitter:site\" content=\"@bellunopress\" \/>\n<meta name=\"twitter:label1\" content=\"\u00c9crit par\" \/>\n\t<meta name=\"twitter:data1\" content=\"redazione\" \/>\n\t<meta name=\"twitter:label2\" content=\"Dur\u00e9e de lecture estim\u00e9e\" \/>\n\t<meta name=\"twitter:data2\" content=\"2 minutes\" \/>\n<script type=\"application\/ld+json\" class=\"yoast-schema-graph\">{\"@context\":\"https:\\\/\\\/schema.org\",\"@graph\":[{\"@type\":\"Article\",\"@id\":\"https:\\\/\\\/www.bellunopress.it\\\/2025\\\/12\\\/26\\\/il-mito-di-mina-e-battisti-rivive-al-buzzati-una-serata-di-musica-e-solidarieta-con-i-fuori-croma-group\\\/#article\",\"isPartOf\":{\"@id\":\"https:\\\/\\\/www.bellunopress.it\\\/2025\\\/12\\\/26\\\/il-mito-di-mina-e-battisti-rivive-al-buzzati-una-serata-di-musica-e-solidarieta-con-i-fuori-croma-group\\\/\"},\"author\":{\"name\":\"redazione\",\"@id\":\"https:\\\/\\\/www.bellunopress.it\\\/#\\\/schema\\\/person\\\/79bb06722b37ece1c03d3e94beb30d73\"},\"headline\":\"Il mito di Mina e Battisti rivive al \u201cBuzzati\u201d: una serata di musica e solidariet\u00e0 con i Fuori Croma Group\",\"datePublished\":\"2025-12-26T07:00:27+00:00\",\"dateModified\":\"2025-12-26T16:31:34+00:00\",\"mainEntityOfPage\":{\"@id\":\"https:\\\/\\\/www.bellunopress.it\\\/2025\\\/12\\\/26\\\/il-mito-di-mina-e-battisti-rivive-al-buzzati-una-serata-di-musica-e-solidarieta-con-i-fuori-croma-group\\\/\"},\"wordCount\":521,\"publisher\":{\"@id\":\"https:\\\/\\\/www.bellunopress.it\\\/#organization\"},\"image\":{\"@id\":\"https:\\\/\\\/www.bellunopress.it\\\/2025\\\/12\\\/26\\\/il-mito-di-mina-e-battisti-rivive-al-buzzati-una-serata-di-musica-e-solidarieta-con-i-fuori-croma-group\\\/#primaryimage\"},\"thumbnailUrl\":\"https:\\\/\\\/www.bellunopress.it\\\/wp-content\\\/uploads\\\/2025\\\/12\\\/GiusY-Trifero.jpeg\",\"keywords\":[\"Belluno\",\"Bruno Ballon\",\"Fuori Croma Group\",\"Giusy Trifer\u00f2\"],\"articleSection\":[\"Appuntamenti, Eventi\",\"Arte, Cultura, Spettacoli, Scienza\",\"Featured\",\"Pausa Caff\u00e8\"],\"inLanguage\":\"fr-FR\"},{\"@type\":\"WebPage\",\"@id\":\"https:\\\/\\\/www.bellunopress.it\\\/2025\\\/12\\\/26\\\/il-mito-di-mina-e-battisti-rivive-al-buzzati-una-serata-di-musica-e-solidarieta-con-i-fuori-croma-group\\\/\",\"url\":\"https:\\\/\\\/www.bellunopress.it\\\/2025\\\/12\\\/26\\\/il-mito-di-mina-e-battisti-rivive-al-buzzati-una-serata-di-musica-e-solidarieta-con-i-fuori-croma-group\\\/\",\"name\":\"Il mito di Mina e Battisti rivive al \u201cBuzzati\u201d: una serata di musica e solidariet\u00e0 con i Fuori Croma Group - Bellunopress - Dolomiti\",\"isPartOf\":{\"@id\":\"https:\\\/\\\/www.bellunopress.it\\\/#website\"},\"primaryImageOfPage\":{\"@id\":\"https:\\\/\\\/www.bellunopress.it\\\/2025\\\/12\\\/26\\\/il-mito-di-mina-e-battisti-rivive-al-buzzati-una-serata-di-musica-e-solidarieta-con-i-fuori-croma-group\\\/#primaryimage\"},\"image\":{\"@id\":\"https:\\\/\\\/www.bellunopress.it\\\/2025\\\/12\\\/26\\\/il-mito-di-mina-e-battisti-rivive-al-buzzati-una-serata-di-musica-e-solidarieta-con-i-fuori-croma-group\\\/#primaryimage\"},\"thumbnailUrl\":\"https:\\\/\\\/www.bellunopress.it\\\/wp-content\\\/uploads\\\/2025\\\/12\\\/GiusY-Trifero.jpeg\",\"datePublished\":\"2025-12-26T07:00:27+00:00\",\"dateModified\":\"2025-12-26T16:31:34+00:00\",\"breadcrumb\":{\"@id\":\"https:\\\/\\\/www.bellunopress.it\\\/2025\\\/12\\\/26\\\/il-mito-di-mina-e-battisti-rivive-al-buzzati-una-serata-di-musica-e-solidarieta-con-i-fuori-croma-group\\\/#breadcrumb\"},\"inLanguage\":\"fr-FR\",\"potentialAction\":[{\"@type\":\"ReadAction\",\"target\":[\"https:\\\/\\\/www.bellunopress.it\\\/2025\\\/12\\\/26\\\/il-mito-di-mina-e-battisti-rivive-al-buzzati-una-serata-di-musica-e-solidarieta-con-i-fuori-croma-group\\\/\"]}]},{\"@type\":\"ImageObject\",\"inLanguage\":\"fr-FR\",\"@id\":\"https:\\\/\\\/www.bellunopress.it\\\/2025\\\/12\\\/26\\\/il-mito-di-mina-e-battisti-rivive-al-buzzati-una-serata-di-musica-e-solidarieta-con-i-fuori-croma-group\\\/#primaryimage\",\"url\":\"https:\\\/\\\/www.bellunopress.it\\\/wp-content\\\/uploads\\\/2025\\\/12\\\/GiusY-Trifero.jpeg\",\"contentUrl\":\"https:\\\/\\\/www.bellunopress.it\\\/wp-content\\\/uploads\\\/2025\\\/12\\\/GiusY-Trifero.jpeg\",\"width\":450,\"height\":600,\"caption\":\"Giusy Trifer\u00f2\"},{\"@type\":\"BreadcrumbList\",\"@id\":\"https:\\\/\\\/www.bellunopress.it\\\/2025\\\/12\\\/26\\\/il-mito-di-mina-e-battisti-rivive-al-buzzati-una-serata-di-musica-e-solidarieta-con-i-fuori-croma-group\\\/#breadcrumb\",\"itemListElement\":[{\"@type\":\"ListItem\",\"position\":1,\"name\":\"Home\",\"item\":\"https:\\\/\\\/www.bellunopress.it\\\/\"},{\"@type\":\"ListItem\",\"position\":2,\"name\":\"Il mito di Mina e Battisti rivive al \u201cBuzzati\u201d: una serata di musica e solidariet\u00e0 con i Fuori Croma Group\"}]},{\"@type\":\"WebSite\",\"@id\":\"https:\\\/\\\/www.bellunopress.it\\\/#website\",\"url\":\"https:\\\/\\\/www.bellunopress.it\\\/\",\"name\":\"Bellunopress - Dolomiti\",\"description\":\"e-mail: redazione@bellunopress.it\",\"publisher\":{\"@id\":\"https:\\\/\\\/www.bellunopress.it\\\/#organization\"},\"potentialAction\":[{\"@type\":\"SearchAction\",\"target\":{\"@type\":\"EntryPoint\",\"urlTemplate\":\"https:\\\/\\\/www.bellunopress.it\\\/?s={search_term_string}\"},\"query-input\":{\"@type\":\"PropertyValueSpecification\",\"valueRequired\":true,\"valueName\":\"search_term_string\"}}],\"inLanguage\":\"fr-FR\"},{\"@type\":\"Organization\",\"@id\":\"https:\\\/\\\/www.bellunopress.it\\\/#organization\",\"name\":\"Bellunopress\",\"url\":\"https:\\\/\\\/www.bellunopress.it\\\/\",\"logo\":{\"@type\":\"ImageObject\",\"inLanguage\":\"fr-FR\",\"@id\":\"https:\\\/\\\/www.bellunopress.it\\\/#\\\/schema\\\/logo\\\/image\\\/\",\"url\":\"https:\\\/\\\/www.bellunopress.it\\\/wp-content\\\/uploads\\\/2011\\\/05\\\/cropped-logo-bellunopress-.jpg\",\"contentUrl\":\"https:\\\/\\\/www.bellunopress.it\\\/wp-content\\\/uploads\\\/2011\\\/05\\\/cropped-logo-bellunopress-.jpg\",\"width\":512,\"height\":512,\"caption\":\"Bellunopress\"},\"image\":{\"@id\":\"https:\\\/\\\/www.bellunopress.it\\\/#\\\/schema\\\/logo\\\/image\\\/\"},\"sameAs\":[\"https:\\\/\\\/www.facebook.com\\\/profile.php?id=100008943462799\",\"https:\\\/\\\/x.com\\\/bellunopress\",\"https:\\\/\\\/www.linkedin.com\\\/hp\\\/?dnr=JBzUWaJfMUw8vbXJJ2tVW5-I3jZKvC4wsoxE&amp;amp;amp;amp;amp;amp;trk=nav_responsive_tab_home\",\"https:\\\/\\\/www.youtube.com\\\/channel\\\/UCxL0wu1uN0_3_7hGG0306cw\"]},{\"@type\":\"Person\",\"@id\":\"https:\\\/\\\/www.bellunopress.it\\\/#\\\/schema\\\/person\\\/79bb06722b37ece1c03d3e94beb30d73\",\"name\":\"redazione\",\"image\":{\"@type\":\"ImageObject\",\"inLanguage\":\"fr-FR\",\"@id\":\"https:\\\/\\\/secure.gravatar.com\\\/avatar\\\/37d968a2e67a6fd04c169c4bdef102d0bc5d31b2546345219e348575eb80e9a0?s=96&d=mm&r=g\",\"url\":\"https:\\\/\\\/secure.gravatar.com\\\/avatar\\\/37d968a2e67a6fd04c169c4bdef102d0bc5d31b2546345219e348575eb80e9a0?s=96&d=mm&r=g\",\"contentUrl\":\"https:\\\/\\\/secure.gravatar.com\\\/avatar\\\/37d968a2e67a6fd04c169c4bdef102d0bc5d31b2546345219e348575eb80e9a0?s=96&d=mm&r=g\",\"caption\":\"redazione\"},\"sameAs\":[\"http:\\\/\\\/www.bellunopress.it\",\"https:\\\/\\\/x.com\\\/bellunopress\"],\"url\":\"https:\\\/\\\/www.bellunopress.it\\\/fr\\\/author\\\/redazione\\\/\"}]}<\/script>\n<!-- \/ Yoast SEO plugin. -->","yoast_head_json":{"title":"Il mito di Mina e Battisti rivive al \u201cBuzzati\u201d: una serata di musica e solidariet\u00e0 con i Fuori Croma Group - Bellunopress - Dolomiti","robots":{"index":"index","follow":"follow","max-snippet":"max-snippet:-1","max-image-preview":"max-image-preview:large","max-video-preview":"max-video-preview:-1"},"canonical":"https:\/\/www.bellunopress.it\/fr\/2025\/12\/26\/il-mito-di-mina-e-battisti-rivive-al-buzzati-una-serata-di-musica-e-solidarieta-con-i-fuori-croma-group\/","og_locale":"fr_FR","og_type":"article","og_title":"Il mito di Mina e Battisti rivive al \u201cBuzzati\u201d: una serata di musica e solidariet\u00e0 con i Fuori Croma Group - Bellunopress - Dolomiti","og_description":"Il progetto, nato da un\u2019idea di Bruno Ballon e Giusy Trifer\u00f2, andr\u00e0 in scena a fine 2026. Il ricavato dell&#8217;evento sar\u00e0 devoluto alla LILT per sostenere la lotta contro i tumori Belluno, 26 dicembre 2025\u00a0\u2013 Se il Teatro Comunale \u201cDino Buzzati\u201d rappresenta il palcoscenico pi\u00f9 amb\u00ecto per ogni band bellunese, confrontarsi con il repertorio di [&hellip;]","og_url":"https:\/\/www.bellunopress.it\/fr\/2025\/12\/26\/il-mito-di-mina-e-battisti-rivive-al-buzzati-una-serata-di-musica-e-solidarieta-con-i-fuori-croma-group\/","og_site_name":"Bellunopress - Dolomiti","article_publisher":"https:\/\/www.facebook.com\/profile.php?id=100008943462799","article_published_time":"2025-12-26T07:00:27+00:00","article_modified_time":"2025-12-26T16:31:34+00:00","og_image":[{"width":450,"height":600,"url":"https:\/\/www.bellunopress.it\/wp-content\/uploads\/2025\/12\/GiusY-Trifero.jpeg","type":"image\/jpeg"}],"author":"redazione","twitter_card":"summary_large_image","twitter_creator":"@bellunopress","twitter_site":"@bellunopress","twitter_misc":{"\u00c9crit par":"redazione","Dur\u00e9e de lecture estim\u00e9e":"2 minutes"},"schema":{"@context":"https:\/\/schema.org","@graph":[{"@type":"Article","@id":"https:\/\/www.bellunopress.it\/2025\/12\/26\/il-mito-di-mina-e-battisti-rivive-al-buzzati-una-serata-di-musica-e-solidarieta-con-i-fuori-croma-group\/#article","isPartOf":{"@id":"https:\/\/www.bellunopress.it\/2025\/12\/26\/il-mito-di-mina-e-battisti-rivive-al-buzzati-una-serata-di-musica-e-solidarieta-con-i-fuori-croma-group\/"},"author":{"name":"redazione","@id":"https:\/\/www.bellunopress.it\/#\/schema\/person\/79bb06722b37ece1c03d3e94beb30d73"},"headline":"Il mito di Mina e Battisti rivive al \u201cBuzzati\u201d: una serata di musica e solidariet\u00e0 con i Fuori Croma Group","datePublished":"2025-12-26T07:00:27+00:00","dateModified":"2025-12-26T16:31:34+00:00","mainEntityOfPage":{"@id":"https:\/\/www.bellunopress.it\/2025\/12\/26\/il-mito-di-mina-e-battisti-rivive-al-buzzati-una-serata-di-musica-e-solidarieta-con-i-fuori-croma-group\/"},"wordCount":521,"publisher":{"@id":"https:\/\/www.bellunopress.it\/#organization"},"image":{"@id":"https:\/\/www.bellunopress.it\/2025\/12\/26\/il-mito-di-mina-e-battisti-rivive-al-buzzati-una-serata-di-musica-e-solidarieta-con-i-fuori-croma-group\/#primaryimage"},"thumbnailUrl":"https:\/\/www.bellunopress.it\/wp-content\/uploads\/2025\/12\/GiusY-Trifero.jpeg","keywords":["Belluno","Bruno Ballon","Fuori Croma Group","Giusy Trifer\u00f2"],"articleSection":["Appuntamenti, Eventi","Arte, Cultura, Spettacoli, Scienza","Featured","Pausa Caff\u00e8"],"inLanguage":"fr-FR"},{"@type":"WebPage","@id":"https:\/\/www.bellunopress.it\/2025\/12\/26\/il-mito-di-mina-e-battisti-rivive-al-buzzati-una-serata-di-musica-e-solidarieta-con-i-fuori-croma-group\/","url":"https:\/\/www.bellunopress.it\/2025\/12\/26\/il-mito-di-mina-e-battisti-rivive-al-buzzati-una-serata-di-musica-e-solidarieta-con-i-fuori-croma-group\/","name":"Il mito di Mina e Battisti rivive al \u201cBuzzati\u201d: una serata di musica e solidariet\u00e0 con i Fuori Croma Group - Bellunopress - Dolomiti","isPartOf":{"@id":"https:\/\/www.bellunopress.it\/#website"},"primaryImageOfPage":{"@id":"https:\/\/www.bellunopress.it\/2025\/12\/26\/il-mito-di-mina-e-battisti-rivive-al-buzzati-una-serata-di-musica-e-solidarieta-con-i-fuori-croma-group\/#primaryimage"},"image":{"@id":"https:\/\/www.bellunopress.it\/2025\/12\/26\/il-mito-di-mina-e-battisti-rivive-al-buzzati-una-serata-di-musica-e-solidarieta-con-i-fuori-croma-group\/#primaryimage"},"thumbnailUrl":"https:\/\/www.bellunopress.it\/wp-content\/uploads\/2025\/12\/GiusY-Trifero.jpeg","datePublished":"2025-12-26T07:00:27+00:00","dateModified":"2025-12-26T16:31:34+00:00","breadcrumb":{"@id":"https:\/\/www.bellunopress.it\/2025\/12\/26\/il-mito-di-mina-e-battisti-rivive-al-buzzati-una-serata-di-musica-e-solidarieta-con-i-fuori-croma-group\/#breadcrumb"},"inLanguage":"fr-FR","potentialAction":[{"@type":"ReadAction","target":["https:\/\/www.bellunopress.it\/2025\/12\/26\/il-mito-di-mina-e-battisti-rivive-al-buzzati-una-serata-di-musica-e-solidarieta-con-i-fuori-croma-group\/"]}]},{"@type":"ImageObject","inLanguage":"fr-FR","@id":"https:\/\/www.bellunopress.it\/2025\/12\/26\/il-mito-di-mina-e-battisti-rivive-al-buzzati-una-serata-di-musica-e-solidarieta-con-i-fuori-croma-group\/#primaryimage","url":"https:\/\/www.bellunopress.it\/wp-content\/uploads\/2025\/12\/GiusY-Trifero.jpeg","contentUrl":"https:\/\/www.bellunopress.it\/wp-content\/uploads\/2025\/12\/GiusY-Trifero.jpeg","width":450,"height":600,"caption":"Giusy Trifer\u00f2"},{"@type":"BreadcrumbList","@id":"https:\/\/www.bellunopress.it\/2025\/12\/26\/il-mito-di-mina-e-battisti-rivive-al-buzzati-una-serata-di-musica-e-solidarieta-con-i-fuori-croma-group\/#breadcrumb","itemListElement":[{"@type":"ListItem","position":1,"name":"Home","item":"https:\/\/www.bellunopress.it\/"},{"@type":"ListItem","position":2,"name":"Il mito di Mina e Battisti rivive al \u201cBuzzati\u201d: una serata di musica e solidariet\u00e0 con i Fuori Croma Group"}]},{"@type":"WebSite","@id":"https:\/\/www.bellunopress.it\/#website","url":"https:\/\/www.bellunopress.it\/","name":"Bellunopress - Dolomiti","description":"e-mail: redazione@bellunopress.it","publisher":{"@id":"https:\/\/www.bellunopress.it\/#organization"},"potentialAction":[{"@type":"SearchAction","target":{"@type":"EntryPoint","urlTemplate":"https:\/\/www.bellunopress.it\/?s={search_term_string}"},"query-input":{"@type":"PropertyValueSpecification","valueRequired":true,"valueName":"search_term_string"}}],"inLanguage":"fr-FR"},{"@type":"Organization","@id":"https:\/\/www.bellunopress.it\/#organization","name":"Bellunopress","url":"https:\/\/www.bellunopress.it\/","logo":{"@type":"ImageObject","inLanguage":"fr-FR","@id":"https:\/\/www.bellunopress.it\/#\/schema\/logo\/image\/","url":"https:\/\/www.bellunopress.it\/wp-content\/uploads\/2011\/05\/cropped-logo-bellunopress-.jpg","contentUrl":"https:\/\/www.bellunopress.it\/wp-content\/uploads\/2011\/05\/cropped-logo-bellunopress-.jpg","width":512,"height":512,"caption":"Bellunopress"},"image":{"@id":"https:\/\/www.bellunopress.it\/#\/schema\/logo\/image\/"},"sameAs":["https:\/\/www.facebook.com\/profile.php?id=100008943462799","https:\/\/x.com\/bellunopress","https:\/\/www.linkedin.com\/hp\/?dnr=JBzUWaJfMUw8vbXJJ2tVW5-I3jZKvC4wsoxE&amp;amp;amp;amp;amp;amp;trk=nav_responsive_tab_home","https:\/\/www.youtube.com\/channel\/UCxL0wu1uN0_3_7hGG0306cw"]},{"@type":"Person","@id":"https:\/\/www.bellunopress.it\/#\/schema\/person\/79bb06722b37ece1c03d3e94beb30d73","name":"r\u00e9daction","image":{"@type":"ImageObject","inLanguage":"fr-FR","@id":"https:\/\/secure.gravatar.com\/avatar\/37d968a2e67a6fd04c169c4bdef102d0bc5d31b2546345219e348575eb80e9a0?s=96&d=mm&r=g","url":"https:\/\/secure.gravatar.com\/avatar\/37d968a2e67a6fd04c169c4bdef102d0bc5d31b2546345219e348575eb80e9a0?s=96&d=mm&r=g","contentUrl":"https:\/\/secure.gravatar.com\/avatar\/37d968a2e67a6fd04c169c4bdef102d0bc5d31b2546345219e348575eb80e9a0?s=96&d=mm&r=g","caption":"redazione"},"sameAs":["http:\/\/www.bellunopress.it","https:\/\/x.com\/bellunopress"],"url":"https:\/\/www.bellunopress.it\/fr\/author\/redazione\/"}]}},"_links":{"self":[{"href":"https:\/\/www.bellunopress.it\/fr\/wp-json\/wp\/v2\/posts\/166008","targetHints":{"allow":["GET"]}}],"collection":[{"href":"https:\/\/www.bellunopress.it\/fr\/wp-json\/wp\/v2\/posts"}],"about":[{"href":"https:\/\/www.bellunopress.it\/fr\/wp-json\/wp\/v2\/types\/post"}],"author":[{"embeddable":true,"href":"https:\/\/www.bellunopress.it\/fr\/wp-json\/wp\/v2\/users\/2"}],"replies":[{"embeddable":true,"href":"https:\/\/www.bellunopress.it\/fr\/wp-json\/wp\/v2\/comments?post=166008"}],"version-history":[{"count":1,"href":"https:\/\/www.bellunopress.it\/fr\/wp-json\/wp\/v2\/posts\/166008\/revisions"}],"predecessor-version":[{"id":166011,"href":"https:\/\/www.bellunopress.it\/fr\/wp-json\/wp\/v2\/posts\/166008\/revisions\/166011"}],"wp:featuredmedia":[{"embeddable":true,"href":"https:\/\/www.bellunopress.it\/fr\/wp-json\/wp\/v2\/media\/166009"}],"wp:attachment":[{"href":"https:\/\/www.bellunopress.it\/fr\/wp-json\/wp\/v2\/media?parent=166008"}],"wp:term":[{"taxonomy":"category","embeddable":true,"href":"https:\/\/www.bellunopress.it\/fr\/wp-json\/wp\/v2\/categories?post=166008"},{"taxonomy":"post_tag","embeddable":true,"href":"https:\/\/www.bellunopress.it\/fr\/wp-json\/wp\/v2\/tags?post=166008"}],"curies":[{"name":"wp","href":"https:\/\/api.w.org\/{rel}","templated":true}]}}