{"id":166003,"date":"2025-12-26T09:58:23","date_gmt":"2025-12-26T08:58:23","guid":{"rendered":"https:\/\/www.bellunopress.it\/?p=166003"},"modified":"2025-12-24T13:01:04","modified_gmt":"2025-12-24T12:01:04","slug":"treni-straordinari-per-il-capodanno-2026-a-venezia","status":"publish","type":"post","link":"https:\/\/www.bellunopress.it\/fr\/2025\/12\/26\/treni-straordinari-per-il-capodanno-2026-a-venezia\/","title":{"rendered":"Treni straordinari per il capodanno 2026 a Venezia"},"content":{"rendered":"<p class=\"v1MsoNormal\"><b><img loading=\"lazy\" decoding=\"async\" class=\"aligncenter size-full wp-image-120092\" src=\"https:\/\/www.bellunopress.it\/wp-content\/uploads\/2020\/12\/Trenitalia.jpg\" alt=\"\" width=\"330\" height=\"247\" srcset=\"https:\/\/www.bellunopress.it\/wp-content\/uploads\/2020\/12\/Trenitalia.jpg 330w, https:\/\/www.bellunopress.it\/wp-content\/uploads\/2020\/12\/Trenitalia-80x60.jpg 80w, https:\/\/www.bellunopress.it\/wp-content\/uploads\/2020\/12\/Trenitalia-265x198.jpg 265w\" sizes=\"auto, (max-width: 330px) 100vw, 330px\" \/>16 treni straordinari in partenza dopo la mezzanotte da Venezia S. Lucia verso le principali destinazioni regionali<\/b><\/p>\n<p class=\"v1MsoNormal\"><b>Fermate in tutte le localit\u00e0 e canali di vendita Trenitalia aggiornati<\/b><\/p>\n<p class=\"v1MsoNormal\">Venezia, 26 dicembre 2025\u00a0 &#8211;\u00a0 In occasione del Capodanno 2026, il Regionale Veneto di Trenitalia, in accordo con la Regione del Veneto, ha predisposto un programma speciale di corse straordinarie per agevolare il rientro dei viaggiatori dopo i festeggiamenti in laguna.<\/p>\n<p class=\"v1MsoNormal\">Saranno 16 i treni straordinari in partenza da Venezia Santa Lucia dopo la mezzanotte, diretti verso le principali destinazioni della regione: Conegliano, Portogruaro, Verona Porta Nuova, Rovigo, Padova, Treviso, Castelfranco Veneto e Venezia Mestre. Tutti i treni \u2013 eccetto il treno Venezia S.L. &#8211; Verona Porta Nuova \u2013\u00a0effettueranno fermata in tutte le localit\u00e0 lungo le rispettive linee, garantendo cos\u00ec la massima copertura territoriale e facilitando il ritorno a casa di turisti e cittadini.<\/p>\n<p class=\"v1MsoNormal\">Le partenze sono programmate tra le ore 00:51 e le 04:27, con arrivi nelle diverse destinazioni fino alle prime ore del mattino. L\u2019offerta straordinaria \u00e8 pensata per rispondere al prevedibile maggiore afflusso di viaggiatori e per assicurare un deflusso ordinato e sicuro dopo la mezzanotte.<\/p>\n<p class=\"v1MsoNormal\">A Venezia sar\u00e0 ammesso a bordo solo chi esibir\u00e0 regolare biglietto di viaggio al personale di Assistenza che, in collaborazione con FS Security, indirizzer\u00e0 i passeggeri verso le banchine dei treni in partenza, oltre a garantire la sicurezza e la fluidit\u00e0 degli spostamenti. Presso la stazione di Venezia Santa Lucia sar\u00e0 attivo, inoltre, il servizio di customer care di Trenitalia per supportare i viaggiatori in partenza.<\/p>\n<p class=\"v1MsoNormal\">Si consiglia di raggiungere la stazione di Venezia Santa Lucia per tempo, in ragione dei controlli ai varchi ed al verosimile maggiore afflusso.<\/p>\n<p class=\"v1MsoNormal\">I canali di acquisto di Trenitalia sono aggiornati.<\/p>\n<p class=\"v1MsoNormal\">Regionale promuove una mobilit\u00e0 sempre pi\u00f9 sostenibile, mettendo a disposizione dei suoi clienti l\u2019acquisto del biglietto in modalit\u00e0 digitale su sito, APP e biglietteria, riducendo cos\u00ec l\u2019uso della carta. In Veneto, inoltre, \u00e8 attivo il sistema Tap&amp;Tap, che consente di viaggiare in modo ancora pi\u00f9 pratico: basta passare la propria carta di pagamento sulle validatrici in stazione prima della partenza e all\u2019arrivo.<\/p>\n<p class=\"v1MsoNormal\">Maggiori informazioni sono disponibili su\u00a0<a href=\"http:\/\/www.trenitalia.com\/\" target=\"_blank\" rel=\"noopener noreferrer\"><b>www.trenitalia.com<\/b><\/a>, su App Trenitalia, oltre che nelle biglietterie\/self-service delle stazioni ferroviarie.<\/p>\n<p class=\"v1MsoNormal\">A questo link \u00e8 consultabile la campagna\u00a0<a title=\"URL originale: https:\/\/www.youtube.com\/watch?v=meI-zSgQmuA. Fare clic o toccare se si considera attendibile questo collegamento.\" href=\"https:\/\/www.youtube.com\/watch?v=meI-zSgQmuA\" target=\"_blank\" rel=\"noopener noreferrer\"><b>SCEGLI DI VIAGGIARE INFORMATO<\/b><\/a>.<\/p>","protected":false},"excerpt":{"rendered":"<p>16 treni straordinari in partenza dopo la mezzanotte da Venezia S. Lucia verso le principali destinazioni regionali Fermate in tutte le localit\u00e0 e canali di vendita Trenitalia aggiornati Venezia, 26 dicembre 2025\u00a0 &#8211;\u00a0 In occasione del Capodanno 2026, il Regionale Veneto di Trenitalia, in accordo con la Regione del Veneto, ha predisposto un programma speciale [&hellip;]<\/p>\n","protected":false},"author":2,"featured_media":120092,"comment_status":"closed","ping_status":"open","sticky":false,"template":"","format":"standard","meta":{"footnotes":""},"categories":[26,4],"tags":[],"class_list":["post-166003","post","type-post","status-publish","format-standard","has-post-thumbnail","category-prima-pagina","category-sport"],"yoast_head":"<!-- This site is optimized with the Yoast SEO plugin v28.4 - https:\/\/yoast.com\/product\/yoast-seo-wordpress\/ -->\n<title>Treni straordinari per il capodanno 2026 a Venezia - Bellunopress - Dolomiti<\/title>\n<meta name=\"robots\" content=\"index, follow, max-snippet:-1, max-image-preview:large, max-video-preview:-1\" \/>\n<link rel=\"canonical\" href=\"https:\/\/www.bellunopress.it\/fr\/2025\/12\/26\/treni-straordinari-per-il-capodanno-2026-a-venezia\/\" \/>\n<meta property=\"og:locale\" content=\"fr_FR\" \/>\n<meta property=\"og:type\" content=\"article\" \/>\n<meta property=\"og:title\" content=\"Treni straordinari per il capodanno 2026 a Venezia - Bellunopress - Dolomiti\" \/>\n<meta property=\"og:description\" content=\"16 treni straordinari in partenza dopo la mezzanotte da Venezia S. Lucia verso le principali destinazioni regionali Fermate in tutte le localit\u00e0 e canali di vendita Trenitalia aggiornati Venezia, 26 dicembre 2025\u00a0 &#8211;\u00a0 In occasione del Capodanno 2026, il Regionale Veneto di Trenitalia, in accordo con la Regione del Veneto, ha predisposto un programma speciale [&hellip;]\" \/>\n<meta property=\"og:url\" content=\"https:\/\/www.bellunopress.it\/fr\/2025\/12\/26\/treni-straordinari-per-il-capodanno-2026-a-venezia\/\" \/>\n<meta property=\"og:site_name\" content=\"Bellunopress - Dolomiti\" \/>\n<meta property=\"article:publisher\" content=\"https:\/\/www.facebook.com\/profile.php?id=100008943462799\" \/>\n<meta property=\"article:published_time\" content=\"2025-12-26T08:58:23+00:00\" \/>\n<meta property=\"og:image\" content=\"https:\/\/www.bellunopress.it\/wp-content\/uploads\/2020\/12\/Trenitalia.jpg\" \/>\n\t<meta property=\"og:image:width\" content=\"330\" \/>\n\t<meta property=\"og:image:height\" content=\"247\" \/>\n\t<meta property=\"og:image:type\" content=\"image\/jpeg\" \/>\n<meta name=\"author\" content=\"redazione\" \/>\n<meta name=\"twitter:card\" content=\"summary_large_image\" \/>\n<meta name=\"twitter:creator\" content=\"@bellunopress\" \/>\n<meta name=\"twitter:site\" content=\"@bellunopress\" \/>\n<meta name=\"twitter:label1\" content=\"\u00c9crit par\" \/>\n\t<meta name=\"twitter:data1\" content=\"redazione\" \/>\n\t<meta name=\"twitter:label2\" content=\"Dur\u00e9e de lecture estim\u00e9e\" \/>\n\t<meta name=\"twitter:data2\" content=\"2 minutes\" \/>\n<script type=\"application\/ld+json\" class=\"yoast-schema-graph\">{\"@context\":\"https:\\\/\\\/schema.org\",\"@graph\":[{\"@type\":\"Article\",\"@id\":\"https:\\\/\\\/www.bellunopress.it\\\/2025\\\/12\\\/26\\\/treni-straordinari-per-il-capodanno-2026-a-venezia\\\/#article\",\"isPartOf\":{\"@id\":\"https:\\\/\\\/www.bellunopress.it\\\/2025\\\/12\\\/26\\\/treni-straordinari-per-il-capodanno-2026-a-venezia\\\/\"},\"author\":{\"name\":\"redazione\",\"@id\":\"https:\\\/\\\/www.bellunopress.it\\\/#\\\/schema\\\/person\\\/79bb06722b37ece1c03d3e94beb30d73\"},\"headline\":\"Treni straordinari per il capodanno 2026 a Venezia\",\"datePublished\":\"2025-12-26T08:58:23+00:00\",\"mainEntityOfPage\":{\"@id\":\"https:\\\/\\\/www.bellunopress.it\\\/2025\\\/12\\\/26\\\/treni-straordinari-per-il-capodanno-2026-a-venezia\\\/\"},\"wordCount\":379,\"publisher\":{\"@id\":\"https:\\\/\\\/www.bellunopress.it\\\/#organization\"},\"image\":{\"@id\":\"https:\\\/\\\/www.bellunopress.it\\\/2025\\\/12\\\/26\\\/treni-straordinari-per-il-capodanno-2026-a-venezia\\\/#primaryimage\"},\"thumbnailUrl\":\"https:\\\/\\\/www.bellunopress.it\\\/wp-content\\\/uploads\\\/2020\\\/12\\\/Trenitalia.jpg\",\"articleSection\":[\"Prima Pagina\",\"Sport, tempo libero\"],\"inLanguage\":\"fr-FR\"},{\"@type\":\"WebPage\",\"@id\":\"https:\\\/\\\/www.bellunopress.it\\\/2025\\\/12\\\/26\\\/treni-straordinari-per-il-capodanno-2026-a-venezia\\\/\",\"url\":\"https:\\\/\\\/www.bellunopress.it\\\/2025\\\/12\\\/26\\\/treni-straordinari-per-il-capodanno-2026-a-venezia\\\/\",\"name\":\"Treni straordinari per il capodanno 2026 a Venezia - Bellunopress - Dolomiti\",\"isPartOf\":{\"@id\":\"https:\\\/\\\/www.bellunopress.it\\\/#website\"},\"primaryImageOfPage\":{\"@id\":\"https:\\\/\\\/www.bellunopress.it\\\/2025\\\/12\\\/26\\\/treni-straordinari-per-il-capodanno-2026-a-venezia\\\/#primaryimage\"},\"image\":{\"@id\":\"https:\\\/\\\/www.bellunopress.it\\\/2025\\\/12\\\/26\\\/treni-straordinari-per-il-capodanno-2026-a-venezia\\\/#primaryimage\"},\"thumbnailUrl\":\"https:\\\/\\\/www.bellunopress.it\\\/wp-content\\\/uploads\\\/2020\\\/12\\\/Trenitalia.jpg\",\"datePublished\":\"2025-12-26T08:58:23+00:00\",\"breadcrumb\":{\"@id\":\"https:\\\/\\\/www.bellunopress.it\\\/2025\\\/12\\\/26\\\/treni-straordinari-per-il-capodanno-2026-a-venezia\\\/#breadcrumb\"},\"inLanguage\":\"fr-FR\",\"potentialAction\":[{\"@type\":\"ReadAction\",\"target\":[\"https:\\\/\\\/www.bellunopress.it\\\/2025\\\/12\\\/26\\\/treni-straordinari-per-il-capodanno-2026-a-venezia\\\/\"]}]},{\"@type\":\"ImageObject\",\"inLanguage\":\"fr-FR\",\"@id\":\"https:\\\/\\\/www.bellunopress.it\\\/2025\\\/12\\\/26\\\/treni-straordinari-per-il-capodanno-2026-a-venezia\\\/#primaryimage\",\"url\":\"https:\\\/\\\/www.bellunopress.it\\\/wp-content\\\/uploads\\\/2020\\\/12\\\/Trenitalia.jpg\",\"contentUrl\":\"https:\\\/\\\/www.bellunopress.it\\\/wp-content\\\/uploads\\\/2020\\\/12\\\/Trenitalia.jpg\",\"width\":330,\"height\":247},{\"@type\":\"BreadcrumbList\",\"@id\":\"https:\\\/\\\/www.bellunopress.it\\\/2025\\\/12\\\/26\\\/treni-straordinari-per-il-capodanno-2026-a-venezia\\\/#breadcrumb\",\"itemListElement\":[{\"@type\":\"ListItem\",\"position\":1,\"name\":\"Home\",\"item\":\"https:\\\/\\\/www.bellunopress.it\\\/\"},{\"@type\":\"ListItem\",\"position\":2,\"name\":\"Treni straordinari per il capodanno 2026 a Venezia\"}]},{\"@type\":\"WebSite\",\"@id\":\"https:\\\/\\\/www.bellunopress.it\\\/#website\",\"url\":\"https:\\\/\\\/www.bellunopress.it\\\/\",\"name\":\"Bellunopress - Dolomiti\",\"description\":\"e-mail: redazione@bellunopress.it\",\"publisher\":{\"@id\":\"https:\\\/\\\/www.bellunopress.it\\\/#organization\"},\"potentialAction\":[{\"@type\":\"SearchAction\",\"target\":{\"@type\":\"EntryPoint\",\"urlTemplate\":\"https:\\\/\\\/www.bellunopress.it\\\/?s={search_term_string}\"},\"query-input\":{\"@type\":\"PropertyValueSpecification\",\"valueRequired\":true,\"valueName\":\"search_term_string\"}}],\"inLanguage\":\"fr-FR\"},{\"@type\":\"Organization\",\"@id\":\"https:\\\/\\\/www.bellunopress.it\\\/#organization\",\"name\":\"Bellunopress\",\"url\":\"https:\\\/\\\/www.bellunopress.it\\\/\",\"logo\":{\"@type\":\"ImageObject\",\"inLanguage\":\"fr-FR\",\"@id\":\"https:\\\/\\\/www.bellunopress.it\\\/#\\\/schema\\\/logo\\\/image\\\/\",\"url\":\"https:\\\/\\\/www.bellunopress.it\\\/wp-content\\\/uploads\\\/2011\\\/05\\\/cropped-logo-bellunopress-.jpg\",\"contentUrl\":\"https:\\\/\\\/www.bellunopress.it\\\/wp-content\\\/uploads\\\/2011\\\/05\\\/cropped-logo-bellunopress-.jpg\",\"width\":512,\"height\":512,\"caption\":\"Bellunopress\"},\"image\":{\"@id\":\"https:\\\/\\\/www.bellunopress.it\\\/#\\\/schema\\\/logo\\\/image\\\/\"},\"sameAs\":[\"https:\\\/\\\/www.facebook.com\\\/profile.php?id=100008943462799\",\"https:\\\/\\\/x.com\\\/bellunopress\",\"https:\\\/\\\/www.linkedin.com\\\/hp\\\/?dnr=JBzUWaJfMUw8vbXJJ2tVW5-I3jZKvC4wsoxE&amp;amp;amp;amp;amp;amp;trk=nav_responsive_tab_home\",\"https:\\\/\\\/www.youtube.com\\\/channel\\\/UCxL0wu1uN0_3_7hGG0306cw\"]},{\"@type\":\"Person\",\"@id\":\"https:\\\/\\\/www.bellunopress.it\\\/#\\\/schema\\\/person\\\/79bb06722b37ece1c03d3e94beb30d73\",\"name\":\"redazione\",\"image\":{\"@type\":\"ImageObject\",\"inLanguage\":\"fr-FR\",\"@id\":\"https:\\\/\\\/secure.gravatar.com\\\/avatar\\\/37d968a2e67a6fd04c169c4bdef102d0bc5d31b2546345219e348575eb80e9a0?s=96&d=mm&r=g\",\"url\":\"https:\\\/\\\/secure.gravatar.com\\\/avatar\\\/37d968a2e67a6fd04c169c4bdef102d0bc5d31b2546345219e348575eb80e9a0?s=96&d=mm&r=g\",\"contentUrl\":\"https:\\\/\\\/secure.gravatar.com\\\/avatar\\\/37d968a2e67a6fd04c169c4bdef102d0bc5d31b2546345219e348575eb80e9a0?s=96&d=mm&r=g\",\"caption\":\"redazione\"},\"sameAs\":[\"http:\\\/\\\/www.bellunopress.it\",\"https:\\\/\\\/x.com\\\/bellunopress\"],\"url\":\"https:\\\/\\\/www.bellunopress.it\\\/fr\\\/author\\\/redazione\\\/\"}]}<\/script>\n<!-- \/ Yoast SEO plugin. -->","yoast_head_json":{"title":"Treni straordinari per il capodanno 2026 a Venezia - Bellunopress - Dolomiti","robots":{"index":"index","follow":"follow","max-snippet":"max-snippet:-1","max-image-preview":"max-image-preview:large","max-video-preview":"max-video-preview:-1"},"canonical":"https:\/\/www.bellunopress.it\/fr\/2025\/12\/26\/treni-straordinari-per-il-capodanno-2026-a-venezia\/","og_locale":"fr_FR","og_type":"article","og_title":"Treni straordinari per il capodanno 2026 a Venezia - Bellunopress - Dolomiti","og_description":"16 treni straordinari in partenza dopo la mezzanotte da Venezia S. Lucia verso le principali destinazioni regionali Fermate in tutte le localit\u00e0 e canali di vendita Trenitalia aggiornati Venezia, 26 dicembre 2025\u00a0 &#8211;\u00a0 In occasione del Capodanno 2026, il Regionale Veneto di Trenitalia, in accordo con la Regione del Veneto, ha predisposto un programma speciale [&hellip;]","og_url":"https:\/\/www.bellunopress.it\/fr\/2025\/12\/26\/treni-straordinari-per-il-capodanno-2026-a-venezia\/","og_site_name":"Bellunopress - Dolomiti","article_publisher":"https:\/\/www.facebook.com\/profile.php?id=100008943462799","article_published_time":"2025-12-26T08:58:23+00:00","og_image":[{"width":330,"height":247,"url":"https:\/\/www.bellunopress.it\/wp-content\/uploads\/2020\/12\/Trenitalia.jpg","type":"image\/jpeg"}],"author":"redazione","twitter_card":"summary_large_image","twitter_creator":"@bellunopress","twitter_site":"@bellunopress","twitter_misc":{"\u00c9crit par":"redazione","Dur\u00e9e de lecture estim\u00e9e":"2 minutes"},"schema":{"@context":"https:\/\/schema.org","@graph":[{"@type":"Article","@id":"https:\/\/www.bellunopress.it\/2025\/12\/26\/treni-straordinari-per-il-capodanno-2026-a-venezia\/#article","isPartOf":{"@id":"https:\/\/www.bellunopress.it\/2025\/12\/26\/treni-straordinari-per-il-capodanno-2026-a-venezia\/"},"author":{"name":"redazione","@id":"https:\/\/www.bellunopress.it\/#\/schema\/person\/79bb06722b37ece1c03d3e94beb30d73"},"headline":"Treni straordinari per il capodanno 2026 a Venezia","datePublished":"2025-12-26T08:58:23+00:00","mainEntityOfPage":{"@id":"https:\/\/www.bellunopress.it\/2025\/12\/26\/treni-straordinari-per-il-capodanno-2026-a-venezia\/"},"wordCount":379,"publisher":{"@id":"https:\/\/www.bellunopress.it\/#organization"},"image":{"@id":"https:\/\/www.bellunopress.it\/2025\/12\/26\/treni-straordinari-per-il-capodanno-2026-a-venezia\/#primaryimage"},"thumbnailUrl":"https:\/\/www.bellunopress.it\/wp-content\/uploads\/2020\/12\/Trenitalia.jpg","articleSection":["Prima Pagina","Sport, tempo libero"],"inLanguage":"fr-FR"},{"@type":"WebPage","@id":"https:\/\/www.bellunopress.it\/2025\/12\/26\/treni-straordinari-per-il-capodanno-2026-a-venezia\/","url":"https:\/\/www.bellunopress.it\/2025\/12\/26\/treni-straordinari-per-il-capodanno-2026-a-venezia\/","name":"Treni straordinari per il capodanno 2026 a Venezia - Bellunopress - Dolomiti","isPartOf":{"@id":"https:\/\/www.bellunopress.it\/#website"},"primaryImageOfPage":{"@id":"https:\/\/www.bellunopress.it\/2025\/12\/26\/treni-straordinari-per-il-capodanno-2026-a-venezia\/#primaryimage"},"image":{"@id":"https:\/\/www.bellunopress.it\/2025\/12\/26\/treni-straordinari-per-il-capodanno-2026-a-venezia\/#primaryimage"},"thumbnailUrl":"https:\/\/www.bellunopress.it\/wp-content\/uploads\/2020\/12\/Trenitalia.jpg","datePublished":"2025-12-26T08:58:23+00:00","breadcrumb":{"@id":"https:\/\/www.bellunopress.it\/2025\/12\/26\/treni-straordinari-per-il-capodanno-2026-a-venezia\/#breadcrumb"},"inLanguage":"fr-FR","potentialAction":[{"@type":"ReadAction","target":["https:\/\/www.bellunopress.it\/2025\/12\/26\/treni-straordinari-per-il-capodanno-2026-a-venezia\/"]}]},{"@type":"ImageObject","inLanguage":"fr-FR","@id":"https:\/\/www.bellunopress.it\/2025\/12\/26\/treni-straordinari-per-il-capodanno-2026-a-venezia\/#primaryimage","url":"https:\/\/www.bellunopress.it\/wp-content\/uploads\/2020\/12\/Trenitalia.jpg","contentUrl":"https:\/\/www.bellunopress.it\/wp-content\/uploads\/2020\/12\/Trenitalia.jpg","width":330,"height":247},{"@type":"BreadcrumbList","@id":"https:\/\/www.bellunopress.it\/2025\/12\/26\/treni-straordinari-per-il-capodanno-2026-a-venezia\/#breadcrumb","itemListElement":[{"@type":"ListItem","position":1,"name":"Home","item":"https:\/\/www.bellunopress.it\/"},{"@type":"ListItem","position":2,"name":"Treni straordinari per il capodanno 2026 a Venezia"}]},{"@type":"WebSite","@id":"https:\/\/www.bellunopress.it\/#website","url":"https:\/\/www.bellunopress.it\/","name":"Bellunopress - Dolomiti","description":"e-mail: redazione@bellunopress.it","publisher":{"@id":"https:\/\/www.bellunopress.it\/#organization"},"potentialAction":[{"@type":"SearchAction","target":{"@type":"EntryPoint","urlTemplate":"https:\/\/www.bellunopress.it\/?s={search_term_string}"},"query-input":{"@type":"PropertyValueSpecification","valueRequired":true,"valueName":"search_term_string"}}],"inLanguage":"fr-FR"},{"@type":"Organization","@id":"https:\/\/www.bellunopress.it\/#organization","name":"Bellunopress","url":"https:\/\/www.bellunopress.it\/","logo":{"@type":"ImageObject","inLanguage":"fr-FR","@id":"https:\/\/www.bellunopress.it\/#\/schema\/logo\/image\/","url":"https:\/\/www.bellunopress.it\/wp-content\/uploads\/2011\/05\/cropped-logo-bellunopress-.jpg","contentUrl":"https:\/\/www.bellunopress.it\/wp-content\/uploads\/2011\/05\/cropped-logo-bellunopress-.jpg","width":512,"height":512,"caption":"Bellunopress"},"image":{"@id":"https:\/\/www.bellunopress.it\/#\/schema\/logo\/image\/"},"sameAs":["https:\/\/www.facebook.com\/profile.php?id=100008943462799","https:\/\/x.com\/bellunopress","https:\/\/www.linkedin.com\/hp\/?dnr=JBzUWaJfMUw8vbXJJ2tVW5-I3jZKvC4wsoxE&amp;amp;amp;amp;amp;amp;trk=nav_responsive_tab_home","https:\/\/www.youtube.com\/channel\/UCxL0wu1uN0_3_7hGG0306cw"]},{"@type":"Person","@id":"https:\/\/www.bellunopress.it\/#\/schema\/person\/79bb06722b37ece1c03d3e94beb30d73","name":"r\u00e9daction","image":{"@type":"ImageObject","inLanguage":"fr-FR","@id":"https:\/\/secure.gravatar.com\/avatar\/37d968a2e67a6fd04c169c4bdef102d0bc5d31b2546345219e348575eb80e9a0?s=96&d=mm&r=g","url":"https:\/\/secure.gravatar.com\/avatar\/37d968a2e67a6fd04c169c4bdef102d0bc5d31b2546345219e348575eb80e9a0?s=96&d=mm&r=g","contentUrl":"https:\/\/secure.gravatar.com\/avatar\/37d968a2e67a6fd04c169c4bdef102d0bc5d31b2546345219e348575eb80e9a0?s=96&d=mm&r=g","caption":"redazione"},"sameAs":["http:\/\/www.bellunopress.it","https:\/\/x.com\/bellunopress"],"url":"https:\/\/www.bellunopress.it\/fr\/author\/redazione\/"}]}},"_links":{"self":[{"href":"https:\/\/www.bellunopress.it\/fr\/wp-json\/wp\/v2\/posts\/166003","targetHints":{"allow":["GET"]}}],"collection":[{"href":"https:\/\/www.bellunopress.it\/fr\/wp-json\/wp\/v2\/posts"}],"about":[{"href":"https:\/\/www.bellunopress.it\/fr\/wp-json\/wp\/v2\/types\/post"}],"author":[{"embeddable":true,"href":"https:\/\/www.bellunopress.it\/fr\/wp-json\/wp\/v2\/users\/2"}],"replies":[{"embeddable":true,"href":"https:\/\/www.bellunopress.it\/fr\/wp-json\/wp\/v2\/comments?post=166003"}],"version-history":[{"count":1,"href":"https:\/\/www.bellunopress.it\/fr\/wp-json\/wp\/v2\/posts\/166003\/revisions"}],"predecessor-version":[{"id":166004,"href":"https:\/\/www.bellunopress.it\/fr\/wp-json\/wp\/v2\/posts\/166003\/revisions\/166004"}],"wp:featuredmedia":[{"embeddable":true,"href":"https:\/\/www.bellunopress.it\/fr\/wp-json\/wp\/v2\/media\/120092"}],"wp:attachment":[{"href":"https:\/\/www.bellunopress.it\/fr\/wp-json\/wp\/v2\/media?parent=166003"}],"wp:term":[{"taxonomy":"category","embeddable":true,"href":"https:\/\/www.bellunopress.it\/fr\/wp-json\/wp\/v2\/categories?post=166003"},{"taxonomy":"post_tag","embeddable":true,"href":"https:\/\/www.bellunopress.it\/fr\/wp-json\/wp\/v2\/tags?post=166003"}],"curies":[{"name":"wp","href":"https:\/\/api.w.org\/{rel}","templated":true}]}}