{"id":165990,"date":"2025-12-23T19:43:13","date_gmt":"2025-12-23T18:43:13","guid":{"rendered":"https:\/\/www.bellunopress.it\/?p=165990"},"modified":"2025-12-23T21:49:09","modified_gmt":"2025-12-23T20:49:09","slug":"natale-e-commenti-indiscreti-guida-pratica-per-gestire-ansia-e-parenti-a-tavola","status":"publish","type":"post","link":"https:\/\/www.bellunopress.it\/fr\/2025\/12\/23\/natale-e-commenti-indiscreti-guida-pratica-per-gestire-ansia-e-parenti-a-tavola\/","title":{"rendered":"Natale e commenti indiscreti: guida pratica per gestire ansia e parenti a tavola"},"content":{"rendered":"<p><img loading=\"lazy\" decoding=\"async\" class=\"aligncenter size-full wp-image-165991\" src=\"https:\/\/www.bellunopress.it\/wp-content\/uploads\/2025\/12\/Natale-a-tavola.jpg\" alt=\"\" width=\"500\" height=\"419\" \/>Il periodo natalizio \u00e8, per tradizione, sinonimo di incontri, regali e condivisione. Eppure, dietro le luci e le tavolate imbandite, si nasconde spesso una realt\u00e0 pi\u00f9 complessa: per chi sta affrontando un percorso di consapevolezza alimentare o vive un rapporto delicato con il proprio corpo, le feste possono trasformarsi in una fonte di profonda <strong>ansia e pressione psicologica<\/strong>.<\/p>\n<p>I dati parlano chiaro: un recente sondaggio condotto da Serenis su oltre 1.700 persone rivela che il <strong>59% degli intervistati prova tensione o ansia<\/strong> al pensiero del Natale. Le cause principali? Il rumore e l\u2019obbligo di socializzare (40%), il timore di conflitti familiari (37%) e, non ultimo, il peso di dover giustificare le proprie scelte alimentari (23%).<\/p>\n<h3><strong>La sfida dei commenti inappropriati<\/strong><\/h3>\n<p>Spesso, tra una portata e l\u2019altra, arrivano giudizi mascherati da battute: <em>&#8220;Ma non eri a dieta?&#8221;<\/em>, <em>&#8220;Hai un bell&#8217;appetito!&#8221;<\/em> o <em>&#8220;Ti vedo ingrassata\/o&#8221;<\/em>. Anche se pronunciate da parenti stretti con intento scherzoso, queste frasi possono ferire chi sta cercando di ritrovare fiducia in s\u00e9 stesso.<\/p>\n<p>Per evitare che il disagio porti all&#8217;<strong>isolamento sociale<\/strong> \u2014 un rischio concreto, visto che quasi il <strong>70% delle persone<\/strong> ha evitato o pensato di evitare eventi natalizi per non sentirsi a disagio \u2014 \u00e8 fondamentale adottare strategie di difesa emotiva.<\/p>\n<h2><strong>Strategie di sopravvivenza: i consigli degli esperti<\/strong><\/h2>\n<p>Per vivere i pasti con pi\u00f9 serenit\u00e0, possiamo attingere ai consigli incrociati di psicoterapeuti e nutrizionisti.<\/p>\n<ol>\n<li><strong>Difesa emotiva e assertivit\u00e0<\/strong><\/li>\n<\/ol>\n<p>Alla domanda \u201cCosa ti aiuterebbe di pi\u00f9 a vivere i pasti delle feste con pi\u00f9 serenit\u00e0?\u201d quasi il 30% dei rispondenti ha risposto \u201cRiuscire a rispondere con fermezza per farmi rispettare\u201d. Vediamo quindi i consigli della psicoterapeuta Agnese Cannistraci a questo proposito.<\/p>\n<p>Per reagire ai commenti inappropriati ricordati di<\/p>\n<ul>\n<li><strong>stabilire i confini:<\/strong> prepara in anticipo delle frasi gentili ma ferme per deviare discorsi scomodi. Non aver paura di dire: <em>&#8220;Preferirei non parlare del mio peso, parliamo invece di&#8230;&#8221;<\/em>.<\/li>\n<li><strong>dire di &#8220;No&#8221;:<\/strong> non sentirti in obbligo di compiacere gli altri mangiando oltre i tuoi segnali di saziet\u00e0. Un <em>&#8220;Grazie, \u00e8 ottimo ma sono a posto cos\u00ec&#8221;<\/em> \u00e8 un tuo diritto insindacabile.<\/li>\n<li><strong>allenare il distacco:<\/strong> ricorda che i commenti altrui spesso riflettono le insicurezze o la cultura di chi parla, non il tuo valore. Osserva queste critiche come uno spettatore esterno, senza lasciarle entrare.<\/li>\n<\/ul>\n<ol start=\"2\">\n<li><strong> Gestione del cibo senza colpe<\/strong><\/li>\n<\/ol>\n<p>Sebbene solo l\u20198,3% dei rispondenti alla survey ha dichiarato di provare \u201cSenso di colpa, soprattutto se mangio pi\u00f9 del solito\u201d, il tema dell\u2019alimentazione durante le feste pu\u00f2 essere un\u2019ulteriore causa dello stress tipico di questo periodo, soprattutto per chi sta seguendo un <a href=\"https:\/\/nutrizione.serenis.it\/diete\/piano-alimentare\/\">piano alimentare<\/a> o per chi soffre di disturbi alimentari.<\/p>\n<p>Diversi nutrizionisti intervistati da Serenis Nutrizione sottolineando l\u2019importanza di:<\/p>\n<ul>\n<li><strong>ricordare che nessun cibo \u00e8 &#8220;cattivo&#8221;:<\/strong> goditi il pandoro o le lasagne con serenit\u00e0. Due o tre giorni di festa non possono vanificare i progressi di mesi.<\/li>\n<li><strong>ascoltare il proprio corpo:<\/strong> mangia ci\u00f2 che desideri davvero e fermati quando sei soddisfatto, non per obbligo verso chi ha cucinato.<\/li>\n<li><strong>evitare le &#8220;punizioni&#8221;:<\/strong> dopo un pasto abbondante, non cadere nella trappola dei digiuni o degli allenamenti estenuanti. Il corpo \u00e8 una macchina perfetta. Basta tornare alla propria routine abituale nei giorni successivi.<\/li>\n<\/ul>\n<p>La dott.ssa Raffaella Fabozzi afferma che, quando parla con i suoi pazienti in questo periodo, \u201cLe preoccupazioni pi\u00f9 comuni riguardano proprio la paura di perdere il controllo o di \u201cdeludere\u201d qualcuno, il nutrizionista, la famiglia, o loro stessi. Per questo insisto molto sull\u2019ascolto: scegliere cosa mangiare con calma, chiedersi cosa si desidera davvero, e darsi il permesso di godersi ci\u00f2 che fa parte della propria storia familiare.\u201d<\/p>\n<p>&nbsp;<\/p>\n<p>In definitiva, la chiave per sopravvivere alle feste \u00e8 l&#8217;<strong>ascolto di s\u00e9<\/strong>. Se un evento ti sembra troppo oneroso, chiediti se \u00e8 davvero necessario partecipare o se puoi limitare la tua presenza. Dare priorit\u00e0 al proprio equilibrio emotivo non \u00e8 egoismo, ma una necessit\u00e0 per preservare la propria salute mentale.<\/p>\n<p>Se senti che il rapporto tra cibo, mente e corpo sta diventando troppo pesante da gestire, ricorda che chiedere il supporto di un <a href=\"https:\/\/nutrizione.serenis.it\/\">nutrizionista online<\/a> pu\u00f2 fare la differenza nel ritrovare la tua armonia.<\/p>\n<p>&nbsp;<\/p>","protected":false},"excerpt":{"rendered":"<p>Il periodo natalizio \u00e8, per tradizione, sinonimo di incontri, regali e condivisione. Eppure, dietro le luci e le tavolate imbandite, si nasconde spesso una realt\u00e0 pi\u00f9 complessa: per chi sta affrontando un percorso di consapevolezza alimentare o vive un rapporto delicato con il proprio corpo, le feste possono trasformarsi in una fonte di profonda ansia [&hellip;]<\/p>\n","protected":false},"author":2,"featured_media":165991,"comment_status":"closed","ping_status":"open","sticky":false,"template":"","format":"standard","meta":{"footnotes":""},"categories":[3393],"tags":[],"class_list":["post-165990","post","type-post","status-publish","format-standard","has-post-thumbnail","category-eventi-enogastronomici"],"yoast_head":"<!-- This site is optimized with the Yoast SEO plugin v28.4 - https:\/\/yoast.com\/product\/yoast-seo-wordpress\/ -->\n<title>Natale e commenti indiscreti: guida pratica per gestire ansia e parenti a tavola - Bellunopress - Dolomiti<\/title>\n<meta name=\"robots\" content=\"index, follow, max-snippet:-1, max-image-preview:large, max-video-preview:-1\" \/>\n<link rel=\"canonical\" href=\"https:\/\/www.bellunopress.it\/fr\/2025\/12\/23\/natale-e-commenti-indiscreti-guida-pratica-per-gestire-ansia-e-parenti-a-tavola\/\" \/>\n<meta property=\"og:locale\" content=\"fr_FR\" \/>\n<meta property=\"og:type\" content=\"article\" \/>\n<meta property=\"og:title\" content=\"Natale e commenti indiscreti: guida pratica per gestire ansia e parenti a tavola - Bellunopress - Dolomiti\" \/>\n<meta property=\"og:description\" content=\"Il periodo natalizio \u00e8, per tradizione, sinonimo di incontri, regali e condivisione. Eppure, dietro le luci e le tavolate imbandite, si nasconde spesso una realt\u00e0 pi\u00f9 complessa: per chi sta affrontando un percorso di consapevolezza alimentare o vive un rapporto delicato con il proprio corpo, le feste possono trasformarsi in una fonte di profonda ansia [&hellip;]\" \/>\n<meta property=\"og:url\" content=\"https:\/\/www.bellunopress.it\/fr\/2025\/12\/23\/natale-e-commenti-indiscreti-guida-pratica-per-gestire-ansia-e-parenti-a-tavola\/\" \/>\n<meta property=\"og:site_name\" content=\"Bellunopress - Dolomiti\" \/>\n<meta property=\"article:publisher\" content=\"https:\/\/www.facebook.com\/profile.php?id=100008943462799\" \/>\n<meta property=\"article:published_time\" content=\"2025-12-23T18:43:13+00:00\" \/>\n<meta property=\"article:modified_time\" content=\"2025-12-23T20:49:09+00:00\" \/>\n<meta property=\"og:image\" content=\"https:\/\/www.bellunopress.it\/wp-content\/uploads\/2025\/12\/Natale-a-tavola.jpg\" \/>\n\t<meta property=\"og:image:width\" content=\"500\" \/>\n\t<meta property=\"og:image:height\" content=\"419\" \/>\n\t<meta property=\"og:image:type\" content=\"image\/jpeg\" \/>\n<meta name=\"author\" content=\"redazione\" \/>\n<meta name=\"twitter:card\" content=\"summary_large_image\" \/>\n<meta name=\"twitter:creator\" content=\"@bellunopress\" \/>\n<meta name=\"twitter:site\" content=\"@bellunopress\" \/>\n<meta name=\"twitter:label1\" content=\"\u00c9crit par\" \/>\n\t<meta name=\"twitter:data1\" content=\"redazione\" \/>\n\t<meta name=\"twitter:label2\" content=\"Dur\u00e9e de lecture estim\u00e9e\" \/>\n\t<meta name=\"twitter:data2\" content=\"3 minutes\" \/>\n<script type=\"application\/ld+json\" class=\"yoast-schema-graph\">{\"@context\":\"https:\\\/\\\/schema.org\",\"@graph\":[{\"@type\":\"Article\",\"@id\":\"https:\\\/\\\/www.bellunopress.it\\\/2025\\\/12\\\/23\\\/natale-e-commenti-indiscreti-guida-pratica-per-gestire-ansia-e-parenti-a-tavola\\\/#article\",\"isPartOf\":{\"@id\":\"https:\\\/\\\/www.bellunopress.it\\\/2025\\\/12\\\/23\\\/natale-e-commenti-indiscreti-guida-pratica-per-gestire-ansia-e-parenti-a-tavola\\\/\"},\"author\":{\"name\":\"redazione\",\"@id\":\"https:\\\/\\\/www.bellunopress.it\\\/#\\\/schema\\\/person\\\/79bb06722b37ece1c03d3e94beb30d73\"},\"headline\":\"Natale e commenti indiscreti: guida pratica per gestire ansia e parenti a tavola\",\"datePublished\":\"2025-12-23T18:43:13+00:00\",\"dateModified\":\"2025-12-23T20:49:09+00:00\",\"mainEntityOfPage\":{\"@id\":\"https:\\\/\\\/www.bellunopress.it\\\/2025\\\/12\\\/23\\\/natale-e-commenti-indiscreti-guida-pratica-per-gestire-ansia-e-parenti-a-tavola\\\/\"},\"wordCount\":678,\"publisher\":{\"@id\":\"https:\\\/\\\/www.bellunopress.it\\\/#organization\"},\"image\":{\"@id\":\"https:\\\/\\\/www.bellunopress.it\\\/2025\\\/12\\\/23\\\/natale-e-commenti-indiscreti-guida-pratica-per-gestire-ansia-e-parenti-a-tavola\\\/#primaryimage\"},\"thumbnailUrl\":\"https:\\\/\\\/www.bellunopress.it\\\/wp-content\\\/uploads\\\/2025\\\/12\\\/Natale-a-tavola.jpg\",\"articleSection\":[\"Eventi enogastronomici\"],\"inLanguage\":\"fr-FR\"},{\"@type\":\"WebPage\",\"@id\":\"https:\\\/\\\/www.bellunopress.it\\\/2025\\\/12\\\/23\\\/natale-e-commenti-indiscreti-guida-pratica-per-gestire-ansia-e-parenti-a-tavola\\\/\",\"url\":\"https:\\\/\\\/www.bellunopress.it\\\/2025\\\/12\\\/23\\\/natale-e-commenti-indiscreti-guida-pratica-per-gestire-ansia-e-parenti-a-tavola\\\/\",\"name\":\"Natale e commenti indiscreti: guida pratica per gestire ansia e parenti a tavola - Bellunopress - Dolomiti\",\"isPartOf\":{\"@id\":\"https:\\\/\\\/www.bellunopress.it\\\/#website\"},\"primaryImageOfPage\":{\"@id\":\"https:\\\/\\\/www.bellunopress.it\\\/2025\\\/12\\\/23\\\/natale-e-commenti-indiscreti-guida-pratica-per-gestire-ansia-e-parenti-a-tavola\\\/#primaryimage\"},\"image\":{\"@id\":\"https:\\\/\\\/www.bellunopress.it\\\/2025\\\/12\\\/23\\\/natale-e-commenti-indiscreti-guida-pratica-per-gestire-ansia-e-parenti-a-tavola\\\/#primaryimage\"},\"thumbnailUrl\":\"https:\\\/\\\/www.bellunopress.it\\\/wp-content\\\/uploads\\\/2025\\\/12\\\/Natale-a-tavola.jpg\",\"datePublished\":\"2025-12-23T18:43:13+00:00\",\"dateModified\":\"2025-12-23T20:49:09+00:00\",\"breadcrumb\":{\"@id\":\"https:\\\/\\\/www.bellunopress.it\\\/2025\\\/12\\\/23\\\/natale-e-commenti-indiscreti-guida-pratica-per-gestire-ansia-e-parenti-a-tavola\\\/#breadcrumb\"},\"inLanguage\":\"fr-FR\",\"potentialAction\":[{\"@type\":\"ReadAction\",\"target\":[\"https:\\\/\\\/www.bellunopress.it\\\/2025\\\/12\\\/23\\\/natale-e-commenti-indiscreti-guida-pratica-per-gestire-ansia-e-parenti-a-tavola\\\/\"]}]},{\"@type\":\"ImageObject\",\"inLanguage\":\"fr-FR\",\"@id\":\"https:\\\/\\\/www.bellunopress.it\\\/2025\\\/12\\\/23\\\/natale-e-commenti-indiscreti-guida-pratica-per-gestire-ansia-e-parenti-a-tavola\\\/#primaryimage\",\"url\":\"https:\\\/\\\/www.bellunopress.it\\\/wp-content\\\/uploads\\\/2025\\\/12\\\/Natale-a-tavola.jpg\",\"contentUrl\":\"https:\\\/\\\/www.bellunopress.it\\\/wp-content\\\/uploads\\\/2025\\\/12\\\/Natale-a-tavola.jpg\",\"width\":500,\"height\":419},{\"@type\":\"BreadcrumbList\",\"@id\":\"https:\\\/\\\/www.bellunopress.it\\\/2025\\\/12\\\/23\\\/natale-e-commenti-indiscreti-guida-pratica-per-gestire-ansia-e-parenti-a-tavola\\\/#breadcrumb\",\"itemListElement\":[{\"@type\":\"ListItem\",\"position\":1,\"name\":\"Home\",\"item\":\"https:\\\/\\\/www.bellunopress.it\\\/\"},{\"@type\":\"ListItem\",\"position\":2,\"name\":\"Natale e commenti indiscreti: guida pratica per gestire ansia e parenti a tavola\"}]},{\"@type\":\"WebSite\",\"@id\":\"https:\\\/\\\/www.bellunopress.it\\\/#website\",\"url\":\"https:\\\/\\\/www.bellunopress.it\\\/\",\"name\":\"Bellunopress - Dolomiti\",\"description\":\"e-mail: redazione@bellunopress.it\",\"publisher\":{\"@id\":\"https:\\\/\\\/www.bellunopress.it\\\/#organization\"},\"potentialAction\":[{\"@type\":\"SearchAction\",\"target\":{\"@type\":\"EntryPoint\",\"urlTemplate\":\"https:\\\/\\\/www.bellunopress.it\\\/?s={search_term_string}\"},\"query-input\":{\"@type\":\"PropertyValueSpecification\",\"valueRequired\":true,\"valueName\":\"search_term_string\"}}],\"inLanguage\":\"fr-FR\"},{\"@type\":\"Organization\",\"@id\":\"https:\\\/\\\/www.bellunopress.it\\\/#organization\",\"name\":\"Bellunopress\",\"url\":\"https:\\\/\\\/www.bellunopress.it\\\/\",\"logo\":{\"@type\":\"ImageObject\",\"inLanguage\":\"fr-FR\",\"@id\":\"https:\\\/\\\/www.bellunopress.it\\\/#\\\/schema\\\/logo\\\/image\\\/\",\"url\":\"https:\\\/\\\/www.bellunopress.it\\\/wp-content\\\/uploads\\\/2011\\\/05\\\/cropped-logo-bellunopress-.jpg\",\"contentUrl\":\"https:\\\/\\\/www.bellunopress.it\\\/wp-content\\\/uploads\\\/2011\\\/05\\\/cropped-logo-bellunopress-.jpg\",\"width\":512,\"height\":512,\"caption\":\"Bellunopress\"},\"image\":{\"@id\":\"https:\\\/\\\/www.bellunopress.it\\\/#\\\/schema\\\/logo\\\/image\\\/\"},\"sameAs\":[\"https:\\\/\\\/www.facebook.com\\\/profile.php?id=100008943462799\",\"https:\\\/\\\/x.com\\\/bellunopress\",\"https:\\\/\\\/www.linkedin.com\\\/hp\\\/?dnr=JBzUWaJfMUw8vbXJJ2tVW5-I3jZKvC4wsoxE&amp;amp;amp;amp;amp;amp;trk=nav_responsive_tab_home\",\"https:\\\/\\\/www.youtube.com\\\/channel\\\/UCxL0wu1uN0_3_7hGG0306cw\"]},{\"@type\":\"Person\",\"@id\":\"https:\\\/\\\/www.bellunopress.it\\\/#\\\/schema\\\/person\\\/79bb06722b37ece1c03d3e94beb30d73\",\"name\":\"redazione\",\"image\":{\"@type\":\"ImageObject\",\"inLanguage\":\"fr-FR\",\"@id\":\"https:\\\/\\\/secure.gravatar.com\\\/avatar\\\/37d968a2e67a6fd04c169c4bdef102d0bc5d31b2546345219e348575eb80e9a0?s=96&d=mm&r=g\",\"url\":\"https:\\\/\\\/secure.gravatar.com\\\/avatar\\\/37d968a2e67a6fd04c169c4bdef102d0bc5d31b2546345219e348575eb80e9a0?s=96&d=mm&r=g\",\"contentUrl\":\"https:\\\/\\\/secure.gravatar.com\\\/avatar\\\/37d968a2e67a6fd04c169c4bdef102d0bc5d31b2546345219e348575eb80e9a0?s=96&d=mm&r=g\",\"caption\":\"redazione\"},\"sameAs\":[\"http:\\\/\\\/www.bellunopress.it\",\"https:\\\/\\\/x.com\\\/bellunopress\"],\"url\":\"https:\\\/\\\/www.bellunopress.it\\\/fr\\\/author\\\/redazione\\\/\"}]}<\/script>\n<!-- \/ Yoast SEO plugin. -->","yoast_head_json":{"title":"Natale e commenti indiscreti: guida pratica per gestire ansia e parenti a tavola - Bellunopress - Dolomiti","robots":{"index":"index","follow":"follow","max-snippet":"max-snippet:-1","max-image-preview":"max-image-preview:large","max-video-preview":"max-video-preview:-1"},"canonical":"https:\/\/www.bellunopress.it\/fr\/2025\/12\/23\/natale-e-commenti-indiscreti-guida-pratica-per-gestire-ansia-e-parenti-a-tavola\/","og_locale":"fr_FR","og_type":"article","og_title":"Natale e commenti indiscreti: guida pratica per gestire ansia e parenti a tavola - Bellunopress - Dolomiti","og_description":"Il periodo natalizio \u00e8, per tradizione, sinonimo di incontri, regali e condivisione. Eppure, dietro le luci e le tavolate imbandite, si nasconde spesso una realt\u00e0 pi\u00f9 complessa: per chi sta affrontando un percorso di consapevolezza alimentare o vive un rapporto delicato con il proprio corpo, le feste possono trasformarsi in una fonte di profonda ansia [&hellip;]","og_url":"https:\/\/www.bellunopress.it\/fr\/2025\/12\/23\/natale-e-commenti-indiscreti-guida-pratica-per-gestire-ansia-e-parenti-a-tavola\/","og_site_name":"Bellunopress - Dolomiti","article_publisher":"https:\/\/www.facebook.com\/profile.php?id=100008943462799","article_published_time":"2025-12-23T18:43:13+00:00","article_modified_time":"2025-12-23T20:49:09+00:00","og_image":[{"width":500,"height":419,"url":"https:\/\/www.bellunopress.it\/wp-content\/uploads\/2025\/12\/Natale-a-tavola.jpg","type":"image\/jpeg"}],"author":"redazione","twitter_card":"summary_large_image","twitter_creator":"@bellunopress","twitter_site":"@bellunopress","twitter_misc":{"\u00c9crit par":"redazione","Dur\u00e9e de lecture estim\u00e9e":"3 minutes"},"schema":{"@context":"https:\/\/schema.org","@graph":[{"@type":"Article","@id":"https:\/\/www.bellunopress.it\/2025\/12\/23\/natale-e-commenti-indiscreti-guida-pratica-per-gestire-ansia-e-parenti-a-tavola\/#article","isPartOf":{"@id":"https:\/\/www.bellunopress.it\/2025\/12\/23\/natale-e-commenti-indiscreti-guida-pratica-per-gestire-ansia-e-parenti-a-tavola\/"},"author":{"name":"redazione","@id":"https:\/\/www.bellunopress.it\/#\/schema\/person\/79bb06722b37ece1c03d3e94beb30d73"},"headline":"Natale e commenti indiscreti: guida pratica per gestire ansia e parenti a tavola","datePublished":"2025-12-23T18:43:13+00:00","dateModified":"2025-12-23T20:49:09+00:00","mainEntityOfPage":{"@id":"https:\/\/www.bellunopress.it\/2025\/12\/23\/natale-e-commenti-indiscreti-guida-pratica-per-gestire-ansia-e-parenti-a-tavola\/"},"wordCount":678,"publisher":{"@id":"https:\/\/www.bellunopress.it\/#organization"},"image":{"@id":"https:\/\/www.bellunopress.it\/2025\/12\/23\/natale-e-commenti-indiscreti-guida-pratica-per-gestire-ansia-e-parenti-a-tavola\/#primaryimage"},"thumbnailUrl":"https:\/\/www.bellunopress.it\/wp-content\/uploads\/2025\/12\/Natale-a-tavola.jpg","articleSection":["Eventi enogastronomici"],"inLanguage":"fr-FR"},{"@type":"WebPage","@id":"https:\/\/www.bellunopress.it\/2025\/12\/23\/natale-e-commenti-indiscreti-guida-pratica-per-gestire-ansia-e-parenti-a-tavola\/","url":"https:\/\/www.bellunopress.it\/2025\/12\/23\/natale-e-commenti-indiscreti-guida-pratica-per-gestire-ansia-e-parenti-a-tavola\/","name":"Natale e commenti indiscreti: guida pratica per gestire ansia e parenti a tavola - Bellunopress - Dolomiti","isPartOf":{"@id":"https:\/\/www.bellunopress.it\/#website"},"primaryImageOfPage":{"@id":"https:\/\/www.bellunopress.it\/2025\/12\/23\/natale-e-commenti-indiscreti-guida-pratica-per-gestire-ansia-e-parenti-a-tavola\/#primaryimage"},"image":{"@id":"https:\/\/www.bellunopress.it\/2025\/12\/23\/natale-e-commenti-indiscreti-guida-pratica-per-gestire-ansia-e-parenti-a-tavola\/#primaryimage"},"thumbnailUrl":"https:\/\/www.bellunopress.it\/wp-content\/uploads\/2025\/12\/Natale-a-tavola.jpg","datePublished":"2025-12-23T18:43:13+00:00","dateModified":"2025-12-23T20:49:09+00:00","breadcrumb":{"@id":"https:\/\/www.bellunopress.it\/2025\/12\/23\/natale-e-commenti-indiscreti-guida-pratica-per-gestire-ansia-e-parenti-a-tavola\/#breadcrumb"},"inLanguage":"fr-FR","potentialAction":[{"@type":"ReadAction","target":["https:\/\/www.bellunopress.it\/2025\/12\/23\/natale-e-commenti-indiscreti-guida-pratica-per-gestire-ansia-e-parenti-a-tavola\/"]}]},{"@type":"ImageObject","inLanguage":"fr-FR","@id":"https:\/\/www.bellunopress.it\/2025\/12\/23\/natale-e-commenti-indiscreti-guida-pratica-per-gestire-ansia-e-parenti-a-tavola\/#primaryimage","url":"https:\/\/www.bellunopress.it\/wp-content\/uploads\/2025\/12\/Natale-a-tavola.jpg","contentUrl":"https:\/\/www.bellunopress.it\/wp-content\/uploads\/2025\/12\/Natale-a-tavola.jpg","width":500,"height":419},{"@type":"BreadcrumbList","@id":"https:\/\/www.bellunopress.it\/2025\/12\/23\/natale-e-commenti-indiscreti-guida-pratica-per-gestire-ansia-e-parenti-a-tavola\/#breadcrumb","itemListElement":[{"@type":"ListItem","position":1,"name":"Home","item":"https:\/\/www.bellunopress.it\/"},{"@type":"ListItem","position":2,"name":"Natale e commenti indiscreti: guida pratica per gestire ansia e parenti a tavola"}]},{"@type":"WebSite","@id":"https:\/\/www.bellunopress.it\/#website","url":"https:\/\/www.bellunopress.it\/","name":"Bellunopress - Dolomiti","description":"e-mail: redazione@bellunopress.it","publisher":{"@id":"https:\/\/www.bellunopress.it\/#organization"},"potentialAction":[{"@type":"SearchAction","target":{"@type":"EntryPoint","urlTemplate":"https:\/\/www.bellunopress.it\/?s={search_term_string}"},"query-input":{"@type":"PropertyValueSpecification","valueRequired":true,"valueName":"search_term_string"}}],"inLanguage":"fr-FR"},{"@type":"Organization","@id":"https:\/\/www.bellunopress.it\/#organization","name":"Bellunopress","url":"https:\/\/www.bellunopress.it\/","logo":{"@type":"ImageObject","inLanguage":"fr-FR","@id":"https:\/\/www.bellunopress.it\/#\/schema\/logo\/image\/","url":"https:\/\/www.bellunopress.it\/wp-content\/uploads\/2011\/05\/cropped-logo-bellunopress-.jpg","contentUrl":"https:\/\/www.bellunopress.it\/wp-content\/uploads\/2011\/05\/cropped-logo-bellunopress-.jpg","width":512,"height":512,"caption":"Bellunopress"},"image":{"@id":"https:\/\/www.bellunopress.it\/#\/schema\/logo\/image\/"},"sameAs":["https:\/\/www.facebook.com\/profile.php?id=100008943462799","https:\/\/x.com\/bellunopress","https:\/\/www.linkedin.com\/hp\/?dnr=JBzUWaJfMUw8vbXJJ2tVW5-I3jZKvC4wsoxE&amp;amp;amp;amp;amp;amp;trk=nav_responsive_tab_home","https:\/\/www.youtube.com\/channel\/UCxL0wu1uN0_3_7hGG0306cw"]},{"@type":"Person","@id":"https:\/\/www.bellunopress.it\/#\/schema\/person\/79bb06722b37ece1c03d3e94beb30d73","name":"r\u00e9daction","image":{"@type":"ImageObject","inLanguage":"fr-FR","@id":"https:\/\/secure.gravatar.com\/avatar\/37d968a2e67a6fd04c169c4bdef102d0bc5d31b2546345219e348575eb80e9a0?s=96&d=mm&r=g","url":"https:\/\/secure.gravatar.com\/avatar\/37d968a2e67a6fd04c169c4bdef102d0bc5d31b2546345219e348575eb80e9a0?s=96&d=mm&r=g","contentUrl":"https:\/\/secure.gravatar.com\/avatar\/37d968a2e67a6fd04c169c4bdef102d0bc5d31b2546345219e348575eb80e9a0?s=96&d=mm&r=g","caption":"redazione"},"sameAs":["http:\/\/www.bellunopress.it","https:\/\/x.com\/bellunopress"],"url":"https:\/\/www.bellunopress.it\/fr\/author\/redazione\/"}]}},"_links":{"self":[{"href":"https:\/\/www.bellunopress.it\/fr\/wp-json\/wp\/v2\/posts\/165990","targetHints":{"allow":["GET"]}}],"collection":[{"href":"https:\/\/www.bellunopress.it\/fr\/wp-json\/wp\/v2\/posts"}],"about":[{"href":"https:\/\/www.bellunopress.it\/fr\/wp-json\/wp\/v2\/types\/post"}],"author":[{"embeddable":true,"href":"https:\/\/www.bellunopress.it\/fr\/wp-json\/wp\/v2\/users\/2"}],"replies":[{"embeddable":true,"href":"https:\/\/www.bellunopress.it\/fr\/wp-json\/wp\/v2\/comments?post=165990"}],"version-history":[{"count":1,"href":"https:\/\/www.bellunopress.it\/fr\/wp-json\/wp\/v2\/posts\/165990\/revisions"}],"predecessor-version":[{"id":165992,"href":"https:\/\/www.bellunopress.it\/fr\/wp-json\/wp\/v2\/posts\/165990\/revisions\/165992"}],"wp:featuredmedia":[{"embeddable":true,"href":"https:\/\/www.bellunopress.it\/fr\/wp-json\/wp\/v2\/media\/165991"}],"wp:attachment":[{"href":"https:\/\/www.bellunopress.it\/fr\/wp-json\/wp\/v2\/media?parent=165990"}],"wp:term":[{"taxonomy":"category","embeddable":true,"href":"https:\/\/www.bellunopress.it\/fr\/wp-json\/wp\/v2\/categories?post=165990"},{"taxonomy":"post_tag","embeddable":true,"href":"https:\/\/www.bellunopress.it\/fr\/wp-json\/wp\/v2\/tags?post=165990"}],"curies":[{"name":"wp","href":"https:\/\/api.w.org\/{rel}","templated":true}]}}