{"id":165983,"date":"2025-12-23T17:54:36","date_gmt":"2025-12-23T16:54:36","guid":{"rendered":"https:\/\/www.bellunopress.it\/?p=165983"},"modified":"2025-12-23T19:08:05","modified_gmt":"2025-12-23T18:08:05","slug":"natale-su-due-ruote-a-conegliano-alvaro-dal-farra-e-i-crossabili-portano-il-sorriso-in-ospedale","status":"publish","type":"post","link":"https:\/\/www.bellunopress.it\/fr\/2025\/12\/23\/natale-su-due-ruote-a-conegliano-alvaro-dal-farra-e-i-crossabili-portano-il-sorriso-in-ospedale\/","title":{"rendered":"Natale su due ruote a Conegliano: Alvaro Dal Farra e i Crossabili portano il sorriso in ospedale"},"content":{"rendered":"<figure id=\"attachment_165984\" aria-describedby=\"caption-attachment-165984\" style=\"width: 426px\" class=\"wp-caption aligncenter\"><img loading=\"lazy\" decoding=\"async\" class=\"size-full wp-image-165984\" src=\"https:\/\/www.bellunopress.it\/wp-content\/uploads\/2025\/12\/Alvaro-Dal-Farra.jpg\" alt=\"\" width=\"426\" height=\"500\" srcset=\"https:\/\/www.bellunopress.it\/wp-content\/uploads\/2025\/12\/Alvaro-Dal-Farra.jpg 426w, https:\/\/www.bellunopress.it\/wp-content\/uploads\/2025\/12\/Alvaro-Dal-Farra-358x420.jpg 358w\" sizes=\"auto, (max-width: 426px) 100vw, 426px\" \/><figcaption id=\"caption-attachment-165984\" class=\"wp-caption-text\">Alvaro Dal Farra. Reparto Pediatria di Conegliano, 23 dicembre 2025<\/figcaption><\/figure>\n<p>Il rombo dei motori, il rosso degli abiti di Babbo Natale e, soprattutto, l&#8217;emozione contagiosa di chi riceve un dono inaspettato. Il Natale all&#8217;Ospedale di Conegliano quest&#8217;anno ha avuto il sapore della solidariet\u00e0 e della spensieratezza grazie all&#8217;iniziativa promossa da Alvaro Dal Farra e dal team dell&#8217;associazione Crossabili.<\/p>\n<p>Oggi, 23 dicembre, i corridoi della struttura sanitaria non hanno ospitato solo cure e terapie, ma sono diventati il palcoscenico di un evento straordinario che ha coinvolto diversi reparti, con il cuore pulsante fissato in Pediatria.<\/p>\n<p>Il momento pi\u00f9 magico si \u00e8 consumato tra i piccoli pazienti del reparto pediatrico. Accompagnati da elfi e da un Babbo Natale d&#8217;eccezione, i Crossabili hanno trasformato l&#8217;area ospedaliera in una vera e propria arena di festa.<\/p>\n<p>Tra lo stupore generale, \u00e8 andato in scena uno show mozzafiato che ha visto protagonista la moto di Dal Farra e un simbolico &#8220;salto&#8221; di Babbo Natale, in un\u2019atmosfera carica di meraviglia che ha coinvolto persino il Primario, sceso in campo per partecipare attivamente alla festa.<\/p>\n<p>&#8220;L&#8217;obiettivo \u00e8 far fare i bambini ai bambini,&#8221; ha dichiarato Alvaro Dal Farra. &#8220;Vogliamo che possano giocare, divertirsi e sorridere, dimenticando per un momento la malattia e la sofferenza che li costringe tra queste mura.&#8221;<\/p>\n<p>L&#8217;iniziativa non si \u00e8 limitata alla consegna dei regali. Molti piccoli pazienti hanno potuto provare l&#8217;ebbrezza di un giro in moto, un&#8217;esperienza unica che ha regalato sprazzi di normalit\u00e0 in un contesto difficile. La ventata di energia positiva ha contagiato tutti: non solo i bambini e le loro famiglie, ma anche gli operatori sanitari, impegnati quotidianamente con dedizione nel reparto.<\/p>\n<p>La missione del Natale solidale non si ferma qui. Dopo il successo di Conegliano, la carovana di regali e sorrisi guidata da Alvaro Dal Farra e Mattia Cattapan si sposter\u00e0 domani verso l&#8217;RSA di Belluno. L&#8217;obiettivo resta lo stesso: donare un momento di leggerezza agli anziani e a chi vive le festivit\u00e0 in una condizione di fragilit\u00e0.<\/p>\n<p>Un gesto semplice ma potente che ricorda come, oltre alle cure mediche, a fare la differenza sia spesso il calore umano.<\/p>","protected":false},"excerpt":{"rendered":"<p>Il rombo dei motori, il rosso degli abiti di Babbo Natale e, soprattutto, l&#8217;emozione contagiosa di chi riceve un dono inaspettato. Il Natale all&#8217;Ospedale di Conegliano quest&#8217;anno ha avuto il sapore della solidariet\u00e0 e della spensieratezza grazie all&#8217;iniziativa promossa da Alvaro Dal Farra e dal team dell&#8217;associazione Crossabili. Oggi, 23 dicembre, i corridoi della struttura [&hellip;]<\/p>\n","protected":false},"author":2,"featured_media":165984,"comment_status":"closed","ping_status":"open","sticky":false,"template":"","format":"standard","meta":{"footnotes":""},"categories":[26,17,8],"tags":[],"class_list":["post-165983","post","type-post","status-publish","format-standard","has-post-thumbnail","category-prima-pagina","category-sanita","category-societa-istituzioni"],"yoast_head":"<!-- This site is optimized with the Yoast SEO plugin v28.4 - https:\/\/yoast.com\/product\/yoast-seo-wordpress\/ -->\n<title>Natale su due ruote a Conegliano: Alvaro Dal Farra e i Crossabili portano il sorriso in ospedale - Bellunopress - Dolomiti<\/title>\n<meta name=\"robots\" content=\"index, follow, max-snippet:-1, max-image-preview:large, max-video-preview:-1\" \/>\n<link rel=\"canonical\" href=\"https:\/\/www.bellunopress.it\/fr\/2025\/12\/23\/natale-su-due-ruote-a-conegliano-alvaro-dal-farra-e-i-crossabili-portano-il-sorriso-in-ospedale\/\" \/>\n<meta property=\"og:locale\" content=\"fr_FR\" \/>\n<meta property=\"og:type\" content=\"article\" \/>\n<meta property=\"og:title\" content=\"Natale su due ruote a Conegliano: Alvaro Dal Farra e i Crossabili portano il sorriso in ospedale - Bellunopress - Dolomiti\" \/>\n<meta property=\"og:description\" content=\"Il rombo dei motori, il rosso degli abiti di Babbo Natale e, soprattutto, l&#8217;emozione contagiosa di chi riceve un dono inaspettato. Il Natale all&#8217;Ospedale di Conegliano quest&#8217;anno ha avuto il sapore della solidariet\u00e0 e della spensieratezza grazie all&#8217;iniziativa promossa da Alvaro Dal Farra e dal team dell&#8217;associazione Crossabili. Oggi, 23 dicembre, i corridoi della struttura [&hellip;]\" \/>\n<meta property=\"og:url\" content=\"https:\/\/www.bellunopress.it\/fr\/2025\/12\/23\/natale-su-due-ruote-a-conegliano-alvaro-dal-farra-e-i-crossabili-portano-il-sorriso-in-ospedale\/\" \/>\n<meta property=\"og:site_name\" content=\"Bellunopress - Dolomiti\" \/>\n<meta property=\"article:publisher\" content=\"https:\/\/www.facebook.com\/profile.php?id=100008943462799\" \/>\n<meta property=\"article:published_time\" content=\"2025-12-23T16:54:36+00:00\" \/>\n<meta property=\"article:modified_time\" content=\"2025-12-23T18:08:05+00:00\" \/>\n<meta property=\"og:image\" content=\"https:\/\/www.bellunopress.it\/wp-content\/uploads\/2025\/12\/Alvaro-Dal-Farra.jpg\" \/>\n\t<meta property=\"og:image:width\" content=\"426\" \/>\n\t<meta property=\"og:image:height\" content=\"500\" \/>\n\t<meta property=\"og:image:type\" content=\"image\/jpeg\" \/>\n<meta name=\"author\" content=\"redazione\" \/>\n<meta name=\"twitter:card\" content=\"summary_large_image\" \/>\n<meta name=\"twitter:creator\" content=\"@bellunopress\" \/>\n<meta name=\"twitter:site\" content=\"@bellunopress\" \/>\n<meta name=\"twitter:label1\" content=\"\u00c9crit par\" \/>\n\t<meta name=\"twitter:data1\" content=\"redazione\" \/>\n\t<meta name=\"twitter:label2\" content=\"Dur\u00e9e de lecture estim\u00e9e\" \/>\n\t<meta name=\"twitter:data2\" content=\"2 minutes\" \/>\n<script type=\"application\/ld+json\" class=\"yoast-schema-graph\">{\"@context\":\"https:\\\/\\\/schema.org\",\"@graph\":[{\"@type\":\"Article\",\"@id\":\"https:\\\/\\\/www.bellunopress.it\\\/2025\\\/12\\\/23\\\/natale-su-due-ruote-a-conegliano-alvaro-dal-farra-e-i-crossabili-portano-il-sorriso-in-ospedale\\\/#article\",\"isPartOf\":{\"@id\":\"https:\\\/\\\/www.bellunopress.it\\\/2025\\\/12\\\/23\\\/natale-su-due-ruote-a-conegliano-alvaro-dal-farra-e-i-crossabili-portano-il-sorriso-in-ospedale\\\/\"},\"author\":{\"name\":\"redazione\",\"@id\":\"https:\\\/\\\/www.bellunopress.it\\\/#\\\/schema\\\/person\\\/79bb06722b37ece1c03d3e94beb30d73\"},\"headline\":\"Natale su due ruote a Conegliano: Alvaro Dal Farra e i Crossabili portano il sorriso in ospedale\",\"datePublished\":\"2025-12-23T16:54:36+00:00\",\"dateModified\":\"2025-12-23T18:08:05+00:00\",\"mainEntityOfPage\":{\"@id\":\"https:\\\/\\\/www.bellunopress.it\\\/2025\\\/12\\\/23\\\/natale-su-due-ruote-a-conegliano-alvaro-dal-farra-e-i-crossabili-portano-il-sorriso-in-ospedale\\\/\"},\"wordCount\":381,\"publisher\":{\"@id\":\"https:\\\/\\\/www.bellunopress.it\\\/#organization\"},\"image\":{\"@id\":\"https:\\\/\\\/www.bellunopress.it\\\/2025\\\/12\\\/23\\\/natale-su-due-ruote-a-conegliano-alvaro-dal-farra-e-i-crossabili-portano-il-sorriso-in-ospedale\\\/#primaryimage\"},\"thumbnailUrl\":\"https:\\\/\\\/www.bellunopress.it\\\/wp-content\\\/uploads\\\/2025\\\/12\\\/Alvaro-Dal-Farra.jpg\",\"articleSection\":[\"Prima Pagina\",\"Sanit\u00e0 Medicina\",\"Societ\u00e0, Associazioni, Istituzioni\"],\"inLanguage\":\"fr-FR\"},{\"@type\":\"WebPage\",\"@id\":\"https:\\\/\\\/www.bellunopress.it\\\/2025\\\/12\\\/23\\\/natale-su-due-ruote-a-conegliano-alvaro-dal-farra-e-i-crossabili-portano-il-sorriso-in-ospedale\\\/\",\"url\":\"https:\\\/\\\/www.bellunopress.it\\\/2025\\\/12\\\/23\\\/natale-su-due-ruote-a-conegliano-alvaro-dal-farra-e-i-crossabili-portano-il-sorriso-in-ospedale\\\/\",\"name\":\"Natale su due ruote a Conegliano: Alvaro Dal Farra e i Crossabili portano il sorriso in ospedale - Bellunopress - Dolomiti\",\"isPartOf\":{\"@id\":\"https:\\\/\\\/www.bellunopress.it\\\/#website\"},\"primaryImageOfPage\":{\"@id\":\"https:\\\/\\\/www.bellunopress.it\\\/2025\\\/12\\\/23\\\/natale-su-due-ruote-a-conegliano-alvaro-dal-farra-e-i-crossabili-portano-il-sorriso-in-ospedale\\\/#primaryimage\"},\"image\":{\"@id\":\"https:\\\/\\\/www.bellunopress.it\\\/2025\\\/12\\\/23\\\/natale-su-due-ruote-a-conegliano-alvaro-dal-farra-e-i-crossabili-portano-il-sorriso-in-ospedale\\\/#primaryimage\"},\"thumbnailUrl\":\"https:\\\/\\\/www.bellunopress.it\\\/wp-content\\\/uploads\\\/2025\\\/12\\\/Alvaro-Dal-Farra.jpg\",\"datePublished\":\"2025-12-23T16:54:36+00:00\",\"dateModified\":\"2025-12-23T18:08:05+00:00\",\"breadcrumb\":{\"@id\":\"https:\\\/\\\/www.bellunopress.it\\\/2025\\\/12\\\/23\\\/natale-su-due-ruote-a-conegliano-alvaro-dal-farra-e-i-crossabili-portano-il-sorriso-in-ospedale\\\/#breadcrumb\"},\"inLanguage\":\"fr-FR\",\"potentialAction\":[{\"@type\":\"ReadAction\",\"target\":[\"https:\\\/\\\/www.bellunopress.it\\\/2025\\\/12\\\/23\\\/natale-su-due-ruote-a-conegliano-alvaro-dal-farra-e-i-crossabili-portano-il-sorriso-in-ospedale\\\/\"]}]},{\"@type\":\"ImageObject\",\"inLanguage\":\"fr-FR\",\"@id\":\"https:\\\/\\\/www.bellunopress.it\\\/2025\\\/12\\\/23\\\/natale-su-due-ruote-a-conegliano-alvaro-dal-farra-e-i-crossabili-portano-il-sorriso-in-ospedale\\\/#primaryimage\",\"url\":\"https:\\\/\\\/www.bellunopress.it\\\/wp-content\\\/uploads\\\/2025\\\/12\\\/Alvaro-Dal-Farra.jpg\",\"contentUrl\":\"https:\\\/\\\/www.bellunopress.it\\\/wp-content\\\/uploads\\\/2025\\\/12\\\/Alvaro-Dal-Farra.jpg\",\"width\":426,\"height\":500,\"caption\":\"Alvaro Dal Farra. Reparto Pediatria di Conegliano, 23 dicembre 2025\"},{\"@type\":\"BreadcrumbList\",\"@id\":\"https:\\\/\\\/www.bellunopress.it\\\/2025\\\/12\\\/23\\\/natale-su-due-ruote-a-conegliano-alvaro-dal-farra-e-i-crossabili-portano-il-sorriso-in-ospedale\\\/#breadcrumb\",\"itemListElement\":[{\"@type\":\"ListItem\",\"position\":1,\"name\":\"Home\",\"item\":\"https:\\\/\\\/www.bellunopress.it\\\/\"},{\"@type\":\"ListItem\",\"position\":2,\"name\":\"Natale su due ruote a Conegliano: Alvaro Dal Farra e i Crossabili portano il sorriso in ospedale\"}]},{\"@type\":\"WebSite\",\"@id\":\"https:\\\/\\\/www.bellunopress.it\\\/#website\",\"url\":\"https:\\\/\\\/www.bellunopress.it\\\/\",\"name\":\"Bellunopress - Dolomiti\",\"description\":\"e-mail: redazione@bellunopress.it\",\"publisher\":{\"@id\":\"https:\\\/\\\/www.bellunopress.it\\\/#organization\"},\"potentialAction\":[{\"@type\":\"SearchAction\",\"target\":{\"@type\":\"EntryPoint\",\"urlTemplate\":\"https:\\\/\\\/www.bellunopress.it\\\/?s={search_term_string}\"},\"query-input\":{\"@type\":\"PropertyValueSpecification\",\"valueRequired\":true,\"valueName\":\"search_term_string\"}}],\"inLanguage\":\"fr-FR\"},{\"@type\":\"Organization\",\"@id\":\"https:\\\/\\\/www.bellunopress.it\\\/#organization\",\"name\":\"Bellunopress\",\"url\":\"https:\\\/\\\/www.bellunopress.it\\\/\",\"logo\":{\"@type\":\"ImageObject\",\"inLanguage\":\"fr-FR\",\"@id\":\"https:\\\/\\\/www.bellunopress.it\\\/#\\\/schema\\\/logo\\\/image\\\/\",\"url\":\"https:\\\/\\\/www.bellunopress.it\\\/wp-content\\\/uploads\\\/2011\\\/05\\\/cropped-logo-bellunopress-.jpg\",\"contentUrl\":\"https:\\\/\\\/www.bellunopress.it\\\/wp-content\\\/uploads\\\/2011\\\/05\\\/cropped-logo-bellunopress-.jpg\",\"width\":512,\"height\":512,\"caption\":\"Bellunopress\"},\"image\":{\"@id\":\"https:\\\/\\\/www.bellunopress.it\\\/#\\\/schema\\\/logo\\\/image\\\/\"},\"sameAs\":[\"https:\\\/\\\/www.facebook.com\\\/profile.php?id=100008943462799\",\"https:\\\/\\\/x.com\\\/bellunopress\",\"https:\\\/\\\/www.linkedin.com\\\/hp\\\/?dnr=JBzUWaJfMUw8vbXJJ2tVW5-I3jZKvC4wsoxE&amp;amp;amp;amp;amp;amp;trk=nav_responsive_tab_home\",\"https:\\\/\\\/www.youtube.com\\\/channel\\\/UCxL0wu1uN0_3_7hGG0306cw\"]},{\"@type\":\"Person\",\"@id\":\"https:\\\/\\\/www.bellunopress.it\\\/#\\\/schema\\\/person\\\/79bb06722b37ece1c03d3e94beb30d73\",\"name\":\"redazione\",\"image\":{\"@type\":\"ImageObject\",\"inLanguage\":\"fr-FR\",\"@id\":\"https:\\\/\\\/secure.gravatar.com\\\/avatar\\\/37d968a2e67a6fd04c169c4bdef102d0bc5d31b2546345219e348575eb80e9a0?s=96&d=mm&r=g\",\"url\":\"https:\\\/\\\/secure.gravatar.com\\\/avatar\\\/37d968a2e67a6fd04c169c4bdef102d0bc5d31b2546345219e348575eb80e9a0?s=96&d=mm&r=g\",\"contentUrl\":\"https:\\\/\\\/secure.gravatar.com\\\/avatar\\\/37d968a2e67a6fd04c169c4bdef102d0bc5d31b2546345219e348575eb80e9a0?s=96&d=mm&r=g\",\"caption\":\"redazione\"},\"sameAs\":[\"http:\\\/\\\/www.bellunopress.it\",\"https:\\\/\\\/x.com\\\/bellunopress\"],\"url\":\"https:\\\/\\\/www.bellunopress.it\\\/fr\\\/author\\\/redazione\\\/\"}]}<\/script>\n<!-- \/ Yoast SEO plugin. -->","yoast_head_json":{"title":"Natale su due ruote a Conegliano: Alvaro Dal Farra e i Crossabili portano il sorriso in ospedale - Bellunopress - Dolomiti","robots":{"index":"index","follow":"follow","max-snippet":"max-snippet:-1","max-image-preview":"max-image-preview:large","max-video-preview":"max-video-preview:-1"},"canonical":"https:\/\/www.bellunopress.it\/fr\/2025\/12\/23\/natale-su-due-ruote-a-conegliano-alvaro-dal-farra-e-i-crossabili-portano-il-sorriso-in-ospedale\/","og_locale":"fr_FR","og_type":"article","og_title":"Natale su due ruote a Conegliano: Alvaro Dal Farra e i Crossabili portano il sorriso in ospedale - Bellunopress - Dolomiti","og_description":"Il rombo dei motori, il rosso degli abiti di Babbo Natale e, soprattutto, l&#8217;emozione contagiosa di chi riceve un dono inaspettato. Il Natale all&#8217;Ospedale di Conegliano quest&#8217;anno ha avuto il sapore della solidariet\u00e0 e della spensieratezza grazie all&#8217;iniziativa promossa da Alvaro Dal Farra e dal team dell&#8217;associazione Crossabili. Oggi, 23 dicembre, i corridoi della struttura [&hellip;]","og_url":"https:\/\/www.bellunopress.it\/fr\/2025\/12\/23\/natale-su-due-ruote-a-conegliano-alvaro-dal-farra-e-i-crossabili-portano-il-sorriso-in-ospedale\/","og_site_name":"Bellunopress - Dolomiti","article_publisher":"https:\/\/www.facebook.com\/profile.php?id=100008943462799","article_published_time":"2025-12-23T16:54:36+00:00","article_modified_time":"2025-12-23T18:08:05+00:00","og_image":[{"width":426,"height":500,"url":"https:\/\/www.bellunopress.it\/wp-content\/uploads\/2025\/12\/Alvaro-Dal-Farra.jpg","type":"image\/jpeg"}],"author":"redazione","twitter_card":"summary_large_image","twitter_creator":"@bellunopress","twitter_site":"@bellunopress","twitter_misc":{"\u00c9crit par":"redazione","Dur\u00e9e de lecture estim\u00e9e":"2 minutes"},"schema":{"@context":"https:\/\/schema.org","@graph":[{"@type":"Article","@id":"https:\/\/www.bellunopress.it\/2025\/12\/23\/natale-su-due-ruote-a-conegliano-alvaro-dal-farra-e-i-crossabili-portano-il-sorriso-in-ospedale\/#article","isPartOf":{"@id":"https:\/\/www.bellunopress.it\/2025\/12\/23\/natale-su-due-ruote-a-conegliano-alvaro-dal-farra-e-i-crossabili-portano-il-sorriso-in-ospedale\/"},"author":{"name":"redazione","@id":"https:\/\/www.bellunopress.it\/#\/schema\/person\/79bb06722b37ece1c03d3e94beb30d73"},"headline":"Natale su due ruote a Conegliano: Alvaro Dal Farra e i Crossabili portano il sorriso in ospedale","datePublished":"2025-12-23T16:54:36+00:00","dateModified":"2025-12-23T18:08:05+00:00","mainEntityOfPage":{"@id":"https:\/\/www.bellunopress.it\/2025\/12\/23\/natale-su-due-ruote-a-conegliano-alvaro-dal-farra-e-i-crossabili-portano-il-sorriso-in-ospedale\/"},"wordCount":381,"publisher":{"@id":"https:\/\/www.bellunopress.it\/#organization"},"image":{"@id":"https:\/\/www.bellunopress.it\/2025\/12\/23\/natale-su-due-ruote-a-conegliano-alvaro-dal-farra-e-i-crossabili-portano-il-sorriso-in-ospedale\/#primaryimage"},"thumbnailUrl":"https:\/\/www.bellunopress.it\/wp-content\/uploads\/2025\/12\/Alvaro-Dal-Farra.jpg","articleSection":["Prima Pagina","Sanit\u00e0 Medicina","Societ\u00e0, Associazioni, Istituzioni"],"inLanguage":"fr-FR"},{"@type":"WebPage","@id":"https:\/\/www.bellunopress.it\/2025\/12\/23\/natale-su-due-ruote-a-conegliano-alvaro-dal-farra-e-i-crossabili-portano-il-sorriso-in-ospedale\/","url":"https:\/\/www.bellunopress.it\/2025\/12\/23\/natale-su-due-ruote-a-conegliano-alvaro-dal-farra-e-i-crossabili-portano-il-sorriso-in-ospedale\/","name":"Natale su due ruote a Conegliano: Alvaro Dal Farra e i Crossabili portano il sorriso in ospedale - Bellunopress - Dolomiti","isPartOf":{"@id":"https:\/\/www.bellunopress.it\/#website"},"primaryImageOfPage":{"@id":"https:\/\/www.bellunopress.it\/2025\/12\/23\/natale-su-due-ruote-a-conegliano-alvaro-dal-farra-e-i-crossabili-portano-il-sorriso-in-ospedale\/#primaryimage"},"image":{"@id":"https:\/\/www.bellunopress.it\/2025\/12\/23\/natale-su-due-ruote-a-conegliano-alvaro-dal-farra-e-i-crossabili-portano-il-sorriso-in-ospedale\/#primaryimage"},"thumbnailUrl":"https:\/\/www.bellunopress.it\/wp-content\/uploads\/2025\/12\/Alvaro-Dal-Farra.jpg","datePublished":"2025-12-23T16:54:36+00:00","dateModified":"2025-12-23T18:08:05+00:00","breadcrumb":{"@id":"https:\/\/www.bellunopress.it\/2025\/12\/23\/natale-su-due-ruote-a-conegliano-alvaro-dal-farra-e-i-crossabili-portano-il-sorriso-in-ospedale\/#breadcrumb"},"inLanguage":"fr-FR","potentialAction":[{"@type":"ReadAction","target":["https:\/\/www.bellunopress.it\/2025\/12\/23\/natale-su-due-ruote-a-conegliano-alvaro-dal-farra-e-i-crossabili-portano-il-sorriso-in-ospedale\/"]}]},{"@type":"ImageObject","inLanguage":"fr-FR","@id":"https:\/\/www.bellunopress.it\/2025\/12\/23\/natale-su-due-ruote-a-conegliano-alvaro-dal-farra-e-i-crossabili-portano-il-sorriso-in-ospedale\/#primaryimage","url":"https:\/\/www.bellunopress.it\/wp-content\/uploads\/2025\/12\/Alvaro-Dal-Farra.jpg","contentUrl":"https:\/\/www.bellunopress.it\/wp-content\/uploads\/2025\/12\/Alvaro-Dal-Farra.jpg","width":426,"height":500,"caption":"Alvaro Dal Farra. Reparto Pediatria di Conegliano, 23 dicembre 2025"},{"@type":"BreadcrumbList","@id":"https:\/\/www.bellunopress.it\/2025\/12\/23\/natale-su-due-ruote-a-conegliano-alvaro-dal-farra-e-i-crossabili-portano-il-sorriso-in-ospedale\/#breadcrumb","itemListElement":[{"@type":"ListItem","position":1,"name":"Home","item":"https:\/\/www.bellunopress.it\/"},{"@type":"ListItem","position":2,"name":"Natale su due ruote a Conegliano: Alvaro Dal Farra e i Crossabili portano il sorriso in ospedale"}]},{"@type":"WebSite","@id":"https:\/\/www.bellunopress.it\/#website","url":"https:\/\/www.bellunopress.it\/","name":"Bellunopress - Dolomiti","description":"e-mail: redazione@bellunopress.it","publisher":{"@id":"https:\/\/www.bellunopress.it\/#organization"},"potentialAction":[{"@type":"SearchAction","target":{"@type":"EntryPoint","urlTemplate":"https:\/\/www.bellunopress.it\/?s={search_term_string}"},"query-input":{"@type":"PropertyValueSpecification","valueRequired":true,"valueName":"search_term_string"}}],"inLanguage":"fr-FR"},{"@type":"Organization","@id":"https:\/\/www.bellunopress.it\/#organization","name":"Bellunopress","url":"https:\/\/www.bellunopress.it\/","logo":{"@type":"ImageObject","inLanguage":"fr-FR","@id":"https:\/\/www.bellunopress.it\/#\/schema\/logo\/image\/","url":"https:\/\/www.bellunopress.it\/wp-content\/uploads\/2011\/05\/cropped-logo-bellunopress-.jpg","contentUrl":"https:\/\/www.bellunopress.it\/wp-content\/uploads\/2011\/05\/cropped-logo-bellunopress-.jpg","width":512,"height":512,"caption":"Bellunopress"},"image":{"@id":"https:\/\/www.bellunopress.it\/#\/schema\/logo\/image\/"},"sameAs":["https:\/\/www.facebook.com\/profile.php?id=100008943462799","https:\/\/x.com\/bellunopress","https:\/\/www.linkedin.com\/hp\/?dnr=JBzUWaJfMUw8vbXJJ2tVW5-I3jZKvC4wsoxE&amp;amp;amp;amp;amp;amp;trk=nav_responsive_tab_home","https:\/\/www.youtube.com\/channel\/UCxL0wu1uN0_3_7hGG0306cw"]},{"@type":"Person","@id":"https:\/\/www.bellunopress.it\/#\/schema\/person\/79bb06722b37ece1c03d3e94beb30d73","name":"r\u00e9daction","image":{"@type":"ImageObject","inLanguage":"fr-FR","@id":"https:\/\/secure.gravatar.com\/avatar\/37d968a2e67a6fd04c169c4bdef102d0bc5d31b2546345219e348575eb80e9a0?s=96&d=mm&r=g","url":"https:\/\/secure.gravatar.com\/avatar\/37d968a2e67a6fd04c169c4bdef102d0bc5d31b2546345219e348575eb80e9a0?s=96&d=mm&r=g","contentUrl":"https:\/\/secure.gravatar.com\/avatar\/37d968a2e67a6fd04c169c4bdef102d0bc5d31b2546345219e348575eb80e9a0?s=96&d=mm&r=g","caption":"redazione"},"sameAs":["http:\/\/www.bellunopress.it","https:\/\/x.com\/bellunopress"],"url":"https:\/\/www.bellunopress.it\/fr\/author\/redazione\/"}]}},"_links":{"self":[{"href":"https:\/\/www.bellunopress.it\/fr\/wp-json\/wp\/v2\/posts\/165983","targetHints":{"allow":["GET"]}}],"collection":[{"href":"https:\/\/www.bellunopress.it\/fr\/wp-json\/wp\/v2\/posts"}],"about":[{"href":"https:\/\/www.bellunopress.it\/fr\/wp-json\/wp\/v2\/types\/post"}],"author":[{"embeddable":true,"href":"https:\/\/www.bellunopress.it\/fr\/wp-json\/wp\/v2\/users\/2"}],"replies":[{"embeddable":true,"href":"https:\/\/www.bellunopress.it\/fr\/wp-json\/wp\/v2\/comments?post=165983"}],"version-history":[{"count":1,"href":"https:\/\/www.bellunopress.it\/fr\/wp-json\/wp\/v2\/posts\/165983\/revisions"}],"predecessor-version":[{"id":165985,"href":"https:\/\/www.bellunopress.it\/fr\/wp-json\/wp\/v2\/posts\/165983\/revisions\/165985"}],"wp:featuredmedia":[{"embeddable":true,"href":"https:\/\/www.bellunopress.it\/fr\/wp-json\/wp\/v2\/media\/165984"}],"wp:attachment":[{"href":"https:\/\/www.bellunopress.it\/fr\/wp-json\/wp\/v2\/media?parent=165983"}],"wp:term":[{"taxonomy":"category","embeddable":true,"href":"https:\/\/www.bellunopress.it\/fr\/wp-json\/wp\/v2\/categories?post=165983"},{"taxonomy":"post_tag","embeddable":true,"href":"https:\/\/www.bellunopress.it\/fr\/wp-json\/wp\/v2\/tags?post=165983"}],"curies":[{"name":"wp","href":"https:\/\/api.w.org\/{rel}","templated":true}]}}