{"id":165981,"date":"2025-12-23T18:47:35","date_gmt":"2025-12-23T17:47:35","guid":{"rendered":"https:\/\/www.bellunopress.it\/?p=165981"},"modified":"2025-12-23T18:47:35","modified_gmt":"2025-12-23T17:47:35","slug":"il-messaggio-di-auguri-del-sindaco-di-belluno-oscar-de-pellegrin","status":"publish","type":"post","link":"https:\/\/www.bellunopress.it\/fr\/2025\/12\/23\/il-messaggio-di-auguri-del-sindaco-di-belluno-oscar-de-pellegrin\/","title":{"rendered":"Il messaggio di auguri del sindaco di Belluno, Oscar De Pellegrin"},"content":{"rendered":"<figure id=\"attachment_135245\" aria-describedby=\"caption-attachment-135245\" style=\"width: 803px\" class=\"wp-caption aligncenter\"><img loading=\"lazy\" decoding=\"async\" class=\"size-full wp-image-135245\" src=\"https:\/\/www.bellunopress.it\/wp-content\/uploads\/2022\/07\/Oscar-De-Pellegrin-sindaco-di-Belluno_edited.jpg\" alt=\"\" width=\"803\" height=\"1000\" srcset=\"https:\/\/www.bellunopress.it\/wp-content\/uploads\/2022\/07\/Oscar-De-Pellegrin-sindaco-di-Belluno_edited.jpg 803w, https:\/\/www.bellunopress.it\/wp-content\/uploads\/2022\/07\/Oscar-De-Pellegrin-sindaco-di-Belluno_edited-402x500.jpg 402w, https:\/\/www.bellunopress.it\/wp-content\/uploads\/2022\/07\/Oscar-De-Pellegrin-sindaco-di-Belluno_edited-696x867.jpg 696w, https:\/\/www.bellunopress.it\/wp-content\/uploads\/2022\/07\/Oscar-De-Pellegrin-sindaco-di-Belluno_edited-337x420.jpg 337w\" sizes=\"auto, (max-width: 803px) 100vw, 803px\" \/><figcaption id=\"caption-attachment-135245\" class=\"wp-caption-text\">Oscar De Pellegrin, sindaco di Belluno<\/figcaption><\/figure>\n<p>Cari concittadini e concittadine,<\/p>\n<p>in questo tempo di festa desidero rivolgermi a voi con un augurio sentito, che nasce dalla consapevolezza del momento che stiamo vivendo come comunit\u00e0. Sono mesi intensi, di lavoro e di cambiamento, che ci chiedono impegno, responsabilit\u00e0 e uno sguardo lungo verso il futuro.<\/p>\n<p>Nei prossimi mesi Belluno sar\u00e0 chiamata a confrontarsi con sfide importanti. L\u2019avvicinarsi delle Olimpiadi e Paralimpiadi di Milano Cortina 2026 rappresenta un passaggio cruciale per il nostro territorio: un\u2019occasione straordinaria, ma anche una responsabilit\u00e0, che richiede collaborazione, organizzazione e attenzione perch\u00e9 le opportunit\u00e0 che ne derivano possano lasciare benefici duraturi alla nostra comunit\u00e0.<\/p>\n<p>Parallelamente, prosegue il lavoro legato alle grandi opere pubbliche, penso agli interventi finanziati dal Pnrr, in parte terminati e in parte da terminare (ristrutturazione ex caserma dei Vigili del fuoco di Belluno con destinazione uffici comunali, ambiti sportivi e sede di associazioni, nuovo polo scolastico di Cavarzano con demolizione e ricostruzione ex scuole Verdi, riqualificazione stadio Polisportivo, nuovo bacino di accumulo idrico in localit\u00e0 La Grava, miglioramento della sentieristica del Nevegal e rifacimento del piazzale, restauro e adeguamento Palazzo Auditorium, pista ciclabile Antole \u2013 Casoni, completamento pista ciclabile in localit\u00e0 Veneggia, riqualificazione energetica con rinnovo del sistema di produzione del calore e installazione di cogeneratore elettrico alla casa di riposo, riqualificazione piazza castello e Belvedere, riqualificazione via Cipro, via Ripa e via Crepadoni) e agli altri grandi cantieri che stanno interessando la nostra Citt\u00e0 e le frazioni come per esempio la sostituzione dell\u2019intero impianto di illuminazione pubblica con tecnologia a led per un\u2019investimento complessivo di oltre 3 milioni 700 mila euro. Questo non \u00e8 solo un miglioramento dal punto di vista della sicurezza e della qualit\u00e0 degli spazi urbani, ma anche una scelta che permetter\u00e0 un risparmio significativo per le casse comunali, liberando risorse che potranno essere reinvestite nei servizi e nella cura del territorio. Sono interventi complessi i cui risultati abbiamo gi\u00e0 potuto vedere nel corso di quest\u2019anno e vedremo ancora pi\u00f9 compiutamente nel prossimo.<\/p>\n<p>Colgo l\u2019occasione per rivolgere un ringraziamento sincero ai volontari, alle associazioni, ai comitati e a tutte le persone che ogni giorno si prendono cura della nostra Citt\u00e0 e delle frazioni, spesso in modo silenzioso ma fondamentale. Un grazie particolare va ai frazionisti che, con impegno e creativit\u00e0, hanno illuminato i nostri paesi con addobbi e luci, contribuendo a rendere il Natale pi\u00f9 accogliente e suggestivo, rafforzando quel senso di comunit\u00e0 che \u00e8 uno dei tratti pi\u00f9 preziosi del nostro territorio.<br \/>\nIl mio ringraziamento va anche a chi, proprio durante le feste, non smette di pensare alle persone pi\u00f9 fragili.<\/p>\n<p>Colgo l\u2019occasione di questi auguri per ringraziarvi della vicinanza che mi avete fatto sentire in queste settimane in cui mi sono sottoposto ad un intervento. Nelle difficolt\u00e0 di questi giorni ho sentito voi, la mia comunit\u00e0, stringersi attorno con sincero affetto e questo mi ha dato la forza per superare i momenti pi\u00f9 duri e tornare il prima possibile a Palazzo Rosso.<br \/>\nA tutti voi auguro di vivere questi giorni con serenit\u00e0, accanto alle persone care, trovando tempo per il riposo e per la condivisione. Vi invito a frequentare gli spazi della nostra bella Citt\u00e0, a partecipare alle occasioni di festa e di incontro perch\u00e9 stare insieme, oggi pi\u00f9 che mai, \u00e8 il modo migliore per rafforzare il legame che ci unisce come comunit\u00e0.<\/p>\n<p>Con l\u2019augurio che il nuovo anno possa portarci serenit\u00e0 e ogni bene,<br \/>\n<strong>il Sindaco di Belluno<\/strong><br \/>\n<strong>Oscar De Pellegrin<\/strong><\/p>\n<p>&nbsp;<\/p>","protected":false},"excerpt":{"rendered":"<p>Cari concittadini e concittadine, in questo tempo di festa desidero rivolgermi a voi con un augurio sentito, che nasce dalla consapevolezza del momento che stiamo vivendo come comunit\u00e0. Sono mesi intensi, di lavoro e di cambiamento, che ci chiedono impegno, responsabilit\u00e0 e uno sguardo lungo verso il futuro. Nei prossimi mesi Belluno sar\u00e0 chiamata a [&hellip;]<\/p>\n","protected":false},"author":2,"featured_media":135245,"comment_status":"closed","ping_status":"open","sticky":false,"template":"","format":"standard","meta":{"footnotes":""},"categories":[5,26],"tags":[],"class_list":["post-165981","post","type-post","status-publish","format-standard","has-post-thumbnail","category-cronaca","category-prima-pagina"],"yoast_head":"<!-- This site is optimized with the Yoast SEO plugin v28.4 - https:\/\/yoast.com\/product\/yoast-seo-wordpress\/ -->\n<title>Il messaggio di auguri del sindaco di Belluno, Oscar De Pellegrin - Bellunopress - Dolomiti<\/title>\n<meta name=\"robots\" content=\"index, follow, max-snippet:-1, max-image-preview:large, max-video-preview:-1\" \/>\n<link rel=\"canonical\" href=\"https:\/\/www.bellunopress.it\/fr\/2025\/12\/23\/il-messaggio-di-auguri-del-sindaco-di-belluno-oscar-de-pellegrin\/\" \/>\n<meta property=\"og:locale\" content=\"fr_FR\" \/>\n<meta property=\"og:type\" content=\"article\" \/>\n<meta property=\"og:title\" content=\"Il messaggio di auguri del sindaco di Belluno, Oscar De Pellegrin - Bellunopress - Dolomiti\" \/>\n<meta property=\"og:description\" content=\"Cari concittadini e concittadine, in questo tempo di festa desidero rivolgermi a voi con un augurio sentito, che nasce dalla consapevolezza del momento che stiamo vivendo come comunit\u00e0. Sono mesi intensi, di lavoro e di cambiamento, che ci chiedono impegno, responsabilit\u00e0 e uno sguardo lungo verso il futuro. Nei prossimi mesi Belluno sar\u00e0 chiamata a [&hellip;]\" \/>\n<meta property=\"og:url\" content=\"https:\/\/www.bellunopress.it\/fr\/2025\/12\/23\/il-messaggio-di-auguri-del-sindaco-di-belluno-oscar-de-pellegrin\/\" \/>\n<meta property=\"og:site_name\" content=\"Bellunopress - Dolomiti\" \/>\n<meta property=\"article:publisher\" content=\"https:\/\/www.facebook.com\/profile.php?id=100008943462799\" \/>\n<meta property=\"article:published_time\" content=\"2025-12-23T17:47:35+00:00\" \/>\n<meta property=\"og:image\" content=\"https:\/\/www.bellunopress.it\/wp-content\/uploads\/2022\/07\/Oscar-De-Pellegrin-sindaco-di-Belluno_edited.jpg\" \/>\n\t<meta property=\"og:image:width\" content=\"803\" \/>\n\t<meta property=\"og:image:height\" content=\"1000\" \/>\n\t<meta property=\"og:image:type\" content=\"image\/jpeg\" \/>\n<meta name=\"author\" content=\"redazione\" \/>\n<meta name=\"twitter:card\" content=\"summary_large_image\" \/>\n<meta name=\"twitter:creator\" content=\"@bellunopress\" \/>\n<meta name=\"twitter:site\" content=\"@bellunopress\" \/>\n<meta name=\"twitter:label1\" content=\"\u00c9crit par\" \/>\n\t<meta name=\"twitter:data1\" content=\"redazione\" \/>\n\t<meta name=\"twitter:label2\" content=\"Dur\u00e9e de lecture estim\u00e9e\" \/>\n\t<meta name=\"twitter:data2\" content=\"3 minutes\" \/>\n<script type=\"application\/ld+json\" class=\"yoast-schema-graph\">{\"@context\":\"https:\\\/\\\/schema.org\",\"@graph\":[{\"@type\":\"Article\",\"@id\":\"https:\\\/\\\/www.bellunopress.it\\\/2025\\\/12\\\/23\\\/il-messaggio-di-auguri-del-sindaco-di-belluno-oscar-de-pellegrin\\\/#article\",\"isPartOf\":{\"@id\":\"https:\\\/\\\/www.bellunopress.it\\\/2025\\\/12\\\/23\\\/il-messaggio-di-auguri-del-sindaco-di-belluno-oscar-de-pellegrin\\\/\"},\"author\":{\"name\":\"redazione\",\"@id\":\"https:\\\/\\\/www.bellunopress.it\\\/#\\\/schema\\\/person\\\/79bb06722b37ece1c03d3e94beb30d73\"},\"headline\":\"Il messaggio di auguri del sindaco di Belluno, Oscar De Pellegrin\",\"datePublished\":\"2025-12-23T17:47:35+00:00\",\"mainEntityOfPage\":{\"@id\":\"https:\\\/\\\/www.bellunopress.it\\\/2025\\\/12\\\/23\\\/il-messaggio-di-auguri-del-sindaco-di-belluno-oscar-de-pellegrin\\\/\"},\"wordCount\":595,\"publisher\":{\"@id\":\"https:\\\/\\\/www.bellunopress.it\\\/#organization\"},\"image\":{\"@id\":\"https:\\\/\\\/www.bellunopress.it\\\/2025\\\/12\\\/23\\\/il-messaggio-di-auguri-del-sindaco-di-belluno-oscar-de-pellegrin\\\/#primaryimage\"},\"thumbnailUrl\":\"https:\\\/\\\/www.bellunopress.it\\\/wp-content\\\/uploads\\\/2022\\\/07\\\/Oscar-De-Pellegrin-sindaco-di-Belluno_edited.jpg\",\"articleSection\":[\"Cronaca\\\/Politica\",\"Prima Pagina\"],\"inLanguage\":\"fr-FR\"},{\"@type\":\"WebPage\",\"@id\":\"https:\\\/\\\/www.bellunopress.it\\\/2025\\\/12\\\/23\\\/il-messaggio-di-auguri-del-sindaco-di-belluno-oscar-de-pellegrin\\\/\",\"url\":\"https:\\\/\\\/www.bellunopress.it\\\/2025\\\/12\\\/23\\\/il-messaggio-di-auguri-del-sindaco-di-belluno-oscar-de-pellegrin\\\/\",\"name\":\"Il messaggio di auguri del sindaco di Belluno, Oscar De Pellegrin - Bellunopress - Dolomiti\",\"isPartOf\":{\"@id\":\"https:\\\/\\\/www.bellunopress.it\\\/#website\"},\"primaryImageOfPage\":{\"@id\":\"https:\\\/\\\/www.bellunopress.it\\\/2025\\\/12\\\/23\\\/il-messaggio-di-auguri-del-sindaco-di-belluno-oscar-de-pellegrin\\\/#primaryimage\"},\"image\":{\"@id\":\"https:\\\/\\\/www.bellunopress.it\\\/2025\\\/12\\\/23\\\/il-messaggio-di-auguri-del-sindaco-di-belluno-oscar-de-pellegrin\\\/#primaryimage\"},\"thumbnailUrl\":\"https:\\\/\\\/www.bellunopress.it\\\/wp-content\\\/uploads\\\/2022\\\/07\\\/Oscar-De-Pellegrin-sindaco-di-Belluno_edited.jpg\",\"datePublished\":\"2025-12-23T17:47:35+00:00\",\"breadcrumb\":{\"@id\":\"https:\\\/\\\/www.bellunopress.it\\\/2025\\\/12\\\/23\\\/il-messaggio-di-auguri-del-sindaco-di-belluno-oscar-de-pellegrin\\\/#breadcrumb\"},\"inLanguage\":\"fr-FR\",\"potentialAction\":[{\"@type\":\"ReadAction\",\"target\":[\"https:\\\/\\\/www.bellunopress.it\\\/2025\\\/12\\\/23\\\/il-messaggio-di-auguri-del-sindaco-di-belluno-oscar-de-pellegrin\\\/\"]}]},{\"@type\":\"ImageObject\",\"inLanguage\":\"fr-FR\",\"@id\":\"https:\\\/\\\/www.bellunopress.it\\\/2025\\\/12\\\/23\\\/il-messaggio-di-auguri-del-sindaco-di-belluno-oscar-de-pellegrin\\\/#primaryimage\",\"url\":\"https:\\\/\\\/www.bellunopress.it\\\/wp-content\\\/uploads\\\/2022\\\/07\\\/Oscar-De-Pellegrin-sindaco-di-Belluno_edited.jpg\",\"contentUrl\":\"https:\\\/\\\/www.bellunopress.it\\\/wp-content\\\/uploads\\\/2022\\\/07\\\/Oscar-De-Pellegrin-sindaco-di-Belluno_edited.jpg\",\"width\":803,\"height\":1000,\"caption\":\"Oscar De Pellegrin, sindaco di Belluno\"},{\"@type\":\"BreadcrumbList\",\"@id\":\"https:\\\/\\\/www.bellunopress.it\\\/2025\\\/12\\\/23\\\/il-messaggio-di-auguri-del-sindaco-di-belluno-oscar-de-pellegrin\\\/#breadcrumb\",\"itemListElement\":[{\"@type\":\"ListItem\",\"position\":1,\"name\":\"Home\",\"item\":\"https:\\\/\\\/www.bellunopress.it\\\/\"},{\"@type\":\"ListItem\",\"position\":2,\"name\":\"Il messaggio di auguri del sindaco di Belluno, Oscar De Pellegrin\"}]},{\"@type\":\"WebSite\",\"@id\":\"https:\\\/\\\/www.bellunopress.it\\\/#website\",\"url\":\"https:\\\/\\\/www.bellunopress.it\\\/\",\"name\":\"Bellunopress - Dolomiti\",\"description\":\"e-mail: redazione@bellunopress.it\",\"publisher\":{\"@id\":\"https:\\\/\\\/www.bellunopress.it\\\/#organization\"},\"potentialAction\":[{\"@type\":\"SearchAction\",\"target\":{\"@type\":\"EntryPoint\",\"urlTemplate\":\"https:\\\/\\\/www.bellunopress.it\\\/?s={search_term_string}\"},\"query-input\":{\"@type\":\"PropertyValueSpecification\",\"valueRequired\":true,\"valueName\":\"search_term_string\"}}],\"inLanguage\":\"fr-FR\"},{\"@type\":\"Organization\",\"@id\":\"https:\\\/\\\/www.bellunopress.it\\\/#organization\",\"name\":\"Bellunopress\",\"url\":\"https:\\\/\\\/www.bellunopress.it\\\/\",\"logo\":{\"@type\":\"ImageObject\",\"inLanguage\":\"fr-FR\",\"@id\":\"https:\\\/\\\/www.bellunopress.it\\\/#\\\/schema\\\/logo\\\/image\\\/\",\"url\":\"https:\\\/\\\/www.bellunopress.it\\\/wp-content\\\/uploads\\\/2011\\\/05\\\/cropped-logo-bellunopress-.jpg\",\"contentUrl\":\"https:\\\/\\\/www.bellunopress.it\\\/wp-content\\\/uploads\\\/2011\\\/05\\\/cropped-logo-bellunopress-.jpg\",\"width\":512,\"height\":512,\"caption\":\"Bellunopress\"},\"image\":{\"@id\":\"https:\\\/\\\/www.bellunopress.it\\\/#\\\/schema\\\/logo\\\/image\\\/\"},\"sameAs\":[\"https:\\\/\\\/www.facebook.com\\\/profile.php?id=100008943462799\",\"https:\\\/\\\/x.com\\\/bellunopress\",\"https:\\\/\\\/www.linkedin.com\\\/hp\\\/?dnr=JBzUWaJfMUw8vbXJJ2tVW5-I3jZKvC4wsoxE&amp;amp;amp;amp;amp;amp;trk=nav_responsive_tab_home\",\"https:\\\/\\\/www.youtube.com\\\/channel\\\/UCxL0wu1uN0_3_7hGG0306cw\"]},{\"@type\":\"Person\",\"@id\":\"https:\\\/\\\/www.bellunopress.it\\\/#\\\/schema\\\/person\\\/79bb06722b37ece1c03d3e94beb30d73\",\"name\":\"redazione\",\"image\":{\"@type\":\"ImageObject\",\"inLanguage\":\"fr-FR\",\"@id\":\"https:\\\/\\\/secure.gravatar.com\\\/avatar\\\/37d968a2e67a6fd04c169c4bdef102d0bc5d31b2546345219e348575eb80e9a0?s=96&d=mm&r=g\",\"url\":\"https:\\\/\\\/secure.gravatar.com\\\/avatar\\\/37d968a2e67a6fd04c169c4bdef102d0bc5d31b2546345219e348575eb80e9a0?s=96&d=mm&r=g\",\"contentUrl\":\"https:\\\/\\\/secure.gravatar.com\\\/avatar\\\/37d968a2e67a6fd04c169c4bdef102d0bc5d31b2546345219e348575eb80e9a0?s=96&d=mm&r=g\",\"caption\":\"redazione\"},\"sameAs\":[\"http:\\\/\\\/www.bellunopress.it\",\"https:\\\/\\\/x.com\\\/bellunopress\"],\"url\":\"https:\\\/\\\/www.bellunopress.it\\\/fr\\\/author\\\/redazione\\\/\"}]}<\/script>\n<!-- \/ Yoast SEO plugin. -->","yoast_head_json":{"title":"Il messaggio di auguri del sindaco di Belluno, Oscar De Pellegrin - Bellunopress - Dolomiti","robots":{"index":"index","follow":"follow","max-snippet":"max-snippet:-1","max-image-preview":"max-image-preview:large","max-video-preview":"max-video-preview:-1"},"canonical":"https:\/\/www.bellunopress.it\/fr\/2025\/12\/23\/il-messaggio-di-auguri-del-sindaco-di-belluno-oscar-de-pellegrin\/","og_locale":"fr_FR","og_type":"article","og_title":"Il messaggio di auguri del sindaco di Belluno, Oscar De Pellegrin - Bellunopress - Dolomiti","og_description":"Cari concittadini e concittadine, in questo tempo di festa desidero rivolgermi a voi con un augurio sentito, che nasce dalla consapevolezza del momento che stiamo vivendo come comunit\u00e0. Sono mesi intensi, di lavoro e di cambiamento, che ci chiedono impegno, responsabilit\u00e0 e uno sguardo lungo verso il futuro. Nei prossimi mesi Belluno sar\u00e0 chiamata a [&hellip;]","og_url":"https:\/\/www.bellunopress.it\/fr\/2025\/12\/23\/il-messaggio-di-auguri-del-sindaco-di-belluno-oscar-de-pellegrin\/","og_site_name":"Bellunopress - Dolomiti","article_publisher":"https:\/\/www.facebook.com\/profile.php?id=100008943462799","article_published_time":"2025-12-23T17:47:35+00:00","og_image":[{"width":803,"height":1000,"url":"https:\/\/www.bellunopress.it\/wp-content\/uploads\/2022\/07\/Oscar-De-Pellegrin-sindaco-di-Belluno_edited.jpg","type":"image\/jpeg"}],"author":"redazione","twitter_card":"summary_large_image","twitter_creator":"@bellunopress","twitter_site":"@bellunopress","twitter_misc":{"\u00c9crit par":"redazione","Dur\u00e9e de lecture estim\u00e9e":"3 minutes"},"schema":{"@context":"https:\/\/schema.org","@graph":[{"@type":"Article","@id":"https:\/\/www.bellunopress.it\/2025\/12\/23\/il-messaggio-di-auguri-del-sindaco-di-belluno-oscar-de-pellegrin\/#article","isPartOf":{"@id":"https:\/\/www.bellunopress.it\/2025\/12\/23\/il-messaggio-di-auguri-del-sindaco-di-belluno-oscar-de-pellegrin\/"},"author":{"name":"redazione","@id":"https:\/\/www.bellunopress.it\/#\/schema\/person\/79bb06722b37ece1c03d3e94beb30d73"},"headline":"Il messaggio di auguri del sindaco di Belluno, Oscar De Pellegrin","datePublished":"2025-12-23T17:47:35+00:00","mainEntityOfPage":{"@id":"https:\/\/www.bellunopress.it\/2025\/12\/23\/il-messaggio-di-auguri-del-sindaco-di-belluno-oscar-de-pellegrin\/"},"wordCount":595,"publisher":{"@id":"https:\/\/www.bellunopress.it\/#organization"},"image":{"@id":"https:\/\/www.bellunopress.it\/2025\/12\/23\/il-messaggio-di-auguri-del-sindaco-di-belluno-oscar-de-pellegrin\/#primaryimage"},"thumbnailUrl":"https:\/\/www.bellunopress.it\/wp-content\/uploads\/2022\/07\/Oscar-De-Pellegrin-sindaco-di-Belluno_edited.jpg","articleSection":["Cronaca\/Politica","Prima Pagina"],"inLanguage":"fr-FR"},{"@type":"WebPage","@id":"https:\/\/www.bellunopress.it\/2025\/12\/23\/il-messaggio-di-auguri-del-sindaco-di-belluno-oscar-de-pellegrin\/","url":"https:\/\/www.bellunopress.it\/2025\/12\/23\/il-messaggio-di-auguri-del-sindaco-di-belluno-oscar-de-pellegrin\/","name":"Il messaggio di auguri del sindaco di Belluno, Oscar De Pellegrin - Bellunopress - Dolomiti","isPartOf":{"@id":"https:\/\/www.bellunopress.it\/#website"},"primaryImageOfPage":{"@id":"https:\/\/www.bellunopress.it\/2025\/12\/23\/il-messaggio-di-auguri-del-sindaco-di-belluno-oscar-de-pellegrin\/#primaryimage"},"image":{"@id":"https:\/\/www.bellunopress.it\/2025\/12\/23\/il-messaggio-di-auguri-del-sindaco-di-belluno-oscar-de-pellegrin\/#primaryimage"},"thumbnailUrl":"https:\/\/www.bellunopress.it\/wp-content\/uploads\/2022\/07\/Oscar-De-Pellegrin-sindaco-di-Belluno_edited.jpg","datePublished":"2025-12-23T17:47:35+00:00","breadcrumb":{"@id":"https:\/\/www.bellunopress.it\/2025\/12\/23\/il-messaggio-di-auguri-del-sindaco-di-belluno-oscar-de-pellegrin\/#breadcrumb"},"inLanguage":"fr-FR","potentialAction":[{"@type":"ReadAction","target":["https:\/\/www.bellunopress.it\/2025\/12\/23\/il-messaggio-di-auguri-del-sindaco-di-belluno-oscar-de-pellegrin\/"]}]},{"@type":"ImageObject","inLanguage":"fr-FR","@id":"https:\/\/www.bellunopress.it\/2025\/12\/23\/il-messaggio-di-auguri-del-sindaco-di-belluno-oscar-de-pellegrin\/#primaryimage","url":"https:\/\/www.bellunopress.it\/wp-content\/uploads\/2022\/07\/Oscar-De-Pellegrin-sindaco-di-Belluno_edited.jpg","contentUrl":"https:\/\/www.bellunopress.it\/wp-content\/uploads\/2022\/07\/Oscar-De-Pellegrin-sindaco-di-Belluno_edited.jpg","width":803,"height":1000,"caption":"Oscar De Pellegrin, sindaco di Belluno"},{"@type":"BreadcrumbList","@id":"https:\/\/www.bellunopress.it\/2025\/12\/23\/il-messaggio-di-auguri-del-sindaco-di-belluno-oscar-de-pellegrin\/#breadcrumb","itemListElement":[{"@type":"ListItem","position":1,"name":"Home","item":"https:\/\/www.bellunopress.it\/"},{"@type":"ListItem","position":2,"name":"Il messaggio di auguri del sindaco di Belluno, Oscar De Pellegrin"}]},{"@type":"WebSite","@id":"https:\/\/www.bellunopress.it\/#website","url":"https:\/\/www.bellunopress.it\/","name":"Bellunopress - Dolomiti","description":"e-mail: redazione@bellunopress.it","publisher":{"@id":"https:\/\/www.bellunopress.it\/#organization"},"potentialAction":[{"@type":"SearchAction","target":{"@type":"EntryPoint","urlTemplate":"https:\/\/www.bellunopress.it\/?s={search_term_string}"},"query-input":{"@type":"PropertyValueSpecification","valueRequired":true,"valueName":"search_term_string"}}],"inLanguage":"fr-FR"},{"@type":"Organization","@id":"https:\/\/www.bellunopress.it\/#organization","name":"Bellunopress","url":"https:\/\/www.bellunopress.it\/","logo":{"@type":"ImageObject","inLanguage":"fr-FR","@id":"https:\/\/www.bellunopress.it\/#\/schema\/logo\/image\/","url":"https:\/\/www.bellunopress.it\/wp-content\/uploads\/2011\/05\/cropped-logo-bellunopress-.jpg","contentUrl":"https:\/\/www.bellunopress.it\/wp-content\/uploads\/2011\/05\/cropped-logo-bellunopress-.jpg","width":512,"height":512,"caption":"Bellunopress"},"image":{"@id":"https:\/\/www.bellunopress.it\/#\/schema\/logo\/image\/"},"sameAs":["https:\/\/www.facebook.com\/profile.php?id=100008943462799","https:\/\/x.com\/bellunopress","https:\/\/www.linkedin.com\/hp\/?dnr=JBzUWaJfMUw8vbXJJ2tVW5-I3jZKvC4wsoxE&amp;amp;amp;amp;amp;amp;trk=nav_responsive_tab_home","https:\/\/www.youtube.com\/channel\/UCxL0wu1uN0_3_7hGG0306cw"]},{"@type":"Person","@id":"https:\/\/www.bellunopress.it\/#\/schema\/person\/79bb06722b37ece1c03d3e94beb30d73","name":"r\u00e9daction","image":{"@type":"ImageObject","inLanguage":"fr-FR","@id":"https:\/\/secure.gravatar.com\/avatar\/37d968a2e67a6fd04c169c4bdef102d0bc5d31b2546345219e348575eb80e9a0?s=96&d=mm&r=g","url":"https:\/\/secure.gravatar.com\/avatar\/37d968a2e67a6fd04c169c4bdef102d0bc5d31b2546345219e348575eb80e9a0?s=96&d=mm&r=g","contentUrl":"https:\/\/secure.gravatar.com\/avatar\/37d968a2e67a6fd04c169c4bdef102d0bc5d31b2546345219e348575eb80e9a0?s=96&d=mm&r=g","caption":"redazione"},"sameAs":["http:\/\/www.bellunopress.it","https:\/\/x.com\/bellunopress"],"url":"https:\/\/www.bellunopress.it\/fr\/author\/redazione\/"}]}},"_links":{"self":[{"href":"https:\/\/www.bellunopress.it\/fr\/wp-json\/wp\/v2\/posts\/165981","targetHints":{"allow":["GET"]}}],"collection":[{"href":"https:\/\/www.bellunopress.it\/fr\/wp-json\/wp\/v2\/posts"}],"about":[{"href":"https:\/\/www.bellunopress.it\/fr\/wp-json\/wp\/v2\/types\/post"}],"author":[{"embeddable":true,"href":"https:\/\/www.bellunopress.it\/fr\/wp-json\/wp\/v2\/users\/2"}],"replies":[{"embeddable":true,"href":"https:\/\/www.bellunopress.it\/fr\/wp-json\/wp\/v2\/comments?post=165981"}],"version-history":[{"count":1,"href":"https:\/\/www.bellunopress.it\/fr\/wp-json\/wp\/v2\/posts\/165981\/revisions"}],"predecessor-version":[{"id":165982,"href":"https:\/\/www.bellunopress.it\/fr\/wp-json\/wp\/v2\/posts\/165981\/revisions\/165982"}],"wp:featuredmedia":[{"embeddable":true,"href":"https:\/\/www.bellunopress.it\/fr\/wp-json\/wp\/v2\/media\/135245"}],"wp:attachment":[{"href":"https:\/\/www.bellunopress.it\/fr\/wp-json\/wp\/v2\/media?parent=165981"}],"wp:term":[{"taxonomy":"category","embeddable":true,"href":"https:\/\/www.bellunopress.it\/fr\/wp-json\/wp\/v2\/categories?post=165981"},{"taxonomy":"post_tag","embeddable":true,"href":"https:\/\/www.bellunopress.it\/fr\/wp-json\/wp\/v2\/tags?post=165981"}],"curies":[{"name":"wp","href":"https:\/\/api.w.org\/{rel}","templated":true}]}}