{"id":165978,"date":"2025-12-23T15:55:32","date_gmt":"2025-12-23T14:55:32","guid":{"rendered":"https:\/\/www.bellunopress.it\/?p=165978"},"modified":"2025-12-23T15:55:32","modified_gmt":"2025-12-23T14:55:32","slug":"fondi-europei-stefani-subito-50-milioni-per-piano-casa-e-28-contro-alluvioni","status":"publish","type":"post","link":"https:\/\/www.bellunopress.it\/fr\/2025\/12\/23\/fondi-europei-stefani-subito-50-milioni-per-piano-casa-e-28-contro-alluvioni\/","title":{"rendered":"Fondi Europei. Stefani: \u201cSubito 50 milioni per piano casa e 28 contro alluvioni\u201d"},"content":{"rendered":"<figure id=\"attachment_163956\" aria-describedby=\"caption-attachment-163956\" style=\"width: 800px\" class=\"wp-caption aligncenter\"><img loading=\"lazy\" decoding=\"async\" class=\"size-full wp-image-163956\" src=\"https:\/\/www.bellunopress.it\/wp-content\/uploads\/2025\/10\/Alberto-Stefani_edited.jpg\" alt=\"\" width=\"800\" height=\"800\" srcset=\"https:\/\/www.bellunopress.it\/wp-content\/uploads\/2025\/10\/Alberto-Stefani_edited.jpg 800w, https:\/\/www.bellunopress.it\/wp-content\/uploads\/2025\/10\/Alberto-Stefani_edited-500x500.jpg 500w, https:\/\/www.bellunopress.it\/wp-content\/uploads\/2025\/10\/Alberto-Stefani_edited-300x300.jpg 300w, https:\/\/www.bellunopress.it\/wp-content\/uploads\/2025\/10\/Alberto-Stefani_edited-420x420.jpg 420w, https:\/\/www.bellunopress.it\/wp-content\/uploads\/2025\/10\/Alberto-Stefani_edited-696x696.jpg 696w\" sizes=\"auto, (max-width: 800px) 100vw, 800px\" \/><figcaption id=\"caption-attachment-163956\" class=\"wp-caption-text\">Alberto Stefani &#8211; Presidente della Regione del Veneto<\/figcaption><\/figure>\n<p>Venezia, 23 dicembre 2025\u00a0 &#8211;\u00a0\u00a0Si \u00e8 conclusa attorno alle 11.30 di oggi la prima riunione di Giunta presieduta da Alberto Stefani. Al primo punto dell\u2019ordine del giorno, una delibera recante Determinazioni urgenti in merito all\u2019adesione ai Regolamenti (UE) n. 1913\/2025 e n. 1914\/2025 del Parlamento europeo e del Consiglio del 18\/09\/2025 che modificano i Regolamenti (UE) n. 1057\/2021 (Fondo Sociale Europeo plus) e n. 1058\/2021 (Fondo Europeo di Sviluppo Regionale) per quanto riguarda misure specifiche per affrontare le sfide strategiche nel contesto del riesame intermedio della politica di coesione nei Programmi Regionali FESR e FSE+ 2021-2027.<\/p>\n<p>\u201cLa riprogrammazione dei fondi comunitari approvata oggi all\u2019unanimit\u00e0 &#8211; spiega il Presidente Alberto Stefani &#8211; ci consente di impegnare subito importanti risorse per obiettivi strategici, individuati nel nostro programma elettorale, con due vantaggi ulteriori: la quota del cofinanziamento europeo passa dal 40 al 50% e la Regione avr\u00e0 un anno in pi\u00f9 per portare a termine i lavori &#8211; sottolinea &#8211; Si tratta di 50 milioni di euro per il piano casa e 28 per interventi di resilienza idrica. Le risorse per gli alloggi &#8211; chiarisce &#8211; saranno destinate a interventi individuati in sinergia con gli assessorati al Sociale, al Lavoro e alle Imprese. L\u2019obiettivo \u00e8 favorire politiche per l\u2019abitare a vantaggio dei veneti, con un\u2019attenzione particolare alle esigenze dei lavoratori. Una parte cospicua dei fondi sar\u00e0 impiegata per riqualificare immobili gi\u00e0 di propriet\u00e0 pubblica\u201d.<\/p>\n<p>Sprint anche in materia di resilienza idrica, grazie alla definizione di un fondo che ammonta a ben 28 milioni di euro. \u201cLa riprogrammazione ci consente anche di promuovere l&#8217;accesso sicuro all&#8217;acqua, la sua gestione sostenibile e proseguire nell\u2019opera di messa in sicurezza del territorio dal rischio alluvioni &#8211; dichiara Alberto Stefani &#8211; Fra i possibili progetti da finanziare secondo la nuova priorit\u00e0 nel PR Veneto FESR abbiamo individuato, in particolare, quelli per la riduzione del rischio idrogeologico, che saranno valutati in concerto con l\u2019assessorato all\u2019Ambiente, secondo dei criteri stabiliti: l\u2019avanzata cantierabilit\u00e0 dei potenziali nuovi interventi e la coerenza generale dei PR in una fase piuttosto avanzata dell\u2019attuazione &#8211; sottolinea il Presidente &#8211; Alle risorse gi\u00e0 citate si aggiungono 5 milioni per sostenere investimenti che contribuiscono agli obiettivi della piattaforma per le tecnologie strategiche per l&#8217;Europa e ad affrontare la carenza di manodopera e competenze, per posti di lavoro di qualit\u00e0, legati a queste tecnologie\u201d.<\/p>\n<p>&nbsp;<\/p>","protected":false},"excerpt":{"rendered":"<p>Venezia, 23 dicembre 2025\u00a0 &#8211;\u00a0\u00a0Si \u00e8 conclusa attorno alle 11.30 di oggi la prima riunione di Giunta presieduta da Alberto Stefani. Al primo punto dell\u2019ordine del giorno, una delibera recante Determinazioni urgenti in merito all\u2019adesione ai Regolamenti (UE) n. 1913\/2025 e n. 1914\/2025 del Parlamento europeo e del Consiglio del 18\/09\/2025 che modificano i Regolamenti [&hellip;]<\/p>\n","protected":false},"author":2,"featured_media":163956,"comment_status":"closed","ping_status":"open","sticky":false,"template":"","format":"standard","meta":{"footnotes":""},"categories":[5,26],"tags":[],"class_list":["post-165978","post","type-post","status-publish","format-standard","has-post-thumbnail","category-cronaca","category-prima-pagina"],"yoast_head":"<!-- This site is optimized with the Yoast SEO plugin v28.4 - https:\/\/yoast.com\/product\/yoast-seo-wordpress\/ -->\n<title>Fondi Europei. Stefani: \u201cSubito 50 milioni per piano casa e 28 contro alluvioni\u201d - Bellunopress - Dolomiti<\/title>\n<meta name=\"robots\" content=\"index, follow, max-snippet:-1, max-image-preview:large, max-video-preview:-1\" \/>\n<link rel=\"canonical\" href=\"https:\/\/www.bellunopress.it\/fr\/2025\/12\/23\/fondi-europei-stefani-subito-50-milioni-per-piano-casa-e-28-contro-alluvioni\/\" \/>\n<meta property=\"og:locale\" content=\"fr_FR\" \/>\n<meta property=\"og:type\" content=\"article\" \/>\n<meta property=\"og:title\" content=\"Fondi Europei. Stefani: \u201cSubito 50 milioni per piano casa e 28 contro alluvioni\u201d - Bellunopress - Dolomiti\" \/>\n<meta property=\"og:description\" content=\"Venezia, 23 dicembre 2025\u00a0 &#8211;\u00a0\u00a0Si \u00e8 conclusa attorno alle 11.30 di oggi la prima riunione di Giunta presieduta da Alberto Stefani. Al primo punto dell\u2019ordine del giorno, una delibera recante Determinazioni urgenti in merito all\u2019adesione ai Regolamenti (UE) n. 1913\/2025 e n. 1914\/2025 del Parlamento europeo e del Consiglio del 18\/09\/2025 che modificano i Regolamenti [&hellip;]\" \/>\n<meta property=\"og:url\" content=\"https:\/\/www.bellunopress.it\/fr\/2025\/12\/23\/fondi-europei-stefani-subito-50-milioni-per-piano-casa-e-28-contro-alluvioni\/\" \/>\n<meta property=\"og:site_name\" content=\"Bellunopress - Dolomiti\" \/>\n<meta property=\"article:publisher\" content=\"https:\/\/www.facebook.com\/profile.php?id=100008943462799\" \/>\n<meta property=\"article:published_time\" content=\"2025-12-23T14:55:32+00:00\" \/>\n<meta property=\"og:image\" content=\"https:\/\/www.bellunopress.it\/wp-content\/uploads\/2025\/10\/Alberto-Stefani_edited.jpg\" \/>\n\t<meta property=\"og:image:width\" content=\"800\" \/>\n\t<meta property=\"og:image:height\" content=\"800\" \/>\n\t<meta property=\"og:image:type\" content=\"image\/jpeg\" \/>\n<meta name=\"author\" content=\"redazione\" \/>\n<meta name=\"twitter:card\" content=\"summary_large_image\" \/>\n<meta name=\"twitter:creator\" content=\"@bellunopress\" \/>\n<meta name=\"twitter:site\" content=\"@bellunopress\" \/>\n<meta name=\"twitter:label1\" content=\"\u00c9crit par\" \/>\n\t<meta name=\"twitter:data1\" content=\"redazione\" \/>\n\t<meta name=\"twitter:label2\" content=\"Dur\u00e9e de lecture estim\u00e9e\" \/>\n\t<meta name=\"twitter:data2\" content=\"2 minutes\" \/>\n<script type=\"application\/ld+json\" class=\"yoast-schema-graph\">{\"@context\":\"https:\\\/\\\/schema.org\",\"@graph\":[{\"@type\":\"Article\",\"@id\":\"https:\\\/\\\/www.bellunopress.it\\\/2025\\\/12\\\/23\\\/fondi-europei-stefani-subito-50-milioni-per-piano-casa-e-28-contro-alluvioni\\\/#article\",\"isPartOf\":{\"@id\":\"https:\\\/\\\/www.bellunopress.it\\\/2025\\\/12\\\/23\\\/fondi-europei-stefani-subito-50-milioni-per-piano-casa-e-28-contro-alluvioni\\\/\"},\"author\":{\"name\":\"redazione\",\"@id\":\"https:\\\/\\\/www.bellunopress.it\\\/#\\\/schema\\\/person\\\/79bb06722b37ece1c03d3e94beb30d73\"},\"headline\":\"Fondi Europei. Stefani: \u201cSubito 50 milioni per piano casa e 28 contro alluvioni\u201d\",\"datePublished\":\"2025-12-23T14:55:32+00:00\",\"mainEntityOfPage\":{\"@id\":\"https:\\\/\\\/www.bellunopress.it\\\/2025\\\/12\\\/23\\\/fondi-europei-stefani-subito-50-milioni-per-piano-casa-e-28-contro-alluvioni\\\/\"},\"wordCount\":411,\"publisher\":{\"@id\":\"https:\\\/\\\/www.bellunopress.it\\\/#organization\"},\"image\":{\"@id\":\"https:\\\/\\\/www.bellunopress.it\\\/2025\\\/12\\\/23\\\/fondi-europei-stefani-subito-50-milioni-per-piano-casa-e-28-contro-alluvioni\\\/#primaryimage\"},\"thumbnailUrl\":\"https:\\\/\\\/www.bellunopress.it\\\/wp-content\\\/uploads\\\/2025\\\/10\\\/Alberto-Stefani_edited.jpg\",\"articleSection\":[\"Cronaca\\\/Politica\",\"Prima Pagina\"],\"inLanguage\":\"fr-FR\"},{\"@type\":\"WebPage\",\"@id\":\"https:\\\/\\\/www.bellunopress.it\\\/2025\\\/12\\\/23\\\/fondi-europei-stefani-subito-50-milioni-per-piano-casa-e-28-contro-alluvioni\\\/\",\"url\":\"https:\\\/\\\/www.bellunopress.it\\\/2025\\\/12\\\/23\\\/fondi-europei-stefani-subito-50-milioni-per-piano-casa-e-28-contro-alluvioni\\\/\",\"name\":\"Fondi Europei. Stefani: \u201cSubito 50 milioni per piano casa e 28 contro alluvioni\u201d - Bellunopress - Dolomiti\",\"isPartOf\":{\"@id\":\"https:\\\/\\\/www.bellunopress.it\\\/#website\"},\"primaryImageOfPage\":{\"@id\":\"https:\\\/\\\/www.bellunopress.it\\\/2025\\\/12\\\/23\\\/fondi-europei-stefani-subito-50-milioni-per-piano-casa-e-28-contro-alluvioni\\\/#primaryimage\"},\"image\":{\"@id\":\"https:\\\/\\\/www.bellunopress.it\\\/2025\\\/12\\\/23\\\/fondi-europei-stefani-subito-50-milioni-per-piano-casa-e-28-contro-alluvioni\\\/#primaryimage\"},\"thumbnailUrl\":\"https:\\\/\\\/www.bellunopress.it\\\/wp-content\\\/uploads\\\/2025\\\/10\\\/Alberto-Stefani_edited.jpg\",\"datePublished\":\"2025-12-23T14:55:32+00:00\",\"breadcrumb\":{\"@id\":\"https:\\\/\\\/www.bellunopress.it\\\/2025\\\/12\\\/23\\\/fondi-europei-stefani-subito-50-milioni-per-piano-casa-e-28-contro-alluvioni\\\/#breadcrumb\"},\"inLanguage\":\"fr-FR\",\"potentialAction\":[{\"@type\":\"ReadAction\",\"target\":[\"https:\\\/\\\/www.bellunopress.it\\\/2025\\\/12\\\/23\\\/fondi-europei-stefani-subito-50-milioni-per-piano-casa-e-28-contro-alluvioni\\\/\"]}]},{\"@type\":\"ImageObject\",\"inLanguage\":\"fr-FR\",\"@id\":\"https:\\\/\\\/www.bellunopress.it\\\/2025\\\/12\\\/23\\\/fondi-europei-stefani-subito-50-milioni-per-piano-casa-e-28-contro-alluvioni\\\/#primaryimage\",\"url\":\"https:\\\/\\\/www.bellunopress.it\\\/wp-content\\\/uploads\\\/2025\\\/10\\\/Alberto-Stefani_edited.jpg\",\"contentUrl\":\"https:\\\/\\\/www.bellunopress.it\\\/wp-content\\\/uploads\\\/2025\\\/10\\\/Alberto-Stefani_edited.jpg\",\"width\":800,\"height\":800,\"caption\":\"Alberto Stefani - Presidente della Regione del Veneto\"},{\"@type\":\"BreadcrumbList\",\"@id\":\"https:\\\/\\\/www.bellunopress.it\\\/2025\\\/12\\\/23\\\/fondi-europei-stefani-subito-50-milioni-per-piano-casa-e-28-contro-alluvioni\\\/#breadcrumb\",\"itemListElement\":[{\"@type\":\"ListItem\",\"position\":1,\"name\":\"Home\",\"item\":\"https:\\\/\\\/www.bellunopress.it\\\/\"},{\"@type\":\"ListItem\",\"position\":2,\"name\":\"Fondi Europei. Stefani: \u201cSubito 50 milioni per piano casa e 28 contro alluvioni\u201d\"}]},{\"@type\":\"WebSite\",\"@id\":\"https:\\\/\\\/www.bellunopress.it\\\/#website\",\"url\":\"https:\\\/\\\/www.bellunopress.it\\\/\",\"name\":\"Bellunopress - Dolomiti\",\"description\":\"e-mail: redazione@bellunopress.it\",\"publisher\":{\"@id\":\"https:\\\/\\\/www.bellunopress.it\\\/#organization\"},\"potentialAction\":[{\"@type\":\"SearchAction\",\"target\":{\"@type\":\"EntryPoint\",\"urlTemplate\":\"https:\\\/\\\/www.bellunopress.it\\\/?s={search_term_string}\"},\"query-input\":{\"@type\":\"PropertyValueSpecification\",\"valueRequired\":true,\"valueName\":\"search_term_string\"}}],\"inLanguage\":\"fr-FR\"},{\"@type\":\"Organization\",\"@id\":\"https:\\\/\\\/www.bellunopress.it\\\/#organization\",\"name\":\"Bellunopress\",\"url\":\"https:\\\/\\\/www.bellunopress.it\\\/\",\"logo\":{\"@type\":\"ImageObject\",\"inLanguage\":\"fr-FR\",\"@id\":\"https:\\\/\\\/www.bellunopress.it\\\/#\\\/schema\\\/logo\\\/image\\\/\",\"url\":\"https:\\\/\\\/www.bellunopress.it\\\/wp-content\\\/uploads\\\/2011\\\/05\\\/cropped-logo-bellunopress-.jpg\",\"contentUrl\":\"https:\\\/\\\/www.bellunopress.it\\\/wp-content\\\/uploads\\\/2011\\\/05\\\/cropped-logo-bellunopress-.jpg\",\"width\":512,\"height\":512,\"caption\":\"Bellunopress\"},\"image\":{\"@id\":\"https:\\\/\\\/www.bellunopress.it\\\/#\\\/schema\\\/logo\\\/image\\\/\"},\"sameAs\":[\"https:\\\/\\\/www.facebook.com\\\/profile.php?id=100008943462799\",\"https:\\\/\\\/x.com\\\/bellunopress\",\"https:\\\/\\\/www.linkedin.com\\\/hp\\\/?dnr=JBzUWaJfMUw8vbXJJ2tVW5-I3jZKvC4wsoxE&amp;amp;amp;amp;amp;amp;trk=nav_responsive_tab_home\",\"https:\\\/\\\/www.youtube.com\\\/channel\\\/UCxL0wu1uN0_3_7hGG0306cw\"]},{\"@type\":\"Person\",\"@id\":\"https:\\\/\\\/www.bellunopress.it\\\/#\\\/schema\\\/person\\\/79bb06722b37ece1c03d3e94beb30d73\",\"name\":\"redazione\",\"image\":{\"@type\":\"ImageObject\",\"inLanguage\":\"fr-FR\",\"@id\":\"https:\\\/\\\/secure.gravatar.com\\\/avatar\\\/37d968a2e67a6fd04c169c4bdef102d0bc5d31b2546345219e348575eb80e9a0?s=96&d=mm&r=g\",\"url\":\"https:\\\/\\\/secure.gravatar.com\\\/avatar\\\/37d968a2e67a6fd04c169c4bdef102d0bc5d31b2546345219e348575eb80e9a0?s=96&d=mm&r=g\",\"contentUrl\":\"https:\\\/\\\/secure.gravatar.com\\\/avatar\\\/37d968a2e67a6fd04c169c4bdef102d0bc5d31b2546345219e348575eb80e9a0?s=96&d=mm&r=g\",\"caption\":\"redazione\"},\"sameAs\":[\"http:\\\/\\\/www.bellunopress.it\",\"https:\\\/\\\/x.com\\\/bellunopress\"],\"url\":\"https:\\\/\\\/www.bellunopress.it\\\/fr\\\/author\\\/redazione\\\/\"}]}<\/script>\n<!-- \/ Yoast SEO plugin. -->","yoast_head_json":{"title":"Fondi Europei. Stefani: \u201cSubito 50 milioni per piano casa e 28 contro alluvioni\u201d - Bellunopress - Dolomiti","robots":{"index":"index","follow":"follow","max-snippet":"max-snippet:-1","max-image-preview":"max-image-preview:large","max-video-preview":"max-video-preview:-1"},"canonical":"https:\/\/www.bellunopress.it\/fr\/2025\/12\/23\/fondi-europei-stefani-subito-50-milioni-per-piano-casa-e-28-contro-alluvioni\/","og_locale":"fr_FR","og_type":"article","og_title":"Fondi Europei. Stefani: \u201cSubito 50 milioni per piano casa e 28 contro alluvioni\u201d - Bellunopress - Dolomiti","og_description":"Venezia, 23 dicembre 2025\u00a0 &#8211;\u00a0\u00a0Si \u00e8 conclusa attorno alle 11.30 di oggi la prima riunione di Giunta presieduta da Alberto Stefani. Al primo punto dell\u2019ordine del giorno, una delibera recante Determinazioni urgenti in merito all\u2019adesione ai Regolamenti (UE) n. 1913\/2025 e n. 1914\/2025 del Parlamento europeo e del Consiglio del 18\/09\/2025 che modificano i Regolamenti [&hellip;]","og_url":"https:\/\/www.bellunopress.it\/fr\/2025\/12\/23\/fondi-europei-stefani-subito-50-milioni-per-piano-casa-e-28-contro-alluvioni\/","og_site_name":"Bellunopress - Dolomiti","article_publisher":"https:\/\/www.facebook.com\/profile.php?id=100008943462799","article_published_time":"2025-12-23T14:55:32+00:00","og_image":[{"width":800,"height":800,"url":"https:\/\/www.bellunopress.it\/wp-content\/uploads\/2025\/10\/Alberto-Stefani_edited.jpg","type":"image\/jpeg"}],"author":"redazione","twitter_card":"summary_large_image","twitter_creator":"@bellunopress","twitter_site":"@bellunopress","twitter_misc":{"\u00c9crit par":"redazione","Dur\u00e9e de lecture estim\u00e9e":"2 minutes"},"schema":{"@context":"https:\/\/schema.org","@graph":[{"@type":"Article","@id":"https:\/\/www.bellunopress.it\/2025\/12\/23\/fondi-europei-stefani-subito-50-milioni-per-piano-casa-e-28-contro-alluvioni\/#article","isPartOf":{"@id":"https:\/\/www.bellunopress.it\/2025\/12\/23\/fondi-europei-stefani-subito-50-milioni-per-piano-casa-e-28-contro-alluvioni\/"},"author":{"name":"redazione","@id":"https:\/\/www.bellunopress.it\/#\/schema\/person\/79bb06722b37ece1c03d3e94beb30d73"},"headline":"Fondi Europei. Stefani: \u201cSubito 50 milioni per piano casa e 28 contro alluvioni\u201d","datePublished":"2025-12-23T14:55:32+00:00","mainEntityOfPage":{"@id":"https:\/\/www.bellunopress.it\/2025\/12\/23\/fondi-europei-stefani-subito-50-milioni-per-piano-casa-e-28-contro-alluvioni\/"},"wordCount":411,"publisher":{"@id":"https:\/\/www.bellunopress.it\/#organization"},"image":{"@id":"https:\/\/www.bellunopress.it\/2025\/12\/23\/fondi-europei-stefani-subito-50-milioni-per-piano-casa-e-28-contro-alluvioni\/#primaryimage"},"thumbnailUrl":"https:\/\/www.bellunopress.it\/wp-content\/uploads\/2025\/10\/Alberto-Stefani_edited.jpg","articleSection":["Cronaca\/Politica","Prima Pagina"],"inLanguage":"fr-FR"},{"@type":"WebPage","@id":"https:\/\/www.bellunopress.it\/2025\/12\/23\/fondi-europei-stefani-subito-50-milioni-per-piano-casa-e-28-contro-alluvioni\/","url":"https:\/\/www.bellunopress.it\/2025\/12\/23\/fondi-europei-stefani-subito-50-milioni-per-piano-casa-e-28-contro-alluvioni\/","name":"Fondi Europei. Stefani: \u201cSubito 50 milioni per piano casa e 28 contro alluvioni\u201d - Bellunopress - Dolomiti","isPartOf":{"@id":"https:\/\/www.bellunopress.it\/#website"},"primaryImageOfPage":{"@id":"https:\/\/www.bellunopress.it\/2025\/12\/23\/fondi-europei-stefani-subito-50-milioni-per-piano-casa-e-28-contro-alluvioni\/#primaryimage"},"image":{"@id":"https:\/\/www.bellunopress.it\/2025\/12\/23\/fondi-europei-stefani-subito-50-milioni-per-piano-casa-e-28-contro-alluvioni\/#primaryimage"},"thumbnailUrl":"https:\/\/www.bellunopress.it\/wp-content\/uploads\/2025\/10\/Alberto-Stefani_edited.jpg","datePublished":"2025-12-23T14:55:32+00:00","breadcrumb":{"@id":"https:\/\/www.bellunopress.it\/2025\/12\/23\/fondi-europei-stefani-subito-50-milioni-per-piano-casa-e-28-contro-alluvioni\/#breadcrumb"},"inLanguage":"fr-FR","potentialAction":[{"@type":"ReadAction","target":["https:\/\/www.bellunopress.it\/2025\/12\/23\/fondi-europei-stefani-subito-50-milioni-per-piano-casa-e-28-contro-alluvioni\/"]}]},{"@type":"ImageObject","inLanguage":"fr-FR","@id":"https:\/\/www.bellunopress.it\/2025\/12\/23\/fondi-europei-stefani-subito-50-milioni-per-piano-casa-e-28-contro-alluvioni\/#primaryimage","url":"https:\/\/www.bellunopress.it\/wp-content\/uploads\/2025\/10\/Alberto-Stefani_edited.jpg","contentUrl":"https:\/\/www.bellunopress.it\/wp-content\/uploads\/2025\/10\/Alberto-Stefani_edited.jpg","width":800,"height":800,"caption":"Alberto Stefani - Presidente della Regione del Veneto"},{"@type":"BreadcrumbList","@id":"https:\/\/www.bellunopress.it\/2025\/12\/23\/fondi-europei-stefani-subito-50-milioni-per-piano-casa-e-28-contro-alluvioni\/#breadcrumb","itemListElement":[{"@type":"ListItem","position":1,"name":"Home","item":"https:\/\/www.bellunopress.it\/"},{"@type":"ListItem","position":2,"name":"Fondi Europei. Stefani: \u201cSubito 50 milioni per piano casa e 28 contro alluvioni\u201d"}]},{"@type":"WebSite","@id":"https:\/\/www.bellunopress.it\/#website","url":"https:\/\/www.bellunopress.it\/","name":"Bellunopress - Dolomiti","description":"e-mail: redazione@bellunopress.it","publisher":{"@id":"https:\/\/www.bellunopress.it\/#organization"},"potentialAction":[{"@type":"SearchAction","target":{"@type":"EntryPoint","urlTemplate":"https:\/\/www.bellunopress.it\/?s={search_term_string}"},"query-input":{"@type":"PropertyValueSpecification","valueRequired":true,"valueName":"search_term_string"}}],"inLanguage":"fr-FR"},{"@type":"Organization","@id":"https:\/\/www.bellunopress.it\/#organization","name":"Bellunopress","url":"https:\/\/www.bellunopress.it\/","logo":{"@type":"ImageObject","inLanguage":"fr-FR","@id":"https:\/\/www.bellunopress.it\/#\/schema\/logo\/image\/","url":"https:\/\/www.bellunopress.it\/wp-content\/uploads\/2011\/05\/cropped-logo-bellunopress-.jpg","contentUrl":"https:\/\/www.bellunopress.it\/wp-content\/uploads\/2011\/05\/cropped-logo-bellunopress-.jpg","width":512,"height":512,"caption":"Bellunopress"},"image":{"@id":"https:\/\/www.bellunopress.it\/#\/schema\/logo\/image\/"},"sameAs":["https:\/\/www.facebook.com\/profile.php?id=100008943462799","https:\/\/x.com\/bellunopress","https:\/\/www.linkedin.com\/hp\/?dnr=JBzUWaJfMUw8vbXJJ2tVW5-I3jZKvC4wsoxE&amp;amp;amp;amp;amp;amp;trk=nav_responsive_tab_home","https:\/\/www.youtube.com\/channel\/UCxL0wu1uN0_3_7hGG0306cw"]},{"@type":"Person","@id":"https:\/\/www.bellunopress.it\/#\/schema\/person\/79bb06722b37ece1c03d3e94beb30d73","name":"r\u00e9daction","image":{"@type":"ImageObject","inLanguage":"fr-FR","@id":"https:\/\/secure.gravatar.com\/avatar\/37d968a2e67a6fd04c169c4bdef102d0bc5d31b2546345219e348575eb80e9a0?s=96&d=mm&r=g","url":"https:\/\/secure.gravatar.com\/avatar\/37d968a2e67a6fd04c169c4bdef102d0bc5d31b2546345219e348575eb80e9a0?s=96&d=mm&r=g","contentUrl":"https:\/\/secure.gravatar.com\/avatar\/37d968a2e67a6fd04c169c4bdef102d0bc5d31b2546345219e348575eb80e9a0?s=96&d=mm&r=g","caption":"redazione"},"sameAs":["http:\/\/www.bellunopress.it","https:\/\/x.com\/bellunopress"],"url":"https:\/\/www.bellunopress.it\/fr\/author\/redazione\/"}]}},"_links":{"self":[{"href":"https:\/\/www.bellunopress.it\/fr\/wp-json\/wp\/v2\/posts\/165978","targetHints":{"allow":["GET"]}}],"collection":[{"href":"https:\/\/www.bellunopress.it\/fr\/wp-json\/wp\/v2\/posts"}],"about":[{"href":"https:\/\/www.bellunopress.it\/fr\/wp-json\/wp\/v2\/types\/post"}],"author":[{"embeddable":true,"href":"https:\/\/www.bellunopress.it\/fr\/wp-json\/wp\/v2\/users\/2"}],"replies":[{"embeddable":true,"href":"https:\/\/www.bellunopress.it\/fr\/wp-json\/wp\/v2\/comments?post=165978"}],"version-history":[{"count":1,"href":"https:\/\/www.bellunopress.it\/fr\/wp-json\/wp\/v2\/posts\/165978\/revisions"}],"predecessor-version":[{"id":165980,"href":"https:\/\/www.bellunopress.it\/fr\/wp-json\/wp\/v2\/posts\/165978\/revisions\/165980"}],"wp:featuredmedia":[{"embeddable":true,"href":"https:\/\/www.bellunopress.it\/fr\/wp-json\/wp\/v2\/media\/163956"}],"wp:attachment":[{"href":"https:\/\/www.bellunopress.it\/fr\/wp-json\/wp\/v2\/media?parent=165978"}],"wp:term":[{"taxonomy":"category","embeddable":true,"href":"https:\/\/www.bellunopress.it\/fr\/wp-json\/wp\/v2\/categories?post=165978"},{"taxonomy":"post_tag","embeddable":true,"href":"https:\/\/www.bellunopress.it\/fr\/wp-json\/wp\/v2\/tags?post=165978"}],"curies":[{"name":"wp","href":"https:\/\/api.w.org\/{rel}","templated":true}]}}