{"id":165919,"date":"2025-12-20T16:07:06","date_gmt":"2025-12-20T15:07:06","guid":{"rendered":"https:\/\/www.bellunopress.it\/?p=165919"},"modified":"2025-12-20T16:07:06","modified_gmt":"2025-12-20T15:07:06","slug":"note-di-natale-alla-scuola-zanon-di-castion","status":"publish","type":"post","link":"https:\/\/www.bellunopress.it\/fr\/2025\/12\/20\/note-di-natale-alla-scuola-zanon-di-castion\/","title":{"rendered":"Note di Natale alla Scuola &#8220;Zanon&#8221; di Castion"},"content":{"rendered":"<p><img loading=\"lazy\" decoding=\"async\" class=\"aligncenter size-full wp-image-165920\" src=\"https:\/\/www.bellunopress.it\/wp-content\/uploads\/2025\/12\/Natale-Scuola-Zanon-di-Castion.jpg\" alt=\"\" width=\"600\" height=\"450\" srcset=\"https:\/\/www.bellunopress.it\/wp-content\/uploads\/2025\/12\/Natale-Scuola-Zanon-di-Castion.jpg 600w, https:\/\/www.bellunopress.it\/wp-content\/uploads\/2025\/12\/Natale-Scuola-Zanon-di-Castion-500x375.jpg 500w, https:\/\/www.bellunopress.it\/wp-content\/uploads\/2025\/12\/Natale-Scuola-Zanon-di-Castion-560x420.jpg 560w, https:\/\/www.bellunopress.it\/wp-content\/uploads\/2025\/12\/Natale-Scuola-Zanon-di-Castion-80x60.jpg 80w\" sizes=\"auto, (max-width: 600px) 100vw, 600px\" \/>Belluno, 20 dicembre 2025 &#8211; Nel giorno del solstizio d\u2019inverno, la palestra della scuola secondaria di I grado &#8220;Zanon&#8221; di Castion si \u00e8 trasformata in un palcoscenico vibrante di emozioni. Sabato 20 dicembre 2025, si \u00e8 rinnovato l\u2019atteso appuntamento con il Concerto di Natale, un evento che quest\u2019anno ha saputo unire la magia della musica a un profondo senso di comunit\u00e0 e riconoscimento del merito scolastico.<\/p>\n<p>Il concerto, curato con dedizione dai docenti dell\u2019indirizzo musicale, ha visto protagonisti non solo gli alunni della media &#8220;Zanon&#8221;, ma anche, per la prima volta, le classi quinte dei plessi della Primaria di Badilet e Castion. Questa partecipazione ha rappresentato un esempio virtuoso di &#8220;lavoro in verticale&#8221;, una sinergia tra diversi ordini di scuola che ha arricchito l&#8217;esecuzione di brani della tradizione natalizia e grandi classici della storia della musica.<\/p>\n<p>Dalle note travolgenti di \u201cOh Happy Day\u201d, che ha coinvolto il pubblico in un applauso ritmico, alla commozione suscitata da \u201cWe Shall Overcome\u201d di Joan Baez, fino all\u2019energia pop di \u201cCon un Deca\u201d degli 883: il repertorio ha saputo toccare corde diverse, regalando serenit\u00e0 ed entusiasmo alle numerose famiglie presenti.<\/p>\n<p>La musica ha fatto da cornice alla solenne cerimonia di consegna delle borse di studio, un momento reso possibile dal contributo del Comitato Genitori &#8220;Zanon&#8221;, guidato da Elisabetta Ridolfo, e dal fondo intitolato alla scomparsa signora Campo Bagatin.<\/p>\n<p>Particolarmente toccante il richiamo all\u2019eredit\u00e0 etica della signora Bagatin: il suo lascito \u00e8 destinato prioritariamente agli alunni di famiglie immigrate, in ricordo del suo passato di italiana all&#8217;estero. Un gesto che trasforma il premio al merito in un messaggio di accoglienza e integrazione.<\/p>\n<p>I premiati per l&#8217;impegno e la costanza nell&#8217;anno scolastico precedente:<\/p>\n<p>Classi Prime (ora 2^): Anna De Gasperin (2A), Filippo Casarotti (2B), Lorenzo De Salvador (2B), Viola Capraro (2C), Ester Favero (2C).<\/p>\n<p>Classi Seconde (ora 3^): Isabella Dal Farra (3A), Arianna Panella (3A), Yari D&#8217;Inc\u00e0 (3B), Hiba Ait Draa (3B), Federico Occhipinti (3C).<\/p>\n<p>Alla cerimonia sono intervenuti l&#8217;assessore del Comune di Belluno, Marco Dal Pont, e il parroco di Castion, don Marco De March. Insieme al dirigente scolastico, Antonio Rimentano, hanno premiato gli studenti sottolineando l&#8217;importanza del talento coltivato con il lavoro metodico.<\/p>\n<p>&#8220;Questa sinergia tra studenti e docenti ci fa sperare in un futuro luminoso,&#8221; ha dichiarato il dirigente Rimentano, elogiando il lavoro dei professori De Toffol, Parisi, Gazzi, Triches, Tormen e Giuffrida (curatore quest&#8217;ultimo anche della logistica).<\/p>\n<p>La mattinata si \u00e8 conclusa nel cortile dell\u2019istituto con un rinfresco organizzato dal dinamico Comitato Genitori. Tra un brindisi e uno scambio di auguri, la comunit\u00e0 di Castion ha celebrato non solo il Natale, ma la forza di una scuola che sa essere, allo stesso tempo, centro educativo e cuore pulsante del territorio.<\/p>","protected":false},"excerpt":{"rendered":"<p>Belluno, 20 dicembre 2025 &#8211; Nel giorno del solstizio d\u2019inverno, la palestra della scuola secondaria di I grado &#8220;Zanon&#8221; di Castion si \u00e8 trasformata in un palcoscenico vibrante di emozioni. Sabato 20 dicembre 2025, si \u00e8 rinnovato l\u2019atteso appuntamento con il Concerto di Natale, un evento che quest\u2019anno ha saputo unire la magia della musica [&hellip;]<\/p>\n","protected":false},"author":2,"featured_media":165920,"comment_status":"closed","ping_status":"open","sticky":false,"template":"","format":"standard","meta":{"footnotes":""},"categories":[26,15],"tags":[],"class_list":["post-165919","post","type-post","status-publish","format-standard","has-post-thumbnail","category-prima-pagina","category-scuola"],"yoast_head":"<!-- This site is optimized with the Yoast SEO plugin v28.4 - https:\/\/yoast.com\/product\/yoast-seo-wordpress\/ -->\n<title>Note di Natale alla Scuola &quot;Zanon&quot; di Castion - Bellunopress - Dolomiti<\/title>\n<meta name=\"robots\" content=\"index, follow, max-snippet:-1, max-image-preview:large, max-video-preview:-1\" \/>\n<link rel=\"canonical\" href=\"https:\/\/www.bellunopress.it\/fr\/2025\/12\/20\/note-di-natale-alla-scuola-zanon-di-castion\/\" \/>\n<meta property=\"og:locale\" content=\"fr_FR\" \/>\n<meta property=\"og:type\" content=\"article\" \/>\n<meta property=\"og:title\" content=\"Note di Natale alla Scuola &quot;Zanon&quot; di Castion - Bellunopress - Dolomiti\" \/>\n<meta property=\"og:description\" content=\"Belluno, 20 dicembre 2025 &#8211; Nel giorno del solstizio d\u2019inverno, la palestra della scuola secondaria di I grado &#8220;Zanon&#8221; di Castion si \u00e8 trasformata in un palcoscenico vibrante di emozioni. Sabato 20 dicembre 2025, si \u00e8 rinnovato l\u2019atteso appuntamento con il Concerto di Natale, un evento che quest\u2019anno ha saputo unire la magia della musica [&hellip;]\" \/>\n<meta property=\"og:url\" content=\"https:\/\/www.bellunopress.it\/fr\/2025\/12\/20\/note-di-natale-alla-scuola-zanon-di-castion\/\" \/>\n<meta property=\"og:site_name\" content=\"Bellunopress - Dolomiti\" \/>\n<meta property=\"article:publisher\" content=\"https:\/\/www.facebook.com\/profile.php?id=100008943462799\" \/>\n<meta property=\"article:published_time\" content=\"2025-12-20T15:07:06+00:00\" \/>\n<meta property=\"og:image\" content=\"https:\/\/www.bellunopress.it\/wp-content\/uploads\/2025\/12\/Natale-Scuola-Zanon-di-Castion.jpg\" \/>\n\t<meta property=\"og:image:width\" content=\"600\" \/>\n\t<meta property=\"og:image:height\" content=\"450\" \/>\n\t<meta property=\"og:image:type\" content=\"image\/jpeg\" \/>\n<meta name=\"author\" content=\"redazione\" \/>\n<meta name=\"twitter:card\" content=\"summary_large_image\" \/>\n<meta name=\"twitter:creator\" content=\"@bellunopress\" \/>\n<meta name=\"twitter:site\" content=\"@bellunopress\" \/>\n<meta name=\"twitter:label1\" content=\"\u00c9crit par\" \/>\n\t<meta name=\"twitter:data1\" content=\"redazione\" \/>\n\t<meta name=\"twitter:label2\" content=\"Dur\u00e9e de lecture estim\u00e9e\" \/>\n\t<meta name=\"twitter:data2\" content=\"2 minutes\" \/>\n<script type=\"application\/ld+json\" class=\"yoast-schema-graph\">{\"@context\":\"https:\\\/\\\/schema.org\",\"@graph\":[{\"@type\":\"Article\",\"@id\":\"https:\\\/\\\/www.bellunopress.it\\\/2025\\\/12\\\/20\\\/note-di-natale-alla-scuola-zanon-di-castion\\\/#article\",\"isPartOf\":{\"@id\":\"https:\\\/\\\/www.bellunopress.it\\\/2025\\\/12\\\/20\\\/note-di-natale-alla-scuola-zanon-di-castion\\\/\"},\"author\":{\"name\":\"redazione\",\"@id\":\"https:\\\/\\\/www.bellunopress.it\\\/#\\\/schema\\\/person\\\/79bb06722b37ece1c03d3e94beb30d73\"},\"headline\":\"Note di Natale alla Scuola &#8220;Zanon&#8221; di Castion\",\"datePublished\":\"2025-12-20T15:07:06+00:00\",\"mainEntityOfPage\":{\"@id\":\"https:\\\/\\\/www.bellunopress.it\\\/2025\\\/12\\\/20\\\/note-di-natale-alla-scuola-zanon-di-castion\\\/\"},\"wordCount\":460,\"publisher\":{\"@id\":\"https:\\\/\\\/www.bellunopress.it\\\/#organization\"},\"image\":{\"@id\":\"https:\\\/\\\/www.bellunopress.it\\\/2025\\\/12\\\/20\\\/note-di-natale-alla-scuola-zanon-di-castion\\\/#primaryimage\"},\"thumbnailUrl\":\"https:\\\/\\\/www.bellunopress.it\\\/wp-content\\\/uploads\\\/2025\\\/12\\\/Natale-Scuola-Zanon-di-Castion.jpg\",\"articleSection\":[\"Prima Pagina\",\"Scuola\"],\"inLanguage\":\"fr-FR\"},{\"@type\":\"WebPage\",\"@id\":\"https:\\\/\\\/www.bellunopress.it\\\/2025\\\/12\\\/20\\\/note-di-natale-alla-scuola-zanon-di-castion\\\/\",\"url\":\"https:\\\/\\\/www.bellunopress.it\\\/2025\\\/12\\\/20\\\/note-di-natale-alla-scuola-zanon-di-castion\\\/\",\"name\":\"Note di Natale alla Scuola \\\"Zanon\\\" di Castion - Bellunopress - Dolomiti\",\"isPartOf\":{\"@id\":\"https:\\\/\\\/www.bellunopress.it\\\/#website\"},\"primaryImageOfPage\":{\"@id\":\"https:\\\/\\\/www.bellunopress.it\\\/2025\\\/12\\\/20\\\/note-di-natale-alla-scuola-zanon-di-castion\\\/#primaryimage\"},\"image\":{\"@id\":\"https:\\\/\\\/www.bellunopress.it\\\/2025\\\/12\\\/20\\\/note-di-natale-alla-scuola-zanon-di-castion\\\/#primaryimage\"},\"thumbnailUrl\":\"https:\\\/\\\/www.bellunopress.it\\\/wp-content\\\/uploads\\\/2025\\\/12\\\/Natale-Scuola-Zanon-di-Castion.jpg\",\"datePublished\":\"2025-12-20T15:07:06+00:00\",\"breadcrumb\":{\"@id\":\"https:\\\/\\\/www.bellunopress.it\\\/2025\\\/12\\\/20\\\/note-di-natale-alla-scuola-zanon-di-castion\\\/#breadcrumb\"},\"inLanguage\":\"fr-FR\",\"potentialAction\":[{\"@type\":\"ReadAction\",\"target\":[\"https:\\\/\\\/www.bellunopress.it\\\/2025\\\/12\\\/20\\\/note-di-natale-alla-scuola-zanon-di-castion\\\/\"]}]},{\"@type\":\"ImageObject\",\"inLanguage\":\"fr-FR\",\"@id\":\"https:\\\/\\\/www.bellunopress.it\\\/2025\\\/12\\\/20\\\/note-di-natale-alla-scuola-zanon-di-castion\\\/#primaryimage\",\"url\":\"https:\\\/\\\/www.bellunopress.it\\\/wp-content\\\/uploads\\\/2025\\\/12\\\/Natale-Scuola-Zanon-di-Castion.jpg\",\"contentUrl\":\"https:\\\/\\\/www.bellunopress.it\\\/wp-content\\\/uploads\\\/2025\\\/12\\\/Natale-Scuola-Zanon-di-Castion.jpg\",\"width\":600,\"height\":450},{\"@type\":\"BreadcrumbList\",\"@id\":\"https:\\\/\\\/www.bellunopress.it\\\/2025\\\/12\\\/20\\\/note-di-natale-alla-scuola-zanon-di-castion\\\/#breadcrumb\",\"itemListElement\":[{\"@type\":\"ListItem\",\"position\":1,\"name\":\"Home\",\"item\":\"https:\\\/\\\/www.bellunopress.it\\\/\"},{\"@type\":\"ListItem\",\"position\":2,\"name\":\"Note di Natale alla Scuola &#8220;Zanon&#8221; di Castion\"}]},{\"@type\":\"WebSite\",\"@id\":\"https:\\\/\\\/www.bellunopress.it\\\/#website\",\"url\":\"https:\\\/\\\/www.bellunopress.it\\\/\",\"name\":\"Bellunopress - Dolomiti\",\"description\":\"e-mail: redazione@bellunopress.it\",\"publisher\":{\"@id\":\"https:\\\/\\\/www.bellunopress.it\\\/#organization\"},\"potentialAction\":[{\"@type\":\"SearchAction\",\"target\":{\"@type\":\"EntryPoint\",\"urlTemplate\":\"https:\\\/\\\/www.bellunopress.it\\\/?s={search_term_string}\"},\"query-input\":{\"@type\":\"PropertyValueSpecification\",\"valueRequired\":true,\"valueName\":\"search_term_string\"}}],\"inLanguage\":\"fr-FR\"},{\"@type\":\"Organization\",\"@id\":\"https:\\\/\\\/www.bellunopress.it\\\/#organization\",\"name\":\"Bellunopress\",\"url\":\"https:\\\/\\\/www.bellunopress.it\\\/\",\"logo\":{\"@type\":\"ImageObject\",\"inLanguage\":\"fr-FR\",\"@id\":\"https:\\\/\\\/www.bellunopress.it\\\/#\\\/schema\\\/logo\\\/image\\\/\",\"url\":\"https:\\\/\\\/www.bellunopress.it\\\/wp-content\\\/uploads\\\/2011\\\/05\\\/cropped-logo-bellunopress-.jpg\",\"contentUrl\":\"https:\\\/\\\/www.bellunopress.it\\\/wp-content\\\/uploads\\\/2011\\\/05\\\/cropped-logo-bellunopress-.jpg\",\"width\":512,\"height\":512,\"caption\":\"Bellunopress\"},\"image\":{\"@id\":\"https:\\\/\\\/www.bellunopress.it\\\/#\\\/schema\\\/logo\\\/image\\\/\"},\"sameAs\":[\"https:\\\/\\\/www.facebook.com\\\/profile.php?id=100008943462799\",\"https:\\\/\\\/x.com\\\/bellunopress\",\"https:\\\/\\\/www.linkedin.com\\\/hp\\\/?dnr=JBzUWaJfMUw8vbXJJ2tVW5-I3jZKvC4wsoxE&amp;amp;amp;amp;amp;amp;trk=nav_responsive_tab_home\",\"https:\\\/\\\/www.youtube.com\\\/channel\\\/UCxL0wu1uN0_3_7hGG0306cw\"]},{\"@type\":\"Person\",\"@id\":\"https:\\\/\\\/www.bellunopress.it\\\/#\\\/schema\\\/person\\\/79bb06722b37ece1c03d3e94beb30d73\",\"name\":\"redazione\",\"image\":{\"@type\":\"ImageObject\",\"inLanguage\":\"fr-FR\",\"@id\":\"https:\\\/\\\/secure.gravatar.com\\\/avatar\\\/37d968a2e67a6fd04c169c4bdef102d0bc5d31b2546345219e348575eb80e9a0?s=96&d=mm&r=g\",\"url\":\"https:\\\/\\\/secure.gravatar.com\\\/avatar\\\/37d968a2e67a6fd04c169c4bdef102d0bc5d31b2546345219e348575eb80e9a0?s=96&d=mm&r=g\",\"contentUrl\":\"https:\\\/\\\/secure.gravatar.com\\\/avatar\\\/37d968a2e67a6fd04c169c4bdef102d0bc5d31b2546345219e348575eb80e9a0?s=96&d=mm&r=g\",\"caption\":\"redazione\"},\"sameAs\":[\"http:\\\/\\\/www.bellunopress.it\",\"https:\\\/\\\/x.com\\\/bellunopress\"],\"url\":\"https:\\\/\\\/www.bellunopress.it\\\/fr\\\/author\\\/redazione\\\/\"}]}<\/script>\n<!-- \/ Yoast SEO plugin. -->","yoast_head_json":{"title":"Note di Natale alla Scuola \"Zanon\" di Castion - Bellunopress - Dolomiti","robots":{"index":"index","follow":"follow","max-snippet":"max-snippet:-1","max-image-preview":"max-image-preview:large","max-video-preview":"max-video-preview:-1"},"canonical":"https:\/\/www.bellunopress.it\/fr\/2025\/12\/20\/note-di-natale-alla-scuola-zanon-di-castion\/","og_locale":"fr_FR","og_type":"article","og_title":"Note di Natale alla Scuola \"Zanon\" di Castion - Bellunopress - Dolomiti","og_description":"Belluno, 20 dicembre 2025 &#8211; Nel giorno del solstizio d\u2019inverno, la palestra della scuola secondaria di I grado &#8220;Zanon&#8221; di Castion si \u00e8 trasformata in un palcoscenico vibrante di emozioni. Sabato 20 dicembre 2025, si \u00e8 rinnovato l\u2019atteso appuntamento con il Concerto di Natale, un evento che quest\u2019anno ha saputo unire la magia della musica [&hellip;]","og_url":"https:\/\/www.bellunopress.it\/fr\/2025\/12\/20\/note-di-natale-alla-scuola-zanon-di-castion\/","og_site_name":"Bellunopress - Dolomiti","article_publisher":"https:\/\/www.facebook.com\/profile.php?id=100008943462799","article_published_time":"2025-12-20T15:07:06+00:00","og_image":[{"width":600,"height":450,"url":"https:\/\/www.bellunopress.it\/wp-content\/uploads\/2025\/12\/Natale-Scuola-Zanon-di-Castion.jpg","type":"image\/jpeg"}],"author":"redazione","twitter_card":"summary_large_image","twitter_creator":"@bellunopress","twitter_site":"@bellunopress","twitter_misc":{"\u00c9crit par":"redazione","Dur\u00e9e de lecture estim\u00e9e":"2 minutes"},"schema":{"@context":"https:\/\/schema.org","@graph":[{"@type":"Article","@id":"https:\/\/www.bellunopress.it\/2025\/12\/20\/note-di-natale-alla-scuola-zanon-di-castion\/#article","isPartOf":{"@id":"https:\/\/www.bellunopress.it\/2025\/12\/20\/note-di-natale-alla-scuola-zanon-di-castion\/"},"author":{"name":"redazione","@id":"https:\/\/www.bellunopress.it\/#\/schema\/person\/79bb06722b37ece1c03d3e94beb30d73"},"headline":"Note di Natale alla Scuola &#8220;Zanon&#8221; di Castion","datePublished":"2025-12-20T15:07:06+00:00","mainEntityOfPage":{"@id":"https:\/\/www.bellunopress.it\/2025\/12\/20\/note-di-natale-alla-scuola-zanon-di-castion\/"},"wordCount":460,"publisher":{"@id":"https:\/\/www.bellunopress.it\/#organization"},"image":{"@id":"https:\/\/www.bellunopress.it\/2025\/12\/20\/note-di-natale-alla-scuola-zanon-di-castion\/#primaryimage"},"thumbnailUrl":"https:\/\/www.bellunopress.it\/wp-content\/uploads\/2025\/12\/Natale-Scuola-Zanon-di-Castion.jpg","articleSection":["Prima Pagina","Scuola"],"inLanguage":"fr-FR"},{"@type":"WebPage","@id":"https:\/\/www.bellunopress.it\/2025\/12\/20\/note-di-natale-alla-scuola-zanon-di-castion\/","url":"https:\/\/www.bellunopress.it\/2025\/12\/20\/note-di-natale-alla-scuola-zanon-di-castion\/","name":"Note di Natale alla Scuola \"Zanon\" di Castion - Bellunopress - Dolomiti","isPartOf":{"@id":"https:\/\/www.bellunopress.it\/#website"},"primaryImageOfPage":{"@id":"https:\/\/www.bellunopress.it\/2025\/12\/20\/note-di-natale-alla-scuola-zanon-di-castion\/#primaryimage"},"image":{"@id":"https:\/\/www.bellunopress.it\/2025\/12\/20\/note-di-natale-alla-scuola-zanon-di-castion\/#primaryimage"},"thumbnailUrl":"https:\/\/www.bellunopress.it\/wp-content\/uploads\/2025\/12\/Natale-Scuola-Zanon-di-Castion.jpg","datePublished":"2025-12-20T15:07:06+00:00","breadcrumb":{"@id":"https:\/\/www.bellunopress.it\/2025\/12\/20\/note-di-natale-alla-scuola-zanon-di-castion\/#breadcrumb"},"inLanguage":"fr-FR","potentialAction":[{"@type":"ReadAction","target":["https:\/\/www.bellunopress.it\/2025\/12\/20\/note-di-natale-alla-scuola-zanon-di-castion\/"]}]},{"@type":"ImageObject","inLanguage":"fr-FR","@id":"https:\/\/www.bellunopress.it\/2025\/12\/20\/note-di-natale-alla-scuola-zanon-di-castion\/#primaryimage","url":"https:\/\/www.bellunopress.it\/wp-content\/uploads\/2025\/12\/Natale-Scuola-Zanon-di-Castion.jpg","contentUrl":"https:\/\/www.bellunopress.it\/wp-content\/uploads\/2025\/12\/Natale-Scuola-Zanon-di-Castion.jpg","width":600,"height":450},{"@type":"BreadcrumbList","@id":"https:\/\/www.bellunopress.it\/2025\/12\/20\/note-di-natale-alla-scuola-zanon-di-castion\/#breadcrumb","itemListElement":[{"@type":"ListItem","position":1,"name":"Home","item":"https:\/\/www.bellunopress.it\/"},{"@type":"ListItem","position":2,"name":"Note di Natale alla Scuola &#8220;Zanon&#8221; di Castion"}]},{"@type":"WebSite","@id":"https:\/\/www.bellunopress.it\/#website","url":"https:\/\/www.bellunopress.it\/","name":"Bellunopress - Dolomiti","description":"e-mail: redazione@bellunopress.it","publisher":{"@id":"https:\/\/www.bellunopress.it\/#organization"},"potentialAction":[{"@type":"SearchAction","target":{"@type":"EntryPoint","urlTemplate":"https:\/\/www.bellunopress.it\/?s={search_term_string}"},"query-input":{"@type":"PropertyValueSpecification","valueRequired":true,"valueName":"search_term_string"}}],"inLanguage":"fr-FR"},{"@type":"Organization","@id":"https:\/\/www.bellunopress.it\/#organization","name":"Bellunopress","url":"https:\/\/www.bellunopress.it\/","logo":{"@type":"ImageObject","inLanguage":"fr-FR","@id":"https:\/\/www.bellunopress.it\/#\/schema\/logo\/image\/","url":"https:\/\/www.bellunopress.it\/wp-content\/uploads\/2011\/05\/cropped-logo-bellunopress-.jpg","contentUrl":"https:\/\/www.bellunopress.it\/wp-content\/uploads\/2011\/05\/cropped-logo-bellunopress-.jpg","width":512,"height":512,"caption":"Bellunopress"},"image":{"@id":"https:\/\/www.bellunopress.it\/#\/schema\/logo\/image\/"},"sameAs":["https:\/\/www.facebook.com\/profile.php?id=100008943462799","https:\/\/x.com\/bellunopress","https:\/\/www.linkedin.com\/hp\/?dnr=JBzUWaJfMUw8vbXJJ2tVW5-I3jZKvC4wsoxE&amp;amp;amp;amp;amp;amp;trk=nav_responsive_tab_home","https:\/\/www.youtube.com\/channel\/UCxL0wu1uN0_3_7hGG0306cw"]},{"@type":"Person","@id":"https:\/\/www.bellunopress.it\/#\/schema\/person\/79bb06722b37ece1c03d3e94beb30d73","name":"r\u00e9daction","image":{"@type":"ImageObject","inLanguage":"fr-FR","@id":"https:\/\/secure.gravatar.com\/avatar\/37d968a2e67a6fd04c169c4bdef102d0bc5d31b2546345219e348575eb80e9a0?s=96&d=mm&r=g","url":"https:\/\/secure.gravatar.com\/avatar\/37d968a2e67a6fd04c169c4bdef102d0bc5d31b2546345219e348575eb80e9a0?s=96&d=mm&r=g","contentUrl":"https:\/\/secure.gravatar.com\/avatar\/37d968a2e67a6fd04c169c4bdef102d0bc5d31b2546345219e348575eb80e9a0?s=96&d=mm&r=g","caption":"redazione"},"sameAs":["http:\/\/www.bellunopress.it","https:\/\/x.com\/bellunopress"],"url":"https:\/\/www.bellunopress.it\/fr\/author\/redazione\/"}]}},"_links":{"self":[{"href":"https:\/\/www.bellunopress.it\/fr\/wp-json\/wp\/v2\/posts\/165919","targetHints":{"allow":["GET"]}}],"collection":[{"href":"https:\/\/www.bellunopress.it\/fr\/wp-json\/wp\/v2\/posts"}],"about":[{"href":"https:\/\/www.bellunopress.it\/fr\/wp-json\/wp\/v2\/types\/post"}],"author":[{"embeddable":true,"href":"https:\/\/www.bellunopress.it\/fr\/wp-json\/wp\/v2\/users\/2"}],"replies":[{"embeddable":true,"href":"https:\/\/www.bellunopress.it\/fr\/wp-json\/wp\/v2\/comments?post=165919"}],"version-history":[{"count":1,"href":"https:\/\/www.bellunopress.it\/fr\/wp-json\/wp\/v2\/posts\/165919\/revisions"}],"predecessor-version":[{"id":165921,"href":"https:\/\/www.bellunopress.it\/fr\/wp-json\/wp\/v2\/posts\/165919\/revisions\/165921"}],"wp:featuredmedia":[{"embeddable":true,"href":"https:\/\/www.bellunopress.it\/fr\/wp-json\/wp\/v2\/media\/165920"}],"wp:attachment":[{"href":"https:\/\/www.bellunopress.it\/fr\/wp-json\/wp\/v2\/media?parent=165919"}],"wp:term":[{"taxonomy":"category","embeddable":true,"href":"https:\/\/www.bellunopress.it\/fr\/wp-json\/wp\/v2\/categories?post=165919"},{"taxonomy":"post_tag","embeddable":true,"href":"https:\/\/www.bellunopress.it\/fr\/wp-json\/wp\/v2\/tags?post=165919"}],"curies":[{"name":"wp","href":"https:\/\/api.w.org\/{rel}","templated":true}]}}