{"id":165904,"date":"2025-12-19T20:47:27","date_gmt":"2025-12-19T19:47:27","guid":{"rendered":"https:\/\/www.bellunopress.it\/?p=165904"},"modified":"2025-12-19T20:47:27","modified_gmt":"2025-12-19T19:47:27","slug":"belluno-la-giunta-risponde-alle-interrogazioni","status":"publish","type":"post","link":"https:\/\/www.bellunopress.it\/fr\/2025\/12\/19\/belluno-la-giunta-risponde-alle-interrogazioni\/","title":{"rendered":"Belluno, la giunta risponde alle interrogazioni"},"content":{"rendered":"<p><strong>\u201cTPL, linea Lilla, quale seguito alla petizione popolare e alla approvazione dell\u2019odg collegato?\u201d<\/strong><\/p>\n<figure id=\"attachment_135822\" aria-describedby=\"caption-attachment-135822\" style=\"width: 446px\" class=\"wp-caption aligncenter\"><img loading=\"lazy\" decoding=\"async\" class=\"size-full wp-image-135822\" src=\"https:\/\/www.bellunopress.it\/wp-content\/uploads\/2022\/08\/Paolo-Gamba.jpg\" alt=\"\" width=\"446\" height=\"545\" srcset=\"https:\/\/www.bellunopress.it\/wp-content\/uploads\/2022\/08\/Paolo-Gamba.jpg 446w, https:\/\/www.bellunopress.it\/wp-content\/uploads\/2022\/08\/Paolo-Gamba-409x500.jpg 409w, https:\/\/www.bellunopress.it\/wp-content\/uploads\/2022\/08\/Paolo-Gamba-344x420.jpg 344w\" sizes=\"auto, (max-width: 446px) 100vw, 446px\" \/><figcaption id=\"caption-attachment-135822\" class=\"wp-caption-text\">Paolo Gamba, vicesindaco di Belluno e assessore al Bilancio<\/figcaption><\/figure>\n<p>Di seguito la risposta del vice sindaco e assessore alla mobilit\u00e0 Paolo Gamba all\u2019interrogazione \u201cTPL, linea Lilla, quale seguito alla petizione popolare e alla approvazione dell\u2019odg collegato?\u201d presentata dalla consigliera del PD Maria Teresa Cassol per conoscere quali azioni metter\u00e0 in atto l\u2019Amministrazione comunale per dare seguito alla petizione popolare che chiedeva il ripristino nell\u2019orario invernale delle corse a orario fisso nella linea Lilla, mantenendo il servizio attualmente in attivit\u00e0, Trillo, come integrativo.<\/p>\n<p>Il vice sindaco Gamba ha ribadito l\u2019attenzione dell\u2019Amministrazione sul tema del trasporto pubblico locale, confermando di aver avuto in questi mesi un dialogo continuo con Dolomiti Bus in merito alle richieste degli utenti della linea Lilla. Ad oggi il dialogo \u00e8 ancora in corso, ma ci potrebbero essere sviluppi nei prossimi mesi. \u201cLe criticit\u00e0 segnalate dai residenti delle frazioni servite dalla linea Lilla sono state affrontate pi\u00f9 volte nel corso del tempo, gi\u00e0 prima dell\u2019esame della petizione in Consiglio comunale \u2013 le parole di Gamba -. Anche successivamente alla deliberazione consiliare del 31 ottobre 2025, la Giunta ha mantenuto un confronto continuo con Dolomiti Bus, attraverso interlocuzioni costanti e dirette, con l\u2019obiettivo di migliorare non solo la linea Lilla ma l\u2019intero sistema del trasporto pubblico cittadino. In fase di predisposizione dell\u2019orario invernale 2025\u20132026, l\u2019Amministrazione aveva gi\u00e0 avanzato richieste puntuali: la riduzione a 30 minuti del tempo di prenotazione del servizio a chiamata Trillo e l\u2019introduzione di almeno una corsa a orario fisso in fascia serale, tra le 18 e le 20, sulle linee B, H, A ed L. La prima richiesta \u00e8 stata accolta dal gestore, mentre sull\u2019inserimento di corse a orario fisso Dolomiti Bus ha evidenziato, sulla base dei dati di utilizzo, l\u2019assenza di una domanda tale da giustificare una modifica strutturale del servizio, riservandosi comunque di rivalutare la situazione dopo un pe-riodo di monitoraggio\u201d.<\/p>\n<p>A fronte delle numerose sollecitazioni pervenute, l\u2019Amministrazione ha reiterato la richiesta di programmare corse a orario fisso sulla linea Lilla nella fascia compresa tra le 18 e le 20.30. Anche in questo caso, Dolomiti Bus ha trasmesso una relazione dettagliata sull\u2019andamento del servizio nel periodo gennaio\u2013settembre 2025, confermando che i dati disponibili non indicavano criticit\u00e0 tali da rendere necessaria la sostituzione del servizio a chiamata con una linea rigida. Una soluzione che, secondo le analisi effettuate, rischierebbe di ridurre la flessibilit\u00e0 oggi apprezzata da molti utenti e di peggiorare la qualit\u00e0 complessiva del servizio per chi lo utilizza con maggiore frequenza.<\/p>\n<p>\u201cPur in assenza di riscontri oggettivi di criticit\u00e0 nei dati di utilizzo e di segnalazioni formali agli uffici comunali, abbiamo comunque deciso di atti-arci ulteriormente \u2013 ha proseguito Gamba, nella ricostruzione del lavoro degli ultimi due mesi -. \u00c8 in corso il lavoro per il ripristino di alcune corse della linea Lilla a partire dal 1\u00b0 gennaio 2026, con partenze da via Dante alle 16.20, 17.20 e 18.20 circa e rientri dal campo sportivo di Libano alle 16.45, 17.45 e 18.45. In tal senso \u00e8 stata formalizzata una specifica ri-chiesta, firmata da me, inviata a Dolomiti Bus a met\u00e0 dicembre. Conte-stualmente, \u00e8 stato chiesto di quantificare l\u2019aumento delle percorrenze chilometriche necessario per l\u2019attivazione delle nuove corse, al fine di valutare gli aspetti economici e garantire il mantenimento dell\u2019equilibrio finanziario del servizio, anche in relazione ai limiti dei servizi minimi regionali\u201d.<\/p>\n<p>Nel corso degli incontri tecnici pi\u00f9 recenti, Dolomiti Bus ha aggiornato i dati sull\u2019andamento del servizio, confermando un miglioramento significativo a seguito dei potenziamenti introdotti a settembre e novembre 2025, con l\u2019aggiunta complessiva di due mezzi. La percentuale di corse completate ha superato il 64% nel mese di novembre, mentre le richieste non soddisfatte per mancanza di posti si sono ridotte fino al 5% registrato a dicembre. Un trend che evidenzia un impatto concreto e positivo sulla qualit\u00e0 del servizio offerto.<br \/>\nNonostante il quadro complessivamente migliorato, il gestore ha manifestato la disponibilit\u00e0 a programmare le ulteriori corse serali richieste, con attivazione prevista a partire dal mese di febbraio.<br \/>\nSul piano della comunicazione e del confronto pubblico, Gamba ha dichiarato come le sedute del Consiglio comunale siano la pi\u00f9 alta forma di partecipazione pubblica alla vita del Comune e come la discussione di questi temi in questa sede sia la normale risposta, concludendo come alla petizione e ai cittadini sottoscrittori sia stata data ampia risposta nel corso del Consiglio comunale del 31 ottobre.<\/p>\n<p>&nbsp;<\/p>\n<p><strong>\u201cEmergenza abitativa ed edificio Kraller\u201d<\/strong><\/p>\n<figure id=\"attachment_138422\" aria-describedby=\"caption-attachment-138422\" style=\"width: 1000px\" class=\"wp-caption aligncenter\"><img loading=\"lazy\" decoding=\"async\" class=\"size-full wp-image-138422\" src=\"https:\/\/www.bellunopress.it\/wp-content\/uploads\/2022\/12\/Marco-Dal-Pont-assessore-alle-Politiche-sociali-BL_edited.jpg\" alt=\"\" width=\"1000\" height=\"723\" srcset=\"https:\/\/www.bellunopress.it\/wp-content\/uploads\/2022\/12\/Marco-Dal-Pont-assessore-alle-Politiche-sociali-BL_edited.jpg 1000w, https:\/\/www.bellunopress.it\/wp-content\/uploads\/2022\/12\/Marco-Dal-Pont-assessore-alle-Politiche-sociali-BL_edited-500x362.jpg 500w, https:\/\/www.bellunopress.it\/wp-content\/uploads\/2022\/12\/Marco-Dal-Pont-assessore-alle-Politiche-sociali-BL_edited-696x503.jpg 696w, https:\/\/www.bellunopress.it\/wp-content\/uploads\/2022\/12\/Marco-Dal-Pont-assessore-alle-Politiche-sociali-BL_edited-581x420.jpg 581w, https:\/\/www.bellunopress.it\/wp-content\/uploads\/2022\/12\/Marco-Dal-Pont-assessore-alle-Politiche-sociali-BL_edited-324x235.jpg 324w\" sizes=\"auto, (max-width: 1000px) 100vw, 1000px\" \/><figcaption id=\"caption-attachment-138422\" class=\"wp-caption-text\">Marco Dal Pont, assessore alle Politiche sociali del Comune di Belluno<\/figcaption><\/figure>\n<p>Di seguito la risposta dell\u2019assessore al sociale Marco Dal Pont all\u2019interrogazione \u201cEmergenza abitativa ed edificio Kraller\u201d presentata dalla consigliera di Insieme per Belluno \u2013 Bene Comune Ilenia Bavasso per conoscere quali azioni l\u2019Amministrazione sta mettendo in atto per far fronte all\u2019emergenza abitativa e per avere informazioni sugli alloggi di via Lungardo (alloggi edificio Kraller).<\/p>\n<p>\u201cAttualmente gli alloggi a destinazione sociale sono 13: sette presso l\u2019immobile \u201cCase Sperti\u201d, tutti assegnati, e sei presso l\u2019immobile denominato \u201cCasa del Dottore\u201d, di cui quattro occupati, uno in fase di sistemazione e uno libero, in attesa di una richiesta compatibile con il nucleo familiare. L\u2019assegnazione degli alloggi \u00e8 effettuata dal Servizio sociale sulla base delle richieste pervenute, delle valutazioni sui bisogni degli utenti e della capienza degli immobili. Attualmente sono tre le richieste in attesa di risposta, che non risultano idonee rispetto alla capienza dell\u2019alloggio disponibile\u201d. Cos\u00ec l\u2019assessore Dal Pont nella sua risposta alla consigliera.<\/p>\n<p>Per quanto riguarda gli alloggi dell\u2019immobile \u201cKraller\u201d, l\u2019Assessore ha spiegato come i lavori siano ultimati; in particolare, sono attualmente in corso le ulteriori pratiche tecniche, quali le variazioni catastali, alle quali seguir\u00e0 l\u2019acquisizione delle attestazioni di prestazione energetica. \u201cL\u2019Amministrazione \u00e8 consapevole dell\u2019emergenza abitativa che sta emergendo con sempre maggiore evidenza su territorio \u2013 le parole di Dal Pont &#8211; e, in tal senso, mantiene un confronto costante con l\u2019ATER. Non appena gli alloggi dell\u2019immobile ex Kraller saranno disponibili, l\u2019Amministrazione intende destinarne una parte all\u2019edilizia residenziale, con gestione in capo all\u2019ATER, e una parte ad alloggi destinati al sociale e alle emergenze, con una gestione preferibilmente diretta da parte dell\u2019Ente.<br \/>\nCome gi\u00e0 sottolineato in altre occasioni, l\u2019Amministrazione ha costituito un gruppo di lavoro e ha proseguito nel confronto con le associazioni di categoria e dei proprietari di immobili, con le organizzazioni sindacali \u2013 a tutela degli inquilini e non solo \u2013 e con gli ordini professionali. \u00c8 inoltre in fase di organizzazione un convegno, previsto per l\u2019inizio del prossimo anno, finalizzato a informare e diffondere le opportunit\u00e0 gi\u00e0 offerte dalla normativa vigente e a individuare nuove proposte operative\u201d.<\/p>\n<p>Infine, considerato che il tema dell\u2019abitare \u00e8 affrontato da pi\u00f9 enti locali, tutti impegnati nella ricerca di soluzioni, l\u2019Amministrazione ha partecipato al tavolo di confronto \u201cResidenzialit\u00e0\u201d, organizzato da GAL Prealpi Dolomiti e IPA Prealpi Bellunesi. Il tavolo, coordinato dall\u2019Amministrazione provinciale, ha visto il coinvolgimento delle realt\u00e0 dell\u2019intera provincia di Belluno e si pone l\u2019obiettivo di mettere in rete e stimolare le diverse iniziative sviluppate sul tema.<\/p>\n<p>&nbsp;<\/p>\n<p>&nbsp;<\/p>","protected":false},"excerpt":{"rendered":"<p>\u201cTPL, linea Lilla, quale seguito alla petizione popolare e alla approvazione dell\u2019odg collegato?\u201d Di seguito la risposta del vice sindaco e assessore alla mobilit\u00e0 Paolo Gamba all\u2019interrogazione \u201cTPL, linea Lilla, quale seguito alla petizione popolare e alla approvazione dell\u2019odg collegato?\u201d presentata dalla consigliera del PD Maria Teresa Cassol per conoscere quali azioni metter\u00e0 in atto [&hellip;]<\/p>\n","protected":false},"author":2,"featured_media":113617,"comment_status":"closed","ping_status":"open","sticky":false,"template":"","format":"standard","meta":{"footnotes":""},"categories":[5,26],"tags":[],"class_list":["post-165904","post","type-post","status-publish","format-standard","has-post-thumbnail","category-cronaca","category-prima-pagina"],"yoast_head":"<!-- This site is optimized with the Yoast SEO plugin v28.4 - https:\/\/yoast.com\/product\/yoast-seo-wordpress\/ -->\n<title>Belluno, la giunta risponde alle interrogazioni - Bellunopress - Dolomiti<\/title>\n<meta name=\"robots\" content=\"index, follow, max-snippet:-1, max-image-preview:large, max-video-preview:-1\" \/>\n<link rel=\"canonical\" href=\"https:\/\/www.bellunopress.it\/fr\/2025\/12\/19\/belluno-la-giunta-risponde-alle-interrogazioni\/\" \/>\n<meta property=\"og:locale\" content=\"fr_FR\" \/>\n<meta property=\"og:type\" content=\"article\" \/>\n<meta property=\"og:title\" content=\"Belluno, la giunta risponde alle interrogazioni - Bellunopress - Dolomiti\" \/>\n<meta property=\"og:description\" content=\"\u201cTPL, linea Lilla, quale seguito alla petizione popolare e alla approvazione dell\u2019odg collegato?\u201d Di seguito la risposta del vice sindaco e assessore alla mobilit\u00e0 Paolo Gamba all\u2019interrogazione \u201cTPL, linea Lilla, quale seguito alla petizione popolare e alla approvazione dell\u2019odg collegato?\u201d presentata dalla consigliera del PD Maria Teresa Cassol per conoscere quali azioni metter\u00e0 in atto [&hellip;]\" \/>\n<meta property=\"og:url\" content=\"https:\/\/www.bellunopress.it\/fr\/2025\/12\/19\/belluno-la-giunta-risponde-alle-interrogazioni\/\" \/>\n<meta property=\"og:site_name\" content=\"Bellunopress - Dolomiti\" \/>\n<meta property=\"article:publisher\" content=\"https:\/\/www.facebook.com\/profile.php?id=100008943462799\" \/>\n<meta property=\"article:published_time\" content=\"2025-12-19T19:47:27+00:00\" \/>\n<meta property=\"og:image\" content=\"https:\/\/www.bellunopress.it\/wp-content\/uploads\/2020\/04\/palazzo-rosso_edited.jpg\" \/>\n\t<meta property=\"og:image:width\" content=\"800\" \/>\n\t<meta property=\"og:image:height\" content=\"563\" \/>\n\t<meta property=\"og:image:type\" content=\"image\/jpeg\" \/>\n<meta name=\"author\" content=\"redazione\" \/>\n<meta name=\"twitter:card\" content=\"summary_large_image\" \/>\n<meta name=\"twitter:creator\" content=\"@bellunopress\" \/>\n<meta name=\"twitter:site\" content=\"@bellunopress\" \/>\n<meta name=\"twitter:label1\" content=\"\u00c9crit par\" \/>\n\t<meta name=\"twitter:data1\" content=\"redazione\" \/>\n\t<meta name=\"twitter:label2\" content=\"Dur\u00e9e de lecture estim\u00e9e\" \/>\n\t<meta name=\"twitter:data2\" content=\"6 minutes\" \/>\n<script type=\"application\/ld+json\" class=\"yoast-schema-graph\">{\"@context\":\"https:\\\/\\\/schema.org\",\"@graph\":[{\"@type\":\"Article\",\"@id\":\"https:\\\/\\\/www.bellunopress.it\\\/2025\\\/12\\\/19\\\/belluno-la-giunta-risponde-alle-interrogazioni\\\/#article\",\"isPartOf\":{\"@id\":\"https:\\\/\\\/www.bellunopress.it\\\/2025\\\/12\\\/19\\\/belluno-la-giunta-risponde-alle-interrogazioni\\\/\"},\"author\":{\"name\":\"redazione\",\"@id\":\"https:\\\/\\\/www.bellunopress.it\\\/#\\\/schema\\\/person\\\/79bb06722b37ece1c03d3e94beb30d73\"},\"headline\":\"Belluno, la giunta risponde alle interrogazioni\",\"datePublished\":\"2025-12-19T19:47:27+00:00\",\"mainEntityOfPage\":{\"@id\":\"https:\\\/\\\/www.bellunopress.it\\\/2025\\\/12\\\/19\\\/belluno-la-giunta-risponde-alle-interrogazioni\\\/\"},\"wordCount\":1189,\"publisher\":{\"@id\":\"https:\\\/\\\/www.bellunopress.it\\\/#organization\"},\"image\":{\"@id\":\"https:\\\/\\\/www.bellunopress.it\\\/2025\\\/12\\\/19\\\/belluno-la-giunta-risponde-alle-interrogazioni\\\/#primaryimage\"},\"thumbnailUrl\":\"https:\\\/\\\/www.bellunopress.it\\\/wp-content\\\/uploads\\\/2020\\\/04\\\/palazzo-rosso_edited.jpg\",\"articleSection\":[\"Cronaca\\\/Politica\",\"Prima Pagina\"],\"inLanguage\":\"fr-FR\"},{\"@type\":\"WebPage\",\"@id\":\"https:\\\/\\\/www.bellunopress.it\\\/2025\\\/12\\\/19\\\/belluno-la-giunta-risponde-alle-interrogazioni\\\/\",\"url\":\"https:\\\/\\\/www.bellunopress.it\\\/2025\\\/12\\\/19\\\/belluno-la-giunta-risponde-alle-interrogazioni\\\/\",\"name\":\"Belluno, la giunta risponde alle interrogazioni - Bellunopress - Dolomiti\",\"isPartOf\":{\"@id\":\"https:\\\/\\\/www.bellunopress.it\\\/#website\"},\"primaryImageOfPage\":{\"@id\":\"https:\\\/\\\/www.bellunopress.it\\\/2025\\\/12\\\/19\\\/belluno-la-giunta-risponde-alle-interrogazioni\\\/#primaryimage\"},\"image\":{\"@id\":\"https:\\\/\\\/www.bellunopress.it\\\/2025\\\/12\\\/19\\\/belluno-la-giunta-risponde-alle-interrogazioni\\\/#primaryimage\"},\"thumbnailUrl\":\"https:\\\/\\\/www.bellunopress.it\\\/wp-content\\\/uploads\\\/2020\\\/04\\\/palazzo-rosso_edited.jpg\",\"datePublished\":\"2025-12-19T19:47:27+00:00\",\"breadcrumb\":{\"@id\":\"https:\\\/\\\/www.bellunopress.it\\\/2025\\\/12\\\/19\\\/belluno-la-giunta-risponde-alle-interrogazioni\\\/#breadcrumb\"},\"inLanguage\":\"fr-FR\",\"potentialAction\":[{\"@type\":\"ReadAction\",\"target\":[\"https:\\\/\\\/www.bellunopress.it\\\/2025\\\/12\\\/19\\\/belluno-la-giunta-risponde-alle-interrogazioni\\\/\"]}]},{\"@type\":\"ImageObject\",\"inLanguage\":\"fr-FR\",\"@id\":\"https:\\\/\\\/www.bellunopress.it\\\/2025\\\/12\\\/19\\\/belluno-la-giunta-risponde-alle-interrogazioni\\\/#primaryimage\",\"url\":\"https:\\\/\\\/www.bellunopress.it\\\/wp-content\\\/uploads\\\/2020\\\/04\\\/palazzo-rosso_edited.jpg\",\"contentUrl\":\"https:\\\/\\\/www.bellunopress.it\\\/wp-content\\\/uploads\\\/2020\\\/04\\\/palazzo-rosso_edited.jpg\",\"width\":800,\"height\":563,\"caption\":\"Palazzo Rosso, sede dell'amministrazione comunale di Belluno\"},{\"@type\":\"BreadcrumbList\",\"@id\":\"https:\\\/\\\/www.bellunopress.it\\\/2025\\\/12\\\/19\\\/belluno-la-giunta-risponde-alle-interrogazioni\\\/#breadcrumb\",\"itemListElement\":[{\"@type\":\"ListItem\",\"position\":1,\"name\":\"Home\",\"item\":\"https:\\\/\\\/www.bellunopress.it\\\/\"},{\"@type\":\"ListItem\",\"position\":2,\"name\":\"Belluno, la giunta risponde alle interrogazioni\"}]},{\"@type\":\"WebSite\",\"@id\":\"https:\\\/\\\/www.bellunopress.it\\\/#website\",\"url\":\"https:\\\/\\\/www.bellunopress.it\\\/\",\"name\":\"Bellunopress - Dolomiti\",\"description\":\"e-mail: redazione@bellunopress.it\",\"publisher\":{\"@id\":\"https:\\\/\\\/www.bellunopress.it\\\/#organization\"},\"potentialAction\":[{\"@type\":\"SearchAction\",\"target\":{\"@type\":\"EntryPoint\",\"urlTemplate\":\"https:\\\/\\\/www.bellunopress.it\\\/?s={search_term_string}\"},\"query-input\":{\"@type\":\"PropertyValueSpecification\",\"valueRequired\":true,\"valueName\":\"search_term_string\"}}],\"inLanguage\":\"fr-FR\"},{\"@type\":\"Organization\",\"@id\":\"https:\\\/\\\/www.bellunopress.it\\\/#organization\",\"name\":\"Bellunopress\",\"url\":\"https:\\\/\\\/www.bellunopress.it\\\/\",\"logo\":{\"@type\":\"ImageObject\",\"inLanguage\":\"fr-FR\",\"@id\":\"https:\\\/\\\/www.bellunopress.it\\\/#\\\/schema\\\/logo\\\/image\\\/\",\"url\":\"https:\\\/\\\/www.bellunopress.it\\\/wp-content\\\/uploads\\\/2011\\\/05\\\/cropped-logo-bellunopress-.jpg\",\"contentUrl\":\"https:\\\/\\\/www.bellunopress.it\\\/wp-content\\\/uploads\\\/2011\\\/05\\\/cropped-logo-bellunopress-.jpg\",\"width\":512,\"height\":512,\"caption\":\"Bellunopress\"},\"image\":{\"@id\":\"https:\\\/\\\/www.bellunopress.it\\\/#\\\/schema\\\/logo\\\/image\\\/\"},\"sameAs\":[\"https:\\\/\\\/www.facebook.com\\\/profile.php?id=100008943462799\",\"https:\\\/\\\/x.com\\\/bellunopress\",\"https:\\\/\\\/www.linkedin.com\\\/hp\\\/?dnr=JBzUWaJfMUw8vbXJJ2tVW5-I3jZKvC4wsoxE&amp;amp;amp;amp;amp;amp;trk=nav_responsive_tab_home\",\"https:\\\/\\\/www.youtube.com\\\/channel\\\/UCxL0wu1uN0_3_7hGG0306cw\"]},{\"@type\":\"Person\",\"@id\":\"https:\\\/\\\/www.bellunopress.it\\\/#\\\/schema\\\/person\\\/79bb06722b37ece1c03d3e94beb30d73\",\"name\":\"redazione\",\"image\":{\"@type\":\"ImageObject\",\"inLanguage\":\"fr-FR\",\"@id\":\"https:\\\/\\\/secure.gravatar.com\\\/avatar\\\/37d968a2e67a6fd04c169c4bdef102d0bc5d31b2546345219e348575eb80e9a0?s=96&d=mm&r=g\",\"url\":\"https:\\\/\\\/secure.gravatar.com\\\/avatar\\\/37d968a2e67a6fd04c169c4bdef102d0bc5d31b2546345219e348575eb80e9a0?s=96&d=mm&r=g\",\"contentUrl\":\"https:\\\/\\\/secure.gravatar.com\\\/avatar\\\/37d968a2e67a6fd04c169c4bdef102d0bc5d31b2546345219e348575eb80e9a0?s=96&d=mm&r=g\",\"caption\":\"redazione\"},\"sameAs\":[\"http:\\\/\\\/www.bellunopress.it\",\"https:\\\/\\\/x.com\\\/bellunopress\"],\"url\":\"https:\\\/\\\/www.bellunopress.it\\\/fr\\\/author\\\/redazione\\\/\"}]}<\/script>\n<!-- \/ Yoast SEO plugin. -->","yoast_head_json":{"title":"Belluno, la giunta risponde alle interrogazioni - Bellunopress - Dolomiti","robots":{"index":"index","follow":"follow","max-snippet":"max-snippet:-1","max-image-preview":"max-image-preview:large","max-video-preview":"max-video-preview:-1"},"canonical":"https:\/\/www.bellunopress.it\/fr\/2025\/12\/19\/belluno-la-giunta-risponde-alle-interrogazioni\/","og_locale":"fr_FR","og_type":"article","og_title":"Belluno, la giunta risponde alle interrogazioni - Bellunopress - Dolomiti","og_description":"\u201cTPL, linea Lilla, quale seguito alla petizione popolare e alla approvazione dell\u2019odg collegato?\u201d Di seguito la risposta del vice sindaco e assessore alla mobilit\u00e0 Paolo Gamba all\u2019interrogazione \u201cTPL, linea Lilla, quale seguito alla petizione popolare e alla approvazione dell\u2019odg collegato?\u201d presentata dalla consigliera del PD Maria Teresa Cassol per conoscere quali azioni metter\u00e0 in atto [&hellip;]","og_url":"https:\/\/www.bellunopress.it\/fr\/2025\/12\/19\/belluno-la-giunta-risponde-alle-interrogazioni\/","og_site_name":"Bellunopress - Dolomiti","article_publisher":"https:\/\/www.facebook.com\/profile.php?id=100008943462799","article_published_time":"2025-12-19T19:47:27+00:00","og_image":[{"width":800,"height":563,"url":"https:\/\/www.bellunopress.it\/wp-content\/uploads\/2020\/04\/palazzo-rosso_edited.jpg","type":"image\/jpeg"}],"author":"redazione","twitter_card":"summary_large_image","twitter_creator":"@bellunopress","twitter_site":"@bellunopress","twitter_misc":{"\u00c9crit par":"redazione","Dur\u00e9e de lecture estim\u00e9e":"6 minutes"},"schema":{"@context":"https:\/\/schema.org","@graph":[{"@type":"Article","@id":"https:\/\/www.bellunopress.it\/2025\/12\/19\/belluno-la-giunta-risponde-alle-interrogazioni\/#article","isPartOf":{"@id":"https:\/\/www.bellunopress.it\/2025\/12\/19\/belluno-la-giunta-risponde-alle-interrogazioni\/"},"author":{"name":"redazione","@id":"https:\/\/www.bellunopress.it\/#\/schema\/person\/79bb06722b37ece1c03d3e94beb30d73"},"headline":"Belluno, la giunta risponde alle interrogazioni","datePublished":"2025-12-19T19:47:27+00:00","mainEntityOfPage":{"@id":"https:\/\/www.bellunopress.it\/2025\/12\/19\/belluno-la-giunta-risponde-alle-interrogazioni\/"},"wordCount":1189,"publisher":{"@id":"https:\/\/www.bellunopress.it\/#organization"},"image":{"@id":"https:\/\/www.bellunopress.it\/2025\/12\/19\/belluno-la-giunta-risponde-alle-interrogazioni\/#primaryimage"},"thumbnailUrl":"https:\/\/www.bellunopress.it\/wp-content\/uploads\/2020\/04\/palazzo-rosso_edited.jpg","articleSection":["Cronaca\/Politica","Prima Pagina"],"inLanguage":"fr-FR"},{"@type":"WebPage","@id":"https:\/\/www.bellunopress.it\/2025\/12\/19\/belluno-la-giunta-risponde-alle-interrogazioni\/","url":"https:\/\/www.bellunopress.it\/2025\/12\/19\/belluno-la-giunta-risponde-alle-interrogazioni\/","name":"Belluno, la giunta risponde alle interrogazioni - Bellunopress - Dolomiti","isPartOf":{"@id":"https:\/\/www.bellunopress.it\/#website"},"primaryImageOfPage":{"@id":"https:\/\/www.bellunopress.it\/2025\/12\/19\/belluno-la-giunta-risponde-alle-interrogazioni\/#primaryimage"},"image":{"@id":"https:\/\/www.bellunopress.it\/2025\/12\/19\/belluno-la-giunta-risponde-alle-interrogazioni\/#primaryimage"},"thumbnailUrl":"https:\/\/www.bellunopress.it\/wp-content\/uploads\/2020\/04\/palazzo-rosso_edited.jpg","datePublished":"2025-12-19T19:47:27+00:00","breadcrumb":{"@id":"https:\/\/www.bellunopress.it\/2025\/12\/19\/belluno-la-giunta-risponde-alle-interrogazioni\/#breadcrumb"},"inLanguage":"fr-FR","potentialAction":[{"@type":"ReadAction","target":["https:\/\/www.bellunopress.it\/2025\/12\/19\/belluno-la-giunta-risponde-alle-interrogazioni\/"]}]},{"@type":"ImageObject","inLanguage":"fr-FR","@id":"https:\/\/www.bellunopress.it\/2025\/12\/19\/belluno-la-giunta-risponde-alle-interrogazioni\/#primaryimage","url":"https:\/\/www.bellunopress.it\/wp-content\/uploads\/2020\/04\/palazzo-rosso_edited.jpg","contentUrl":"https:\/\/www.bellunopress.it\/wp-content\/uploads\/2020\/04\/palazzo-rosso_edited.jpg","width":800,"height":563,"caption":"Palazzo Rosso, sede dell'amministrazione comunale di Belluno"},{"@type":"BreadcrumbList","@id":"https:\/\/www.bellunopress.it\/2025\/12\/19\/belluno-la-giunta-risponde-alle-interrogazioni\/#breadcrumb","itemListElement":[{"@type":"ListItem","position":1,"name":"Home","item":"https:\/\/www.bellunopress.it\/"},{"@type":"ListItem","position":2,"name":"Belluno, la giunta risponde alle interrogazioni"}]},{"@type":"WebSite","@id":"https:\/\/www.bellunopress.it\/#website","url":"https:\/\/www.bellunopress.it\/","name":"Bellunopress - Dolomiti","description":"e-mail: redazione@bellunopress.it","publisher":{"@id":"https:\/\/www.bellunopress.it\/#organization"},"potentialAction":[{"@type":"SearchAction","target":{"@type":"EntryPoint","urlTemplate":"https:\/\/www.bellunopress.it\/?s={search_term_string}"},"query-input":{"@type":"PropertyValueSpecification","valueRequired":true,"valueName":"search_term_string"}}],"inLanguage":"fr-FR"},{"@type":"Organization","@id":"https:\/\/www.bellunopress.it\/#organization","name":"Bellunopress","url":"https:\/\/www.bellunopress.it\/","logo":{"@type":"ImageObject","inLanguage":"fr-FR","@id":"https:\/\/www.bellunopress.it\/#\/schema\/logo\/image\/","url":"https:\/\/www.bellunopress.it\/wp-content\/uploads\/2011\/05\/cropped-logo-bellunopress-.jpg","contentUrl":"https:\/\/www.bellunopress.it\/wp-content\/uploads\/2011\/05\/cropped-logo-bellunopress-.jpg","width":512,"height":512,"caption":"Bellunopress"},"image":{"@id":"https:\/\/www.bellunopress.it\/#\/schema\/logo\/image\/"},"sameAs":["https:\/\/www.facebook.com\/profile.php?id=100008943462799","https:\/\/x.com\/bellunopress","https:\/\/www.linkedin.com\/hp\/?dnr=JBzUWaJfMUw8vbXJJ2tVW5-I3jZKvC4wsoxE&amp;amp;amp;amp;amp;amp;trk=nav_responsive_tab_home","https:\/\/www.youtube.com\/channel\/UCxL0wu1uN0_3_7hGG0306cw"]},{"@type":"Person","@id":"https:\/\/www.bellunopress.it\/#\/schema\/person\/79bb06722b37ece1c03d3e94beb30d73","name":"r\u00e9daction","image":{"@type":"ImageObject","inLanguage":"fr-FR","@id":"https:\/\/secure.gravatar.com\/avatar\/37d968a2e67a6fd04c169c4bdef102d0bc5d31b2546345219e348575eb80e9a0?s=96&d=mm&r=g","url":"https:\/\/secure.gravatar.com\/avatar\/37d968a2e67a6fd04c169c4bdef102d0bc5d31b2546345219e348575eb80e9a0?s=96&d=mm&r=g","contentUrl":"https:\/\/secure.gravatar.com\/avatar\/37d968a2e67a6fd04c169c4bdef102d0bc5d31b2546345219e348575eb80e9a0?s=96&d=mm&r=g","caption":"redazione"},"sameAs":["http:\/\/www.bellunopress.it","https:\/\/x.com\/bellunopress"],"url":"https:\/\/www.bellunopress.it\/fr\/author\/redazione\/"}]}},"_links":{"self":[{"href":"https:\/\/www.bellunopress.it\/fr\/wp-json\/wp\/v2\/posts\/165904","targetHints":{"allow":["GET"]}}],"collection":[{"href":"https:\/\/www.bellunopress.it\/fr\/wp-json\/wp\/v2\/posts"}],"about":[{"href":"https:\/\/www.bellunopress.it\/fr\/wp-json\/wp\/v2\/types\/post"}],"author":[{"embeddable":true,"href":"https:\/\/www.bellunopress.it\/fr\/wp-json\/wp\/v2\/users\/2"}],"replies":[{"embeddable":true,"href":"https:\/\/www.bellunopress.it\/fr\/wp-json\/wp\/v2\/comments?post=165904"}],"version-history":[{"count":1,"href":"https:\/\/www.bellunopress.it\/fr\/wp-json\/wp\/v2\/posts\/165904\/revisions"}],"predecessor-version":[{"id":165905,"href":"https:\/\/www.bellunopress.it\/fr\/wp-json\/wp\/v2\/posts\/165904\/revisions\/165905"}],"wp:featuredmedia":[{"embeddable":true,"href":"https:\/\/www.bellunopress.it\/fr\/wp-json\/wp\/v2\/media\/113617"}],"wp:attachment":[{"href":"https:\/\/www.bellunopress.it\/fr\/wp-json\/wp\/v2\/media?parent=165904"}],"wp:term":[{"taxonomy":"category","embeddable":true,"href":"https:\/\/www.bellunopress.it\/fr\/wp-json\/wp\/v2\/categories?post=165904"},{"taxonomy":"post_tag","embeddable":true,"href":"https:\/\/www.bellunopress.it\/fr\/wp-json\/wp\/v2\/tags?post=165904"}],"curies":[{"name":"wp","href":"https:\/\/api.w.org\/{rel}","templated":true}]}}