{"id":165897,"date":"2025-12-19T15:53:21","date_gmt":"2025-12-19T14:53:21","guid":{"rendered":"https:\/\/www.bellunopress.it\/?p=165897"},"modified":"2025-12-19T15:53:21","modified_gmt":"2025-12-19T14:53:21","slug":"incorporazione-della-ponte-servizi-in-bellunum-di-angelo-levis","status":"publish","type":"post","link":"https:\/\/www.bellunopress.it\/fr\/2025\/12\/19\/incorporazione-della-ponte-servizi-in-bellunum-di-angelo-levis\/","title":{"rendered":"Incorporazione della Ponte Servizi in Bellunum * di Angelo Levis"},"content":{"rendered":"<figure id=\"attachment_154149\" aria-describedby=\"caption-attachment-154149\" style=\"width: 1000px\" class=\"wp-caption aligncenter\"><img loading=\"lazy\" decoding=\"async\" class=\"size-full wp-image-154149\" src=\"https:\/\/www.bellunopress.it\/wp-content\/uploads\/2024\/09\/angelo-levis_edited.jpg\" alt=\"\" width=\"1000\" height=\"564\" srcset=\"https:\/\/www.bellunopress.it\/wp-content\/uploads\/2024\/09\/angelo-levis_edited.jpg 1000w, https:\/\/www.bellunopress.it\/wp-content\/uploads\/2024\/09\/angelo-levis_edited-500x282.jpg 500w, https:\/\/www.bellunopress.it\/wp-content\/uploads\/2024\/09\/angelo-levis_edited-745x420.jpg 745w, https:\/\/www.bellunopress.it\/wp-content\/uploads\/2024\/09\/angelo-levis_edited-696x393.jpg 696w\" sizes=\"auto, (max-width: 1000px) 100vw, 1000px\" \/><figcaption id=\"caption-attachment-154149\" class=\"wp-caption-text\">Angelo Levis, vicesindaco di Ponte nelle Alpi<\/figcaption><\/figure>\n<p>Con il primo gennaio 2026 Ponte Servizi srl verr\u00e0 definitivamente confluita in Bellunum srl.<\/p>\n<p>Questi ultimi anni hanno visto un\u2019accelerazione in tal senso. Le fasi di tale progettualit\u00e0 sono molteplici: tra le significative si ricorda la delibera n. 3 del 27\/03\/2024 nella quale l\u2019Assemblea del Consiglio di bacino ha approvato l\u2019affidamento in house providing, sulla base del progetto di aggregazione delle societ\u00e0 in house Bellunum srl, Ecomont srl, Ponte Servizi srl e Valpe Ambiente srl ad oggi operanti nella provincia di Belluno e su un programma di loro definitiva fusione<\/p>\n<p>La societ\u00e0 Bellunum srl \u00e8 societ\u00e0 in house providing a totale capitale pubblico partecipata dai comuni e unione montane della Provincia di Belluno dedicata all\u2019attivit\u00e0 di erogazione del servizio di gestione dei rifiuti urbani nel territorio dei comuni soci e sottoposta ad un controllo dei medesimi che pu\u00f2 dirsi analogo a quello esercitato sui propri servizi. Dal punto di vista della qualit\u00e0 del servizio, il modello organizzativo e gestionale proposto appare in grado di garantire un\u2019elevata qualit\u00e0 del servizio erogato, prefigurando anche una progressiva evoluzione dall\u2019attuale inquadramento, nei diversi territori. Giova ricordare che il nostro comune ha il 5,292 % di capitale in Bellunum srl.<\/p>\n<p>In data 31\/10\/2024 \u00e8 stato sottoscritto tra Consiglio di Bacino Dolomiti e Bellunum srl, il contratto di servizio di gestione integrata dei rifiuti urbani nella provincia con decorrenza 1\/01\/2025, che viene svolto direttamente dalla Societ\u00e0 e\/o avvalendosi delle tre societ\u00e0 controllate, nelle more della fusione per incorporazione nella stessa. Ponte Servizi \u00e8 la prima societ\u00e0, in orine temporale, a procedere con la fusione in Bellunum.<br \/>\nUna storia importante per la nostra comunit\u00e0 quella di Ponte Servizi. Nata tra le diffidenze di molti ma che col tempo \u00e8 arrivata alle cronache nazionali per gli importanti risultati nelle percentuali di raccolta differenziata. In particolare il Premio Comuni Ricicloni vincendolo per pi\u00f9 anni consecutivi (dal 2009 al 2015), riconoscimenti per l\u2019eccellenza nella gestione e nel riciclo, oltre a premi specifici come Energymed nel 2009 e il riconoscimento di Comune a 5 stelle nel 2008 dimostrando un forte impegno per la sostenibilit\u00e0 e l\u2019efficienza ambientale. Da ultimo il rapporto di Legambiente Veneto che tra i premiati vede ancora una volta il nostro tra i comuni pi\u00f9 virtuosi .<br \/>\nPremi che per\u00f2 non hanno assopito un dibattito all\u2019interno della nostra comunit\u00e0, sulle reali sostenibilit\u00e0 economiche di una societ\u00e0 operante in un contesto numerico relativamente piccolo. Unico comune in provincia di Belluno ad avere una propria societ\u00e0 operante nel territorio comunale. Le opposizioni che si sono succedute nel passato hanno sempre ricordato le criticit\u00e0 della sostenibilit\u00e0 economica.<\/p>\n<p>Obbligo ricordare gli interventi effettuati dalla precedente amministrazione di soccorso finanziario. Nel consiglio comunale del 14 ottobre 2020 sono stati riconosciuti debiti fuori bilancio, per un controvalore di 649.825.68; ricapitalizzazione per perdite per un importo di 1.309.508.64;<br \/>\nNel consiglio comunale del 30dicembre 2020 vi era stato un incremento di capitale sociale della societ\u00e0 per ulteriori 150 mila euro con aumenti tariffari del 10.40%.<br \/>\nAttualmente la societ\u00e0 presenta un bilancio in ordine.<\/p>\n<p>Le criticit\u00e0 non sono mai state imputate alle maestranze, che hanno sempre offerto un contributo significativo, assieme ai cittadini, agli importanti riconoscimenti conseguiti dalla societ\u00e0.<br \/>\nQuesto passaggio sar\u00e0 importante dal punto di vista burocratico\/organizzativo.<br \/>\nCome amministrazione vogliamo ringraziare tutti gli operatori che ogni giorno, con impegno e dedizione offrono un servizio eccellente per la nostra comunit\u00e0 in un conteso lavorativo non certo facile.<br \/>\nUn augurio di continuare ad operare con lo stesso impegno e confidiamo con le soddisfazione che meritano.<br \/>\nUn nome societario diverso ma la stessa passione per obiettivi sempre pi\u00f9 importanti.<\/p>\n<p><strong>Angelo Levis<\/strong><br \/>\n<strong>Vice sindaco Ponte nelle Alpi<\/strong><\/p>","protected":false},"excerpt":{"rendered":"<p>Con il primo gennaio 2026 Ponte Servizi srl verr\u00e0 definitivamente confluita in Bellunum srl. Questi ultimi anni hanno visto un\u2019accelerazione in tal senso. Le fasi di tale progettualit\u00e0 sono molteplici: tra le significative si ricorda la delibera n. 3 del 27\/03\/2024 nella quale l\u2019Assemblea del Consiglio di bacino ha approvato l\u2019affidamento in house providing, sulla [&hellip;]<\/p>\n","protected":false},"author":2,"featured_media":154149,"comment_status":"closed","ping_status":"open","sticky":false,"template":"","format":"standard","meta":{"footnotes":""},"categories":[26,8],"tags":[],"class_list":["post-165897","post","type-post","status-publish","format-standard","has-post-thumbnail","category-prima-pagina","category-societa-istituzioni"],"yoast_head":"<!-- This site is optimized with the Yoast SEO plugin v28.4 - https:\/\/yoast.com\/product\/yoast-seo-wordpress\/ -->\n<title>Incorporazione della Ponte Servizi in Bellunum * di Angelo Levis - Bellunopress - Dolomiti<\/title>\n<meta name=\"robots\" content=\"index, follow, max-snippet:-1, max-image-preview:large, max-video-preview:-1\" \/>\n<link rel=\"canonical\" href=\"https:\/\/www.bellunopress.it\/fr\/2025\/12\/19\/incorporazione-della-ponte-servizi-in-bellunum-di-angelo-levis\/\" \/>\n<meta property=\"og:locale\" content=\"fr_FR\" \/>\n<meta property=\"og:type\" content=\"article\" \/>\n<meta property=\"og:title\" content=\"Incorporazione della Ponte Servizi in Bellunum * di Angelo Levis - Bellunopress - Dolomiti\" \/>\n<meta property=\"og:description\" content=\"Con il primo gennaio 2026 Ponte Servizi srl verr\u00e0 definitivamente confluita in Bellunum srl. Questi ultimi anni hanno visto un\u2019accelerazione in tal senso. Le fasi di tale progettualit\u00e0 sono molteplici: tra le significative si ricorda la delibera n. 3 del 27\/03\/2024 nella quale l\u2019Assemblea del Consiglio di bacino ha approvato l\u2019affidamento in house providing, sulla [&hellip;]\" \/>\n<meta property=\"og:url\" content=\"https:\/\/www.bellunopress.it\/fr\/2025\/12\/19\/incorporazione-della-ponte-servizi-in-bellunum-di-angelo-levis\/\" \/>\n<meta property=\"og:site_name\" content=\"Bellunopress - Dolomiti\" \/>\n<meta property=\"article:publisher\" content=\"https:\/\/www.facebook.com\/profile.php?id=100008943462799\" \/>\n<meta property=\"article:published_time\" content=\"2025-12-19T14:53:21+00:00\" \/>\n<meta property=\"og:image\" content=\"https:\/\/www.bellunopress.it\/wp-content\/uploads\/2024\/09\/angelo-levis_edited.jpg\" \/>\n\t<meta property=\"og:image:width\" content=\"1000\" \/>\n\t<meta property=\"og:image:height\" content=\"564\" \/>\n\t<meta property=\"og:image:type\" content=\"image\/jpeg\" \/>\n<meta name=\"author\" content=\"redazione\" \/>\n<meta name=\"twitter:card\" content=\"summary_large_image\" \/>\n<meta name=\"twitter:creator\" content=\"@bellunopress\" \/>\n<meta name=\"twitter:site\" content=\"@bellunopress\" \/>\n<meta name=\"twitter:label1\" content=\"Written by\" \/>\n\t<meta name=\"twitter:data1\" content=\"redazione\" \/>\n\t<meta name=\"twitter:label2\" content=\"Est. reading time\" \/>\n\t<meta name=\"twitter:data2\" content=\"3 minutes\" \/>\n<script type=\"application\/ld+json\" class=\"yoast-schema-graph\">{\"@context\":\"https:\\\/\\\/schema.org\",\"@graph\":[{\"@type\":\"Article\",\"@id\":\"https:\\\/\\\/www.bellunopress.it\\\/2025\\\/12\\\/19\\\/incorporazione-della-ponte-servizi-in-bellunum-di-angelo-levis\\\/#article\",\"isPartOf\":{\"@id\":\"https:\\\/\\\/www.bellunopress.it\\\/2025\\\/12\\\/19\\\/incorporazione-della-ponte-servizi-in-bellunum-di-angelo-levis\\\/\"},\"author\":{\"name\":\"redazione\",\"@id\":\"https:\\\/\\\/www.bellunopress.it\\\/#\\\/schema\\\/person\\\/79bb06722b37ece1c03d3e94beb30d73\"},\"headline\":\"Incorporazione della Ponte Servizi in Bellunum * di Angelo Levis\",\"datePublished\":\"2025-12-19T14:53:21+00:00\",\"mainEntityOfPage\":{\"@id\":\"https:\\\/\\\/www.bellunopress.it\\\/2025\\\/12\\\/19\\\/incorporazione-della-ponte-servizi-in-bellunum-di-angelo-levis\\\/\"},\"wordCount\":607,\"publisher\":{\"@id\":\"https:\\\/\\\/www.bellunopress.it\\\/#organization\"},\"image\":{\"@id\":\"https:\\\/\\\/www.bellunopress.it\\\/2025\\\/12\\\/19\\\/incorporazione-della-ponte-servizi-in-bellunum-di-angelo-levis\\\/#primaryimage\"},\"thumbnailUrl\":\"https:\\\/\\\/www.bellunopress.it\\\/wp-content\\\/uploads\\\/2024\\\/09\\\/angelo-levis_edited.jpg\",\"articleSection\":[\"Prima Pagina\",\"Societ\u00e0, Associazioni, Istituzioni\"],\"inLanguage\":\"fr-FR\"},{\"@type\":\"WebPage\",\"@id\":\"https:\\\/\\\/www.bellunopress.it\\\/2025\\\/12\\\/19\\\/incorporazione-della-ponte-servizi-in-bellunum-di-angelo-levis\\\/\",\"url\":\"https:\\\/\\\/www.bellunopress.it\\\/2025\\\/12\\\/19\\\/incorporazione-della-ponte-servizi-in-bellunum-di-angelo-levis\\\/\",\"name\":\"Incorporazione della Ponte Servizi in Bellunum * di Angelo Levis - Bellunopress - Dolomiti\",\"isPartOf\":{\"@id\":\"https:\\\/\\\/www.bellunopress.it\\\/#website\"},\"primaryImageOfPage\":{\"@id\":\"https:\\\/\\\/www.bellunopress.it\\\/2025\\\/12\\\/19\\\/incorporazione-della-ponte-servizi-in-bellunum-di-angelo-levis\\\/#primaryimage\"},\"image\":{\"@id\":\"https:\\\/\\\/www.bellunopress.it\\\/2025\\\/12\\\/19\\\/incorporazione-della-ponte-servizi-in-bellunum-di-angelo-levis\\\/#primaryimage\"},\"thumbnailUrl\":\"https:\\\/\\\/www.bellunopress.it\\\/wp-content\\\/uploads\\\/2024\\\/09\\\/angelo-levis_edited.jpg\",\"datePublished\":\"2025-12-19T14:53:21+00:00\",\"breadcrumb\":{\"@id\":\"https:\\\/\\\/www.bellunopress.it\\\/2025\\\/12\\\/19\\\/incorporazione-della-ponte-servizi-in-bellunum-di-angelo-levis\\\/#breadcrumb\"},\"inLanguage\":\"fr-FR\",\"potentialAction\":[{\"@type\":\"ReadAction\",\"target\":[\"https:\\\/\\\/www.bellunopress.it\\\/2025\\\/12\\\/19\\\/incorporazione-della-ponte-servizi-in-bellunum-di-angelo-levis\\\/\"]}]},{\"@type\":\"ImageObject\",\"inLanguage\":\"fr-FR\",\"@id\":\"https:\\\/\\\/www.bellunopress.it\\\/2025\\\/12\\\/19\\\/incorporazione-della-ponte-servizi-in-bellunum-di-angelo-levis\\\/#primaryimage\",\"url\":\"https:\\\/\\\/www.bellunopress.it\\\/wp-content\\\/uploads\\\/2024\\\/09\\\/angelo-levis_edited.jpg\",\"contentUrl\":\"https:\\\/\\\/www.bellunopress.it\\\/wp-content\\\/uploads\\\/2024\\\/09\\\/angelo-levis_edited.jpg\",\"width\":1000,\"height\":564,\"caption\":\"Angelo Levis, vicesindaco di Ponte nelle Alpi\"},{\"@type\":\"BreadcrumbList\",\"@id\":\"https:\\\/\\\/www.bellunopress.it\\\/2025\\\/12\\\/19\\\/incorporazione-della-ponte-servizi-in-bellunum-di-angelo-levis\\\/#breadcrumb\",\"itemListElement\":[{\"@type\":\"ListItem\",\"position\":1,\"name\":\"Home\",\"item\":\"https:\\\/\\\/www.bellunopress.it\\\/\"},{\"@type\":\"ListItem\",\"position\":2,\"name\":\"Incorporazione della Ponte Servizi in Bellunum * di Angelo Levis\"}]},{\"@type\":\"WebSite\",\"@id\":\"https:\\\/\\\/www.bellunopress.it\\\/#website\",\"url\":\"https:\\\/\\\/www.bellunopress.it\\\/\",\"name\":\"Bellunopress - Dolomiti\",\"description\":\"e-mail: redazione@bellunopress.it\",\"publisher\":{\"@id\":\"https:\\\/\\\/www.bellunopress.it\\\/#organization\"},\"potentialAction\":[{\"@type\":\"SearchAction\",\"target\":{\"@type\":\"EntryPoint\",\"urlTemplate\":\"https:\\\/\\\/www.bellunopress.it\\\/?s={search_term_string}\"},\"query-input\":{\"@type\":\"PropertyValueSpecification\",\"valueRequired\":true,\"valueName\":\"search_term_string\"}}],\"inLanguage\":\"fr-FR\"},{\"@type\":\"Organization\",\"@id\":\"https:\\\/\\\/www.bellunopress.it\\\/#organization\",\"name\":\"Bellunopress\",\"url\":\"https:\\\/\\\/www.bellunopress.it\\\/\",\"logo\":{\"@type\":\"ImageObject\",\"inLanguage\":\"fr-FR\",\"@id\":\"https:\\\/\\\/www.bellunopress.it\\\/#\\\/schema\\\/logo\\\/image\\\/\",\"url\":\"https:\\\/\\\/www.bellunopress.it\\\/wp-content\\\/uploads\\\/2011\\\/05\\\/cropped-logo-bellunopress-.jpg\",\"contentUrl\":\"https:\\\/\\\/www.bellunopress.it\\\/wp-content\\\/uploads\\\/2011\\\/05\\\/cropped-logo-bellunopress-.jpg\",\"width\":512,\"height\":512,\"caption\":\"Bellunopress\"},\"image\":{\"@id\":\"https:\\\/\\\/www.bellunopress.it\\\/#\\\/schema\\\/logo\\\/image\\\/\"},\"sameAs\":[\"https:\\\/\\\/www.facebook.com\\\/profile.php?id=100008943462799\",\"https:\\\/\\\/x.com\\\/bellunopress\",\"https:\\\/\\\/www.linkedin.com\\\/hp\\\/?dnr=JBzUWaJfMUw8vbXJJ2tVW5-I3jZKvC4wsoxE&amp;amp;amp;amp;amp;amp;trk=nav_responsive_tab_home\",\"https:\\\/\\\/www.youtube.com\\\/channel\\\/UCxL0wu1uN0_3_7hGG0306cw\"]},{\"@type\":\"Person\",\"@id\":\"https:\\\/\\\/www.bellunopress.it\\\/#\\\/schema\\\/person\\\/79bb06722b37ece1c03d3e94beb30d73\",\"name\":\"redazione\",\"image\":{\"@type\":\"ImageObject\",\"inLanguage\":\"fr-FR\",\"@id\":\"https:\\\/\\\/secure.gravatar.com\\\/avatar\\\/37d968a2e67a6fd04c169c4bdef102d0bc5d31b2546345219e348575eb80e9a0?s=96&d=mm&r=g\",\"url\":\"https:\\\/\\\/secure.gravatar.com\\\/avatar\\\/37d968a2e67a6fd04c169c4bdef102d0bc5d31b2546345219e348575eb80e9a0?s=96&d=mm&r=g\",\"contentUrl\":\"https:\\\/\\\/secure.gravatar.com\\\/avatar\\\/37d968a2e67a6fd04c169c4bdef102d0bc5d31b2546345219e348575eb80e9a0?s=96&d=mm&r=g\",\"caption\":\"redazione\"},\"sameAs\":[\"http:\\\/\\\/www.bellunopress.it\",\"https:\\\/\\\/x.com\\\/bellunopress\"],\"url\":\"https:\\\/\\\/www.bellunopress.it\\\/fr\\\/author\\\/redazione\\\/\"}]}<\/script>\n<!-- \/ Yoast SEO plugin. -->","yoast_head_json":{"title":"Incorporazione della Ponte Servizi in Bellunum * di Angelo Levis - Bellunopress - Dolomiti","robots":{"index":"index","follow":"follow","max-snippet":"max-snippet:-1","max-image-preview":"max-image-preview:large","max-video-preview":"max-video-preview:-1"},"canonical":"https:\/\/www.bellunopress.it\/fr\/2025\/12\/19\/incorporazione-della-ponte-servizi-in-bellunum-di-angelo-levis\/","og_locale":"fr_FR","og_type":"article","og_title":"Incorporazione della Ponte Servizi in Bellunum * di Angelo Levis - Bellunopress - Dolomiti","og_description":"Con il primo gennaio 2026 Ponte Servizi srl verr\u00e0 definitivamente confluita in Bellunum srl. Questi ultimi anni hanno visto un\u2019accelerazione in tal senso. Le fasi di tale progettualit\u00e0 sono molteplici: tra le significative si ricorda la delibera n. 3 del 27\/03\/2024 nella quale l\u2019Assemblea del Consiglio di bacino ha approvato l\u2019affidamento in house providing, sulla [&hellip;]","og_url":"https:\/\/www.bellunopress.it\/fr\/2025\/12\/19\/incorporazione-della-ponte-servizi-in-bellunum-di-angelo-levis\/","og_site_name":"Bellunopress - Dolomiti","article_publisher":"https:\/\/www.facebook.com\/profile.php?id=100008943462799","article_published_time":"2025-12-19T14:53:21+00:00","og_image":[{"width":1000,"height":564,"url":"https:\/\/www.bellunopress.it\/wp-content\/uploads\/2024\/09\/angelo-levis_edited.jpg","type":"image\/jpeg"}],"author":"redazione","twitter_card":"summary_large_image","twitter_creator":"@bellunopress","twitter_site":"@bellunopress","twitter_misc":{"Written by":"redazione","Est. reading time":"3 minutes"},"schema":{"@context":"https:\/\/schema.org","@graph":[{"@type":"Article","@id":"https:\/\/www.bellunopress.it\/2025\/12\/19\/incorporazione-della-ponte-servizi-in-bellunum-di-angelo-levis\/#article","isPartOf":{"@id":"https:\/\/www.bellunopress.it\/2025\/12\/19\/incorporazione-della-ponte-servizi-in-bellunum-di-angelo-levis\/"},"author":{"name":"redazione","@id":"https:\/\/www.bellunopress.it\/#\/schema\/person\/79bb06722b37ece1c03d3e94beb30d73"},"headline":"Incorporazione della Ponte Servizi in Bellunum * di Angelo Levis","datePublished":"2025-12-19T14:53:21+00:00","mainEntityOfPage":{"@id":"https:\/\/www.bellunopress.it\/2025\/12\/19\/incorporazione-della-ponte-servizi-in-bellunum-di-angelo-levis\/"},"wordCount":607,"publisher":{"@id":"https:\/\/www.bellunopress.it\/#organization"},"image":{"@id":"https:\/\/www.bellunopress.it\/2025\/12\/19\/incorporazione-della-ponte-servizi-in-bellunum-di-angelo-levis\/#primaryimage"},"thumbnailUrl":"https:\/\/www.bellunopress.it\/wp-content\/uploads\/2024\/09\/angelo-levis_edited.jpg","articleSection":["Prima Pagina","Societ\u00e0, Associazioni, Istituzioni"],"inLanguage":"fr-FR"},{"@type":"WebPage","@id":"https:\/\/www.bellunopress.it\/2025\/12\/19\/incorporazione-della-ponte-servizi-in-bellunum-di-angelo-levis\/","url":"https:\/\/www.bellunopress.it\/2025\/12\/19\/incorporazione-della-ponte-servizi-in-bellunum-di-angelo-levis\/","name":"Incorporazione della Ponte Servizi in Bellunum * di Angelo Levis - Bellunopress - Dolomiti","isPartOf":{"@id":"https:\/\/www.bellunopress.it\/#website"},"primaryImageOfPage":{"@id":"https:\/\/www.bellunopress.it\/2025\/12\/19\/incorporazione-della-ponte-servizi-in-bellunum-di-angelo-levis\/#primaryimage"},"image":{"@id":"https:\/\/www.bellunopress.it\/2025\/12\/19\/incorporazione-della-ponte-servizi-in-bellunum-di-angelo-levis\/#primaryimage"},"thumbnailUrl":"https:\/\/www.bellunopress.it\/wp-content\/uploads\/2024\/09\/angelo-levis_edited.jpg","datePublished":"2025-12-19T14:53:21+00:00","breadcrumb":{"@id":"https:\/\/www.bellunopress.it\/2025\/12\/19\/incorporazione-della-ponte-servizi-in-bellunum-di-angelo-levis\/#breadcrumb"},"inLanguage":"fr-FR","potentialAction":[{"@type":"ReadAction","target":["https:\/\/www.bellunopress.it\/2025\/12\/19\/incorporazione-della-ponte-servizi-in-bellunum-di-angelo-levis\/"]}]},{"@type":"ImageObject","inLanguage":"fr-FR","@id":"https:\/\/www.bellunopress.it\/2025\/12\/19\/incorporazione-della-ponte-servizi-in-bellunum-di-angelo-levis\/#primaryimage","url":"https:\/\/www.bellunopress.it\/wp-content\/uploads\/2024\/09\/angelo-levis_edited.jpg","contentUrl":"https:\/\/www.bellunopress.it\/wp-content\/uploads\/2024\/09\/angelo-levis_edited.jpg","width":1000,"height":564,"caption":"Angelo Levis, vicesindaco di Ponte nelle Alpi"},{"@type":"BreadcrumbList","@id":"https:\/\/www.bellunopress.it\/2025\/12\/19\/incorporazione-della-ponte-servizi-in-bellunum-di-angelo-levis\/#breadcrumb","itemListElement":[{"@type":"ListItem","position":1,"name":"Home","item":"https:\/\/www.bellunopress.it\/"},{"@type":"ListItem","position":2,"name":"Incorporazione della Ponte Servizi in Bellunum * di Angelo Levis"}]},{"@type":"WebSite","@id":"https:\/\/www.bellunopress.it\/#website","url":"https:\/\/www.bellunopress.it\/","name":"Bellunopress - Dolomiti","description":"e-mail: redazione@bellunopress.it","publisher":{"@id":"https:\/\/www.bellunopress.it\/#organization"},"potentialAction":[{"@type":"SearchAction","target":{"@type":"EntryPoint","urlTemplate":"https:\/\/www.bellunopress.it\/?s={search_term_string}"},"query-input":{"@type":"PropertyValueSpecification","valueRequired":true,"valueName":"search_term_string"}}],"inLanguage":"fr-FR"},{"@type":"Organization","@id":"https:\/\/www.bellunopress.it\/#organization","name":"Bellunopress","url":"https:\/\/www.bellunopress.it\/","logo":{"@type":"ImageObject","inLanguage":"fr-FR","@id":"https:\/\/www.bellunopress.it\/#\/schema\/logo\/image\/","url":"https:\/\/www.bellunopress.it\/wp-content\/uploads\/2011\/05\/cropped-logo-bellunopress-.jpg","contentUrl":"https:\/\/www.bellunopress.it\/wp-content\/uploads\/2011\/05\/cropped-logo-bellunopress-.jpg","width":512,"height":512,"caption":"Bellunopress"},"image":{"@id":"https:\/\/www.bellunopress.it\/#\/schema\/logo\/image\/"},"sameAs":["https:\/\/www.facebook.com\/profile.php?id=100008943462799","https:\/\/x.com\/bellunopress","https:\/\/www.linkedin.com\/hp\/?dnr=JBzUWaJfMUw8vbXJJ2tVW5-I3jZKvC4wsoxE&amp;amp;amp;amp;amp;amp;trk=nav_responsive_tab_home","https:\/\/www.youtube.com\/channel\/UCxL0wu1uN0_3_7hGG0306cw"]},{"@type":"Person","@id":"https:\/\/www.bellunopress.it\/#\/schema\/person\/79bb06722b37ece1c03d3e94beb30d73","name":"r\u00e9daction","image":{"@type":"ImageObject","inLanguage":"fr-FR","@id":"https:\/\/secure.gravatar.com\/avatar\/37d968a2e67a6fd04c169c4bdef102d0bc5d31b2546345219e348575eb80e9a0?s=96&d=mm&r=g","url":"https:\/\/secure.gravatar.com\/avatar\/37d968a2e67a6fd04c169c4bdef102d0bc5d31b2546345219e348575eb80e9a0?s=96&d=mm&r=g","contentUrl":"https:\/\/secure.gravatar.com\/avatar\/37d968a2e67a6fd04c169c4bdef102d0bc5d31b2546345219e348575eb80e9a0?s=96&d=mm&r=g","caption":"redazione"},"sameAs":["http:\/\/www.bellunopress.it","https:\/\/x.com\/bellunopress"],"url":"https:\/\/www.bellunopress.it\/fr\/author\/redazione\/"}]}},"_links":{"self":[{"href":"https:\/\/www.bellunopress.it\/fr\/wp-json\/wp\/v2\/posts\/165897","targetHints":{"allow":["GET"]}}],"collection":[{"href":"https:\/\/www.bellunopress.it\/fr\/wp-json\/wp\/v2\/posts"}],"about":[{"href":"https:\/\/www.bellunopress.it\/fr\/wp-json\/wp\/v2\/types\/post"}],"author":[{"embeddable":true,"href":"https:\/\/www.bellunopress.it\/fr\/wp-json\/wp\/v2\/users\/2"}],"replies":[{"embeddable":true,"href":"https:\/\/www.bellunopress.it\/fr\/wp-json\/wp\/v2\/comments?post=165897"}],"version-history":[{"count":1,"href":"https:\/\/www.bellunopress.it\/fr\/wp-json\/wp\/v2\/posts\/165897\/revisions"}],"predecessor-version":[{"id":165898,"href":"https:\/\/www.bellunopress.it\/fr\/wp-json\/wp\/v2\/posts\/165897\/revisions\/165898"}],"wp:featuredmedia":[{"embeddable":true,"href":"https:\/\/www.bellunopress.it\/fr\/wp-json\/wp\/v2\/media\/154149"}],"wp:attachment":[{"href":"https:\/\/www.bellunopress.it\/fr\/wp-json\/wp\/v2\/media?parent=165897"}],"wp:term":[{"taxonomy":"category","embeddable":true,"href":"https:\/\/www.bellunopress.it\/fr\/wp-json\/wp\/v2\/categories?post=165897"},{"taxonomy":"post_tag","embeddable":true,"href":"https:\/\/www.bellunopress.it\/fr\/wp-json\/wp\/v2\/tags?post=165897"}],"curies":[{"name":"wp","href":"https:\/\/api.w.org\/{rel}","templated":true}]}}