{"id":165895,"date":"2025-12-19T15:46:01","date_gmt":"2025-12-19T14:46:01","guid":{"rendered":"https:\/\/www.bellunopress.it\/?p=165895"},"modified":"2025-12-19T15:46:01","modified_gmt":"2025-12-19T14:46:01","slug":"feltre-un-patto-per-il-commercio-istituzioni-e-categorie-unite-contro-la-desertificazione-urbana","status":"publish","type":"post","link":"https:\/\/www.bellunopress.it\/fr\/2025\/12\/19\/feltre-un-patto-per-il-commercio-istituzioni-e-categorie-unite-contro-la-desertificazione-urbana\/","title":{"rendered":"Feltre, un &#8220;Patto per il Commercio&#8221;: istituzioni e categorie unite contro la desertificazione urbana"},"content":{"rendered":"<p><img loading=\"lazy\" decoding=\"async\" class=\"aligncenter size-full wp-image-113912\" src=\"https:\/\/www.bellunopress.it\/wp-content\/uploads\/2020\/04\/citt\u00e0-di-Feltre_edited.jpg\" alt=\"\" width=\"449\" height=\"519\" srcset=\"https:\/\/www.bellunopress.it\/wp-content\/uploads\/2020\/04\/citt\u00e0-di-Feltre_edited.jpg 449w, https:\/\/www.bellunopress.it\/wp-content\/uploads\/2020\/04\/citt\u00e0-di-Feltre_edited-433x500.jpg 433w, https:\/\/www.bellunopress.it\/wp-content\/uploads\/2020\/04\/citt\u00e0-di-Feltre_edited-363x420.jpg 363w\" sizes=\"auto, (max-width: 449px) 100vw, 449px\" \/>Firmato un accordo strategico tra Comune, Camera di Commercio, Ulss e Associazioni di categoria per semplificare la burocrazia e rilanciare i negozi di vicinato nel centro storico e nelle frazioni.<\/p>\n<p>Feltre, 19 dicembre 2025 \u2013 Una rete di protezione e sviluppo per il cuore pulsante dell\u2019economia feltrina. \u00c8 stato siglato l\u2019Accordo di collaborazione che vede per la prima volta seduti allo stesso tavolo il Comune di Feltre, la Camera di Commercio di Treviso-Belluno Dolomiti, l\u2019AULSS 1 Dolomiti e le principali sigle di categoria (Appia CNA, Confartigianato e Confcommercio).<\/p>\n<p>L\u2019obiettivo \u00e8 ambizioso: invertire la rotta rispetto alla &#8220;desertificazione&#8221; dei negozi di prossimit\u00e0, schiacciati dalla concorrenza dell&#8217;e-commerce e della grande distribuzione, e trasformare la burocrazia da ostacolo a risorsa.<\/p>\n<p>Aprire un\u2019attivit\u00e0 in un centro storico di pregio come quello di Feltre non \u00e8 un\u2019impresa semplice. Tra vincoli architettonici, parametri igienico-sanitari complessi e verifiche di legittimit\u00e0 edilizia, gli imprenditori si trovano spesso in un labirinto di uffici.<\/p>\n<p>Con questo accordo, nasce un Tavolo di Coordinamento permanente. Il Comune di Feltre e gli altri enti sottoscrittori si impegnano a creare una &#8220;corsia preferenziale&#8221; per le informazioni: se un commerciante incontra una criticit\u00e0 (che si tratti di un&#8217;insegna, di un dehors o di un locale storico con soffitti troppo bassi per le norme standard), gli enti si consulteranno direttamente tra loro per trovare soluzioni rapide e condivise.<\/p>\n<p>L\u2019intesa, di durata triennale, si concentra su alcuni pilastri fondamentali:<\/p>\n<p>Semplificazione digitale: sfruttando la piattaforma &#8220;Impresa in un Giorno&#8221;, l\u2019interfaccia tra pubblica amministrazione e impresa diventer\u00e0 totalmente telematica e pi\u00f9 snella.<\/p>\n<p>Supporto all&#8217;igiene pubblica: Grazie al coinvolgimento diretto dell\u2019AULSS 1, verranno affrontate le problematiche sanitarie legate agli edifici vincolati, cercando un equilibrio tra salubrit\u00e0 e conservazione storica.<\/p>\n<p>Monitoraggio ed economia: la Camera di Commercio fornir\u00e0 dati aggiornati sulla &#8220;nati-mortalit\u00e0&#8221; delle imprese e studi di settore per orientare le politiche comunali.<\/p>\n<p>Presidio territoriale: si punta a valorizzare non solo il centro, ma anche le frazioni, considerate luoghi vitali di socialit\u00e0 e sicurezza urbana.<\/p>\n<p>Dalle premesse del documento emerge una visione chiara: la crescita economica di Feltre dipende dalla capacit\u00e0 del territorio di fare squadra. Il Comune assume il ruolo di regista, impegnandosi a convocare periodicamente i partner per monitorare l&#8217;efficacia del patto. Le associazioni di categoria (Appia, Confartigianato e Confcommercio) fungeranno invece da interfaccia operativa, fornendo consulenza e formazione mirata ai propri associati.<\/p>\n<p>&#8220;\u00c8 interesse comune agevolare l\u2019accesso alle informazioni&#8221;, si legge nel testo dell&#8217;accordo. Un principio che non si ferma alle parole, ma che prevede la creazione di mailing list dedicate tra i funzionari per risolvere i problemi &#8220;alla radice&#8221;, prima ancora che diventino intoppi bloccanti per chi vuole investire in citt\u00e0.<\/p>\n<p>Cosa cambia per i cittadini?<br \/>\nL\u2019accordo non \u00e8 solo una questione per addetti ai lavori. Un tessuto commerciale vivo significa strade pi\u00f9 illuminate, piazze frequentate e servizi sotto casa. La scommessa di Feltre \u00e8 chiara: rendere la citt\u00e0 &#8220;business-friendly&#8221; per mantenere vivo il suo patrimonio sociale e architettonico.<\/p>","protected":false},"excerpt":{"rendered":"<p>Firmato un accordo strategico tra Comune, Camera di Commercio, Ulss e Associazioni di categoria per semplificare la burocrazia e rilanciare i negozi di vicinato nel centro storico e nelle frazioni. Feltre, 19 dicembre 2025 \u2013 Una rete di protezione e sviluppo per il cuore pulsante dell\u2019economia feltrina. \u00c8 stato siglato l\u2019Accordo di collaborazione che vede [&hellip;]<\/p>\n","protected":false},"author":2,"featured_media":113912,"comment_status":"closed","ping_status":"open","sticky":false,"template":"","format":"standard","meta":{"footnotes":""},"categories":[36],"tags":[],"class_list":["post-165895","post","type-post","status-publish","format-standard","has-post-thumbnail","category-lavoro-economia"],"yoast_head":"<!-- This site is optimized with the Yoast SEO plugin v28.4 - https:\/\/yoast.com\/product\/yoast-seo-wordpress\/ -->\n<title>Feltre, un &quot;Patto per il Commercio&quot;: istituzioni e categorie unite contro la desertificazione urbana - Bellunopress - Dolomiti<\/title>\n<meta name=\"robots\" content=\"index, follow, max-snippet:-1, max-image-preview:large, max-video-preview:-1\" \/>\n<link rel=\"canonical\" href=\"https:\/\/www.bellunopress.it\/fr\/2025\/12\/19\/feltre-un-patto-per-il-commercio-istituzioni-e-categorie-unite-contro-la-desertificazione-urbana\/\" \/>\n<meta property=\"og:locale\" content=\"fr_FR\" \/>\n<meta property=\"og:type\" content=\"article\" \/>\n<meta property=\"og:title\" content=\"Feltre, un &quot;Patto per il Commercio&quot;: istituzioni e categorie unite contro la desertificazione urbana - Bellunopress - Dolomiti\" \/>\n<meta property=\"og:description\" content=\"Firmato un accordo strategico tra Comune, Camera di Commercio, Ulss e Associazioni di categoria per semplificare la burocrazia e rilanciare i negozi di vicinato nel centro storico e nelle frazioni. Feltre, 19 dicembre 2025 \u2013 Una rete di protezione e sviluppo per il cuore pulsante dell\u2019economia feltrina. \u00c8 stato siglato l\u2019Accordo di collaborazione che vede [&hellip;]\" \/>\n<meta property=\"og:url\" content=\"https:\/\/www.bellunopress.it\/fr\/2025\/12\/19\/feltre-un-patto-per-il-commercio-istituzioni-e-categorie-unite-contro-la-desertificazione-urbana\/\" \/>\n<meta property=\"og:site_name\" content=\"Bellunopress - Dolomiti\" \/>\n<meta property=\"article:publisher\" content=\"https:\/\/www.facebook.com\/profile.php?id=100008943462799\" \/>\n<meta property=\"article:published_time\" content=\"2025-12-19T14:46:01+00:00\" \/>\n<meta property=\"og:image\" content=\"https:\/\/www.bellunopress.it\/wp-content\/uploads\/2020\/04\/citt\u00e0-di-Feltre_edited.jpg\" \/>\n\t<meta property=\"og:image:width\" content=\"449\" \/>\n\t<meta property=\"og:image:height\" content=\"519\" \/>\n\t<meta property=\"og:image:type\" content=\"image\/jpeg\" \/>\n<meta name=\"author\" content=\"redazione\" \/>\n<meta name=\"twitter:card\" content=\"summary_large_image\" \/>\n<meta name=\"twitter:creator\" content=\"@bellunopress\" \/>\n<meta name=\"twitter:site\" content=\"@bellunopress\" \/>\n<meta name=\"twitter:label1\" content=\"\u00c9crit par\" \/>\n\t<meta name=\"twitter:data1\" content=\"redazione\" \/>\n\t<meta name=\"twitter:label2\" content=\"Dur\u00e9e de lecture estim\u00e9e\" \/>\n\t<meta name=\"twitter:data2\" content=\"2 minutes\" \/>\n<script type=\"application\/ld+json\" class=\"yoast-schema-graph\">{\"@context\":\"https:\\\/\\\/schema.org\",\"@graph\":[{\"@type\":\"Article\",\"@id\":\"https:\\\/\\\/www.bellunopress.it\\\/2025\\\/12\\\/19\\\/feltre-un-patto-per-il-commercio-istituzioni-e-categorie-unite-contro-la-desertificazione-urbana\\\/#article\",\"isPartOf\":{\"@id\":\"https:\\\/\\\/www.bellunopress.it\\\/2025\\\/12\\\/19\\\/feltre-un-patto-per-il-commercio-istituzioni-e-categorie-unite-contro-la-desertificazione-urbana\\\/\"},\"author\":{\"name\":\"redazione\",\"@id\":\"https:\\\/\\\/www.bellunopress.it\\\/#\\\/schema\\\/person\\\/79bb06722b37ece1c03d3e94beb30d73\"},\"headline\":\"Feltre, un &#8220;Patto per il Commercio&#8221;: istituzioni e categorie unite contro la desertificazione urbana\",\"datePublished\":\"2025-12-19T14:46:01+00:00\",\"mainEntityOfPage\":{\"@id\":\"https:\\\/\\\/www.bellunopress.it\\\/2025\\\/12\\\/19\\\/feltre-un-patto-per-il-commercio-istituzioni-e-categorie-unite-contro-la-desertificazione-urbana\\\/\"},\"wordCount\":501,\"publisher\":{\"@id\":\"https:\\\/\\\/www.bellunopress.it\\\/#organization\"},\"image\":{\"@id\":\"https:\\\/\\\/www.bellunopress.it\\\/2025\\\/12\\\/19\\\/feltre-un-patto-per-il-commercio-istituzioni-e-categorie-unite-contro-la-desertificazione-urbana\\\/#primaryimage\"},\"thumbnailUrl\":\"https:\\\/\\\/www.bellunopress.it\\\/wp-content\\\/uploads\\\/2020\\\/04\\\/citt\u00e0-di-Feltre_edited.jpg\",\"articleSection\":[\"Lavoro, Economia, Turismo\"],\"inLanguage\":\"fr-FR\"},{\"@type\":\"WebPage\",\"@id\":\"https:\\\/\\\/www.bellunopress.it\\\/2025\\\/12\\\/19\\\/feltre-un-patto-per-il-commercio-istituzioni-e-categorie-unite-contro-la-desertificazione-urbana\\\/\",\"url\":\"https:\\\/\\\/www.bellunopress.it\\\/2025\\\/12\\\/19\\\/feltre-un-patto-per-il-commercio-istituzioni-e-categorie-unite-contro-la-desertificazione-urbana\\\/\",\"name\":\"Feltre, un \\\"Patto per il Commercio\\\": istituzioni e categorie unite contro la desertificazione urbana - Bellunopress - Dolomiti\",\"isPartOf\":{\"@id\":\"https:\\\/\\\/www.bellunopress.it\\\/#website\"},\"primaryImageOfPage\":{\"@id\":\"https:\\\/\\\/www.bellunopress.it\\\/2025\\\/12\\\/19\\\/feltre-un-patto-per-il-commercio-istituzioni-e-categorie-unite-contro-la-desertificazione-urbana\\\/#primaryimage\"},\"image\":{\"@id\":\"https:\\\/\\\/www.bellunopress.it\\\/2025\\\/12\\\/19\\\/feltre-un-patto-per-il-commercio-istituzioni-e-categorie-unite-contro-la-desertificazione-urbana\\\/#primaryimage\"},\"thumbnailUrl\":\"https:\\\/\\\/www.bellunopress.it\\\/wp-content\\\/uploads\\\/2020\\\/04\\\/citt\u00e0-di-Feltre_edited.jpg\",\"datePublished\":\"2025-12-19T14:46:01+00:00\",\"breadcrumb\":{\"@id\":\"https:\\\/\\\/www.bellunopress.it\\\/2025\\\/12\\\/19\\\/feltre-un-patto-per-il-commercio-istituzioni-e-categorie-unite-contro-la-desertificazione-urbana\\\/#breadcrumb\"},\"inLanguage\":\"fr-FR\",\"potentialAction\":[{\"@type\":\"ReadAction\",\"target\":[\"https:\\\/\\\/www.bellunopress.it\\\/2025\\\/12\\\/19\\\/feltre-un-patto-per-il-commercio-istituzioni-e-categorie-unite-contro-la-desertificazione-urbana\\\/\"]}]},{\"@type\":\"ImageObject\",\"inLanguage\":\"fr-FR\",\"@id\":\"https:\\\/\\\/www.bellunopress.it\\\/2025\\\/12\\\/19\\\/feltre-un-patto-per-il-commercio-istituzioni-e-categorie-unite-contro-la-desertificazione-urbana\\\/#primaryimage\",\"url\":\"https:\\\/\\\/www.bellunopress.it\\\/wp-content\\\/uploads\\\/2020\\\/04\\\/citt\u00e0-di-Feltre_edited.jpg\",\"contentUrl\":\"https:\\\/\\\/www.bellunopress.it\\\/wp-content\\\/uploads\\\/2020\\\/04\\\/citt\u00e0-di-Feltre_edited.jpg\",\"width\":449,\"height\":519},{\"@type\":\"BreadcrumbList\",\"@id\":\"https:\\\/\\\/www.bellunopress.it\\\/2025\\\/12\\\/19\\\/feltre-un-patto-per-il-commercio-istituzioni-e-categorie-unite-contro-la-desertificazione-urbana\\\/#breadcrumb\",\"itemListElement\":[{\"@type\":\"ListItem\",\"position\":1,\"name\":\"Home\",\"item\":\"https:\\\/\\\/www.bellunopress.it\\\/\"},{\"@type\":\"ListItem\",\"position\":2,\"name\":\"Feltre, un &#8220;Patto per il Commercio&#8221;: istituzioni e categorie unite contro la desertificazione urbana\"}]},{\"@type\":\"WebSite\",\"@id\":\"https:\\\/\\\/www.bellunopress.it\\\/#website\",\"url\":\"https:\\\/\\\/www.bellunopress.it\\\/\",\"name\":\"Bellunopress - Dolomiti\",\"description\":\"e-mail: redazione@bellunopress.it\",\"publisher\":{\"@id\":\"https:\\\/\\\/www.bellunopress.it\\\/#organization\"},\"potentialAction\":[{\"@type\":\"SearchAction\",\"target\":{\"@type\":\"EntryPoint\",\"urlTemplate\":\"https:\\\/\\\/www.bellunopress.it\\\/?s={search_term_string}\"},\"query-input\":{\"@type\":\"PropertyValueSpecification\",\"valueRequired\":true,\"valueName\":\"search_term_string\"}}],\"inLanguage\":\"fr-FR\"},{\"@type\":\"Organization\",\"@id\":\"https:\\\/\\\/www.bellunopress.it\\\/#organization\",\"name\":\"Bellunopress\",\"url\":\"https:\\\/\\\/www.bellunopress.it\\\/\",\"logo\":{\"@type\":\"ImageObject\",\"inLanguage\":\"fr-FR\",\"@id\":\"https:\\\/\\\/www.bellunopress.it\\\/#\\\/schema\\\/logo\\\/image\\\/\",\"url\":\"https:\\\/\\\/www.bellunopress.it\\\/wp-content\\\/uploads\\\/2011\\\/05\\\/cropped-logo-bellunopress-.jpg\",\"contentUrl\":\"https:\\\/\\\/www.bellunopress.it\\\/wp-content\\\/uploads\\\/2011\\\/05\\\/cropped-logo-bellunopress-.jpg\",\"width\":512,\"height\":512,\"caption\":\"Bellunopress\"},\"image\":{\"@id\":\"https:\\\/\\\/www.bellunopress.it\\\/#\\\/schema\\\/logo\\\/image\\\/\"},\"sameAs\":[\"https:\\\/\\\/www.facebook.com\\\/profile.php?id=100008943462799\",\"https:\\\/\\\/x.com\\\/bellunopress\",\"https:\\\/\\\/www.linkedin.com\\\/hp\\\/?dnr=JBzUWaJfMUw8vbXJJ2tVW5-I3jZKvC4wsoxE&amp;amp;amp;amp;amp;amp;trk=nav_responsive_tab_home\",\"https:\\\/\\\/www.youtube.com\\\/channel\\\/UCxL0wu1uN0_3_7hGG0306cw\"]},{\"@type\":\"Person\",\"@id\":\"https:\\\/\\\/www.bellunopress.it\\\/#\\\/schema\\\/person\\\/79bb06722b37ece1c03d3e94beb30d73\",\"name\":\"redazione\",\"image\":{\"@type\":\"ImageObject\",\"inLanguage\":\"fr-FR\",\"@id\":\"https:\\\/\\\/secure.gravatar.com\\\/avatar\\\/37d968a2e67a6fd04c169c4bdef102d0bc5d31b2546345219e348575eb80e9a0?s=96&d=mm&r=g\",\"url\":\"https:\\\/\\\/secure.gravatar.com\\\/avatar\\\/37d968a2e67a6fd04c169c4bdef102d0bc5d31b2546345219e348575eb80e9a0?s=96&d=mm&r=g\",\"contentUrl\":\"https:\\\/\\\/secure.gravatar.com\\\/avatar\\\/37d968a2e67a6fd04c169c4bdef102d0bc5d31b2546345219e348575eb80e9a0?s=96&d=mm&r=g\",\"caption\":\"redazione\"},\"sameAs\":[\"http:\\\/\\\/www.bellunopress.it\",\"https:\\\/\\\/x.com\\\/bellunopress\"],\"url\":\"https:\\\/\\\/www.bellunopress.it\\\/fr\\\/author\\\/redazione\\\/\"}]}<\/script>\n<!-- \/ Yoast SEO plugin. -->","yoast_head_json":{"title":"Feltre, un \"Patto per il Commercio\": istituzioni e categorie unite contro la desertificazione urbana - Bellunopress - Dolomiti","robots":{"index":"index","follow":"follow","max-snippet":"max-snippet:-1","max-image-preview":"max-image-preview:large","max-video-preview":"max-video-preview:-1"},"canonical":"https:\/\/www.bellunopress.it\/fr\/2025\/12\/19\/feltre-un-patto-per-il-commercio-istituzioni-e-categorie-unite-contro-la-desertificazione-urbana\/","og_locale":"fr_FR","og_type":"article","og_title":"Feltre, un \"Patto per il Commercio\": istituzioni e categorie unite contro la desertificazione urbana - Bellunopress - Dolomiti","og_description":"Firmato un accordo strategico tra Comune, Camera di Commercio, Ulss e Associazioni di categoria per semplificare la burocrazia e rilanciare i negozi di vicinato nel centro storico e nelle frazioni. Feltre, 19 dicembre 2025 \u2013 Una rete di protezione e sviluppo per il cuore pulsante dell\u2019economia feltrina. \u00c8 stato siglato l\u2019Accordo di collaborazione che vede [&hellip;]","og_url":"https:\/\/www.bellunopress.it\/fr\/2025\/12\/19\/feltre-un-patto-per-il-commercio-istituzioni-e-categorie-unite-contro-la-desertificazione-urbana\/","og_site_name":"Bellunopress - Dolomiti","article_publisher":"https:\/\/www.facebook.com\/profile.php?id=100008943462799","article_published_time":"2025-12-19T14:46:01+00:00","og_image":[{"width":449,"height":519,"url":"https:\/\/www.bellunopress.it\/wp-content\/uploads\/2020\/04\/citt\u00e0-di-Feltre_edited.jpg","type":"image\/jpeg"}],"author":"redazione","twitter_card":"summary_large_image","twitter_creator":"@bellunopress","twitter_site":"@bellunopress","twitter_misc":{"\u00c9crit par":"redazione","Dur\u00e9e de lecture estim\u00e9e":"2 minutes"},"schema":{"@context":"https:\/\/schema.org","@graph":[{"@type":"Article","@id":"https:\/\/www.bellunopress.it\/2025\/12\/19\/feltre-un-patto-per-il-commercio-istituzioni-e-categorie-unite-contro-la-desertificazione-urbana\/#article","isPartOf":{"@id":"https:\/\/www.bellunopress.it\/2025\/12\/19\/feltre-un-patto-per-il-commercio-istituzioni-e-categorie-unite-contro-la-desertificazione-urbana\/"},"author":{"name":"redazione","@id":"https:\/\/www.bellunopress.it\/#\/schema\/person\/79bb06722b37ece1c03d3e94beb30d73"},"headline":"Feltre, un &#8220;Patto per il Commercio&#8221;: istituzioni e categorie unite contro la desertificazione urbana","datePublished":"2025-12-19T14:46:01+00:00","mainEntityOfPage":{"@id":"https:\/\/www.bellunopress.it\/2025\/12\/19\/feltre-un-patto-per-il-commercio-istituzioni-e-categorie-unite-contro-la-desertificazione-urbana\/"},"wordCount":501,"publisher":{"@id":"https:\/\/www.bellunopress.it\/#organization"},"image":{"@id":"https:\/\/www.bellunopress.it\/2025\/12\/19\/feltre-un-patto-per-il-commercio-istituzioni-e-categorie-unite-contro-la-desertificazione-urbana\/#primaryimage"},"thumbnailUrl":"https:\/\/www.bellunopress.it\/wp-content\/uploads\/2020\/04\/citt\u00e0-di-Feltre_edited.jpg","articleSection":["Lavoro, Economia, Turismo"],"inLanguage":"fr-FR"},{"@type":"WebPage","@id":"https:\/\/www.bellunopress.it\/2025\/12\/19\/feltre-un-patto-per-il-commercio-istituzioni-e-categorie-unite-contro-la-desertificazione-urbana\/","url":"https:\/\/www.bellunopress.it\/2025\/12\/19\/feltre-un-patto-per-il-commercio-istituzioni-e-categorie-unite-contro-la-desertificazione-urbana\/","name":"Feltre, un \"Patto per il Commercio\": istituzioni e categorie unite contro la desertificazione urbana - Bellunopress - Dolomiti","isPartOf":{"@id":"https:\/\/www.bellunopress.it\/#website"},"primaryImageOfPage":{"@id":"https:\/\/www.bellunopress.it\/2025\/12\/19\/feltre-un-patto-per-il-commercio-istituzioni-e-categorie-unite-contro-la-desertificazione-urbana\/#primaryimage"},"image":{"@id":"https:\/\/www.bellunopress.it\/2025\/12\/19\/feltre-un-patto-per-il-commercio-istituzioni-e-categorie-unite-contro-la-desertificazione-urbana\/#primaryimage"},"thumbnailUrl":"https:\/\/www.bellunopress.it\/wp-content\/uploads\/2020\/04\/citt\u00e0-di-Feltre_edited.jpg","datePublished":"2025-12-19T14:46:01+00:00","breadcrumb":{"@id":"https:\/\/www.bellunopress.it\/2025\/12\/19\/feltre-un-patto-per-il-commercio-istituzioni-e-categorie-unite-contro-la-desertificazione-urbana\/#breadcrumb"},"inLanguage":"fr-FR","potentialAction":[{"@type":"ReadAction","target":["https:\/\/www.bellunopress.it\/2025\/12\/19\/feltre-un-patto-per-il-commercio-istituzioni-e-categorie-unite-contro-la-desertificazione-urbana\/"]}]},{"@type":"ImageObject","inLanguage":"fr-FR","@id":"https:\/\/www.bellunopress.it\/2025\/12\/19\/feltre-un-patto-per-il-commercio-istituzioni-e-categorie-unite-contro-la-desertificazione-urbana\/#primaryimage","url":"https:\/\/www.bellunopress.it\/wp-content\/uploads\/2020\/04\/citt\u00e0-di-Feltre_edited.jpg","contentUrl":"https:\/\/www.bellunopress.it\/wp-content\/uploads\/2020\/04\/citt\u00e0-di-Feltre_edited.jpg","width":449,"height":519},{"@type":"BreadcrumbList","@id":"https:\/\/www.bellunopress.it\/2025\/12\/19\/feltre-un-patto-per-il-commercio-istituzioni-e-categorie-unite-contro-la-desertificazione-urbana\/#breadcrumb","itemListElement":[{"@type":"ListItem","position":1,"name":"Home","item":"https:\/\/www.bellunopress.it\/"},{"@type":"ListItem","position":2,"name":"Feltre, un &#8220;Patto per il Commercio&#8221;: istituzioni e categorie unite contro la desertificazione urbana"}]},{"@type":"WebSite","@id":"https:\/\/www.bellunopress.it\/#website","url":"https:\/\/www.bellunopress.it\/","name":"Bellunopress - Dolomiti","description":"e-mail: redazione@bellunopress.it","publisher":{"@id":"https:\/\/www.bellunopress.it\/#organization"},"potentialAction":[{"@type":"SearchAction","target":{"@type":"EntryPoint","urlTemplate":"https:\/\/www.bellunopress.it\/?s={search_term_string}"},"query-input":{"@type":"PropertyValueSpecification","valueRequired":true,"valueName":"search_term_string"}}],"inLanguage":"fr-FR"},{"@type":"Organization","@id":"https:\/\/www.bellunopress.it\/#organization","name":"Bellunopress","url":"https:\/\/www.bellunopress.it\/","logo":{"@type":"ImageObject","inLanguage":"fr-FR","@id":"https:\/\/www.bellunopress.it\/#\/schema\/logo\/image\/","url":"https:\/\/www.bellunopress.it\/wp-content\/uploads\/2011\/05\/cropped-logo-bellunopress-.jpg","contentUrl":"https:\/\/www.bellunopress.it\/wp-content\/uploads\/2011\/05\/cropped-logo-bellunopress-.jpg","width":512,"height":512,"caption":"Bellunopress"},"image":{"@id":"https:\/\/www.bellunopress.it\/#\/schema\/logo\/image\/"},"sameAs":["https:\/\/www.facebook.com\/profile.php?id=100008943462799","https:\/\/x.com\/bellunopress","https:\/\/www.linkedin.com\/hp\/?dnr=JBzUWaJfMUw8vbXJJ2tVW5-I3jZKvC4wsoxE&amp;amp;amp;amp;amp;amp;trk=nav_responsive_tab_home","https:\/\/www.youtube.com\/channel\/UCxL0wu1uN0_3_7hGG0306cw"]},{"@type":"Person","@id":"https:\/\/www.bellunopress.it\/#\/schema\/person\/79bb06722b37ece1c03d3e94beb30d73","name":"r\u00e9daction","image":{"@type":"ImageObject","inLanguage":"fr-FR","@id":"https:\/\/secure.gravatar.com\/avatar\/37d968a2e67a6fd04c169c4bdef102d0bc5d31b2546345219e348575eb80e9a0?s=96&d=mm&r=g","url":"https:\/\/secure.gravatar.com\/avatar\/37d968a2e67a6fd04c169c4bdef102d0bc5d31b2546345219e348575eb80e9a0?s=96&d=mm&r=g","contentUrl":"https:\/\/secure.gravatar.com\/avatar\/37d968a2e67a6fd04c169c4bdef102d0bc5d31b2546345219e348575eb80e9a0?s=96&d=mm&r=g","caption":"redazione"},"sameAs":["http:\/\/www.bellunopress.it","https:\/\/x.com\/bellunopress"],"url":"https:\/\/www.bellunopress.it\/fr\/author\/redazione\/"}]}},"_links":{"self":[{"href":"https:\/\/www.bellunopress.it\/fr\/wp-json\/wp\/v2\/posts\/165895","targetHints":{"allow":["GET"]}}],"collection":[{"href":"https:\/\/www.bellunopress.it\/fr\/wp-json\/wp\/v2\/posts"}],"about":[{"href":"https:\/\/www.bellunopress.it\/fr\/wp-json\/wp\/v2\/types\/post"}],"author":[{"embeddable":true,"href":"https:\/\/www.bellunopress.it\/fr\/wp-json\/wp\/v2\/users\/2"}],"replies":[{"embeddable":true,"href":"https:\/\/www.bellunopress.it\/fr\/wp-json\/wp\/v2\/comments?post=165895"}],"version-history":[{"count":1,"href":"https:\/\/www.bellunopress.it\/fr\/wp-json\/wp\/v2\/posts\/165895\/revisions"}],"predecessor-version":[{"id":165896,"href":"https:\/\/www.bellunopress.it\/fr\/wp-json\/wp\/v2\/posts\/165895\/revisions\/165896"}],"wp:featuredmedia":[{"embeddable":true,"href":"https:\/\/www.bellunopress.it\/fr\/wp-json\/wp\/v2\/media\/113912"}],"wp:attachment":[{"href":"https:\/\/www.bellunopress.it\/fr\/wp-json\/wp\/v2\/media?parent=165895"}],"wp:term":[{"taxonomy":"category","embeddable":true,"href":"https:\/\/www.bellunopress.it\/fr\/wp-json\/wp\/v2\/categories?post=165895"},{"taxonomy":"post_tag","embeddable":true,"href":"https:\/\/www.bellunopress.it\/fr\/wp-json\/wp\/v2\/tags?post=165895"}],"curies":[{"name":"wp","href":"https:\/\/api.w.org\/{rel}","templated":true}]}}