{"id":165888,"date":"2025-12-19T13:53:32","date_gmt":"2025-12-19T12:53:32","guid":{"rendered":"https:\/\/www.bellunopress.it\/?p=165888"},"modified":"2025-12-19T13:54:13","modified_gmt":"2025-12-19T12:54:13","slug":"belluno-attraverso-gli-occhi-dei-giovani-la-belluno-youth-map-ridisegna-la-citta","status":"publish","type":"post","link":"https:\/\/www.bellunopress.it\/fr\/2025\/12\/19\/belluno-attraverso-gli-occhi-dei-giovani-la-belluno-youth-map-ridisegna-la-citta\/","title":{"rendered":"Belluno attraverso gli occhi dei giovani: la Belluno youth map ridisegna la citt\u00e0"},"content":{"rendered":"<figure id=\"attachment_165889\" aria-describedby=\"caption-attachment-165889\" style=\"width: 800px\" class=\"wp-caption aligncenter\"><img loading=\"lazy\" decoding=\"async\" class=\"size-full wp-image-165889\" src=\"https:\/\/www.bellunopress.it\/wp-content\/uploads\/2025\/12\/mappa-Bellun-disegnata-da-Aaron.jpg\" alt=\"\" width=\"800\" height=\"531\" srcset=\"https:\/\/www.bellunopress.it\/wp-content\/uploads\/2025\/12\/mappa-Bellun-disegnata-da-Aaron.jpg 800w, https:\/\/www.bellunopress.it\/wp-content\/uploads\/2025\/12\/mappa-Bellun-disegnata-da-Aaron-500x332.jpg 500w, https:\/\/www.bellunopress.it\/wp-content\/uploads\/2025\/12\/mappa-Bellun-disegnata-da-Aaron-633x420.jpg 633w, https:\/\/www.bellunopress.it\/wp-content\/uploads\/2025\/12\/mappa-Bellun-disegnata-da-Aaron-696x462.jpg 696w\" sizes=\"auto, (max-width: 800px) 100vw, 800px\" \/><figcaption id=\"caption-attachment-165889\" class=\"wp-caption-text\">Mappa disegnata da Aaron, uno dei partecipanti<\/figcaption><\/figure>\n<p><strong>Un gruppo di giovani bellunesi, guidati dall&#8217;Universit\u00e0 di Padova crea la mappa interattiva<\/strong><br \/>\nBelluno, 19 dicembre 2025 &#8211;\u00a0 Un innovativo progetto di mappatura urbana sta dando voce ai giovani bellunesi, grazie alla collaborazione tra il Dipartimento FISPPA dell&#8217;Universit\u00e0 di Padova e l&#8217;Associazione Cittadini per il Recupero delle Gabelli. La &#8220;Belluno Youth Map&#8221; \u00e8 il risultato di un processo partecipativo che ha coinvolto una ventina di ragazzi tra i 16 e i 21 anni, guidati dai docenti Sara Serbati e Andrea Petrella.<\/p>\n<p>Il progetto, curato dalla Prof.ssa Serbati, si ispira alla visione della pedagogista Pierina Boranga, che negli anni &#8217;30 cre\u00f2 la scuola Gabelli come luogo di qualit\u00e0 educativa. Oggi, la Youth Map applica questo principio agli spazi dei giovani.<\/p>\n<p>&#8220;Abbiamo mappato 21 luoghi significativi per noi,&#8221; spiega Marianna, una partecipante. &#8220;La mappa \u00e8 stata disegnata da noi e resa interattiva, con video e foto che raccontano come viviamo questi spazi.&#8221;<br \/>\nTra i luoghi evidenziati, spicca la Casa dei Beni Comuni, molto amata dai giovani per i suoi spazi versatili. &#8220;Offre un calcetto, divani, aree per ascoltare musica e uno skatepark, anche se le rampe sono un po&#8217; malandate,&#8221; racconta Alessio, uno dei partecipanti.<\/p>\n<p>La presentazione a Palazzo Crepadona, avvenuta lo scorso 17 dicembre, ha rivelato le sfide dei giovani: una biblioteca spesso chiusa, la mancanza di spazi per le chiacchere e la musica all&#8217;aperto, e incomprensioni sull&#8217;uso degli spazi pubblici.<br \/>\nI ragazzi hanno espresso un forte attaccamento ai parchi cittadini come Citt\u00e0 di Bologna, San Lorenzo e Mussoi.<\/p>\n<p>&#8220;Questi luoghi sono importanti per noi,&#8221; spiega Pietro, &#8220;ma spesso li troviamo trascurati. Passiamo molto tempo sui tavolini, le attrezzature e le panchine, anche se sono malmessi. Vorremmo vederli pi\u00f9 curati e adatti alle nostre esigenze.&#8221;<br \/>\nFederico, un altro partecipante, ha sottolineato un problema ricorrente: &#8220;Dietro la stazione c&#8217;\u00e8 uno spazio per fare basket, \u00e8 comodo perch\u00e9 centrale, ma veniamo cacciati via perch\u00e9 disturbiamo.&#8221;<\/p>\n<p>L&#8217;evento ha generato un vivace dibattito, attirando un pubblico numeroso e variegato. Oltre ai rappresentanti delle istituzioni, erano presenti molti altri giovani che hanno confermato e ampliato le osservazioni del gruppo della Belluno Youth Map. Numerosi genitori hanno partecipato, esprimendo il desiderio di luoghi sicuri e adeguati per la crescita dei loro figli.<br \/>\nL&#8217;assessore Dal Pont ha proposto un gruppo di confronto, mentre l&#8217;assessora Olivotto ha lodato l&#8217;attivismo dei giovani, citando il progetto dello skatepark come esempio di collaborazione.<\/p>\n<p>L&#8217;assessore Addamiano ha sollevato il tema della responsabilit\u00e0, a cui i ragazzi hanno risposto: &#8220;Se una cosa \u00e8 bella e curata, \u00e8 pi\u00f9 facile prendersene cura.&#8221;<br \/>\nI giovani sottolineano di non voler essere &#8220;i primi della classe&#8221;, ma di rappresentare tutti i loro coetanei, come dimostrano le 50 interviste condotte da loro stesso per completare e integrare i contenuti della mappa.<br \/>\nLa Belluno Youth Map si propone come un ponte tra generazioni, invitando la citt\u00e0 a ripensare i suoi spazi attraverso gli occhi dei suoi giovani cittadini, bilanciando le loro esigenze con quelle della comunit\u00e0 pi\u00f9 ampia.<\/p>","protected":false},"excerpt":{"rendered":"<p>Un gruppo di giovani bellunesi, guidati dall&#8217;Universit\u00e0 di Padova crea la mappa interattiva Belluno, 19 dicembre 2025 &#8211;\u00a0 Un innovativo progetto di mappatura urbana sta dando voce ai giovani bellunesi, grazie alla collaborazione tra il Dipartimento FISPPA dell&#8217;Universit\u00e0 di Padova e l&#8217;Associazione Cittadini per il Recupero delle Gabelli. La &#8220;Belluno Youth Map&#8221; \u00e8 il risultato [&hellip;]<\/p>\n","protected":false},"author":2,"featured_media":165889,"comment_status":"closed","ping_status":"open","sticky":false,"template":"","format":"standard","meta":{"footnotes":""},"categories":[26,15],"tags":[],"class_list":["post-165888","post","type-post","status-publish","format-standard","has-post-thumbnail","category-prima-pagina","category-scuola"],"yoast_head":"<!-- This site is optimized with the Yoast SEO plugin v28.4 - https:\/\/yoast.com\/product\/yoast-seo-wordpress\/ -->\n<title>Belluno attraverso gli occhi dei giovani: la Belluno youth map ridisegna la citt\u00e0 - Bellunopress - Dolomiti<\/title>\n<meta name=\"robots\" content=\"index, follow, max-snippet:-1, max-image-preview:large, max-video-preview:-1\" \/>\n<link rel=\"canonical\" href=\"https:\/\/www.bellunopress.it\/fr\/2025\/12\/19\/belluno-attraverso-gli-occhi-dei-giovani-la-belluno-youth-map-ridisegna-la-citta\/\" \/>\n<meta property=\"og:locale\" content=\"fr_FR\" \/>\n<meta property=\"og:type\" content=\"article\" \/>\n<meta property=\"og:title\" content=\"Belluno attraverso gli occhi dei giovani: la Belluno youth map ridisegna la citt\u00e0 - Bellunopress - Dolomiti\" \/>\n<meta property=\"og:description\" content=\"Un gruppo di giovani bellunesi, guidati dall&#8217;Universit\u00e0 di Padova crea la mappa interattiva Belluno, 19 dicembre 2025 &#8211;\u00a0 Un innovativo progetto di mappatura urbana sta dando voce ai giovani bellunesi, grazie alla collaborazione tra il Dipartimento FISPPA dell&#8217;Universit\u00e0 di Padova e l&#8217;Associazione Cittadini per il Recupero delle Gabelli. La &#8220;Belluno Youth Map&#8221; \u00e8 il risultato [&hellip;]\" \/>\n<meta property=\"og:url\" content=\"https:\/\/www.bellunopress.it\/fr\/2025\/12\/19\/belluno-attraverso-gli-occhi-dei-giovani-la-belluno-youth-map-ridisegna-la-citta\/\" \/>\n<meta property=\"og:site_name\" content=\"Bellunopress - Dolomiti\" \/>\n<meta property=\"article:publisher\" content=\"https:\/\/www.facebook.com\/profile.php?id=100008943462799\" \/>\n<meta property=\"article:published_time\" content=\"2025-12-19T12:53:32+00:00\" \/>\n<meta property=\"article:modified_time\" content=\"2025-12-19T12:54:13+00:00\" \/>\n<meta property=\"og:image\" content=\"https:\/\/www.bellunopress.it\/wp-content\/uploads\/2025\/12\/mappa-Bellun-disegnata-da-Aaron.jpg\" \/>\n\t<meta property=\"og:image:width\" content=\"800\" \/>\n\t<meta property=\"og:image:height\" content=\"531\" \/>\n\t<meta property=\"og:image:type\" content=\"image\/jpeg\" \/>\n<meta name=\"author\" content=\"redazione\" \/>\n<meta name=\"twitter:card\" content=\"summary_large_image\" \/>\n<meta name=\"twitter:creator\" content=\"@bellunopress\" \/>\n<meta name=\"twitter:site\" content=\"@bellunopress\" \/>\n<meta name=\"twitter:label1\" content=\"\u00c9crit par\" \/>\n\t<meta name=\"twitter:data1\" content=\"redazione\" \/>\n\t<meta name=\"twitter:label2\" content=\"Dur\u00e9e de lecture estim\u00e9e\" \/>\n\t<meta name=\"twitter:data2\" content=\"2 minutes\" \/>\n<script type=\"application\/ld+json\" class=\"yoast-schema-graph\">{\"@context\":\"https:\\\/\\\/schema.org\",\"@graph\":[{\"@type\":\"Article\",\"@id\":\"https:\\\/\\\/www.bellunopress.it\\\/2025\\\/12\\\/19\\\/belluno-attraverso-gli-occhi-dei-giovani-la-belluno-youth-map-ridisegna-la-citta\\\/#article\",\"isPartOf\":{\"@id\":\"https:\\\/\\\/www.bellunopress.it\\\/2025\\\/12\\\/19\\\/belluno-attraverso-gli-occhi-dei-giovani-la-belluno-youth-map-ridisegna-la-citta\\\/\"},\"author\":{\"name\":\"redazione\",\"@id\":\"https:\\\/\\\/www.bellunopress.it\\\/#\\\/schema\\\/person\\\/79bb06722b37ece1c03d3e94beb30d73\"},\"headline\":\"Belluno attraverso gli occhi dei giovani: la Belluno youth map ridisegna la citt\u00e0\",\"datePublished\":\"2025-12-19T12:53:32+00:00\",\"dateModified\":\"2025-12-19T12:54:13+00:00\",\"mainEntityOfPage\":{\"@id\":\"https:\\\/\\\/www.bellunopress.it\\\/2025\\\/12\\\/19\\\/belluno-attraverso-gli-occhi-dei-giovani-la-belluno-youth-map-ridisegna-la-citta\\\/\"},\"wordCount\":513,\"publisher\":{\"@id\":\"https:\\\/\\\/www.bellunopress.it\\\/#organization\"},\"image\":{\"@id\":\"https:\\\/\\\/www.bellunopress.it\\\/2025\\\/12\\\/19\\\/belluno-attraverso-gli-occhi-dei-giovani-la-belluno-youth-map-ridisegna-la-citta\\\/#primaryimage\"},\"thumbnailUrl\":\"https:\\\/\\\/www.bellunopress.it\\\/wp-content\\\/uploads\\\/2025\\\/12\\\/mappa-Bellun-disegnata-da-Aaron.jpg\",\"articleSection\":[\"Prima Pagina\",\"Scuola\"],\"inLanguage\":\"fr-FR\"},{\"@type\":\"WebPage\",\"@id\":\"https:\\\/\\\/www.bellunopress.it\\\/2025\\\/12\\\/19\\\/belluno-attraverso-gli-occhi-dei-giovani-la-belluno-youth-map-ridisegna-la-citta\\\/\",\"url\":\"https:\\\/\\\/www.bellunopress.it\\\/2025\\\/12\\\/19\\\/belluno-attraverso-gli-occhi-dei-giovani-la-belluno-youth-map-ridisegna-la-citta\\\/\",\"name\":\"Belluno attraverso gli occhi dei giovani: la Belluno youth map ridisegna la citt\u00e0 - Bellunopress - Dolomiti\",\"isPartOf\":{\"@id\":\"https:\\\/\\\/www.bellunopress.it\\\/#website\"},\"primaryImageOfPage\":{\"@id\":\"https:\\\/\\\/www.bellunopress.it\\\/2025\\\/12\\\/19\\\/belluno-attraverso-gli-occhi-dei-giovani-la-belluno-youth-map-ridisegna-la-citta\\\/#primaryimage\"},\"image\":{\"@id\":\"https:\\\/\\\/www.bellunopress.it\\\/2025\\\/12\\\/19\\\/belluno-attraverso-gli-occhi-dei-giovani-la-belluno-youth-map-ridisegna-la-citta\\\/#primaryimage\"},\"thumbnailUrl\":\"https:\\\/\\\/www.bellunopress.it\\\/wp-content\\\/uploads\\\/2025\\\/12\\\/mappa-Bellun-disegnata-da-Aaron.jpg\",\"datePublished\":\"2025-12-19T12:53:32+00:00\",\"dateModified\":\"2025-12-19T12:54:13+00:00\",\"breadcrumb\":{\"@id\":\"https:\\\/\\\/www.bellunopress.it\\\/2025\\\/12\\\/19\\\/belluno-attraverso-gli-occhi-dei-giovani-la-belluno-youth-map-ridisegna-la-citta\\\/#breadcrumb\"},\"inLanguage\":\"fr-FR\",\"potentialAction\":[{\"@type\":\"ReadAction\",\"target\":[\"https:\\\/\\\/www.bellunopress.it\\\/2025\\\/12\\\/19\\\/belluno-attraverso-gli-occhi-dei-giovani-la-belluno-youth-map-ridisegna-la-citta\\\/\"]}]},{\"@type\":\"ImageObject\",\"inLanguage\":\"fr-FR\",\"@id\":\"https:\\\/\\\/www.bellunopress.it\\\/2025\\\/12\\\/19\\\/belluno-attraverso-gli-occhi-dei-giovani-la-belluno-youth-map-ridisegna-la-citta\\\/#primaryimage\",\"url\":\"https:\\\/\\\/www.bellunopress.it\\\/wp-content\\\/uploads\\\/2025\\\/12\\\/mappa-Bellun-disegnata-da-Aaron.jpg\",\"contentUrl\":\"https:\\\/\\\/www.bellunopress.it\\\/wp-content\\\/uploads\\\/2025\\\/12\\\/mappa-Bellun-disegnata-da-Aaron.jpg\",\"width\":800,\"height\":531,\"caption\":\"Mappa disegnata da Aaron, uno dei partecipanti\"},{\"@type\":\"BreadcrumbList\",\"@id\":\"https:\\\/\\\/www.bellunopress.it\\\/2025\\\/12\\\/19\\\/belluno-attraverso-gli-occhi-dei-giovani-la-belluno-youth-map-ridisegna-la-citta\\\/#breadcrumb\",\"itemListElement\":[{\"@type\":\"ListItem\",\"position\":1,\"name\":\"Home\",\"item\":\"https:\\\/\\\/www.bellunopress.it\\\/\"},{\"@type\":\"ListItem\",\"position\":2,\"name\":\"Belluno attraverso gli occhi dei giovani: la Belluno youth map ridisegna la citt\u00e0\"}]},{\"@type\":\"WebSite\",\"@id\":\"https:\\\/\\\/www.bellunopress.it\\\/#website\",\"url\":\"https:\\\/\\\/www.bellunopress.it\\\/\",\"name\":\"Bellunopress - Dolomiti\",\"description\":\"e-mail: redazione@bellunopress.it\",\"publisher\":{\"@id\":\"https:\\\/\\\/www.bellunopress.it\\\/#organization\"},\"potentialAction\":[{\"@type\":\"SearchAction\",\"target\":{\"@type\":\"EntryPoint\",\"urlTemplate\":\"https:\\\/\\\/www.bellunopress.it\\\/?s={search_term_string}\"},\"query-input\":{\"@type\":\"PropertyValueSpecification\",\"valueRequired\":true,\"valueName\":\"search_term_string\"}}],\"inLanguage\":\"fr-FR\"},{\"@type\":\"Organization\",\"@id\":\"https:\\\/\\\/www.bellunopress.it\\\/#organization\",\"name\":\"Bellunopress\",\"url\":\"https:\\\/\\\/www.bellunopress.it\\\/\",\"logo\":{\"@type\":\"ImageObject\",\"inLanguage\":\"fr-FR\",\"@id\":\"https:\\\/\\\/www.bellunopress.it\\\/#\\\/schema\\\/logo\\\/image\\\/\",\"url\":\"https:\\\/\\\/www.bellunopress.it\\\/wp-content\\\/uploads\\\/2011\\\/05\\\/cropped-logo-bellunopress-.jpg\",\"contentUrl\":\"https:\\\/\\\/www.bellunopress.it\\\/wp-content\\\/uploads\\\/2011\\\/05\\\/cropped-logo-bellunopress-.jpg\",\"width\":512,\"height\":512,\"caption\":\"Bellunopress\"},\"image\":{\"@id\":\"https:\\\/\\\/www.bellunopress.it\\\/#\\\/schema\\\/logo\\\/image\\\/\"},\"sameAs\":[\"https:\\\/\\\/www.facebook.com\\\/profile.php?id=100008943462799\",\"https:\\\/\\\/x.com\\\/bellunopress\",\"https:\\\/\\\/www.linkedin.com\\\/hp\\\/?dnr=JBzUWaJfMUw8vbXJJ2tVW5-I3jZKvC4wsoxE&amp;amp;amp;amp;amp;amp;trk=nav_responsive_tab_home\",\"https:\\\/\\\/www.youtube.com\\\/channel\\\/UCxL0wu1uN0_3_7hGG0306cw\"]},{\"@type\":\"Person\",\"@id\":\"https:\\\/\\\/www.bellunopress.it\\\/#\\\/schema\\\/person\\\/79bb06722b37ece1c03d3e94beb30d73\",\"name\":\"redazione\",\"image\":{\"@type\":\"ImageObject\",\"inLanguage\":\"fr-FR\",\"@id\":\"https:\\\/\\\/secure.gravatar.com\\\/avatar\\\/37d968a2e67a6fd04c169c4bdef102d0bc5d31b2546345219e348575eb80e9a0?s=96&d=mm&r=g\",\"url\":\"https:\\\/\\\/secure.gravatar.com\\\/avatar\\\/37d968a2e67a6fd04c169c4bdef102d0bc5d31b2546345219e348575eb80e9a0?s=96&d=mm&r=g\",\"contentUrl\":\"https:\\\/\\\/secure.gravatar.com\\\/avatar\\\/37d968a2e67a6fd04c169c4bdef102d0bc5d31b2546345219e348575eb80e9a0?s=96&d=mm&r=g\",\"caption\":\"redazione\"},\"sameAs\":[\"http:\\\/\\\/www.bellunopress.it\",\"https:\\\/\\\/x.com\\\/bellunopress\"],\"url\":\"https:\\\/\\\/www.bellunopress.it\\\/fr\\\/author\\\/redazione\\\/\"}]}<\/script>\n<!-- \/ Yoast SEO plugin. -->","yoast_head_json":{"title":"Belluno attraverso gli occhi dei giovani: la Belluno youth map ridisegna la citt\u00e0 - Bellunopress - Dolomiti","robots":{"index":"index","follow":"follow","max-snippet":"max-snippet:-1","max-image-preview":"max-image-preview:large","max-video-preview":"max-video-preview:-1"},"canonical":"https:\/\/www.bellunopress.it\/fr\/2025\/12\/19\/belluno-attraverso-gli-occhi-dei-giovani-la-belluno-youth-map-ridisegna-la-citta\/","og_locale":"fr_FR","og_type":"article","og_title":"Belluno attraverso gli occhi dei giovani: la Belluno youth map ridisegna la citt\u00e0 - Bellunopress - Dolomiti","og_description":"Un gruppo di giovani bellunesi, guidati dall&#8217;Universit\u00e0 di Padova crea la mappa interattiva Belluno, 19 dicembre 2025 &#8211;\u00a0 Un innovativo progetto di mappatura urbana sta dando voce ai giovani bellunesi, grazie alla collaborazione tra il Dipartimento FISPPA dell&#8217;Universit\u00e0 di Padova e l&#8217;Associazione Cittadini per il Recupero delle Gabelli. La &#8220;Belluno Youth Map&#8221; \u00e8 il risultato [&hellip;]","og_url":"https:\/\/www.bellunopress.it\/fr\/2025\/12\/19\/belluno-attraverso-gli-occhi-dei-giovani-la-belluno-youth-map-ridisegna-la-citta\/","og_site_name":"Bellunopress - Dolomiti","article_publisher":"https:\/\/www.facebook.com\/profile.php?id=100008943462799","article_published_time":"2025-12-19T12:53:32+00:00","article_modified_time":"2025-12-19T12:54:13+00:00","og_image":[{"width":800,"height":531,"url":"https:\/\/www.bellunopress.it\/wp-content\/uploads\/2025\/12\/mappa-Bellun-disegnata-da-Aaron.jpg","type":"image\/jpeg"}],"author":"redazione","twitter_card":"summary_large_image","twitter_creator":"@bellunopress","twitter_site":"@bellunopress","twitter_misc":{"\u00c9crit par":"redazione","Dur\u00e9e de lecture estim\u00e9e":"2 minutes"},"schema":{"@context":"https:\/\/schema.org","@graph":[{"@type":"Article","@id":"https:\/\/www.bellunopress.it\/2025\/12\/19\/belluno-attraverso-gli-occhi-dei-giovani-la-belluno-youth-map-ridisegna-la-citta\/#article","isPartOf":{"@id":"https:\/\/www.bellunopress.it\/2025\/12\/19\/belluno-attraverso-gli-occhi-dei-giovani-la-belluno-youth-map-ridisegna-la-citta\/"},"author":{"name":"redazione","@id":"https:\/\/www.bellunopress.it\/#\/schema\/person\/79bb06722b37ece1c03d3e94beb30d73"},"headline":"Belluno attraverso gli occhi dei giovani: la Belluno youth map ridisegna la citt\u00e0","datePublished":"2025-12-19T12:53:32+00:00","dateModified":"2025-12-19T12:54:13+00:00","mainEntityOfPage":{"@id":"https:\/\/www.bellunopress.it\/2025\/12\/19\/belluno-attraverso-gli-occhi-dei-giovani-la-belluno-youth-map-ridisegna-la-citta\/"},"wordCount":513,"publisher":{"@id":"https:\/\/www.bellunopress.it\/#organization"},"image":{"@id":"https:\/\/www.bellunopress.it\/2025\/12\/19\/belluno-attraverso-gli-occhi-dei-giovani-la-belluno-youth-map-ridisegna-la-citta\/#primaryimage"},"thumbnailUrl":"https:\/\/www.bellunopress.it\/wp-content\/uploads\/2025\/12\/mappa-Bellun-disegnata-da-Aaron.jpg","articleSection":["Prima Pagina","Scuola"],"inLanguage":"fr-FR"},{"@type":"WebPage","@id":"https:\/\/www.bellunopress.it\/2025\/12\/19\/belluno-attraverso-gli-occhi-dei-giovani-la-belluno-youth-map-ridisegna-la-citta\/","url":"https:\/\/www.bellunopress.it\/2025\/12\/19\/belluno-attraverso-gli-occhi-dei-giovani-la-belluno-youth-map-ridisegna-la-citta\/","name":"Belluno attraverso gli occhi dei giovani: la Belluno youth map ridisegna la citt\u00e0 - Bellunopress - Dolomiti","isPartOf":{"@id":"https:\/\/www.bellunopress.it\/#website"},"primaryImageOfPage":{"@id":"https:\/\/www.bellunopress.it\/2025\/12\/19\/belluno-attraverso-gli-occhi-dei-giovani-la-belluno-youth-map-ridisegna-la-citta\/#primaryimage"},"image":{"@id":"https:\/\/www.bellunopress.it\/2025\/12\/19\/belluno-attraverso-gli-occhi-dei-giovani-la-belluno-youth-map-ridisegna-la-citta\/#primaryimage"},"thumbnailUrl":"https:\/\/www.bellunopress.it\/wp-content\/uploads\/2025\/12\/mappa-Bellun-disegnata-da-Aaron.jpg","datePublished":"2025-12-19T12:53:32+00:00","dateModified":"2025-12-19T12:54:13+00:00","breadcrumb":{"@id":"https:\/\/www.bellunopress.it\/2025\/12\/19\/belluno-attraverso-gli-occhi-dei-giovani-la-belluno-youth-map-ridisegna-la-citta\/#breadcrumb"},"inLanguage":"fr-FR","potentialAction":[{"@type":"ReadAction","target":["https:\/\/www.bellunopress.it\/2025\/12\/19\/belluno-attraverso-gli-occhi-dei-giovani-la-belluno-youth-map-ridisegna-la-citta\/"]}]},{"@type":"ImageObject","inLanguage":"fr-FR","@id":"https:\/\/www.bellunopress.it\/2025\/12\/19\/belluno-attraverso-gli-occhi-dei-giovani-la-belluno-youth-map-ridisegna-la-citta\/#primaryimage","url":"https:\/\/www.bellunopress.it\/wp-content\/uploads\/2025\/12\/mappa-Bellun-disegnata-da-Aaron.jpg","contentUrl":"https:\/\/www.bellunopress.it\/wp-content\/uploads\/2025\/12\/mappa-Bellun-disegnata-da-Aaron.jpg","width":800,"height":531,"caption":"Mappa disegnata da Aaron, uno dei partecipanti"},{"@type":"BreadcrumbList","@id":"https:\/\/www.bellunopress.it\/2025\/12\/19\/belluno-attraverso-gli-occhi-dei-giovani-la-belluno-youth-map-ridisegna-la-citta\/#breadcrumb","itemListElement":[{"@type":"ListItem","position":1,"name":"Home","item":"https:\/\/www.bellunopress.it\/"},{"@type":"ListItem","position":2,"name":"Belluno attraverso gli occhi dei giovani: la Belluno youth map ridisegna la citt\u00e0"}]},{"@type":"WebSite","@id":"https:\/\/www.bellunopress.it\/#website","url":"https:\/\/www.bellunopress.it\/","name":"Bellunopress - Dolomiti","description":"e-mail: redazione@bellunopress.it","publisher":{"@id":"https:\/\/www.bellunopress.it\/#organization"},"potentialAction":[{"@type":"SearchAction","target":{"@type":"EntryPoint","urlTemplate":"https:\/\/www.bellunopress.it\/?s={search_term_string}"},"query-input":{"@type":"PropertyValueSpecification","valueRequired":true,"valueName":"search_term_string"}}],"inLanguage":"fr-FR"},{"@type":"Organization","@id":"https:\/\/www.bellunopress.it\/#organization","name":"Bellunopress","url":"https:\/\/www.bellunopress.it\/","logo":{"@type":"ImageObject","inLanguage":"fr-FR","@id":"https:\/\/www.bellunopress.it\/#\/schema\/logo\/image\/","url":"https:\/\/www.bellunopress.it\/wp-content\/uploads\/2011\/05\/cropped-logo-bellunopress-.jpg","contentUrl":"https:\/\/www.bellunopress.it\/wp-content\/uploads\/2011\/05\/cropped-logo-bellunopress-.jpg","width":512,"height":512,"caption":"Bellunopress"},"image":{"@id":"https:\/\/www.bellunopress.it\/#\/schema\/logo\/image\/"},"sameAs":["https:\/\/www.facebook.com\/profile.php?id=100008943462799","https:\/\/x.com\/bellunopress","https:\/\/www.linkedin.com\/hp\/?dnr=JBzUWaJfMUw8vbXJJ2tVW5-I3jZKvC4wsoxE&amp;amp;amp;amp;amp;amp;trk=nav_responsive_tab_home","https:\/\/www.youtube.com\/channel\/UCxL0wu1uN0_3_7hGG0306cw"]},{"@type":"Person","@id":"https:\/\/www.bellunopress.it\/#\/schema\/person\/79bb06722b37ece1c03d3e94beb30d73","name":"r\u00e9daction","image":{"@type":"ImageObject","inLanguage":"fr-FR","@id":"https:\/\/secure.gravatar.com\/avatar\/37d968a2e67a6fd04c169c4bdef102d0bc5d31b2546345219e348575eb80e9a0?s=96&d=mm&r=g","url":"https:\/\/secure.gravatar.com\/avatar\/37d968a2e67a6fd04c169c4bdef102d0bc5d31b2546345219e348575eb80e9a0?s=96&d=mm&r=g","contentUrl":"https:\/\/secure.gravatar.com\/avatar\/37d968a2e67a6fd04c169c4bdef102d0bc5d31b2546345219e348575eb80e9a0?s=96&d=mm&r=g","caption":"redazione"},"sameAs":["http:\/\/www.bellunopress.it","https:\/\/x.com\/bellunopress"],"url":"https:\/\/www.bellunopress.it\/fr\/author\/redazione\/"}]}},"_links":{"self":[{"href":"https:\/\/www.bellunopress.it\/fr\/wp-json\/wp\/v2\/posts\/165888","targetHints":{"allow":["GET"]}}],"collection":[{"href":"https:\/\/www.bellunopress.it\/fr\/wp-json\/wp\/v2\/posts"}],"about":[{"href":"https:\/\/www.bellunopress.it\/fr\/wp-json\/wp\/v2\/types\/post"}],"author":[{"embeddable":true,"href":"https:\/\/www.bellunopress.it\/fr\/wp-json\/wp\/v2\/users\/2"}],"replies":[{"embeddable":true,"href":"https:\/\/www.bellunopress.it\/fr\/wp-json\/wp\/v2\/comments?post=165888"}],"version-history":[{"count":2,"href":"https:\/\/www.bellunopress.it\/fr\/wp-json\/wp\/v2\/posts\/165888\/revisions"}],"predecessor-version":[{"id":165891,"href":"https:\/\/www.bellunopress.it\/fr\/wp-json\/wp\/v2\/posts\/165888\/revisions\/165891"}],"wp:featuredmedia":[{"embeddable":true,"href":"https:\/\/www.bellunopress.it\/fr\/wp-json\/wp\/v2\/media\/165889"}],"wp:attachment":[{"href":"https:\/\/www.bellunopress.it\/fr\/wp-json\/wp\/v2\/media?parent=165888"}],"wp:term":[{"taxonomy":"category","embeddable":true,"href":"https:\/\/www.bellunopress.it\/fr\/wp-json\/wp\/v2\/categories?post=165888"},{"taxonomy":"post_tag","embeddable":true,"href":"https:\/\/www.bellunopress.it\/fr\/wp-json\/wp\/v2\/tags?post=165888"}],"curies":[{"name":"wp","href":"https:\/\/api.w.org\/{rel}","templated":true}]}}