{"id":165883,"date":"2025-12-18T18:12:02","date_gmt":"2025-12-18T17:12:02","guid":{"rendered":"https:\/\/www.bellunopress.it\/?p=165883"},"modified":"2025-12-18T18:12:02","modified_gmt":"2025-12-18T17:12:02","slug":"a-bruxelles-oltre-diecimila-agricoltori-da-tutta-europa","status":"publish","type":"post","link":"https:\/\/www.bellunopress.it\/fr\/2025\/12\/18\/a-bruxelles-oltre-diecimila-agricoltori-da-tutta-europa\/","title":{"rendered":"A Bruxelles oltre diecimila agricoltori da tutta Europa"},"content":{"rendered":"<figure id=\"attachment_165884\" aria-describedby=\"caption-attachment-165884\" style=\"width: 600px\" class=\"wp-caption aligncenter\"><img loading=\"lazy\" decoding=\"async\" class=\"size-full wp-image-165884\" src=\"https:\/\/www.bellunopress.it\/wp-content\/uploads\/2025\/12\/Chiara-Dossi-presidente-regionale-Confagricoltura-Donna.jpg\" alt=\"\" width=\"600\" height=\"450\" srcset=\"https:\/\/www.bellunopress.it\/wp-content\/uploads\/2025\/12\/Chiara-Dossi-presidente-regionale-Confagricoltura-Donna.jpg 600w, https:\/\/www.bellunopress.it\/wp-content\/uploads\/2025\/12\/Chiara-Dossi-presidente-regionale-Confagricoltura-Donna-500x375.jpg 500w, https:\/\/www.bellunopress.it\/wp-content\/uploads\/2025\/12\/Chiara-Dossi-presidente-regionale-Confagricoltura-Donna-560x420.jpg 560w, https:\/\/www.bellunopress.it\/wp-content\/uploads\/2025\/12\/Chiara-Dossi-presidente-regionale-Confagricoltura-Donna-80x60.jpg 80w\" sizes=\"auto, (max-width: 600px) 100vw, 600px\" \/><figcaption id=\"caption-attachment-165884\" class=\"wp-caption-text\">Chiara Dossi presidente regionale Confagricoltura Donna<\/figcaption><\/figure>\n<p><strong>Presente una delegazione di Confagricoltura Belluno<\/strong><\/p>\n<p><strong>Il presidente Donazzolo: &#8220;Vogliamo pi\u00f9 regole chiare e meno burocrazia&#8221;<\/strong><\/p>\n<p>Belluno, 18 dicembre 2025 \u2013 Oltre diecimila agricoltori e un migliaio di trattori, provenienti da tutta Europa, hanno invaso oggi le strade di Bruxelles, in concomitanza con il Consiglio europeo, per protestare contro la riforma della Pac, la Politica agricola comune, che non risponde alle esigenze delle aziende agricole e taglia le risorse per il settore primario.<\/p>\n<p>Confagricoltura Belluno era presente con una delegazione composta dal presidente Diego Donazzolo e dai due vicepresidenti Enzo Guarnieri e Francesco Montagnese. &#8220;Siamo in tantissimi a manifestare insieme agli agricoltori degli altri Paesi europei \u2013 ha detto Donazzolo \u2013. Vogliamo rivendicare una politica comunitaria che offra una visione ad ampio respiro per l&#8217;agricoltura e faccia intravvedere un futuro solido alle nostre aziende. Vogliamo tornare a produrre con regole pi\u00f9 chiare, uguali per tutti e con meno burocrazia. Saranno fondamentali i prossimi due anni di contrattazione prima dell&#8217;approvazione della Pac 2028-2032, che definir\u00e0 le sorti della politica agricola europea. Serve una visione su quello che potr\u00e0 essere il sistema agricolo futuro, che deve tradursi in un clima di certezza per le imprese, che senza progettualit\u00e0 rinunciano a investire. Per noi \u00e8 sempre pi\u00f9 difficile far quadrare i conti di fronte ai continui aumenti dei costi delle materie prime: dall&#8217;energia al gas, per passare ai fertilizzanti e ai mangimi, soprattutto se le risorse della Pac verranno tagliate del 20 per cento, com&#8217;\u00e8 stato annunciato&#8221;.<\/p>\n<p>Nel corteo Chiara Dossi, presidente regionale di Confagricoltura Donna: &#8220;Ci sono tante imprenditrici oggi a Bruxelles, segno che siamo sempre pi\u00f9 presenti nelle aziende agricole e attive sul fronte sindacale. Il 30 per cento delle imprese vede una donna alla guida, anche grazie all&#8217;innovazione e alle nuove tecnologie. Ma la politica poco lungimirante e intrisa di burocrazia non ci aiuta. Per questo siamo qui, a chiedere un&#8217;Europa che sia al fianco degli agricoltori, e non una nemica&#8221;.<\/p>\n<p>Dai giovani la richiesta di un futuro fatto di solidit\u00e0 e certezze. &#8220;Oggi abbiamo affermato l&#8217;importanza di poter avere fondi specifici destinati all&#8217;agricoltura, per investire sul settore primario, che \u00e8 indispensabile e irrinunciabile per la societ\u00e0 \u2013 ha dichiarato la neoeletta vicepresidente nazionale dei Giovani di Confagricoltura, la veronese Silvia Caprara. &#8211; E chiediamo anche di poter avere un budget dedicato ai giovani agricoltori, per poter coltivare oggi l&#8217;agricoltura di domani&#8221;.<\/p>\n<p>&nbsp;<\/p>","protected":false},"excerpt":{"rendered":"<p>Presente una delegazione di Confagricoltura Belluno Il presidente Donazzolo: &#8220;Vogliamo pi\u00f9 regole chiare e meno burocrazia&#8221; Belluno, 18 dicembre 2025 \u2013 Oltre diecimila agricoltori e un migliaio di trattori, provenienti da tutta Europa, hanno invaso oggi le strade di Bruxelles, in concomitanza con il Consiglio europeo, per protestare contro la riforma della Pac, la Politica [&hellip;]<\/p>\n","protected":false},"author":2,"featured_media":165884,"comment_status":"closed","ping_status":"open","sticky":false,"template":"","format":"standard","meta":{"footnotes":""},"categories":[36],"tags":[],"class_list":["post-165883","post","type-post","status-publish","format-standard","has-post-thumbnail","category-lavoro-economia"],"yoast_head":"<!-- This site is optimized with the Yoast SEO plugin v28.4 - https:\/\/yoast.com\/product\/yoast-seo-wordpress\/ -->\n<title>A Bruxelles oltre diecimila agricoltori da tutta Europa - Bellunopress - Dolomiti<\/title>\n<meta name=\"robots\" content=\"index, follow, max-snippet:-1, max-image-preview:large, max-video-preview:-1\" \/>\n<link rel=\"canonical\" href=\"https:\/\/www.bellunopress.it\/fr\/2025\/12\/18\/a-bruxelles-oltre-diecimila-agricoltori-da-tutta-europa\/\" \/>\n<meta property=\"og:locale\" content=\"fr_FR\" \/>\n<meta property=\"og:type\" content=\"article\" \/>\n<meta property=\"og:title\" content=\"A Bruxelles oltre diecimila agricoltori da tutta Europa - Bellunopress - Dolomiti\" \/>\n<meta property=\"og:description\" content=\"Presente una delegazione di Confagricoltura Belluno Il presidente Donazzolo: &#8220;Vogliamo pi\u00f9 regole chiare e meno burocrazia&#8221; Belluno, 18 dicembre 2025 \u2013 Oltre diecimila agricoltori e un migliaio di trattori, provenienti da tutta Europa, hanno invaso oggi le strade di Bruxelles, in concomitanza con il Consiglio europeo, per protestare contro la riforma della Pac, la Politica [&hellip;]\" \/>\n<meta property=\"og:url\" content=\"https:\/\/www.bellunopress.it\/fr\/2025\/12\/18\/a-bruxelles-oltre-diecimila-agricoltori-da-tutta-europa\/\" \/>\n<meta property=\"og:site_name\" content=\"Bellunopress - Dolomiti\" \/>\n<meta property=\"article:publisher\" content=\"https:\/\/www.facebook.com\/profile.php?id=100008943462799\" \/>\n<meta property=\"article:published_time\" content=\"2025-12-18T17:12:02+00:00\" \/>\n<meta property=\"og:image\" content=\"https:\/\/www.bellunopress.it\/wp-content\/uploads\/2025\/12\/Chiara-Dossi-presidente-regionale-Confagricoltura-Donna.jpg\" \/>\n\t<meta property=\"og:image:width\" content=\"600\" \/>\n\t<meta property=\"og:image:height\" content=\"450\" \/>\n\t<meta property=\"og:image:type\" content=\"image\/jpeg\" \/>\n<meta name=\"author\" content=\"redazione\" \/>\n<meta name=\"twitter:card\" content=\"summary_large_image\" \/>\n<meta name=\"twitter:creator\" content=\"@bellunopress\" \/>\n<meta name=\"twitter:site\" content=\"@bellunopress\" \/>\n<meta name=\"twitter:label1\" content=\"\u00c9crit par\" \/>\n\t<meta name=\"twitter:data1\" content=\"redazione\" \/>\n\t<meta name=\"twitter:label2\" content=\"Dur\u00e9e de lecture estim\u00e9e\" \/>\n\t<meta name=\"twitter:data2\" content=\"2 minutes\" \/>\n<script type=\"application\/ld+json\" class=\"yoast-schema-graph\">{\"@context\":\"https:\\\/\\\/schema.org\",\"@graph\":[{\"@type\":\"Article\",\"@id\":\"https:\\\/\\\/www.bellunopress.it\\\/2025\\\/12\\\/18\\\/a-bruxelles-oltre-diecimila-agricoltori-da-tutta-europa\\\/#article\",\"isPartOf\":{\"@id\":\"https:\\\/\\\/www.bellunopress.it\\\/2025\\\/12\\\/18\\\/a-bruxelles-oltre-diecimila-agricoltori-da-tutta-europa\\\/\"},\"author\":{\"name\":\"redazione\",\"@id\":\"https:\\\/\\\/www.bellunopress.it\\\/#\\\/schema\\\/person\\\/79bb06722b37ece1c03d3e94beb30d73\"},\"headline\":\"A Bruxelles oltre diecimila agricoltori da tutta Europa\",\"datePublished\":\"2025-12-18T17:12:02+00:00\",\"mainEntityOfPage\":{\"@id\":\"https:\\\/\\\/www.bellunopress.it\\\/2025\\\/12\\\/18\\\/a-bruxelles-oltre-diecimila-agricoltori-da-tutta-europa\\\/\"},\"wordCount\":412,\"publisher\":{\"@id\":\"https:\\\/\\\/www.bellunopress.it\\\/#organization\"},\"image\":{\"@id\":\"https:\\\/\\\/www.bellunopress.it\\\/2025\\\/12\\\/18\\\/a-bruxelles-oltre-diecimila-agricoltori-da-tutta-europa\\\/#primaryimage\"},\"thumbnailUrl\":\"https:\\\/\\\/www.bellunopress.it\\\/wp-content\\\/uploads\\\/2025\\\/12\\\/Chiara-Dossi-presidente-regionale-Confagricoltura-Donna.jpg\",\"articleSection\":[\"Lavoro, Economia, Turismo\"],\"inLanguage\":\"fr-FR\"},{\"@type\":\"WebPage\",\"@id\":\"https:\\\/\\\/www.bellunopress.it\\\/2025\\\/12\\\/18\\\/a-bruxelles-oltre-diecimila-agricoltori-da-tutta-europa\\\/\",\"url\":\"https:\\\/\\\/www.bellunopress.it\\\/2025\\\/12\\\/18\\\/a-bruxelles-oltre-diecimila-agricoltori-da-tutta-europa\\\/\",\"name\":\"A Bruxelles oltre diecimila agricoltori da tutta Europa - Bellunopress - Dolomiti\",\"isPartOf\":{\"@id\":\"https:\\\/\\\/www.bellunopress.it\\\/#website\"},\"primaryImageOfPage\":{\"@id\":\"https:\\\/\\\/www.bellunopress.it\\\/2025\\\/12\\\/18\\\/a-bruxelles-oltre-diecimila-agricoltori-da-tutta-europa\\\/#primaryimage\"},\"image\":{\"@id\":\"https:\\\/\\\/www.bellunopress.it\\\/2025\\\/12\\\/18\\\/a-bruxelles-oltre-diecimila-agricoltori-da-tutta-europa\\\/#primaryimage\"},\"thumbnailUrl\":\"https:\\\/\\\/www.bellunopress.it\\\/wp-content\\\/uploads\\\/2025\\\/12\\\/Chiara-Dossi-presidente-regionale-Confagricoltura-Donna.jpg\",\"datePublished\":\"2025-12-18T17:12:02+00:00\",\"breadcrumb\":{\"@id\":\"https:\\\/\\\/www.bellunopress.it\\\/2025\\\/12\\\/18\\\/a-bruxelles-oltre-diecimila-agricoltori-da-tutta-europa\\\/#breadcrumb\"},\"inLanguage\":\"fr-FR\",\"potentialAction\":[{\"@type\":\"ReadAction\",\"target\":[\"https:\\\/\\\/www.bellunopress.it\\\/2025\\\/12\\\/18\\\/a-bruxelles-oltre-diecimila-agricoltori-da-tutta-europa\\\/\"]}]},{\"@type\":\"ImageObject\",\"inLanguage\":\"fr-FR\",\"@id\":\"https:\\\/\\\/www.bellunopress.it\\\/2025\\\/12\\\/18\\\/a-bruxelles-oltre-diecimila-agricoltori-da-tutta-europa\\\/#primaryimage\",\"url\":\"https:\\\/\\\/www.bellunopress.it\\\/wp-content\\\/uploads\\\/2025\\\/12\\\/Chiara-Dossi-presidente-regionale-Confagricoltura-Donna.jpg\",\"contentUrl\":\"https:\\\/\\\/www.bellunopress.it\\\/wp-content\\\/uploads\\\/2025\\\/12\\\/Chiara-Dossi-presidente-regionale-Confagricoltura-Donna.jpg\",\"width\":600,\"height\":450,\"caption\":\"Chiara Dossi presidente regionale Confagricoltura Donna\"},{\"@type\":\"BreadcrumbList\",\"@id\":\"https:\\\/\\\/www.bellunopress.it\\\/2025\\\/12\\\/18\\\/a-bruxelles-oltre-diecimila-agricoltori-da-tutta-europa\\\/#breadcrumb\",\"itemListElement\":[{\"@type\":\"ListItem\",\"position\":1,\"name\":\"Home\",\"item\":\"https:\\\/\\\/www.bellunopress.it\\\/\"},{\"@type\":\"ListItem\",\"position\":2,\"name\":\"A Bruxelles oltre diecimila agricoltori da tutta Europa\"}]},{\"@type\":\"WebSite\",\"@id\":\"https:\\\/\\\/www.bellunopress.it\\\/#website\",\"url\":\"https:\\\/\\\/www.bellunopress.it\\\/\",\"name\":\"Bellunopress - Dolomiti\",\"description\":\"e-mail: redazione@bellunopress.it\",\"publisher\":{\"@id\":\"https:\\\/\\\/www.bellunopress.it\\\/#organization\"},\"potentialAction\":[{\"@type\":\"SearchAction\",\"target\":{\"@type\":\"EntryPoint\",\"urlTemplate\":\"https:\\\/\\\/www.bellunopress.it\\\/?s={search_term_string}\"},\"query-input\":{\"@type\":\"PropertyValueSpecification\",\"valueRequired\":true,\"valueName\":\"search_term_string\"}}],\"inLanguage\":\"fr-FR\"},{\"@type\":\"Organization\",\"@id\":\"https:\\\/\\\/www.bellunopress.it\\\/#organization\",\"name\":\"Bellunopress\",\"url\":\"https:\\\/\\\/www.bellunopress.it\\\/\",\"logo\":{\"@type\":\"ImageObject\",\"inLanguage\":\"fr-FR\",\"@id\":\"https:\\\/\\\/www.bellunopress.it\\\/#\\\/schema\\\/logo\\\/image\\\/\",\"url\":\"https:\\\/\\\/www.bellunopress.it\\\/wp-content\\\/uploads\\\/2011\\\/05\\\/cropped-logo-bellunopress-.jpg\",\"contentUrl\":\"https:\\\/\\\/www.bellunopress.it\\\/wp-content\\\/uploads\\\/2011\\\/05\\\/cropped-logo-bellunopress-.jpg\",\"width\":512,\"height\":512,\"caption\":\"Bellunopress\"},\"image\":{\"@id\":\"https:\\\/\\\/www.bellunopress.it\\\/#\\\/schema\\\/logo\\\/image\\\/\"},\"sameAs\":[\"https:\\\/\\\/www.facebook.com\\\/profile.php?id=100008943462799\",\"https:\\\/\\\/x.com\\\/bellunopress\",\"https:\\\/\\\/www.linkedin.com\\\/hp\\\/?dnr=JBzUWaJfMUw8vbXJJ2tVW5-I3jZKvC4wsoxE&amp;amp;amp;amp;amp;amp;trk=nav_responsive_tab_home\",\"https:\\\/\\\/www.youtube.com\\\/channel\\\/UCxL0wu1uN0_3_7hGG0306cw\"]},{\"@type\":\"Person\",\"@id\":\"https:\\\/\\\/www.bellunopress.it\\\/#\\\/schema\\\/person\\\/79bb06722b37ece1c03d3e94beb30d73\",\"name\":\"redazione\",\"image\":{\"@type\":\"ImageObject\",\"inLanguage\":\"fr-FR\",\"@id\":\"https:\\\/\\\/secure.gravatar.com\\\/avatar\\\/37d968a2e67a6fd04c169c4bdef102d0bc5d31b2546345219e348575eb80e9a0?s=96&d=mm&r=g\",\"url\":\"https:\\\/\\\/secure.gravatar.com\\\/avatar\\\/37d968a2e67a6fd04c169c4bdef102d0bc5d31b2546345219e348575eb80e9a0?s=96&d=mm&r=g\",\"contentUrl\":\"https:\\\/\\\/secure.gravatar.com\\\/avatar\\\/37d968a2e67a6fd04c169c4bdef102d0bc5d31b2546345219e348575eb80e9a0?s=96&d=mm&r=g\",\"caption\":\"redazione\"},\"sameAs\":[\"http:\\\/\\\/www.bellunopress.it\",\"https:\\\/\\\/x.com\\\/bellunopress\"],\"url\":\"https:\\\/\\\/www.bellunopress.it\\\/fr\\\/author\\\/redazione\\\/\"}]}<\/script>\n<!-- \/ Yoast SEO plugin. -->","yoast_head_json":{"title":"A Bruxelles oltre diecimila agricoltori da tutta Europa - Bellunopress - Dolomiti","robots":{"index":"index","follow":"follow","max-snippet":"max-snippet:-1","max-image-preview":"max-image-preview:large","max-video-preview":"max-video-preview:-1"},"canonical":"https:\/\/www.bellunopress.it\/fr\/2025\/12\/18\/a-bruxelles-oltre-diecimila-agricoltori-da-tutta-europa\/","og_locale":"fr_FR","og_type":"article","og_title":"A Bruxelles oltre diecimila agricoltori da tutta Europa - Bellunopress - Dolomiti","og_description":"Presente una delegazione di Confagricoltura Belluno Il presidente Donazzolo: &#8220;Vogliamo pi\u00f9 regole chiare e meno burocrazia&#8221; Belluno, 18 dicembre 2025 \u2013 Oltre diecimila agricoltori e un migliaio di trattori, provenienti da tutta Europa, hanno invaso oggi le strade di Bruxelles, in concomitanza con il Consiglio europeo, per protestare contro la riforma della Pac, la Politica [&hellip;]","og_url":"https:\/\/www.bellunopress.it\/fr\/2025\/12\/18\/a-bruxelles-oltre-diecimila-agricoltori-da-tutta-europa\/","og_site_name":"Bellunopress - Dolomiti","article_publisher":"https:\/\/www.facebook.com\/profile.php?id=100008943462799","article_published_time":"2025-12-18T17:12:02+00:00","og_image":[{"width":600,"height":450,"url":"https:\/\/www.bellunopress.it\/wp-content\/uploads\/2025\/12\/Chiara-Dossi-presidente-regionale-Confagricoltura-Donna.jpg","type":"image\/jpeg"}],"author":"redazione","twitter_card":"summary_large_image","twitter_creator":"@bellunopress","twitter_site":"@bellunopress","twitter_misc":{"\u00c9crit par":"redazione","Dur\u00e9e de lecture estim\u00e9e":"2 minutes"},"schema":{"@context":"https:\/\/schema.org","@graph":[{"@type":"Article","@id":"https:\/\/www.bellunopress.it\/2025\/12\/18\/a-bruxelles-oltre-diecimila-agricoltori-da-tutta-europa\/#article","isPartOf":{"@id":"https:\/\/www.bellunopress.it\/2025\/12\/18\/a-bruxelles-oltre-diecimila-agricoltori-da-tutta-europa\/"},"author":{"name":"redazione","@id":"https:\/\/www.bellunopress.it\/#\/schema\/person\/79bb06722b37ece1c03d3e94beb30d73"},"headline":"A Bruxelles oltre diecimila agricoltori da tutta Europa","datePublished":"2025-12-18T17:12:02+00:00","mainEntityOfPage":{"@id":"https:\/\/www.bellunopress.it\/2025\/12\/18\/a-bruxelles-oltre-diecimila-agricoltori-da-tutta-europa\/"},"wordCount":412,"publisher":{"@id":"https:\/\/www.bellunopress.it\/#organization"},"image":{"@id":"https:\/\/www.bellunopress.it\/2025\/12\/18\/a-bruxelles-oltre-diecimila-agricoltori-da-tutta-europa\/#primaryimage"},"thumbnailUrl":"https:\/\/www.bellunopress.it\/wp-content\/uploads\/2025\/12\/Chiara-Dossi-presidente-regionale-Confagricoltura-Donna.jpg","articleSection":["Lavoro, Economia, Turismo"],"inLanguage":"fr-FR"},{"@type":"WebPage","@id":"https:\/\/www.bellunopress.it\/2025\/12\/18\/a-bruxelles-oltre-diecimila-agricoltori-da-tutta-europa\/","url":"https:\/\/www.bellunopress.it\/2025\/12\/18\/a-bruxelles-oltre-diecimila-agricoltori-da-tutta-europa\/","name":"A Bruxelles oltre diecimila agricoltori da tutta Europa - Bellunopress - Dolomiti","isPartOf":{"@id":"https:\/\/www.bellunopress.it\/#website"},"primaryImageOfPage":{"@id":"https:\/\/www.bellunopress.it\/2025\/12\/18\/a-bruxelles-oltre-diecimila-agricoltori-da-tutta-europa\/#primaryimage"},"image":{"@id":"https:\/\/www.bellunopress.it\/2025\/12\/18\/a-bruxelles-oltre-diecimila-agricoltori-da-tutta-europa\/#primaryimage"},"thumbnailUrl":"https:\/\/www.bellunopress.it\/wp-content\/uploads\/2025\/12\/Chiara-Dossi-presidente-regionale-Confagricoltura-Donna.jpg","datePublished":"2025-12-18T17:12:02+00:00","breadcrumb":{"@id":"https:\/\/www.bellunopress.it\/2025\/12\/18\/a-bruxelles-oltre-diecimila-agricoltori-da-tutta-europa\/#breadcrumb"},"inLanguage":"fr-FR","potentialAction":[{"@type":"ReadAction","target":["https:\/\/www.bellunopress.it\/2025\/12\/18\/a-bruxelles-oltre-diecimila-agricoltori-da-tutta-europa\/"]}]},{"@type":"ImageObject","inLanguage":"fr-FR","@id":"https:\/\/www.bellunopress.it\/2025\/12\/18\/a-bruxelles-oltre-diecimila-agricoltori-da-tutta-europa\/#primaryimage","url":"https:\/\/www.bellunopress.it\/wp-content\/uploads\/2025\/12\/Chiara-Dossi-presidente-regionale-Confagricoltura-Donna.jpg","contentUrl":"https:\/\/www.bellunopress.it\/wp-content\/uploads\/2025\/12\/Chiara-Dossi-presidente-regionale-Confagricoltura-Donna.jpg","width":600,"height":450,"caption":"Chiara Dossi presidente regionale Confagricoltura Donna"},{"@type":"BreadcrumbList","@id":"https:\/\/www.bellunopress.it\/2025\/12\/18\/a-bruxelles-oltre-diecimila-agricoltori-da-tutta-europa\/#breadcrumb","itemListElement":[{"@type":"ListItem","position":1,"name":"Home","item":"https:\/\/www.bellunopress.it\/"},{"@type":"ListItem","position":2,"name":"A Bruxelles oltre diecimila agricoltori da tutta Europa"}]},{"@type":"WebSite","@id":"https:\/\/www.bellunopress.it\/#website","url":"https:\/\/www.bellunopress.it\/","name":"Bellunopress - Dolomiti","description":"e-mail: redazione@bellunopress.it","publisher":{"@id":"https:\/\/www.bellunopress.it\/#organization"},"potentialAction":[{"@type":"SearchAction","target":{"@type":"EntryPoint","urlTemplate":"https:\/\/www.bellunopress.it\/?s={search_term_string}"},"query-input":{"@type":"PropertyValueSpecification","valueRequired":true,"valueName":"search_term_string"}}],"inLanguage":"fr-FR"},{"@type":"Organization","@id":"https:\/\/www.bellunopress.it\/#organization","name":"Bellunopress","url":"https:\/\/www.bellunopress.it\/","logo":{"@type":"ImageObject","inLanguage":"fr-FR","@id":"https:\/\/www.bellunopress.it\/#\/schema\/logo\/image\/","url":"https:\/\/www.bellunopress.it\/wp-content\/uploads\/2011\/05\/cropped-logo-bellunopress-.jpg","contentUrl":"https:\/\/www.bellunopress.it\/wp-content\/uploads\/2011\/05\/cropped-logo-bellunopress-.jpg","width":512,"height":512,"caption":"Bellunopress"},"image":{"@id":"https:\/\/www.bellunopress.it\/#\/schema\/logo\/image\/"},"sameAs":["https:\/\/www.facebook.com\/profile.php?id=100008943462799","https:\/\/x.com\/bellunopress","https:\/\/www.linkedin.com\/hp\/?dnr=JBzUWaJfMUw8vbXJJ2tVW5-I3jZKvC4wsoxE&amp;amp;amp;amp;amp;amp;trk=nav_responsive_tab_home","https:\/\/www.youtube.com\/channel\/UCxL0wu1uN0_3_7hGG0306cw"]},{"@type":"Person","@id":"https:\/\/www.bellunopress.it\/#\/schema\/person\/79bb06722b37ece1c03d3e94beb30d73","name":"r\u00e9daction","image":{"@type":"ImageObject","inLanguage":"fr-FR","@id":"https:\/\/secure.gravatar.com\/avatar\/37d968a2e67a6fd04c169c4bdef102d0bc5d31b2546345219e348575eb80e9a0?s=96&d=mm&r=g","url":"https:\/\/secure.gravatar.com\/avatar\/37d968a2e67a6fd04c169c4bdef102d0bc5d31b2546345219e348575eb80e9a0?s=96&d=mm&r=g","contentUrl":"https:\/\/secure.gravatar.com\/avatar\/37d968a2e67a6fd04c169c4bdef102d0bc5d31b2546345219e348575eb80e9a0?s=96&d=mm&r=g","caption":"redazione"},"sameAs":["http:\/\/www.bellunopress.it","https:\/\/x.com\/bellunopress"],"url":"https:\/\/www.bellunopress.it\/fr\/author\/redazione\/"}]}},"_links":{"self":[{"href":"https:\/\/www.bellunopress.it\/fr\/wp-json\/wp\/v2\/posts\/165883","targetHints":{"allow":["GET"]}}],"collection":[{"href":"https:\/\/www.bellunopress.it\/fr\/wp-json\/wp\/v2\/posts"}],"about":[{"href":"https:\/\/www.bellunopress.it\/fr\/wp-json\/wp\/v2\/types\/post"}],"author":[{"embeddable":true,"href":"https:\/\/www.bellunopress.it\/fr\/wp-json\/wp\/v2\/users\/2"}],"replies":[{"embeddable":true,"href":"https:\/\/www.bellunopress.it\/fr\/wp-json\/wp\/v2\/comments?post=165883"}],"version-history":[{"count":1,"href":"https:\/\/www.bellunopress.it\/fr\/wp-json\/wp\/v2\/posts\/165883\/revisions"}],"predecessor-version":[{"id":165885,"href":"https:\/\/www.bellunopress.it\/fr\/wp-json\/wp\/v2\/posts\/165883\/revisions\/165885"}],"wp:featuredmedia":[{"embeddable":true,"href":"https:\/\/www.bellunopress.it\/fr\/wp-json\/wp\/v2\/media\/165884"}],"wp:attachment":[{"href":"https:\/\/www.bellunopress.it\/fr\/wp-json\/wp\/v2\/media?parent=165883"}],"wp:term":[{"taxonomy":"category","embeddable":true,"href":"https:\/\/www.bellunopress.it\/fr\/wp-json\/wp\/v2\/categories?post=165883"},{"taxonomy":"post_tag","embeddable":true,"href":"https:\/\/www.bellunopress.it\/fr\/wp-json\/wp\/v2\/tags?post=165883"}],"curies":[{"name":"wp","href":"https:\/\/api.w.org\/{rel}","templated":true}]}}