{"id":165879,"date":"2025-12-18T17:59:57","date_gmt":"2025-12-18T16:59:57","guid":{"rendered":"https:\/\/www.bellunopress.it\/?p=165879"},"modified":"2025-12-18T18:00:50","modified_gmt":"2025-12-18T17:00:50","slug":"capodanno-2026-eccellenza-e-benessere-sul-lago-di-lugano","status":"publish","type":"post","link":"https:\/\/www.bellunopress.it\/fr\/2025\/12\/18\/capodanno-2026-eccellenza-e-benessere-sul-lago-di-lugano\/","title":{"rendered":"Capodanno 2026: eccellenza e benessere sul lago di Lugano"},"content":{"rendered":"<p><strong><img loading=\"lazy\" decoding=\"async\" class=\"aligncenter size-full wp-image-165880\" src=\"https:\/\/www.bellunopress.it\/wp-content\/uploads\/2025\/12\/Capodanno-2026-PARCO-SAN-MARCO-Lugano.jpg\" alt=\"\" width=\"500\" height=\"331\" \/>Parco San Marco Hotels &amp; Beach Resort guarda al 2026 dopo una stagione di successi<\/strong><\/p>\n<p>Lago di Lugano, 17 dicembre 2025 \u2013 Si \u00e8 conclusa lo scorso 2 novembre una stagione straordinaria per il Parco San Marco Hotels &amp; Beach Resort. Il rinomato rifugio situato sulle incantevoli rive del Lago di Lugano celebra un altro anno di crescita costante, confermandosi tra le mete pi\u00f9 amate in Europa per chi \u00e8 alla ricerca di relax, alta cucina e servizi d\u2019eccellenza personalizzati.<\/p>\n<p>Sebbene la stagione sia ufficialmente terminata, Parco San Marco si prepara ad accogliere i propri ospiti per un periodo natalizio ricco di magia, dal 23 dicembre 2025 al 5 gennaio 2026, con un programma esclusivo dedicato a chi desidera vivere le festivit\u00e0 in un\u2019atmosfera unica.<\/p>\n<p><strong>Capodanno 2026: un viaggio nel tempo tra Jazz e Glamour<\/strong><br \/>\nL\u2019evento di punta delle festivit\u00e0 sar\u00e0 il Cenone di Capodanno, che quest\u2019anno trasporter\u00e0 gli ospiti nel fascino intramontabile degli &#8220;Anni &#8217;20&#8221;. Sar\u00e0 una serata memorabile all\u2019insegna dello stile, con menu raffinati, musica dal vivo in stile swing e balli che rievocheranno l\u2019eleganza dell\u2019epoca. Il dress code ricercato completer\u00e0 un contesto esclusivo, rendendo il passaggio al nuovo anno un\u2019esperienza davvero indimenticabile. Per chi cerca invece un lusso pi\u00f9 moderno e sensoriale, l&#8217;ARIA Retreat &amp; SPA offrir\u00e0 un\u2019alternativa di puro &#8220;Emotional Luxury&#8221; con percorsi benessere e gastronomia d\u2019avanguardia.<\/p>\n<p><strong>Uno sguardo al futuro: la stagione 2026<\/strong><br \/>\nDopo la parentesi natalizia, il Parco San Marco si prender\u00e0 una breve pausa invernale per tornare ufficialmente operativo il 27 marzo 2026, pronto a inaugurare la nuova stagione turistica in coincidenza con l&#8217;inizio della primavera.<br \/>\nGrazie alla sua posizione privilegiata, all&#8217;offerta di ristoranti gourmet e centri benessere all&#8217;avanguardia (come la Family SPA San Marco e l\u2019esclusiva SPA CE\u00f2), il Parco San Marco si riconfermer\u00e0 come meta d&#8217;elezione, capace di superare le aspettative del viaggiatore pi\u00f9 esigente.<\/p>\n<p><strong>Scopri di pi\u00f9 su Parco San Marco<\/strong><\/p>\n<p>Parco San Marco Hotels &amp; Beach Resort punta a essere un simbolo di eccellenza nell\u2019ospitalit\u00e0 di lusso nella regione tra il Lago di Lugano e il Lago di Como, contribuendo allo sviluppo del turismo nell\u2019area insubrica.<br \/>\nIl Resort si impegna a offrire esperienze su misura, combinando benessere, comfort e uno straordinario contesto naturale per soddisfare le esigenze di una clientela internazionale diversificata.<\/p>\n<p>Contatti<br \/>\nPer ulteriori informazioni, vi invitiamo a visitare il sito ufficiale del Parco San Marco Hotels &amp; Beach Resort al seguente indirizzo: <a href=\"https:\/\/www.parco-san-marco.com\/en\/contacts\">https:\/\/www.parco-san-marco.com\/en\/contacts<\/a><\/p>","protected":false},"excerpt":{"rendered":"<p>Parco San Marco Hotels &amp; Beach Resort guarda al 2026 dopo una stagione di successi Lago di Lugano, 17 dicembre 2025 \u2013 Si \u00e8 conclusa lo scorso 2 novembre una stagione straordinaria per il Parco San Marco Hotels &amp; Beach Resort. Il rinomato rifugio situato sulle incantevoli rive del Lago di Lugano celebra un altro [&hellip;]<\/p>\n","protected":false},"author":2,"featured_media":165880,"comment_status":"closed","ping_status":"open","sticky":false,"template":"","format":"standard","meta":{"footnotes":""},"categories":[3393,25],"tags":[],"class_list":["post-165879","post","type-post","status-publish","format-standard","has-post-thumbnail","category-eventi-enogastronomici","category-pausa-caffe"],"yoast_head":"<!-- This site is optimized with the Yoast SEO plugin v28.4 - https:\/\/yoast.com\/product\/yoast-seo-wordpress\/ -->\n<title>Capodanno 2026: eccellenza e benessere sul lago di Lugano - Bellunopress - Dolomiti<\/title>\n<meta name=\"robots\" content=\"index, follow, max-snippet:-1, max-image-preview:large, max-video-preview:-1\" \/>\n<link rel=\"canonical\" href=\"https:\/\/www.bellunopress.it\/fr\/2025\/12\/18\/capodanno-2026-eccellenza-e-benessere-sul-lago-di-lugano\/\" \/>\n<meta property=\"og:locale\" content=\"fr_FR\" \/>\n<meta property=\"og:type\" content=\"article\" \/>\n<meta property=\"og:title\" content=\"Capodanno 2026: eccellenza e benessere sul lago di Lugano - Bellunopress - Dolomiti\" \/>\n<meta property=\"og:description\" content=\"Parco San Marco Hotels &amp; Beach Resort guarda al 2026 dopo una stagione di successi Lago di Lugano, 17 dicembre 2025 \u2013 Si \u00e8 conclusa lo scorso 2 novembre una stagione straordinaria per il Parco San Marco Hotels &amp; Beach Resort. Il rinomato rifugio situato sulle incantevoli rive del Lago di Lugano celebra un altro [&hellip;]\" \/>\n<meta property=\"og:url\" content=\"https:\/\/www.bellunopress.it\/fr\/2025\/12\/18\/capodanno-2026-eccellenza-e-benessere-sul-lago-di-lugano\/\" \/>\n<meta property=\"og:site_name\" content=\"Bellunopress - Dolomiti\" \/>\n<meta property=\"article:publisher\" content=\"https:\/\/www.facebook.com\/profile.php?id=100008943462799\" \/>\n<meta property=\"article:published_time\" content=\"2025-12-18T16:59:57+00:00\" \/>\n<meta property=\"article:modified_time\" content=\"2025-12-18T17:00:50+00:00\" \/>\n<meta property=\"og:image\" content=\"https:\/\/www.bellunopress.it\/wp-content\/uploads\/2025\/12\/Capodanno-2026-PARCO-SAN-MARCO-Lugano.jpg\" \/>\n\t<meta property=\"og:image:width\" content=\"500\" \/>\n\t<meta property=\"og:image:height\" content=\"331\" \/>\n\t<meta property=\"og:image:type\" content=\"image\/jpeg\" \/>\n<meta name=\"author\" content=\"redazione\" \/>\n<meta name=\"twitter:card\" content=\"summary_large_image\" \/>\n<meta name=\"twitter:creator\" content=\"@bellunopress\" \/>\n<meta name=\"twitter:site\" content=\"@bellunopress\" \/>\n<meta name=\"twitter:label1\" content=\"\u00c9crit par\" \/>\n\t<meta name=\"twitter:data1\" content=\"redazione\" \/>\n\t<meta name=\"twitter:label2\" content=\"Dur\u00e9e de lecture estim\u00e9e\" \/>\n\t<meta name=\"twitter:data2\" content=\"2 minutes\" \/>\n<script type=\"application\/ld+json\" class=\"yoast-schema-graph\">{\"@context\":\"https:\\\/\\\/schema.org\",\"@graph\":[{\"@type\":\"Article\",\"@id\":\"https:\\\/\\\/www.bellunopress.it\\\/2025\\\/12\\\/18\\\/capodanno-2026-eccellenza-e-benessere-sul-lago-di-lugano\\\/#article\",\"isPartOf\":{\"@id\":\"https:\\\/\\\/www.bellunopress.it\\\/2025\\\/12\\\/18\\\/capodanno-2026-eccellenza-e-benessere-sul-lago-di-lugano\\\/\"},\"author\":{\"name\":\"redazione\",\"@id\":\"https:\\\/\\\/www.bellunopress.it\\\/#\\\/schema\\\/person\\\/79bb06722b37ece1c03d3e94beb30d73\"},\"headline\":\"Capodanno 2026: eccellenza e benessere sul lago di Lugano\",\"datePublished\":\"2025-12-18T16:59:57+00:00\",\"dateModified\":\"2025-12-18T17:00:50+00:00\",\"mainEntityOfPage\":{\"@id\":\"https:\\\/\\\/www.bellunopress.it\\\/2025\\\/12\\\/18\\\/capodanno-2026-eccellenza-e-benessere-sul-lago-di-lugano\\\/\"},\"wordCount\":411,\"publisher\":{\"@id\":\"https:\\\/\\\/www.bellunopress.it\\\/#organization\"},\"image\":{\"@id\":\"https:\\\/\\\/www.bellunopress.it\\\/2025\\\/12\\\/18\\\/capodanno-2026-eccellenza-e-benessere-sul-lago-di-lugano\\\/#primaryimage\"},\"thumbnailUrl\":\"https:\\\/\\\/www.bellunopress.it\\\/wp-content\\\/uploads\\\/2025\\\/12\\\/Capodanno-2026-PARCO-SAN-MARCO-Lugano.jpg\",\"articleSection\":[\"Eventi enogastronomici\",\"Pausa Caff\u00e8\"],\"inLanguage\":\"fr-FR\"},{\"@type\":\"WebPage\",\"@id\":\"https:\\\/\\\/www.bellunopress.it\\\/2025\\\/12\\\/18\\\/capodanno-2026-eccellenza-e-benessere-sul-lago-di-lugano\\\/\",\"url\":\"https:\\\/\\\/www.bellunopress.it\\\/2025\\\/12\\\/18\\\/capodanno-2026-eccellenza-e-benessere-sul-lago-di-lugano\\\/\",\"name\":\"Capodanno 2026: eccellenza e benessere sul lago di Lugano - Bellunopress - Dolomiti\",\"isPartOf\":{\"@id\":\"https:\\\/\\\/www.bellunopress.it\\\/#website\"},\"primaryImageOfPage\":{\"@id\":\"https:\\\/\\\/www.bellunopress.it\\\/2025\\\/12\\\/18\\\/capodanno-2026-eccellenza-e-benessere-sul-lago-di-lugano\\\/#primaryimage\"},\"image\":{\"@id\":\"https:\\\/\\\/www.bellunopress.it\\\/2025\\\/12\\\/18\\\/capodanno-2026-eccellenza-e-benessere-sul-lago-di-lugano\\\/#primaryimage\"},\"thumbnailUrl\":\"https:\\\/\\\/www.bellunopress.it\\\/wp-content\\\/uploads\\\/2025\\\/12\\\/Capodanno-2026-PARCO-SAN-MARCO-Lugano.jpg\",\"datePublished\":\"2025-12-18T16:59:57+00:00\",\"dateModified\":\"2025-12-18T17:00:50+00:00\",\"breadcrumb\":{\"@id\":\"https:\\\/\\\/www.bellunopress.it\\\/2025\\\/12\\\/18\\\/capodanno-2026-eccellenza-e-benessere-sul-lago-di-lugano\\\/#breadcrumb\"},\"inLanguage\":\"fr-FR\",\"potentialAction\":[{\"@type\":\"ReadAction\",\"target\":[\"https:\\\/\\\/www.bellunopress.it\\\/2025\\\/12\\\/18\\\/capodanno-2026-eccellenza-e-benessere-sul-lago-di-lugano\\\/\"]}]},{\"@type\":\"ImageObject\",\"inLanguage\":\"fr-FR\",\"@id\":\"https:\\\/\\\/www.bellunopress.it\\\/2025\\\/12\\\/18\\\/capodanno-2026-eccellenza-e-benessere-sul-lago-di-lugano\\\/#primaryimage\",\"url\":\"https:\\\/\\\/www.bellunopress.it\\\/wp-content\\\/uploads\\\/2025\\\/12\\\/Capodanno-2026-PARCO-SAN-MARCO-Lugano.jpg\",\"contentUrl\":\"https:\\\/\\\/www.bellunopress.it\\\/wp-content\\\/uploads\\\/2025\\\/12\\\/Capodanno-2026-PARCO-SAN-MARCO-Lugano.jpg\",\"width\":500,\"height\":331},{\"@type\":\"BreadcrumbList\",\"@id\":\"https:\\\/\\\/www.bellunopress.it\\\/2025\\\/12\\\/18\\\/capodanno-2026-eccellenza-e-benessere-sul-lago-di-lugano\\\/#breadcrumb\",\"itemListElement\":[{\"@type\":\"ListItem\",\"position\":1,\"name\":\"Home\",\"item\":\"https:\\\/\\\/www.bellunopress.it\\\/\"},{\"@type\":\"ListItem\",\"position\":2,\"name\":\"Capodanno 2026: eccellenza e benessere sul lago di Lugano\"}]},{\"@type\":\"WebSite\",\"@id\":\"https:\\\/\\\/www.bellunopress.it\\\/#website\",\"url\":\"https:\\\/\\\/www.bellunopress.it\\\/\",\"name\":\"Bellunopress - Dolomiti\",\"description\":\"e-mail: redazione@bellunopress.it\",\"publisher\":{\"@id\":\"https:\\\/\\\/www.bellunopress.it\\\/#organization\"},\"potentialAction\":[{\"@type\":\"SearchAction\",\"target\":{\"@type\":\"EntryPoint\",\"urlTemplate\":\"https:\\\/\\\/www.bellunopress.it\\\/?s={search_term_string}\"},\"query-input\":{\"@type\":\"PropertyValueSpecification\",\"valueRequired\":true,\"valueName\":\"search_term_string\"}}],\"inLanguage\":\"fr-FR\"},{\"@type\":\"Organization\",\"@id\":\"https:\\\/\\\/www.bellunopress.it\\\/#organization\",\"name\":\"Bellunopress\",\"url\":\"https:\\\/\\\/www.bellunopress.it\\\/\",\"logo\":{\"@type\":\"ImageObject\",\"inLanguage\":\"fr-FR\",\"@id\":\"https:\\\/\\\/www.bellunopress.it\\\/#\\\/schema\\\/logo\\\/image\\\/\",\"url\":\"https:\\\/\\\/www.bellunopress.it\\\/wp-content\\\/uploads\\\/2011\\\/05\\\/cropped-logo-bellunopress-.jpg\",\"contentUrl\":\"https:\\\/\\\/www.bellunopress.it\\\/wp-content\\\/uploads\\\/2011\\\/05\\\/cropped-logo-bellunopress-.jpg\",\"width\":512,\"height\":512,\"caption\":\"Bellunopress\"},\"image\":{\"@id\":\"https:\\\/\\\/www.bellunopress.it\\\/#\\\/schema\\\/logo\\\/image\\\/\"},\"sameAs\":[\"https:\\\/\\\/www.facebook.com\\\/profile.php?id=100008943462799\",\"https:\\\/\\\/x.com\\\/bellunopress\",\"https:\\\/\\\/www.linkedin.com\\\/hp\\\/?dnr=JBzUWaJfMUw8vbXJJ2tVW5-I3jZKvC4wsoxE&amp;amp;amp;amp;amp;amp;trk=nav_responsive_tab_home\",\"https:\\\/\\\/www.youtube.com\\\/channel\\\/UCxL0wu1uN0_3_7hGG0306cw\"]},{\"@type\":\"Person\",\"@id\":\"https:\\\/\\\/www.bellunopress.it\\\/#\\\/schema\\\/person\\\/79bb06722b37ece1c03d3e94beb30d73\",\"name\":\"redazione\",\"image\":{\"@type\":\"ImageObject\",\"inLanguage\":\"fr-FR\",\"@id\":\"https:\\\/\\\/secure.gravatar.com\\\/avatar\\\/37d968a2e67a6fd04c169c4bdef102d0bc5d31b2546345219e348575eb80e9a0?s=96&d=mm&r=g\",\"url\":\"https:\\\/\\\/secure.gravatar.com\\\/avatar\\\/37d968a2e67a6fd04c169c4bdef102d0bc5d31b2546345219e348575eb80e9a0?s=96&d=mm&r=g\",\"contentUrl\":\"https:\\\/\\\/secure.gravatar.com\\\/avatar\\\/37d968a2e67a6fd04c169c4bdef102d0bc5d31b2546345219e348575eb80e9a0?s=96&d=mm&r=g\",\"caption\":\"redazione\"},\"sameAs\":[\"http:\\\/\\\/www.bellunopress.it\",\"https:\\\/\\\/x.com\\\/bellunopress\"],\"url\":\"https:\\\/\\\/www.bellunopress.it\\\/fr\\\/author\\\/redazione\\\/\"}]}<\/script>\n<!-- \/ Yoast SEO plugin. -->","yoast_head_json":{"title":"Capodanno 2026: eccellenza e benessere sul lago di Lugano - Bellunopress - Dolomiti","robots":{"index":"index","follow":"follow","max-snippet":"max-snippet:-1","max-image-preview":"max-image-preview:large","max-video-preview":"max-video-preview:-1"},"canonical":"https:\/\/www.bellunopress.it\/fr\/2025\/12\/18\/capodanno-2026-eccellenza-e-benessere-sul-lago-di-lugano\/","og_locale":"fr_FR","og_type":"article","og_title":"Capodanno 2026: eccellenza e benessere sul lago di Lugano - Bellunopress - Dolomiti","og_description":"Parco San Marco Hotels &amp; Beach Resort guarda al 2026 dopo una stagione di successi Lago di Lugano, 17 dicembre 2025 \u2013 Si \u00e8 conclusa lo scorso 2 novembre una stagione straordinaria per il Parco San Marco Hotels &amp; Beach Resort. Il rinomato rifugio situato sulle incantevoli rive del Lago di Lugano celebra un altro [&hellip;]","og_url":"https:\/\/www.bellunopress.it\/fr\/2025\/12\/18\/capodanno-2026-eccellenza-e-benessere-sul-lago-di-lugano\/","og_site_name":"Bellunopress - Dolomiti","article_publisher":"https:\/\/www.facebook.com\/profile.php?id=100008943462799","article_published_time":"2025-12-18T16:59:57+00:00","article_modified_time":"2025-12-18T17:00:50+00:00","og_image":[{"width":500,"height":331,"url":"https:\/\/www.bellunopress.it\/wp-content\/uploads\/2025\/12\/Capodanno-2026-PARCO-SAN-MARCO-Lugano.jpg","type":"image\/jpeg"}],"author":"redazione","twitter_card":"summary_large_image","twitter_creator":"@bellunopress","twitter_site":"@bellunopress","twitter_misc":{"\u00c9crit par":"redazione","Dur\u00e9e de lecture estim\u00e9e":"2 minutes"},"schema":{"@context":"https:\/\/schema.org","@graph":[{"@type":"Article","@id":"https:\/\/www.bellunopress.it\/2025\/12\/18\/capodanno-2026-eccellenza-e-benessere-sul-lago-di-lugano\/#article","isPartOf":{"@id":"https:\/\/www.bellunopress.it\/2025\/12\/18\/capodanno-2026-eccellenza-e-benessere-sul-lago-di-lugano\/"},"author":{"name":"redazione","@id":"https:\/\/www.bellunopress.it\/#\/schema\/person\/79bb06722b37ece1c03d3e94beb30d73"},"headline":"Capodanno 2026: eccellenza e benessere sul lago di Lugano","datePublished":"2025-12-18T16:59:57+00:00","dateModified":"2025-12-18T17:00:50+00:00","mainEntityOfPage":{"@id":"https:\/\/www.bellunopress.it\/2025\/12\/18\/capodanno-2026-eccellenza-e-benessere-sul-lago-di-lugano\/"},"wordCount":411,"publisher":{"@id":"https:\/\/www.bellunopress.it\/#organization"},"image":{"@id":"https:\/\/www.bellunopress.it\/2025\/12\/18\/capodanno-2026-eccellenza-e-benessere-sul-lago-di-lugano\/#primaryimage"},"thumbnailUrl":"https:\/\/www.bellunopress.it\/wp-content\/uploads\/2025\/12\/Capodanno-2026-PARCO-SAN-MARCO-Lugano.jpg","articleSection":["Eventi enogastronomici","Pausa Caff\u00e8"],"inLanguage":"fr-FR"},{"@type":"WebPage","@id":"https:\/\/www.bellunopress.it\/2025\/12\/18\/capodanno-2026-eccellenza-e-benessere-sul-lago-di-lugano\/","url":"https:\/\/www.bellunopress.it\/2025\/12\/18\/capodanno-2026-eccellenza-e-benessere-sul-lago-di-lugano\/","name":"Capodanno 2026: eccellenza e benessere sul lago di Lugano - Bellunopress - Dolomiti","isPartOf":{"@id":"https:\/\/www.bellunopress.it\/#website"},"primaryImageOfPage":{"@id":"https:\/\/www.bellunopress.it\/2025\/12\/18\/capodanno-2026-eccellenza-e-benessere-sul-lago-di-lugano\/#primaryimage"},"image":{"@id":"https:\/\/www.bellunopress.it\/2025\/12\/18\/capodanno-2026-eccellenza-e-benessere-sul-lago-di-lugano\/#primaryimage"},"thumbnailUrl":"https:\/\/www.bellunopress.it\/wp-content\/uploads\/2025\/12\/Capodanno-2026-PARCO-SAN-MARCO-Lugano.jpg","datePublished":"2025-12-18T16:59:57+00:00","dateModified":"2025-12-18T17:00:50+00:00","breadcrumb":{"@id":"https:\/\/www.bellunopress.it\/2025\/12\/18\/capodanno-2026-eccellenza-e-benessere-sul-lago-di-lugano\/#breadcrumb"},"inLanguage":"fr-FR","potentialAction":[{"@type":"ReadAction","target":["https:\/\/www.bellunopress.it\/2025\/12\/18\/capodanno-2026-eccellenza-e-benessere-sul-lago-di-lugano\/"]}]},{"@type":"ImageObject","inLanguage":"fr-FR","@id":"https:\/\/www.bellunopress.it\/2025\/12\/18\/capodanno-2026-eccellenza-e-benessere-sul-lago-di-lugano\/#primaryimage","url":"https:\/\/www.bellunopress.it\/wp-content\/uploads\/2025\/12\/Capodanno-2026-PARCO-SAN-MARCO-Lugano.jpg","contentUrl":"https:\/\/www.bellunopress.it\/wp-content\/uploads\/2025\/12\/Capodanno-2026-PARCO-SAN-MARCO-Lugano.jpg","width":500,"height":331},{"@type":"BreadcrumbList","@id":"https:\/\/www.bellunopress.it\/2025\/12\/18\/capodanno-2026-eccellenza-e-benessere-sul-lago-di-lugano\/#breadcrumb","itemListElement":[{"@type":"ListItem","position":1,"name":"Home","item":"https:\/\/www.bellunopress.it\/"},{"@type":"ListItem","position":2,"name":"Capodanno 2026: eccellenza e benessere sul lago di Lugano"}]},{"@type":"WebSite","@id":"https:\/\/www.bellunopress.it\/#website","url":"https:\/\/www.bellunopress.it\/","name":"Bellunopress - Dolomiti","description":"e-mail: redazione@bellunopress.it","publisher":{"@id":"https:\/\/www.bellunopress.it\/#organization"},"potentialAction":[{"@type":"SearchAction","target":{"@type":"EntryPoint","urlTemplate":"https:\/\/www.bellunopress.it\/?s={search_term_string}"},"query-input":{"@type":"PropertyValueSpecification","valueRequired":true,"valueName":"search_term_string"}}],"inLanguage":"fr-FR"},{"@type":"Organization","@id":"https:\/\/www.bellunopress.it\/#organization","name":"Bellunopress","url":"https:\/\/www.bellunopress.it\/","logo":{"@type":"ImageObject","inLanguage":"fr-FR","@id":"https:\/\/www.bellunopress.it\/#\/schema\/logo\/image\/","url":"https:\/\/www.bellunopress.it\/wp-content\/uploads\/2011\/05\/cropped-logo-bellunopress-.jpg","contentUrl":"https:\/\/www.bellunopress.it\/wp-content\/uploads\/2011\/05\/cropped-logo-bellunopress-.jpg","width":512,"height":512,"caption":"Bellunopress"},"image":{"@id":"https:\/\/www.bellunopress.it\/#\/schema\/logo\/image\/"},"sameAs":["https:\/\/www.facebook.com\/profile.php?id=100008943462799","https:\/\/x.com\/bellunopress","https:\/\/www.linkedin.com\/hp\/?dnr=JBzUWaJfMUw8vbXJJ2tVW5-I3jZKvC4wsoxE&amp;amp;amp;amp;amp;amp;trk=nav_responsive_tab_home","https:\/\/www.youtube.com\/channel\/UCxL0wu1uN0_3_7hGG0306cw"]},{"@type":"Person","@id":"https:\/\/www.bellunopress.it\/#\/schema\/person\/79bb06722b37ece1c03d3e94beb30d73","name":"r\u00e9daction","image":{"@type":"ImageObject","inLanguage":"fr-FR","@id":"https:\/\/secure.gravatar.com\/avatar\/37d968a2e67a6fd04c169c4bdef102d0bc5d31b2546345219e348575eb80e9a0?s=96&d=mm&r=g","url":"https:\/\/secure.gravatar.com\/avatar\/37d968a2e67a6fd04c169c4bdef102d0bc5d31b2546345219e348575eb80e9a0?s=96&d=mm&r=g","contentUrl":"https:\/\/secure.gravatar.com\/avatar\/37d968a2e67a6fd04c169c4bdef102d0bc5d31b2546345219e348575eb80e9a0?s=96&d=mm&r=g","caption":"redazione"},"sameAs":["http:\/\/www.bellunopress.it","https:\/\/x.com\/bellunopress"],"url":"https:\/\/www.bellunopress.it\/fr\/author\/redazione\/"}]}},"_links":{"self":[{"href":"https:\/\/www.bellunopress.it\/fr\/wp-json\/wp\/v2\/posts\/165879","targetHints":{"allow":["GET"]}}],"collection":[{"href":"https:\/\/www.bellunopress.it\/fr\/wp-json\/wp\/v2\/posts"}],"about":[{"href":"https:\/\/www.bellunopress.it\/fr\/wp-json\/wp\/v2\/types\/post"}],"author":[{"embeddable":true,"href":"https:\/\/www.bellunopress.it\/fr\/wp-json\/wp\/v2\/users\/2"}],"replies":[{"embeddable":true,"href":"https:\/\/www.bellunopress.it\/fr\/wp-json\/wp\/v2\/comments?post=165879"}],"version-history":[{"count":2,"href":"https:\/\/www.bellunopress.it\/fr\/wp-json\/wp\/v2\/posts\/165879\/revisions"}],"predecessor-version":[{"id":165882,"href":"https:\/\/www.bellunopress.it\/fr\/wp-json\/wp\/v2\/posts\/165879\/revisions\/165882"}],"wp:featuredmedia":[{"embeddable":true,"href":"https:\/\/www.bellunopress.it\/fr\/wp-json\/wp\/v2\/media\/165880"}],"wp:attachment":[{"href":"https:\/\/www.bellunopress.it\/fr\/wp-json\/wp\/v2\/media?parent=165879"}],"wp:term":[{"taxonomy":"category","embeddable":true,"href":"https:\/\/www.bellunopress.it\/fr\/wp-json\/wp\/v2\/categories?post=165879"},{"taxonomy":"post_tag","embeddable":true,"href":"https:\/\/www.bellunopress.it\/fr\/wp-json\/wp\/v2\/tags?post=165879"}],"curies":[{"name":"wp","href":"https:\/\/api.w.org\/{rel}","templated":true}]}}